{"id":1600938,"date":"2022-06-09T13:54:25","date_gmt":"2022-06-09T12:54:25","guid":{"rendered":"https:\/\/www.pressenza.com\/?p=1600938"},"modified":"2022-06-09T13:54:25","modified_gmt":"2022-06-09T12:54:25","slug":"oxfam-emergency-30-mila-vittime-per-covid-al-giorno-mentre-i-vaccini-restano-per-pochi","status":"publish","type":"post","link":"https:\/\/www.pressenza.com\/it\/2022\/06\/oxfam-emergency-30-mila-vittime-per-covid-al-giorno-mentre-i-vaccini-restano-per-pochi\/","title":{"rendered":"Oxfam\/Emergency: \u201c30 mila vittime per covid al giorno, mentre i vaccini restano per pochi\u201d"},"content":{"rendered":"<p><strong>17,5 milioni vittime della pandemia nel mondo da quando l\u2019Organizzazione Mondiale del Commercio ha iniziato il dibattito, 20 mesi fa, sulla proposta di sospensione dei brevetti e altri diritti di propriet\u00e0 intellettuale su vaccini, terapie e diagnostica Covid-19, ma ancora nessun vero passo avanti \u00e8 stato fatto<\/strong>.<\/p>\n<p><strong>Il mancato accordo\u00a0<\/strong><strong>su<\/strong><strong>lla proposta presentata da India, Sud Africa e oltre 100 paesi in via di sviluppo, sta minando la credibilit\u00e0 stessa dell\u2019OMC<\/strong><\/p>\n<p><strong>In occasione della nuova riunione in programma a Ginevra, appello urgente per un immediato cambio di rotta, che salvi vite e impedisca di ripiombare nell\u2019incubo di un picco pandemico il prossimo autunno con le nuove varianti del virus<\/strong>.<\/p>\n<p><strong>17,5 milioni di persone sono morte per la pandemia,\u00a0quasi 30 mila al giorno, da quando l\u2019Organizzazione Mondiale del Commercio, 20 mesi fa, ha iniziato a discutere la proposta di sospensione delle regole che tutelano propriet\u00e0 intellettuale di vaccini, terapie e diagnostica Covid-19.\u00a0<\/strong><\/p>\n<p>\u00c8\u00a0l\u2019allarme lanciato da<strong>\u00a0Oxfam e EMERGENCY,\u00a0<\/strong>membri della People&#8217;s Vaccine Alliance, in vista\u00a0<a href=\"https:\/\/www.wto.org\/english\/thewto_e\/minist_e\/mc12_e\/mc12_e.htm\" data-saferedirecturl=\"https:\/\/www.google.com\/url?q=https:\/\/www.wto.org\/english\/thewto_e\/minist_e\/mc12_e\/mc12_e.htm&amp;source=gmail&amp;ust=1654863256302000&amp;usg=AOvVaw1HrsnAGL6UJXQY3fw0ts5n\">dell\u2019incontro dell&#8217;Organizzazione Mondiale del Commercio (OMC), in programma dal 12 al 15 giugno a Ginevra.<\/a><\/p>\n<p><strong>Oltre la met\u00e0 dei decessi causati dal Covid-19 sono avvenuti in paesi a basso e medio reddito<\/strong><\/p>\n<p><em>\u201cLa proposta di sospensione dei diritti di propriet\u00e0 intellettuale sui vaccini, cure e test diagnostici relativi al Covid-19\u00a0<\/em><em>&#8211;\u00a0<\/em><em>avanzata da India e dal Sud Africa nell&#8217;ottobre 2020 e sostenuta da oltre 100 paesi<\/em><em>\u00a0&#8211;<\/em><em>\u00a0consentirebbe ai paesi a basso e medio reddito di produrre questi prodotti sanitari indispensabili per la prevenzione e la cura del Covid-19 a prezzi pi\u00f9 bassi rispetto agli attuali,\u00a0imposti dalle aziende\u00a0farmaceutiche monopoliste\u00a0<\/em>\u2013\u00a0<strong>hanno detto Sara Albiani, policy advisor sulla salute globale di Oxfam Italia e Rossella Miccio, Presidente di EMERGENCY<\/strong>\u00a0\u2013\u00a0<em>Tuttavia, l&#8217;Unione Europea, Regno Unito e Svizzera hanno impedito di raggiungere un accordo che avrebbe potuto salvare innumerevoli vite.<\/em><em>\u00a0Al contrario,\u00a0nonostante almeno la met\u00e0 delle vittime della pandemia siano nei paesi in via di sviluppo (ed \u00e8 un calcolo per difetto!), le richieste avanzate sono state respinte al mittente<\/em><em>, col rischio di arrivare a una soluzione parziale che non risolver\u00e0 il problema\u201d.\u00a0<\/em><\/p>\n<p><strong>In discussione una nuova proposta che porr\u00e0 nuovi ostacoli ai produttori nel Sud del mondo<\/strong><\/p>\n<p>Dopo pi\u00f9 di 18 mesi dalla proposta di sospensione dei diritti di propriet\u00e0 intellettuale,<strong>\u00a0alla prossima riunione dell\u2019Organizzazione Mondiale del Commercio si discuter\u00e0 infatti ancora su\u00a0un documento di compromesso che si allontana molto dall&#8217;idea originale<\/strong>\u00a0e aggiunge\u00a0ulteriori ostacoli per le aziende farmaceutiche nei paesi in via di sviluppo.<\/p>\n<p>In primo luogo,\u00a0<strong>perch\u00e9 riguarda i\u00a0soli vaccini,\u00a0escludendo le terapie e la diagnostica, che sono altrettanto fondamentali per salvare vite e ridurre la mortalit\u00e0.<\/strong><\/p>\n<p><strong>Inoltre perch\u00e9 la proposta si applica solo ai brevetti e non ad altre forme di propriet\u00e0 intellettuale,<\/strong>\u00a0che possono creare barriere legali e normative alla produzione di vaccini (cos\u00ec come di terapie e diagnostica).\u00a0Diritti d&#8217;autore, marchi, segreti commerciali, design industriale e dati non divulgati\u00a0rimarranno una potenziale barriera\u00a0alla produzione a basso costo e l&#8217;accesso a vaccini e altre tecnologie mediche.<\/p>\n<p><em>\u201cMilioni di persone stanno pagando il prezzo dell\u2019ipocrisia dei leader mondiali, che hanno affermato che i vaccini avrebbero dovuto essere un bene pubblico globale, ma hanno lavorato per quasi 2 anni per far deragliare il processo che avrebbe potuto portare a mantenere quella promessa.<\/em>\u00a0\u2013 hanno aggiunto Albiani e Miccio. <em>Con le molteplici crisi che devono essere affrontate a livello globale in questo momento \u00e8 incomprensibile, che si stia ancora discutendo se sia una buona idea o meno mettere in condizione i paesi pi\u00f9 poveri di essere in grado di produrre i propri vaccini, test e trattamenti per questa e per eventuali future pandemie&#8221;.<\/em><\/p>\n<p><strong>Meno di un quinto degli abitanti dell\u2019Africa al momento ha ricevuto un ciclo vaccinale completo<\/strong><\/p>\n<p>Attualmente, meno di un quinto degli africani ha ricevuto un ciclo vaccinale completo. Le strategie usate per promuovere l&#8217;accesso ai vaccini nei paesi a basso reddito si sono basate sulle donazioni.\u00a0Per pi\u00f9 di un anno i vaccini non sono stati disponibili e, una volta iniziate le spedizioni nei paesi poveri, spesso le dosi si sono rivelate inutilizzabili, perch\u00e9 troppo vicine alla scadenza. Minando la fiducia tra l&#8217;UE e i paesi africani, oltre che la capacit\u00e0 dei diversi paesi di pianificare efficaci campagne vaccinali.\u00a0D&#8217;altro canto, terapie e test rimangono ancora un miraggio nei paesi pi\u00f9 poveri.<\/p>\n<p><strong>Nonostante le immani difficolt\u00e0, l\u2019Africa \u00e8 stata pi\u00f9 efficiente di Portogallo e Austria nella somministrazione dei vaccini ricevuti<\/strong><\/p>\n<p>Nonostante le difficolt\u00e0 logistichel\u2019Africa ha somministrato per\u00f2 il 70% delle dosi ricevute, pi\u00f9 di quanto non abbiano fatto paesi europei come Portogallo (68%), Austria (58%), Cipro (69%).\u00a0 Un risultato notevole se si pensa\u00a0che i paesi africani hanno limitati budget sanitari, con una spesa pro-capite 33 volte inferiore a quella dei paesi ad alto reddito.<\/p>\n<p><strong>In gioco la credibilit\u00e0 stessa dell\u2019Organizzazione Mondiale del Commercio\u00a0<\/strong><\/p>\n<p>Oxfam, EMERGENCY e la People\u2019s Vaccine Alliance denunciano quindi come l\u2019attuale stallo all&#8217;OMC sulla sospensione delle regole sulla propriet\u00e0 intellettuale rischi di compromettere i negoziati in corso e la stessa credibilit\u00e0 dell&#8217;organizzazione, soprattutto perch\u00e9 l&#8217;economia globale sta affrontando la prospettiva di una recessione unita all&#8217;aumento dei prezzi di cibo e carburante.<\/p>\n<p><strong><em>\u201c<\/em><\/strong><em>L\u2019UE di fatto rimane sorda agli appelli dell\u2019Africa, che chiede una sospensione dei diritti di propriet\u00e0 intellettuale\u00a0<\/em>\u2013 continuano Albiani e Miccio &#8211;\u00a0<em>Asseconda gli interessi dell\u2019industria farmaceutica, senza mostrare la flessibilit\u00e0 necessaria a ricostituire un senso di fiducia in tempi di crisi tanto drammatici<\/em><em>\u201d.<\/em><\/p>\n<p><strong>Il rischio che l\u2019apartheid vaccinale si riproponga per il contrasto delle nuove varianti il prossimo autunno<\/strong><\/p>\n<p>L\u2019attuale apartheid vaccinale rischia peraltro di replicarsi con la prossima generazione di vaccini o terapie anti Covid-19, sancendo un precedente pericolosissimo per le prossime pandemie.<\/p>\n<p>\u201c<em>Perch\u00e9 mai i paesi a basso reddito dovrebbero accettare di fronteggiare le nuove varianti con vaccini di vecchia generazione? \u2013<\/em>\u00a0concludono Albiani e Miccio. \u201c<em>Perch\u00e9<\/em> r<em>assegnarsi all\u2019idea che i paesi ricchi facciano di nuovo incetta delle dosi capaci di contrastare nuove varianti? Non serve carit\u00e0, ma riconoscimento\u00a0dei diritti. Chiediamo ai governi di fare la cosa giusta, sospendendo le regole della propriet\u00e0 intellettuale su vaccini e trattamenti per questa pandemia e quelle che dovremo affrontare in futuro\u201d.<\/em><\/p>\n<p><strong>NOTE:\u00a0<\/strong><\/p>\n<ul>\n<li>Il numero di morti da Covid-19 \u00e8 tratto da\u00a0<u>Economist&#8217;s excess death model<\/u>. Sud Africa e India hanno proposto la sospensione delle regole sulla propriet\u00e0 intellettuale all\u2019OMC il 15 ottobre 2020.\u00a0Nei 597 giorni da allora (fino al 4 giugno 2022) si stima che siano morte 17.543.563 persone.<\/li>\n<li>La percentuale di dosi somministrate in Portogallo, Austria e Cipro si basa sul totale somministrato secondo Our World in Data, diviso per le consegne totali (meno le dosi che sono state poi donate) secondo\u00a0<u>EU\u2019s Centre for Disease Prevention and Control<\/u>.\u00a0L\u2019<a href=\"https:\/\/africacdc.org\/covid-19-vaccination\/\">African CDC<\/a>\u00a0registra invece il 70.4% per il continente africano.<\/li>\n<li>Secondo il Global Health Expenditure Database dell&#8217;OMS, i paesi africani spendono in media 68 dollari USA pro-capite in sanit\u00e0, rispetto ai paesi ad alto reddito che spendono 2.239 dollari USA. Ci\u00f2 si basa sulla spesa pubblica e sulla spesa in conto capitale nel 2019 in dollari USA.<\/li>\n<li>La nuova proposta \u00e8 stata presentata dal segretariato dell&#8217;OMC dopo le discussioni tra i cosiddetti paesi Quad, composti da Unione Europea, Stati Uniti, Sud Africa e India. Solo l&#8217;Ue ha accettato il testo. Si concentra solo sui vaccini Covid-19 e non sui trattamenti. Include nuovi ostacoli alla produzione di vaccini. Esistono anche misure per impedire ai paesi a basso reddito di condividere le dosi inutilizzate tra loro.<\/li>\n<li>Secondo il rapporto di Oxfam\u00a0<a href=\"https:\/\/www.oxfam.org\/en\/research\/pandemic-greed\">Pandemic of Greed<\/a>: oltre la met\u00e0 (54%) di tutti i decessi causati da Covid-19 si sono verificati in paesi a basso e basso-medio reddito.<\/li>\n<\/ul>\n<p>&nbsp;<\/p>\n","protected":false},"excerpt":{"rendered":"<p>17,5 milioni vittime della pandemia nel mondo da quando l\u2019Organizzazione Mondiale del Commercio ha iniziato il dibattito, 20 mesi fa, sulla proposta di sospensione dei brevetti e altri diritti di propriet\u00e0 intellettuale su vaccini, terapie e diagnostica Covid-19, ma ancora&hellip;<\/p>\n","protected":false},"author":598,"featured_media":1600939,"comment_status":"closed","ping_status":"closed","sticky":false,"template":"","format":"standard","meta":{"footnotes":""},"categories":[150,38,1259],"tags":[102633,64702,9022,71543,82632,71879],"class_list":["post-1600938","post","type-post","status-publish","format-standard","has-post-thumbnail","hentry","category-comunicati-stampa","category-internazionale","category-salute-argomento","tag-apartheid-vaccinale","tag-big-pharma-it","tag-brevetti","tag-covid-19","tag-organizzazione-mondiale-del-commercio","tag-paesi-poveri"],"yoast_head":"<!-- This site is optimized with the Yoast SEO plugin v27.1.1 - https:\/\/yoast.com\/product\/yoast-seo-wordpress\/ -->\n<title>Oxfam\/Emergency: \u201c30 mila vittime per covid al giorno, mentre i vaccini restano per pochi\u201d<\/title>\n<meta name=\"description\" content=\"17,5 milioni vittime della pandemia nel mondo da quando l\u2019Organizzazione Mondiale del Commercio ha iniziato il dibattito, 20 mesi fa, sulla proposta di\" \/>\n<meta name=\"robots\" content=\"index, follow, max-snippet:-1, max-image-preview:large, max-video-preview:-1\" \/>\n<link rel=\"canonical\" href=\"https:\/\/www.pressenza.com\/it\/2022\/06\/oxfam-emergency-30-mila-vittime-per-covid-al-giorno-mentre-i-vaccini-restano-per-pochi\/\" \/>\n<meta property=\"og:locale\" content=\"it_IT\" \/>\n<meta property=\"og:type\" content=\"article\" \/>\n<meta property=\"og:title\" content=\"Oxfam\/Emergency: \u201c30 mila vittime per covid al giorno, mentre i vaccini restano per pochi\u201d\" \/>\n<meta property=\"og:description\" content=\"17,5 milioni vittime della pandemia nel mondo da quando l\u2019Organizzazione Mondiale del Commercio ha iniziato il dibattito, 20 mesi fa, sulla proposta di\" \/>\n<meta property=\"og:url\" content=\"https:\/\/www.pressenza.com\/it\/2022\/06\/oxfam-emergency-30-mila-vittime-per-covid-al-giorno-mentre-i-vaccini-restano-per-pochi\/\" \/>\n<meta property=\"og:site_name\" content=\"Pressenza\" \/>\n<meta property=\"article:publisher\" content=\"https:\/\/www.facebook.com\/PressenzaItalia\" \/>\n<meta property=\"article:published_time\" content=\"2022-06-09T12:54:25+00:00\" \/>\n<meta property=\"og:image\" content=\"https:\/\/www.pressenza.com\/wp-content\/uploads\/2022\/06\/diseguaglianze-vaccini-Articolo-21.jpg\" \/>\n\t<meta property=\"og:image:width\" content=\"1000\" \/>\n\t<meta property=\"og:image:height\" content=\"664\" \/>\n\t<meta property=\"og:image:type\" content=\"image\/jpeg\" \/>\n<meta name=\"author\" content=\"Emergency\" \/>\n<meta name=\"twitter:card\" content=\"summary_large_image\" \/>\n<meta name=\"twitter:creator\" content=\"@PressenzaIPA\" \/>\n<meta name=\"twitter:site\" content=\"@PressenzaIPA\" \/>\n<meta name=\"twitter:label1\" content=\"Scritto da\" \/>\n\t<meta name=\"twitter:data1\" content=\"Emergency\" \/>\n\t<meta name=\"twitter:label2\" content=\"Tempo di lettura stimato\" \/>\n\t<meta name=\"twitter:data2\" content=\"6 minuti\" \/>\n<script type=\"application\/ld+json\" class=\"yoast-schema-graph\">{\"@context\":\"https:\/\/schema.org\",\"@graph\":[{\"@type\":\"Article\",\"@id\":\"https:\/\/www.pressenza.com\/it\/2022\/06\/oxfam-emergency-30-mila-vittime-per-covid-al-giorno-mentre-i-vaccini-restano-per-pochi\/#article\",\"isPartOf\":{\"@id\":\"https:\/\/www.pressenza.com\/it\/2022\/06\/oxfam-emergency-30-mila-vittime-per-covid-al-giorno-mentre-i-vaccini-restano-per-pochi\/\"},\"author\":{\"name\":\"Emergency\",\"@id\":\"https:\/\/www.pressenza.com\/it\/#\/schema\/person\/f8fdc61e3c9c244cd96a553e620bdfcf\"},\"headline\":\"Oxfam\/Emergency: \u201c30 mila vittime per covid al giorno, mentre i vaccini restano per pochi\u201d\",\"datePublished\":\"2022-06-09T12:54:25+00:00\",\"mainEntityOfPage\":{\"@id\":\"https:\/\/www.pressenza.com\/it\/2022\/06\/oxfam-emergency-30-mila-vittime-per-covid-al-giorno-mentre-i-vaccini-restano-per-pochi\/\"},\"wordCount\":1274,\"publisher\":{\"@id\":\"https:\/\/www.pressenza.com\/it\/#organization\"},\"image\":{\"@id\":\"https:\/\/www.pressenza.com\/it\/2022\/06\/oxfam-emergency-30-mila-vittime-per-covid-al-giorno-mentre-i-vaccini-restano-per-pochi\/#primaryimage\"},\"thumbnailUrl\":\"https:\/\/www.pressenza.com\/wp-content\/uploads\/2022\/06\/diseguaglianze-vaccini-Articolo-21.jpg\",\"keywords\":[\"apartheid vaccinale\",\"Big-pharma\",\"brevetti\",\"COVID-19\",\"Organizzazione Mondiale del Commercio\",\"paesi poveri\"],\"articleSection\":[\"Comunicati Stampa\",\"Internazionale\",\"Salute\"],\"inLanguage\":\"it-IT\"},{\"@type\":\"WebPage\",\"@id\":\"https:\/\/www.pressenza.com\/it\/2022\/06\/oxfam-emergency-30-mila-vittime-per-covid-al-giorno-mentre-i-vaccini-restano-per-pochi\/\",\"url\":\"https:\/\/www.pressenza.com\/it\/2022\/06\/oxfam-emergency-30-mila-vittime-per-covid-al-giorno-mentre-i-vaccini-restano-per-pochi\/\",\"name\":\"Oxfam\/Emergency: \u201c30 mila vittime per covid al giorno, mentre i vaccini restano per pochi\u201d\",\"isPartOf\":{\"@id\":\"https:\/\/www.pressenza.com\/it\/#website\"},\"primaryImageOfPage\":{\"@id\":\"https:\/\/www.pressenza.com\/it\/2022\/06\/oxfam-emergency-30-mila-vittime-per-covid-al-giorno-mentre-i-vaccini-restano-per-pochi\/#primaryimage\"},\"image\":{\"@id\":\"https:\/\/www.pressenza.com\/it\/2022\/06\/oxfam-emergency-30-mila-vittime-per-covid-al-giorno-mentre-i-vaccini-restano-per-pochi\/#primaryimage\"},\"thumbnailUrl\":\"https:\/\/www.pressenza.com\/wp-content\/uploads\/2022\/06\/diseguaglianze-vaccini-Articolo-21.jpg\",\"datePublished\":\"2022-06-09T12:54:25+00:00\",\"description\":\"17,5 milioni vittime della pandemia nel mondo da quando l\u2019Organizzazione Mondiale del Commercio ha iniziato il dibattito, 20 mesi fa, sulla proposta di\",\"breadcrumb\":{\"@id\":\"https:\/\/www.pressenza.com\/it\/2022\/06\/oxfam-emergency-30-mila-vittime-per-covid-al-giorno-mentre-i-vaccini-restano-per-pochi\/#breadcrumb\"},\"inLanguage\":\"it-IT\",\"potentialAction\":[{\"@type\":\"ReadAction\",\"target\":[\"https:\/\/www.pressenza.com\/it\/2022\/06\/oxfam-emergency-30-mila-vittime-per-covid-al-giorno-mentre-i-vaccini-restano-per-pochi\/\"]}]},{\"@type\":\"ImageObject\",\"inLanguage\":\"it-IT\",\"@id\":\"https:\/\/www.pressenza.com\/it\/2022\/06\/oxfam-emergency-30-mila-vittime-per-covid-al-giorno-mentre-i-vaccini-restano-per-pochi\/#primaryimage\",\"url\":\"https:\/\/www.pressenza.com\/wp-content\/uploads\/2022\/06\/diseguaglianze-vaccini-Articolo-21.jpg\",\"contentUrl\":\"https:\/\/www.pressenza.com\/wp-content\/uploads\/2022\/06\/diseguaglianze-vaccini-Articolo-21.jpg\",\"width\":1000,\"height\":664},{\"@type\":\"BreadcrumbList\",\"@id\":\"https:\/\/www.pressenza.com\/it\/2022\/06\/oxfam-emergency-30-mila-vittime-per-covid-al-giorno-mentre-i-vaccini-restano-per-pochi\/#breadcrumb\",\"itemListElement\":[{\"@type\":\"ListItem\",\"position\":1,\"name\":\"Accueil\",\"item\":\"https:\/\/www.pressenza.com\/it\/\"},{\"@type\":\"ListItem\",\"position\":2,\"name\":\"Oxfam\/Emergency: \u201c30 mila vittime per covid al giorno, mentre i vaccini restano per pochi\u201d\"}]},{\"@type\":\"WebSite\",\"@id\":\"https:\/\/www.pressenza.com\/it\/#website\",\"url\":\"https:\/\/www.pressenza.com\/it\/\",\"name\":\"Pressenza\",\"description\":\"Agenzia di Stampa Internazionale\",\"publisher\":{\"@id\":\"https:\/\/www.pressenza.com\/it\/#organization\"},\"potentialAction\":[{\"@type\":\"SearchAction\",\"target\":{\"@type\":\"EntryPoint\",\"urlTemplate\":\"https:\/\/www.pressenza.com\/it\/?s={search_term_string}\"},\"query-input\":{\"@type\":\"PropertyValueSpecification\",\"valueRequired\":true,\"valueName\":\"search_term_string\"}}],\"inLanguage\":\"it-IT\"},{\"@type\":\"Organization\",\"@id\":\"https:\/\/www.pressenza.com\/it\/#organization\",\"name\":\"Pressenza\",\"url\":\"https:\/\/www.pressenza.com\/it\/\",\"logo\":{\"@type\":\"ImageObject\",\"inLanguage\":\"it-IT\",\"@id\":\"https:\/\/www.pressenza.com\/it\/#\/schema\/logo\/image\/\",\"url\":\"https:\/\/www.pressenza.com\/wp-content\/uploads\/2022\/10\/pressenza_logo_200x200.jpg\",\"contentUrl\":\"https:\/\/www.pressenza.com\/wp-content\/uploads\/2022\/10\/pressenza_logo_200x200.jpg\",\"width\":200,\"height\":200,\"caption\":\"Pressenza\"},\"image\":{\"@id\":\"https:\/\/www.pressenza.com\/it\/#\/schema\/logo\/image\/\"},\"sameAs\":[\"https:\/\/www.facebook.com\/PressenzaItalia\",\"https:\/\/x.com\/PressenzaIPA\"]},{\"@type\":\"Person\",\"@id\":\"https:\/\/www.pressenza.com\/it\/#\/schema\/person\/f8fdc61e3c9c244cd96a553e620bdfcf\",\"name\":\"Emergency\",\"description\":\"www.emergency.it\",\"url\":\"https:\/\/www.pressenza.com\/it\/author\/emergency\/\"}]}<\/script>\n<!-- \/ Yoast SEO plugin. -->","yoast_head_json":{"title":"Oxfam\/Emergency: \u201c30 mila vittime per covid al giorno, mentre i vaccini restano per pochi\u201d","description":"17,5 milioni vittime della pandemia nel mondo da quando l\u2019Organizzazione Mondiale del Commercio ha iniziato il dibattito, 20 mesi fa, sulla proposta di","robots":{"index":"index","follow":"follow","max-snippet":"max-snippet:-1","max-image-preview":"max-image-preview:large","max-video-preview":"max-video-preview:-1"},"canonical":"https:\/\/www.pressenza.com\/it\/2022\/06\/oxfam-emergency-30-mila-vittime-per-covid-al-giorno-mentre-i-vaccini-restano-per-pochi\/","og_locale":"it_IT","og_type":"article","og_title":"Oxfam\/Emergency: \u201c30 mila vittime per covid al giorno, mentre i vaccini restano per pochi\u201d","og_description":"17,5 milioni vittime della pandemia nel mondo da quando l\u2019Organizzazione Mondiale del Commercio ha iniziato il dibattito, 20 mesi fa, sulla proposta di","og_url":"https:\/\/www.pressenza.com\/it\/2022\/06\/oxfam-emergency-30-mila-vittime-per-covid-al-giorno-mentre-i-vaccini-restano-per-pochi\/","og_site_name":"Pressenza","article_publisher":"https:\/\/www.facebook.com\/PressenzaItalia","article_published_time":"2022-06-09T12:54:25+00:00","og_image":[{"width":1000,"height":664,"url":"https:\/\/www.pressenza.com\/wp-content\/uploads\/2022\/06\/diseguaglianze-vaccini-Articolo-21.jpg","type":"image\/jpeg"}],"author":"Emergency","twitter_card":"summary_large_image","twitter_creator":"@PressenzaIPA","twitter_site":"@PressenzaIPA","twitter_misc":{"Scritto da":"Emergency","Tempo di lettura stimato":"6 minuti"},"schema":{"@context":"https:\/\/schema.org","@graph":[{"@type":"Article","@id":"https:\/\/www.pressenza.com\/it\/2022\/06\/oxfam-emergency-30-mila-vittime-per-covid-al-giorno-mentre-i-vaccini-restano-per-pochi\/#article","isPartOf":{"@id":"https:\/\/www.pressenza.com\/it\/2022\/06\/oxfam-emergency-30-mila-vittime-per-covid-al-giorno-mentre-i-vaccini-restano-per-pochi\/"},"author":{"name":"Emergency","@id":"https:\/\/www.pressenza.com\/it\/#\/schema\/person\/f8fdc61e3c9c244cd96a553e620bdfcf"},"headline":"Oxfam\/Emergency: \u201c30 mila vittime per covid al giorno, mentre i vaccini restano per pochi\u201d","datePublished":"2022-06-09T12:54:25+00:00","mainEntityOfPage":{"@id":"https:\/\/www.pressenza.com\/it\/2022\/06\/oxfam-emergency-30-mila-vittime-per-covid-al-giorno-mentre-i-vaccini-restano-per-pochi\/"},"wordCount":1274,"publisher":{"@id":"https:\/\/www.pressenza.com\/it\/#organization"},"image":{"@id":"https:\/\/www.pressenza.com\/it\/2022\/06\/oxfam-emergency-30-mila-vittime-per-covid-al-giorno-mentre-i-vaccini-restano-per-pochi\/#primaryimage"},"thumbnailUrl":"https:\/\/www.pressenza.com\/wp-content\/uploads\/2022\/06\/diseguaglianze-vaccini-Articolo-21.jpg","keywords":["apartheid vaccinale","Big-pharma","brevetti","COVID-19","Organizzazione Mondiale del Commercio","paesi poveri"],"articleSection":["Comunicati Stampa","Internazionale","Salute"],"inLanguage":"it-IT"},{"@type":"WebPage","@id":"https:\/\/www.pressenza.com\/it\/2022\/06\/oxfam-emergency-30-mila-vittime-per-covid-al-giorno-mentre-i-vaccini-restano-per-pochi\/","url":"https:\/\/www.pressenza.com\/it\/2022\/06\/oxfam-emergency-30-mila-vittime-per-covid-al-giorno-mentre-i-vaccini-restano-per-pochi\/","name":"Oxfam\/Emergency: \u201c30 mila vittime per covid al giorno, mentre i vaccini restano per pochi\u201d","isPartOf":{"@id":"https:\/\/www.pressenza.com\/it\/#website"},"primaryImageOfPage":{"@id":"https:\/\/www.pressenza.com\/it\/2022\/06\/oxfam-emergency-30-mila-vittime-per-covid-al-giorno-mentre-i-vaccini-restano-per-pochi\/#primaryimage"},"image":{"@id":"https:\/\/www.pressenza.com\/it\/2022\/06\/oxfam-emergency-30-mila-vittime-per-covid-al-giorno-mentre-i-vaccini-restano-per-pochi\/#primaryimage"},"thumbnailUrl":"https:\/\/www.pressenza.com\/wp-content\/uploads\/2022\/06\/diseguaglianze-vaccini-Articolo-21.jpg","datePublished":"2022-06-09T12:54:25+00:00","description":"17,5 milioni vittime della pandemia nel mondo da quando l\u2019Organizzazione Mondiale del Commercio ha iniziato il dibattito, 20 mesi fa, sulla proposta di","breadcrumb":{"@id":"https:\/\/www.pressenza.com\/it\/2022\/06\/oxfam-emergency-30-mila-vittime-per-covid-al-giorno-mentre-i-vaccini-restano-per-pochi\/#breadcrumb"},"inLanguage":"it-IT","potentialAction":[{"@type":"ReadAction","target":["https:\/\/www.pressenza.com\/it\/2022\/06\/oxfam-emergency-30-mila-vittime-per-covid-al-giorno-mentre-i-vaccini-restano-per-pochi\/"]}]},{"@type":"ImageObject","inLanguage":"it-IT","@id":"https:\/\/www.pressenza.com\/it\/2022\/06\/oxfam-emergency-30-mila-vittime-per-covid-al-giorno-mentre-i-vaccini-restano-per-pochi\/#primaryimage","url":"https:\/\/www.pressenza.com\/wp-content\/uploads\/2022\/06\/diseguaglianze-vaccini-Articolo-21.jpg","contentUrl":"https:\/\/www.pressenza.com\/wp-content\/uploads\/2022\/06\/diseguaglianze-vaccini-Articolo-21.jpg","width":1000,"height":664},{"@type":"BreadcrumbList","@id":"https:\/\/www.pressenza.com\/it\/2022\/06\/oxfam-emergency-30-mila-vittime-per-covid-al-giorno-mentre-i-vaccini-restano-per-pochi\/#breadcrumb","itemListElement":[{"@type":"ListItem","position":1,"name":"Accueil","item":"https:\/\/www.pressenza.com\/it\/"},{"@type":"ListItem","position":2,"name":"Oxfam\/Emergency: \u201c30 mila vittime per covid al giorno, mentre i vaccini restano per pochi\u201d"}]},{"@type":"WebSite","@id":"https:\/\/www.pressenza.com\/it\/#website","url":"https:\/\/www.pressenza.com\/it\/","name":"Pressenza","description":"Agenzia di Stampa Internazionale","publisher":{"@id":"https:\/\/www.pressenza.com\/it\/#organization"},"potentialAction":[{"@type":"SearchAction","target":{"@type":"EntryPoint","urlTemplate":"https:\/\/www.pressenza.com\/it\/?s={search_term_string}"},"query-input":{"@type":"PropertyValueSpecification","valueRequired":true,"valueName":"search_term_string"}}],"inLanguage":"it-IT"},{"@type":"Organization","@id":"https:\/\/www.pressenza.com\/it\/#organization","name":"Pressenza","url":"https:\/\/www.pressenza.com\/it\/","logo":{"@type":"ImageObject","inLanguage":"it-IT","@id":"https:\/\/www.pressenza.com\/it\/#\/schema\/logo\/image\/","url":"https:\/\/www.pressenza.com\/wp-content\/uploads\/2022\/10\/pressenza_logo_200x200.jpg","contentUrl":"https:\/\/www.pressenza.com\/wp-content\/uploads\/2022\/10\/pressenza_logo_200x200.jpg","width":200,"height":200,"caption":"Pressenza"},"image":{"@id":"https:\/\/www.pressenza.com\/it\/#\/schema\/logo\/image\/"},"sameAs":["https:\/\/www.facebook.com\/PressenzaItalia","https:\/\/x.com\/PressenzaIPA"]},{"@type":"Person","@id":"https:\/\/www.pressenza.com\/it\/#\/schema\/person\/f8fdc61e3c9c244cd96a553e620bdfcf","name":"Emergency","description":"www.emergency.it","url":"https:\/\/www.pressenza.com\/it\/author\/emergency\/"}]}},"place":"","original_article_url":"","_links":{"self":[{"href":"https:\/\/www.pressenza.com\/it\/wp-json\/wp\/v2\/posts\/1600938","targetHints":{"allow":["GET"]}}],"collection":[{"href":"https:\/\/www.pressenza.com\/it\/wp-json\/wp\/v2\/posts"}],"about":[{"href":"https:\/\/www.pressenza.com\/it\/wp-json\/wp\/v2\/types\/post"}],"author":[{"embeddable":true,"href":"https:\/\/www.pressenza.com\/it\/wp-json\/wp\/v2\/users\/598"}],"replies":[{"embeddable":true,"href":"https:\/\/www.pressenza.com\/it\/wp-json\/wp\/v2\/comments?post=1600938"}],"version-history":[{"count":0,"href":"https:\/\/www.pressenza.com\/it\/wp-json\/wp\/v2\/posts\/1600938\/revisions"}],"wp:featuredmedia":[{"embeddable":true,"href":"https:\/\/www.pressenza.com\/it\/wp-json\/wp\/v2\/media\/1600939"}],"wp:attachment":[{"href":"https:\/\/www.pressenza.com\/it\/wp-json\/wp\/v2\/media?parent=1600938"}],"wp:term":[{"taxonomy":"category","embeddable":true,"href":"https:\/\/www.pressenza.com\/it\/wp-json\/wp\/v2\/categories?post=1600938"},{"taxonomy":"post_tag","embeddable":true,"href":"https:\/\/www.pressenza.com\/it\/wp-json\/wp\/v2\/tags?post=1600938"}],"curies":[{"name":"wp","href":"https:\/\/api.w.org\/{rel}","templated":true}]}}