{"id":1594644,"date":"2022-05-30T14:55:54","date_gmt":"2022-05-30T13:55:54","guid":{"rendered":"https:\/\/www.pressenza.com\/?p=1594644"},"modified":"2022-05-30T15:21:47","modified_gmt":"2022-05-30T14:21:47","slug":"in-colombia-si-andra-al-secondo-turno-elettorale","status":"publish","type":"post","link":"https:\/\/www.pressenza.com\/it\/2022\/05\/in-colombia-si-andra-al-secondo-turno-elettorale\/","title":{"rendered":"In Colombia si andr\u00e0 al secondo turno elettorale"},"content":{"rendered":"<p><strong><em>A seguito dei bollettini emessi dal Registro generale di Stato, il 19 giugno i colombiani ritorneranno alle urne per eleggere il loro presidente nel secondo turno.<\/em><\/strong><\/p>\n<p>Il bollettino n.16 del Registro generale di Stato indica che sono stati scrutinati il 96,19% dei seggi. Questo risultato assegna a Gustavo Petro (coalizione di centro-sinistra, N.d.R.) 8.234.461 voti, corrispondenti al 40,34% . Tuttavia, per vincere al primo turno \u00e8 necessario il 51% dei voti.<\/p>\n<p>Al secondo posto si trova Rodolfo Hern\u00e1ndez (candidato di destra che si presenta come indipendente, N.d.R.) con 5.730.868 voti, corrispondenti al 28,08% . Seguono Federico Guti\u00e9rrez (destra) con 4.884.166 voti, corrispondenti al 23,93%, e Sergio Fajardo (coalizione di centro e di sinistra) con 861.544 voti, corrispondenti al 4,22%.<\/p>\n<p>Queste cifre dimostrano che Gustavo Petro e Rodolfo Hern\u00e1ndez passeranno al secondo turno, il 19 giugno. Rimangono da vedersi le nuove alleanze che si formeranno tra i sostenitori dell\u2019uribismo (continuit\u00e0 dei governi degli ultimi 20 anni in Colombia, appoggiati dall&#8217;ex-presidente \u00c1lvaro Uribe V\u00e9lez e il suo partito di destra &#8216;Centro Democr\u00e1tico&#8217;), gli imprenditori e i clan politici vicini al candidato Rodolfo Hern\u00e1ndez.<\/p>\n<p>Riguardo alla questione della frode elettorale, i partiti non si sono ancora pronunciati dall\u2019inizio dello spoglio dei voti e si rimane in attesa che vengano segnalate le infrazioni accertate dagli ispettori.<\/p>\n<p>Infine, si attende la dichiarazione di Hern\u00e1ndez e successivamente quella di Petro, che passeranno al secondo turno elettorale. Inoltre, si prevedono dei cambiamenti nelle campagne elettorali, che iniziano luned\u00ec 30 maggio e proseguiranno fino al 12 giugno. In queste tre settimane ciascun candidato dovr\u00e0 attirare quegli elettori che in precedenza hanno votato per gli altri quattro politici.<\/p>\n<p><em>Traduzione dallo spagnolo di Mariasole Cailotto. Revisione di Thomas Schmid<\/em><\/p>\n","protected":false},"excerpt":{"rendered":"<p>A seguito dei bollettini emessi dal Registro generale di Stato, il 19 giugno i colombiani ritorneranno alle urne per eleggere il loro presidente nel secondo turno. Il bollettino n.16 del Registro generale di Stato indica che sono stati scrutinati il&hellip;<\/p>\n","protected":false},"author":1053,"featured_media":1594370,"comment_status":"closed","ping_status":"closed","sticky":false,"template":"","format":"standard","meta":{"footnotes":""},"categories":[11388,55,48],"tags":[1563,616,102384,102383],"class_list":["post-1594644","post","type-post","status-publish","format-standard","has-post-thumbnail","hentry","category-contenuti-originali","category-politica","category-sud-america","tag-colombia-it","tag-elezioni","tag-gustavo-petro-it","tag-rodolfo-hernandez"],"yoast_head":"<!-- This site is optimized with the Yoast SEO plugin v27.1.1 - https:\/\/yoast.com\/product\/yoast-seo-wordpress\/ -->\n<title>In Colombia si andr\u00e0 al secondo turno elettorale<\/title>\n<meta name=\"description\" content=\"Il bollettino del Registro generale di Stato indica che sono stati scrutati il 96,19% dei seggi. Questo risultato assegna a Gustavo Petro della sinistra il 40,34% dei voti. Tuttavia, per vincere al primo turno \u00e8 necessario il 51% dei voti.\" \/>\n<meta name=\"robots\" content=\"index, follow, max-snippet:-1, max-image-preview:large, max-video-preview:-1\" \/>\n<link rel=\"canonical\" href=\"https:\/\/www.pressenza.com\/it\/2022\/05\/in-colombia-si-andra-al-secondo-turno-elettorale\/\" \/>\n<meta property=\"og:locale\" content=\"it_IT\" \/>\n<meta property=\"og:type\" content=\"article\" \/>\n<meta property=\"og:title\" content=\"In Colombia si andr\u00e0 al secondo turno elettorale\" \/>\n<meta property=\"og:description\" content=\"Il bollettino del Registro generale di Stato indica che sono stati scrutati il 96,19% dei seggi. Questo risultato assegna a Gustavo Petro della sinistra il 40,34% dei voti. Tuttavia, per vincere al primo turno \u00e8 necessario il 51% dei voti.\" \/>\n<meta property=\"og:url\" content=\"https:\/\/www.pressenza.com\/it\/2022\/05\/in-colombia-si-andra-al-secondo-turno-elettorale\/\" \/>\n<meta property=\"og:site_name\" content=\"Pressenza\" \/>\n<meta property=\"article:publisher\" content=\"https:\/\/www.facebook.com\/PressenzaItalia\" \/>\n<meta property=\"article:published_time\" content=\"2022-05-30T13:55:54+00:00\" \/>\n<meta property=\"article:modified_time\" content=\"2022-05-30T14:21:47+00:00\" \/>\n<meta property=\"og:image\" content=\"https:\/\/www.pressenza.com\/wp-content\/uploads\/2022\/05\/WhatsApp-Image-2022-05-29-at-1.26.03-PM-1.jpeg\" \/>\n\t<meta property=\"og:image:width\" content=\"1280\" \/>\n\t<meta property=\"og:image:height\" content=\"960\" \/>\n\t<meta property=\"og:image:type\" content=\"image\/jpeg\" \/>\n<meta name=\"author\" content=\"Redacci\u00f3n Colombia\" \/>\n<meta name=\"twitter:card\" content=\"summary_large_image\" \/>\n<meta name=\"twitter:creator\" content=\"@PressenzaIPA\" \/>\n<meta name=\"twitter:site\" content=\"@PressenzaIPA\" \/>\n<meta name=\"twitter:label1\" content=\"Scritto da\" \/>\n\t<meta name=\"twitter:data1\" content=\"Redacci\u00f3n Colombia\" \/>\n\t<meta name=\"twitter:label2\" content=\"Tempo di lettura stimato\" \/>\n\t<meta name=\"twitter:data2\" content=\"2 minuti\" \/>\n<script type=\"application\/ld+json\" class=\"yoast-schema-graph\">{\"@context\":\"https:\/\/schema.org\",\"@graph\":[{\"@type\":\"Article\",\"@id\":\"https:\/\/www.pressenza.com\/it\/2022\/05\/in-colombia-si-andra-al-secondo-turno-elettorale\/#article\",\"isPartOf\":{\"@id\":\"https:\/\/www.pressenza.com\/it\/2022\/05\/in-colombia-si-andra-al-secondo-turno-elettorale\/\"},\"author\":{\"name\":\"Redacci\u00f3n Colombia\",\"@id\":\"https:\/\/www.pressenza.com\/it\/#\/schema\/person\/7c8ee170a4502d638436c91e385315f2\"},\"headline\":\"In Colombia si andr\u00e0 al secondo turno elettorale\",\"datePublished\":\"2022-05-30T13:55:54+00:00\",\"dateModified\":\"2022-05-30T14:21:47+00:00\",\"mainEntityOfPage\":{\"@id\":\"https:\/\/www.pressenza.com\/it\/2022\/05\/in-colombia-si-andra-al-secondo-turno-elettorale\/\"},\"wordCount\":283,\"publisher\":{\"@id\":\"https:\/\/www.pressenza.com\/it\/#organization\"},\"image\":{\"@id\":\"https:\/\/www.pressenza.com\/it\/2022\/05\/in-colombia-si-andra-al-secondo-turno-elettorale\/#primaryimage\"},\"thumbnailUrl\":\"https:\/\/www.pressenza.com\/wp-content\/uploads\/2022\/05\/WhatsApp-Image-2022-05-29-at-1.26.03-PM-1.jpeg\",\"keywords\":[\"Colombia\",\"elezioni\",\"Gustavo Petro\",\"Rodolfo Hernandez\"],\"articleSection\":[\"contenuti originali\",\"Politica\",\"Sud America\"],\"inLanguage\":\"it-IT\"},{\"@type\":\"WebPage\",\"@id\":\"https:\/\/www.pressenza.com\/it\/2022\/05\/in-colombia-si-andra-al-secondo-turno-elettorale\/\",\"url\":\"https:\/\/www.pressenza.com\/it\/2022\/05\/in-colombia-si-andra-al-secondo-turno-elettorale\/\",\"name\":\"In Colombia si andr\u00e0 al secondo turno elettorale\",\"isPartOf\":{\"@id\":\"https:\/\/www.pressenza.com\/it\/#website\"},\"primaryImageOfPage\":{\"@id\":\"https:\/\/www.pressenza.com\/it\/2022\/05\/in-colombia-si-andra-al-secondo-turno-elettorale\/#primaryimage\"},\"image\":{\"@id\":\"https:\/\/www.pressenza.com\/it\/2022\/05\/in-colombia-si-andra-al-secondo-turno-elettorale\/#primaryimage\"},\"thumbnailUrl\":\"https:\/\/www.pressenza.com\/wp-content\/uploads\/2022\/05\/WhatsApp-Image-2022-05-29-at-1.26.03-PM-1.jpeg\",\"datePublished\":\"2022-05-30T13:55:54+00:00\",\"dateModified\":\"2022-05-30T14:21:47+00:00\",\"description\":\"Il bollettino del Registro generale di Stato indica che sono stati scrutati il 96,19% dei seggi. Questo risultato assegna a Gustavo Petro della sinistra il 40,34% dei voti. Tuttavia, per vincere al primo turno \u00e8 necessario il 51% dei voti.\",\"breadcrumb\":{\"@id\":\"https:\/\/www.pressenza.com\/it\/2022\/05\/in-colombia-si-andra-al-secondo-turno-elettorale\/#breadcrumb\"},\"inLanguage\":\"it-IT\",\"potentialAction\":[{\"@type\":\"ReadAction\",\"target\":[\"https:\/\/www.pressenza.com\/it\/2022\/05\/in-colombia-si-andra-al-secondo-turno-elettorale\/\"]}]},{\"@type\":\"ImageObject\",\"inLanguage\":\"it-IT\",\"@id\":\"https:\/\/www.pressenza.com\/it\/2022\/05\/in-colombia-si-andra-al-secondo-turno-elettorale\/#primaryimage\",\"url\":\"https:\/\/www.pressenza.com\/wp-content\/uploads\/2022\/05\/WhatsApp-Image-2022-05-29-at-1.26.03-PM-1.jpeg\",\"contentUrl\":\"https:\/\/www.pressenza.com\/wp-content\/uploads\/2022\/05\/WhatsApp-Image-2022-05-29-at-1.26.03-PM-1.jpeg\",\"width\":1280,\"height\":960},{\"@type\":\"BreadcrumbList\",\"@id\":\"https:\/\/www.pressenza.com\/it\/2022\/05\/in-colombia-si-andra-al-secondo-turno-elettorale\/#breadcrumb\",\"itemListElement\":[{\"@type\":\"ListItem\",\"position\":1,\"name\":\"Accueil\",\"item\":\"https:\/\/www.pressenza.com\/it\/\"},{\"@type\":\"ListItem\",\"position\":2,\"name\":\"In Colombia si andr\u00e0 al secondo turno elettorale\"}]},{\"@type\":\"WebSite\",\"@id\":\"https:\/\/www.pressenza.com\/it\/#website\",\"url\":\"https:\/\/www.pressenza.com\/it\/\",\"name\":\"Pressenza\",\"description\":\"Agenzia di Stampa Internazionale\",\"publisher\":{\"@id\":\"https:\/\/www.pressenza.com\/it\/#organization\"},\"potentialAction\":[{\"@type\":\"SearchAction\",\"target\":{\"@type\":\"EntryPoint\",\"urlTemplate\":\"https:\/\/www.pressenza.com\/it\/?s={search_term_string}\"},\"query-input\":{\"@type\":\"PropertyValueSpecification\",\"valueRequired\":true,\"valueName\":\"search_term_string\"}}],\"inLanguage\":\"it-IT\"},{\"@type\":\"Organization\",\"@id\":\"https:\/\/www.pressenza.com\/it\/#organization\",\"name\":\"Pressenza\",\"url\":\"https:\/\/www.pressenza.com\/it\/\",\"logo\":{\"@type\":\"ImageObject\",\"inLanguage\":\"it-IT\",\"@id\":\"https:\/\/www.pressenza.com\/it\/#\/schema\/logo\/image\/\",\"url\":\"https:\/\/www.pressenza.com\/wp-content\/uploads\/2022\/10\/pressenza_logo_200x200.jpg\",\"contentUrl\":\"https:\/\/www.pressenza.com\/wp-content\/uploads\/2022\/10\/pressenza_logo_200x200.jpg\",\"width\":200,\"height\":200,\"caption\":\"Pressenza\"},\"image\":{\"@id\":\"https:\/\/www.pressenza.com\/it\/#\/schema\/logo\/image\/\"},\"sameAs\":[\"https:\/\/www.facebook.com\/PressenzaItalia\",\"https:\/\/x.com\/PressenzaIPA\"]},{\"@type\":\"Person\",\"@id\":\"https:\/\/www.pressenza.com\/it\/#\/schema\/person\/7c8ee170a4502d638436c91e385315f2\",\"name\":\"Redacci\u00f3n Colombia\",\"description\":\"News published by the Pressenza bureau in Colombia\",\"url\":\"https:\/\/www.pressenza.com\/it\/author\/redaccion-colombia\/\"}]}<\/script>\n<!-- \/ Yoast SEO plugin. -->","yoast_head_json":{"title":"In Colombia si andr\u00e0 al secondo turno elettorale","description":"Il bollettino del Registro generale di Stato indica che sono stati scrutati il 96,19% dei seggi. Questo risultato assegna a Gustavo Petro della sinistra il 40,34% dei voti. Tuttavia, per vincere al primo turno \u00e8 necessario il 51% dei voti.","robots":{"index":"index","follow":"follow","max-snippet":"max-snippet:-1","max-image-preview":"max-image-preview:large","max-video-preview":"max-video-preview:-1"},"canonical":"https:\/\/www.pressenza.com\/it\/2022\/05\/in-colombia-si-andra-al-secondo-turno-elettorale\/","og_locale":"it_IT","og_type":"article","og_title":"In Colombia si andr\u00e0 al secondo turno elettorale","og_description":"Il bollettino del Registro generale di Stato indica che sono stati scrutati il 96,19% dei seggi. Questo risultato assegna a Gustavo Petro della sinistra il 40,34% dei voti. Tuttavia, per vincere al primo turno \u00e8 necessario il 51% dei voti.","og_url":"https:\/\/www.pressenza.com\/it\/2022\/05\/in-colombia-si-andra-al-secondo-turno-elettorale\/","og_site_name":"Pressenza","article_publisher":"https:\/\/www.facebook.com\/PressenzaItalia","article_published_time":"2022-05-30T13:55:54+00:00","article_modified_time":"2022-05-30T14:21:47+00:00","og_image":[{"width":1280,"height":960,"url":"https:\/\/www.pressenza.com\/wp-content\/uploads\/2022\/05\/WhatsApp-Image-2022-05-29-at-1.26.03-PM-1.jpeg","type":"image\/jpeg"}],"author":"Redacci\u00f3n Colombia","twitter_card":"summary_large_image","twitter_creator":"@PressenzaIPA","twitter_site":"@PressenzaIPA","twitter_misc":{"Scritto da":"Redacci\u00f3n Colombia","Tempo di lettura stimato":"2 minuti"},"schema":{"@context":"https:\/\/schema.org","@graph":[{"@type":"Article","@id":"https:\/\/www.pressenza.com\/it\/2022\/05\/in-colombia-si-andra-al-secondo-turno-elettorale\/#article","isPartOf":{"@id":"https:\/\/www.pressenza.com\/it\/2022\/05\/in-colombia-si-andra-al-secondo-turno-elettorale\/"},"author":{"name":"Redacci\u00f3n Colombia","@id":"https:\/\/www.pressenza.com\/it\/#\/schema\/person\/7c8ee170a4502d638436c91e385315f2"},"headline":"In Colombia si andr\u00e0 al secondo turno elettorale","datePublished":"2022-05-30T13:55:54+00:00","dateModified":"2022-05-30T14:21:47+00:00","mainEntityOfPage":{"@id":"https:\/\/www.pressenza.com\/it\/2022\/05\/in-colombia-si-andra-al-secondo-turno-elettorale\/"},"wordCount":283,"publisher":{"@id":"https:\/\/www.pressenza.com\/it\/#organization"},"image":{"@id":"https:\/\/www.pressenza.com\/it\/2022\/05\/in-colombia-si-andra-al-secondo-turno-elettorale\/#primaryimage"},"thumbnailUrl":"https:\/\/www.pressenza.com\/wp-content\/uploads\/2022\/05\/WhatsApp-Image-2022-05-29-at-1.26.03-PM-1.jpeg","keywords":["Colombia","elezioni","Gustavo Petro","Rodolfo Hernandez"],"articleSection":["contenuti originali","Politica","Sud America"],"inLanguage":"it-IT"},{"@type":"WebPage","@id":"https:\/\/www.pressenza.com\/it\/2022\/05\/in-colombia-si-andra-al-secondo-turno-elettorale\/","url":"https:\/\/www.pressenza.com\/it\/2022\/05\/in-colombia-si-andra-al-secondo-turno-elettorale\/","name":"In Colombia si andr\u00e0 al secondo turno elettorale","isPartOf":{"@id":"https:\/\/www.pressenza.com\/it\/#website"},"primaryImageOfPage":{"@id":"https:\/\/www.pressenza.com\/it\/2022\/05\/in-colombia-si-andra-al-secondo-turno-elettorale\/#primaryimage"},"image":{"@id":"https:\/\/www.pressenza.com\/it\/2022\/05\/in-colombia-si-andra-al-secondo-turno-elettorale\/#primaryimage"},"thumbnailUrl":"https:\/\/www.pressenza.com\/wp-content\/uploads\/2022\/05\/WhatsApp-Image-2022-05-29-at-1.26.03-PM-1.jpeg","datePublished":"2022-05-30T13:55:54+00:00","dateModified":"2022-05-30T14:21:47+00:00","description":"Il bollettino del Registro generale di Stato indica che sono stati scrutati il 96,19% dei seggi. Questo risultato assegna a Gustavo Petro della sinistra il 40,34% dei voti. Tuttavia, per vincere al primo turno \u00e8 necessario il 51% dei voti.","breadcrumb":{"@id":"https:\/\/www.pressenza.com\/it\/2022\/05\/in-colombia-si-andra-al-secondo-turno-elettorale\/#breadcrumb"},"inLanguage":"it-IT","potentialAction":[{"@type":"ReadAction","target":["https:\/\/www.pressenza.com\/it\/2022\/05\/in-colombia-si-andra-al-secondo-turno-elettorale\/"]}]},{"@type":"ImageObject","inLanguage":"it-IT","@id":"https:\/\/www.pressenza.com\/it\/2022\/05\/in-colombia-si-andra-al-secondo-turno-elettorale\/#primaryimage","url":"https:\/\/www.pressenza.com\/wp-content\/uploads\/2022\/05\/WhatsApp-Image-2022-05-29-at-1.26.03-PM-1.jpeg","contentUrl":"https:\/\/www.pressenza.com\/wp-content\/uploads\/2022\/05\/WhatsApp-Image-2022-05-29-at-1.26.03-PM-1.jpeg","width":1280,"height":960},{"@type":"BreadcrumbList","@id":"https:\/\/www.pressenza.com\/it\/2022\/05\/in-colombia-si-andra-al-secondo-turno-elettorale\/#breadcrumb","itemListElement":[{"@type":"ListItem","position":1,"name":"Accueil","item":"https:\/\/www.pressenza.com\/it\/"},{"@type":"ListItem","position":2,"name":"In Colombia si andr\u00e0 al secondo turno elettorale"}]},{"@type":"WebSite","@id":"https:\/\/www.pressenza.com\/it\/#website","url":"https:\/\/www.pressenza.com\/it\/","name":"Pressenza","description":"Agenzia di Stampa Internazionale","publisher":{"@id":"https:\/\/www.pressenza.com\/it\/#organization"},"potentialAction":[{"@type":"SearchAction","target":{"@type":"EntryPoint","urlTemplate":"https:\/\/www.pressenza.com\/it\/?s={search_term_string}"},"query-input":{"@type":"PropertyValueSpecification","valueRequired":true,"valueName":"search_term_string"}}],"inLanguage":"it-IT"},{"@type":"Organization","@id":"https:\/\/www.pressenza.com\/it\/#organization","name":"Pressenza","url":"https:\/\/www.pressenza.com\/it\/","logo":{"@type":"ImageObject","inLanguage":"it-IT","@id":"https:\/\/www.pressenza.com\/it\/#\/schema\/logo\/image\/","url":"https:\/\/www.pressenza.com\/wp-content\/uploads\/2022\/10\/pressenza_logo_200x200.jpg","contentUrl":"https:\/\/www.pressenza.com\/wp-content\/uploads\/2022\/10\/pressenza_logo_200x200.jpg","width":200,"height":200,"caption":"Pressenza"},"image":{"@id":"https:\/\/www.pressenza.com\/it\/#\/schema\/logo\/image\/"},"sameAs":["https:\/\/www.facebook.com\/PressenzaItalia","https:\/\/x.com\/PressenzaIPA"]},{"@type":"Person","@id":"https:\/\/www.pressenza.com\/it\/#\/schema\/person\/7c8ee170a4502d638436c91e385315f2","name":"Redacci\u00f3n Colombia","description":"News published by the Pressenza bureau in Colombia","url":"https:\/\/www.pressenza.com\/it\/author\/redaccion-colombia\/"}]}},"place":"Bogot\u00e0, Colombia","original_article_url":"","_links":{"self":[{"href":"https:\/\/www.pressenza.com\/it\/wp-json\/wp\/v2\/posts\/1594644","targetHints":{"allow":["GET"]}}],"collection":[{"href":"https:\/\/www.pressenza.com\/it\/wp-json\/wp\/v2\/posts"}],"about":[{"href":"https:\/\/www.pressenza.com\/it\/wp-json\/wp\/v2\/types\/post"}],"author":[{"embeddable":true,"href":"https:\/\/www.pressenza.com\/it\/wp-json\/wp\/v2\/users\/1053"}],"replies":[{"embeddable":true,"href":"https:\/\/www.pressenza.com\/it\/wp-json\/wp\/v2\/comments?post=1594644"}],"version-history":[{"count":0,"href":"https:\/\/www.pressenza.com\/it\/wp-json\/wp\/v2\/posts\/1594644\/revisions"}],"wp:featuredmedia":[{"embeddable":true,"href":"https:\/\/www.pressenza.com\/it\/wp-json\/wp\/v2\/media\/1594370"}],"wp:attachment":[{"href":"https:\/\/www.pressenza.com\/it\/wp-json\/wp\/v2\/media?parent=1594644"}],"wp:term":[{"taxonomy":"category","embeddable":true,"href":"https:\/\/www.pressenza.com\/it\/wp-json\/wp\/v2\/categories?post=1594644"},{"taxonomy":"post_tag","embeddable":true,"href":"https:\/\/www.pressenza.com\/it\/wp-json\/wp\/v2\/tags?post=1594644"}],"curies":[{"name":"wp","href":"https:\/\/api.w.org\/{rel}","templated":true}]}}