{"id":159457,"date":"2015-02-03T17:23:26","date_gmt":"2015-02-03T17:23:26","guid":{"rendered":"http:\/\/www.pressenza.com\/?p=159457"},"modified":"2015-02-03T17:23:26","modified_gmt":"2015-02-03T17:23:26","slug":"serbia-e-croazia-giudizio","status":"publish","type":"post","link":"https:\/\/www.pressenza.com\/it\/2015\/02\/serbia-e-croazia-giudizio\/","title":{"rendered":"Serbia e Croazia a giudizio"},"content":{"rendered":"<p>&nbsp;<\/p>\n<p>Non c&#8217;\u00e8 dubbio che il 1999 sia stato un anno di svolta nel sistema delle relazioni internazionali. Nella primavera si svolge il vertice strategico (a Washington) della NATO che ne avrebbe cambiato struttura e profilo, trasformandola da \u201cpatto difensivo\u201d a \u201cgendarme del mondo\u201d, con una spiccata vocazione offensiva e l&#8217;opzione all&#8217;aggressione militare nei pi\u00f9 diversi scacchieri. Secondo le parole dell&#8217;allora presidente Bill Clinton, pronunciate nel solenne discorso in occasione del cinquantesimo anniversario, \u00abla NATO di ieri difendeva i nostri confini contro l\u2019aggressione militare. La NATO di domani dovr\u00e0 continuare a salvaguardare la nostra sicurezza comune, affrontando nel contempo nuove minacce che non riconoscono alcun confine &#8211; la proliferazione delle armi di distruzione di massa, la violenza etnica, i conflitti regionali\u00bb.<\/p>\n<p>&nbsp;<\/p>\n<p>Ancora nella primavera del 1999 si scatena l&#8217;offensiva atlantica contro il Kosovo, che sempre pi\u00f9 accreditate analisi politiche tendono a considerare come il vero \u201cbanco di prova\u201d di questa nuova configurazione strategica della NATO, non solo per testarne la capacit\u00e0 offensiva in un contesto multilaterale, ma anche per ridicolizzare l&#8217;ONU, soppiantandola di fatto nel suo ruolo di \u201ctutore\u201d della pace mondiale e della sicurezza internazionale. Non a caso, riferendo alla Camera in merito alla partecipazione dell&#8217;Italia all&#8217;aggressione atlantica sul Kosovo, l&#8217;attuale presidente della repubblica, allora ministro della difesa, Sergio Mattarella giustific\u00f2 l&#8217;aggressione italiana (del tutto illegittima e ingiustificata, basti vedere l&#8217;art. 11 della Costituzione) con le seguenti parole: \u00abSappiamo tutti che l&#8217;ONU (&#8230;) non ha espressamente autorizzato un intervento armato in Kosovo. \u00c8 anche a tutti nota la ragione per cui ci\u00f2 non avviene: la ferma opposizione dei paesi con diritto di veto nel consiglio di sicurezza. Come \u00e8 noto, l&#8217;Italia si batte da anni per una riforma del consiglio di sicurezza che lo renda pi\u00f9 democratico e rappresentativo, ponendo le premesse per un superamento del diritto di veto&#8230;\u00bb. Un po&#8217; come dire: siccome non ci piace questa forma (l&#8217;unica esistente, ad oggi) di legalit\u00e0 internazionale, ci prendiamo la libert\u00e0 di non rispettarla. A proposito di ruolo di pace e garanti del diritto.<\/p>\n<p>&nbsp;<\/p>\n<p>Nello stesso 1999 che avrebbe visto il primo insediamento presidenziale di Hugo Chavez e l&#8217;esordio del \u201csocialismo del XXI secolo\u201d, che avrebbe cambiato il volto non solo dell&#8217;America ma anche di un mondo sempre pi\u00f9 tendenzialmente policentrico e multipolare, prende l&#8217;avvio un processo internazionale destinato a fare storia, senza dubbio giurisprudenza. Serbia e Croazia si trascinano a vicenda alla sbarra della Corte Internazionale di Giustizia (CIG) con l&#8217;accusa incrociata di genocidio: la Croazia accusa la Serbia di essere responsabile di \u201cpulizia etnica\u201d e \u201cgenocidio\u201d contro il popolo croato, essendo sotto suo controllo diretto &#8220;le attivit\u00e0 delle sue forze armate, dei suoi agenti dei servizi segreti e delle varie squadre paramilitari che hanno commesso reati gravi in territorio croato, nella regione di Knin e nella Slavonia orientale ed occidentale&#8221;. Per tutta risposta, la Serbia accusa la Croazia di \u201cgenocidio\u201d durante l&#8217;Operazione Tempesta nel mese di agosto 1995 &#8220;per distruggere &#8211; in tutto o in parte &#8211; i serbi della Krajina come gruppo etnico, causando gravi danni fisici o morali ai membri della comunit\u00e0 serba, per la distruzione fisica dei serbi come gruppo nazionale&#8221;.<\/p>\n<p>&nbsp;<\/p>\n<p>Oggi, a sedici anni di distanza, arriva la prima sentenza in questo processo, destinato senza dubbio a fare storia, come tutti i passaggi che si sono rapidamente richiamati all&#8217;inizio, e che gi\u00e0 ha avuto come risultato quello di riacutizzare antiche tensioni e riaprire vecchie ferite, senza alcuna certezza, peraltro, che tale rivisitazione giudiziaria possa effettivamente mettere la parola \u201cfine\u201d a quella tragica vicenda e aprire una pagina davvero \u201cnuova\u201d nelle relazioni bilaterali e regionali. Fatto sta che, nella sentenza pronunciata dal presidente della Corte, lo slovacco Petr Tomka, la Serbia non pu\u00f2 essere ritenuta responsabile per atti commessi prima del 27 aprile 1992, essendo la Repubblica Federale di Jugoslavia divenuta membro delle Nazioni Unite e firmataria della Convenzione delle Nazioni Unite per la prevenzione e la repressione del genocidio solo a partire da quella data. &#8220;La Serbia non pu\u00f2 essere ritenuta responsabile retroattivamente per il crimine di genocidio ai sensi dell&#8217;articolo 9 della Convenzione&#8221;. Pi\u00f9 che una vittoria della difesa serba, il verdetto sembra essere una clamorosa sconfitta della difesa croata, sia perch\u00e9 l&#8217;accusa contro Slobodan Milosevic al TPJ dell&#8217;Aja non riguardava il territorio croato, sia perch\u00e9 molte testimonianze presentate dalla Croazia sono state ritenute carenti, e numerosi rapporti della polizia, presentati al tribunale senza la firma dei testimoni, inammissibili.<\/p>\n<p>&nbsp;<\/p>\n<p>\u00c8 solo la prima parte del giudizio sul duplice caso: essendo la Croazia firmataria della Convenzione dal 8 ottobre 1991, gli atti commessi nel 1995, durante la famigerata Operazione \u201cTempesta\u201d, pure oggetto della convenzione, sono stati oggetto di un giudizio separato. A passare sotto la lente dei giudici sono questa volta i fatti compiuti dalle forze armate croate venti anni fa, quando, nell&#8217;agosto 1995, le forze croate rioccuparono gran parte del territorio della Krajina, impegnando qualcosa come 200 mila militari e provocando l&#8217;esodo di oltre 200 mila civili serbi. Anche la Croazia \u00e8 stata scagionata dall&#8217;accusa di \u201cgenocidio\u201d. \u201cNell\u2019operazione Tempesta parteciparono circa 200 mila soldati croati mentre fino a oggi, soltanto nell\u2019operazione ISAF in Afghanistan, il loro contributo ammonta a poco pi\u00f9 di 2000 militari\u201d, ha dichiarato qualche anno fa, durante una commemorazione, il capo dell&#8217;esercito croato Josip Lucic. Al di l\u00e0 dei verdetti e delle sentenze, dunque, finch\u00e9 non si porr\u00e0 fine alla \u201cglorificazione\u201d delle armi e del martirio (propri ed altrui) sar\u00e0 molto difficile conseguire appieno pace e giustizia, trascendimento e riconciliazione, tra i due Paesi ed in tutti i Balcani.<\/p>\n","protected":false},"excerpt":{"rendered":"<p>&nbsp; Non c&#8217;\u00e8 dubbio che il 1999 sia stato un anno di svolta nel sistema delle relazioni internazionali. Nella primavera si svolge il vertice strategico (a Washington) della NATO che ne avrebbe cambiato struttura e profilo, trasformandola da \u201cpatto difensivo\u201d&hellip;<\/p>\n","protected":false},"author":986,"featured_media":159458,"comment_status":"closed","ping_status":"open","sticky":false,"template":"","format":"standard","meta":{"footnotes":""},"categories":[11388,162,57],"tags":[6745,9884,4469,15742],"class_list":["post-159457","post","type-post","status-publish","format-standard","has-post-thumbnail","hentry","category-contenuti-originali","category-opinioni","category-affari-esteri","tag-croazia","tag-genocidio","tag-serbia","tag-sergio-mattarella"],"yoast_head":"<!-- This site is optimized with the Yoast SEO plugin v27.1.1 - https:\/\/yoast.com\/product\/yoast-seo-wordpress\/ -->\n<title>Serbia e Croazia a giudizio<\/title>\n<meta name=\"description\" content=\"&nbsp; Non c&#039;\u00e8 dubbio che il 1999 sia stato un anno di svolta nel sistema delle relazioni internazionali. Nella primavera si svolge il vertice strategico\" \/>\n<meta name=\"robots\" content=\"index, follow, max-snippet:-1, max-image-preview:large, max-video-preview:-1\" \/>\n<link rel=\"canonical\" href=\"https:\/\/www.pressenza.com\/it\/2015\/02\/serbia-e-croazia-giudizio\/\" \/>\n<meta property=\"og:locale\" content=\"it_IT\" \/>\n<meta property=\"og:type\" content=\"article\" \/>\n<meta property=\"og:title\" content=\"Serbia e Croazia a giudizio\" \/>\n<meta property=\"og:description\" content=\"&nbsp; Non c&#039;\u00e8 dubbio che il 1999 sia stato un anno di svolta nel sistema delle relazioni internazionali. Nella primavera si svolge il vertice strategico\" \/>\n<meta property=\"og:url\" content=\"https:\/\/www.pressenza.com\/it\/2015\/02\/serbia-e-croazia-giudizio\/\" \/>\n<meta property=\"og:site_name\" content=\"Pressenza\" \/>\n<meta property=\"article:publisher\" content=\"https:\/\/www.facebook.com\/PressenzaItalia\" \/>\n<meta property=\"article:published_time\" content=\"2015-02-03T17:23:26+00:00\" \/>\n<meta property=\"og:image\" content=\"https:\/\/www.pressenza.com\/wp-content\/uploads\/2015\/02\/Serb_refugees_Croatia.jpg\" \/>\n\t<meta property=\"og:image:width\" content=\"492\" \/>\n\t<meta property=\"og:image:height\" content=\"484\" \/>\n\t<meta property=\"og:image:type\" content=\"image\/jpeg\" \/>\n<meta name=\"author\" content=\"Gianmarco Pisa\" \/>\n<meta name=\"twitter:card\" content=\"summary_large_image\" \/>\n<meta name=\"twitter:creator\" content=\"@PressenzaIPA\" \/>\n<meta name=\"twitter:site\" content=\"@PressenzaIPA\" \/>\n<meta name=\"twitter:label1\" content=\"Scritto da\" \/>\n\t<meta name=\"twitter:data1\" content=\"Gianmarco Pisa\" \/>\n\t<meta name=\"twitter:label2\" content=\"Tempo di lettura stimato\" \/>\n\t<meta name=\"twitter:data2\" content=\"4 minuti\" \/>\n<script type=\"application\/ld+json\" class=\"yoast-schema-graph\">{\"@context\":\"https:\/\/schema.org\",\"@graph\":[{\"@type\":\"Article\",\"@id\":\"https:\/\/www.pressenza.com\/it\/2015\/02\/serbia-e-croazia-giudizio\/#article\",\"isPartOf\":{\"@id\":\"https:\/\/www.pressenza.com\/it\/2015\/02\/serbia-e-croazia-giudizio\/\"},\"author\":{\"name\":\"Gianmarco Pisa\",\"@id\":\"https:\/\/www.pressenza.com\/it\/#\/schema\/person\/065812a20954baed70c01f7c30620d66\"},\"headline\":\"Serbia e Croazia a giudizio\",\"datePublished\":\"2015-02-03T17:23:26+00:00\",\"mainEntityOfPage\":{\"@id\":\"https:\/\/www.pressenza.com\/it\/2015\/02\/serbia-e-croazia-giudizio\/\"},\"wordCount\":926,\"publisher\":{\"@id\":\"https:\/\/www.pressenza.com\/it\/#organization\"},\"image\":{\"@id\":\"https:\/\/www.pressenza.com\/it\/2015\/02\/serbia-e-croazia-giudizio\/#primaryimage\"},\"thumbnailUrl\":\"https:\/\/www.pressenza.com\/wp-content\/uploads\/2015\/02\/Serb_refugees_Croatia.jpg\",\"keywords\":[\"Croazia\",\"genocidio\",\"Serbia\",\"Sergio Mattarella\"],\"articleSection\":[\"contenuti originali\",\"Opinioni\",\"Questioni internazionali\"],\"inLanguage\":\"it-IT\"},{\"@type\":\"WebPage\",\"@id\":\"https:\/\/www.pressenza.com\/it\/2015\/02\/serbia-e-croazia-giudizio\/\",\"url\":\"https:\/\/www.pressenza.com\/it\/2015\/02\/serbia-e-croazia-giudizio\/\",\"name\":\"Serbia e Croazia a giudizio\",\"isPartOf\":{\"@id\":\"https:\/\/www.pressenza.com\/it\/#website\"},\"primaryImageOfPage\":{\"@id\":\"https:\/\/www.pressenza.com\/it\/2015\/02\/serbia-e-croazia-giudizio\/#primaryimage\"},\"image\":{\"@id\":\"https:\/\/www.pressenza.com\/it\/2015\/02\/serbia-e-croazia-giudizio\/#primaryimage\"},\"thumbnailUrl\":\"https:\/\/www.pressenza.com\/wp-content\/uploads\/2015\/02\/Serb_refugees_Croatia.jpg\",\"datePublished\":\"2015-02-03T17:23:26+00:00\",\"description\":\"&nbsp; Non c'\u00e8 dubbio che il 1999 sia stato un anno di svolta nel sistema delle relazioni internazionali. Nella primavera si svolge il vertice strategico\",\"breadcrumb\":{\"@id\":\"https:\/\/www.pressenza.com\/it\/2015\/02\/serbia-e-croazia-giudizio\/#breadcrumb\"},\"inLanguage\":\"it-IT\",\"potentialAction\":[{\"@type\":\"ReadAction\",\"target\":[\"https:\/\/www.pressenza.com\/it\/2015\/02\/serbia-e-croazia-giudizio\/\"]}]},{\"@type\":\"ImageObject\",\"inLanguage\":\"it-IT\",\"@id\":\"https:\/\/www.pressenza.com\/it\/2015\/02\/serbia-e-croazia-giudizio\/#primaryimage\",\"url\":\"https:\/\/www.pressenza.com\/wp-content\/uploads\/2015\/02\/Serb_refugees_Croatia.jpg\",\"contentUrl\":\"https:\/\/www.pressenza.com\/wp-content\/uploads\/2015\/02\/Serb_refugees_Croatia.jpg\",\"width\":492,\"height\":484},{\"@type\":\"BreadcrumbList\",\"@id\":\"https:\/\/www.pressenza.com\/it\/2015\/02\/serbia-e-croazia-giudizio\/#breadcrumb\",\"itemListElement\":[{\"@type\":\"ListItem\",\"position\":1,\"name\":\"Accueil\",\"item\":\"https:\/\/www.pressenza.com\/it\/\"},{\"@type\":\"ListItem\",\"position\":2,\"name\":\"Serbia e Croazia a giudizio\"}]},{\"@type\":\"WebSite\",\"@id\":\"https:\/\/www.pressenza.com\/it\/#website\",\"url\":\"https:\/\/www.pressenza.com\/it\/\",\"name\":\"Pressenza\",\"description\":\"Agenzia di Stampa Internazionale\",\"publisher\":{\"@id\":\"https:\/\/www.pressenza.com\/it\/#organization\"},\"potentialAction\":[{\"@type\":\"SearchAction\",\"target\":{\"@type\":\"EntryPoint\",\"urlTemplate\":\"https:\/\/www.pressenza.com\/it\/?s={search_term_string}\"},\"query-input\":{\"@type\":\"PropertyValueSpecification\",\"valueRequired\":true,\"valueName\":\"search_term_string\"}}],\"inLanguage\":\"it-IT\"},{\"@type\":\"Organization\",\"@id\":\"https:\/\/www.pressenza.com\/it\/#organization\",\"name\":\"Pressenza\",\"url\":\"https:\/\/www.pressenza.com\/it\/\",\"logo\":{\"@type\":\"ImageObject\",\"inLanguage\":\"it-IT\",\"@id\":\"https:\/\/www.pressenza.com\/it\/#\/schema\/logo\/image\/\",\"url\":\"https:\/\/www.pressenza.com\/wp-content\/uploads\/2022\/10\/pressenza_logo_200x200.jpg\",\"contentUrl\":\"https:\/\/www.pressenza.com\/wp-content\/uploads\/2022\/10\/pressenza_logo_200x200.jpg\",\"width\":200,\"height\":200,\"caption\":\"Pressenza\"},\"image\":{\"@id\":\"https:\/\/www.pressenza.com\/it\/#\/schema\/logo\/image\/\"},\"sameAs\":[\"https:\/\/www.facebook.com\/PressenzaItalia\",\"https:\/\/x.com\/PressenzaIPA\"]},{\"@type\":\"Person\",\"@id\":\"https:\/\/www.pressenza.com\/it\/#\/schema\/person\/065812a20954baed70c01f7c30620d66\",\"name\":\"Gianmarco Pisa\",\"url\":\"https:\/\/www.pressenza.com\/it\/author\/gianmarco-pisa\/\"}]}<\/script>\n<!-- \/ Yoast SEO plugin. -->","yoast_head_json":{"title":"Serbia e Croazia a giudizio","description":"&nbsp; Non c'\u00e8 dubbio che il 1999 sia stato un anno di svolta nel sistema delle relazioni internazionali. Nella primavera si svolge il vertice strategico","robots":{"index":"index","follow":"follow","max-snippet":"max-snippet:-1","max-image-preview":"max-image-preview:large","max-video-preview":"max-video-preview:-1"},"canonical":"https:\/\/www.pressenza.com\/it\/2015\/02\/serbia-e-croazia-giudizio\/","og_locale":"it_IT","og_type":"article","og_title":"Serbia e Croazia a giudizio","og_description":"&nbsp; Non c'\u00e8 dubbio che il 1999 sia stato un anno di svolta nel sistema delle relazioni internazionali. Nella primavera si svolge il vertice strategico","og_url":"https:\/\/www.pressenza.com\/it\/2015\/02\/serbia-e-croazia-giudizio\/","og_site_name":"Pressenza","article_publisher":"https:\/\/www.facebook.com\/PressenzaItalia","article_published_time":"2015-02-03T17:23:26+00:00","og_image":[{"width":492,"height":484,"url":"https:\/\/www.pressenza.com\/wp-content\/uploads\/2015\/02\/Serb_refugees_Croatia.jpg","type":"image\/jpeg"}],"author":"Gianmarco Pisa","twitter_card":"summary_large_image","twitter_creator":"@PressenzaIPA","twitter_site":"@PressenzaIPA","twitter_misc":{"Scritto da":"Gianmarco Pisa","Tempo di lettura stimato":"4 minuti"},"schema":{"@context":"https:\/\/schema.org","@graph":[{"@type":"Article","@id":"https:\/\/www.pressenza.com\/it\/2015\/02\/serbia-e-croazia-giudizio\/#article","isPartOf":{"@id":"https:\/\/www.pressenza.com\/it\/2015\/02\/serbia-e-croazia-giudizio\/"},"author":{"name":"Gianmarco Pisa","@id":"https:\/\/www.pressenza.com\/it\/#\/schema\/person\/065812a20954baed70c01f7c30620d66"},"headline":"Serbia e Croazia a giudizio","datePublished":"2015-02-03T17:23:26+00:00","mainEntityOfPage":{"@id":"https:\/\/www.pressenza.com\/it\/2015\/02\/serbia-e-croazia-giudizio\/"},"wordCount":926,"publisher":{"@id":"https:\/\/www.pressenza.com\/it\/#organization"},"image":{"@id":"https:\/\/www.pressenza.com\/it\/2015\/02\/serbia-e-croazia-giudizio\/#primaryimage"},"thumbnailUrl":"https:\/\/www.pressenza.com\/wp-content\/uploads\/2015\/02\/Serb_refugees_Croatia.jpg","keywords":["Croazia","genocidio","Serbia","Sergio Mattarella"],"articleSection":["contenuti originali","Opinioni","Questioni internazionali"],"inLanguage":"it-IT"},{"@type":"WebPage","@id":"https:\/\/www.pressenza.com\/it\/2015\/02\/serbia-e-croazia-giudizio\/","url":"https:\/\/www.pressenza.com\/it\/2015\/02\/serbia-e-croazia-giudizio\/","name":"Serbia e Croazia a giudizio","isPartOf":{"@id":"https:\/\/www.pressenza.com\/it\/#website"},"primaryImageOfPage":{"@id":"https:\/\/www.pressenza.com\/it\/2015\/02\/serbia-e-croazia-giudizio\/#primaryimage"},"image":{"@id":"https:\/\/www.pressenza.com\/it\/2015\/02\/serbia-e-croazia-giudizio\/#primaryimage"},"thumbnailUrl":"https:\/\/www.pressenza.com\/wp-content\/uploads\/2015\/02\/Serb_refugees_Croatia.jpg","datePublished":"2015-02-03T17:23:26+00:00","description":"&nbsp; Non c'\u00e8 dubbio che il 1999 sia stato un anno di svolta nel sistema delle relazioni internazionali. Nella primavera si svolge il vertice strategico","breadcrumb":{"@id":"https:\/\/www.pressenza.com\/it\/2015\/02\/serbia-e-croazia-giudizio\/#breadcrumb"},"inLanguage":"it-IT","potentialAction":[{"@type":"ReadAction","target":["https:\/\/www.pressenza.com\/it\/2015\/02\/serbia-e-croazia-giudizio\/"]}]},{"@type":"ImageObject","inLanguage":"it-IT","@id":"https:\/\/www.pressenza.com\/it\/2015\/02\/serbia-e-croazia-giudizio\/#primaryimage","url":"https:\/\/www.pressenza.com\/wp-content\/uploads\/2015\/02\/Serb_refugees_Croatia.jpg","contentUrl":"https:\/\/www.pressenza.com\/wp-content\/uploads\/2015\/02\/Serb_refugees_Croatia.jpg","width":492,"height":484},{"@type":"BreadcrumbList","@id":"https:\/\/www.pressenza.com\/it\/2015\/02\/serbia-e-croazia-giudizio\/#breadcrumb","itemListElement":[{"@type":"ListItem","position":1,"name":"Accueil","item":"https:\/\/www.pressenza.com\/it\/"},{"@type":"ListItem","position":2,"name":"Serbia e Croazia a giudizio"}]},{"@type":"WebSite","@id":"https:\/\/www.pressenza.com\/it\/#website","url":"https:\/\/www.pressenza.com\/it\/","name":"Pressenza","description":"Agenzia di Stampa Internazionale","publisher":{"@id":"https:\/\/www.pressenza.com\/it\/#organization"},"potentialAction":[{"@type":"SearchAction","target":{"@type":"EntryPoint","urlTemplate":"https:\/\/www.pressenza.com\/it\/?s={search_term_string}"},"query-input":{"@type":"PropertyValueSpecification","valueRequired":true,"valueName":"search_term_string"}}],"inLanguage":"it-IT"},{"@type":"Organization","@id":"https:\/\/www.pressenza.com\/it\/#organization","name":"Pressenza","url":"https:\/\/www.pressenza.com\/it\/","logo":{"@type":"ImageObject","inLanguage":"it-IT","@id":"https:\/\/www.pressenza.com\/it\/#\/schema\/logo\/image\/","url":"https:\/\/www.pressenza.com\/wp-content\/uploads\/2022\/10\/pressenza_logo_200x200.jpg","contentUrl":"https:\/\/www.pressenza.com\/wp-content\/uploads\/2022\/10\/pressenza_logo_200x200.jpg","width":200,"height":200,"caption":"Pressenza"},"image":{"@id":"https:\/\/www.pressenza.com\/it\/#\/schema\/logo\/image\/"},"sameAs":["https:\/\/www.facebook.com\/PressenzaItalia","https:\/\/x.com\/PressenzaIPA"]},{"@type":"Person","@id":"https:\/\/www.pressenza.com\/it\/#\/schema\/person\/065812a20954baed70c01f7c30620d66","name":"Gianmarco Pisa","url":"https:\/\/www.pressenza.com\/it\/author\/gianmarco-pisa\/"}]}},"place":"","original_article_url":"","_links":{"self":[{"href":"https:\/\/www.pressenza.com\/it\/wp-json\/wp\/v2\/posts\/159457","targetHints":{"allow":["GET"]}}],"collection":[{"href":"https:\/\/www.pressenza.com\/it\/wp-json\/wp\/v2\/posts"}],"about":[{"href":"https:\/\/www.pressenza.com\/it\/wp-json\/wp\/v2\/types\/post"}],"author":[{"embeddable":true,"href":"https:\/\/www.pressenza.com\/it\/wp-json\/wp\/v2\/users\/986"}],"replies":[{"embeddable":true,"href":"https:\/\/www.pressenza.com\/it\/wp-json\/wp\/v2\/comments?post=159457"}],"version-history":[{"count":0,"href":"https:\/\/www.pressenza.com\/it\/wp-json\/wp\/v2\/posts\/159457\/revisions"}],"wp:featuredmedia":[{"embeddable":true,"href":"https:\/\/www.pressenza.com\/it\/wp-json\/wp\/v2\/media\/159458"}],"wp:attachment":[{"href":"https:\/\/www.pressenza.com\/it\/wp-json\/wp\/v2\/media?parent=159457"}],"wp:term":[{"taxonomy":"category","embeddable":true,"href":"https:\/\/www.pressenza.com\/it\/wp-json\/wp\/v2\/categories?post=159457"},{"taxonomy":"post_tag","embeddable":true,"href":"https:\/\/www.pressenza.com\/it\/wp-json\/wp\/v2\/tags?post=159457"}],"curies":[{"name":"wp","href":"https:\/\/api.w.org\/{rel}","templated":true}]}}