{"id":1593851,"date":"2022-05-29T09:05:15","date_gmt":"2022-05-29T08:05:15","guid":{"rendered":"https:\/\/www.pressenza.com\/?p=1593851"},"modified":"2022-05-29T09:11:37","modified_gmt":"2022-05-29T08:11:37","slug":"i-mecheros-della-morte-nellamazzonia-ecuadoriana","status":"publish","type":"post","link":"https:\/\/www.pressenza.com\/it\/2022\/05\/i-mecheros-della-morte-nellamazzonia-ecuadoriana\/","title":{"rendered":"I mecheros della morte nell&#8217;Amazzonia ecuadoriana"},"content":{"rendered":"<p class=\"western\" lang=\"it-IT\" align=\"justify\"><span style=\"font-size: small;\"><span style=\"font-size: medium;\"><b>9<\/b><\/span><b> <\/b><span style=\"font-size: medium;\"><b>bambine<\/b><\/span><b> <\/b><span style=\"font-size: medium;\"><b>dell&#8217;Amazzonia<\/b><\/span><b> <\/b><span style=\"font-size: medium;\"><b>ecuadoriana<\/b><\/span><b> <\/b><span style=\"font-size: medium;\"><b>hanno<\/b><\/span><b> <\/b><span style=\"font-size: medium;\"><b>vinto<\/b><\/span><b> <\/b><span style=\"font-size: medium;\"><b>la<\/b><\/span><b> <\/b><span style=\"font-size: medium;\"><b>causa<\/b><\/span><b> <\/b><span style=\"font-size: medium;\"><b>contro<\/b><\/span><b> <\/b><span style=\"font-size: medium;\"><b>lo<\/b><\/span><b> <\/b><span style=\"font-size: medium;\"><b>stato.<\/b><\/span><b> <\/b><span style=\"font-size: medium;\"><b>Ma<\/b><\/span><b> <\/b><span style=\"font-size: medium;\"><b>ancora<\/b><\/span><b> <\/b><span style=\"font-size: medium;\"><b>nessuna<\/b><\/span><b> <\/b><span style=\"font-size: medium;\"><b>azione reale \u00e8 stata portata avanti, anzi. Si aprono altri giacimenti e nuovi mecheros sono in<\/b><\/span><b> <\/b><span style=\"font-size: medium;\"><b>programma.<\/b><\/span><\/span><\/p>\n<p class=\"western\" lang=\"it-IT\" align=\"justify\">Di giorno e di notte, parte della foresta amazzonica ecuadoriana \u00e8 illuminata da &#8220;torce&#8221; giganti, torri di fuoco alte metri. Sono i cosiddetti &#8220;mecheros&#8221; della morte, gli &#8220;accendini&#8221; delle stazioni petrolifere che bruciano enormi quantit\u00e0 di gas 24 ore su 24, da 55 anni.<\/p>\n<p class=\"western\" lang=\"it-IT\" align=\"justify\">Il primo mechero fu installato dalla multinazionale Chevron-Texaco quando inaugur\u00f2 il pozzo petrolifero n\u00b01 della regione, nel 1967. Da allora lo sfruttamento del territorio legato al petrolio non \u00e8 che aumentato, e ora sono molte le aziende nazionali e transnazionali impegnate nell&#8217;estrazione del cosiddetto &#8220;oro nero&#8221;.<\/p>\n<p class=\"western\" lang=\"it-IT\" align=\"justify\">Oggi, sono almeno 447 i mecheros attivi; 232 nella provincia de Orellana e 210 a Sucumb\u00edos, 2 nel Napo e 3 a Pastaza. Sono tra le zone pi\u00f9 inquinate di tutta l&#8217;America, con uno dei tassi di tumore pi\u00f9 alto del mondo. Nel febbraio 2020, nove bambine tra i 6 e i 14 anni hanno lanciato un&#8217;azione di richiesta di protezione costituzionale contro lo stato ecuadoriano, per chiedere l&#8217;eliminazione dei &#8220;mecheros della morte&#8221;, invocando la violazione del diritto alla salute, all&#8217;acqua, alla sovranit\u00e0 alimentare e alla vita in un ambiente sano ed equilibrato, sanciti nella costituzione ecuadoriana.<\/p>\n<p class=\"western\" lang=\"it-IT\" align=\"justify\">&#8220;I mecheros ci stanno uccidendo&#8221; dice Leonela Moncayo, 11 anni, una delle bambine promotrici della causa. Vive a poche decine di metri da una delle torri di fuoco, nella provincia di Sucumb\u00edos. &#8220;Le ceneri espulse dai mecheros cadono nei fiumi, sulle piante, sulla terra su cui viviamo. Provocano pioggia acida. Uccidono gli animali, i fiori, e gli alberi non danno pi\u00f9 frutti. L&#8217;acqua che raccogliamo per bere \u00e8 contaminata, la terra non si pu\u00f2 coltivare. Tutto \u00e9 inquinato.&#8221;<\/p>\n<p class=\"western\" lang=\"it-IT\" align=\"justify\">I casi di tumore sono altissimi, soprattutto tra le donne. Ma nessun ente governativo effettua ricerche: \u00e9 la UDAPT, la Unione delle vittime delle operazioni petroliere della Texaco, e la Cl\u00ednica Ambiental, un&#8217;associazione che si occupa di tracciare i casi e fare informazione nelle comunit\u00e0 della regione. &#8220;Il 72% delle vittime dei tumori sono donne. La maggioranza \u00e8 destinata a morire, dato che non esiste nemmeno una clinica oncologica nella regione e gli ospedali sono lontani e spesso a pagamento.<\/p>\n<p class=\"western\" lang=\"it-IT\" align=\"justify\">Inoltre, i malati ricevono solo una minima parte dei soldi che lo stato ecuadoriano gli dovrebbe erogare secondo la Legge&#8221; afferma Patricia Requelme, referente della UDAPT. Nella zona, si stima che i casi di tumore superino i 500 ogni 100.000 abitanti. Uno tra i tassi pi\u00f9 alti del mondo. Oltre ai tumori, le malattie respiratorie e della pelle sono anch&#8217;esse molto, troppo numerose.<\/p>\n<p class=\"western\" lang=\"it-IT\" align=\"justify\">Denisse N\u00fa\u00f1ez Samaniego, un&#8217;altra delle bambine che ha mosso causa allo stato, ha 14 anni. Vive nel nord dell&#8217;Amazzonia, nella provincia di Orellana. La sua breve vita, l&#8217;ha vissuta all&#8217;ombra dei mecheros: uno a 500 metri da casa, uno accanto alla sua scuola, uno al lavoro della madre. La mamma ha un tumore alla tiroide; due zii sono morti di tumore, cos\u00ec come una sua giovanissima compagna di classe. &#8220;E&#8217; per il nostro futuro che lottiamo&#8221;. E di nuovo: &#8220;I mecheros ci stanno uccidendo&#8221;.<\/p>\n<p class=\"western\" lang=\"it-IT\" align=\"justify\"><strong>Il \u201ccaso Mecheros\u201d<\/strong><\/p>\n<p class=\"western\" lang=\"it-IT\" align=\"justify\">Nonostante l&#8217;evidente danno ambientale e alla salute provocato dai mecheros, la causa mossa dalle bambine fu inizialmente respinta dalla corte. Solo dopo il ricorso e mesi di attesa e manifestazioni pubbliche, la richiesta \u00e9 stata accolta, nell&#8217;ottobre 2021. Tuttavia, la sentenza parla chiaro e mostra nitidamente di chi lo stato ecuadoriano cerca di proteggere gli interessi.<\/p>\n<p class=\"western\" lang=\"it-IT\" align=\"justify\">Si parla di &#8220;piano progressivo per l&#8217;eliminazione graduale dei mecheros&#8221; e pone delle date a lunghissimo termine per metterlo in atto. La sentenza emessa stabilisce un periodo di otto anni per l&#8217;eliminazione generale dei mecheros, ossia entro il 2030, e di 18 mesi per lo spegnimento di quelli &#8220;vicini&#8221; a un nucleo abitato. Peccato che non si specifichi n\u00e9 cosa si intenda per &#8220;vicino&#8221;, n\u00e9 per &#8220;nucleo abitato&#8221;. Una sentenza volutamente imprecisa e non chiara, per permettere alle multinazionali di giocare nelle zone d&#8217;ombra della legge.<\/p>\n<p class=\"western\" lang=\"it-IT\" align=\"justify\">I 18 mesi scadono ad aprile 2023. Per ora, accompagnati da una grande risonanza mediatica, alcuni mecheros sono stati spenti, e gi\u00e0 &#8211; nel silenzio &#8211; le imprese si muovono per concordare con lo stato ecuadoriano l&#8217;apertura di nuovi giacimenti, e quindi di nuovi mecheros in tutta la regione. Inoltre, il monitoraggio della UDAPT ha rilevato un incremento dell&#8217;attivit\u00e0 dei mecheros che si trovano nelle vicinanze di quelli spenti. Alla luce di ci\u00f2, il piano delle multinazionali petrolifere pare essere quello di far confluire il gas delle strutture eliminate in altre ancora in funzione; rimane quindi invariata la quantit\u00e0 di gas bruciato, cos\u00ec come le sue conseguenze, mentre sulla carta quest\u2019ultime possono dimostrare di rimanere in linea con la sentenza e con la legge.<\/p>\n<p class=\"western\" lang=\"it-IT\" align=\"justify\">La UDAPT, basandosi su studi sulla salute e di impatto ambientale, chiede che vengano eliminati entro i 18 mesi tutti i mecheros nel raggio di 5 km dai nuclei abitati; cos\u00ec facendo, 430 mecheros dovrebbero essere spenti subito. I restanti, secondo la UDAPT, dovrebbero essere eliminati per tutelare gli animali ed i Diritti della Natura, esplicitamente sanciti dalla Costituzione ecuadoriana.<\/p>\n<p class=\"western\" lang=\"it-IT\" align=\"justify\"><strong>L\u2019inquinamento dell\u2019Amazzonia<\/strong><\/p>\n<p class=\"western\" lang=\"it-IT\" align=\"justify\">Secondo i dati della Banca Mondiale, la combustione del gas naturale \u00e8 uno delle cause maggiori del cambio climatico. Ogni anno, provoca le emissioni di pi\u00f9 di 300 milioni di tonnellate di CO2 nell&#8217;atmosfera, molto pi\u00f9 di tutto ci\u00f2 che emette l&#8217;intero Ecuador ogni anno.<\/p>\n<p class=\"western\" lang=\"it-IT\" align=\"justify\">Un inquinamento gratuito, e immenso.<\/p>\n<p class=\"western\" lang=\"it-IT\" align=\"justify\">Di fatto l\u2019industria petrolifera e lo stato ecuadoriano potrebbero sfruttare e utilizzare il gas, che esce mentre si aspira l&#8217;oro nero dalla terra. Con esso si potrebbe produrre elettricit\u00e0, sostituendo i generatori a diesel utilizzati dalle imprese stesse, o &#8211; pi\u00f9 semplicemente &#8211; supplire le importazioni di gas con quello prodotto e bruciato inutilmente 24\/h al giorno.<\/p>\n<p class=\"western\" lang=\"it-IT\" align=\"justify\">L&#8217;Ecuador spende ogni anno pi\u00f9 di 600 milioni di dollari in importazione di gas per il consumo interno. Si stima che con i mecheros se ne brucino circa quattro volte tanto. Tutto ci\u00f2 con i soldi dei cittadini ecuadoriani. Infatti, il prezzo del gas \u00e9 calmierato, finanziato dalle tasse pagate dai cittadini e attraverso l&#8217;aumento del debito pubblico. Se si usasse il gas estratto e bruciato, i vantaggi sarebbero enormi sia dal punto di vista economico che, soprattutto, ecologico. Sarebbe di grande aiuto per la riduzione delle emissioni di gas effetto serra, impegno tra l&#8217;altro preso dall&#8217;Ecuador proprio nell&#8217;ultima Assemblea generale per il clima, la COP26. La domanda sorge spontanea: perch\u00e9 non si fa? Molto probabilmente &#8211; nessun governo lo dichiarerebbe mai &#8211; si tratta di accordi interni tra stato e multinazionali del gas.<\/p>\n<p class=\"western\" lang=\"it-IT\" align=\"justify\">Business, ancora una volta. Che spinge a bruciare il gas per comprarlo importandolo dall&#8217;estero, per i benefici di grandi aziende straniere. &#8220;Il problema \u00e8 che il profitto delle aziende petrolifere viene messo davanti alla salute delle persone, e alla vita della natura&#8221; dice Leonel Piaguaje, rappresentante della nazionalit\u00e0 Siekopai. &#8220;Qui per l&#8217;economia petrolifera si stanno estinguendo culture millenarie insieme ad una natura un tempo senza eguali. La biodiversit\u00e0 della regione amazzonica \u00e8 unica e insostituibile, \u00e8 il cuore verde del mondo. Le conseguenze dell&#8217;estrazione petrolifera sono incalcolabili, molto pi\u00f9 impattanti qua che nel deserto di Dubai&#8221; Un sorriso triste. &#8220;Il problema \u00e8 questa concezione di dominio dell&#8217;uomo sulla natura&#8221;.<\/p>\n<p class=\"western\" lang=\"it-IT\" align=\"justify\">Le conseguenze dell&#8217;estrazione petrolifera nell&#8217;Amazzonia ecuadoriana sono devastanti: tra i &#8220;derrames&#8221;, le fuoriuscite di petrolio legate alla scarsa o assente manutenzione delle tuberie e ai rischi costanti dei pozzi, e i mecheros, questo pezzo di terra sta diventando invivibile.<\/p>\n<p class=\"western\" lang=\"it-IT\" align=\"justify\">Molte delle comunit\u00e0 indigene della zona sono state costrette ad abbandonare la loro terra, mentre chi resta \u00e9 colpito da malattie, e dall&#8217;indigenza legata alla distruzione del loro stile di vita.<\/p>\n<p class=\"western\" lang=\"it-IT\" align=\"justify\">Willian Lucitante \u00e8 un altro dei leader della UDAPT, della nazionalit\u00e0 Cof\u00e1n. &#8220;Il mio popolo al tempo dell&#8217;arrivo di Texaco negli anni &#8217;60, contava pi\u00f9 di 4.000 persone. Oggi, siamo circa 1200.&#8221; Conseguenze dello sfruttamento della natura e dell&#8217;inquinamento legato alle numerose aziende petrolifere che operano nel settore. &#8220;Molti sono morti. Molti sono stati costretti a cambiare vita. Noi Cof\u00e1n vivevamo in armonia con la natura. Ma quando essa viene calpestata, le nostre terre sottratte, gli animali e le piante uccisi dal petrolio, moriamo anche noi&#8221;.<\/p>\n<p class=\"western\" lang=\"it-IT\" align=\"justify\">L&#8217;acqua \u00e8 la base della vita, soprattutto per quelle comunit\u00e0 &#8211; come qui in Amazzonia &#8211; che sono strettamente legate alle fonti naturali. Non ci sono sistemi idrici statali, non esistono acquedotti pubblici.<\/p>\n<p class=\"western\" lang=\"it-IT\" align=\"justify\">Mariana Jim\u00e9nez Avar, membra di una delle comunit\u00e0 di Lago Agrio, conferma: &#8220;Abbiamo sempre usato l&#8217;acqua del fiume per bere, cucinare, lavare i vestiti, pescare, per tutto. Ora, quell&#8217;acqua \u00e8 contaminata dalle fuoriuscite di petrolio e dall&#8217;acqua di formazione che le imprese buttano direttamente nella natura. Allora, abbiamo iniziato a bere e usare l&#8217;acqua piovana. Ma anch&#8217;essa ormai \u00e8 inquinata, per colpa dei mecheros.&#8221;<\/p>\n<p class=\"western\" lang=\"it-IT\" align=\"justify\">Molte sono state le manifestazioni in questi anni in opposizione alla costruzione dei nuovi giacimenti e contro l&#8217;espropriazione dei terreni concessi alle multinazionali petrolifere. La richiesta da parte degli abitanti e dei popoli indigeni \u00e8 quella di vedere rispettati i propri diritti e la propria autodeterminazione culturale. Le compagnie petrolifere, al contrario, si sono sempre avvalse della complicit\u00e0 dello stato e delle sue forze militari e poliziesche per reprimere violentemente ogni opposizione.<\/p>\n<p class=\"western\" lang=\"it-IT\" align=\"justify\">Attraverso i tribunali hanno cercato di bloccare le proteste con accuse di sabotaggio e terrorismo, che implicano moltissimi anni di carcere. Molti i casi di minacce, corruzione, aggressioni fisiche fino ad arrivare ad omicidi mirati dei leader comunitari.<\/p>\n<p class=\"western\" lang=\"it-IT\" align=\"justify\"><strong>Le richieste delle comunit\u00e0<\/strong><\/p>\n<p class=\"western\" lang=\"it-IT\" align=\"justify\">Il collettivo che ha creato la campagna contro i mecheros chiede che non venga rilasciata nessuna autorizzazione e che i mecheros vengano spenti immediatamente. Chiedono che vengano rispettati i loro diritti, la loro autonomia, e la sentenza emessa dal Tribunale.<\/p>\n<p class=\"western\" lang=\"it-IT\" align=\"justify\">Il 24 marzo 2022 le organizzazioni facenti parte del collettivo \u201cApaguen los mecheros, encienden la vida\u201d (\u201cSpegnete i mecheros e accendete la vita\u201d), insieme a centinaia di persone facenti parte delle comunit\u00e0 danneggiate che si trovano vicino ai pozzi e ai mecheros, e ai rappresentanti di molte nazionalit\u00e0 indigene, si sono trovati a Quito sotto il Ministero dell\u2019energia e delle risorse non rinnovabili per protestare contro la devastazione dell\u2019Amazzonia ed esigere che lo stato smetta di vendere i permessi alle imprese per mantenere accesi i mecheros. Pretendono che vengano rispettati i loro diritti, e la sentenza emessa dal tribunale che sancisce il completo spegnimento del sistema di combustione del gas associato.<\/p>\n<p class=\"western\" lang=\"it-IT\" align=\"justify\">Ci sono stati incontri istituzionali con la Assemblea Nazionale, con la Defensor\u00eda del Pueblo e con rappresentanti del Ministero, che hanno speso tante parole e promesse di maggior controllo sulle imprese, di analisi di impatto ambientale e sulla salute umana; in ogni caso fino ad oggi, nessuna azione concreta \u00e8 ancora stata avviata dal governo, n\u00e8 da nessun Ministero e\/o ente amministrativo associato.<\/p>\n<p class=\"western\" lang=\"it-IT\" align=\"justify\">Gli abitanti della regione sono stanchi dopo 30 anni di lotte per la giustizia ambientale e per la loro stessa vita: promettono altre mobilitazioni, e cercano appoggio internazionale per far pressione sul governo affinch\u00e9 rispetti la legge della sua stessa costituzione.<\/p>\n<p class=\"western\" lang=\"it-IT\" align=\"justify\">E&#8217; dagli anni &#8217;60 che lo stato afferma che grazie al petrolio l&#8217;Ecuador sarebbe uscito dalla povert\u00e0. Invece, il debito pubblico \u00e8 aumentato enormemente con l&#8217;estrazione petrolifera, senza contare i danni umani e ambientali. Gli indici di povert\u00e0 si aggirano intorno al 32% a livello nazionale ecuadoriano, ma nella regione amazzonica (che detiene pi\u00f9 del 90% di tutti i pozzi petroliferi dell&#8217;Ecuador), il tasso di povert\u00e0 si aggira intorno al 60%. Il petrolio, in questa zona, non ha creato ricchezza, anzi: ha aumentato il livello di povert\u00e0, di indigenza e malattia.<\/p>\n<p class=\"western\" lang=\"it-IT\" align=\"justify\">Intanto, il presidente dell&#8217;Ecuador, Guillermo Lasso, ha annunciato la volont\u00e0 di aprire nuovi giacimenti petroliferi nello Yasun\u00ed &#8211; patrimonio mondiale per la biodiversit\u00e0 nonch\u00e9 terra delle uniche comunit\u00e0 non contattate dell&#8217;Ecuador &#8211; nonostante in campagna elettorale aveva promesso la protezione dell&#8217;area.<\/p>\n<p class=\"western\" lang=\"it-IT\" align=\"justify\">La volont\u00e0 del governo \u00e9 infatti quella di raddoppiare l\u2019estrazione di petrolio, passando da una media di<\/p>\n<p class=\"western\" lang=\"it-IT\" align=\"justify\">530.000 barili diari, fino ad un milione al giorno.<\/p>\n<p class=\"western\" lang=\"it-IT\" align=\"justify\">Il prezzo? Un costo naturale e umano incommensurabile.<\/p>\n<p lang=\"it-IT\"><strong>Giulia Cillerai, Monica Cillerai,\u00a0Francesco Maria Cricchio, \u00a0Comunicazione UDAPT<\/strong><\/p>\n<p class=\"western\" lang=\"it-IT\">\n","protected":false},"excerpt":{"rendered":"<p>9 bambine dell&#8217;Amazzonia ecuadoriana hanno vinto la causa contro lo stato. Ma ancora nessuna azione reale \u00e8 stata portata avanti, anzi. Si aprono altri giacimenti e nuovi mecheros sono in programma. Di giorno e di notte, parte della foresta amazzonica&hellip;<\/p>\n","protected":false},"author":1492,"featured_media":1593852,"comment_status":"closed","ping_status":"closed","sticky":false,"template":"","format":"standard","meta":{"footnotes":""},"categories":[11388,60,59,48],"tags":[7734,1550,102345],"class_list":["post-1593851","post","type-post","status-publish","format-standard","has-post-thumbnail","hentry","category-contenuti-originali","category-diritti-umani","category-ambiente-ecologia","category-sud-america","tag-amazzonia","tag-ecuador-it","tag-mecheros"],"yoast_head":"<!-- This site is optimized with the Yoast SEO plugin v27.1.1 - https:\/\/yoast.com\/product\/yoast-seo-wordpress\/ -->\n<title>I mecheros della morte nell&#039;Amazzonia ecuadoriana<\/title>\n<meta name=\"description\" content=\"9 bambine dell&#039;Amazzonia ecuadoriana hanno vinto la causa contro lo stato. Ma ancora nessuna azione reale \u00e8 stata portata avanti, anzi. Si aprono altri\" \/>\n<meta name=\"robots\" content=\"index, follow, max-snippet:-1, max-image-preview:large, max-video-preview:-1\" \/>\n<link rel=\"canonical\" href=\"https:\/\/www.pressenza.com\/it\/2022\/05\/i-mecheros-della-morte-nellamazzonia-ecuadoriana\/\" \/>\n<meta property=\"og:locale\" content=\"it_IT\" \/>\n<meta property=\"og:type\" content=\"article\" \/>\n<meta property=\"og:title\" content=\"I mecheros della morte nell&#039;Amazzonia ecuadoriana\" \/>\n<meta property=\"og:description\" content=\"9 bambine dell&#039;Amazzonia ecuadoriana hanno vinto la causa contro lo stato. Ma ancora nessuna azione reale \u00e8 stata portata avanti, anzi. Si aprono altri\" \/>\n<meta property=\"og:url\" content=\"https:\/\/www.pressenza.com\/it\/2022\/05\/i-mecheros-della-morte-nellamazzonia-ecuadoriana\/\" \/>\n<meta property=\"og:site_name\" content=\"Pressenza\" \/>\n<meta property=\"article:publisher\" content=\"https:\/\/www.facebook.com\/PressenzaItalia\" \/>\n<meta property=\"article:published_time\" content=\"2022-05-29T08:05:15+00:00\" \/>\n<meta property=\"article:modified_time\" content=\"2022-05-29T08:11:37+00:00\" \/>\n<meta property=\"og:image\" content=\"https:\/\/www.pressenza.com\/wp-content\/uploads\/2022\/05\/protesta-mecheros-ecuador-amazonas.jpg\" \/>\n\t<meta property=\"og:image:width\" content=\"1056\" \/>\n\t<meta property=\"og:image:height\" content=\"688\" \/>\n\t<meta property=\"og:image:type\" content=\"image\/jpeg\" \/>\n<meta name=\"author\" content=\"Francesco Maria Cricchio\" \/>\n<meta name=\"twitter:card\" content=\"summary_large_image\" \/>\n<meta name=\"twitter:creator\" content=\"@PressenzaIPA\" \/>\n<meta name=\"twitter:site\" content=\"@PressenzaIPA\" \/>\n<meta name=\"twitter:label1\" content=\"Scritto da\" \/>\n\t<meta name=\"twitter:data1\" content=\"Francesco Maria Cricchio\" \/>\n\t<meta name=\"twitter:label2\" content=\"Tempo di lettura stimato\" \/>\n\t<meta name=\"twitter:data2\" content=\"11 minuti\" \/>\n<script type=\"application\/ld+json\" class=\"yoast-schema-graph\">{\"@context\":\"https:\/\/schema.org\",\"@graph\":[{\"@type\":\"Article\",\"@id\":\"https:\/\/www.pressenza.com\/it\/2022\/05\/i-mecheros-della-morte-nellamazzonia-ecuadoriana\/#article\",\"isPartOf\":{\"@id\":\"https:\/\/www.pressenza.com\/it\/2022\/05\/i-mecheros-della-morte-nellamazzonia-ecuadoriana\/\"},\"author\":{\"name\":\"Francesco Maria Cricchio\",\"@id\":\"https:\/\/www.pressenza.com\/it\/#\/schema\/person\/e49d968e4f589acd15d36b227ed373b9\"},\"headline\":\"I mecheros della morte nell&#8217;Amazzonia ecuadoriana\",\"datePublished\":\"2022-05-29T08:05:15+00:00\",\"dateModified\":\"2022-05-29T08:11:37+00:00\",\"mainEntityOfPage\":{\"@id\":\"https:\/\/www.pressenza.com\/it\/2022\/05\/i-mecheros-della-morte-nellamazzonia-ecuadoriana\/\"},\"wordCount\":2011,\"publisher\":{\"@id\":\"https:\/\/www.pressenza.com\/it\/#organization\"},\"image\":{\"@id\":\"https:\/\/www.pressenza.com\/it\/2022\/05\/i-mecheros-della-morte-nellamazzonia-ecuadoriana\/#primaryimage\"},\"thumbnailUrl\":\"https:\/\/www.pressenza.com\/wp-content\/uploads\/2022\/05\/protesta-mecheros-ecuador-amazonas.jpg\",\"keywords\":[\"Amazzonia\",\"Ecuador\",\"mecheros\"],\"articleSection\":[\"contenuti originali\",\"Diritti Umani\",\"Ecologia ed Ambiente\",\"Sud America\"],\"inLanguage\":\"it-IT\"},{\"@type\":\"WebPage\",\"@id\":\"https:\/\/www.pressenza.com\/it\/2022\/05\/i-mecheros-della-morte-nellamazzonia-ecuadoriana\/\",\"url\":\"https:\/\/www.pressenza.com\/it\/2022\/05\/i-mecheros-della-morte-nellamazzonia-ecuadoriana\/\",\"name\":\"I mecheros della morte nell'Amazzonia ecuadoriana\",\"isPartOf\":{\"@id\":\"https:\/\/www.pressenza.com\/it\/#website\"},\"primaryImageOfPage\":{\"@id\":\"https:\/\/www.pressenza.com\/it\/2022\/05\/i-mecheros-della-morte-nellamazzonia-ecuadoriana\/#primaryimage\"},\"image\":{\"@id\":\"https:\/\/www.pressenza.com\/it\/2022\/05\/i-mecheros-della-morte-nellamazzonia-ecuadoriana\/#primaryimage\"},\"thumbnailUrl\":\"https:\/\/www.pressenza.com\/wp-content\/uploads\/2022\/05\/protesta-mecheros-ecuador-amazonas.jpg\",\"datePublished\":\"2022-05-29T08:05:15+00:00\",\"dateModified\":\"2022-05-29T08:11:37+00:00\",\"description\":\"9 bambine dell'Amazzonia ecuadoriana hanno vinto la causa contro lo stato. Ma ancora nessuna azione reale \u00e8 stata portata avanti, anzi. Si aprono altri\",\"breadcrumb\":{\"@id\":\"https:\/\/www.pressenza.com\/it\/2022\/05\/i-mecheros-della-morte-nellamazzonia-ecuadoriana\/#breadcrumb\"},\"inLanguage\":\"it-IT\",\"potentialAction\":[{\"@type\":\"ReadAction\",\"target\":[\"https:\/\/www.pressenza.com\/it\/2022\/05\/i-mecheros-della-morte-nellamazzonia-ecuadoriana\/\"]}]},{\"@type\":\"ImageObject\",\"inLanguage\":\"it-IT\",\"@id\":\"https:\/\/www.pressenza.com\/it\/2022\/05\/i-mecheros-della-morte-nellamazzonia-ecuadoriana\/#primaryimage\",\"url\":\"https:\/\/www.pressenza.com\/wp-content\/uploads\/2022\/05\/protesta-mecheros-ecuador-amazonas.jpg\",\"contentUrl\":\"https:\/\/www.pressenza.com\/wp-content\/uploads\/2022\/05\/protesta-mecheros-ecuador-amazonas.jpg\",\"width\":1056,\"height\":688},{\"@type\":\"BreadcrumbList\",\"@id\":\"https:\/\/www.pressenza.com\/it\/2022\/05\/i-mecheros-della-morte-nellamazzonia-ecuadoriana\/#breadcrumb\",\"itemListElement\":[{\"@type\":\"ListItem\",\"position\":1,\"name\":\"Accueil\",\"item\":\"https:\/\/www.pressenza.com\/it\/\"},{\"@type\":\"ListItem\",\"position\":2,\"name\":\"I mecheros della morte nell&#8217;Amazzonia ecuadoriana\"}]},{\"@type\":\"WebSite\",\"@id\":\"https:\/\/www.pressenza.com\/it\/#website\",\"url\":\"https:\/\/www.pressenza.com\/it\/\",\"name\":\"Pressenza\",\"description\":\"Agenzia di Stampa Internazionale\",\"publisher\":{\"@id\":\"https:\/\/www.pressenza.com\/it\/#organization\"},\"potentialAction\":[{\"@type\":\"SearchAction\",\"target\":{\"@type\":\"EntryPoint\",\"urlTemplate\":\"https:\/\/www.pressenza.com\/it\/?s={search_term_string}\"},\"query-input\":{\"@type\":\"PropertyValueSpecification\",\"valueRequired\":true,\"valueName\":\"search_term_string\"}}],\"inLanguage\":\"it-IT\"},{\"@type\":\"Organization\",\"@id\":\"https:\/\/www.pressenza.com\/it\/#organization\",\"name\":\"Pressenza\",\"url\":\"https:\/\/www.pressenza.com\/it\/\",\"logo\":{\"@type\":\"ImageObject\",\"inLanguage\":\"it-IT\",\"@id\":\"https:\/\/www.pressenza.com\/it\/#\/schema\/logo\/image\/\",\"url\":\"https:\/\/www.pressenza.com\/wp-content\/uploads\/2022\/10\/pressenza_logo_200x200.jpg\",\"contentUrl\":\"https:\/\/www.pressenza.com\/wp-content\/uploads\/2022\/10\/pressenza_logo_200x200.jpg\",\"width\":200,\"height\":200,\"caption\":\"Pressenza\"},\"image\":{\"@id\":\"https:\/\/www.pressenza.com\/it\/#\/schema\/logo\/image\/\"},\"sameAs\":[\"https:\/\/www.facebook.com\/PressenzaItalia\",\"https:\/\/x.com\/PressenzaIPA\"]},{\"@type\":\"Person\",\"@id\":\"https:\/\/www.pressenza.com\/it\/#\/schema\/person\/e49d968e4f589acd15d36b227ed373b9\",\"name\":\"Francesco Maria Cricchio\",\"description\":\"Nato a Modena, classe 94, sono laureato in Lingue e Culture Europee. Attualmente vivo a Vienna, dove studio Antropologia. Sono da sempre interessato a tematiche riguardanti le popolazioni indigene, specialmente per quanto riguarda i Nativi Americani, a questo proposito collaboro con Lance Henson, poeta e attivista Cheyenne. Scrivo per Pressenza di argomenti come diritti umani e popolazioni aborigene.\",\"url\":\"https:\/\/www.pressenza.com\/it\/author\/francesco-maria-cricchio\/\"}]}<\/script>\n<!-- \/ Yoast SEO plugin. -->","yoast_head_json":{"title":"I mecheros della morte nell'Amazzonia ecuadoriana","description":"9 bambine dell'Amazzonia ecuadoriana hanno vinto la causa contro lo stato. Ma ancora nessuna azione reale \u00e8 stata portata avanti, anzi. Si aprono altri","robots":{"index":"index","follow":"follow","max-snippet":"max-snippet:-1","max-image-preview":"max-image-preview:large","max-video-preview":"max-video-preview:-1"},"canonical":"https:\/\/www.pressenza.com\/it\/2022\/05\/i-mecheros-della-morte-nellamazzonia-ecuadoriana\/","og_locale":"it_IT","og_type":"article","og_title":"I mecheros della morte nell'Amazzonia ecuadoriana","og_description":"9 bambine dell'Amazzonia ecuadoriana hanno vinto la causa contro lo stato. Ma ancora nessuna azione reale \u00e8 stata portata avanti, anzi. Si aprono altri","og_url":"https:\/\/www.pressenza.com\/it\/2022\/05\/i-mecheros-della-morte-nellamazzonia-ecuadoriana\/","og_site_name":"Pressenza","article_publisher":"https:\/\/www.facebook.com\/PressenzaItalia","article_published_time":"2022-05-29T08:05:15+00:00","article_modified_time":"2022-05-29T08:11:37+00:00","og_image":[{"width":1056,"height":688,"url":"https:\/\/www.pressenza.com\/wp-content\/uploads\/2022\/05\/protesta-mecheros-ecuador-amazonas.jpg","type":"image\/jpeg"}],"author":"Francesco Maria Cricchio","twitter_card":"summary_large_image","twitter_creator":"@PressenzaIPA","twitter_site":"@PressenzaIPA","twitter_misc":{"Scritto da":"Francesco Maria Cricchio","Tempo di lettura stimato":"11 minuti"},"schema":{"@context":"https:\/\/schema.org","@graph":[{"@type":"Article","@id":"https:\/\/www.pressenza.com\/it\/2022\/05\/i-mecheros-della-morte-nellamazzonia-ecuadoriana\/#article","isPartOf":{"@id":"https:\/\/www.pressenza.com\/it\/2022\/05\/i-mecheros-della-morte-nellamazzonia-ecuadoriana\/"},"author":{"name":"Francesco Maria Cricchio","@id":"https:\/\/www.pressenza.com\/it\/#\/schema\/person\/e49d968e4f589acd15d36b227ed373b9"},"headline":"I mecheros della morte nell&#8217;Amazzonia ecuadoriana","datePublished":"2022-05-29T08:05:15+00:00","dateModified":"2022-05-29T08:11:37+00:00","mainEntityOfPage":{"@id":"https:\/\/www.pressenza.com\/it\/2022\/05\/i-mecheros-della-morte-nellamazzonia-ecuadoriana\/"},"wordCount":2011,"publisher":{"@id":"https:\/\/www.pressenza.com\/it\/#organization"},"image":{"@id":"https:\/\/www.pressenza.com\/it\/2022\/05\/i-mecheros-della-morte-nellamazzonia-ecuadoriana\/#primaryimage"},"thumbnailUrl":"https:\/\/www.pressenza.com\/wp-content\/uploads\/2022\/05\/protesta-mecheros-ecuador-amazonas.jpg","keywords":["Amazzonia","Ecuador","mecheros"],"articleSection":["contenuti originali","Diritti Umani","Ecologia ed Ambiente","Sud America"],"inLanguage":"it-IT"},{"@type":"WebPage","@id":"https:\/\/www.pressenza.com\/it\/2022\/05\/i-mecheros-della-morte-nellamazzonia-ecuadoriana\/","url":"https:\/\/www.pressenza.com\/it\/2022\/05\/i-mecheros-della-morte-nellamazzonia-ecuadoriana\/","name":"I mecheros della morte nell'Amazzonia ecuadoriana","isPartOf":{"@id":"https:\/\/www.pressenza.com\/it\/#website"},"primaryImageOfPage":{"@id":"https:\/\/www.pressenza.com\/it\/2022\/05\/i-mecheros-della-morte-nellamazzonia-ecuadoriana\/#primaryimage"},"image":{"@id":"https:\/\/www.pressenza.com\/it\/2022\/05\/i-mecheros-della-morte-nellamazzonia-ecuadoriana\/#primaryimage"},"thumbnailUrl":"https:\/\/www.pressenza.com\/wp-content\/uploads\/2022\/05\/protesta-mecheros-ecuador-amazonas.jpg","datePublished":"2022-05-29T08:05:15+00:00","dateModified":"2022-05-29T08:11:37+00:00","description":"9 bambine dell'Amazzonia ecuadoriana hanno vinto la causa contro lo stato. Ma ancora nessuna azione reale \u00e8 stata portata avanti, anzi. Si aprono altri","breadcrumb":{"@id":"https:\/\/www.pressenza.com\/it\/2022\/05\/i-mecheros-della-morte-nellamazzonia-ecuadoriana\/#breadcrumb"},"inLanguage":"it-IT","potentialAction":[{"@type":"ReadAction","target":["https:\/\/www.pressenza.com\/it\/2022\/05\/i-mecheros-della-morte-nellamazzonia-ecuadoriana\/"]}]},{"@type":"ImageObject","inLanguage":"it-IT","@id":"https:\/\/www.pressenza.com\/it\/2022\/05\/i-mecheros-della-morte-nellamazzonia-ecuadoriana\/#primaryimage","url":"https:\/\/www.pressenza.com\/wp-content\/uploads\/2022\/05\/protesta-mecheros-ecuador-amazonas.jpg","contentUrl":"https:\/\/www.pressenza.com\/wp-content\/uploads\/2022\/05\/protesta-mecheros-ecuador-amazonas.jpg","width":1056,"height":688},{"@type":"BreadcrumbList","@id":"https:\/\/www.pressenza.com\/it\/2022\/05\/i-mecheros-della-morte-nellamazzonia-ecuadoriana\/#breadcrumb","itemListElement":[{"@type":"ListItem","position":1,"name":"Accueil","item":"https:\/\/www.pressenza.com\/it\/"},{"@type":"ListItem","position":2,"name":"I mecheros della morte nell&#8217;Amazzonia ecuadoriana"}]},{"@type":"WebSite","@id":"https:\/\/www.pressenza.com\/it\/#website","url":"https:\/\/www.pressenza.com\/it\/","name":"Pressenza","description":"Agenzia di Stampa Internazionale","publisher":{"@id":"https:\/\/www.pressenza.com\/it\/#organization"},"potentialAction":[{"@type":"SearchAction","target":{"@type":"EntryPoint","urlTemplate":"https:\/\/www.pressenza.com\/it\/?s={search_term_string}"},"query-input":{"@type":"PropertyValueSpecification","valueRequired":true,"valueName":"search_term_string"}}],"inLanguage":"it-IT"},{"@type":"Organization","@id":"https:\/\/www.pressenza.com\/it\/#organization","name":"Pressenza","url":"https:\/\/www.pressenza.com\/it\/","logo":{"@type":"ImageObject","inLanguage":"it-IT","@id":"https:\/\/www.pressenza.com\/it\/#\/schema\/logo\/image\/","url":"https:\/\/www.pressenza.com\/wp-content\/uploads\/2022\/10\/pressenza_logo_200x200.jpg","contentUrl":"https:\/\/www.pressenza.com\/wp-content\/uploads\/2022\/10\/pressenza_logo_200x200.jpg","width":200,"height":200,"caption":"Pressenza"},"image":{"@id":"https:\/\/www.pressenza.com\/it\/#\/schema\/logo\/image\/"},"sameAs":["https:\/\/www.facebook.com\/PressenzaItalia","https:\/\/x.com\/PressenzaIPA"]},{"@type":"Person","@id":"https:\/\/www.pressenza.com\/it\/#\/schema\/person\/e49d968e4f589acd15d36b227ed373b9","name":"Francesco Maria Cricchio","description":"Nato a Modena, classe 94, sono laureato in Lingue e Culture Europee. Attualmente vivo a Vienna, dove studio Antropologia. Sono da sempre interessato a tematiche riguardanti le popolazioni indigene, specialmente per quanto riguarda i Nativi Americani, a questo proposito collaboro con Lance Henson, poeta e attivista Cheyenne. Scrivo per Pressenza di argomenti come diritti umani e popolazioni aborigene.","url":"https:\/\/www.pressenza.com\/it\/author\/francesco-maria-cricchio\/"}]}},"place":"","original_article_url":"","_links":{"self":[{"href":"https:\/\/www.pressenza.com\/it\/wp-json\/wp\/v2\/posts\/1593851","targetHints":{"allow":["GET"]}}],"collection":[{"href":"https:\/\/www.pressenza.com\/it\/wp-json\/wp\/v2\/posts"}],"about":[{"href":"https:\/\/www.pressenza.com\/it\/wp-json\/wp\/v2\/types\/post"}],"author":[{"embeddable":true,"href":"https:\/\/www.pressenza.com\/it\/wp-json\/wp\/v2\/users\/1492"}],"replies":[{"embeddable":true,"href":"https:\/\/www.pressenza.com\/it\/wp-json\/wp\/v2\/comments?post=1593851"}],"version-history":[{"count":0,"href":"https:\/\/www.pressenza.com\/it\/wp-json\/wp\/v2\/posts\/1593851\/revisions"}],"wp:featuredmedia":[{"embeddable":true,"href":"https:\/\/www.pressenza.com\/it\/wp-json\/wp\/v2\/media\/1593852"}],"wp:attachment":[{"href":"https:\/\/www.pressenza.com\/it\/wp-json\/wp\/v2\/media?parent=1593851"}],"wp:term":[{"taxonomy":"category","embeddable":true,"href":"https:\/\/www.pressenza.com\/it\/wp-json\/wp\/v2\/categories?post=1593851"},{"taxonomy":"post_tag","embeddable":true,"href":"https:\/\/www.pressenza.com\/it\/wp-json\/wp\/v2\/tags?post=1593851"}],"curies":[{"name":"wp","href":"https:\/\/api.w.org\/{rel}","templated":true}]}}