{"id":1592878,"date":"2022-05-28T09:20:41","date_gmt":"2022-05-28T08:20:41","guid":{"rendered":"https:\/\/www.pressenza.com\/?p=1592878"},"modified":"2022-05-28T09:20:41","modified_gmt":"2022-05-28T08:20:41","slug":"freeherface-la-nuova-campagna-a-sostegno-delle-giornaliste-afghane-obbligate-a-coprirsi-il-volto-in-tv","status":"publish","type":"post","link":"https:\/\/www.pressenza.com\/it\/2022\/05\/freeherface-la-nuova-campagna-a-sostegno-delle-giornaliste-afghane-obbligate-a-coprirsi-il-volto-in-tv\/","title":{"rendered":"#FreeHerFace, la nuova campagna a sostegno delle giornaliste afghane obbligate a coprirsi il volto in Tv"},"content":{"rendered":"<p>\u00c8 nata una nuova campagna sui social media, con l\u2019hashtag\u00a0<strong>#FreeHerFace<\/strong>, che vede giornalisti afghani maschi postare selfie con il volto coperto, in solidariet\u00e0 con le giornaliste afghane che devono affrontare un nuovo decreto telebano.<\/p>\n<p>I funzionari talebani hanno infatti annunciato all\u2019inizio di questo mese che tutte le donne e le ragazze potranno uscire di casa solo quando necessario e indossare abiti che le copriranno dalla testa ai piedi quando saranno in pubblico. Le punizioni per la violazione del decreto verranno inflitte anche ai loro familiari maschi. I leader talebani hanno risposto alle proteste dell\u2019opinione pubblica insistendo sul fatto che il decreto non \u00e8 obbligatorio, ma i loro stessi sforzi per applicarlo contraddicono queste dichiarazioni.<\/p>\n<p>Queste sono tra le restrizioni pi\u00f9 dure che il gruppo ha introdotto da quando \u00e8 tornato al potere in agosto ed \u00e8 l\u2019ennesima conferma dei timori di molti afghani avevano nei confronti dei talebani,\u00a0 sicuri che avrebbero reintrodotto regole rigide riportando l\u2019Afghanistan agli anni \u201990.<\/p>\n<p>Proprio pochi giorni fa, lo scorso 21 maggio, il\u00a0<strong>Ministero del Vizio e della Virt\u00f9<\/strong>\u00a0talebano ha ordinato a tutte le presentatrici televisive di coprirsi il volto, affermando che\u00a0<em>\u201cla decisione era definitiva e che non c\u2019era spazio per la discussione\u201d<\/em>. Questa norma viola palesemente i diritti delle donne alla libert\u00e0 di espressione, all\u2019autonomia personale e al credo religioso. Inoltre, impedir\u00e0 l\u2019accesso alle informazioni alle persone sorde o con problemi di udito che leggono il labiale o si affidano a indicazioni visive per capire le persone che parlano.<\/p>\n<p>In risposta all\u2019ordine, i conduttori maschili di alcuni dei principali canali d\u2019informazione, tra i quali\u00a0<strong>TOLOnews<\/strong>\u00a0e\u00a0<strong>1TVNews<\/strong>, in Afghanistan hanno indossato delle mascherine in onda in solidariet\u00e0 con le loro colleghe, un atto che ha dato vita alla campagna\u00a0<strong>#FreeHerFace\u00a0<\/strong>sui social media. Come ha scritto un\u2019attivista per i diritti delle donne,\u00a0<em>\u201cgli uomini afghani che si mostrano coperti in sostegno delle donne afghane non fanno solo un semplice gesto, ma \u00e8 una vera e propria svolta nella storia che cambier\u00e0 tutto. Fratelli coraggiosi. I giornalisti uomini che indossano maschere per il viso sono \u2013\u00a0<\/em>ha detto\u00a0<em>\u2013 uno dei pochi casi in cui gli uomini afghani stanno facendo qualcosa di simbolico, perch\u00e9 tutta la resistenza e le proteste contro il velo finora sono state fatte delle donne .\u201d<\/em><\/p>\n<p><strong>Human Rights Watch<\/strong>\u00a0sta esortando pi\u00f9 persone, compresi i diplomatici che si incontrano con i talebani, a mostrare sostegno alla campagna e parlare a favore dei diritti delle donne. <em>\u201cLe giornaliste sono solo le ultime vittime di quella che \u00e8 diventata la pi\u00f9 grave crisi dei diritti delle donne nel mondo\u201d,<\/em>\u00a0ha aggiunto l\u2019organizzazione. \u201c<em>Ma i talebani non sono immobili e una pressione coordinata ha il potenziale per incidere sulle loro decisioni\u201d.<\/em><\/p>\n<p>Sarebbe il caso che i governi occidentali che spesso si incontrano con i talebani manifestassero il sostegno alle donne giornaliste o meno, e facessero luce su questo continuo intensificarsi di violazioni dei diritti delle donne e delle ragazze da parte dei talebani.<\/p>\n<p>Anche perch\u00e9 questo potrebbe essere solo l\u2019anticipazione di una totale esclusione delle donne dalla tv e dagli organi di informazione. Come riporta il<strong> Guardian<\/strong>, \u201c<em>Alcune donne hanno iniziato a chiedersi se l\u2019ordine del velo fosse un preludio all\u2019essere completamente eliminate e mandate fuori onda, perch\u00e9 molti musulmani conservatori considerano la voce di una donna sessualmente eccitante e quindi non dovrebbe essere ascoltata in pubblico.\u201d<\/em><\/p>\n<p>Le giornaliste sono solo le ultime vittime di quella che \u00e8 diventata la pi\u00f9 grave crisi dei diritti delle donne nel mondo. Molte giornaliste afghane hanno subito discriminazioni e hanno lasciato il lavoro dopo l\u2019acquisizione da parte dei talebani. La\u00a0<strong>Federazione Internazionale dei Giornalisti<\/strong>\u00a0ha annunciato in un recente sondaggio che l\u201987% delle donne giornaliste ha subito discriminazioni di genere durante il regime talebano e il 60% ha perso il lavoro e la carriera.<\/p>\n<p><strong>Articolo 21<\/strong>\u00a0e la\u00a0<strong>FNSI Federazione Nazionale della Stampa<\/strong>\u00a0aderiscono all\u2019appello lanciato da\u00a0<strong>Asmae Dachan<\/strong>, giornalista italo-siriana socia di Articolo21 che sulle sue pagine social ha scritto:\u00a0<em>\u201cL\u2019immagine della collega giornalista afghana\u00a0<\/em><strong><em>Khatera Ahmadi<\/em><\/strong><em> \u00e8 diventata iconica del coraggio, della resilienza e della stanchezza delle donne afghane. Immaginiamoci lo stato emotivo in cui conduce il telegiornale, difendendo la sua professione, il suo ruolo, la sua e la nostra voce.<\/em><\/p>\n<p><em>I talebani vogliono cancellare le donne dalla storia, ma le donne afghane stanno resistendo con tutte le forze che hanno. Sui social \u00e8 stato lanciato l\u2019hashtag #FreeHerFace per condannare la re-imposizione del burqa.\u00a0<\/em><strong><em>Non lasciamo sole queste colleghe, queste donne a cui stanno negando tutti i diritti, dalla libert\u00e0 all\u2019istruzione.<\/em><\/strong>\u201d<\/p>\n<p>&nbsp;<\/p>\n","protected":false},"excerpt":{"rendered":"<p>\u00c8 nata una nuova campagna sui social media, con l\u2019hashtag\u00a0#FreeHerFace, che vede giornalisti afghani maschi postare selfie con il volto coperto, in solidariet\u00e0 con le giornaliste afghane che devono affrontare un nuovo decreto telebano. I funzionari talebani hanno infatti annunciato&hellip;<\/p>\n","protected":false},"author":1469,"featured_media":1592879,"comment_status":"closed","ping_status":"closed","sticky":false,"template":"","format":"standard","meta":{"footnotes":""},"categories":[46,56,60],"tags":[102318,459,568,67778,1634,5954],"class_list":["post-1592878","post","type-post","status-publish","format-standard","has-post-thumbnail","hentry","category-asia-it","category-cultura","category-diritti-umani","tag-freeherface","tag-afghanistan-it","tag-donne","tag-giornaliste","tag-solidarieta","tag-talebani"],"yoast_head":"<!-- This site is optimized with the Yoast SEO plugin v27.1.1 - https:\/\/yoast.com\/product\/yoast-seo-wordpress\/ -->\n<title>#FreeHerFace, la nuova campagna a sostegno delle giornaliste afghane obbligate a coprirsi il volto in Tv<\/title>\n<meta name=\"description\" content=\"\u00c8 nata una nuova campagna sui social media, con l\u2019hashtag\u00a0#FreeHerFace, che vede giornalisti afghani maschi postare selfie con il volto coperto, in\" \/>\n<meta name=\"robots\" content=\"index, follow, max-snippet:-1, max-image-preview:large, max-video-preview:-1\" \/>\n<link rel=\"canonical\" href=\"https:\/\/www.pressenza.com\/it\/2022\/05\/freeherface-la-nuova-campagna-a-sostegno-delle-giornaliste-afghane-obbligate-a-coprirsi-il-volto-in-tv\/\" \/>\n<meta property=\"og:locale\" content=\"it_IT\" \/>\n<meta property=\"og:type\" content=\"article\" \/>\n<meta property=\"og:title\" content=\"#FreeHerFace, la nuova campagna a sostegno delle giornaliste afghane obbligate a coprirsi il volto in Tv\" \/>\n<meta property=\"og:description\" content=\"\u00c8 nata una nuova campagna sui social media, con l\u2019hashtag\u00a0#FreeHerFace, che vede giornalisti afghani maschi postare selfie con il volto coperto, in\" \/>\n<meta property=\"og:url\" content=\"https:\/\/www.pressenza.com\/it\/2022\/05\/freeherface-la-nuova-campagna-a-sostegno-delle-giornaliste-afghane-obbligate-a-coprirsi-il-volto-in-tv\/\" \/>\n<meta property=\"og:site_name\" content=\"Pressenza\" \/>\n<meta property=\"article:publisher\" content=\"https:\/\/www.facebook.com\/PressenzaItalia\" \/>\n<meta property=\"article:published_time\" content=\"2022-05-28T08:20:41+00:00\" \/>\n<meta property=\"og:image\" content=\"https:\/\/www.pressenza.com\/wp-content\/uploads\/2022\/05\/Free-her-face-rit.jpg\" \/>\n\t<meta property=\"og:image:width\" content=\"1763\" \/>\n\t<meta property=\"og:image:height\" content=\"1449\" \/>\n\t<meta property=\"og:image:type\" content=\"image\/jpeg\" \/>\n<meta name=\"author\" content=\"Articolo 21\" \/>\n<meta name=\"twitter:card\" content=\"summary_large_image\" \/>\n<meta name=\"twitter:creator\" content=\"@PressenzaIPA\" \/>\n<meta name=\"twitter:site\" content=\"@PressenzaIPA\" \/>\n<meta name=\"twitter:label1\" content=\"Scritto da\" \/>\n\t<meta name=\"twitter:data1\" content=\"Articolo 21\" \/>\n\t<meta name=\"twitter:label2\" content=\"Tempo di lettura stimato\" \/>\n\t<meta name=\"twitter:data2\" content=\"4 minuti\" \/>\n<script type=\"application\/ld+json\" class=\"yoast-schema-graph\">{\"@context\":\"https:\/\/schema.org\",\"@graph\":[{\"@type\":\"Article\",\"@id\":\"https:\/\/www.pressenza.com\/it\/2022\/05\/freeherface-la-nuova-campagna-a-sostegno-delle-giornaliste-afghane-obbligate-a-coprirsi-il-volto-in-tv\/#article\",\"isPartOf\":{\"@id\":\"https:\/\/www.pressenza.com\/it\/2022\/05\/freeherface-la-nuova-campagna-a-sostegno-delle-giornaliste-afghane-obbligate-a-coprirsi-il-volto-in-tv\/\"},\"author\":{\"name\":\"Articolo 21\",\"@id\":\"https:\/\/www.pressenza.com\/it\/#\/schema\/person\/08ea736e2bdeb73186ff26f6bee319d8\"},\"headline\":\"#FreeHerFace, la nuova campagna a sostegno delle giornaliste afghane obbligate a coprirsi il volto in Tv\",\"datePublished\":\"2022-05-28T08:20:41+00:00\",\"mainEntityOfPage\":{\"@id\":\"https:\/\/www.pressenza.com\/it\/2022\/05\/freeherface-la-nuova-campagna-a-sostegno-delle-giornaliste-afghane-obbligate-a-coprirsi-il-volto-in-tv\/\"},\"wordCount\":770,\"publisher\":{\"@id\":\"https:\/\/www.pressenza.com\/it\/#organization\"},\"image\":{\"@id\":\"https:\/\/www.pressenza.com\/it\/2022\/05\/freeherface-la-nuova-campagna-a-sostegno-delle-giornaliste-afghane-obbligate-a-coprirsi-il-volto-in-tv\/#primaryimage\"},\"thumbnailUrl\":\"https:\/\/www.pressenza.com\/wp-content\/uploads\/2022\/05\/Free-her-face-rit.jpg\",\"keywords\":[\"#FreeHerFace\",\"Afghanistan\",\"donne\",\"giornaliste\",\"solidariet\u00e0\",\"Talebani\"],\"articleSection\":[\"Asia\",\"Cultura e Media\",\"Diritti Umani\"],\"inLanguage\":\"it-IT\"},{\"@type\":\"WebPage\",\"@id\":\"https:\/\/www.pressenza.com\/it\/2022\/05\/freeherface-la-nuova-campagna-a-sostegno-delle-giornaliste-afghane-obbligate-a-coprirsi-il-volto-in-tv\/\",\"url\":\"https:\/\/www.pressenza.com\/it\/2022\/05\/freeherface-la-nuova-campagna-a-sostegno-delle-giornaliste-afghane-obbligate-a-coprirsi-il-volto-in-tv\/\",\"name\":\"#FreeHerFace, la nuova campagna a sostegno delle giornaliste afghane obbligate a coprirsi il volto in Tv\",\"isPartOf\":{\"@id\":\"https:\/\/www.pressenza.com\/it\/#website\"},\"primaryImageOfPage\":{\"@id\":\"https:\/\/www.pressenza.com\/it\/2022\/05\/freeherface-la-nuova-campagna-a-sostegno-delle-giornaliste-afghane-obbligate-a-coprirsi-il-volto-in-tv\/#primaryimage\"},\"image\":{\"@id\":\"https:\/\/www.pressenza.com\/it\/2022\/05\/freeherface-la-nuova-campagna-a-sostegno-delle-giornaliste-afghane-obbligate-a-coprirsi-il-volto-in-tv\/#primaryimage\"},\"thumbnailUrl\":\"https:\/\/www.pressenza.com\/wp-content\/uploads\/2022\/05\/Free-her-face-rit.jpg\",\"datePublished\":\"2022-05-28T08:20:41+00:00\",\"description\":\"\u00c8 nata una nuova campagna sui social media, con l\u2019hashtag\u00a0#FreeHerFace, che vede giornalisti afghani maschi postare selfie con il volto coperto, in\",\"breadcrumb\":{\"@id\":\"https:\/\/www.pressenza.com\/it\/2022\/05\/freeherface-la-nuova-campagna-a-sostegno-delle-giornaliste-afghane-obbligate-a-coprirsi-il-volto-in-tv\/#breadcrumb\"},\"inLanguage\":\"it-IT\",\"potentialAction\":[{\"@type\":\"ReadAction\",\"target\":[\"https:\/\/www.pressenza.com\/it\/2022\/05\/freeherface-la-nuova-campagna-a-sostegno-delle-giornaliste-afghane-obbligate-a-coprirsi-il-volto-in-tv\/\"]}]},{\"@type\":\"ImageObject\",\"inLanguage\":\"it-IT\",\"@id\":\"https:\/\/www.pressenza.com\/it\/2022\/05\/freeherface-la-nuova-campagna-a-sostegno-delle-giornaliste-afghane-obbligate-a-coprirsi-il-volto-in-tv\/#primaryimage\",\"url\":\"https:\/\/www.pressenza.com\/wp-content\/uploads\/2022\/05\/Free-her-face-rit.jpg\",\"contentUrl\":\"https:\/\/www.pressenza.com\/wp-content\/uploads\/2022\/05\/Free-her-face-rit.jpg\",\"width\":1763,\"height\":1449},{\"@type\":\"BreadcrumbList\",\"@id\":\"https:\/\/www.pressenza.com\/it\/2022\/05\/freeherface-la-nuova-campagna-a-sostegno-delle-giornaliste-afghane-obbligate-a-coprirsi-il-volto-in-tv\/#breadcrumb\",\"itemListElement\":[{\"@type\":\"ListItem\",\"position\":1,\"name\":\"Accueil\",\"item\":\"https:\/\/www.pressenza.com\/it\/\"},{\"@type\":\"ListItem\",\"position\":2,\"name\":\"#FreeHerFace, la nuova campagna a sostegno delle giornaliste afghane obbligate a coprirsi il volto in Tv\"}]},{\"@type\":\"WebSite\",\"@id\":\"https:\/\/www.pressenza.com\/it\/#website\",\"url\":\"https:\/\/www.pressenza.com\/it\/\",\"name\":\"Pressenza\",\"description\":\"Agenzia di Stampa Internazionale\",\"publisher\":{\"@id\":\"https:\/\/www.pressenza.com\/it\/#organization\"},\"potentialAction\":[{\"@type\":\"SearchAction\",\"target\":{\"@type\":\"EntryPoint\",\"urlTemplate\":\"https:\/\/www.pressenza.com\/it\/?s={search_term_string}\"},\"query-input\":{\"@type\":\"PropertyValueSpecification\",\"valueRequired\":true,\"valueName\":\"search_term_string\"}}],\"inLanguage\":\"it-IT\"},{\"@type\":\"Organization\",\"@id\":\"https:\/\/www.pressenza.com\/it\/#organization\",\"name\":\"Pressenza\",\"url\":\"https:\/\/www.pressenza.com\/it\/\",\"logo\":{\"@type\":\"ImageObject\",\"inLanguage\":\"it-IT\",\"@id\":\"https:\/\/www.pressenza.com\/it\/#\/schema\/logo\/image\/\",\"url\":\"https:\/\/www.pressenza.com\/wp-content\/uploads\/2022\/10\/pressenza_logo_200x200.jpg\",\"contentUrl\":\"https:\/\/www.pressenza.com\/wp-content\/uploads\/2022\/10\/pressenza_logo_200x200.jpg\",\"width\":200,\"height\":200,\"caption\":\"Pressenza\"},\"image\":{\"@id\":\"https:\/\/www.pressenza.com\/it\/#\/schema\/logo\/image\/\"},\"sameAs\":[\"https:\/\/www.facebook.com\/PressenzaItalia\",\"https:\/\/x.com\/PressenzaIPA\"]},{\"@type\":\"Person\",\"@id\":\"https:\/\/www.pressenza.com\/it\/#\/schema\/person\/08ea736e2bdeb73186ff26f6bee319d8\",\"name\":\"Articolo 21\",\"description\":\"Articolo 21, liberi di\u2026 \u00e8 un\u2019associazione nata il 27 febbraio 2002 che riunisce esponenti del mondo della comunicazione, della cultura e dello spettacolo; giornalisti, giuristi, economisti che si propongono di promuovere il principio della libert\u00e0 di manifestazione del pensiero (oggetto dell\u2019Articolo 21 della Costituzione italiana da cui il nome).\",\"sameAs\":[\"https:\/\/www.articolo21.org\"],\"url\":\"https:\/\/www.pressenza.com\/it\/author\/articolo-21\/\"}]}<\/script>\n<!-- \/ Yoast SEO plugin. -->","yoast_head_json":{"title":"#FreeHerFace, la nuova campagna a sostegno delle giornaliste afghane obbligate a coprirsi il volto in Tv","description":"\u00c8 nata una nuova campagna sui social media, con l\u2019hashtag\u00a0#FreeHerFace, che vede giornalisti afghani maschi postare selfie con il volto coperto, in","robots":{"index":"index","follow":"follow","max-snippet":"max-snippet:-1","max-image-preview":"max-image-preview:large","max-video-preview":"max-video-preview:-1"},"canonical":"https:\/\/www.pressenza.com\/it\/2022\/05\/freeherface-la-nuova-campagna-a-sostegno-delle-giornaliste-afghane-obbligate-a-coprirsi-il-volto-in-tv\/","og_locale":"it_IT","og_type":"article","og_title":"#FreeHerFace, la nuova campagna a sostegno delle giornaliste afghane obbligate a coprirsi il volto in Tv","og_description":"\u00c8 nata una nuova campagna sui social media, con l\u2019hashtag\u00a0#FreeHerFace, che vede giornalisti afghani maschi postare selfie con il volto coperto, in","og_url":"https:\/\/www.pressenza.com\/it\/2022\/05\/freeherface-la-nuova-campagna-a-sostegno-delle-giornaliste-afghane-obbligate-a-coprirsi-il-volto-in-tv\/","og_site_name":"Pressenza","article_publisher":"https:\/\/www.facebook.com\/PressenzaItalia","article_published_time":"2022-05-28T08:20:41+00:00","og_image":[{"width":1763,"height":1449,"url":"https:\/\/www.pressenza.com\/wp-content\/uploads\/2022\/05\/Free-her-face-rit.jpg","type":"image\/jpeg"}],"author":"Articolo 21","twitter_card":"summary_large_image","twitter_creator":"@PressenzaIPA","twitter_site":"@PressenzaIPA","twitter_misc":{"Scritto da":"Articolo 21","Tempo di lettura stimato":"4 minuti"},"schema":{"@context":"https:\/\/schema.org","@graph":[{"@type":"Article","@id":"https:\/\/www.pressenza.com\/it\/2022\/05\/freeherface-la-nuova-campagna-a-sostegno-delle-giornaliste-afghane-obbligate-a-coprirsi-il-volto-in-tv\/#article","isPartOf":{"@id":"https:\/\/www.pressenza.com\/it\/2022\/05\/freeherface-la-nuova-campagna-a-sostegno-delle-giornaliste-afghane-obbligate-a-coprirsi-il-volto-in-tv\/"},"author":{"name":"Articolo 21","@id":"https:\/\/www.pressenza.com\/it\/#\/schema\/person\/08ea736e2bdeb73186ff26f6bee319d8"},"headline":"#FreeHerFace, la nuova campagna a sostegno delle giornaliste afghane obbligate a coprirsi il volto in Tv","datePublished":"2022-05-28T08:20:41+00:00","mainEntityOfPage":{"@id":"https:\/\/www.pressenza.com\/it\/2022\/05\/freeherface-la-nuova-campagna-a-sostegno-delle-giornaliste-afghane-obbligate-a-coprirsi-il-volto-in-tv\/"},"wordCount":770,"publisher":{"@id":"https:\/\/www.pressenza.com\/it\/#organization"},"image":{"@id":"https:\/\/www.pressenza.com\/it\/2022\/05\/freeherface-la-nuova-campagna-a-sostegno-delle-giornaliste-afghane-obbligate-a-coprirsi-il-volto-in-tv\/#primaryimage"},"thumbnailUrl":"https:\/\/www.pressenza.com\/wp-content\/uploads\/2022\/05\/Free-her-face-rit.jpg","keywords":["#FreeHerFace","Afghanistan","donne","giornaliste","solidariet\u00e0","Talebani"],"articleSection":["Asia","Cultura e Media","Diritti Umani"],"inLanguage":"it-IT"},{"@type":"WebPage","@id":"https:\/\/www.pressenza.com\/it\/2022\/05\/freeherface-la-nuova-campagna-a-sostegno-delle-giornaliste-afghane-obbligate-a-coprirsi-il-volto-in-tv\/","url":"https:\/\/www.pressenza.com\/it\/2022\/05\/freeherface-la-nuova-campagna-a-sostegno-delle-giornaliste-afghane-obbligate-a-coprirsi-il-volto-in-tv\/","name":"#FreeHerFace, la nuova campagna a sostegno delle giornaliste afghane obbligate a coprirsi il volto in Tv","isPartOf":{"@id":"https:\/\/www.pressenza.com\/it\/#website"},"primaryImageOfPage":{"@id":"https:\/\/www.pressenza.com\/it\/2022\/05\/freeherface-la-nuova-campagna-a-sostegno-delle-giornaliste-afghane-obbligate-a-coprirsi-il-volto-in-tv\/#primaryimage"},"image":{"@id":"https:\/\/www.pressenza.com\/it\/2022\/05\/freeherface-la-nuova-campagna-a-sostegno-delle-giornaliste-afghane-obbligate-a-coprirsi-il-volto-in-tv\/#primaryimage"},"thumbnailUrl":"https:\/\/www.pressenza.com\/wp-content\/uploads\/2022\/05\/Free-her-face-rit.jpg","datePublished":"2022-05-28T08:20:41+00:00","description":"\u00c8 nata una nuova campagna sui social media, con l\u2019hashtag\u00a0#FreeHerFace, che vede giornalisti afghani maschi postare selfie con il volto coperto, in","breadcrumb":{"@id":"https:\/\/www.pressenza.com\/it\/2022\/05\/freeherface-la-nuova-campagna-a-sostegno-delle-giornaliste-afghane-obbligate-a-coprirsi-il-volto-in-tv\/#breadcrumb"},"inLanguage":"it-IT","potentialAction":[{"@type":"ReadAction","target":["https:\/\/www.pressenza.com\/it\/2022\/05\/freeherface-la-nuova-campagna-a-sostegno-delle-giornaliste-afghane-obbligate-a-coprirsi-il-volto-in-tv\/"]}]},{"@type":"ImageObject","inLanguage":"it-IT","@id":"https:\/\/www.pressenza.com\/it\/2022\/05\/freeherface-la-nuova-campagna-a-sostegno-delle-giornaliste-afghane-obbligate-a-coprirsi-il-volto-in-tv\/#primaryimage","url":"https:\/\/www.pressenza.com\/wp-content\/uploads\/2022\/05\/Free-her-face-rit.jpg","contentUrl":"https:\/\/www.pressenza.com\/wp-content\/uploads\/2022\/05\/Free-her-face-rit.jpg","width":1763,"height":1449},{"@type":"BreadcrumbList","@id":"https:\/\/www.pressenza.com\/it\/2022\/05\/freeherface-la-nuova-campagna-a-sostegno-delle-giornaliste-afghane-obbligate-a-coprirsi-il-volto-in-tv\/#breadcrumb","itemListElement":[{"@type":"ListItem","position":1,"name":"Accueil","item":"https:\/\/www.pressenza.com\/it\/"},{"@type":"ListItem","position":2,"name":"#FreeHerFace, la nuova campagna a sostegno delle giornaliste afghane obbligate a coprirsi il volto in Tv"}]},{"@type":"WebSite","@id":"https:\/\/www.pressenza.com\/it\/#website","url":"https:\/\/www.pressenza.com\/it\/","name":"Pressenza","description":"Agenzia di Stampa Internazionale","publisher":{"@id":"https:\/\/www.pressenza.com\/it\/#organization"},"potentialAction":[{"@type":"SearchAction","target":{"@type":"EntryPoint","urlTemplate":"https:\/\/www.pressenza.com\/it\/?s={search_term_string}"},"query-input":{"@type":"PropertyValueSpecification","valueRequired":true,"valueName":"search_term_string"}}],"inLanguage":"it-IT"},{"@type":"Organization","@id":"https:\/\/www.pressenza.com\/it\/#organization","name":"Pressenza","url":"https:\/\/www.pressenza.com\/it\/","logo":{"@type":"ImageObject","inLanguage":"it-IT","@id":"https:\/\/www.pressenza.com\/it\/#\/schema\/logo\/image\/","url":"https:\/\/www.pressenza.com\/wp-content\/uploads\/2022\/10\/pressenza_logo_200x200.jpg","contentUrl":"https:\/\/www.pressenza.com\/wp-content\/uploads\/2022\/10\/pressenza_logo_200x200.jpg","width":200,"height":200,"caption":"Pressenza"},"image":{"@id":"https:\/\/www.pressenza.com\/it\/#\/schema\/logo\/image\/"},"sameAs":["https:\/\/www.facebook.com\/PressenzaItalia","https:\/\/x.com\/PressenzaIPA"]},{"@type":"Person","@id":"https:\/\/www.pressenza.com\/it\/#\/schema\/person\/08ea736e2bdeb73186ff26f6bee319d8","name":"Articolo 21","description":"Articolo 21, liberi di\u2026 \u00e8 un\u2019associazione nata il 27 febbraio 2002 che riunisce esponenti del mondo della comunicazione, della cultura e dello spettacolo; giornalisti, giuristi, economisti che si propongono di promuovere il principio della libert\u00e0 di manifestazione del pensiero (oggetto dell\u2019Articolo 21 della Costituzione italiana da cui il nome).","sameAs":["https:\/\/www.articolo21.org"],"url":"https:\/\/www.pressenza.com\/it\/author\/articolo-21\/"}]}},"place":"Tiziana Ciavardini","original_article_url":"https:\/\/www.articolo21.org\/2022\/05\/freeherface-la-nuova-campagna-a-sostegno-delle-giornaliste-afghane-obbligate-a-coprirsi-il-volto-in-tv\/","_links":{"self":[{"href":"https:\/\/www.pressenza.com\/it\/wp-json\/wp\/v2\/posts\/1592878","targetHints":{"allow":["GET"]}}],"collection":[{"href":"https:\/\/www.pressenza.com\/it\/wp-json\/wp\/v2\/posts"}],"about":[{"href":"https:\/\/www.pressenza.com\/it\/wp-json\/wp\/v2\/types\/post"}],"author":[{"embeddable":true,"href":"https:\/\/www.pressenza.com\/it\/wp-json\/wp\/v2\/users\/1469"}],"replies":[{"embeddable":true,"href":"https:\/\/www.pressenza.com\/it\/wp-json\/wp\/v2\/comments?post=1592878"}],"version-history":[{"count":0,"href":"https:\/\/www.pressenza.com\/it\/wp-json\/wp\/v2\/posts\/1592878\/revisions"}],"wp:featuredmedia":[{"embeddable":true,"href":"https:\/\/www.pressenza.com\/it\/wp-json\/wp\/v2\/media\/1592879"}],"wp:attachment":[{"href":"https:\/\/www.pressenza.com\/it\/wp-json\/wp\/v2\/media?parent=1592878"}],"wp:term":[{"taxonomy":"category","embeddable":true,"href":"https:\/\/www.pressenza.com\/it\/wp-json\/wp\/v2\/categories?post=1592878"},{"taxonomy":"post_tag","embeddable":true,"href":"https:\/\/www.pressenza.com\/it\/wp-json\/wp\/v2\/tags?post=1592878"}],"curies":[{"name":"wp","href":"https:\/\/api.w.org\/{rel}","templated":true}]}}