{"id":1589669,"date":"2022-05-23T15:25:14","date_gmt":"2022-05-23T14:25:14","guid":{"rendered":"https:\/\/www.pressenza.com\/?p=1589669"},"modified":"2022-05-26T10:51:28","modified_gmt":"2022-05-26T09:51:28","slug":"94palermoi%c6%9e%e1%b8%bfovimento-bloc-news-della-contronarrazione-sociale","status":"publish","type":"post","link":"https:\/\/www.pressenza.com\/it\/2022\/05\/94palermoi%c6%9e%e1%b8%bfovimento-bloc-news-della-contronarrazione-sociale\/","title":{"rendered":"94#Palermo\u1eca\u019e\u1e3eovimento. Bloc-News della contronarrazione sociale"},"content":{"rendered":"<p><em>Rubrica settimanale su eventi e fatti in Sicilia -a cura RedPA-<\/em><\/p>\n<p><strong>\u00a0<\/strong><\/p>\n<p><strong>Incontri siciliani contro la Guerra: calendarizzazioni ed approfondimenti <\/strong><\/p>\n<p>A Palermo al Laboratorio Andrea Ballar\u00f2, domani alle ore 17.30 (Largo Rodrigo Pantaleone), appuntamento dell\u2019<strong><a href=\"https:\/\/www.facebook.com\/Assemblea-NoGuerra-Palermo-100142029368600\/\">Assemblea NoGuerra Palermo<\/a> <\/strong><strong>per programmare le iniziative in continuit\u00e0 con la mobilitazione contro le politiche belliciste in atto, in preparazione della manifestazione <\/strong>del 4 giugno a Niscemi e per approfondire il punto di vista di chi si oppone alla barbarie del militarismo e alla competizione imperialistica \u00a0degli stati nazionali. Invece, nel capoluogo etneo, in via Vecchia Ognina n. 56 (ore 19,00), \u00a0si terr\u00e0 la riunione pubblica di <strong><a href=\"https:\/\/www.facebook.com\/Catania-No-War-104208835580106\/\">Catania No War<\/a> <\/strong><strong>sul seguente ordine del giorno<\/strong><strong>: <\/strong>1. Aggiornamenti sulla guerra in atto; 2. Aggiornamenti sulle altre guerre di cui non si parla; 3. Proposte luoghi e date Calendario giugno luglio. \u00a0A seguire verr\u00e0 proiettato e visionata la conferenza stampa La Pace Proibita<\/p>\n<p>&nbsp;<\/p>\n<p><strong>Dibattito etneo su come saldare gli sportelli sociali al sindacalismo di base<\/strong><\/p>\n<p><em>Catania, mercoled\u00ec 25 ore 20:00 \u2013 Officina Rebelde<\/em> <em>(via Coppola 6)<\/em><\/p>\n<p>Come trasformare e saldare il sindacalismo sociale e gli sportelli che lavorano \u2013 da \u00a0<strong><a href=\"https:\/\/www.facebook.com\/autodifesa.precaria\/\">San Berillo<\/a><\/strong>\u00a0e\u00a0<strong><a href=\"https:\/\/www.facebook.com\/Sportello-Sociale-Borgata-103635205081914\/\"> Borgata<\/a> <\/strong><strong>\u2013 <\/strong>negli spazi autogestiti con il sindacalismo sul lavoro svolto dai sindacati di base dei Cobas? Un dibattito per lavorare a integrare e confrontare esperienze. Riunione in presenza al Centro sociale autogestito-O. R. \u00a0(\u00e8 possibile il collegamento online per chi far\u00e0 richiesta all\u2019 <a href=\"https:\/\/www.facebook.com\/officinarebelde\/\"><strong>OfficinaRebelde Catania<\/strong><\/a>)<\/p>\n<p>&nbsp;<\/p>\n<p><strong>\u00a0<\/strong><strong>Marco Santopadre presenter\u00e0 il volume &#8220;Sull&#8217;Irlanda&#8221; di K. Marx e F. Engels \u00a0<\/strong><\/p>\n<p><em>mercoled\u00ec 25 ore 16:30 &#8211; <\/em><em>ex facolt\u00e0 di Lettere e Filosofia (sul retro dell\u2019Edificio 12)\u00a0<\/em><\/p>\n<p>La clamorosa vittoria dello Sinn F\u00e9in alle elezioni del 5 maggio scorso per l\u2019Assemblea dell\u2019Irlanda del Nord ha segnato una svolta storica per il movimento per l\u2019indipendenza dell\u2019Irlanda del Nord dal Regno Unito. La grande vittoria portata a casa dal principale partito repubblicano irlandese, braccio politico dell\u2019IRA, rappresenta una tappa importante lungo il percorso verso un referendum per l\u2019Irlanda Unita &#8211; immaginata, voluta e organizzata dagli irlandesi nel corso dell\u2019ultimo secolo.\u00a0\u201cSull\u2019Irlanda\u201d \u00e8 la raccolta completa di tutti gli scritti di Marx e di Engels sulla questione irlandese. Convinti che il movimento di liberazione nazionale sia una grande forza progressista e fermi sostenitori del diritto all&#8217;autodeterminazione dei popoli, Marx ed Engels auspicano una radicale liberazione rivoluzionaria dell&#8217;Irlanda, che esprima nei suoi programmi le istanze della popolazione e porti all&#8217;abolizione dell&#8217;atto di unione con l&#8217;Inghilterra. Tutti punti che dovevano essere, secondo gli autori, le parole d&#8217;ordine dello stesso movimento operaio inglese. L&#8217;indipendenza, infatti, avrebbe aiutato anche la classe operaia britannica, in quanto l&#8217;oppressione coloniale aumenta il potere della classe dominante sfruttatrice. Marx ed Engels si spingono a non escludere una successiva, volontaria e libera Federazione delle due isole, ma solo se fondata sulla base di un diverso sistema economico, il sistema socialista.\u00a0A parlare di questo e molto altro, ci sar\u00e0 con noi Marco Santopadre, che ha scritto e curato numerosi saggi riguardanti il movimento per l\u2019indipendenza catalana, collabora con il Manifesto ed ha curato l\u2019introduzione del libro che presenteremo. [<a href=\"https:\/\/www.facebook.com\/events\/s\/presentazione-del-libro-sullir\/1679659979042622\/\"><strong>comunicato<\/strong><\/a><strong>&#8211;<\/strong><a href=\"https:\/\/www.facebook.com\/LaboratorioStudentescoAutonomoUniPa\"><strong>Laboratorio Studentesco Autonomo &#8211; UniPa<\/strong><\/a><strong>]<\/strong><\/p>\n<p>&nbsp;<\/p>\n<p><strong>Presentazione libro &#8220;Brigate Rosse: un diario politico&#8221;, a cura di Silvia De Bernardinis\u00a0<\/strong><\/p>\n<p><em>Ragusa, gioved\u00ec 26 ore 19:00 \u2013 The Globe (<\/em><em>via Spampinato n.12)<\/em><\/p>\n<p><em>Ass. AMR ControVento<\/em> con Michele Mililli presenta il libro &#8220;Brigate Rosse: un diario politico&#8221;, curato da Silvia De Bernardinis per \u00a0DeriveApprodi Edizioni. Il testo prende in esame i diversi governi che si succedono tra la fine degli anni 60 e la prima met\u00e0 degli anni 80, i partiti politici, il movimento di classe, la sinistra rivoluzionaria, la guerriglia e l\u2019antiguerriglia, cio\u00e8 tutti gli attori sociali che sono stati parte attiva dello scontro sociale degli anni 70, e in questo quadro analizza la proposta politico-strategica delle Br e i risultati alla prova dei fatti. Una ricostruzione a 360 gradi che \u00e8 storia delle Br e storia dell\u2019Italia, al di l\u00e0 delle intenzioni stesse degli autori. Il testo costituisce una fonte storica importante, che restituisce non solo la complessit\u00e0 storico-politica entro cui le Br si muovono, ma soprattutto mostra la capacit\u00e0 collettiva di riflettere sulla propria storia andando a cercare le criticit\u00e0, in primo luogo, al proprio interno, senza demonizzazioni o idealizzazioni. Un testo differente, per la prospettiva e per gli obiettivi che si pone, dalle ricostruzioni degli storici, ma non per questo meno rigoroso dal punto di vista del metodo utilizzato. Soprattutto oggi, un testo importante perch\u00e9 rappresenta una pietra di inciampo contro le manifeste falsificazioni della storia delle Brigate rosse e con essa dell\u2019esperienza rivoluzionaria italiana degli anni Settanta, portate avanti attraverso gli strumenti della dietrologia, dell\u2019ideologia vittimaria e della memoria condivisa, e cio\u00e8 di dispositivi ideologici e censori di controllo sul passato e sulla storia dei conflitti sociali, delle esperienze rivoluzionarie, di cui non si tace, ma al contrario si parla costantemente, veicolandone contenuti volti a svuotarne e mistificarne il significato e a selezionare ci\u00f2 che legittima il potere, al fine di impedirne la comprensione critica e la riappropriazione di una memoria di classe. [<a href=\"https:\/\/www.facebook.com\/events\/s\/presentazione-libro-brigate-ro\/367682012088938\/\">comunicato<\/a>]<\/p>\n<p>&nbsp;<\/p>\n<p><strong>Assemblea NoGuerraPa: presidio pacifista <\/strong><em><strong>alla Statua della Libert\u00e0<\/strong><\/em><em> il<\/em><strong> prossimo 26\\maggio<\/strong><\/p>\n<p><em>Palermo, gioved\u00ec 26 ore 18.00 &#8211; in piazza Vittorio Veneto (Monumento ai Caduti)<\/em><\/p>\n<p><em>Dopo il sit-in contro la guerra e per la libert\u00e0 a Julian Assange, l\u2019appuntamento settimanale del presidio per la Pace, promosso dall\u2019 <\/em><strong>Assemblea NoGuerra Palermo (ANG), <\/strong><em>\u00a0\u00e8 stato convocato gioved\u00ec prossimo sempre alla \u201cStatua\u201d , la piazza &#8211; cos\u00ec conosciuta dai palermitani &#8211; dove si chiude l\u2019asse centrale viario cittadino che si snoda lungo il segmento del <\/em><em>Viale della Libert\u00e0. Nel corso del presidio fra i vari interventi dei soggetti costituenti la panormita Assemblea NoGuerra, \u00a0\u00e8 previsto un intervento dell\u2019UDIPalermo che, rivendicando il diritto alla libert\u00e0 di dissenso, si pronuncer\u00e0 in merito ai gravi fatti di Torino che, dopo la disposizione di\u00a0 misure cautelari,\u00a0 ancora una volta hanno colpito <\/em><em>giovani incensurati. Azioni repressivi volte a criminalizzare le legittime \u00a0proteste <\/em>contro il PCTO &#8211; cd.\u201dalternanza scuola-lavoro\u201d &#8211; che ha causato la morte di Lorenzo Parelli e Giuseppe Lenoci e il grave ferimento di questi giorni del diciassettenne di <a href=\"https:\/\/www.ilfattoquotidiano.it\/2022\/05\/20\/incidente-sul-lavoro-a-merano-ustionato-uno-studente-17enne-e-grave-stava-svolgendo-lalternanza-scuola-lavoro-ferito-un-36enne\/6599458\/\">Merano<\/a>.<\/p>\n<p>&nbsp;<\/p>\n<p><strong>Difendiamo il diritto alla salute in Sicilia: manifestazione <\/strong><strong>contro lo smantellamento della sanit\u00e0\u00a0per una medicina territoriale efficiente e accessibile<\/strong><\/p>\n<p><em>Palermo, venerd\u00ec 27 ore 11:00 Assessorato regionale Sanit\u00e0(<\/em><em>Piazza Ottavio Ziino)<\/em><\/p>\n<p>Da anni i Comitati per la salute di tutta la Sicilia lottano per difendere e impedire la chiusura dei loro ospedali e dei loro reparti, e pi\u00f9 in generale, per DIFENDERE IL DIRITTO ALLA SALUTE E ALLA SANIT\u00c0 TERRITORIALE.\u00a0Una sanit\u00e0 attualmente colpita da continui e ingenti tagli alle strutture ospedaliere presenti sul territorio e ai servizi sanitari.\u00a0Nel periodo in cui si attendono 800 milioni dal PNRR per la sanit\u00e0 siciliana e la regione ha approvato il Piano per le nuove strutture della sanit\u00e0 territoriale da attuare in 3 anni i Comitati hanno deciso di mettersi in prima linea per scoperchiare, ancora una volta, le responsabilit\u00e0 politiche dell\u2019attuale disastrosa situazione e per portare in piazza le reali esigenze dei cittadini e delle cittadine che, nonostante le lotte portate avanti, sono rimaste inascoltate.\u00a0 Per questi motivi, i \u201cComitati per la Salute \u2013 Sicilia\u201d hanno indetto una manifestazione regionale sotto l&#8217;assessorato della salute per pretendere un tavolo di confronto che metta al centro i veri bisogno degli abitanti e dei territori. [<a href=\"https:\/\/www.facebook.com\/events\/s\/difendiamo-il-diritto-alla-sal\/386471550022745\/\"><strong>comunicato<\/strong><\/a>]<\/p>\n<p><strong><em>\u00a0<\/em><\/strong><\/p>\n<p><strong><em>Dip. Scienze Politiche e Sociali\u2013UNICT. Due giornate di studio su \u201c<\/em><\/strong><strong>Genealogie del XXI secolo\u201d <\/strong><\/p>\n<p><em>Catania, venerd\u00ec 27 (ore 09:00) e sabato\u00a0 28 (ore 14:00) \u2013 Palazzo Pedagaggi (Via Vittorio Emanuele II, 49)<\/em><\/p>\n<p>Nel corso delle due giornate di studio, organizzate dal Dipartimento etneo di Pal. Pedagaggi, si discuter\u00e0 intorno a una serie di parole chiave \u2013 Guerra, Egemonia, Femminismo, Migrazioni, Ecologia politica \u2013 per partecipare a una riflessione collettiva sempre pi\u00f9 diffusa intorno alle possibilit\u00e0 di costruire una societ\u00e0 oltre la crisi. \u201cLa modernit\u00e0 capitalista \u2013 scrive il DIP. \u00a0nel manifesto di promozione \u2013 \u00a0si \u00e8 definita come un\u2019epoca di trasformazioni sociali violente e radicali. Alle crisi degli ultimi anni si sta adesso aggiungendo la prospettiva dell\u2019allargamento del conflitto armato. La situazione attuale si configura sicuramente come un processo di grande mutamento che dipende da dinamiche che si sono espresse nei processi di globalizzazione e nella nascita dell\u2019et\u00e0 neoliberale. I mutamenti degli ultimi anni sembrano per\u00f2 configurare chiaramente una trasformazione che coinvolge l\u2019intero pianeta e che sembra definire un\u2019epoca caratterizzata da una pesante instabilit\u00e0 politica, sociale, economica e dalla crisi ecologica. L\u2019intensificarsi dei conflitti armati e il progressivo mutamento di ruolo delle istituzioni politiche sembrano configurare uno scenario in cui gran parte dei dispositivi che hanno definito la societ\u00e0 degli ultimi secoli tende a scomparire o a cambiare i propri connotati. [<a href=\"https:\/\/www.facebook.com\/events\/s\/genealogie-del-xxi-secolo\/1629804584054740\/\">info<\/a>]<\/p>\n<p>&nbsp;<\/p>\n<p><strong>A <\/strong><strong>42 anni dalla marcia dello Zingaro: \u201d<\/strong><strong>Salviamo la costa Castellammare del Golfo\u201d\u00a0<\/strong><\/p>\n<p><em>Scopello (Tp), domenica 29 ore 09:30 \u00a0&#8211; Ingresso della RNO Riserva Naturale Zingaro &#8211;\u00a0<\/em><em><a href=\"https:\/\/www.facebook.com\/events\/1199310507476911\">comunicato congiunto degli Enti promotori ed aderenti <\/a>(FederEscursionismo Sicilia \\ Club Unesco Palermo \\ LEGAMBIENTE Sicilia \\ Associazione Haramundi Scopello \\ Assoguide \\ Donne \u00a0\\ Sigea \u2013 Societ\u00e0 Italiana di Geologia Ambientale Sicilia \\ WWF Sicilia Nord-Occidentale \\ CEA Von Humboldt \\ TrinArt ODV \\ LIPU Sicilia)<\/em><\/p>\n<p>?????? ???????? ?? ????????? ?????????? ??? ?? ????????????? ??? ????? ?? ???? ???\u2019???????? ????? ??????? ???????? ????? ??????? (lato Scopello), a causa di pesanti attivit\u00e0 antropiche che stanno trasformando pesantemente un grande patrimonio di natura e di paesaggio, in gran parte ricadente in Siti Natura 2000: aumento di nuove costruzioni e ampliamento di quelle esistenti; consumo di suolo e perdita di habitat; privatizzazione dei tradizionali accessi pedonali al mare; chiusura dei sentieri storici sulla costa e nell\u2019entroterra; introduzione e piantumazione di specie esotiche invasive; movimentazione di terre e realizzazione di scavi in zone fragili ed in frana, vincolate sia dal Piano di Assetto Idrogeologico che da vincoli Archeologici e Paesaggistico.\u00a0Ancora qualche anno e avremo ??? ???? ??????? ?? ??????? ??? ????, ???????? ? ????? ????? ???? ???????? ????????? ??? ????? ???? ??????? ????? ?????? ?? ?????? ???????, ???????? ?? ??? ????????????? ?????? ????????????? ? ?????????????, ??????\u0301 ?? ??? ????? ?? ?????????? ?????????.\u00a0Pertanto, in continuit\u00e0 con l\u2019imponente marcia dello Zingaro che 42 anni fa si oppose alla costruzione di una nuova strada portando all\u2019istituzione della prima riserva naturale siciliana, domenica 29 maggio 2022 si svolger\u00e0 una grande manifestazione\/marcia per accendere i riflettori su quanto sta accadendo e per difendere un patrimonio di tutti. [Alcuni volontari vi diranno dove posteggiare gratuitamente]<\/p>\n<p>&nbsp;<\/p>\n<p><strong>Torna il CicloAmnesty 2022<\/strong><strong> al Parco Uditore &#8211; <\/strong>A Palermo riparte la passeggiata in bici a favore dei Diritti Umani. L\u2019appuntamento \u00e8 per le ore 9:30 in Piazza Einstein <strong>domenica 29 maggio<\/strong>. Organizzato fin dal 2010 dal Gruppo Italia 243 di Amnesty International del capoluogo regionale, quest\u2019anno l\u2019evento \u2013 dopo gli stop forzati del 2020 e del maggio 2021, a causa dall\u2019emergenza sanitaria \u2013 \u00a0ritorna nella sua versione standard. Come nelle scorse edizioni Amnesty International invita ad indossare qualcosa di giallo, il colore simbolo dell\u2019associazione internazionale, colore che in tutto il mondo significa agire per la tutela dei Diritti Umani di ogni persona.\u00a0<em>\u00a0[<\/em><em><a href=\"https:\/\/www.facebook.com\/events\/s\/cicloamnesty-2022\/1013050352674760\/\">info<\/a>]<\/em><\/p>\n<p>&nbsp;<\/p>\n<p><strong>Cosenza, Festival delle periferie &#8211; terza edizione dal 30\\maggio al 1\\giugno &#8211; <\/strong><strong>Verso la Summer School &#8220;Futuri urbani: visioni, azioni e politiche per la transizione delle citt\u00e0&#8221;\u00a0<\/strong><\/p>\n<p>Come gi\u00e0 annunciato, dopo due anni, il Festival delle periferie torna all&#8217;Universit\u00e0 della Calabria! Questi i temi attorno cui ruota la scaletta del <strong><a href=\"https:\/\/www.facebook.com\/events\/1533022117099953\/?ref=newsfeed\">programma<\/a>: <\/strong>????? ????????? ? ??????????? ????????: ???????? ??? ??????? ? ???????????, ?? ????? ??????? ??? ??????????? ? ????? ??? ???????; ?????-?????? ? ?????-????????: ????????????????, ???????? ? ????? ??? ?????? ? ????????; \u00a0????? ????????? ????? ????????????: ??????????? ?????????, ???????? ?? ?????????? ?? ??????????, ???????? ?? ???????????????? ??? ?????.<\/p>\n<p>Il Festival sar\u00e0 aperto dalla mostra fotografica a conclusione del Laboratorio di fotografia Aula P2.0 occupata. Oltre ai tavoli di approfondimento &#8211; ai quali parteciperanno tra gli altri: Salvatore Palidda (sociologo, attivista di &#8220;Osservatorio Repressione&#8221;); Maria Francesca D&#8217;Agostino (docente DISPeS, Unical); Salvo Torre (docente UniCT, Ecologia Politica); Stefano Catanzariti (comitato Piazza Piccola) e Mattia Cusani (Canapa Sativa Italia) &#8211; vi saranno spazi comuni di socialit\u00e0 con spettacoli musicali e teatrali. Un mega-concerto chiuder\u00e0 la tre giorni\u00a0 organizzata da <strong><a class=\"oajrlxb2 g5ia77u1 qu0x051f esr5mh6w e9989ue4 r7d6kgcz rq0escxv nhd2j8a9 nc684nl6 p7hjln8o kvgmc6g5 cxmmr5t8 oygrvhab hcukyx3x jb3vyjys rz4wbd8a qt6c0cv9 a8nywdso i1ao9s8h esuyzwwr f1sip0of lzcic4wl gpro0wi8 oo9gr5id lrazzd5p\" tabindex=\"0\" role=\"link\" href=\"https:\/\/www.facebook.com\/centro18occupato\/\">Aula studio liberata<\/a><\/strong> e da <strong><a class=\"oajrlxb2 g5ia77u1 qu0x051f esr5mh6w e9989ue4 r7d6kgcz rq0escxv nhd2j8a9 nc684nl6 p7hjln8o kvgmc6g5 cxmmr5t8 oygrvhab hcukyx3x jb3vyjys rz4wbd8a qt6c0cv9 a8nywdso i1ao9s8h esuyzwwr f1sip0of lzcic4wl gpro0wi8 oo9gr5id lrazzd5p\" tabindex=\"0\" role=\"link\" href=\"https:\/\/www.facebook.com\/progettoAZADI\/\">Progetto AZADI.<\/a><\/strong><\/p>\n<p>&nbsp;<\/p>\n<p><strong><em>la rubrica\u00a0 \u00e8 soggetta ad aggiornamenti: per segnalazioni, contributi, comunicati stampa scrivere a\u00a0<\/em><\/strong><a href=\"mailto:pressenza.redazionepalermo@gmail.com\"><em>pressenza.redazionepalermo@gmail.com<\/em><\/a><\/p>\n","protected":false},"excerpt":{"rendered":"<p>Rubrica settimanale su eventi e fatti in Sicilia -a cura RedPA- \u00a0 Incontri siciliani contro la Guerra: calendarizzazioni ed approfondimenti A Palermo al Laboratorio Andrea Ballar\u00f2, domani alle ore 17.30 (Largo Rodrigo Pantaleone), appuntamento dell\u2019Assemblea NoGuerra Palermo per programmare le&hellip;<\/p>\n","protected":false},"author":1860,"featured_media":1589676,"comment_status":"closed","ping_status":"closed","sticky":false,"template":"","format":"standard","meta":{"footnotes":""},"categories":[150,56,60,59,1259],"tags":[4339,102196,102197,803,94614],"class_list":["post-1589669","post","type-post","status-publish","format-standard","has-post-thumbnail","hentry","category-comunicati-stampa","category-cultura","category-diritti-umani","category-ambiente-ecologia","category-salute-argomento","tag-eventi","tag-no-guerre","tag-questione-irlandese","tag-sanita","tag-sindacalismo-sociale"],"yoast_head":"<!-- This site is optimized with the Yoast SEO plugin v27.1.1 - https:\/\/yoast.com\/product\/yoast-seo-wordpress\/ -->\n<title>94#Palermo\u1eca\u019e\u1e3eovimento. Bloc-News della contronarrazione sociale<\/title>\n<meta name=\"description\" content=\"Rubrica settimanale su eventi e fatti in Sicilia -a cura RedPA- \u00a0 Incontri siciliani contro la Guerra: calendarizzazioni ed approfondimenti A Palermo al\" \/>\n<meta name=\"robots\" content=\"index, follow, max-snippet:-1, max-image-preview:large, max-video-preview:-1\" \/>\n<link rel=\"canonical\" href=\"https:\/\/www.pressenza.com\/it\/2022\/05\/94palermoi%c6%9e%e1%b8%bfovimento-bloc-news-della-contronarrazione-sociale\/\" \/>\n<meta property=\"og:locale\" content=\"it_IT\" \/>\n<meta property=\"og:type\" content=\"article\" \/>\n<meta property=\"og:title\" content=\"94#Palermo\u1eca\u019e\u1e3eovimento. Bloc-News della contronarrazione sociale\" \/>\n<meta property=\"og:description\" content=\"Rubrica settimanale su eventi e fatti in Sicilia -a cura RedPA- \u00a0 Incontri siciliani contro la Guerra: calendarizzazioni ed approfondimenti A Palermo al\" \/>\n<meta property=\"og:url\" content=\"https:\/\/www.pressenza.com\/it\/2022\/05\/94palermoi%c6%9e%e1%b8%bfovimento-bloc-news-della-contronarrazione-sociale\/\" \/>\n<meta property=\"og:site_name\" content=\"Pressenza\" \/>\n<meta property=\"article:publisher\" content=\"https:\/\/www.facebook.com\/PressenzaItalia\" \/>\n<meta property=\"article:published_time\" content=\"2022-05-23T14:25:14+00:00\" \/>\n<meta property=\"article:modified_time\" content=\"2022-05-26T09:51:28+00:00\" \/>\n<meta property=\"og:image\" content=\"https:\/\/www.pressenza.com\/wp-content\/uploads\/2022\/05\/1280px-TabulaRogeriana_PRESSENZA-3-820x438-2.jpg\" \/>\n\t<meta property=\"og:image:width\" content=\"820\" \/>\n\t<meta property=\"og:image:height\" content=\"438\" \/>\n\t<meta property=\"og:image:type\" content=\"image\/jpeg\" \/>\n<meta name=\"author\" content=\"Redazione Palermo\" \/>\n<meta name=\"twitter:card\" content=\"summary_large_image\" \/>\n<meta name=\"twitter:creator\" content=\"@PressenzaIPA\" \/>\n<meta name=\"twitter:site\" content=\"@PressenzaIPA\" \/>\n<meta name=\"twitter:label1\" content=\"Scritto da\" \/>\n\t<meta name=\"twitter:data1\" content=\"Redazione Palermo\" \/>\n\t<meta name=\"twitter:label2\" content=\"Tempo di lettura stimato\" \/>\n\t<meta name=\"twitter:data2\" content=\"11 minuti\" \/>\n<script type=\"application\/ld+json\" class=\"yoast-schema-graph\">{\"@context\":\"https:\/\/schema.org\",\"@graph\":[{\"@type\":\"Article\",\"@id\":\"https:\/\/www.pressenza.com\/it\/2022\/05\/94palermoi%c6%9e%e1%b8%bfovimento-bloc-news-della-contronarrazione-sociale\/#article\",\"isPartOf\":{\"@id\":\"https:\/\/www.pressenza.com\/it\/2022\/05\/94palermoi%c6%9e%e1%b8%bfovimento-bloc-news-della-contronarrazione-sociale\/\"},\"author\":{\"name\":\"Redazione Palermo\",\"@id\":\"https:\/\/www.pressenza.com\/it\/#\/schema\/person\/dd233b73788fa2d4f797777f9b6c1100\"},\"headline\":\"94#Palermo\u1eca\u019e\u1e3eovimento. Bloc-News della contronarrazione sociale\",\"datePublished\":\"2022-05-23T14:25:14+00:00\",\"dateModified\":\"2022-05-26T09:51:28+00:00\",\"mainEntityOfPage\":{\"@id\":\"https:\/\/www.pressenza.com\/it\/2022\/05\/94palermoi%c6%9e%e1%b8%bfovimento-bloc-news-della-contronarrazione-sociale\/\"},\"wordCount\":1895,\"publisher\":{\"@id\":\"https:\/\/www.pressenza.com\/it\/#organization\"},\"image\":{\"@id\":\"https:\/\/www.pressenza.com\/it\/2022\/05\/94palermoi%c6%9e%e1%b8%bfovimento-bloc-news-della-contronarrazione-sociale\/#primaryimage\"},\"thumbnailUrl\":\"https:\/\/www.pressenza.com\/wp-content\/uploads\/2022\/05\/1280px-TabulaRogeriana_PRESSENZA-3-820x438-2.jpg\",\"keywords\":[\"eventi\",\"No Guerre\",\"questione irlandese\",\"sanit\u00e0\",\"sindacalismo sociale\"],\"articleSection\":[\"Comunicati Stampa\",\"Cultura e Media\",\"Diritti Umani\",\"Ecologia ed Ambiente\",\"Salute\"],\"inLanguage\":\"it-IT\"},{\"@type\":\"WebPage\",\"@id\":\"https:\/\/www.pressenza.com\/it\/2022\/05\/94palermoi%c6%9e%e1%b8%bfovimento-bloc-news-della-contronarrazione-sociale\/\",\"url\":\"https:\/\/www.pressenza.com\/it\/2022\/05\/94palermoi%c6%9e%e1%b8%bfovimento-bloc-news-della-contronarrazione-sociale\/\",\"name\":\"94#Palermo\u1eca\u019e\u1e3eovimento. Bloc-News della contronarrazione sociale\",\"isPartOf\":{\"@id\":\"https:\/\/www.pressenza.com\/it\/#website\"},\"primaryImageOfPage\":{\"@id\":\"https:\/\/www.pressenza.com\/it\/2022\/05\/94palermoi%c6%9e%e1%b8%bfovimento-bloc-news-della-contronarrazione-sociale\/#primaryimage\"},\"image\":{\"@id\":\"https:\/\/www.pressenza.com\/it\/2022\/05\/94palermoi%c6%9e%e1%b8%bfovimento-bloc-news-della-contronarrazione-sociale\/#primaryimage\"},\"thumbnailUrl\":\"https:\/\/www.pressenza.com\/wp-content\/uploads\/2022\/05\/1280px-TabulaRogeriana_PRESSENZA-3-820x438-2.jpg\",\"datePublished\":\"2022-05-23T14:25:14+00:00\",\"dateModified\":\"2022-05-26T09:51:28+00:00\",\"description\":\"Rubrica settimanale su eventi e fatti in Sicilia -a cura RedPA- \u00a0 Incontri siciliani contro la Guerra: calendarizzazioni ed approfondimenti A Palermo al\",\"breadcrumb\":{\"@id\":\"https:\/\/www.pressenza.com\/it\/2022\/05\/94palermoi%c6%9e%e1%b8%bfovimento-bloc-news-della-contronarrazione-sociale\/#breadcrumb\"},\"inLanguage\":\"it-IT\",\"potentialAction\":[{\"@type\":\"ReadAction\",\"target\":[\"https:\/\/www.pressenza.com\/it\/2022\/05\/94palermoi%c6%9e%e1%b8%bfovimento-bloc-news-della-contronarrazione-sociale\/\"]}]},{\"@type\":\"ImageObject\",\"inLanguage\":\"it-IT\",\"@id\":\"https:\/\/www.pressenza.com\/it\/2022\/05\/94palermoi%c6%9e%e1%b8%bfovimento-bloc-news-della-contronarrazione-sociale\/#primaryimage\",\"url\":\"https:\/\/www.pressenza.com\/wp-content\/uploads\/2022\/05\/1280px-TabulaRogeriana_PRESSENZA-3-820x438-2.jpg\",\"contentUrl\":\"https:\/\/www.pressenza.com\/wp-content\/uploads\/2022\/05\/1280px-TabulaRogeriana_PRESSENZA-3-820x438-2.jpg\",\"width\":820,\"height\":438},{\"@type\":\"BreadcrumbList\",\"@id\":\"https:\/\/www.pressenza.com\/it\/2022\/05\/94palermoi%c6%9e%e1%b8%bfovimento-bloc-news-della-contronarrazione-sociale\/#breadcrumb\",\"itemListElement\":[{\"@type\":\"ListItem\",\"position\":1,\"name\":\"Accueil\",\"item\":\"https:\/\/www.pressenza.com\/it\/\"},{\"@type\":\"ListItem\",\"position\":2,\"name\":\"94#Palermo\u1eca\u019e\u1e3eovimento. Bloc-News della contronarrazione sociale\"}]},{\"@type\":\"WebSite\",\"@id\":\"https:\/\/www.pressenza.com\/it\/#website\",\"url\":\"https:\/\/www.pressenza.com\/it\/\",\"name\":\"Pressenza\",\"description\":\"Agenzia di Stampa Internazionale\",\"publisher\":{\"@id\":\"https:\/\/www.pressenza.com\/it\/#organization\"},\"potentialAction\":[{\"@type\":\"SearchAction\",\"target\":{\"@type\":\"EntryPoint\",\"urlTemplate\":\"https:\/\/www.pressenza.com\/it\/?s={search_term_string}\"},\"query-input\":{\"@type\":\"PropertyValueSpecification\",\"valueRequired\":true,\"valueName\":\"search_term_string\"}}],\"inLanguage\":\"it-IT\"},{\"@type\":\"Organization\",\"@id\":\"https:\/\/www.pressenza.com\/it\/#organization\",\"name\":\"Pressenza\",\"url\":\"https:\/\/www.pressenza.com\/it\/\",\"logo\":{\"@type\":\"ImageObject\",\"inLanguage\":\"it-IT\",\"@id\":\"https:\/\/www.pressenza.com\/it\/#\/schema\/logo\/image\/\",\"url\":\"https:\/\/www.pressenza.com\/wp-content\/uploads\/2022\/10\/pressenza_logo_200x200.jpg\",\"contentUrl\":\"https:\/\/www.pressenza.com\/wp-content\/uploads\/2022\/10\/pressenza_logo_200x200.jpg\",\"width\":200,\"height\":200,\"caption\":\"Pressenza\"},\"image\":{\"@id\":\"https:\/\/www.pressenza.com\/it\/#\/schema\/logo\/image\/\"},\"sameAs\":[\"https:\/\/www.facebook.com\/PressenzaItalia\",\"https:\/\/x.com\/PressenzaIPA\"]},{\"@type\":\"Person\",\"@id\":\"https:\/\/www.pressenza.com\/it\/#\/schema\/person\/dd233b73788fa2d4f797777f9b6c1100\",\"name\":\"Redazione Palermo\",\"description\":\"News from the Pressenza Bureau in Palermo, Italy\",\"url\":\"https:\/\/www.pressenza.com\/it\/author\/redazione-palermo\/\"}]}<\/script>\n<!-- \/ Yoast SEO plugin. -->","yoast_head_json":{"title":"94#Palermo\u1eca\u019e\u1e3eovimento. Bloc-News della contronarrazione sociale","description":"Rubrica settimanale su eventi e fatti in Sicilia -a cura RedPA- \u00a0 Incontri siciliani contro la Guerra: calendarizzazioni ed approfondimenti A Palermo al","robots":{"index":"index","follow":"follow","max-snippet":"max-snippet:-1","max-image-preview":"max-image-preview:large","max-video-preview":"max-video-preview:-1"},"canonical":"https:\/\/www.pressenza.com\/it\/2022\/05\/94palermoi%c6%9e%e1%b8%bfovimento-bloc-news-della-contronarrazione-sociale\/","og_locale":"it_IT","og_type":"article","og_title":"94#Palermo\u1eca\u019e\u1e3eovimento. Bloc-News della contronarrazione sociale","og_description":"Rubrica settimanale su eventi e fatti in Sicilia -a cura RedPA- \u00a0 Incontri siciliani contro la Guerra: calendarizzazioni ed approfondimenti A Palermo al","og_url":"https:\/\/www.pressenza.com\/it\/2022\/05\/94palermoi%c6%9e%e1%b8%bfovimento-bloc-news-della-contronarrazione-sociale\/","og_site_name":"Pressenza","article_publisher":"https:\/\/www.facebook.com\/PressenzaItalia","article_published_time":"2022-05-23T14:25:14+00:00","article_modified_time":"2022-05-26T09:51:28+00:00","og_image":[{"width":820,"height":438,"url":"https:\/\/www.pressenza.com\/wp-content\/uploads\/2022\/05\/1280px-TabulaRogeriana_PRESSENZA-3-820x438-2.jpg","type":"image\/jpeg"}],"author":"Redazione Palermo","twitter_card":"summary_large_image","twitter_creator":"@PressenzaIPA","twitter_site":"@PressenzaIPA","twitter_misc":{"Scritto da":"Redazione Palermo","Tempo di lettura stimato":"11 minuti"},"schema":{"@context":"https:\/\/schema.org","@graph":[{"@type":"Article","@id":"https:\/\/www.pressenza.com\/it\/2022\/05\/94palermoi%c6%9e%e1%b8%bfovimento-bloc-news-della-contronarrazione-sociale\/#article","isPartOf":{"@id":"https:\/\/www.pressenza.com\/it\/2022\/05\/94palermoi%c6%9e%e1%b8%bfovimento-bloc-news-della-contronarrazione-sociale\/"},"author":{"name":"Redazione Palermo","@id":"https:\/\/www.pressenza.com\/it\/#\/schema\/person\/dd233b73788fa2d4f797777f9b6c1100"},"headline":"94#Palermo\u1eca\u019e\u1e3eovimento. Bloc-News della contronarrazione sociale","datePublished":"2022-05-23T14:25:14+00:00","dateModified":"2022-05-26T09:51:28+00:00","mainEntityOfPage":{"@id":"https:\/\/www.pressenza.com\/it\/2022\/05\/94palermoi%c6%9e%e1%b8%bfovimento-bloc-news-della-contronarrazione-sociale\/"},"wordCount":1895,"publisher":{"@id":"https:\/\/www.pressenza.com\/it\/#organization"},"image":{"@id":"https:\/\/www.pressenza.com\/it\/2022\/05\/94palermoi%c6%9e%e1%b8%bfovimento-bloc-news-della-contronarrazione-sociale\/#primaryimage"},"thumbnailUrl":"https:\/\/www.pressenza.com\/wp-content\/uploads\/2022\/05\/1280px-TabulaRogeriana_PRESSENZA-3-820x438-2.jpg","keywords":["eventi","No Guerre","questione irlandese","sanit\u00e0","sindacalismo sociale"],"articleSection":["Comunicati Stampa","Cultura e Media","Diritti Umani","Ecologia ed Ambiente","Salute"],"inLanguage":"it-IT"},{"@type":"WebPage","@id":"https:\/\/www.pressenza.com\/it\/2022\/05\/94palermoi%c6%9e%e1%b8%bfovimento-bloc-news-della-contronarrazione-sociale\/","url":"https:\/\/www.pressenza.com\/it\/2022\/05\/94palermoi%c6%9e%e1%b8%bfovimento-bloc-news-della-contronarrazione-sociale\/","name":"94#Palermo\u1eca\u019e\u1e3eovimento. Bloc-News della contronarrazione sociale","isPartOf":{"@id":"https:\/\/www.pressenza.com\/it\/#website"},"primaryImageOfPage":{"@id":"https:\/\/www.pressenza.com\/it\/2022\/05\/94palermoi%c6%9e%e1%b8%bfovimento-bloc-news-della-contronarrazione-sociale\/#primaryimage"},"image":{"@id":"https:\/\/www.pressenza.com\/it\/2022\/05\/94palermoi%c6%9e%e1%b8%bfovimento-bloc-news-della-contronarrazione-sociale\/#primaryimage"},"thumbnailUrl":"https:\/\/www.pressenza.com\/wp-content\/uploads\/2022\/05\/1280px-TabulaRogeriana_PRESSENZA-3-820x438-2.jpg","datePublished":"2022-05-23T14:25:14+00:00","dateModified":"2022-05-26T09:51:28+00:00","description":"Rubrica settimanale su eventi e fatti in Sicilia -a cura RedPA- \u00a0 Incontri siciliani contro la Guerra: calendarizzazioni ed approfondimenti A Palermo al","breadcrumb":{"@id":"https:\/\/www.pressenza.com\/it\/2022\/05\/94palermoi%c6%9e%e1%b8%bfovimento-bloc-news-della-contronarrazione-sociale\/#breadcrumb"},"inLanguage":"it-IT","potentialAction":[{"@type":"ReadAction","target":["https:\/\/www.pressenza.com\/it\/2022\/05\/94palermoi%c6%9e%e1%b8%bfovimento-bloc-news-della-contronarrazione-sociale\/"]}]},{"@type":"ImageObject","inLanguage":"it-IT","@id":"https:\/\/www.pressenza.com\/it\/2022\/05\/94palermoi%c6%9e%e1%b8%bfovimento-bloc-news-della-contronarrazione-sociale\/#primaryimage","url":"https:\/\/www.pressenza.com\/wp-content\/uploads\/2022\/05\/1280px-TabulaRogeriana_PRESSENZA-3-820x438-2.jpg","contentUrl":"https:\/\/www.pressenza.com\/wp-content\/uploads\/2022\/05\/1280px-TabulaRogeriana_PRESSENZA-3-820x438-2.jpg","width":820,"height":438},{"@type":"BreadcrumbList","@id":"https:\/\/www.pressenza.com\/it\/2022\/05\/94palermoi%c6%9e%e1%b8%bfovimento-bloc-news-della-contronarrazione-sociale\/#breadcrumb","itemListElement":[{"@type":"ListItem","position":1,"name":"Accueil","item":"https:\/\/www.pressenza.com\/it\/"},{"@type":"ListItem","position":2,"name":"94#Palermo\u1eca\u019e\u1e3eovimento. Bloc-News della contronarrazione sociale"}]},{"@type":"WebSite","@id":"https:\/\/www.pressenza.com\/it\/#website","url":"https:\/\/www.pressenza.com\/it\/","name":"Pressenza","description":"Agenzia di Stampa Internazionale","publisher":{"@id":"https:\/\/www.pressenza.com\/it\/#organization"},"potentialAction":[{"@type":"SearchAction","target":{"@type":"EntryPoint","urlTemplate":"https:\/\/www.pressenza.com\/it\/?s={search_term_string}"},"query-input":{"@type":"PropertyValueSpecification","valueRequired":true,"valueName":"search_term_string"}}],"inLanguage":"it-IT"},{"@type":"Organization","@id":"https:\/\/www.pressenza.com\/it\/#organization","name":"Pressenza","url":"https:\/\/www.pressenza.com\/it\/","logo":{"@type":"ImageObject","inLanguage":"it-IT","@id":"https:\/\/www.pressenza.com\/it\/#\/schema\/logo\/image\/","url":"https:\/\/www.pressenza.com\/wp-content\/uploads\/2022\/10\/pressenza_logo_200x200.jpg","contentUrl":"https:\/\/www.pressenza.com\/wp-content\/uploads\/2022\/10\/pressenza_logo_200x200.jpg","width":200,"height":200,"caption":"Pressenza"},"image":{"@id":"https:\/\/www.pressenza.com\/it\/#\/schema\/logo\/image\/"},"sameAs":["https:\/\/www.facebook.com\/PressenzaItalia","https:\/\/x.com\/PressenzaIPA"]},{"@type":"Person","@id":"https:\/\/www.pressenza.com\/it\/#\/schema\/person\/dd233b73788fa2d4f797777f9b6c1100","name":"Redazione Palermo","description":"News from the Pressenza Bureau in Palermo, Italy","url":"https:\/\/www.pressenza.com\/it\/author\/redazione-palermo\/"}]}},"place":"","original_article_url":"","_links":{"self":[{"href":"https:\/\/www.pressenza.com\/it\/wp-json\/wp\/v2\/posts\/1589669","targetHints":{"allow":["GET"]}}],"collection":[{"href":"https:\/\/www.pressenza.com\/it\/wp-json\/wp\/v2\/posts"}],"about":[{"href":"https:\/\/www.pressenza.com\/it\/wp-json\/wp\/v2\/types\/post"}],"author":[{"embeddable":true,"href":"https:\/\/www.pressenza.com\/it\/wp-json\/wp\/v2\/users\/1860"}],"replies":[{"embeddable":true,"href":"https:\/\/www.pressenza.com\/it\/wp-json\/wp\/v2\/comments?post=1589669"}],"version-history":[{"count":0,"href":"https:\/\/www.pressenza.com\/it\/wp-json\/wp\/v2\/posts\/1589669\/revisions"}],"wp:featuredmedia":[{"embeddable":true,"href":"https:\/\/www.pressenza.com\/it\/wp-json\/wp\/v2\/media\/1589676"}],"wp:attachment":[{"href":"https:\/\/www.pressenza.com\/it\/wp-json\/wp\/v2\/media?parent=1589669"}],"wp:term":[{"taxonomy":"category","embeddable":true,"href":"https:\/\/www.pressenza.com\/it\/wp-json\/wp\/v2\/categories?post=1589669"},{"taxonomy":"post_tag","embeddable":true,"href":"https:\/\/www.pressenza.com\/it\/wp-json\/wp\/v2\/tags?post=1589669"}],"curies":[{"name":"wp","href":"https:\/\/api.w.org\/{rel}","templated":true}]}}