{"id":1587487,"date":"2022-05-20T17:02:19","date_gmt":"2022-05-20T16:02:19","guid":{"rendered":"https:\/\/www.pressenza.com\/?p=1587487"},"modified":"2022-05-24T14:21:29","modified_gmt":"2022-05-24T13:21:29","slug":"decrescita-se-non-ora-quando-incontro-a-venezia","status":"publish","type":"post","link":"https:\/\/www.pressenza.com\/it\/2022\/05\/decrescita-se-non-ora-quando-incontro-a-venezia\/","title":{"rendered":"Decrescita. Se non ora, quando? Incontro a Venezia"},"content":{"rendered":"<p><strong>Sono aperte le iscrizioni all\u2019incontro di Venezia: \u201cDecrescita. Se non ora, quando? Dall&#8217;illusione della crescita verde a una democrazia della Terra\u201d, che avr\u00e0 tra gli ospiti anche Vandana Shiva. Il 27 maggio ci sar\u00e0 la presentazione online ufficiale (per registrarsi usare <\/strong><a href=\"https:\/\/docs.google.com\/forms\/d\/1b0SaIMoLDdUEmA5jLBFuEOIyZXrVeBoWPE8arAFQMW4\/viewform?ts=6273a4fb&amp;edit_requested=true\"><strong>questo modulo<\/strong><\/a><strong>). Tutte le informazioni sono su: <\/strong><a href=\"http:\/\/www.venezia2022.it\"><strong>www.venezia2022.it<\/strong><\/a><\/p>\n<p>L\u2019incontro si terr\u00e0 dal 7 al 9 settembre presso la sede di Santa Marta, ex Cotonificio Dorsoduro 2196, dell\u2019Istituto Universitario di Architettura di Venezia; il 10 settembre invece saremo al Venice Climate Camp.<\/p>\n<p>L\u2019incontro \u00e8 totalmente autofinanziato con crowdfunding e sottoscrizioni. Per partecipare all\u2019incontro \u00e8 necessaria l\u2019iscrizione a <a href=\"https:\/\/venezia2022.it\/iscriviti\">questo link<\/a>, poich\u00e9 i posti disponibili sono limitati a non pi\u00f9 di 250,.<\/p>\n<p>L\u2019incontro \u00e8 promosso dall\u2019Associazione per la Decrescita, dal Movimento per la Decrescita Felice, dalla Rete Italiana dell&#8217;Economia Solidale, da Aeres di Venezia e dal Support Group of the International Conferences on Degrowth for Ecological Sustainability and Social Equity. Con il patrocinio delle universit\u00e0 IUAV, Ca&#8217; Foscari, Udine e di Research &amp; Degrowth. In collaborazione con ACMOS-Torino; Associazione Eco-Filosofica; Associazione Laudato si\u2019; Bilanci di Giustizia; Co-Energia; Forum Beni Comuni Friuli Venezia Giulia, MUSOCO; TILT &#8211; Territori in Libera Transizione. Media Partner: Altreconomia; Comune-Info; Pressenza; Terra Nuova.<\/p>\n<p>L\u2019incontro verter\u00e0 sui temi della sostenibilit\u00e0 ambientale, dell\u2019equit\u00e0 sociale, della democrazia e della pace e avr\u00e0 come base la discussione di alcuni documenti (alcune bozze sono gi\u00e0 disponibili nel sito) elaborati e condivisi da gruppi aperti su varie tematiche quali: pace e nonviolenza; l\u2019idea di comunit\u00e0; la cosmovisione della decrescita; un\u2019uscita di emergenza dalla crisi economica; fare salute; la filiera agroalimentare nel contesto della agroecologia; educare alla saggezza, le reti dell\u2019economia solidale e sostenibile.<\/p>\n<p>L\u2019incontro si svolger\u00e0 attraverso quattro assi tematici:<\/p>\n<ul>\n<li>One Earth, one Health, one Life, per un\u2019idea pi\u00f9 ampia di salute e di cura delle persone, degli animali, del pianeta. Con relazioni in presenza di Vandana Shiva (Navdanya, India), Carlo Modonesi (universit\u00e0 di Parma), Jean Louis Aillon (Rete salute e sostenibilit\u00e0);<\/li>\n<li>Buen Vivir\/Vivir Bien. Che cos\u2019\u00e8 una buona vita? Oltre il paradigma del benessere, ripensare il senso e la qualit\u00e0 della vita. Con interventi in presenza di Amaia Perez Orozco (Colectiva Xxk. Feminismos, pensamiento y acci\u00f3n); Lorenzo Velotti (Scuola Normale Superiore, Research &amp; Degrowth); Marco Bersani (Societ\u00e0 della cura); Silvia Federici (da remoto) (professoressa emerita presso l&#8217;universit\u00e0 Hofstra di New York).<\/li>\n<li>Nuove architetture sociali. Praticare la transizione attraverso nuove forme di condivisione, di comunit\u00e0, di cooperazione e organizzazione sociale. Con interventi di: Jason Hickel (Universit\u00e0 di Barcellona) (da remoto); Mario Pansera (Universit\u00e0 di Vigo, Spagna); Emanuele Leonardi (Universit\u00e0 di Bologna).<\/li>\n<li>Un agire politico trasformativo. Un nuovo sperimentalismo democratico per rendere possibile un progetto collettivo di cambiamento. Con interventi in presenza di Luigi Pellizzoni (Universit\u00e0 di Pisa, POE); Viviana Asara (Universit\u00e0 di Ferrara e Research &amp; Degrowth); Marco Deriu (Universit\u00e0 di Parma); Timoth\u00e9e Parrique (da remoto) (School of economics, Lund University, Sweden).<strong>\u00a0<\/strong><\/li>\n<\/ul>\n<p><strong>Programma<\/strong><\/p>\n<p>Il programma (disponibile <a href=\"https:\/\/venezia2022.it\/programma\">a questo link<\/a>) prevede varie sessioni in plenaria e tavoli di lavoro in parallelo.<\/p>\n<p>L\u2019incontro si aprir\u00e0 <strong>mercoled\u00ec 7 settembre<\/strong> alle ore 9,30 con introduzioni generali di Ugo Bardi (Universit\u00e0 di Firenze), 50 anni dal rapporto \u201cI limiti della crescita\u201d; Mauro Bonaiuti (Associazione per la decrescita), 20 anni dalla Conferenza internazionale sulla decrescita di Parigi; Michel Cardito (Movimento Decrescita Felice), 10 anni dalla Conferenza internazionale sulla decrescita di Venezia.<\/p>\n<p><strong>Gioved\u00ec 8<\/strong> alle 17.00 si terr\u00e0 un incontro pubblico con Vandana Shiva, con interventi di: Francesco Musco (Iuav), Fabio Pranovi (Ca\u2019 Foscari), Lucia Piani (Universit\u00e0 di Udine).<\/p>\n<p><strong>Venerd\u00ec 9<\/strong> alle 15.00 si terr\u00e0 una tavola rotonda: Dal disarmo ecologico e militare alla costruzione di una pace giusta e sostenibile.<\/p>\n<p><strong>Sabato 10<\/strong> vi sar\u00e0 una convergenza con le manifestazioni al Venice Climate Camp al Lido di Venezia organizzato da Rise Up 4 Climate Justice e da Fridays For Future Venezia.<\/p>\n<p>Sono previsti altri interventi di Mario Agostinelli, Elena Bertoli, Bruna Bianchi, Davide Biolghini, Paolo Cacciari, Silvio Cristiano, Nello De Padova, Antonia De Vita, Enrico Euli, Margherita Forgione, Francesca Forno, Cristiano Gasparetto, Gloria Germani, Paolo Ladetto, Luca Lazzarato, Riccardo Mastini, Manlio Masucci, Jason Nardi, Ferruccio Nilia, Daniela Padoan, Matelda Reho, Massimo Renno, Bepi Rizzardo, Maurizio Ruzzene, Mario Santi, Mario Sassi, Giovanni Spaliviero, Gianni Tamino, Giulio Torello, Riccardo Troisi, Lorenzo Velotti, Maria Zinutti.<\/p>\n<p><strong>Contenuti principali<\/strong><\/p>\n<p>L&#8217;idea di una societ\u00e0 della decrescita deriva \u2013 in prima istanza &#8211; dall\u2019urgenza di ridurre il flusso di energia e di materie impiegate nei cicli produttivi. Da cinquant\u2019anni almeno (Rapporto del Club di Roma sui Limiti della crescita e Prima conferenza dell\u2019Onu sull\u2019ambiente) le evidenze scientifiche sono schiaccianti: \u00e8 in atto un biocidio, ma i principali centri di potere economico e politico mondiali rimangono inattivi, prigionieri del business as usual o tuttalpi\u00f9 si affidano a soluzioni di tipo tecnologico (geoingegneria, elettrificazione, ecc.).<\/p>\n<p>I promotori del progetto \u2013 sociale e politico &#8211; di una societ\u00e0 della decrescita credono invece che per rientrare nei confini ecologici del sistema Terra sia necessario cambiare radicalmente il modello socioeconomico, i comportamenti e lo stesso modo di pensare le relazioni tra gli esseri umani e tra questi e l\u2019intero mondo vivente. Una reinvenzione complessiva del modello di benessere e addirittura della nostra forma di civilt\u00e0. Questa prospettiva ha guadagnato in questi anni maggiore interesse anche in ambienti in passato pi\u00f9 cauti o diffidenti. Quello della decrescita \u00e8 diventato un movimento rilevante di riflessione culturale, di sperimentazione pratica di stili di vita e di pratiche socio-economiche e di proposte politiche. Nel mondo cattolico ha segnato una svolta l\u2019Enciclica Laudato si\u2019, nella quale Papa Bergoglio evidenziava esplicitamente la necessit\u00e0 della decrescita, ma anche negli ambienti di sinistra, marxisti, eco-socialisti, anticapitalisti l\u2019idea della decrescita non \u00e8 pi\u00f9 un tab\u00f9.<\/p>\n<p>La proposta di una societ\u00e0 che sceglie di liberarsi dal feticcio della crescita materiale dei beni prodotti e venduti (Pil), entrando nell\u2019ordine delle idee di realizzare un maggiore benessere per tutte e tutti gli abitanti della Terra senza intaccare la capacit\u00e0 di rigenerazione dei cicli naturali, \u00e8 spesso equivocata e demonizzata come se si trattasse di una \u201crecessione\u201d economica e di un impoverimento generalizzato.\u00a0 Ma la decrescita vuole uscire da una lettura puramente economicista fondata sui dogmi della scarsit\u00e0, dell\u2019homo oeconomicus, della competizione per riaprire un\u2019interrogazione sulla qualit\u00e0 della vita e sui modelli di benessere. Abbiamo bisogno di una transizione che sia assieme democratica, ecologica, sociale ed economica. In quest\u2019orizzonte dobbiamo non solo abbandonare lo sfruttamento delle fonti fossili, ma accompagnare la transizione energetica con una moderazione della domanda di consumo, minerali e tecnologie comprese. Abbiamo bisogno di ritrovare una centratura sui territori in termini democratici, economici, ed energetici promuovendo delle esperienze di comunit\u00e0 pi\u00f9 inclusive, partecipate e sostenibili.<\/p>\n<p>Dobbiamo promuovere un ripensamento del lavoro riducendo gli orari, condividendolo, stabilendo dei redditi minimi e massimi per ridurre le diseguaglianze sociali e soprattutto riconoscendo il valore di tutte le attivit\u00e0 non retribuite senza passare dalla loro mercificazione. Dobbiamo aumentare le forme di commoning, di gestione comunitarie di beni ambientali, materiali, monumentali, sociali, riducendo la nostra dipendenza dal mercato. Complessivamente dobbiamo ridurre il nostro impatto ecologico attraverso forme di rilocalizzazione, abbattimento dei consumi intermedi (trasporti, energia, imballaggi, pubblicit\u00e0), condivisione e riciclo, sfruttando anche forme di ecotassazione. Occorre promuovere l\u2019agricoltura contadina, le filiere locali e le forme di economia solidale, nonch\u00e9 un\u2019alimentazione pi\u00f9 sostenibile. Per tutto questo dobbiamo riorientare la ricerca e l\u2019innovazione scientifico-tecnologica, contrastando l\u2019obsolescenza programmata, la pubblicit\u00e0 e promuovendo obiettivi di durevolezza, sostenibilit\u00e0 e convivialit\u00e0.<\/p>\n<p>Questi indirizzi operativi valgono per i Paesi \u201cricchi\u201d e per i Paesi \u201cpoveri\u201d, sia pur in quantit\u00e0 e modalit\u00e0 differenziate, ma sono realizzabili riorientando i rapporti di cooperazione internazionale su nuove basi solidaristiche, creando nuove relazioni di scambio di materie prime e beni rari su basi paritarie, che sostituiscano gli attuali rapporti di sudditanza economica e delocalizzazione selvaggia delle attivit\u00e0 produttive pi\u00f9 povere e impattanti sull\u2019ambiente.<\/p>\n<p>L\u2019incontro di Venezia si propone di costruire una interlocuzione tra diversi movimenti sociali e politici: l\u2019ambientalismo, l\u2019ecologismo scientifico, il femminismo italiano e l\u2019ecofemminismo internazionale, il post-sviluppismo e la teologia della liberazione, il transition movement anglosassone, l\u2019economia solidale, i movimenti no global, quelli per l\u2019acqua e i beni comuni, quelli per l\u2019agroecologia e la sovranit\u00e0 alimentare.<\/p>\n<p>Per informazioni:<\/p>\n<p><a href=\"http:\/\/www.venezia2022.it\">www.venezia2022.it<\/a>; <a href=\"mailto:info@venezia2022.it\">info@venezia2022.it<\/a><\/p>\n<p>&nbsp;<\/p>\n<p>&nbsp;<\/p>\n","protected":false},"excerpt":{"rendered":"<p>Sono aperte le iscrizioni all\u2019incontro di Venezia: \u201cDecrescita. Se non ora, quando? Dall&#8217;illusione della crescita verde a una democrazia della Terra\u201d, che avr\u00e0 tra gli ospiti anche Vandana Shiva. Il 27 maggio ci sar\u00e0 la presentazione online ufficiale (per registrarsi&hellip;<\/p>\n","protected":false},"author":594,"featured_media":1587499,"comment_status":"closed","ping_status":"closed","sticky":false,"template":"","format":"standard","meta":{"footnotes":""},"categories":[150,59,62,47],"tags":[4703,4339,102136,1634,4397,4206],"class_list":["post-1587487","post","type-post","status-publish","format-standard","has-post-thumbnail","hentry","category-comunicati-stampa","category-ambiente-ecologia","category-economia","category-europa","tag-beni-comuni","tag-eventi","tag-incontro-sulla-decrescita","tag-solidarieta","tag-vandana-shiva-it","tag-venezia"],"yoast_head":"<!-- This site is optimized with the Yoast SEO plugin v27.1.1 - https:\/\/yoast.com\/product\/yoast-seo-wordpress\/ -->\n<title>Decrescita. Se non ora, quando? Incontro a Venezia<\/title>\n<meta name=\"description\" content=\"Sono aperte le iscrizioni all\u2019incontro di Venezia: \u201cDecrescita. Se non ora, quando? Dall&#039;illusione della crescita verde a una democrazia della Terra\u201d, che\" \/>\n<meta name=\"robots\" content=\"index, follow, max-snippet:-1, max-image-preview:large, max-video-preview:-1\" \/>\n<link rel=\"canonical\" href=\"https:\/\/www.pressenza.com\/it\/2022\/05\/decrescita-se-non-ora-quando-incontro-a-venezia\/\" \/>\n<meta property=\"og:locale\" content=\"it_IT\" \/>\n<meta property=\"og:type\" content=\"article\" \/>\n<meta property=\"og:title\" content=\"Decrescita. Se non ora, quando? Incontro a Venezia\" \/>\n<meta property=\"og:description\" content=\"Sono aperte le iscrizioni all\u2019incontro di Venezia: \u201cDecrescita. Se non ora, quando? Dall&#039;illusione della crescita verde a una democrazia della Terra\u201d, che\" \/>\n<meta property=\"og:url\" content=\"https:\/\/www.pressenza.com\/it\/2022\/05\/decrescita-se-non-ora-quando-incontro-a-venezia\/\" \/>\n<meta property=\"og:site_name\" content=\"Pressenza\" \/>\n<meta property=\"article:publisher\" content=\"https:\/\/www.facebook.com\/PressenzaItalia\" \/>\n<meta property=\"article:author\" content=\"https:\/\/www.facebook.com\/PressenzaItalia\" \/>\n<meta property=\"article:published_time\" content=\"2022-05-20T16:02:19+00:00\" \/>\n<meta property=\"article:modified_time\" content=\"2022-05-24T13:21:29+00:00\" \/>\n<meta property=\"og:image\" content=\"https:\/\/www.pressenza.com\/wp-content\/uploads\/2022\/05\/decrescita-incontro-Venezia.jpg\" \/>\n\t<meta property=\"og:image:width\" content=\"1164\" \/>\n\t<meta property=\"og:image:height\" content=\"610\" \/>\n\t<meta property=\"og:image:type\" content=\"image\/jpeg\" \/>\n<meta name=\"author\" content=\"Redazione Italia\" \/>\n<meta name=\"twitter:card\" content=\"summary_large_image\" \/>\n<meta name=\"twitter:creator\" content=\"@pressenza_it\" \/>\n<meta name=\"twitter:site\" content=\"@PressenzaIPA\" \/>\n<meta name=\"twitter:label1\" content=\"Scritto da\" \/>\n\t<meta name=\"twitter:data1\" content=\"Redazione Italia\" \/>\n\t<meta name=\"twitter:label2\" content=\"Tempo di lettura stimato\" \/>\n\t<meta name=\"twitter:data2\" content=\"8 minuti\" \/>\n<script type=\"application\/ld+json\" class=\"yoast-schema-graph\">{\"@context\":\"https:\/\/schema.org\",\"@graph\":[{\"@type\":\"Article\",\"@id\":\"https:\/\/www.pressenza.com\/it\/2022\/05\/decrescita-se-non-ora-quando-incontro-a-venezia\/#article\",\"isPartOf\":{\"@id\":\"https:\/\/www.pressenza.com\/it\/2022\/05\/decrescita-se-non-ora-quando-incontro-a-venezia\/\"},\"author\":{\"name\":\"Redazione Italia\",\"@id\":\"https:\/\/www.pressenza.com\/it\/#\/schema\/person\/d983e81827ae24f2c7b1a2123d197f8d\"},\"headline\":\"Decrescita. Se non ora, quando? Incontro a Venezia\",\"datePublished\":\"2022-05-20T16:02:19+00:00\",\"dateModified\":\"2022-05-24T13:21:29+00:00\",\"mainEntityOfPage\":{\"@id\":\"https:\/\/www.pressenza.com\/it\/2022\/05\/decrescita-se-non-ora-quando-incontro-a-venezia\/\"},\"wordCount\":1368,\"publisher\":{\"@id\":\"https:\/\/www.pressenza.com\/it\/#organization\"},\"image\":{\"@id\":\"https:\/\/www.pressenza.com\/it\/2022\/05\/decrescita-se-non-ora-quando-incontro-a-venezia\/#primaryimage\"},\"thumbnailUrl\":\"https:\/\/www.pressenza.com\/wp-content\/uploads\/2022\/05\/decrescita-incontro-Venezia.jpg\",\"keywords\":[\"beni comuni\",\"eventi\",\"incontro sulla decrescita\",\"solidariet\u00e0\",\"Vandana Shiva\",\"Venezia\"],\"articleSection\":[\"Comunicati Stampa\",\"Ecologia ed Ambiente\",\"Economia\",\"Europa\"],\"inLanguage\":\"it-IT\"},{\"@type\":\"WebPage\",\"@id\":\"https:\/\/www.pressenza.com\/it\/2022\/05\/decrescita-se-non-ora-quando-incontro-a-venezia\/\",\"url\":\"https:\/\/www.pressenza.com\/it\/2022\/05\/decrescita-se-non-ora-quando-incontro-a-venezia\/\",\"name\":\"Decrescita. Se non ora, quando? Incontro a Venezia\",\"isPartOf\":{\"@id\":\"https:\/\/www.pressenza.com\/it\/#website\"},\"primaryImageOfPage\":{\"@id\":\"https:\/\/www.pressenza.com\/it\/2022\/05\/decrescita-se-non-ora-quando-incontro-a-venezia\/#primaryimage\"},\"image\":{\"@id\":\"https:\/\/www.pressenza.com\/it\/2022\/05\/decrescita-se-non-ora-quando-incontro-a-venezia\/#primaryimage\"},\"thumbnailUrl\":\"https:\/\/www.pressenza.com\/wp-content\/uploads\/2022\/05\/decrescita-incontro-Venezia.jpg\",\"datePublished\":\"2022-05-20T16:02:19+00:00\",\"dateModified\":\"2022-05-24T13:21:29+00:00\",\"description\":\"Sono aperte le iscrizioni all\u2019incontro di Venezia: \u201cDecrescita. Se non ora, quando? Dall'illusione della crescita verde a una democrazia della Terra\u201d, che\",\"breadcrumb\":{\"@id\":\"https:\/\/www.pressenza.com\/it\/2022\/05\/decrescita-se-non-ora-quando-incontro-a-venezia\/#breadcrumb\"},\"inLanguage\":\"it-IT\",\"potentialAction\":[{\"@type\":\"ReadAction\",\"target\":[\"https:\/\/www.pressenza.com\/it\/2022\/05\/decrescita-se-non-ora-quando-incontro-a-venezia\/\"]}]},{\"@type\":\"ImageObject\",\"inLanguage\":\"it-IT\",\"@id\":\"https:\/\/www.pressenza.com\/it\/2022\/05\/decrescita-se-non-ora-quando-incontro-a-venezia\/#primaryimage\",\"url\":\"https:\/\/www.pressenza.com\/wp-content\/uploads\/2022\/05\/decrescita-incontro-Venezia.jpg\",\"contentUrl\":\"https:\/\/www.pressenza.com\/wp-content\/uploads\/2022\/05\/decrescita-incontro-Venezia.jpg\",\"width\":1164,\"height\":610},{\"@type\":\"BreadcrumbList\",\"@id\":\"https:\/\/www.pressenza.com\/it\/2022\/05\/decrescita-se-non-ora-quando-incontro-a-venezia\/#breadcrumb\",\"itemListElement\":[{\"@type\":\"ListItem\",\"position\":1,\"name\":\"Accueil\",\"item\":\"https:\/\/www.pressenza.com\/it\/\"},{\"@type\":\"ListItem\",\"position\":2,\"name\":\"Decrescita. Se non ora, quando? Incontro a Venezia\"}]},{\"@type\":\"WebSite\",\"@id\":\"https:\/\/www.pressenza.com\/it\/#website\",\"url\":\"https:\/\/www.pressenza.com\/it\/\",\"name\":\"Pressenza\",\"description\":\"Agenzia di Stampa Internazionale\",\"publisher\":{\"@id\":\"https:\/\/www.pressenza.com\/it\/#organization\"},\"potentialAction\":[{\"@type\":\"SearchAction\",\"target\":{\"@type\":\"EntryPoint\",\"urlTemplate\":\"https:\/\/www.pressenza.com\/it\/?s={search_term_string}\"},\"query-input\":{\"@type\":\"PropertyValueSpecification\",\"valueRequired\":true,\"valueName\":\"search_term_string\"}}],\"inLanguage\":\"it-IT\"},{\"@type\":\"Organization\",\"@id\":\"https:\/\/www.pressenza.com\/it\/#organization\",\"name\":\"Pressenza\",\"url\":\"https:\/\/www.pressenza.com\/it\/\",\"logo\":{\"@type\":\"ImageObject\",\"inLanguage\":\"it-IT\",\"@id\":\"https:\/\/www.pressenza.com\/it\/#\/schema\/logo\/image\/\",\"url\":\"https:\/\/www.pressenza.com\/wp-content\/uploads\/2022\/10\/pressenza_logo_200x200.jpg\",\"contentUrl\":\"https:\/\/www.pressenza.com\/wp-content\/uploads\/2022\/10\/pressenza_logo_200x200.jpg\",\"width\":200,\"height\":200,\"caption\":\"Pressenza\"},\"image\":{\"@id\":\"https:\/\/www.pressenza.com\/it\/#\/schema\/logo\/image\/\"},\"sameAs\":[\"https:\/\/www.facebook.com\/PressenzaItalia\",\"https:\/\/x.com\/PressenzaIPA\"]},{\"@type\":\"Person\",\"@id\":\"https:\/\/www.pressenza.com\/it\/#\/schema\/person\/d983e81827ae24f2c7b1a2123d197f8d\",\"name\":\"Redazione Italia\",\"description\":\"News from the Pressenza Bureau in Italy\",\"sameAs\":[\"https:\/\/www.pressenza.com\/it\/author\/redazione-italia\/\",\"https:\/\/www.facebook.com\/PressenzaItalia\",\"https:\/\/www.instagram.com\/pressenza_italia\/\",\"https:\/\/x.com\/pressenza_it\",\"https:\/\/www.youtube.com\/channel\/UCSalEIWjE1RSxkwjfftFuqg\"],\"url\":\"https:\/\/www.pressenza.com\/it\/author\/redazione-italia\/\"}]}<\/script>\n<!-- \/ Yoast SEO plugin. -->","yoast_head_json":{"title":"Decrescita. Se non ora, quando? Incontro a Venezia","description":"Sono aperte le iscrizioni all\u2019incontro di Venezia: \u201cDecrescita. Se non ora, quando? Dall'illusione della crescita verde a una democrazia della Terra\u201d, che","robots":{"index":"index","follow":"follow","max-snippet":"max-snippet:-1","max-image-preview":"max-image-preview:large","max-video-preview":"max-video-preview:-1"},"canonical":"https:\/\/www.pressenza.com\/it\/2022\/05\/decrescita-se-non-ora-quando-incontro-a-venezia\/","og_locale":"it_IT","og_type":"article","og_title":"Decrescita. Se non ora, quando? Incontro a Venezia","og_description":"Sono aperte le iscrizioni all\u2019incontro di Venezia: \u201cDecrescita. Se non ora, quando? Dall'illusione della crescita verde a una democrazia della Terra\u201d, che","og_url":"https:\/\/www.pressenza.com\/it\/2022\/05\/decrescita-se-non-ora-quando-incontro-a-venezia\/","og_site_name":"Pressenza","article_publisher":"https:\/\/www.facebook.com\/PressenzaItalia","article_author":"https:\/\/www.facebook.com\/PressenzaItalia","article_published_time":"2022-05-20T16:02:19+00:00","article_modified_time":"2022-05-24T13:21:29+00:00","og_image":[{"width":1164,"height":610,"url":"https:\/\/www.pressenza.com\/wp-content\/uploads\/2022\/05\/decrescita-incontro-Venezia.jpg","type":"image\/jpeg"}],"author":"Redazione Italia","twitter_card":"summary_large_image","twitter_creator":"@pressenza_it","twitter_site":"@PressenzaIPA","twitter_misc":{"Scritto da":"Redazione Italia","Tempo di lettura stimato":"8 minuti"},"schema":{"@context":"https:\/\/schema.org","@graph":[{"@type":"Article","@id":"https:\/\/www.pressenza.com\/it\/2022\/05\/decrescita-se-non-ora-quando-incontro-a-venezia\/#article","isPartOf":{"@id":"https:\/\/www.pressenza.com\/it\/2022\/05\/decrescita-se-non-ora-quando-incontro-a-venezia\/"},"author":{"name":"Redazione Italia","@id":"https:\/\/www.pressenza.com\/it\/#\/schema\/person\/d983e81827ae24f2c7b1a2123d197f8d"},"headline":"Decrescita. Se non ora, quando? Incontro a Venezia","datePublished":"2022-05-20T16:02:19+00:00","dateModified":"2022-05-24T13:21:29+00:00","mainEntityOfPage":{"@id":"https:\/\/www.pressenza.com\/it\/2022\/05\/decrescita-se-non-ora-quando-incontro-a-venezia\/"},"wordCount":1368,"publisher":{"@id":"https:\/\/www.pressenza.com\/it\/#organization"},"image":{"@id":"https:\/\/www.pressenza.com\/it\/2022\/05\/decrescita-se-non-ora-quando-incontro-a-venezia\/#primaryimage"},"thumbnailUrl":"https:\/\/www.pressenza.com\/wp-content\/uploads\/2022\/05\/decrescita-incontro-Venezia.jpg","keywords":["beni comuni","eventi","incontro sulla decrescita","solidariet\u00e0","Vandana Shiva","Venezia"],"articleSection":["Comunicati Stampa","Ecologia ed Ambiente","Economia","Europa"],"inLanguage":"it-IT"},{"@type":"WebPage","@id":"https:\/\/www.pressenza.com\/it\/2022\/05\/decrescita-se-non-ora-quando-incontro-a-venezia\/","url":"https:\/\/www.pressenza.com\/it\/2022\/05\/decrescita-se-non-ora-quando-incontro-a-venezia\/","name":"Decrescita. Se non ora, quando? Incontro a Venezia","isPartOf":{"@id":"https:\/\/www.pressenza.com\/it\/#website"},"primaryImageOfPage":{"@id":"https:\/\/www.pressenza.com\/it\/2022\/05\/decrescita-se-non-ora-quando-incontro-a-venezia\/#primaryimage"},"image":{"@id":"https:\/\/www.pressenza.com\/it\/2022\/05\/decrescita-se-non-ora-quando-incontro-a-venezia\/#primaryimage"},"thumbnailUrl":"https:\/\/www.pressenza.com\/wp-content\/uploads\/2022\/05\/decrescita-incontro-Venezia.jpg","datePublished":"2022-05-20T16:02:19+00:00","dateModified":"2022-05-24T13:21:29+00:00","description":"Sono aperte le iscrizioni all\u2019incontro di Venezia: \u201cDecrescita. Se non ora, quando? Dall'illusione della crescita verde a una democrazia della Terra\u201d, che","breadcrumb":{"@id":"https:\/\/www.pressenza.com\/it\/2022\/05\/decrescita-se-non-ora-quando-incontro-a-venezia\/#breadcrumb"},"inLanguage":"it-IT","potentialAction":[{"@type":"ReadAction","target":["https:\/\/www.pressenza.com\/it\/2022\/05\/decrescita-se-non-ora-quando-incontro-a-venezia\/"]}]},{"@type":"ImageObject","inLanguage":"it-IT","@id":"https:\/\/www.pressenza.com\/it\/2022\/05\/decrescita-se-non-ora-quando-incontro-a-venezia\/#primaryimage","url":"https:\/\/www.pressenza.com\/wp-content\/uploads\/2022\/05\/decrescita-incontro-Venezia.jpg","contentUrl":"https:\/\/www.pressenza.com\/wp-content\/uploads\/2022\/05\/decrescita-incontro-Venezia.jpg","width":1164,"height":610},{"@type":"BreadcrumbList","@id":"https:\/\/www.pressenza.com\/it\/2022\/05\/decrescita-se-non-ora-quando-incontro-a-venezia\/#breadcrumb","itemListElement":[{"@type":"ListItem","position":1,"name":"Accueil","item":"https:\/\/www.pressenza.com\/it\/"},{"@type":"ListItem","position":2,"name":"Decrescita. Se non ora, quando? Incontro a Venezia"}]},{"@type":"WebSite","@id":"https:\/\/www.pressenza.com\/it\/#website","url":"https:\/\/www.pressenza.com\/it\/","name":"Pressenza","description":"Agenzia di Stampa Internazionale","publisher":{"@id":"https:\/\/www.pressenza.com\/it\/#organization"},"potentialAction":[{"@type":"SearchAction","target":{"@type":"EntryPoint","urlTemplate":"https:\/\/www.pressenza.com\/it\/?s={search_term_string}"},"query-input":{"@type":"PropertyValueSpecification","valueRequired":true,"valueName":"search_term_string"}}],"inLanguage":"it-IT"},{"@type":"Organization","@id":"https:\/\/www.pressenza.com\/it\/#organization","name":"Pressenza","url":"https:\/\/www.pressenza.com\/it\/","logo":{"@type":"ImageObject","inLanguage":"it-IT","@id":"https:\/\/www.pressenza.com\/it\/#\/schema\/logo\/image\/","url":"https:\/\/www.pressenza.com\/wp-content\/uploads\/2022\/10\/pressenza_logo_200x200.jpg","contentUrl":"https:\/\/www.pressenza.com\/wp-content\/uploads\/2022\/10\/pressenza_logo_200x200.jpg","width":200,"height":200,"caption":"Pressenza"},"image":{"@id":"https:\/\/www.pressenza.com\/it\/#\/schema\/logo\/image\/"},"sameAs":["https:\/\/www.facebook.com\/PressenzaItalia","https:\/\/x.com\/PressenzaIPA"]},{"@type":"Person","@id":"https:\/\/www.pressenza.com\/it\/#\/schema\/person\/d983e81827ae24f2c7b1a2123d197f8d","name":"Redazione Italia","description":"News from the Pressenza Bureau in Italy","sameAs":["https:\/\/www.pressenza.com\/it\/author\/redazione-italia\/","https:\/\/www.facebook.com\/PressenzaItalia","https:\/\/www.instagram.com\/pressenza_italia\/","https:\/\/x.com\/pressenza_it","https:\/\/www.youtube.com\/channel\/UCSalEIWjE1RSxkwjfftFuqg"],"url":"https:\/\/www.pressenza.com\/it\/author\/redazione-italia\/"}]}},"place":"","original_article_url":"","_links":{"self":[{"href":"https:\/\/www.pressenza.com\/it\/wp-json\/wp\/v2\/posts\/1587487","targetHints":{"allow":["GET"]}}],"collection":[{"href":"https:\/\/www.pressenza.com\/it\/wp-json\/wp\/v2\/posts"}],"about":[{"href":"https:\/\/www.pressenza.com\/it\/wp-json\/wp\/v2\/types\/post"}],"author":[{"embeddable":true,"href":"https:\/\/www.pressenza.com\/it\/wp-json\/wp\/v2\/users\/594"}],"replies":[{"embeddable":true,"href":"https:\/\/www.pressenza.com\/it\/wp-json\/wp\/v2\/comments?post=1587487"}],"version-history":[{"count":0,"href":"https:\/\/www.pressenza.com\/it\/wp-json\/wp\/v2\/posts\/1587487\/revisions"}],"wp:featuredmedia":[{"embeddable":true,"href":"https:\/\/www.pressenza.com\/it\/wp-json\/wp\/v2\/media\/1587499"}],"wp:attachment":[{"href":"https:\/\/www.pressenza.com\/it\/wp-json\/wp\/v2\/media?parent=1587487"}],"wp:term":[{"taxonomy":"category","embeddable":true,"href":"https:\/\/www.pressenza.com\/it\/wp-json\/wp\/v2\/categories?post=1587487"},{"taxonomy":"post_tag","embeddable":true,"href":"https:\/\/www.pressenza.com\/it\/wp-json\/wp\/v2\/tags?post=1587487"}],"curies":[{"name":"wp","href":"https:\/\/api.w.org\/{rel}","templated":true}]}}