{"id":158672,"date":"2015-01-29T20:55:47","date_gmt":"2015-01-29T20:55:47","guid":{"rendered":"http:\/\/www.pressenza.com\/?p=158672"},"modified":"2015-01-29T20:55:47","modified_gmt":"2015-01-29T20:55:47","slug":"messina-il-primo-cimitero-islamico-sicilia","status":"publish","type":"post","link":"https:\/\/www.pressenza.com\/it\/2015\/01\/messina-il-primo-cimitero-islamico-sicilia\/","title":{"rendered":"A Messina il primo cimitero islamico in Sicilia"},"content":{"rendered":"<p>Il sindaco di Messina, Renato Accorinti, l&#8217;assessore ai Cimiteri, Daniele Ialacqua, il presidente della comunit\u00e0 islamica di Sicilia, Kheit Abdelhafid, il responsabile della comunit\u00e0 religiosa islamica italiana, Ahmad Abd al-Majid Macaluso, il segretario della comunit\u00e0 islamica di Sicilia, Enrico Barbagallo, il presidente del centro islamico culturale di Messina, Mohamed Refaat, hanno presentato oggi, nel corso di una conferenza stampa a Palazzo Zanca, il primo cimitero islamico in Sicilia.<\/p>\n<p><em>\u201cIn un paese dove ormai<\/em> &#8211; ha sottolineato il sindaco Accorinti &#8211; <em>la libert\u00e0 religiosa gioca un ruolo fondamentale nell&#8217;integrazione degli individui, dei gruppi e delle comunit\u00e0 religiose, la realizzazione di un&#8217;area cimiteriale da destinare alla sepoltura di defunti appartenenti alla confessione religiosa islamica, costituisce un fatto di importanza storica fondamentale che si inserisce in un contesto culturale e religioso di integrazione senza precedenti sul territorio siciliano. La citt\u00e0 di Messina \u00e8 orgogliosa di potere ospitare simile iniziativa; oggi \u00e8 uno dei giorni pi\u00f9 belli dal mio insediamento, cos\u00ec come mi ha fatto immenso piacere ricevere ieri un sms del sindaco di Palermo, Leoluca Orlando, che si \u00e8 complimentato per questa lodevole iniziativa. Il nostro percorso in questa direzione<\/em> &#8211; ha concluso il Sindaco \u2013 <em>\u00e8 in controtendenza con quanti manifestano scarso spirito di tolleranza e mancato rispetto reciproco\u201d<\/em>.<\/p>\n<p><em>\u201cL&#8217;area cimiteriale, di circa 170 metri quadrati, sorger\u00e0 all&#8217;interno del cimitero suburbano di San Filippo, campo di inumazione sul lato sud est<\/em> &#8211; ha aggiunto l&#8217;assessore Ialacqua &#8211; <em>ed \u00e8 stata affidata in concessione per la durata di novantanove anni mediante asta pubblica da destinare alla sepoltura di ventotto\/trenta defunti appartenenti ad una confessione religiosa diversa da quella cattolica dietro il pagamento di un importo a base d&#8217;asta di 25.500 mila euro\u201d.<\/em><\/p>\n<p>Fonte: Comune di Messina<\/p>\n","protected":false},"excerpt":{"rendered":"<p>Il sindaco di Messina, Renato Accorinti, l&#8217;assessore ai Cimiteri, Daniele Ialacqua, il presidente della comunit\u00e0 islamica di Sicilia, Kheit Abdelhafid, il responsabile della comunit\u00e0 religiosa islamica italiana, Ahmad Abd al-Majid Macaluso, il segretario della comunit\u00e0 islamica di Sicilia, Enrico Barbagallo,&hellip;<\/p>\n","protected":false},"author":594,"featured_media":158675,"comment_status":"closed","ping_status":"open","sticky":false,"template":"","format":"standard","meta":{"footnotes":""},"categories":[150,47,55],"tags":[15706,15703,15704,15707,15705,636,15708,6402],"class_list":["post-158672","post","type-post","status-publish","format-standard","has-post-thumbnail","hentry","category-comunicati-stampa","category-europa","category-politica","tag-ahmad-abd-al-majid-macaluso","tag-cimitero-islamico","tag-daniele-ialacqua","tag-enrico-barbagallo","tag-kheit-abdelhafid","tag-messina","tag-mohamed-refaat","tag-renato-accorinti"],"yoast_head":"<!-- This site is optimized with the Yoast SEO plugin v27.1.1 - https:\/\/yoast.com\/product\/yoast-seo-wordpress\/ -->\n<title>A Messina il primo cimitero islamico in Sicilia<\/title>\n<meta name=\"description\" content=\"Il sindaco di Messina, Renato Accorinti, l&#039;assessore ai Cimiteri, Daniele Ialacqua, il presidente della comunit\u00e0 islamica di Sicilia, Kheit Abdelhafid, il\" \/>\n<meta name=\"robots\" content=\"index, follow, max-snippet:-1, max-image-preview:large, max-video-preview:-1\" \/>\n<link rel=\"canonical\" href=\"https:\/\/www.pressenza.com\/it\/2015\/01\/messina-il-primo-cimitero-islamico-sicilia\/\" \/>\n<meta property=\"og:locale\" content=\"it_IT\" \/>\n<meta property=\"og:type\" content=\"article\" \/>\n<meta property=\"og:title\" content=\"A Messina il primo cimitero islamico in Sicilia\" \/>\n<meta property=\"og:description\" content=\"Il sindaco di Messina, Renato Accorinti, l&#039;assessore ai Cimiteri, Daniele Ialacqua, il presidente della comunit\u00e0 islamica di Sicilia, Kheit Abdelhafid, il\" \/>\n<meta property=\"og:url\" content=\"https:\/\/www.pressenza.com\/it\/2015\/01\/messina-il-primo-cimitero-islamico-sicilia\/\" \/>\n<meta property=\"og:site_name\" content=\"Pressenza\" \/>\n<meta property=\"article:publisher\" content=\"https:\/\/www.facebook.com\/PressenzaItalia\" \/>\n<meta property=\"article:author\" content=\"https:\/\/www.facebook.com\/PressenzaItalia\" \/>\n<meta property=\"article:published_time\" content=\"2015-01-29T20:55:47+00:00\" \/>\n<meta property=\"og:image\" content=\"https:\/\/www.pressenza.com\/wp-content\/uploads\/2015\/01\/Accorinti_cimitero_islamico.jpg\" \/>\n\t<meta property=\"og:image:width\" content=\"360\" \/>\n\t<meta property=\"og:image:height\" content=\"270\" \/>\n\t<meta property=\"og:image:type\" content=\"image\/jpeg\" \/>\n<meta name=\"author\" content=\"Redazione Italia\" \/>\n<meta name=\"twitter:card\" content=\"summary_large_image\" \/>\n<meta name=\"twitter:creator\" content=\"@pressenza_it\" \/>\n<meta name=\"twitter:site\" content=\"@PressenzaIPA\" \/>\n<meta name=\"twitter:label1\" content=\"Scritto da\" \/>\n\t<meta name=\"twitter:data1\" content=\"Redazione Italia\" \/>\n\t<meta name=\"twitter:label2\" content=\"Tempo di lettura stimato\" \/>\n\t<meta name=\"twitter:data2\" content=\"1 minuto\" \/>\n<script type=\"application\/ld+json\" class=\"yoast-schema-graph\">{\"@context\":\"https:\/\/schema.org\",\"@graph\":[{\"@type\":\"Article\",\"@id\":\"https:\/\/www.pressenza.com\/it\/2015\/01\/messina-il-primo-cimitero-islamico-sicilia\/#article\",\"isPartOf\":{\"@id\":\"https:\/\/www.pressenza.com\/it\/2015\/01\/messina-il-primo-cimitero-islamico-sicilia\/\"},\"author\":{\"name\":\"Redazione Italia\",\"@id\":\"https:\/\/www.pressenza.com\/it\/#\/schema\/person\/d983e81827ae24f2c7b1a2123d197f8d\"},\"headline\":\"A Messina il primo cimitero islamico in Sicilia\",\"datePublished\":\"2015-01-29T20:55:47+00:00\",\"mainEntityOfPage\":{\"@id\":\"https:\/\/www.pressenza.com\/it\/2015\/01\/messina-il-primo-cimitero-islamico-sicilia\/\"},\"wordCount\":291,\"publisher\":{\"@id\":\"https:\/\/www.pressenza.com\/it\/#organization\"},\"image\":{\"@id\":\"https:\/\/www.pressenza.com\/it\/2015\/01\/messina-il-primo-cimitero-islamico-sicilia\/#primaryimage\"},\"thumbnailUrl\":\"https:\/\/www.pressenza.com\/wp-content\/uploads\/2015\/01\/Accorinti_cimitero_islamico.jpg\",\"keywords\":[\"Ahmad Abd al-Majid Macaluso\",\"cimitero islamico\",\"Daniele Ialacqua\",\"Enrico Barbagallo\",\"Kheit Abdelhafid\",\"Messina\",\"Mohamed Refaat\",\"Renato Accorinti\"],\"articleSection\":[\"Comunicati Stampa\",\"Europa\",\"Politica\"],\"inLanguage\":\"it-IT\"},{\"@type\":\"WebPage\",\"@id\":\"https:\/\/www.pressenza.com\/it\/2015\/01\/messina-il-primo-cimitero-islamico-sicilia\/\",\"url\":\"https:\/\/www.pressenza.com\/it\/2015\/01\/messina-il-primo-cimitero-islamico-sicilia\/\",\"name\":\"A Messina il primo cimitero islamico in Sicilia\",\"isPartOf\":{\"@id\":\"https:\/\/www.pressenza.com\/it\/#website\"},\"primaryImageOfPage\":{\"@id\":\"https:\/\/www.pressenza.com\/it\/2015\/01\/messina-il-primo-cimitero-islamico-sicilia\/#primaryimage\"},\"image\":{\"@id\":\"https:\/\/www.pressenza.com\/it\/2015\/01\/messina-il-primo-cimitero-islamico-sicilia\/#primaryimage\"},\"thumbnailUrl\":\"https:\/\/www.pressenza.com\/wp-content\/uploads\/2015\/01\/Accorinti_cimitero_islamico.jpg\",\"datePublished\":\"2015-01-29T20:55:47+00:00\",\"description\":\"Il sindaco di Messina, Renato Accorinti, l'assessore ai Cimiteri, Daniele Ialacqua, il presidente della comunit\u00e0 islamica di Sicilia, Kheit Abdelhafid, il\",\"breadcrumb\":{\"@id\":\"https:\/\/www.pressenza.com\/it\/2015\/01\/messina-il-primo-cimitero-islamico-sicilia\/#breadcrumb\"},\"inLanguage\":\"it-IT\",\"potentialAction\":[{\"@type\":\"ReadAction\",\"target\":[\"https:\/\/www.pressenza.com\/it\/2015\/01\/messina-il-primo-cimitero-islamico-sicilia\/\"]}]},{\"@type\":\"ImageObject\",\"inLanguage\":\"it-IT\",\"@id\":\"https:\/\/www.pressenza.com\/it\/2015\/01\/messina-il-primo-cimitero-islamico-sicilia\/#primaryimage\",\"url\":\"https:\/\/www.pressenza.com\/wp-content\/uploads\/2015\/01\/Accorinti_cimitero_islamico.jpg\",\"contentUrl\":\"https:\/\/www.pressenza.com\/wp-content\/uploads\/2015\/01\/Accorinti_cimitero_islamico.jpg\",\"width\":360,\"height\":270},{\"@type\":\"BreadcrumbList\",\"@id\":\"https:\/\/www.pressenza.com\/it\/2015\/01\/messina-il-primo-cimitero-islamico-sicilia\/#breadcrumb\",\"itemListElement\":[{\"@type\":\"ListItem\",\"position\":1,\"name\":\"Accueil\",\"item\":\"https:\/\/www.pressenza.com\/it\/\"},{\"@type\":\"ListItem\",\"position\":2,\"name\":\"A Messina il primo cimitero islamico in Sicilia\"}]},{\"@type\":\"WebSite\",\"@id\":\"https:\/\/www.pressenza.com\/it\/#website\",\"url\":\"https:\/\/www.pressenza.com\/it\/\",\"name\":\"Pressenza\",\"description\":\"Agenzia di Stampa Internazionale\",\"publisher\":{\"@id\":\"https:\/\/www.pressenza.com\/it\/#organization\"},\"potentialAction\":[{\"@type\":\"SearchAction\",\"target\":{\"@type\":\"EntryPoint\",\"urlTemplate\":\"https:\/\/www.pressenza.com\/it\/?s={search_term_string}\"},\"query-input\":{\"@type\":\"PropertyValueSpecification\",\"valueRequired\":true,\"valueName\":\"search_term_string\"}}],\"inLanguage\":\"it-IT\"},{\"@type\":\"Organization\",\"@id\":\"https:\/\/www.pressenza.com\/it\/#organization\",\"name\":\"Pressenza\",\"url\":\"https:\/\/www.pressenza.com\/it\/\",\"logo\":{\"@type\":\"ImageObject\",\"inLanguage\":\"it-IT\",\"@id\":\"https:\/\/www.pressenza.com\/it\/#\/schema\/logo\/image\/\",\"url\":\"https:\/\/www.pressenza.com\/wp-content\/uploads\/2022\/10\/pressenza_logo_200x200.jpg\",\"contentUrl\":\"https:\/\/www.pressenza.com\/wp-content\/uploads\/2022\/10\/pressenza_logo_200x200.jpg\",\"width\":200,\"height\":200,\"caption\":\"Pressenza\"},\"image\":{\"@id\":\"https:\/\/www.pressenza.com\/it\/#\/schema\/logo\/image\/\"},\"sameAs\":[\"https:\/\/www.facebook.com\/PressenzaItalia\",\"https:\/\/x.com\/PressenzaIPA\"]},{\"@type\":\"Person\",\"@id\":\"https:\/\/www.pressenza.com\/it\/#\/schema\/person\/d983e81827ae24f2c7b1a2123d197f8d\",\"name\":\"Redazione Italia\",\"description\":\"News from the Pressenza Bureau in Italy\",\"sameAs\":[\"https:\/\/www.pressenza.com\/it\/author\/redazione-italia\/\",\"https:\/\/www.facebook.com\/PressenzaItalia\",\"https:\/\/www.instagram.com\/pressenza_italia\/\",\"https:\/\/x.com\/pressenza_it\",\"https:\/\/www.youtube.com\/channel\/UCSalEIWjE1RSxkwjfftFuqg\"],\"url\":\"https:\/\/www.pressenza.com\/it\/author\/redazione-italia\/\"}]}<\/script>\n<!-- \/ Yoast SEO plugin. -->","yoast_head_json":{"title":"A Messina il primo cimitero islamico in Sicilia","description":"Il sindaco di Messina, Renato Accorinti, l'assessore ai Cimiteri, Daniele Ialacqua, il presidente della comunit\u00e0 islamica di Sicilia, Kheit Abdelhafid, il","robots":{"index":"index","follow":"follow","max-snippet":"max-snippet:-1","max-image-preview":"max-image-preview:large","max-video-preview":"max-video-preview:-1"},"canonical":"https:\/\/www.pressenza.com\/it\/2015\/01\/messina-il-primo-cimitero-islamico-sicilia\/","og_locale":"it_IT","og_type":"article","og_title":"A Messina il primo cimitero islamico in Sicilia","og_description":"Il sindaco di Messina, Renato Accorinti, l'assessore ai Cimiteri, Daniele Ialacqua, il presidente della comunit\u00e0 islamica di Sicilia, Kheit Abdelhafid, il","og_url":"https:\/\/www.pressenza.com\/it\/2015\/01\/messina-il-primo-cimitero-islamico-sicilia\/","og_site_name":"Pressenza","article_publisher":"https:\/\/www.facebook.com\/PressenzaItalia","article_author":"https:\/\/www.facebook.com\/PressenzaItalia","article_published_time":"2015-01-29T20:55:47+00:00","og_image":[{"width":360,"height":270,"url":"https:\/\/www.pressenza.com\/wp-content\/uploads\/2015\/01\/Accorinti_cimitero_islamico.jpg","type":"image\/jpeg"}],"author":"Redazione Italia","twitter_card":"summary_large_image","twitter_creator":"@pressenza_it","twitter_site":"@PressenzaIPA","twitter_misc":{"Scritto da":"Redazione Italia","Tempo di lettura stimato":"1 minuto"},"schema":{"@context":"https:\/\/schema.org","@graph":[{"@type":"Article","@id":"https:\/\/www.pressenza.com\/it\/2015\/01\/messina-il-primo-cimitero-islamico-sicilia\/#article","isPartOf":{"@id":"https:\/\/www.pressenza.com\/it\/2015\/01\/messina-il-primo-cimitero-islamico-sicilia\/"},"author":{"name":"Redazione Italia","@id":"https:\/\/www.pressenza.com\/it\/#\/schema\/person\/d983e81827ae24f2c7b1a2123d197f8d"},"headline":"A Messina il primo cimitero islamico in Sicilia","datePublished":"2015-01-29T20:55:47+00:00","mainEntityOfPage":{"@id":"https:\/\/www.pressenza.com\/it\/2015\/01\/messina-il-primo-cimitero-islamico-sicilia\/"},"wordCount":291,"publisher":{"@id":"https:\/\/www.pressenza.com\/it\/#organization"},"image":{"@id":"https:\/\/www.pressenza.com\/it\/2015\/01\/messina-il-primo-cimitero-islamico-sicilia\/#primaryimage"},"thumbnailUrl":"https:\/\/www.pressenza.com\/wp-content\/uploads\/2015\/01\/Accorinti_cimitero_islamico.jpg","keywords":["Ahmad Abd al-Majid Macaluso","cimitero islamico","Daniele Ialacqua","Enrico Barbagallo","Kheit Abdelhafid","Messina","Mohamed Refaat","Renato Accorinti"],"articleSection":["Comunicati Stampa","Europa","Politica"],"inLanguage":"it-IT"},{"@type":"WebPage","@id":"https:\/\/www.pressenza.com\/it\/2015\/01\/messina-il-primo-cimitero-islamico-sicilia\/","url":"https:\/\/www.pressenza.com\/it\/2015\/01\/messina-il-primo-cimitero-islamico-sicilia\/","name":"A Messina il primo cimitero islamico in Sicilia","isPartOf":{"@id":"https:\/\/www.pressenza.com\/it\/#website"},"primaryImageOfPage":{"@id":"https:\/\/www.pressenza.com\/it\/2015\/01\/messina-il-primo-cimitero-islamico-sicilia\/#primaryimage"},"image":{"@id":"https:\/\/www.pressenza.com\/it\/2015\/01\/messina-il-primo-cimitero-islamico-sicilia\/#primaryimage"},"thumbnailUrl":"https:\/\/www.pressenza.com\/wp-content\/uploads\/2015\/01\/Accorinti_cimitero_islamico.jpg","datePublished":"2015-01-29T20:55:47+00:00","description":"Il sindaco di Messina, Renato Accorinti, l'assessore ai Cimiteri, Daniele Ialacqua, il presidente della comunit\u00e0 islamica di Sicilia, Kheit Abdelhafid, il","breadcrumb":{"@id":"https:\/\/www.pressenza.com\/it\/2015\/01\/messina-il-primo-cimitero-islamico-sicilia\/#breadcrumb"},"inLanguage":"it-IT","potentialAction":[{"@type":"ReadAction","target":["https:\/\/www.pressenza.com\/it\/2015\/01\/messina-il-primo-cimitero-islamico-sicilia\/"]}]},{"@type":"ImageObject","inLanguage":"it-IT","@id":"https:\/\/www.pressenza.com\/it\/2015\/01\/messina-il-primo-cimitero-islamico-sicilia\/#primaryimage","url":"https:\/\/www.pressenza.com\/wp-content\/uploads\/2015\/01\/Accorinti_cimitero_islamico.jpg","contentUrl":"https:\/\/www.pressenza.com\/wp-content\/uploads\/2015\/01\/Accorinti_cimitero_islamico.jpg","width":360,"height":270},{"@type":"BreadcrumbList","@id":"https:\/\/www.pressenza.com\/it\/2015\/01\/messina-il-primo-cimitero-islamico-sicilia\/#breadcrumb","itemListElement":[{"@type":"ListItem","position":1,"name":"Accueil","item":"https:\/\/www.pressenza.com\/it\/"},{"@type":"ListItem","position":2,"name":"A Messina il primo cimitero islamico in Sicilia"}]},{"@type":"WebSite","@id":"https:\/\/www.pressenza.com\/it\/#website","url":"https:\/\/www.pressenza.com\/it\/","name":"Pressenza","description":"Agenzia di Stampa Internazionale","publisher":{"@id":"https:\/\/www.pressenza.com\/it\/#organization"},"potentialAction":[{"@type":"SearchAction","target":{"@type":"EntryPoint","urlTemplate":"https:\/\/www.pressenza.com\/it\/?s={search_term_string}"},"query-input":{"@type":"PropertyValueSpecification","valueRequired":true,"valueName":"search_term_string"}}],"inLanguage":"it-IT"},{"@type":"Organization","@id":"https:\/\/www.pressenza.com\/it\/#organization","name":"Pressenza","url":"https:\/\/www.pressenza.com\/it\/","logo":{"@type":"ImageObject","inLanguage":"it-IT","@id":"https:\/\/www.pressenza.com\/it\/#\/schema\/logo\/image\/","url":"https:\/\/www.pressenza.com\/wp-content\/uploads\/2022\/10\/pressenza_logo_200x200.jpg","contentUrl":"https:\/\/www.pressenza.com\/wp-content\/uploads\/2022\/10\/pressenza_logo_200x200.jpg","width":200,"height":200,"caption":"Pressenza"},"image":{"@id":"https:\/\/www.pressenza.com\/it\/#\/schema\/logo\/image\/"},"sameAs":["https:\/\/www.facebook.com\/PressenzaItalia","https:\/\/x.com\/PressenzaIPA"]},{"@type":"Person","@id":"https:\/\/www.pressenza.com\/it\/#\/schema\/person\/d983e81827ae24f2c7b1a2123d197f8d","name":"Redazione Italia","description":"News from the Pressenza Bureau in Italy","sameAs":["https:\/\/www.pressenza.com\/it\/author\/redazione-italia\/","https:\/\/www.facebook.com\/PressenzaItalia","https:\/\/www.instagram.com\/pressenza_italia\/","https:\/\/x.com\/pressenza_it","https:\/\/www.youtube.com\/channel\/UCSalEIWjE1RSxkwjfftFuqg"],"url":"https:\/\/www.pressenza.com\/it\/author\/redazione-italia\/"}]}},"place":"","original_article_url":"","_links":{"self":[{"href":"https:\/\/www.pressenza.com\/it\/wp-json\/wp\/v2\/posts\/158672","targetHints":{"allow":["GET"]}}],"collection":[{"href":"https:\/\/www.pressenza.com\/it\/wp-json\/wp\/v2\/posts"}],"about":[{"href":"https:\/\/www.pressenza.com\/it\/wp-json\/wp\/v2\/types\/post"}],"author":[{"embeddable":true,"href":"https:\/\/www.pressenza.com\/it\/wp-json\/wp\/v2\/users\/594"}],"replies":[{"embeddable":true,"href":"https:\/\/www.pressenza.com\/it\/wp-json\/wp\/v2\/comments?post=158672"}],"version-history":[{"count":0,"href":"https:\/\/www.pressenza.com\/it\/wp-json\/wp\/v2\/posts\/158672\/revisions"}],"wp:featuredmedia":[{"embeddable":true,"href":"https:\/\/www.pressenza.com\/it\/wp-json\/wp\/v2\/media\/158675"}],"wp:attachment":[{"href":"https:\/\/www.pressenza.com\/it\/wp-json\/wp\/v2\/media?parent=158672"}],"wp:term":[{"taxonomy":"category","embeddable":true,"href":"https:\/\/www.pressenza.com\/it\/wp-json\/wp\/v2\/categories?post=158672"},{"taxonomy":"post_tag","embeddable":true,"href":"https:\/\/www.pressenza.com\/it\/wp-json\/wp\/v2\/tags?post=158672"}],"curies":[{"name":"wp","href":"https:\/\/api.w.org\/{rel}","templated":true}]}}