{"id":1584954,"date":"2022-05-15T17:41:14","date_gmt":"2022-05-15T16:41:14","guid":{"rendered":"https:\/\/www.pressenza.com\/?p=1584954"},"modified":"2022-05-15T17:47:37","modified_gmt":"2022-05-15T16:47:37","slug":"limpatto-sociale-della-crisi-climatica-nel-sud-del-mondo-e-drammatico","status":"publish","type":"post","link":"https:\/\/www.pressenza.com\/it\/2022\/05\/limpatto-sociale-della-crisi-climatica-nel-sud-del-mondo-e-drammatico\/","title":{"rendered":"L\u2019impatto sociale della crisi climatica nel Sud del mondo \u00e8 drammatico"},"content":{"rendered":"<p><strong><em>Mobilit\u00e0 limitata, mancanza di protezione e pratiche commerciali sleali minacciano l&#8217;esistenza di milioni di persone &#8211; Lo studio &#8220;Beyond Panic?&#8221; dell\u2019organizzazione austriaca per i diritti umani S<\/em><\/strong><strong><em>\u00fcdwind esamina quattro Paesi particolarmente colpiti dalla crisi climatica e mette in guardia dalle conseguenze drammatiche.<\/em><\/strong><\/p>\n<p>Nell&#8217;ambito dell&#8217;iniziativa di S\u00fcdwind \u201c<em>Climate of Change<\/em>\u201d, l&#8217;Universit\u00e0 di Bologna ha studiato gli impatti sociali della crisi climatica in quattro Paesi del Sud globale particolarmente colpiti dalla crisi climatica: Senegal, Guatemala, Cambogia e Kenya. In tutti i Paesi esaminati sono emersi problemi di adattamento a condizioni pi\u00f9 estreme, come tempo imprevedibile, tempeste pi\u00f9 intense, siccit\u00e0 o cambiamento delle correnti oceaniche. Il margine di manovra \u00e8 inoltre gravemente limitato da diversi fattori economici: dall&#8217;elevato indebitamento a causa del microcredito all&#8217;accaparramento di terre da parte di investitori stranieri (land grabbing), fino allo sfruttamento di acqua per le monocolture. &#8220;La crisi climatica \u00e8 un potente moltiplicatore dei problemi esistenti nei Paesi del Sud globale. I fattori di vulnerabilit\u00e0 e discriminazione, come l&#8217;et\u00e0, il sesso, il reddito o l&#8217;origine si accentuano sempre di pi\u00f9&#8221;, spiega Angelika Derfler, portavoce di S\u00fcdwind per la giustizia climatica.<\/p>\n<p>Il diritto umano a un ambiente sicuro, pulito, sano e sostenibile, adottato dalle Nazioni Unite lo scorso anno, non \u00e8 rispettato in nessuno dei quattro Paesi studiati. &#8220;\u00c8 urgente un cambiamento di tendenza nell&#8217;economia e nella politica, verso un sistema in cui il benessere umano e i limiti fisici del pianeta siano rispettati&#8221;, afferma Derfler.<\/p>\n<p>Nonostante le diverse condizioni locali, i quattro Paesi mostrano tutti un&#8217;enorme vulnerabilit\u00e0 della popolazione dovuta alla mancanza di possibilit\u00e0 di adattamento e protezione. La situazione \u00e8 ulteriormente aggravata da uno squilibrio del potere economico-politico a favore dei Paesi ricchi. &#8220;La questione della giustizia climatica deve finalmente avere maggiore priorit\u00e0 anche nella politica estera, di sviluppo ed economica europea e austriaca. Le pratiche economiche di sfruttamento a spese delle popolazioni del Sud del mondo devono finire&#8221;, afferma Angelika Derfler. S\u00fcdwind chiede quindi al governo federale austriaco di impegnarsi a tutti i livelli per stanziare fondi sufficienti per le misure di adattamento e per il risarcimento dei danni e delle perdite. Sono inoltre necessari il trasferimento di know-how e un rigoroso quadro giuridico, da un lato contro le pratiche economiche di sfruttamento e le condizioni di lavoro ora a vantaggio dei Paesi ricchi e delle multinazionali, dall&#8217;altro per la protezione delle persone e dei diritti umani.<\/p>\n<p>Secondo lo studio, l&#8217;influenza della crisi climatica sui movimenti migratori varia da paese a paese. Sono diversi i fattori che giocano un ruolo nella decisione di migrare. La crisi climatica interagisce con cause gi\u00e0 esistenti e movimenti migratori tradizionali. Nella maggior parte dei casi, i movimenti migratori avvengono all&#8217;interno del paese o verso i paesi limitrofi. Solo una piccola parte migra verso il Nord globale.<\/p>\n<p><strong>Caso di studio Senegal: siccit\u00e0 ed erosione si aggiungono alle importazioni di rifiuti e all&#8217;accaparramento delle zone di pesca (\u201cocean grabbing\u201d). <\/strong><\/p>\n<p>Il legame tra economia e crisi climatica \u00e8 particolarmente evidente nel caso del Senegal: circa il 65% della popolazione vive sulla costa. L&#8217;aumento annuale del livello del mare \u00e8 di 3,5 &#8211; 4 millimetri. Soprattutto per la popolazione delle citt\u00e0 costiere di St. Louis e Dakar, l&#8217;erosione \u00e8 un enorme fattore di rischio. Nel corso della ricerca, alcuni intervistati hanno dichiarato di aver visto le loro case sprofondare nel mare.<\/p>\n<p>Nell&#8217;interno invece, l&#8217;aumento della siccit\u00e0 porta a perdite ingenti nell&#8217;agricoltura. Ci\u00f2 alimenta una rapida urbanizzazione e un sovraccarico delle infrastrutture urbane. I problemi di smaltimento dei rifiuti che ne derivano sono notevolmente aggravati dalle importazioni di rifiuti dall&#8217;Europa. Circa il 70% dei rifiuti solidi viene smaltito in discariche abusive.<\/p>\n<p>Circa un lavoratore su cinque \u00e8 impiegato nel settore della pesca. Al momento della ricerca, nel 2021, i pesci sono quasi del tutto assenti a causa del cambiamento delle correnti oceaniche, dell&#8217;inquinamento e della perdita di specie. A ci\u00f2 si aggiunge il cosiddetto &#8220;ocean grabbing&#8221;: con l&#8217;aiuto di nuovi quadri giuridici, l&#8217;accesso, l&#8217;uso e il controllo delle risorse ittiche nelle aree costiere sono stati ridistribuiti a vantaggio delle imprese europee. Il sostentamento della popolazione locale viene dunque sacrificato a favore della pesca industriale.<\/p>\n<p>&nbsp;<\/p>\n<p><strong>Ulteriori documenti scaricabili:<\/strong><\/p>\n<p><a href=\"https:\/\/www.suedwind.at\/fileadmin\/user_upload\/suedwind\/PDF_Downloads\/Suedwind_Ergebnisuebersicht_Fallstudienbericht_2022.pdf\">Panoramica dei risultati del rapporto<\/a> (6 pagine, in tedesco)<\/p>\n<p><a href=\"https:\/\/www.suedwind.at\/fileadmin\/user_upload\/suedwind\/PDF_Downloads\/Suedwind_Fallstudienbericht_Kurzfassung_2022.pdf\">Studio di casi: Senegal, Guatemala, Cambogia, Kenya. Sintesi<\/a> (42 pagine, tedesco)<\/p>\n<p><a href=\"https:\/\/www.suedwind.at\/fileadmin\/user_upload\/suedwind\/PDF_Downloads\/ClimateOfChange_Final_report_2022.pdf\">Lo studio completo &#8220;Beyond Panic? &#8211; Exploring Climate Mobilities in Senegal, Guatemala, Cambogia e Kenya&#8221;<\/a> dell&#8217;Universit\u00e0 di Bologna, commissionato dalla Climate Of Change Initiative (186 pagine, inglese)<\/p>\n<p><em>Traduzione dal tedesco di Thomas Schmid. Revisione di Diego Guardiani.<\/em><\/p>\n","protected":false},"excerpt":{"rendered":"<p>Mobilit\u00e0 limitata, mancanza di protezione e pratiche commerciali sleali minacciano l&#8217;esistenza di milioni di persone &#8211; Lo studio &#8220;Beyond Panic?&#8221; dell\u2019organizzazione austriaca per i diritti umani S\u00fcdwind esamina quattro Paesi particolarmente colpiti dalla crisi climatica e mette in guardia dalle&hellip;<\/p>\n","protected":false},"author":1096,"featured_media":1578676,"comment_status":"closed","ping_status":"closed","sticky":false,"template":"","format":"standard","meta":{"footnotes":""},"categories":[150,59,496],"tags":[225,57023,445,102034,1623,10641,95472,102035],"class_list":["post-1584954","post","type-post","status-publish","format-standard","has-post-thumbnail","hentry","category-comunicati-stampa","category-ambiente-ecologia","category-scienza-tecnologia","tag-ambiente","tag-crisi-climatica","tag-land-grabbing","tag-ocean-grabbing","tag-senegal-it","tag-siccita","tag-studio","tag-sudwind"],"yoast_head":"<!-- This site is optimized with the Yoast SEO plugin v27.1.1 - https:\/\/yoast.com\/product\/yoast-seo-wordpress\/ -->\n<title>L\u2019impatto sociale della crisi climatica nel Sud del mondo \u00e8 drammatico<\/title>\n<meta name=\"description\" content=\"L&#039;Universit\u00e0 di Bologna ha studiato gli impatti sociali della crisi climatica in 4 Paesi del Sud globale particolarmente colpiti dalla crisi climatica: Senegal, Guatemala, Cambogia e Kenya.\" \/>\n<meta name=\"robots\" content=\"index, follow, max-snippet:-1, max-image-preview:large, max-video-preview:-1\" \/>\n<link rel=\"canonical\" href=\"https:\/\/www.pressenza.com\/it\/2022\/05\/limpatto-sociale-della-crisi-climatica-nel-sud-del-mondo-e-drammatico\/\" \/>\n<meta property=\"og:locale\" content=\"it_IT\" \/>\n<meta property=\"og:type\" content=\"article\" \/>\n<meta property=\"og:title\" content=\"L\u2019impatto sociale della crisi climatica nel Sud del mondo \u00e8 drammatico\" \/>\n<meta property=\"og:description\" content=\"L&#039;Universit\u00e0 di Bologna ha studiato gli impatti sociali della crisi climatica in 4 Paesi del Sud globale particolarmente colpiti dalla crisi climatica: Senegal, Guatemala, Cambogia e Kenya.\" \/>\n<meta property=\"og:url\" content=\"https:\/\/www.pressenza.com\/it\/2022\/05\/limpatto-sociale-della-crisi-climatica-nel-sud-del-mondo-e-drammatico\/\" \/>\n<meta property=\"og:site_name\" content=\"Pressenza\" \/>\n<meta property=\"article:publisher\" content=\"https:\/\/www.facebook.com\/PressenzaItalia\" \/>\n<meta property=\"article:published_time\" content=\"2022-05-15T16:41:14+00:00\" \/>\n<meta property=\"article:modified_time\" content=\"2022-05-15T16:47:37+00:00\" \/>\n<meta property=\"og:image\" content=\"https:\/\/www.pressenza.com\/wp-content\/uploads\/2022\/05\/csm_Mandoye_Dieng_1_-_salt_miner__c__Elena_Giacomelli-min_849e916783.v1.jpg\" \/>\n\t<meta property=\"og:image:width\" content=\"1920\" \/>\n\t<meta property=\"og:image:height\" content=\"1280\" \/>\n\t<meta property=\"og:image:type\" content=\"image\/jpeg\" \/>\n<meta name=\"author\" content=\"Pressenza Wien\" \/>\n<meta name=\"twitter:card\" content=\"summary_large_image\" \/>\n<meta name=\"twitter:creator\" content=\"@pressenza_ger\" \/>\n<meta name=\"twitter:site\" content=\"@PressenzaIPA\" \/>\n<meta name=\"twitter:label1\" content=\"Scritto da\" \/>\n\t<meta name=\"twitter:data1\" content=\"Pressenza Wien\" \/>\n\t<meta name=\"twitter:label2\" content=\"Tempo di lettura stimato\" \/>\n\t<meta name=\"twitter:data2\" content=\"4 minuti\" \/>\n<script type=\"application\/ld+json\" class=\"yoast-schema-graph\">{\"@context\":\"https:\/\/schema.org\",\"@graph\":[{\"@type\":\"Article\",\"@id\":\"https:\/\/www.pressenza.com\/it\/2022\/05\/limpatto-sociale-della-crisi-climatica-nel-sud-del-mondo-e-drammatico\/#article\",\"isPartOf\":{\"@id\":\"https:\/\/www.pressenza.com\/it\/2022\/05\/limpatto-sociale-della-crisi-climatica-nel-sud-del-mondo-e-drammatico\/\"},\"author\":{\"name\":\"Pressenza Wien\",\"@id\":\"https:\/\/www.pressenza.com\/it\/#\/schema\/person\/3df859e5bf9b19ab936f666e0177e38b\"},\"headline\":\"L\u2019impatto sociale della crisi climatica nel Sud del mondo \u00e8 drammatico\",\"datePublished\":\"2022-05-15T16:41:14+00:00\",\"dateModified\":\"2022-05-15T16:47:37+00:00\",\"mainEntityOfPage\":{\"@id\":\"https:\/\/www.pressenza.com\/it\/2022\/05\/limpatto-sociale-della-crisi-climatica-nel-sud-del-mondo-e-drammatico\/\"},\"wordCount\":764,\"publisher\":{\"@id\":\"https:\/\/www.pressenza.com\/it\/#organization\"},\"image\":{\"@id\":\"https:\/\/www.pressenza.com\/it\/2022\/05\/limpatto-sociale-della-crisi-climatica-nel-sud-del-mondo-e-drammatico\/#primaryimage\"},\"thumbnailUrl\":\"https:\/\/www.pressenza.com\/wp-content\/uploads\/2022\/05\/csm_Mandoye_Dieng_1_-_salt_miner__c__Elena_Giacomelli-min_849e916783.v1.jpg\",\"keywords\":[\"ambiente\",\"crisi climatica\",\"land grabbing\",\"ocean grabbing\",\"Senegal\",\"siccit\u00e0\",\"studio\",\"S\u00fcdwind\"],\"articleSection\":[\"Comunicati Stampa\",\"Ecologia ed Ambiente\",\"Scienza e Tecnologia\"],\"inLanguage\":\"it-IT\"},{\"@type\":\"WebPage\",\"@id\":\"https:\/\/www.pressenza.com\/it\/2022\/05\/limpatto-sociale-della-crisi-climatica-nel-sud-del-mondo-e-drammatico\/\",\"url\":\"https:\/\/www.pressenza.com\/it\/2022\/05\/limpatto-sociale-della-crisi-climatica-nel-sud-del-mondo-e-drammatico\/\",\"name\":\"L\u2019impatto sociale della crisi climatica nel Sud del mondo \u00e8 drammatico\",\"isPartOf\":{\"@id\":\"https:\/\/www.pressenza.com\/it\/#website\"},\"primaryImageOfPage\":{\"@id\":\"https:\/\/www.pressenza.com\/it\/2022\/05\/limpatto-sociale-della-crisi-climatica-nel-sud-del-mondo-e-drammatico\/#primaryimage\"},\"image\":{\"@id\":\"https:\/\/www.pressenza.com\/it\/2022\/05\/limpatto-sociale-della-crisi-climatica-nel-sud-del-mondo-e-drammatico\/#primaryimage\"},\"thumbnailUrl\":\"https:\/\/www.pressenza.com\/wp-content\/uploads\/2022\/05\/csm_Mandoye_Dieng_1_-_salt_miner__c__Elena_Giacomelli-min_849e916783.v1.jpg\",\"datePublished\":\"2022-05-15T16:41:14+00:00\",\"dateModified\":\"2022-05-15T16:47:37+00:00\",\"description\":\"L'Universit\u00e0 di Bologna ha studiato gli impatti sociali della crisi climatica in 4 Paesi del Sud globale particolarmente colpiti dalla crisi climatica: Senegal, Guatemala, Cambogia e Kenya.\",\"breadcrumb\":{\"@id\":\"https:\/\/www.pressenza.com\/it\/2022\/05\/limpatto-sociale-della-crisi-climatica-nel-sud-del-mondo-e-drammatico\/#breadcrumb\"},\"inLanguage\":\"it-IT\",\"potentialAction\":[{\"@type\":\"ReadAction\",\"target\":[\"https:\/\/www.pressenza.com\/it\/2022\/05\/limpatto-sociale-della-crisi-climatica-nel-sud-del-mondo-e-drammatico\/\"]}]},{\"@type\":\"ImageObject\",\"inLanguage\":\"it-IT\",\"@id\":\"https:\/\/www.pressenza.com\/it\/2022\/05\/limpatto-sociale-della-crisi-climatica-nel-sud-del-mondo-e-drammatico\/#primaryimage\",\"url\":\"https:\/\/www.pressenza.com\/wp-content\/uploads\/2022\/05\/csm_Mandoye_Dieng_1_-_salt_miner__c__Elena_Giacomelli-min_849e916783.v1.jpg\",\"contentUrl\":\"https:\/\/www.pressenza.com\/wp-content\/uploads\/2022\/05\/csm_Mandoye_Dieng_1_-_salt_miner__c__Elena_Giacomelli-min_849e916783.v1.jpg\",\"width\":1920,\"height\":1280},{\"@type\":\"BreadcrumbList\",\"@id\":\"https:\/\/www.pressenza.com\/it\/2022\/05\/limpatto-sociale-della-crisi-climatica-nel-sud-del-mondo-e-drammatico\/#breadcrumb\",\"itemListElement\":[{\"@type\":\"ListItem\",\"position\":1,\"name\":\"Accueil\",\"item\":\"https:\/\/www.pressenza.com\/it\/\"},{\"@type\":\"ListItem\",\"position\":2,\"name\":\"L\u2019impatto sociale della crisi climatica nel Sud del mondo \u00e8 drammatico\"}]},{\"@type\":\"WebSite\",\"@id\":\"https:\/\/www.pressenza.com\/it\/#website\",\"url\":\"https:\/\/www.pressenza.com\/it\/\",\"name\":\"Pressenza\",\"description\":\"Agenzia di Stampa Internazionale\",\"publisher\":{\"@id\":\"https:\/\/www.pressenza.com\/it\/#organization\"},\"potentialAction\":[{\"@type\":\"SearchAction\",\"target\":{\"@type\":\"EntryPoint\",\"urlTemplate\":\"https:\/\/www.pressenza.com\/it\/?s={search_term_string}\"},\"query-input\":{\"@type\":\"PropertyValueSpecification\",\"valueRequired\":true,\"valueName\":\"search_term_string\"}}],\"inLanguage\":\"it-IT\"},{\"@type\":\"Organization\",\"@id\":\"https:\/\/www.pressenza.com\/it\/#organization\",\"name\":\"Pressenza\",\"url\":\"https:\/\/www.pressenza.com\/it\/\",\"logo\":{\"@type\":\"ImageObject\",\"inLanguage\":\"it-IT\",\"@id\":\"https:\/\/www.pressenza.com\/it\/#\/schema\/logo\/image\/\",\"url\":\"https:\/\/www.pressenza.com\/wp-content\/uploads\/2022\/10\/pressenza_logo_200x200.jpg\",\"contentUrl\":\"https:\/\/www.pressenza.com\/wp-content\/uploads\/2022\/10\/pressenza_logo_200x200.jpg\",\"width\":200,\"height\":200,\"caption\":\"Pressenza\"},\"image\":{\"@id\":\"https:\/\/www.pressenza.com\/it\/#\/schema\/logo\/image\/\"},\"sameAs\":[\"https:\/\/www.facebook.com\/PressenzaItalia\",\"https:\/\/x.com\/PressenzaIPA\"]},{\"@type\":\"Person\",\"@id\":\"https:\/\/www.pressenza.com\/it\/#\/schema\/person\/3df859e5bf9b19ab936f666e0177e38b\",\"name\":\"Pressenza Wien\",\"description\":\"News from the Pressenza Bureau in Vienna, Austria\",\"sameAs\":[\"https:\/\/x.com\/pressenza_ger\"],\"url\":\"https:\/\/www.pressenza.com\/it\/author\/pressenza-wien\/\"}]}<\/script>\n<!-- \/ Yoast SEO plugin. -->","yoast_head_json":{"title":"L\u2019impatto sociale della crisi climatica nel Sud del mondo \u00e8 drammatico","description":"L'Universit\u00e0 di Bologna ha studiato gli impatti sociali della crisi climatica in 4 Paesi del Sud globale particolarmente colpiti dalla crisi climatica: Senegal, Guatemala, Cambogia e Kenya.","robots":{"index":"index","follow":"follow","max-snippet":"max-snippet:-1","max-image-preview":"max-image-preview:large","max-video-preview":"max-video-preview:-1"},"canonical":"https:\/\/www.pressenza.com\/it\/2022\/05\/limpatto-sociale-della-crisi-climatica-nel-sud-del-mondo-e-drammatico\/","og_locale":"it_IT","og_type":"article","og_title":"L\u2019impatto sociale della crisi climatica nel Sud del mondo \u00e8 drammatico","og_description":"L'Universit\u00e0 di Bologna ha studiato gli impatti sociali della crisi climatica in 4 Paesi del Sud globale particolarmente colpiti dalla crisi climatica: Senegal, Guatemala, Cambogia e Kenya.","og_url":"https:\/\/www.pressenza.com\/it\/2022\/05\/limpatto-sociale-della-crisi-climatica-nel-sud-del-mondo-e-drammatico\/","og_site_name":"Pressenza","article_publisher":"https:\/\/www.facebook.com\/PressenzaItalia","article_published_time":"2022-05-15T16:41:14+00:00","article_modified_time":"2022-05-15T16:47:37+00:00","og_image":[{"width":1920,"height":1280,"url":"https:\/\/www.pressenza.com\/wp-content\/uploads\/2022\/05\/csm_Mandoye_Dieng_1_-_salt_miner__c__Elena_Giacomelli-min_849e916783.v1.jpg","type":"image\/jpeg"}],"author":"Pressenza Wien","twitter_card":"summary_large_image","twitter_creator":"@pressenza_ger","twitter_site":"@PressenzaIPA","twitter_misc":{"Scritto da":"Pressenza Wien","Tempo di lettura stimato":"4 minuti"},"schema":{"@context":"https:\/\/schema.org","@graph":[{"@type":"Article","@id":"https:\/\/www.pressenza.com\/it\/2022\/05\/limpatto-sociale-della-crisi-climatica-nel-sud-del-mondo-e-drammatico\/#article","isPartOf":{"@id":"https:\/\/www.pressenza.com\/it\/2022\/05\/limpatto-sociale-della-crisi-climatica-nel-sud-del-mondo-e-drammatico\/"},"author":{"name":"Pressenza Wien","@id":"https:\/\/www.pressenza.com\/it\/#\/schema\/person\/3df859e5bf9b19ab936f666e0177e38b"},"headline":"L\u2019impatto sociale della crisi climatica nel Sud del mondo \u00e8 drammatico","datePublished":"2022-05-15T16:41:14+00:00","dateModified":"2022-05-15T16:47:37+00:00","mainEntityOfPage":{"@id":"https:\/\/www.pressenza.com\/it\/2022\/05\/limpatto-sociale-della-crisi-climatica-nel-sud-del-mondo-e-drammatico\/"},"wordCount":764,"publisher":{"@id":"https:\/\/www.pressenza.com\/it\/#organization"},"image":{"@id":"https:\/\/www.pressenza.com\/it\/2022\/05\/limpatto-sociale-della-crisi-climatica-nel-sud-del-mondo-e-drammatico\/#primaryimage"},"thumbnailUrl":"https:\/\/www.pressenza.com\/wp-content\/uploads\/2022\/05\/csm_Mandoye_Dieng_1_-_salt_miner__c__Elena_Giacomelli-min_849e916783.v1.jpg","keywords":["ambiente","crisi climatica","land grabbing","ocean grabbing","Senegal","siccit\u00e0","studio","S\u00fcdwind"],"articleSection":["Comunicati Stampa","Ecologia ed Ambiente","Scienza e Tecnologia"],"inLanguage":"it-IT"},{"@type":"WebPage","@id":"https:\/\/www.pressenza.com\/it\/2022\/05\/limpatto-sociale-della-crisi-climatica-nel-sud-del-mondo-e-drammatico\/","url":"https:\/\/www.pressenza.com\/it\/2022\/05\/limpatto-sociale-della-crisi-climatica-nel-sud-del-mondo-e-drammatico\/","name":"L\u2019impatto sociale della crisi climatica nel Sud del mondo \u00e8 drammatico","isPartOf":{"@id":"https:\/\/www.pressenza.com\/it\/#website"},"primaryImageOfPage":{"@id":"https:\/\/www.pressenza.com\/it\/2022\/05\/limpatto-sociale-della-crisi-climatica-nel-sud-del-mondo-e-drammatico\/#primaryimage"},"image":{"@id":"https:\/\/www.pressenza.com\/it\/2022\/05\/limpatto-sociale-della-crisi-climatica-nel-sud-del-mondo-e-drammatico\/#primaryimage"},"thumbnailUrl":"https:\/\/www.pressenza.com\/wp-content\/uploads\/2022\/05\/csm_Mandoye_Dieng_1_-_salt_miner__c__Elena_Giacomelli-min_849e916783.v1.jpg","datePublished":"2022-05-15T16:41:14+00:00","dateModified":"2022-05-15T16:47:37+00:00","description":"L'Universit\u00e0 di Bologna ha studiato gli impatti sociali della crisi climatica in 4 Paesi del Sud globale particolarmente colpiti dalla crisi climatica: Senegal, Guatemala, Cambogia e Kenya.","breadcrumb":{"@id":"https:\/\/www.pressenza.com\/it\/2022\/05\/limpatto-sociale-della-crisi-climatica-nel-sud-del-mondo-e-drammatico\/#breadcrumb"},"inLanguage":"it-IT","potentialAction":[{"@type":"ReadAction","target":["https:\/\/www.pressenza.com\/it\/2022\/05\/limpatto-sociale-della-crisi-climatica-nel-sud-del-mondo-e-drammatico\/"]}]},{"@type":"ImageObject","inLanguage":"it-IT","@id":"https:\/\/www.pressenza.com\/it\/2022\/05\/limpatto-sociale-della-crisi-climatica-nel-sud-del-mondo-e-drammatico\/#primaryimage","url":"https:\/\/www.pressenza.com\/wp-content\/uploads\/2022\/05\/csm_Mandoye_Dieng_1_-_salt_miner__c__Elena_Giacomelli-min_849e916783.v1.jpg","contentUrl":"https:\/\/www.pressenza.com\/wp-content\/uploads\/2022\/05\/csm_Mandoye_Dieng_1_-_salt_miner__c__Elena_Giacomelli-min_849e916783.v1.jpg","width":1920,"height":1280},{"@type":"BreadcrumbList","@id":"https:\/\/www.pressenza.com\/it\/2022\/05\/limpatto-sociale-della-crisi-climatica-nel-sud-del-mondo-e-drammatico\/#breadcrumb","itemListElement":[{"@type":"ListItem","position":1,"name":"Accueil","item":"https:\/\/www.pressenza.com\/it\/"},{"@type":"ListItem","position":2,"name":"L\u2019impatto sociale della crisi climatica nel Sud del mondo \u00e8 drammatico"}]},{"@type":"WebSite","@id":"https:\/\/www.pressenza.com\/it\/#website","url":"https:\/\/www.pressenza.com\/it\/","name":"Pressenza","description":"Agenzia di Stampa Internazionale","publisher":{"@id":"https:\/\/www.pressenza.com\/it\/#organization"},"potentialAction":[{"@type":"SearchAction","target":{"@type":"EntryPoint","urlTemplate":"https:\/\/www.pressenza.com\/it\/?s={search_term_string}"},"query-input":{"@type":"PropertyValueSpecification","valueRequired":true,"valueName":"search_term_string"}}],"inLanguage":"it-IT"},{"@type":"Organization","@id":"https:\/\/www.pressenza.com\/it\/#organization","name":"Pressenza","url":"https:\/\/www.pressenza.com\/it\/","logo":{"@type":"ImageObject","inLanguage":"it-IT","@id":"https:\/\/www.pressenza.com\/it\/#\/schema\/logo\/image\/","url":"https:\/\/www.pressenza.com\/wp-content\/uploads\/2022\/10\/pressenza_logo_200x200.jpg","contentUrl":"https:\/\/www.pressenza.com\/wp-content\/uploads\/2022\/10\/pressenza_logo_200x200.jpg","width":200,"height":200,"caption":"Pressenza"},"image":{"@id":"https:\/\/www.pressenza.com\/it\/#\/schema\/logo\/image\/"},"sameAs":["https:\/\/www.facebook.com\/PressenzaItalia","https:\/\/x.com\/PressenzaIPA"]},{"@type":"Person","@id":"https:\/\/www.pressenza.com\/it\/#\/schema\/person\/3df859e5bf9b19ab936f666e0177e38b","name":"Pressenza Wien","description":"News from the Pressenza Bureau in Vienna, Austria","sameAs":["https:\/\/x.com\/pressenza_ger"],"url":"https:\/\/www.pressenza.com\/it\/author\/pressenza-wien\/"}]}},"place":"Austria","original_article_url":"https:\/\/www.suedwind.at\/presseaussendungen\/2022\/neue-suedwind-studie-zeigt-dramatische-soziale-auswirkungen-der-klimakrise-im-globalen-sueden\/","_links":{"self":[{"href":"https:\/\/www.pressenza.com\/it\/wp-json\/wp\/v2\/posts\/1584954","targetHints":{"allow":["GET"]}}],"collection":[{"href":"https:\/\/www.pressenza.com\/it\/wp-json\/wp\/v2\/posts"}],"about":[{"href":"https:\/\/www.pressenza.com\/it\/wp-json\/wp\/v2\/types\/post"}],"author":[{"embeddable":true,"href":"https:\/\/www.pressenza.com\/it\/wp-json\/wp\/v2\/users\/1096"}],"replies":[{"embeddable":true,"href":"https:\/\/www.pressenza.com\/it\/wp-json\/wp\/v2\/comments?post=1584954"}],"version-history":[{"count":0,"href":"https:\/\/www.pressenza.com\/it\/wp-json\/wp\/v2\/posts\/1584954\/revisions"}],"wp:featuredmedia":[{"embeddable":true,"href":"https:\/\/www.pressenza.com\/it\/wp-json\/wp\/v2\/media\/1578676"}],"wp:attachment":[{"href":"https:\/\/www.pressenza.com\/it\/wp-json\/wp\/v2\/media?parent=1584954"}],"wp:term":[{"taxonomy":"category","embeddable":true,"href":"https:\/\/www.pressenza.com\/it\/wp-json\/wp\/v2\/categories?post=1584954"},{"taxonomy":"post_tag","embeddable":true,"href":"https:\/\/www.pressenza.com\/it\/wp-json\/wp\/v2\/tags?post=1584954"}],"curies":[{"name":"wp","href":"https:\/\/api.w.org\/{rel}","templated":true}]}}