{"id":1584109,"date":"2022-05-14T19:23:26","date_gmt":"2022-05-14T18:23:26","guid":{"rendered":"https:\/\/www.pressenza.com\/?p=1584109"},"modified":"2022-05-14T22:18:52","modified_gmt":"2022-05-14T21:18:52","slug":"50anni-approvazione-legge-obiezione","status":"publish","type":"post","link":"https:\/\/www.pressenza.com\/it\/2022\/05\/50anni-approvazione-legge-obiezione\/","title":{"rendered":"1972-2022 &#8211; 50 anni dall&#8217;approvazione della legge sull&#8217;obiezione di coscienza"},"content":{"rendered":"<p align=\"justify\"><span style=\"font-family: Times New Roman, serif;\"><span style=\"font-size: large;\">Il 15 dicembre del 1972 fu approvata la legge sull\u2019obiezione di coscienza che permise ai giovani che, per diverse motivazioni personali, avvertivano una profonda contraddizione nel dover assolvere all\u2019obbligo del servizio militare, di poter svolgere un servizio civile alternativo. Cos\u00ec dal 1973 al 2005 (anno di sospensione del servizio militare obbligatorio) furono quasi 800.000 i giovani che ne usufruirono e potettero operare per il bene della societ\u00e0 in maniera nonviolenta invece di imparare a uccidere.<\/span><\/span><\/p>\n<p align=\"justify\"><span style=\"font-family: Times New Roman, serif;\"><span style=\"font-size: large;\">Sin dall\u2019Assemblea Costituente ci si era posti il problema di riconoscere a livello legislativo l\u2019obiezione di coscienza e numerose, nel corso di 25 anni, erano state le proposte di legge in tal senso, ma nessuna era andata a buon fine.<\/span><\/span><\/p>\n<p align=\"justify\"><span style=\"font-family: Times New Roman, serif;\"><span style=\"font-size: large;\">Nel corso degli anni si erano avuti singoli casi di obiettori che si erano rifiutati di svolgere il servizio militare affrontando il carcere anche pi\u00f9 di una volta. Diversi erano i loro orientamenti: cattolici, evangelici, pentecostali, anarchici, antimilitaristi, nonviolenti, laici. \u00c8 giusto ricordare anche gli innumerevoli Testimoni di Geova che obiettavano in silenzio perch\u00e9 hanno sempre ritenuto il servizio militare incompatibile con la loro religione.<\/span><\/span><\/p>\n<p align=\"justify\"><span style=\"font-family: Times New Roman, serif;\"><span style=\"font-size: large;\">Molte, inoltre, erano state le prese di posizione importanti. Ma tutto ci\u00f2 non aveva prodotto risultati legislativi.<\/span><\/span><\/p>\n<p align=\"justify\"><span style=\"font-family: Times New Roman, serif;\"><span style=\"font-size: large;\">Gli obiettori, con le loro azioni individuali, avevano senz\u2019altro espresso un gesto di coerenza e avevano contribuito a \u2018smuovere le acque\u2019 e a sensibilizzare delle coscienze, ma non avevano ottenuto risultati politici anche perch\u00e9, tranne i casi di Pietro Pinna, Giuseppe Gozzini e Fabrizio Fabbrini, non avevano avuto molta risonanza presso l\u2019opinione pubblica.<\/span><\/span><\/p>\n<p align=\"justify\"><span style=\"font-family: Times New Roman, serif;\"><span style=\"font-size: large;\">Si doveva, quindi, esercitare la massima pressione per fare approvare una legge sul Servizio Civile Alternativo. L\u2019Italia era tra i pochissimi paesi europei nei quali non esisteva ancora una legge che riconoscesse l\u2019obiezione di coscienza, pur se numerose proposte giacevano in Parlamento. In Europa avevamo la triste compagnia solo di tre stati dittatoriali &#8211; Grecia, Spagna e Portogallo &#8211; e della Turchia.<\/span><\/span><\/p>\n<p align=\"justify\"><span style=\"font-family: Times New Roman, serif;\"><span style=\"font-size: large;\">Nell\u2019ambito dei movimenti nonviolenti, pacifisti e antimilitaristi &#8211; tra i quali un ruolo di primo piano ebbe il Partito Radicale presso la cui sede, in via di Torre Argentina a Roma, fu istituita una segreteria di collegamento &#8211; si decise di intensificare la battaglia con obiezioni collettive che vennero pubblicizzate al massimo con conferenze stampa e dichiarazioni pubbliche.<\/span><\/span><\/p>\n<p align=\"justify\"><span style=\"font-family: Times New Roman, serif;\"><span style=\"font-size: large;\">Il 9 febbraio 1971 otto giovani, prima di affrontare il carcere, durante una conferenza stampa, fecero la prima dichiarazione collettiva di obiezione di coscienza spiegando il loro rifiuto con argomentazioni sociali e politiche.<\/span><\/span><\/p>\n<p align=\"justify\"><span style=\"font-family: Times New Roman, serif;\"><span style=\"font-size: large;\">Il 20 febbraio 1972 si svolse a Roma, in piazza Navona, la prima manifestazione nazionale per l\u2019annuncio di un\u2019obiezione di gruppo. La manifestazione inizi\u00f2 con un fal\u00f2 per bruciare dei volantini inneggianti alle Forze Armate che, provocatoriamente, erano stati fatti trovare in piazza; poi nove giovani manifestarono il loro rifiuto di prestare il servizio militare con una dichiarazione comune.\u00a0<\/span><\/span><\/p>\n<p align=\"justify\"><span style=\"font-family: Times New Roman, serif;\"><span style=\"font-size: large;\">Il 30 giugno 1972 a Roma, durante una conferenza stampa presso la sede del Partito Radicale, si tenne la terza dichiarazione collettiva di obiezione di coscienza da parte di dodici giovani che, oltre a rendere noto un proprio documento, firmarono quello di febbraio proprio per evidenziare la continuit\u00e0 del loro rifiuto con quello precedente allo scopo di proporre un rifiuto di massa dell\u2019esercito ed evitare \u00abl\u2019emarginazione degli obiettori nel ghetto degli esaltati o dei tarati asociali\u00bb.<\/span><\/span><\/p>\n<p align=\"justify\"><span style=\"font-family: Times New Roman, serif;\"><span style=\"font-size: large;\">Qualche mese dopo si tenne una quarta obiezione di coscienza collettiva.<\/span><\/span><\/p>\n<p align=\"justify\"><span style=\"font-family: Times New Roman, serif;\"><span style=\"font-size: large;\">Queste decine di obiezioni furono supportate da forti movimenti di opinione pubblica, marce antimilitariste, sit-in, digiuni, volantinaggi, invio di migliaia di cartoline ai presidenti di Camera e Senato, <\/span><\/span><\/p>\n<p align=\"justify\"><span style=\"font-family: Times New Roman, serif;\"><span style=\"font-size: large;\">Vi fu, infine, dal 1\u00b0 ottobre al 7 novembre 1972, un lunghissimo digiuno (38 giorni!) di Marco Pannella e Alberto Gardin e di circa 150 militanti radicali e nonviolenti per complessivi 1300 giorni di digiuno. Almeno dieci di loro superarono i 20 giorni.<\/span><\/span><\/p>\n<p align=\"justify\"><span style=\"font-family: Times New Roman, serif;\"><span style=\"font-size: large;\">Ci\u00f2 sblocc\u00f2, finalmente, le \u2018resistenze\u2019 parlamentari e il 15 dicembre del 1972 si arriv\u00f2 all\u2019approvazione della legge.<\/span><\/span><\/p>\n<p align=\"justify\"><span style=\"font-family: Times New Roman, serif;\"><span style=\"font-size: large;\">In conclusione: servono le azioni individuali ma i risultati politici si ottengono con le azioni politiche collettive. \u00c8 importante che ciascun movimento abbia una propria specificit\u00e0 e continui con le proprie esperienze, le proprie azioni. Queste differenze costituiscono una ricchezza perch\u00e9 vuol dire che ogni gruppo \u00e8 calato nei quartieri, tra la gente, nel proprio territorio. Ma, per alcuni importanti obiettivi comuni, \u00e8 necessario unirsi. Uniti si vince!<\/span><\/span><\/p>\n<p align=\"justify\"><span style=\"font-family: Times New Roman, serif;\"><span style=\"font-size: large;\">Quest\u2019anno ricorre il 50\u00b0 anniversario dell\u2019approvazione della legge. Diverse sono le iniziative per celebrarlo:<\/span><\/span><\/p>\n<p align=\"justify\"><span style=\"font-family: Times New Roman, serif;\"><span style=\"font-size: large;\">&#8211; E\u2019 in continua costruzione il sito <\/span><\/span><span style=\"color: #0000ff;\"><u><a href=\"http:\/\/www.obiezionedicoscienza.org\/\"><span style=\"font-family: Times New Roman, serif;\"><span style=\"font-size: large;\">www.obiezionedicoscienza.org<\/span><\/span><\/a><\/u><\/span><span style=\"font-family: Times New Roman, serif;\"><span style=\"font-size: large;\"> nel quale vengono pubblicati documenti, testimonianze, immagini su obiezione di coscienza e servizio civile.<\/span><\/span><\/p>\n<p align=\"justify\"><span style=\"font-family: Times New Roman, serif;\"><span style=\"font-size: large;\">&#8211; Al seguente link <\/span><\/span><span style=\"color: #0000ff;\"><u><a href=\"https:\/\/archivio.serenoregis.org\/index.php?title=Pagina_principale\"><span style=\"font-family: Times New Roman, serif;\"><span style=\"font-size: large;\">https:\/\/archivio.serenoregis.org\/index.php?title=Pagina_principale<\/span><\/span><\/a><\/u><\/span><span style=\"font-family: Times New Roman, serif;\"><span style=\"font-size: large;\"> \u00e8 stato pubblicato il Progetto \u00abSignorn\u00f2! Torino, citt\u00e0 protagonista della storia dell\u2019obiezione di coscienza in Italia\u00bb che offre, attraverso una valorizzazione dei fondi archivistici del Centro Studi Sereno Regis, uno strumento di indagine e approfondimento della storia dell\u2019obiezione di coscienza, proponendo un doppio sguardo: uno rivolto all\u2019Italia, l\u2019altro a Torino.<\/span><\/span><\/p>\n<p align=\"justify\"><span style=\"font-family: Times New Roman, serif;\"><span style=\"font-size: large;\">&#8211; Ancora, il 4 giugno, a Roma, nell\u2019ambito del Festival del libro per la Pace e la Nonviolenza (<\/span><\/span><span style=\"color: #0000ff;\"><u><a href=\"https:\/\/www.eirenefest.it\/\"><span style=\"font-family: Times New Roman, serif;\"><span style=\"font-size: large;\">https:\/\/www.eirenefest.it\/<\/span><\/span><\/a><\/u><\/span><span style=\"font-family: Times New Roman, serif;\"><span style=\"font-size: large;\">) si terr\u00e0 un Convegno su obiezione di coscienza e servizio civile al quale parteciperanno obiettori, storici e diverse personalit\u00e0 per presentare libri sull\u2019argomento e ricostruire l\u2019iter che port\u00f2 all\u2019approvazione della legge, dialogando con i presenti che verranno invitati a interagire (<\/span><\/span><span style=\"color: #0000ff;\"><u><a href=\"https:\/\/www.eirenefest.it\/evento\/convegno-su-obiezione-di-coscienza-e-servizio-civile\/\"><span style=\"font-family: Times New Roman, serif;\"><span style=\"font-size: large;\">https:\/\/www.eirenefest.it\/evento\/convegno-su-obiezione-di-coscienza-e-servizio-civile\/<\/span><\/span><\/a><\/u><\/span><span style=\"font-family: Times New Roman, serif;\"><span style=\"font-size: large;\">).<\/span><\/span><\/p>\n<p style=\"text-align: right;\" align=\"justify\"><strong>Claudio Pozzi<\/strong><\/p>\n","protected":false},"excerpt":{"rendered":"<p>Il 15 dicembre del 1972 fu approvata la legge sull\u2019obiezione di coscienza che permise ai giovani che, per diverse motivazioni personali, avvertivano una profonda contraddizione nel dover assolvere all\u2019obbligo del servizio militare, di poter svolgere un servizio civile alternativo. Cos\u00ec&hellip;<\/p>\n","protected":false},"author":594,"featured_media":1584121,"comment_status":"closed","ping_status":"closed","sticky":false,"template":"","format":"standard","meta":{"footnotes":""},"categories":[11388,60,47,1263],"tags":[1800,93292,1513,27245],"class_list":["post-1584109","post","type-post","status-publish","format-standard","has-post-thumbnail","hentry","category-contenuti-originali","category-diritti-umani","category-europa","category-pace-disarmo","tag-convegno","tag-eirenefest","tag-obiezione-di-coscienza","tag-partito-radicale"],"yoast_head":"<!-- This site is optimized with the Yoast SEO plugin v27.1.1 - https:\/\/yoast.com\/product\/yoast-seo-wordpress\/ -->\n<title>1972-2022 - 50 anni dall&#039;approvazione della legge sull&#039;obiezione di coscienza<\/title>\n<meta name=\"description\" content=\"Il 15 dicembre del 1972 fu approvata la legge sull\u2019obiezione di coscienza che permise ai giovani che, per diverse motivazioni personali, avvertivano una\" \/>\n<meta name=\"robots\" content=\"index, follow, max-snippet:-1, max-image-preview:large, max-video-preview:-1\" \/>\n<link rel=\"canonical\" href=\"https:\/\/www.pressenza.com\/it\/2022\/05\/50anni-approvazione-legge-obiezione\/\" \/>\n<meta property=\"og:locale\" content=\"it_IT\" \/>\n<meta property=\"og:type\" content=\"article\" \/>\n<meta property=\"og:title\" content=\"1972-2022 - 50 anni dall&#039;approvazione della legge sull&#039;obiezione di coscienza\" \/>\n<meta property=\"og:description\" content=\"Il 15 dicembre del 1972 fu approvata la legge sull\u2019obiezione di coscienza che permise ai giovani che, per diverse motivazioni personali, avvertivano una\" \/>\n<meta property=\"og:url\" content=\"https:\/\/www.pressenza.com\/it\/2022\/05\/50anni-approvazione-legge-obiezione\/\" \/>\n<meta property=\"og:site_name\" content=\"Pressenza\" \/>\n<meta property=\"article:publisher\" content=\"https:\/\/www.facebook.com\/PressenzaItalia\" \/>\n<meta property=\"article:author\" content=\"https:\/\/www.facebook.com\/PressenzaItalia\" \/>\n<meta property=\"article:published_time\" content=\"2022-05-14T18:23:26+00:00\" \/>\n<meta property=\"article:modified_time\" content=\"2022-05-14T21:18:52+00:00\" \/>\n<meta property=\"og:image\" content=\"https:\/\/www.pressenza.com\/wp-content\/uploads\/2022\/05\/obiezione-di-coscienza2.jpg\" \/>\n\t<meta property=\"og:image:width\" content=\"1024\" \/>\n\t<meta property=\"og:image:height\" content=\"668\" \/>\n\t<meta property=\"og:image:type\" content=\"image\/jpeg\" \/>\n<meta name=\"author\" content=\"Redazione Italia\" \/>\n<meta name=\"twitter:card\" content=\"summary_large_image\" \/>\n<meta name=\"twitter:creator\" content=\"@pressenza_it\" \/>\n<meta name=\"twitter:site\" content=\"@PressenzaIPA\" \/>\n<meta name=\"twitter:label1\" content=\"Scritto da\" \/>\n\t<meta name=\"twitter:data1\" content=\"Redazione Italia\" \/>\n\t<meta name=\"twitter:label2\" content=\"Tempo di lettura stimato\" \/>\n\t<meta name=\"twitter:data2\" content=\"5 minuti\" \/>\n<script type=\"application\/ld+json\" class=\"yoast-schema-graph\">{\"@context\":\"https:\/\/schema.org\",\"@graph\":[{\"@type\":\"Article\",\"@id\":\"https:\/\/www.pressenza.com\/it\/2022\/05\/50anni-approvazione-legge-obiezione\/#article\",\"isPartOf\":{\"@id\":\"https:\/\/www.pressenza.com\/it\/2022\/05\/50anni-approvazione-legge-obiezione\/\"},\"author\":{\"name\":\"Redazione Italia\",\"@id\":\"https:\/\/www.pressenza.com\/it\/#\/schema\/person\/d983e81827ae24f2c7b1a2123d197f8d\"},\"headline\":\"1972-2022 &#8211; 50 anni dall&#8217;approvazione della legge sull&#8217;obiezione di coscienza\",\"datePublished\":\"2022-05-14T18:23:26+00:00\",\"dateModified\":\"2022-05-14T21:18:52+00:00\",\"mainEntityOfPage\":{\"@id\":\"https:\/\/www.pressenza.com\/it\/2022\/05\/50anni-approvazione-legge-obiezione\/\"},\"wordCount\":883,\"publisher\":{\"@id\":\"https:\/\/www.pressenza.com\/it\/#organization\"},\"image\":{\"@id\":\"https:\/\/www.pressenza.com\/it\/2022\/05\/50anni-approvazione-legge-obiezione\/#primaryimage\"},\"thumbnailUrl\":\"https:\/\/www.pressenza.com\/wp-content\/uploads\/2022\/05\/obiezione-di-coscienza2-e1774688973752.jpg\",\"keywords\":[\"convegno\",\"Eirenefest\",\"obiezione di coscienza\",\"Partito Radicale\"],\"articleSection\":[\"contenuti originali\",\"Diritti Umani\",\"Europa\",\"Pace e Disarmo\"],\"inLanguage\":\"it-IT\"},{\"@type\":\"WebPage\",\"@id\":\"https:\/\/www.pressenza.com\/it\/2022\/05\/50anni-approvazione-legge-obiezione\/\",\"url\":\"https:\/\/www.pressenza.com\/it\/2022\/05\/50anni-approvazione-legge-obiezione\/\",\"name\":\"1972-2022 - 50 anni dall'approvazione della legge sull'obiezione di coscienza\",\"isPartOf\":{\"@id\":\"https:\/\/www.pressenza.com\/it\/#website\"},\"primaryImageOfPage\":{\"@id\":\"https:\/\/www.pressenza.com\/it\/2022\/05\/50anni-approvazione-legge-obiezione\/#primaryimage\"},\"image\":{\"@id\":\"https:\/\/www.pressenza.com\/it\/2022\/05\/50anni-approvazione-legge-obiezione\/#primaryimage\"},\"thumbnailUrl\":\"https:\/\/www.pressenza.com\/wp-content\/uploads\/2022\/05\/obiezione-di-coscienza2-e1774688973752.jpg\",\"datePublished\":\"2022-05-14T18:23:26+00:00\",\"dateModified\":\"2022-05-14T21:18:52+00:00\",\"description\":\"Il 15 dicembre del 1972 fu approvata la legge sull\u2019obiezione di coscienza che permise ai giovani che, per diverse motivazioni personali, avvertivano una\",\"breadcrumb\":{\"@id\":\"https:\/\/www.pressenza.com\/it\/2022\/05\/50anni-approvazione-legge-obiezione\/#breadcrumb\"},\"inLanguage\":\"it-IT\",\"potentialAction\":[{\"@type\":\"ReadAction\",\"target\":[\"https:\/\/www.pressenza.com\/it\/2022\/05\/50anni-approvazione-legge-obiezione\/\"]}]},{\"@type\":\"ImageObject\",\"inLanguage\":\"it-IT\",\"@id\":\"https:\/\/www.pressenza.com\/it\/2022\/05\/50anni-approvazione-legge-obiezione\/#primaryimage\",\"url\":\"https:\/\/www.pressenza.com\/wp-content\/uploads\/2022\/05\/obiezione-di-coscienza2-e1774688973752.jpg\",\"contentUrl\":\"https:\/\/www.pressenza.com\/wp-content\/uploads\/2022\/05\/obiezione-di-coscienza2-e1774688973752.jpg\",\"width\":800,\"height\":522},{\"@type\":\"BreadcrumbList\",\"@id\":\"https:\/\/www.pressenza.com\/it\/2022\/05\/50anni-approvazione-legge-obiezione\/#breadcrumb\",\"itemListElement\":[{\"@type\":\"ListItem\",\"position\":1,\"name\":\"Accueil\",\"item\":\"https:\/\/www.pressenza.com\/it\/\"},{\"@type\":\"ListItem\",\"position\":2,\"name\":\"1972-2022 &#8211; 50 anni dall&#8217;approvazione della legge sull&#8217;obiezione di coscienza\"}]},{\"@type\":\"WebSite\",\"@id\":\"https:\/\/www.pressenza.com\/it\/#website\",\"url\":\"https:\/\/www.pressenza.com\/it\/\",\"name\":\"Pressenza\",\"description\":\"Agenzia di Stampa Internazionale\",\"publisher\":{\"@id\":\"https:\/\/www.pressenza.com\/it\/#organization\"},\"potentialAction\":[{\"@type\":\"SearchAction\",\"target\":{\"@type\":\"EntryPoint\",\"urlTemplate\":\"https:\/\/www.pressenza.com\/it\/?s={search_term_string}\"},\"query-input\":{\"@type\":\"PropertyValueSpecification\",\"valueRequired\":true,\"valueName\":\"search_term_string\"}}],\"inLanguage\":\"it-IT\"},{\"@type\":\"Organization\",\"@id\":\"https:\/\/www.pressenza.com\/it\/#organization\",\"name\":\"Pressenza\",\"url\":\"https:\/\/www.pressenza.com\/it\/\",\"logo\":{\"@type\":\"ImageObject\",\"inLanguage\":\"it-IT\",\"@id\":\"https:\/\/www.pressenza.com\/it\/#\/schema\/logo\/image\/\",\"url\":\"https:\/\/www.pressenza.com\/wp-content\/uploads\/2022\/10\/pressenza_logo_200x200.jpg\",\"contentUrl\":\"https:\/\/www.pressenza.com\/wp-content\/uploads\/2022\/10\/pressenza_logo_200x200.jpg\",\"width\":200,\"height\":200,\"caption\":\"Pressenza\"},\"image\":{\"@id\":\"https:\/\/www.pressenza.com\/it\/#\/schema\/logo\/image\/\"},\"sameAs\":[\"https:\/\/www.facebook.com\/PressenzaItalia\",\"https:\/\/x.com\/PressenzaIPA\"]},{\"@type\":\"Person\",\"@id\":\"https:\/\/www.pressenza.com\/it\/#\/schema\/person\/d983e81827ae24f2c7b1a2123d197f8d\",\"name\":\"Redazione Italia\",\"description\":\"News from the Pressenza Bureau in Italy\",\"sameAs\":[\"https:\/\/www.pressenza.com\/it\/author\/redazione-italia\/\",\"https:\/\/www.facebook.com\/PressenzaItalia\",\"https:\/\/www.instagram.com\/pressenza_italia\/\",\"https:\/\/x.com\/pressenza_it\",\"https:\/\/www.youtube.com\/channel\/UCSalEIWjE1RSxkwjfftFuqg\"],\"url\":\"https:\/\/www.pressenza.com\/it\/author\/redazione-italia\/\"}]}<\/script>\n<!-- \/ Yoast SEO plugin. -->","yoast_head_json":{"title":"1972-2022 - 50 anni dall'approvazione della legge sull'obiezione di coscienza","description":"Il 15 dicembre del 1972 fu approvata la legge sull\u2019obiezione di coscienza che permise ai giovani che, per diverse motivazioni personali, avvertivano una","robots":{"index":"index","follow":"follow","max-snippet":"max-snippet:-1","max-image-preview":"max-image-preview:large","max-video-preview":"max-video-preview:-1"},"canonical":"https:\/\/www.pressenza.com\/it\/2022\/05\/50anni-approvazione-legge-obiezione\/","og_locale":"it_IT","og_type":"article","og_title":"1972-2022 - 50 anni dall'approvazione della legge sull'obiezione di coscienza","og_description":"Il 15 dicembre del 1972 fu approvata la legge sull\u2019obiezione di coscienza che permise ai giovani che, per diverse motivazioni personali, avvertivano una","og_url":"https:\/\/www.pressenza.com\/it\/2022\/05\/50anni-approvazione-legge-obiezione\/","og_site_name":"Pressenza","article_publisher":"https:\/\/www.facebook.com\/PressenzaItalia","article_author":"https:\/\/www.facebook.com\/PressenzaItalia","article_published_time":"2022-05-14T18:23:26+00:00","article_modified_time":"2022-05-14T21:18:52+00:00","og_image":[{"width":1024,"height":668,"url":"https:\/\/www.pressenza.com\/wp-content\/uploads\/2022\/05\/obiezione-di-coscienza2.jpg","type":"image\/jpeg"}],"author":"Redazione Italia","twitter_card":"summary_large_image","twitter_creator":"@pressenza_it","twitter_site":"@PressenzaIPA","twitter_misc":{"Scritto da":"Redazione Italia","Tempo di lettura stimato":"5 minuti"},"schema":{"@context":"https:\/\/schema.org","@graph":[{"@type":"Article","@id":"https:\/\/www.pressenza.com\/it\/2022\/05\/50anni-approvazione-legge-obiezione\/#article","isPartOf":{"@id":"https:\/\/www.pressenza.com\/it\/2022\/05\/50anni-approvazione-legge-obiezione\/"},"author":{"name":"Redazione Italia","@id":"https:\/\/www.pressenza.com\/it\/#\/schema\/person\/d983e81827ae24f2c7b1a2123d197f8d"},"headline":"1972-2022 &#8211; 50 anni dall&#8217;approvazione della legge sull&#8217;obiezione di coscienza","datePublished":"2022-05-14T18:23:26+00:00","dateModified":"2022-05-14T21:18:52+00:00","mainEntityOfPage":{"@id":"https:\/\/www.pressenza.com\/it\/2022\/05\/50anni-approvazione-legge-obiezione\/"},"wordCount":883,"publisher":{"@id":"https:\/\/www.pressenza.com\/it\/#organization"},"image":{"@id":"https:\/\/www.pressenza.com\/it\/2022\/05\/50anni-approvazione-legge-obiezione\/#primaryimage"},"thumbnailUrl":"https:\/\/www.pressenza.com\/wp-content\/uploads\/2022\/05\/obiezione-di-coscienza2-e1774688973752.jpg","keywords":["convegno","Eirenefest","obiezione di coscienza","Partito Radicale"],"articleSection":["contenuti originali","Diritti Umani","Europa","Pace e Disarmo"],"inLanguage":"it-IT"},{"@type":"WebPage","@id":"https:\/\/www.pressenza.com\/it\/2022\/05\/50anni-approvazione-legge-obiezione\/","url":"https:\/\/www.pressenza.com\/it\/2022\/05\/50anni-approvazione-legge-obiezione\/","name":"1972-2022 - 50 anni dall'approvazione della legge sull'obiezione di coscienza","isPartOf":{"@id":"https:\/\/www.pressenza.com\/it\/#website"},"primaryImageOfPage":{"@id":"https:\/\/www.pressenza.com\/it\/2022\/05\/50anni-approvazione-legge-obiezione\/#primaryimage"},"image":{"@id":"https:\/\/www.pressenza.com\/it\/2022\/05\/50anni-approvazione-legge-obiezione\/#primaryimage"},"thumbnailUrl":"https:\/\/www.pressenza.com\/wp-content\/uploads\/2022\/05\/obiezione-di-coscienza2-e1774688973752.jpg","datePublished":"2022-05-14T18:23:26+00:00","dateModified":"2022-05-14T21:18:52+00:00","description":"Il 15 dicembre del 1972 fu approvata la legge sull\u2019obiezione di coscienza che permise ai giovani che, per diverse motivazioni personali, avvertivano una","breadcrumb":{"@id":"https:\/\/www.pressenza.com\/it\/2022\/05\/50anni-approvazione-legge-obiezione\/#breadcrumb"},"inLanguage":"it-IT","potentialAction":[{"@type":"ReadAction","target":["https:\/\/www.pressenza.com\/it\/2022\/05\/50anni-approvazione-legge-obiezione\/"]}]},{"@type":"ImageObject","inLanguage":"it-IT","@id":"https:\/\/www.pressenza.com\/it\/2022\/05\/50anni-approvazione-legge-obiezione\/#primaryimage","url":"https:\/\/www.pressenza.com\/wp-content\/uploads\/2022\/05\/obiezione-di-coscienza2-e1774688973752.jpg","contentUrl":"https:\/\/www.pressenza.com\/wp-content\/uploads\/2022\/05\/obiezione-di-coscienza2-e1774688973752.jpg","width":800,"height":522},{"@type":"BreadcrumbList","@id":"https:\/\/www.pressenza.com\/it\/2022\/05\/50anni-approvazione-legge-obiezione\/#breadcrumb","itemListElement":[{"@type":"ListItem","position":1,"name":"Accueil","item":"https:\/\/www.pressenza.com\/it\/"},{"@type":"ListItem","position":2,"name":"1972-2022 &#8211; 50 anni dall&#8217;approvazione della legge sull&#8217;obiezione di coscienza"}]},{"@type":"WebSite","@id":"https:\/\/www.pressenza.com\/it\/#website","url":"https:\/\/www.pressenza.com\/it\/","name":"Pressenza","description":"Agenzia di Stampa Internazionale","publisher":{"@id":"https:\/\/www.pressenza.com\/it\/#organization"},"potentialAction":[{"@type":"SearchAction","target":{"@type":"EntryPoint","urlTemplate":"https:\/\/www.pressenza.com\/it\/?s={search_term_string}"},"query-input":{"@type":"PropertyValueSpecification","valueRequired":true,"valueName":"search_term_string"}}],"inLanguage":"it-IT"},{"@type":"Organization","@id":"https:\/\/www.pressenza.com\/it\/#organization","name":"Pressenza","url":"https:\/\/www.pressenza.com\/it\/","logo":{"@type":"ImageObject","inLanguage":"it-IT","@id":"https:\/\/www.pressenza.com\/it\/#\/schema\/logo\/image\/","url":"https:\/\/www.pressenza.com\/wp-content\/uploads\/2022\/10\/pressenza_logo_200x200.jpg","contentUrl":"https:\/\/www.pressenza.com\/wp-content\/uploads\/2022\/10\/pressenza_logo_200x200.jpg","width":200,"height":200,"caption":"Pressenza"},"image":{"@id":"https:\/\/www.pressenza.com\/it\/#\/schema\/logo\/image\/"},"sameAs":["https:\/\/www.facebook.com\/PressenzaItalia","https:\/\/x.com\/PressenzaIPA"]},{"@type":"Person","@id":"https:\/\/www.pressenza.com\/it\/#\/schema\/person\/d983e81827ae24f2c7b1a2123d197f8d","name":"Redazione Italia","description":"News from the Pressenza Bureau in Italy","sameAs":["https:\/\/www.pressenza.com\/it\/author\/redazione-italia\/","https:\/\/www.facebook.com\/PressenzaItalia","https:\/\/www.instagram.com\/pressenza_italia\/","https:\/\/x.com\/pressenza_it","https:\/\/www.youtube.com\/channel\/UCSalEIWjE1RSxkwjfftFuqg"],"url":"https:\/\/www.pressenza.com\/it\/author\/redazione-italia\/"}]}},"place":"Claudio Pozzi","original_article_url":"","_links":{"self":[{"href":"https:\/\/www.pressenza.com\/it\/wp-json\/wp\/v2\/posts\/1584109","targetHints":{"allow":["GET"]}}],"collection":[{"href":"https:\/\/www.pressenza.com\/it\/wp-json\/wp\/v2\/posts"}],"about":[{"href":"https:\/\/www.pressenza.com\/it\/wp-json\/wp\/v2\/types\/post"}],"author":[{"embeddable":true,"href":"https:\/\/www.pressenza.com\/it\/wp-json\/wp\/v2\/users\/594"}],"replies":[{"embeddable":true,"href":"https:\/\/www.pressenza.com\/it\/wp-json\/wp\/v2\/comments?post=1584109"}],"version-history":[{"count":0,"href":"https:\/\/www.pressenza.com\/it\/wp-json\/wp\/v2\/posts\/1584109\/revisions"}],"wp:featuredmedia":[{"embeddable":true,"href":"https:\/\/www.pressenza.com\/it\/wp-json\/wp\/v2\/media\/1584121"}],"wp:attachment":[{"href":"https:\/\/www.pressenza.com\/it\/wp-json\/wp\/v2\/media?parent=1584109"}],"wp:term":[{"taxonomy":"category","embeddable":true,"href":"https:\/\/www.pressenza.com\/it\/wp-json\/wp\/v2\/categories?post=1584109"},{"taxonomy":"post_tag","embeddable":true,"href":"https:\/\/www.pressenza.com\/it\/wp-json\/wp\/v2\/tags?post=1584109"}],"curies":[{"name":"wp","href":"https:\/\/api.w.org\/{rel}","templated":true}]}}