{"id":1584066,"date":"2022-05-14T19:01:42","date_gmt":"2022-05-14T18:01:42","guid":{"rendered":"https:\/\/www.pressenza.com\/?p=1584066"},"modified":"2022-05-14T19:05:24","modified_gmt":"2022-05-14T18:05:24","slug":"la-scuola-dovrebbe-essere-come-pinocchio-intervento-sulleducazione-al-primo-congresso-nazionale-dellassociazione-contiamoci","status":"publish","type":"post","link":"https:\/\/www.pressenza.com\/it\/2022\/05\/la-scuola-dovrebbe-essere-come-pinocchio-intervento-sulleducazione-al-primo-congresso-nazionale-dellassociazione-contiamoci\/","title":{"rendered":"&#8220;La scuola dovrebbe essere come Pinocchio&#8221;. Intervento sull&#8217;educazione al Primo Congresso Nazionale dell&#8217;associazione ContiamoCi"},"content":{"rendered":"<p style=\"padding-left: 40px;\">&#8216;La scuola \u00e8 Pinocchio&#8217; \u00e8 il titolo dell&#8217;intervento della Dott.ssa Sonia Diociaiuti.<\/p>\n<p>Al primo congresso nazionale dell&#8217;associazione Contiamoci, che ha avuto luogo a Bergamo lo scorso 7 e 8 maggio \u00e8 intervenuta una pedagogista, docente universitaria dal nome curiosamente adatto ai tempi.<br \/>\nNel suo accorato intervento la dottoressa Sonia Diociaiuti ha mostrato dove \u00e8 finita la scuola a forza di osservare e dare valore alle mancanze degli studenti piuttosto che ai loro talenti. &#8220;Oggi la maggioranza dei bimbi ha dei deficit. E la mancanza nasce quando non si insegna lo strumento corretto&#8221; dice la professoressa: &#8220;e per quale motivo privare un bimbo di rappresentare se stesso attraverso la grafia? Perch\u00e9 la grafia \u00e8 un atto creativo, scrivere \u00e8 un atto creativo&#8221;. Questa scuola dominata da protocolli omologanti e disumanizzanti che trasformano chi insegna in un analista di patologie educative: &#8220;ha perso l&#8217;oggetto del suo interesse, ha perso la sua finalit\u00e0&#8221; e non \u00e8 pi\u00f9 centrata sui bambini che sono &#8220;sacri e hanno in loro tutte le potenzialit\u00e0 per manifestare se stessi e la scuola dovrebbe accompagnare in questo percorso, invece oggi la scuola li annienta, li normalizza&#8221;.<br \/>\nPoi per\u00f2 la pedagogista ha anche illustrato la scuola che vorrebbe: &#8220;una scuola che parte dalla percezione della grandezza dei bimbi&#8221; e la associa simbolicamente, al racconto di Pinocchio. Quest&#8217;opera a suo dire raccoglie in s\u00e9 la fiaba, la favola e l&#8217;avventura e queste dimensioni sono ci\u00f2 di cui ha pi\u00f9 bisogno il bambino, ma anche l&#8217;essere umano in generale, per manifestare e sviluppare i propri talenti e per apprendere in modo sano. La docente infine asserisce nel suo intervento che: &#8220;la vita \u00e8 un gioco meraviglioso e ai bambini va insegnato che vale sempre la pena giocare&#8221; in una scuola dove dovrebbe sempre essere presente la magia.<\/p>\n<p>Perch\u00e9 la trasformazione \u00e8 il segno distintivo della crescita, a tutte le et\u00e0.<\/p>\n<p>Vi invito a godere di questi 17 intensi minuti.<\/p>\n<p><a href=\"https:\/\/youtu.be\/m9dJmM-nEbI\" target=\"_blank\" rel=\"noopener\" data-saferedirecturl=\"https:\/\/www.google.com\/url?q=https:\/\/youtu.be\/m9dJmM-nEbI&amp;source=gmail&amp;ust=1652636420025000&amp;usg=AOvVaw0mUOajGw2XkJ__7OhDGH3f\">https:\/\/youtu.be\/m9dJmM-nEbI\u00a0<\/a><\/p>\n","protected":false},"excerpt":{"rendered":"<p>&#8216;La scuola \u00e8 Pinocchio&#8217; \u00e8 il titolo dell&#8217;intervento della Dott.ssa Sonia Diociaiuti. Al primo congresso nazionale dell&#8217;associazione Contiamoci, che ha avuto luogo a Bergamo lo scorso 7 e 8 maggio \u00e8 intervenuta una pedagogista, docente universitaria dal nome curiosamente adatto&hellip;<\/p>\n","protected":false},"author":1532,"featured_media":1459479,"comment_status":"closed","ping_status":"closed","sticky":false,"template":"","format":"standard","meta":{"footnotes":""},"categories":[11388,56,1258,47,46975,20606,27065],"tags":[4499,2115,3011],"class_list":["post-1584066","post","type-post","status-publish","format-standard","has-post-thumbnail","hentry","category-contenuti-originali","category-cultura","category-educazione","category-europa","category-giovani","category-non-categorizzato","category-video-it","tag-educazione-2","tag-pedagogia","tag-scuola"],"yoast_head":"<!-- This site is optimized with the Yoast SEO plugin v27.1.1 - https:\/\/yoast.com\/product\/yoast-seo-wordpress\/ -->\n<title>&quot;La scuola dovrebbe essere come Pinocchio&quot;. Intervento sull&#039;educazione al Primo Congresso Nazionale dell&#039;associazione ContiamoCi<\/title>\n<meta name=\"description\" content=\"&#039;La scuola \u00e8 Pinocchio&#039; \u00e8 il titolo dell&#039;intervento della Dott.ssa Sonia Diociaiuti. Al primo congresso nazionale dell&#039;associazione Contiamoci, che ha\" \/>\n<meta name=\"robots\" content=\"index, follow, max-snippet:-1, max-image-preview:large, max-video-preview:-1\" \/>\n<link rel=\"canonical\" href=\"https:\/\/www.pressenza.com\/it\/2022\/05\/la-scuola-dovrebbe-essere-come-pinocchio-intervento-sulleducazione-al-primo-congresso-nazionale-dellassociazione-contiamoci\/\" \/>\n<meta property=\"og:locale\" content=\"it_IT\" \/>\n<meta property=\"og:type\" content=\"article\" \/>\n<meta property=\"og:title\" content=\"&quot;La scuola dovrebbe essere come Pinocchio&quot;. Intervento sull&#039;educazione al Primo Congresso Nazionale dell&#039;associazione ContiamoCi\" \/>\n<meta property=\"og:description\" content=\"&#039;La scuola \u00e8 Pinocchio&#039; \u00e8 il titolo dell&#039;intervento della Dott.ssa Sonia Diociaiuti. Al primo congresso nazionale dell&#039;associazione Contiamoci, che ha\" \/>\n<meta property=\"og:url\" content=\"https:\/\/www.pressenza.com\/it\/2022\/05\/la-scuola-dovrebbe-essere-come-pinocchio-intervento-sulleducazione-al-primo-congresso-nazionale-dellassociazione-contiamoci\/\" \/>\n<meta property=\"og:site_name\" content=\"Pressenza\" \/>\n<meta property=\"article:publisher\" content=\"https:\/\/www.facebook.com\/PressenzaItalia\" \/>\n<meta property=\"article:published_time\" content=\"2022-05-14T18:01:42+00:00\" \/>\n<meta property=\"article:modified_time\" content=\"2022-05-14T18:05:24+00:00\" \/>\n<meta property=\"og:image\" content=\"https:\/\/www.pressenza.com\/wp-content\/uploads\/2021\/10\/IMG_6457-720x480_SCUOLA_rid.jpg\" \/>\n\t<meta property=\"og:image:width\" content=\"578\" \/>\n\t<meta property=\"og:image:height\" content=\"545\" \/>\n\t<meta property=\"og:image:type\" content=\"image\/jpeg\" \/>\n<meta name=\"author\" content=\"Silvia Nocera\" \/>\n<meta name=\"twitter:card\" content=\"summary_large_image\" \/>\n<meta name=\"twitter:creator\" content=\"@PressenzaIPA\" \/>\n<meta name=\"twitter:site\" content=\"@PressenzaIPA\" \/>\n<meta name=\"twitter:label1\" content=\"Scritto da\" \/>\n\t<meta name=\"twitter:data1\" content=\"Silvia Nocera\" \/>\n\t<meta name=\"twitter:label2\" content=\"Tempo di lettura stimato\" \/>\n\t<meta name=\"twitter:data2\" content=\"2 minuti\" \/>\n<script type=\"application\/ld+json\" class=\"yoast-schema-graph\">{\"@context\":\"https:\/\/schema.org\",\"@graph\":[{\"@type\":\"Article\",\"@id\":\"https:\/\/www.pressenza.com\/it\/2022\/05\/la-scuola-dovrebbe-essere-come-pinocchio-intervento-sulleducazione-al-primo-congresso-nazionale-dellassociazione-contiamoci\/#article\",\"isPartOf\":{\"@id\":\"https:\/\/www.pressenza.com\/it\/2022\/05\/la-scuola-dovrebbe-essere-come-pinocchio-intervento-sulleducazione-al-primo-congresso-nazionale-dellassociazione-contiamoci\/\"},\"author\":{\"name\":\"Silvia Nocera\",\"@id\":\"https:\/\/www.pressenza.com\/it\/#\/schema\/person\/a49f2c2a2c16e6fcc17c681539aaa1c6\"},\"headline\":\"&#8220;La scuola dovrebbe essere come Pinocchio&#8221;. Intervento sull&#8217;educazione al Primo Congresso Nazionale dell&#8217;associazione ContiamoCi\",\"datePublished\":\"2022-05-14T18:01:42+00:00\",\"dateModified\":\"2022-05-14T18:05:24+00:00\",\"mainEntityOfPage\":{\"@id\":\"https:\/\/www.pressenza.com\/it\/2022\/05\/la-scuola-dovrebbe-essere-come-pinocchio-intervento-sulleducazione-al-primo-congresso-nazionale-dellassociazione-contiamoci\/\"},\"wordCount\":333,\"publisher\":{\"@id\":\"https:\/\/www.pressenza.com\/it\/#organization\"},\"image\":{\"@id\":\"https:\/\/www.pressenza.com\/it\/2022\/05\/la-scuola-dovrebbe-essere-come-pinocchio-intervento-sulleducazione-al-primo-congresso-nazionale-dellassociazione-contiamoci\/#primaryimage\"},\"thumbnailUrl\":\"https:\/\/www.pressenza.com\/wp-content\/uploads\/2021\/10\/IMG_6457-720x480_SCUOLA_rid.jpg\",\"keywords\":[\"educazione\",\"pedagogia\",\"scuola\"],\"articleSection\":[\"contenuti originali\",\"Cultura e Media\",\"Educazione\",\"Europa\",\"Giovani\",\"non categorizzato\",\"Video\"],\"inLanguage\":\"it-IT\"},{\"@type\":\"WebPage\",\"@id\":\"https:\/\/www.pressenza.com\/it\/2022\/05\/la-scuola-dovrebbe-essere-come-pinocchio-intervento-sulleducazione-al-primo-congresso-nazionale-dellassociazione-contiamoci\/\",\"url\":\"https:\/\/www.pressenza.com\/it\/2022\/05\/la-scuola-dovrebbe-essere-come-pinocchio-intervento-sulleducazione-al-primo-congresso-nazionale-dellassociazione-contiamoci\/\",\"name\":\"\\\"La scuola dovrebbe essere come Pinocchio\\\". Intervento sull'educazione al Primo Congresso Nazionale dell'associazione ContiamoCi\",\"isPartOf\":{\"@id\":\"https:\/\/www.pressenza.com\/it\/#website\"},\"primaryImageOfPage\":{\"@id\":\"https:\/\/www.pressenza.com\/it\/2022\/05\/la-scuola-dovrebbe-essere-come-pinocchio-intervento-sulleducazione-al-primo-congresso-nazionale-dellassociazione-contiamoci\/#primaryimage\"},\"image\":{\"@id\":\"https:\/\/www.pressenza.com\/it\/2022\/05\/la-scuola-dovrebbe-essere-come-pinocchio-intervento-sulleducazione-al-primo-congresso-nazionale-dellassociazione-contiamoci\/#primaryimage\"},\"thumbnailUrl\":\"https:\/\/www.pressenza.com\/wp-content\/uploads\/2021\/10\/IMG_6457-720x480_SCUOLA_rid.jpg\",\"datePublished\":\"2022-05-14T18:01:42+00:00\",\"dateModified\":\"2022-05-14T18:05:24+00:00\",\"description\":\"'La scuola \u00e8 Pinocchio' \u00e8 il titolo dell'intervento della Dott.ssa Sonia Diociaiuti. Al primo congresso nazionale dell'associazione Contiamoci, che ha\",\"breadcrumb\":{\"@id\":\"https:\/\/www.pressenza.com\/it\/2022\/05\/la-scuola-dovrebbe-essere-come-pinocchio-intervento-sulleducazione-al-primo-congresso-nazionale-dellassociazione-contiamoci\/#breadcrumb\"},\"inLanguage\":\"it-IT\",\"potentialAction\":[{\"@type\":\"ReadAction\",\"target\":[\"https:\/\/www.pressenza.com\/it\/2022\/05\/la-scuola-dovrebbe-essere-come-pinocchio-intervento-sulleducazione-al-primo-congresso-nazionale-dellassociazione-contiamoci\/\"]}]},{\"@type\":\"ImageObject\",\"inLanguage\":\"it-IT\",\"@id\":\"https:\/\/www.pressenza.com\/it\/2022\/05\/la-scuola-dovrebbe-essere-come-pinocchio-intervento-sulleducazione-al-primo-congresso-nazionale-dellassociazione-contiamoci\/#primaryimage\",\"url\":\"https:\/\/www.pressenza.com\/wp-content\/uploads\/2021\/10\/IMG_6457-720x480_SCUOLA_rid.jpg\",\"contentUrl\":\"https:\/\/www.pressenza.com\/wp-content\/uploads\/2021\/10\/IMG_6457-720x480_SCUOLA_rid.jpg\",\"width\":578,\"height\":545},{\"@type\":\"BreadcrumbList\",\"@id\":\"https:\/\/www.pressenza.com\/it\/2022\/05\/la-scuola-dovrebbe-essere-come-pinocchio-intervento-sulleducazione-al-primo-congresso-nazionale-dellassociazione-contiamoci\/#breadcrumb\",\"itemListElement\":[{\"@type\":\"ListItem\",\"position\":1,\"name\":\"Accueil\",\"item\":\"https:\/\/www.pressenza.com\/it\/\"},{\"@type\":\"ListItem\",\"position\":2,\"name\":\"&#8220;La scuola dovrebbe essere come Pinocchio&#8221;. Intervento sull&#8217;educazione al Primo Congresso Nazionale dell&#8217;associazione ContiamoCi\"}]},{\"@type\":\"WebSite\",\"@id\":\"https:\/\/www.pressenza.com\/it\/#website\",\"url\":\"https:\/\/www.pressenza.com\/it\/\",\"name\":\"Pressenza\",\"description\":\"Agenzia di Stampa Internazionale\",\"publisher\":{\"@id\":\"https:\/\/www.pressenza.com\/it\/#organization\"},\"potentialAction\":[{\"@type\":\"SearchAction\",\"target\":{\"@type\":\"EntryPoint\",\"urlTemplate\":\"https:\/\/www.pressenza.com\/it\/?s={search_term_string}\"},\"query-input\":{\"@type\":\"PropertyValueSpecification\",\"valueRequired\":true,\"valueName\":\"search_term_string\"}}],\"inLanguage\":\"it-IT\"},{\"@type\":\"Organization\",\"@id\":\"https:\/\/www.pressenza.com\/it\/#organization\",\"name\":\"Pressenza\",\"url\":\"https:\/\/www.pressenza.com\/it\/\",\"logo\":{\"@type\":\"ImageObject\",\"inLanguage\":\"it-IT\",\"@id\":\"https:\/\/www.pressenza.com\/it\/#\/schema\/logo\/image\/\",\"url\":\"https:\/\/www.pressenza.com\/wp-content\/uploads\/2022\/10\/pressenza_logo_200x200.jpg\",\"contentUrl\":\"https:\/\/www.pressenza.com\/wp-content\/uploads\/2022\/10\/pressenza_logo_200x200.jpg\",\"width\":200,\"height\":200,\"caption\":\"Pressenza\"},\"image\":{\"@id\":\"https:\/\/www.pressenza.com\/it\/#\/schema\/logo\/image\/\"},\"sameAs\":[\"https:\/\/www.facebook.com\/PressenzaItalia\",\"https:\/\/x.com\/PressenzaIPA\"]},{\"@type\":\"Person\",\"@id\":\"https:\/\/www.pressenza.com\/it\/#\/schema\/person\/a49f2c2a2c16e6fcc17c681539aaa1c6\",\"name\":\"Silvia Nocera\",\"description\":\"Classe 1968. Scrittrice e traduttrice free lance. Da sempre impegnata nel superamento della sofferenza personale e sociale. Responsabile dello sviluppo italiano dell'associazione Centro delle Culture fino al 2007, dal 2009 Messaggera di Silo. silvianocera.net\",\"sameAs\":[\"https:\/\/silvianocera.net\"],\"url\":\"https:\/\/www.pressenza.com\/it\/author\/silvia-nocera\/\"}]}<\/script>\n<!-- \/ Yoast SEO plugin. -->","yoast_head_json":{"title":"\"La scuola dovrebbe essere come Pinocchio\". Intervento sull'educazione al Primo Congresso Nazionale dell'associazione ContiamoCi","description":"'La scuola \u00e8 Pinocchio' \u00e8 il titolo dell'intervento della Dott.ssa Sonia Diociaiuti. Al primo congresso nazionale dell'associazione Contiamoci, che ha","robots":{"index":"index","follow":"follow","max-snippet":"max-snippet:-1","max-image-preview":"max-image-preview:large","max-video-preview":"max-video-preview:-1"},"canonical":"https:\/\/www.pressenza.com\/it\/2022\/05\/la-scuola-dovrebbe-essere-come-pinocchio-intervento-sulleducazione-al-primo-congresso-nazionale-dellassociazione-contiamoci\/","og_locale":"it_IT","og_type":"article","og_title":"\"La scuola dovrebbe essere come Pinocchio\". Intervento sull'educazione al Primo Congresso Nazionale dell'associazione ContiamoCi","og_description":"'La scuola \u00e8 Pinocchio' \u00e8 il titolo dell'intervento della Dott.ssa Sonia Diociaiuti. Al primo congresso nazionale dell'associazione Contiamoci, che ha","og_url":"https:\/\/www.pressenza.com\/it\/2022\/05\/la-scuola-dovrebbe-essere-come-pinocchio-intervento-sulleducazione-al-primo-congresso-nazionale-dellassociazione-contiamoci\/","og_site_name":"Pressenza","article_publisher":"https:\/\/www.facebook.com\/PressenzaItalia","article_published_time":"2022-05-14T18:01:42+00:00","article_modified_time":"2022-05-14T18:05:24+00:00","og_image":[{"width":578,"height":545,"url":"https:\/\/www.pressenza.com\/wp-content\/uploads\/2021\/10\/IMG_6457-720x480_SCUOLA_rid.jpg","type":"image\/jpeg"}],"author":"Silvia Nocera","twitter_card":"summary_large_image","twitter_creator":"@PressenzaIPA","twitter_site":"@PressenzaIPA","twitter_misc":{"Scritto da":"Silvia Nocera","Tempo di lettura stimato":"2 minuti"},"schema":{"@context":"https:\/\/schema.org","@graph":[{"@type":"Article","@id":"https:\/\/www.pressenza.com\/it\/2022\/05\/la-scuola-dovrebbe-essere-come-pinocchio-intervento-sulleducazione-al-primo-congresso-nazionale-dellassociazione-contiamoci\/#article","isPartOf":{"@id":"https:\/\/www.pressenza.com\/it\/2022\/05\/la-scuola-dovrebbe-essere-come-pinocchio-intervento-sulleducazione-al-primo-congresso-nazionale-dellassociazione-contiamoci\/"},"author":{"name":"Silvia Nocera","@id":"https:\/\/www.pressenza.com\/it\/#\/schema\/person\/a49f2c2a2c16e6fcc17c681539aaa1c6"},"headline":"&#8220;La scuola dovrebbe essere come Pinocchio&#8221;. Intervento sull&#8217;educazione al Primo Congresso Nazionale dell&#8217;associazione ContiamoCi","datePublished":"2022-05-14T18:01:42+00:00","dateModified":"2022-05-14T18:05:24+00:00","mainEntityOfPage":{"@id":"https:\/\/www.pressenza.com\/it\/2022\/05\/la-scuola-dovrebbe-essere-come-pinocchio-intervento-sulleducazione-al-primo-congresso-nazionale-dellassociazione-contiamoci\/"},"wordCount":333,"publisher":{"@id":"https:\/\/www.pressenza.com\/it\/#organization"},"image":{"@id":"https:\/\/www.pressenza.com\/it\/2022\/05\/la-scuola-dovrebbe-essere-come-pinocchio-intervento-sulleducazione-al-primo-congresso-nazionale-dellassociazione-contiamoci\/#primaryimage"},"thumbnailUrl":"https:\/\/www.pressenza.com\/wp-content\/uploads\/2021\/10\/IMG_6457-720x480_SCUOLA_rid.jpg","keywords":["educazione","pedagogia","scuola"],"articleSection":["contenuti originali","Cultura e Media","Educazione","Europa","Giovani","non categorizzato","Video"],"inLanguage":"it-IT"},{"@type":"WebPage","@id":"https:\/\/www.pressenza.com\/it\/2022\/05\/la-scuola-dovrebbe-essere-come-pinocchio-intervento-sulleducazione-al-primo-congresso-nazionale-dellassociazione-contiamoci\/","url":"https:\/\/www.pressenza.com\/it\/2022\/05\/la-scuola-dovrebbe-essere-come-pinocchio-intervento-sulleducazione-al-primo-congresso-nazionale-dellassociazione-contiamoci\/","name":"\"La scuola dovrebbe essere come Pinocchio\". Intervento sull'educazione al Primo Congresso Nazionale dell'associazione ContiamoCi","isPartOf":{"@id":"https:\/\/www.pressenza.com\/it\/#website"},"primaryImageOfPage":{"@id":"https:\/\/www.pressenza.com\/it\/2022\/05\/la-scuola-dovrebbe-essere-come-pinocchio-intervento-sulleducazione-al-primo-congresso-nazionale-dellassociazione-contiamoci\/#primaryimage"},"image":{"@id":"https:\/\/www.pressenza.com\/it\/2022\/05\/la-scuola-dovrebbe-essere-come-pinocchio-intervento-sulleducazione-al-primo-congresso-nazionale-dellassociazione-contiamoci\/#primaryimage"},"thumbnailUrl":"https:\/\/www.pressenza.com\/wp-content\/uploads\/2021\/10\/IMG_6457-720x480_SCUOLA_rid.jpg","datePublished":"2022-05-14T18:01:42+00:00","dateModified":"2022-05-14T18:05:24+00:00","description":"'La scuola \u00e8 Pinocchio' \u00e8 il titolo dell'intervento della Dott.ssa Sonia Diociaiuti. Al primo congresso nazionale dell'associazione Contiamoci, che ha","breadcrumb":{"@id":"https:\/\/www.pressenza.com\/it\/2022\/05\/la-scuola-dovrebbe-essere-come-pinocchio-intervento-sulleducazione-al-primo-congresso-nazionale-dellassociazione-contiamoci\/#breadcrumb"},"inLanguage":"it-IT","potentialAction":[{"@type":"ReadAction","target":["https:\/\/www.pressenza.com\/it\/2022\/05\/la-scuola-dovrebbe-essere-come-pinocchio-intervento-sulleducazione-al-primo-congresso-nazionale-dellassociazione-contiamoci\/"]}]},{"@type":"ImageObject","inLanguage":"it-IT","@id":"https:\/\/www.pressenza.com\/it\/2022\/05\/la-scuola-dovrebbe-essere-come-pinocchio-intervento-sulleducazione-al-primo-congresso-nazionale-dellassociazione-contiamoci\/#primaryimage","url":"https:\/\/www.pressenza.com\/wp-content\/uploads\/2021\/10\/IMG_6457-720x480_SCUOLA_rid.jpg","contentUrl":"https:\/\/www.pressenza.com\/wp-content\/uploads\/2021\/10\/IMG_6457-720x480_SCUOLA_rid.jpg","width":578,"height":545},{"@type":"BreadcrumbList","@id":"https:\/\/www.pressenza.com\/it\/2022\/05\/la-scuola-dovrebbe-essere-come-pinocchio-intervento-sulleducazione-al-primo-congresso-nazionale-dellassociazione-contiamoci\/#breadcrumb","itemListElement":[{"@type":"ListItem","position":1,"name":"Accueil","item":"https:\/\/www.pressenza.com\/it\/"},{"@type":"ListItem","position":2,"name":"&#8220;La scuola dovrebbe essere come Pinocchio&#8221;. Intervento sull&#8217;educazione al Primo Congresso Nazionale dell&#8217;associazione ContiamoCi"}]},{"@type":"WebSite","@id":"https:\/\/www.pressenza.com\/it\/#website","url":"https:\/\/www.pressenza.com\/it\/","name":"Pressenza","description":"Agenzia di Stampa Internazionale","publisher":{"@id":"https:\/\/www.pressenza.com\/it\/#organization"},"potentialAction":[{"@type":"SearchAction","target":{"@type":"EntryPoint","urlTemplate":"https:\/\/www.pressenza.com\/it\/?s={search_term_string}"},"query-input":{"@type":"PropertyValueSpecification","valueRequired":true,"valueName":"search_term_string"}}],"inLanguage":"it-IT"},{"@type":"Organization","@id":"https:\/\/www.pressenza.com\/it\/#organization","name":"Pressenza","url":"https:\/\/www.pressenza.com\/it\/","logo":{"@type":"ImageObject","inLanguage":"it-IT","@id":"https:\/\/www.pressenza.com\/it\/#\/schema\/logo\/image\/","url":"https:\/\/www.pressenza.com\/wp-content\/uploads\/2022\/10\/pressenza_logo_200x200.jpg","contentUrl":"https:\/\/www.pressenza.com\/wp-content\/uploads\/2022\/10\/pressenza_logo_200x200.jpg","width":200,"height":200,"caption":"Pressenza"},"image":{"@id":"https:\/\/www.pressenza.com\/it\/#\/schema\/logo\/image\/"},"sameAs":["https:\/\/www.facebook.com\/PressenzaItalia","https:\/\/x.com\/PressenzaIPA"]},{"@type":"Person","@id":"https:\/\/www.pressenza.com\/it\/#\/schema\/person\/a49f2c2a2c16e6fcc17c681539aaa1c6","name":"Silvia Nocera","description":"Classe 1968. Scrittrice e traduttrice free lance. Da sempre impegnata nel superamento della sofferenza personale e sociale. Responsabile dello sviluppo italiano dell'associazione Centro delle Culture fino al 2007, dal 2009 Messaggera di Silo. silvianocera.net","sameAs":["https:\/\/silvianocera.net"],"url":"https:\/\/www.pressenza.com\/it\/author\/silvia-nocera\/"}]}},"place":"","original_article_url":"","_links":{"self":[{"href":"https:\/\/www.pressenza.com\/it\/wp-json\/wp\/v2\/posts\/1584066","targetHints":{"allow":["GET"]}}],"collection":[{"href":"https:\/\/www.pressenza.com\/it\/wp-json\/wp\/v2\/posts"}],"about":[{"href":"https:\/\/www.pressenza.com\/it\/wp-json\/wp\/v2\/types\/post"}],"author":[{"embeddable":true,"href":"https:\/\/www.pressenza.com\/it\/wp-json\/wp\/v2\/users\/1532"}],"replies":[{"embeddable":true,"href":"https:\/\/www.pressenza.com\/it\/wp-json\/wp\/v2\/comments?post=1584066"}],"version-history":[{"count":0,"href":"https:\/\/www.pressenza.com\/it\/wp-json\/wp\/v2\/posts\/1584066\/revisions"}],"wp:featuredmedia":[{"embeddable":true,"href":"https:\/\/www.pressenza.com\/it\/wp-json\/wp\/v2\/media\/1459479"}],"wp:attachment":[{"href":"https:\/\/www.pressenza.com\/it\/wp-json\/wp\/v2\/media?parent=1584066"}],"wp:term":[{"taxonomy":"category","embeddable":true,"href":"https:\/\/www.pressenza.com\/it\/wp-json\/wp\/v2\/categories?post=1584066"},{"taxonomy":"post_tag","embeddable":true,"href":"https:\/\/www.pressenza.com\/it\/wp-json\/wp\/v2\/tags?post=1584066"}],"curies":[{"name":"wp","href":"https:\/\/api.w.org\/{rel}","templated":true}]}}