{"id":1583511,"date":"2022-05-13T17:43:10","date_gmt":"2022-05-13T16:43:10","guid":{"rendered":"https:\/\/www.pressenza.com\/?p=1583511"},"modified":"2022-05-13T17:43:10","modified_gmt":"2022-05-13T16:43:10","slug":"a-gerusalemme-scontri-prima-del-funerale-della-giornalista-di-al-jazeera","status":"publish","type":"post","link":"https:\/\/www.pressenza.com\/it\/2022\/05\/a-gerusalemme-scontri-prima-del-funerale-della-giornalista-di-al-jazeera\/","title":{"rendered":"A Gerusalemme scontri prima del funerale della giornalista di Al Jazeera"},"content":{"rendered":"<p>Intervento della polizia d&#8217;Israele durante il trasporto del feretro di Abu Akleh.<\/p>\n<p>Scontri con la polizia israeliana si sono verificati a Gerusalemme ancor prima dell\u2019inizio del funerale della\u00a0<strong><a href=\"https:\/\/www.dire.it\/11-05-2022\/733157-giornalista-palestinese-uccisa-in-cisgiordania-lambasciatrice-e-stato-israele-litalia-agisca\/\"><em>giornalista palestinese-americana Shireen Abu Akleh<\/em><\/a>,<\/strong>\u00a0volto storico dell\u2019emittente panaraba\u00a0<strong>Al Jazeera<\/strong>\u00a0uccisa in settimana mentre seguiva un\u2019irruzione delle forze armate israeliane in un campo profughi a Jenin, in Palestina. Lo riferisce lo stesso canale per cui lavorava la cronista.<\/p>\n<p>Stando a quanto riporta Al Jazeera, che sta fornendo una diretta della giornata sul suo sito,\u00a0<strong>la polizia israeliana \u00e8 intervenuta mentre il corteo funebre stava trasportando il feretro della reporter verso la Chiesa dell\u2019Annunciazione della Vergine nella citt\u00e0 vecchia<\/strong>, dove si svolgeranno le esequie, attraverso il quartiere di Sheik Jarrah. La zona, situata a Gerusalemme est, \u00e8 teatro da oltre un anno di tensioni a causa dello sfratto imposto ad alcune famiglie palestinesi. Nelle immagini mostrate dall\u2019emittente si vedono i\u00a0<strong>poliziotti israeliani colpire anche le persone che portano il feretro della cronista.<\/strong><\/p>\n<p>Secondo quanto riportato dalla corrispondente di Al Jazeera sul posto la polizia israeliana non sarebbe intenzionata a permettere alle persone accorse per i funerali di camminare insieme al feretro, come \u00e8 tradizione in Palestina.<\/p>\n<p>Sempre oggi\u00a0<strong>scontri a fuoco sono avvenuti a Jenin\u00a0<\/strong>durante un raid dell\u2019esercito israeliano nella case di alcune persone sospettate di essere \u201cterroristi\u201d. Al Jazeera, cos\u00ec come l\u2019Autorit\u00e0 palestinese che governa i territori della Palestina, hanno accusato le forze di sicurezza israeliane di aver deliberatamente ucciso Abu Akleh. Le prime conclusioni di indagini israeliani, la cui legittimit\u00e0 non \u00e8 riconosciuta da Ramallah, hanno affermato che non \u00e8 ancora possibile stabilire se l\u2019omicidio \u00e8 stato commesso da soldati israeliani o da \u201cuomini armati palestinesi\u201d.<\/p>\n<p>&nbsp;<\/p>\n","protected":false},"excerpt":{"rendered":"<p>Intervento della polizia d&#8217;Israele durante il trasporto del feretro di Abu Akleh. Scontri con la polizia israeliana si sono verificati a Gerusalemme ancor prima dell\u2019inizio del funerale della\u00a0giornalista palestinese-americana Shireen Abu Akleh,\u00a0volto storico dell\u2019emittente panaraba\u00a0Al Jazeera\u00a0uccisa in settimana mentre seguiva&hellip;<\/p>\n","protected":false},"author":1478,"featured_media":1583512,"comment_status":"closed","ping_status":"closed","sticky":false,"template":"","format":"standard","meta":{"footnotes":""},"categories":[56,52],"tags":[101975,101974,4518,778,29515,1227,1470,101973],"class_list":["post-1583511","post","type-post","status-publish","format-standard","has-post-thumbnail","hentry","category-cultura","category-medio-oriente","tag-al-jazeera-it","tag-funerali","tag-gerusalemme","tag-israele","tag-jenin","tag-palestina-it","tag-polizia","tag-shireen-abu-akleh"],"yoast_head":"<!-- This site is optimized with the Yoast SEO plugin v27.1.1 - https:\/\/yoast.com\/product\/yoast-seo-wordpress\/ -->\n<title>A Gerusalemme scontri prima del funerale della giornalista di Al Jazeera<\/title>\n<meta name=\"description\" content=\"Intervento della polizia d&#039;Israele durante il trasporto del feretro di Abu Akleh. Scontri con la polizia israeliana si sono verificati a Gerusalemme ancor\" \/>\n<meta name=\"robots\" content=\"index, follow, max-snippet:-1, max-image-preview:large, max-video-preview:-1\" \/>\n<link rel=\"canonical\" href=\"https:\/\/www.pressenza.com\/it\/2022\/05\/a-gerusalemme-scontri-prima-del-funerale-della-giornalista-di-al-jazeera\/\" \/>\n<meta property=\"og:locale\" content=\"it_IT\" \/>\n<meta property=\"og:type\" content=\"article\" \/>\n<meta property=\"og:title\" content=\"A Gerusalemme scontri prima del funerale della giornalista di Al Jazeera\" \/>\n<meta property=\"og:description\" content=\"Intervento della polizia d&#039;Israele durante il trasporto del feretro di Abu Akleh. Scontri con la polizia israeliana si sono verificati a Gerusalemme ancor\" \/>\n<meta property=\"og:url\" content=\"https:\/\/www.pressenza.com\/it\/2022\/05\/a-gerusalemme-scontri-prima-del-funerale-della-giornalista-di-al-jazeera\/\" \/>\n<meta property=\"og:site_name\" content=\"Pressenza\" \/>\n<meta property=\"article:publisher\" content=\"https:\/\/www.facebook.com\/PressenzaItalia\" \/>\n<meta property=\"article:published_time\" content=\"2022-05-13T16:43:10+00:00\" \/>\n<meta property=\"og:image\" content=\"https:\/\/www.pressenza.com\/wp-content\/uploads\/2022\/05\/Shireen-Abu-Akleh.jpg\" \/>\n\t<meta property=\"og:image:width\" content=\"1200\" \/>\n\t<meta property=\"og:image:height\" content=\"675\" \/>\n\t<meta property=\"og:image:type\" content=\"image\/jpeg\" \/>\n<meta name=\"author\" content=\"Agenzia DIRE\" \/>\n<meta name=\"twitter:card\" content=\"summary_large_image\" \/>\n<meta name=\"twitter:creator\" content=\"@PressenzaIPA\" \/>\n<meta name=\"twitter:site\" content=\"@PressenzaIPA\" \/>\n<meta name=\"twitter:label1\" content=\"Scritto da\" \/>\n\t<meta name=\"twitter:data1\" content=\"Agenzia DIRE\" \/>\n\t<meta name=\"twitter:label2\" content=\"Tempo di lettura stimato\" \/>\n\t<meta name=\"twitter:data2\" content=\"2 minuti\" \/>\n<script type=\"application\/ld+json\" class=\"yoast-schema-graph\">{\"@context\":\"https:\/\/schema.org\",\"@graph\":[{\"@type\":\"Article\",\"@id\":\"https:\/\/www.pressenza.com\/it\/2022\/05\/a-gerusalemme-scontri-prima-del-funerale-della-giornalista-di-al-jazeera\/#article\",\"isPartOf\":{\"@id\":\"https:\/\/www.pressenza.com\/it\/2022\/05\/a-gerusalemme-scontri-prima-del-funerale-della-giornalista-di-al-jazeera\/\"},\"author\":{\"name\":\"Agenzia DIRE\",\"@id\":\"https:\/\/www.pressenza.com\/it\/#\/schema\/person\/bb13dad7d75de3f57ef0c4246101316b\"},\"headline\":\"A Gerusalemme scontri prima del funerale della giornalista di Al Jazeera\",\"datePublished\":\"2022-05-13T16:43:10+00:00\",\"mainEntityOfPage\":{\"@id\":\"https:\/\/www.pressenza.com\/it\/2022\/05\/a-gerusalemme-scontri-prima-del-funerale-della-giornalista-di-al-jazeera\/\"},\"wordCount\":292,\"publisher\":{\"@id\":\"https:\/\/www.pressenza.com\/it\/#organization\"},\"image\":{\"@id\":\"https:\/\/www.pressenza.com\/it\/2022\/05\/a-gerusalemme-scontri-prima-del-funerale-della-giornalista-di-al-jazeera\/#primaryimage\"},\"thumbnailUrl\":\"https:\/\/www.pressenza.com\/wp-content\/uploads\/2022\/05\/Shireen-Abu-Akleh.jpg\",\"keywords\":[\"Al-Jazeera\",\"funerali\",\"Gerusalemme\",\"Israele\",\"Jenin\",\"Palestina\",\"polizia\",\"Shireen Abu Akleh\"],\"articleSection\":[\"Cultura e Media\",\"Medio Oriente\"],\"inLanguage\":\"it-IT\"},{\"@type\":\"WebPage\",\"@id\":\"https:\/\/www.pressenza.com\/it\/2022\/05\/a-gerusalemme-scontri-prima-del-funerale-della-giornalista-di-al-jazeera\/\",\"url\":\"https:\/\/www.pressenza.com\/it\/2022\/05\/a-gerusalemme-scontri-prima-del-funerale-della-giornalista-di-al-jazeera\/\",\"name\":\"A Gerusalemme scontri prima del funerale della giornalista di Al Jazeera\",\"isPartOf\":{\"@id\":\"https:\/\/www.pressenza.com\/it\/#website\"},\"primaryImageOfPage\":{\"@id\":\"https:\/\/www.pressenza.com\/it\/2022\/05\/a-gerusalemme-scontri-prima-del-funerale-della-giornalista-di-al-jazeera\/#primaryimage\"},\"image\":{\"@id\":\"https:\/\/www.pressenza.com\/it\/2022\/05\/a-gerusalemme-scontri-prima-del-funerale-della-giornalista-di-al-jazeera\/#primaryimage\"},\"thumbnailUrl\":\"https:\/\/www.pressenza.com\/wp-content\/uploads\/2022\/05\/Shireen-Abu-Akleh.jpg\",\"datePublished\":\"2022-05-13T16:43:10+00:00\",\"description\":\"Intervento della polizia d'Israele durante il trasporto del feretro di Abu Akleh. Scontri con la polizia israeliana si sono verificati a Gerusalemme ancor\",\"breadcrumb\":{\"@id\":\"https:\/\/www.pressenza.com\/it\/2022\/05\/a-gerusalemme-scontri-prima-del-funerale-della-giornalista-di-al-jazeera\/#breadcrumb\"},\"inLanguage\":\"it-IT\",\"potentialAction\":[{\"@type\":\"ReadAction\",\"target\":[\"https:\/\/www.pressenza.com\/it\/2022\/05\/a-gerusalemme-scontri-prima-del-funerale-della-giornalista-di-al-jazeera\/\"]}]},{\"@type\":\"ImageObject\",\"inLanguage\":\"it-IT\",\"@id\":\"https:\/\/www.pressenza.com\/it\/2022\/05\/a-gerusalemme-scontri-prima-del-funerale-della-giornalista-di-al-jazeera\/#primaryimage\",\"url\":\"https:\/\/www.pressenza.com\/wp-content\/uploads\/2022\/05\/Shireen-Abu-Akleh.jpg\",\"contentUrl\":\"https:\/\/www.pressenza.com\/wp-content\/uploads\/2022\/05\/Shireen-Abu-Akleh.jpg\",\"width\":1200,\"height\":675},{\"@type\":\"BreadcrumbList\",\"@id\":\"https:\/\/www.pressenza.com\/it\/2022\/05\/a-gerusalemme-scontri-prima-del-funerale-della-giornalista-di-al-jazeera\/#breadcrumb\",\"itemListElement\":[{\"@type\":\"ListItem\",\"position\":1,\"name\":\"Accueil\",\"item\":\"https:\/\/www.pressenza.com\/it\/\"},{\"@type\":\"ListItem\",\"position\":2,\"name\":\"A Gerusalemme scontri prima del funerale della giornalista di Al Jazeera\"}]},{\"@type\":\"WebSite\",\"@id\":\"https:\/\/www.pressenza.com\/it\/#website\",\"url\":\"https:\/\/www.pressenza.com\/it\/\",\"name\":\"Pressenza\",\"description\":\"Agenzia di Stampa Internazionale\",\"publisher\":{\"@id\":\"https:\/\/www.pressenza.com\/it\/#organization\"},\"potentialAction\":[{\"@type\":\"SearchAction\",\"target\":{\"@type\":\"EntryPoint\",\"urlTemplate\":\"https:\/\/www.pressenza.com\/it\/?s={search_term_string}\"},\"query-input\":{\"@type\":\"PropertyValueSpecification\",\"valueRequired\":true,\"valueName\":\"search_term_string\"}}],\"inLanguage\":\"it-IT\"},{\"@type\":\"Organization\",\"@id\":\"https:\/\/www.pressenza.com\/it\/#organization\",\"name\":\"Pressenza\",\"url\":\"https:\/\/www.pressenza.com\/it\/\",\"logo\":{\"@type\":\"ImageObject\",\"inLanguage\":\"it-IT\",\"@id\":\"https:\/\/www.pressenza.com\/it\/#\/schema\/logo\/image\/\",\"url\":\"https:\/\/www.pressenza.com\/wp-content\/uploads\/2022\/10\/pressenza_logo_200x200.jpg\",\"contentUrl\":\"https:\/\/www.pressenza.com\/wp-content\/uploads\/2022\/10\/pressenza_logo_200x200.jpg\",\"width\":200,\"height\":200,\"caption\":\"Pressenza\"},\"image\":{\"@id\":\"https:\/\/www.pressenza.com\/it\/#\/schema\/logo\/image\/\"},\"sameAs\":[\"https:\/\/www.facebook.com\/PressenzaItalia\",\"https:\/\/x.com\/PressenzaIPA\"]},{\"@type\":\"Person\",\"@id\":\"https:\/\/www.pressenza.com\/it\/#\/schema\/person\/bb13dad7d75de3f57ef0c4246101316b\",\"name\":\"Agenzia DIRE\",\"description\":\"La DIRE \u00e8 una delle principali agenzie di stampa nazionali, trasmette sui propri notiziari multimediali tutte le notizie dell'ultimo minuto, approfondimenti, interviste, newsletter tematiche. Specializzata in politiche parlamentari e di governo, oltre che esteri, sanit\u00e0, ambiente, welfare, politiche regionali e locali, giovani. Su Dire.it pubblica, ogni giorno, tutte le principali notizie. E' presente su tutto il territorio nazionale con sei sedi, cinquanta giornalisti e corrispondenti da tutte le regioni.\",\"sameAs\":[\"http:\/\/www.dire.it\/\"],\"url\":\"https:\/\/www.pressenza.com\/it\/author\/agenzia-dire\/\"}]}<\/script>\n<!-- \/ Yoast SEO plugin. -->","yoast_head_json":{"title":"A Gerusalemme scontri prima del funerale della giornalista di Al Jazeera","description":"Intervento della polizia d'Israele durante il trasporto del feretro di Abu Akleh. Scontri con la polizia israeliana si sono verificati a Gerusalemme ancor","robots":{"index":"index","follow":"follow","max-snippet":"max-snippet:-1","max-image-preview":"max-image-preview:large","max-video-preview":"max-video-preview:-1"},"canonical":"https:\/\/www.pressenza.com\/it\/2022\/05\/a-gerusalemme-scontri-prima-del-funerale-della-giornalista-di-al-jazeera\/","og_locale":"it_IT","og_type":"article","og_title":"A Gerusalemme scontri prima del funerale della giornalista di Al Jazeera","og_description":"Intervento della polizia d'Israele durante il trasporto del feretro di Abu Akleh. Scontri con la polizia israeliana si sono verificati a Gerusalemme ancor","og_url":"https:\/\/www.pressenza.com\/it\/2022\/05\/a-gerusalemme-scontri-prima-del-funerale-della-giornalista-di-al-jazeera\/","og_site_name":"Pressenza","article_publisher":"https:\/\/www.facebook.com\/PressenzaItalia","article_published_time":"2022-05-13T16:43:10+00:00","og_image":[{"width":1200,"height":675,"url":"https:\/\/www.pressenza.com\/wp-content\/uploads\/2022\/05\/Shireen-Abu-Akleh.jpg","type":"image\/jpeg"}],"author":"Agenzia DIRE","twitter_card":"summary_large_image","twitter_creator":"@PressenzaIPA","twitter_site":"@PressenzaIPA","twitter_misc":{"Scritto da":"Agenzia DIRE","Tempo di lettura stimato":"2 minuti"},"schema":{"@context":"https:\/\/schema.org","@graph":[{"@type":"Article","@id":"https:\/\/www.pressenza.com\/it\/2022\/05\/a-gerusalemme-scontri-prima-del-funerale-della-giornalista-di-al-jazeera\/#article","isPartOf":{"@id":"https:\/\/www.pressenza.com\/it\/2022\/05\/a-gerusalemme-scontri-prima-del-funerale-della-giornalista-di-al-jazeera\/"},"author":{"name":"Agenzia DIRE","@id":"https:\/\/www.pressenza.com\/it\/#\/schema\/person\/bb13dad7d75de3f57ef0c4246101316b"},"headline":"A Gerusalemme scontri prima del funerale della giornalista di Al Jazeera","datePublished":"2022-05-13T16:43:10+00:00","mainEntityOfPage":{"@id":"https:\/\/www.pressenza.com\/it\/2022\/05\/a-gerusalemme-scontri-prima-del-funerale-della-giornalista-di-al-jazeera\/"},"wordCount":292,"publisher":{"@id":"https:\/\/www.pressenza.com\/it\/#organization"},"image":{"@id":"https:\/\/www.pressenza.com\/it\/2022\/05\/a-gerusalemme-scontri-prima-del-funerale-della-giornalista-di-al-jazeera\/#primaryimage"},"thumbnailUrl":"https:\/\/www.pressenza.com\/wp-content\/uploads\/2022\/05\/Shireen-Abu-Akleh.jpg","keywords":["Al-Jazeera","funerali","Gerusalemme","Israele","Jenin","Palestina","polizia","Shireen Abu Akleh"],"articleSection":["Cultura e Media","Medio Oriente"],"inLanguage":"it-IT"},{"@type":"WebPage","@id":"https:\/\/www.pressenza.com\/it\/2022\/05\/a-gerusalemme-scontri-prima-del-funerale-della-giornalista-di-al-jazeera\/","url":"https:\/\/www.pressenza.com\/it\/2022\/05\/a-gerusalemme-scontri-prima-del-funerale-della-giornalista-di-al-jazeera\/","name":"A Gerusalemme scontri prima del funerale della giornalista di Al Jazeera","isPartOf":{"@id":"https:\/\/www.pressenza.com\/it\/#website"},"primaryImageOfPage":{"@id":"https:\/\/www.pressenza.com\/it\/2022\/05\/a-gerusalemme-scontri-prima-del-funerale-della-giornalista-di-al-jazeera\/#primaryimage"},"image":{"@id":"https:\/\/www.pressenza.com\/it\/2022\/05\/a-gerusalemme-scontri-prima-del-funerale-della-giornalista-di-al-jazeera\/#primaryimage"},"thumbnailUrl":"https:\/\/www.pressenza.com\/wp-content\/uploads\/2022\/05\/Shireen-Abu-Akleh.jpg","datePublished":"2022-05-13T16:43:10+00:00","description":"Intervento della polizia d'Israele durante il trasporto del feretro di Abu Akleh. Scontri con la polizia israeliana si sono verificati a Gerusalemme ancor","breadcrumb":{"@id":"https:\/\/www.pressenza.com\/it\/2022\/05\/a-gerusalemme-scontri-prima-del-funerale-della-giornalista-di-al-jazeera\/#breadcrumb"},"inLanguage":"it-IT","potentialAction":[{"@type":"ReadAction","target":["https:\/\/www.pressenza.com\/it\/2022\/05\/a-gerusalemme-scontri-prima-del-funerale-della-giornalista-di-al-jazeera\/"]}]},{"@type":"ImageObject","inLanguage":"it-IT","@id":"https:\/\/www.pressenza.com\/it\/2022\/05\/a-gerusalemme-scontri-prima-del-funerale-della-giornalista-di-al-jazeera\/#primaryimage","url":"https:\/\/www.pressenza.com\/wp-content\/uploads\/2022\/05\/Shireen-Abu-Akleh.jpg","contentUrl":"https:\/\/www.pressenza.com\/wp-content\/uploads\/2022\/05\/Shireen-Abu-Akleh.jpg","width":1200,"height":675},{"@type":"BreadcrumbList","@id":"https:\/\/www.pressenza.com\/it\/2022\/05\/a-gerusalemme-scontri-prima-del-funerale-della-giornalista-di-al-jazeera\/#breadcrumb","itemListElement":[{"@type":"ListItem","position":1,"name":"Accueil","item":"https:\/\/www.pressenza.com\/it\/"},{"@type":"ListItem","position":2,"name":"A Gerusalemme scontri prima del funerale della giornalista di Al Jazeera"}]},{"@type":"WebSite","@id":"https:\/\/www.pressenza.com\/it\/#website","url":"https:\/\/www.pressenza.com\/it\/","name":"Pressenza","description":"Agenzia di Stampa Internazionale","publisher":{"@id":"https:\/\/www.pressenza.com\/it\/#organization"},"potentialAction":[{"@type":"SearchAction","target":{"@type":"EntryPoint","urlTemplate":"https:\/\/www.pressenza.com\/it\/?s={search_term_string}"},"query-input":{"@type":"PropertyValueSpecification","valueRequired":true,"valueName":"search_term_string"}}],"inLanguage":"it-IT"},{"@type":"Organization","@id":"https:\/\/www.pressenza.com\/it\/#organization","name":"Pressenza","url":"https:\/\/www.pressenza.com\/it\/","logo":{"@type":"ImageObject","inLanguage":"it-IT","@id":"https:\/\/www.pressenza.com\/it\/#\/schema\/logo\/image\/","url":"https:\/\/www.pressenza.com\/wp-content\/uploads\/2022\/10\/pressenza_logo_200x200.jpg","contentUrl":"https:\/\/www.pressenza.com\/wp-content\/uploads\/2022\/10\/pressenza_logo_200x200.jpg","width":200,"height":200,"caption":"Pressenza"},"image":{"@id":"https:\/\/www.pressenza.com\/it\/#\/schema\/logo\/image\/"},"sameAs":["https:\/\/www.facebook.com\/PressenzaItalia","https:\/\/x.com\/PressenzaIPA"]},{"@type":"Person","@id":"https:\/\/www.pressenza.com\/it\/#\/schema\/person\/bb13dad7d75de3f57ef0c4246101316b","name":"Agenzia DIRE","description":"La DIRE \u00e8 una delle principali agenzie di stampa nazionali, trasmette sui propri notiziari multimediali tutte le notizie dell'ultimo minuto, approfondimenti, interviste, newsletter tematiche. Specializzata in politiche parlamentari e di governo, oltre che esteri, sanit\u00e0, ambiente, welfare, politiche regionali e locali, giovani. Su Dire.it pubblica, ogni giorno, tutte le principali notizie. E' presente su tutto il territorio nazionale con sei sedi, cinquanta giornalisti e corrispondenti da tutte le regioni.","sameAs":["http:\/\/www.dire.it\/"],"url":"https:\/\/www.pressenza.com\/it\/author\/agenzia-dire\/"}]}},"place":"Brando Ricci","original_article_url":"https:\/\/www.dire.it\/13-05-2022\/734543-a-gerusalemme-scontri-prima-del-funerale-della-giornalista-di-al-jazeera\/","_links":{"self":[{"href":"https:\/\/www.pressenza.com\/it\/wp-json\/wp\/v2\/posts\/1583511","targetHints":{"allow":["GET"]}}],"collection":[{"href":"https:\/\/www.pressenza.com\/it\/wp-json\/wp\/v2\/posts"}],"about":[{"href":"https:\/\/www.pressenza.com\/it\/wp-json\/wp\/v2\/types\/post"}],"author":[{"embeddable":true,"href":"https:\/\/www.pressenza.com\/it\/wp-json\/wp\/v2\/users\/1478"}],"replies":[{"embeddable":true,"href":"https:\/\/www.pressenza.com\/it\/wp-json\/wp\/v2\/comments?post=1583511"}],"version-history":[{"count":0,"href":"https:\/\/www.pressenza.com\/it\/wp-json\/wp\/v2\/posts\/1583511\/revisions"}],"wp:featuredmedia":[{"embeddable":true,"href":"https:\/\/www.pressenza.com\/it\/wp-json\/wp\/v2\/media\/1583512"}],"wp:attachment":[{"href":"https:\/\/www.pressenza.com\/it\/wp-json\/wp\/v2\/media?parent=1583511"}],"wp:term":[{"taxonomy":"category","embeddable":true,"href":"https:\/\/www.pressenza.com\/it\/wp-json\/wp\/v2\/categories?post=1583511"},{"taxonomy":"post_tag","embeddable":true,"href":"https:\/\/www.pressenza.com\/it\/wp-json\/wp\/v2\/tags?post=1583511"}],"curies":[{"name":"wp","href":"https:\/\/api.w.org\/{rel}","templated":true}]}}