{"id":158155,"date":"2015-01-25T14:46:02","date_gmt":"2015-01-25T14:46:02","guid":{"rendered":"http:\/\/www.pressenza.com\/?p=158155"},"modified":"2015-01-25T14:46:28","modified_gmt":"2015-01-25T14:46:28","slug":"garcia-linera-il-socialismo-e-il-potenziamento-del-sistema-comunitario-espansione","status":"publish","type":"post","link":"https:\/\/www.pressenza.com\/it\/2015\/01\/garcia-linera-il-socialismo-e-il-potenziamento-del-sistema-comunitario-espansione\/","title":{"rendered":"Garcia Linera: il socialismo \u00e8 il potenziamento del sistema comunitario in espansione"},"content":{"rendered":"<p>Il vicepresidente boliviano Alvaro Garcia Linera ha dichiarato gioved\u00ec scorso che il socialismo \u00e8 il potenziamento del sistema comunitario in espansione, in base alla volont\u00e0 della societ\u00e0 e rappresenta un&#8217;antitesi al capitalismo.<\/p>\n<p>Durante la sessione d&#8217;investitura per il nuovo mandato del presidente Evo Morales nell&#8217;Assemblea Legislativa Plurinazionale (A.L.P.), la seconda carica dell&#8217;esecutivo boliviano ha sostenuto che nel socialismo \u201cc\u2019\u00e8 una sola forma di amministrare la ricchezza che detiene la chiave del futuro, quella comunitaria, che sorge e si espande in base all&#8217;azione volontaria dei lavoratori, all\u2019esempio e all\u2019esperienza della propria societ\u00e0.\u201d<\/p>\n<p>Ha affermato che l&#8217;azione di uno Stato rivoluzionario consiste nell&#8217;espandere e nel rafforzare il modello che sorge dai produttori, i quali decidono di assumere il controllo del proprio lavoro su scala espansiva.<\/p>\n<p>In questo contesto ha sostenuto che il socialismo \u00e8 un lungo processo di transizione, nel quale lo Stato rivoluzionario e i movimenti sociali si fondono, ai fini d&#8217;innescare una democratizzazione nelle future decisioni e permettere alle attivit\u00e0 economiche di rispettare la logica comunitaria \u201cal posto della logica del profitto\u201d.<\/p>\n<p>\u201cIl nostro socialismo sar\u00e0 comunitario nel futuro, ma lo \u00e8 anche nelle sue radici e nei suoi antenati; veniamo \u00a0infatti dal sistema comunitario ancestrale delle popolazioni indigene e la condivisione del bene comune rappresenta la tendenza latente nelle conquiste della scienza e dell&#8217;economia moderna.\u201d ha inoltre sottolineato Garcia Linera.<\/p>\n<p>Secondo Garcia Linera il futuro sar\u00e0 un tipo di socialismo comunitario, nazionale, continentale e a grande impatto planetario, che incorporer\u00e0 il sapere e le pratiche indigene di dialogo e convivenza con la Madre Terra.<\/p>\n<p>A suo parere il socialismo \u00e8 il \u201ccampo di battaglia\u201d in ogni territorio nazionale tra una civilt\u00e0 dominante \u2013 il capitalismo ancora maggioritario ma gi\u00e0 in decadenza \u2013 e una nuova civilt\u00e0 comunitaria che sta emergendo.<\/p>\n<p>Per il vicepresidente boliviano il socialismo non \u00e8 n\u00e9 una nuova civilt\u00e0, n\u00e9 un nuovo tipo di sistema economico e nemmeno una nuova societ\u00e0, bens\u00ec lo \u201cstraripamento democratico\u201d della societ\u00e0 organizzata in movimenti sociali e il \u201csuperamento della democrazia fossilizzata\u201d, dove i governati si limitano a eleggere i governanti.<\/p>\n<p>\u201cIl socialismo \u00e8 democrazia rappresentativa in Parlamento, pi\u00f9 democrazia popolare nelle comunit\u00e0 agricole e urbane, democrazia diretta nelle strade e nelle fabbriche, tutto nel mezzo di un governo rivoluzionario e uno Stato dei movimenti sociali.\u201d<\/p>\n<p>Ha infine spiegato che il socialismo esiste quando la democrazia attraversa tutte le attivit\u00e0 quotidiane delle persone, dall&#8217;economia fino all&#8217;educazione, oltre alla lotta nazionale, continentale e internazionale per l\u2019ampliamento dei beni comuni.<\/p>\n<p>Traduzione dallo spagnolo di Paola Mola<\/p>\n","protected":false},"excerpt":{"rendered":"<p>Il vicepresidente boliviano Alvaro Garcia Linera ha dichiarato gioved\u00ec scorso che il socialismo \u00e8 il potenziamento del sistema comunitario in espansione, in base alla volont\u00e0 della societ\u00e0 e rappresenta un&#8217;antitesi al capitalismo. Durante la sessione d&#8217;investitura per il nuovo mandato&hellip;<\/p>\n","protected":false},"author":127,"featured_media":158159,"comment_status":"closed","ping_status":"open","sticky":false,"template":"","format":"standard","meta":{"footnotes":""},"categories":[55,48],"tags":[3001,5768,15625],"class_list":["post-158155","post","type-post","status-publish","format-standard","has-post-thumbnail","hentry","category-politica","category-sud-america","tag-bolivia-it","tag-evo-morales-it","tag-garcia-linera-it"],"yoast_head":"<!-- This site is optimized with the Yoast SEO plugin v27.1.1 - https:\/\/yoast.com\/product\/yoast-seo-wordpress\/ -->\n<title>Garcia Linera: il socialismo \u00e8 il potenziamento del sistema comunitario in espansione<\/title>\n<meta name=\"description\" content=\"Il vicepresidente boliviano Alvaro Garcia Linera ha dichiarato gioved\u00ec scorso che il socialismo \u00e8 il potenziamento del sistema comunitario in espansione,\" \/>\n<meta name=\"robots\" content=\"index, follow, max-snippet:-1, max-image-preview:large, max-video-preview:-1\" \/>\n<link rel=\"canonical\" href=\"https:\/\/www.pressenza.com\/it\/2015\/01\/garcia-linera-il-socialismo-e-il-potenziamento-del-sistema-comunitario-espansione\/\" \/>\n<meta property=\"og:locale\" content=\"it_IT\" \/>\n<meta property=\"og:type\" content=\"article\" \/>\n<meta property=\"og:title\" content=\"Garcia Linera: il socialismo \u00e8 il potenziamento del sistema comunitario in espansione\" \/>\n<meta property=\"og:description\" content=\"Il vicepresidente boliviano Alvaro Garcia Linera ha dichiarato gioved\u00ec scorso che il socialismo \u00e8 il potenziamento del sistema comunitario in espansione,\" \/>\n<meta property=\"og:url\" content=\"https:\/\/www.pressenza.com\/it\/2015\/01\/garcia-linera-il-socialismo-e-il-potenziamento-del-sistema-comunitario-espansione\/\" \/>\n<meta property=\"og:site_name\" content=\"Pressenza\" \/>\n<meta property=\"article:publisher\" content=\"https:\/\/www.facebook.com\/PressenzaItalia\" \/>\n<meta property=\"article:published_time\" content=\"2015-01-25T14:46:02+00:00\" \/>\n<meta property=\"article:modified_time\" content=\"2015-01-25T14:46:28+00:00\" \/>\n<meta property=\"og:image\" content=\"https:\/\/www.pressenza.com\/wp-content\/uploads\/2015\/01\/Evo-juramento.jpg\" \/>\n\t<meta property=\"og:image:width\" content=\"980\" \/>\n\t<meta property=\"og:image:height\" content=\"653\" \/>\n\t<meta property=\"og:image:type\" content=\"image\/jpeg\" \/>\n<meta name=\"author\" content=\"Agencia Boliviana de Informaci\u00f3n - ABI\" \/>\n<meta name=\"twitter:card\" content=\"summary_large_image\" \/>\n<meta name=\"twitter:creator\" content=\"@mincombolivia\" \/>\n<meta name=\"twitter:site\" content=\"@PressenzaIPA\" \/>\n<meta name=\"twitter:label1\" content=\"Scritto da\" \/>\n\t<meta name=\"twitter:data1\" content=\"Agencia Boliviana de Informaci\u00f3n - ABI\" \/>\n\t<meta name=\"twitter:label2\" content=\"Tempo di lettura stimato\" \/>\n\t<meta name=\"twitter:data2\" content=\"2 minuti\" \/>\n<script type=\"application\/ld+json\" class=\"yoast-schema-graph\">{\"@context\":\"https:\/\/schema.org\",\"@graph\":[{\"@type\":\"Article\",\"@id\":\"https:\/\/www.pressenza.com\/it\/2015\/01\/garcia-linera-il-socialismo-e-il-potenziamento-del-sistema-comunitario-espansione\/#article\",\"isPartOf\":{\"@id\":\"https:\/\/www.pressenza.com\/it\/2015\/01\/garcia-linera-il-socialismo-e-il-potenziamento-del-sistema-comunitario-espansione\/\"},\"author\":{\"name\":\"Agencia Boliviana de Informaci\u00f3n - ABI\",\"@id\":\"https:\/\/www.pressenza.com\/it\/#\/schema\/person\/3fe2a62cf8f5fea54fc87abcec98dcb4\"},\"headline\":\"Garcia Linera: il socialismo \u00e8 il potenziamento del sistema comunitario in espansione\",\"datePublished\":\"2015-01-25T14:46:02+00:00\",\"dateModified\":\"2015-01-25T14:46:28+00:00\",\"mainEntityOfPage\":{\"@id\":\"https:\/\/www.pressenza.com\/it\/2015\/01\/garcia-linera-il-socialismo-e-il-potenziamento-del-sistema-comunitario-espansione\/\"},\"wordCount\":432,\"publisher\":{\"@id\":\"https:\/\/www.pressenza.com\/it\/#organization\"},\"image\":{\"@id\":\"https:\/\/www.pressenza.com\/it\/2015\/01\/garcia-linera-il-socialismo-e-il-potenziamento-del-sistema-comunitario-espansione\/#primaryimage\"},\"thumbnailUrl\":\"https:\/\/www.pressenza.com\/wp-content\/uploads\/2015\/01\/Evo-juramento.jpg\",\"keywords\":[\"Bolivia\",\"Evo Morales\",\"Garc\u00eda Linera\"],\"articleSection\":[\"Politica\",\"Sud America\"],\"inLanguage\":\"it-IT\"},{\"@type\":\"WebPage\",\"@id\":\"https:\/\/www.pressenza.com\/it\/2015\/01\/garcia-linera-il-socialismo-e-il-potenziamento-del-sistema-comunitario-espansione\/\",\"url\":\"https:\/\/www.pressenza.com\/it\/2015\/01\/garcia-linera-il-socialismo-e-il-potenziamento-del-sistema-comunitario-espansione\/\",\"name\":\"Garcia Linera: il socialismo \u00e8 il potenziamento del sistema comunitario in espansione\",\"isPartOf\":{\"@id\":\"https:\/\/www.pressenza.com\/it\/#website\"},\"primaryImageOfPage\":{\"@id\":\"https:\/\/www.pressenza.com\/it\/2015\/01\/garcia-linera-il-socialismo-e-il-potenziamento-del-sistema-comunitario-espansione\/#primaryimage\"},\"image\":{\"@id\":\"https:\/\/www.pressenza.com\/it\/2015\/01\/garcia-linera-il-socialismo-e-il-potenziamento-del-sistema-comunitario-espansione\/#primaryimage\"},\"thumbnailUrl\":\"https:\/\/www.pressenza.com\/wp-content\/uploads\/2015\/01\/Evo-juramento.jpg\",\"datePublished\":\"2015-01-25T14:46:02+00:00\",\"dateModified\":\"2015-01-25T14:46:28+00:00\",\"description\":\"Il vicepresidente boliviano Alvaro Garcia Linera ha dichiarato gioved\u00ec scorso che il socialismo \u00e8 il potenziamento del sistema comunitario in espansione,\",\"breadcrumb\":{\"@id\":\"https:\/\/www.pressenza.com\/it\/2015\/01\/garcia-linera-il-socialismo-e-il-potenziamento-del-sistema-comunitario-espansione\/#breadcrumb\"},\"inLanguage\":\"it-IT\",\"potentialAction\":[{\"@type\":\"ReadAction\",\"target\":[\"https:\/\/www.pressenza.com\/it\/2015\/01\/garcia-linera-il-socialismo-e-il-potenziamento-del-sistema-comunitario-espansione\/\"]}]},{\"@type\":\"ImageObject\",\"inLanguage\":\"it-IT\",\"@id\":\"https:\/\/www.pressenza.com\/it\/2015\/01\/garcia-linera-il-socialismo-e-il-potenziamento-del-sistema-comunitario-espansione\/#primaryimage\",\"url\":\"https:\/\/www.pressenza.com\/wp-content\/uploads\/2015\/01\/Evo-juramento.jpg\",\"contentUrl\":\"https:\/\/www.pressenza.com\/wp-content\/uploads\/2015\/01\/Evo-juramento.jpg\",\"width\":980,\"height\":653},{\"@type\":\"BreadcrumbList\",\"@id\":\"https:\/\/www.pressenza.com\/it\/2015\/01\/garcia-linera-il-socialismo-e-il-potenziamento-del-sistema-comunitario-espansione\/#breadcrumb\",\"itemListElement\":[{\"@type\":\"ListItem\",\"position\":1,\"name\":\"Accueil\",\"item\":\"https:\/\/www.pressenza.com\/it\/\"},{\"@type\":\"ListItem\",\"position\":2,\"name\":\"Garcia Linera: il socialismo \u00e8 il potenziamento del sistema comunitario in espansione\"}]},{\"@type\":\"WebSite\",\"@id\":\"https:\/\/www.pressenza.com\/it\/#website\",\"url\":\"https:\/\/www.pressenza.com\/it\/\",\"name\":\"Pressenza\",\"description\":\"Agenzia di Stampa Internazionale\",\"publisher\":{\"@id\":\"https:\/\/www.pressenza.com\/it\/#organization\"},\"potentialAction\":[{\"@type\":\"SearchAction\",\"target\":{\"@type\":\"EntryPoint\",\"urlTemplate\":\"https:\/\/www.pressenza.com\/it\/?s={search_term_string}\"},\"query-input\":{\"@type\":\"PropertyValueSpecification\",\"valueRequired\":true,\"valueName\":\"search_term_string\"}}],\"inLanguage\":\"it-IT\"},{\"@type\":\"Organization\",\"@id\":\"https:\/\/www.pressenza.com\/it\/#organization\",\"name\":\"Pressenza\",\"url\":\"https:\/\/www.pressenza.com\/it\/\",\"logo\":{\"@type\":\"ImageObject\",\"inLanguage\":\"it-IT\",\"@id\":\"https:\/\/www.pressenza.com\/it\/#\/schema\/logo\/image\/\",\"url\":\"https:\/\/www.pressenza.com\/wp-content\/uploads\/2022\/10\/pressenza_logo_200x200.jpg\",\"contentUrl\":\"https:\/\/www.pressenza.com\/wp-content\/uploads\/2022\/10\/pressenza_logo_200x200.jpg\",\"width\":200,\"height\":200,\"caption\":\"Pressenza\"},\"image\":{\"@id\":\"https:\/\/www.pressenza.com\/it\/#\/schema\/logo\/image\/\"},\"sameAs\":[\"https:\/\/www.facebook.com\/PressenzaItalia\",\"https:\/\/x.com\/PressenzaIPA\"]},{\"@type\":\"Person\",\"@id\":\"https:\/\/www.pressenza.com\/it\/#\/schema\/person\/3fe2a62cf8f5fea54fc87abcec98dcb4\",\"name\":\"Agencia Boliviana de Informaci\u00f3n - ABI\",\"description\":\"www.abi.bo\",\"sameAs\":[\"https:\/\/x.com\/mincombolivia\"],\"url\":\"https:\/\/www.pressenza.com\/it\/author\/agencia-boliviana-de-informacion-abi\/\"}]}<\/script>\n<!-- \/ Yoast SEO plugin. -->","yoast_head_json":{"title":"Garcia Linera: il socialismo \u00e8 il potenziamento del sistema comunitario in espansione","description":"Il vicepresidente boliviano Alvaro Garcia Linera ha dichiarato gioved\u00ec scorso che il socialismo \u00e8 il potenziamento del sistema comunitario in espansione,","robots":{"index":"index","follow":"follow","max-snippet":"max-snippet:-1","max-image-preview":"max-image-preview:large","max-video-preview":"max-video-preview:-1"},"canonical":"https:\/\/www.pressenza.com\/it\/2015\/01\/garcia-linera-il-socialismo-e-il-potenziamento-del-sistema-comunitario-espansione\/","og_locale":"it_IT","og_type":"article","og_title":"Garcia Linera: il socialismo \u00e8 il potenziamento del sistema comunitario in espansione","og_description":"Il vicepresidente boliviano Alvaro Garcia Linera ha dichiarato gioved\u00ec scorso che il socialismo \u00e8 il potenziamento del sistema comunitario in espansione,","og_url":"https:\/\/www.pressenza.com\/it\/2015\/01\/garcia-linera-il-socialismo-e-il-potenziamento-del-sistema-comunitario-espansione\/","og_site_name":"Pressenza","article_publisher":"https:\/\/www.facebook.com\/PressenzaItalia","article_published_time":"2015-01-25T14:46:02+00:00","article_modified_time":"2015-01-25T14:46:28+00:00","og_image":[{"width":980,"height":653,"url":"https:\/\/www.pressenza.com\/wp-content\/uploads\/2015\/01\/Evo-juramento.jpg","type":"image\/jpeg"}],"author":"Agencia Boliviana de Informaci\u00f3n - ABI","twitter_card":"summary_large_image","twitter_creator":"@mincombolivia","twitter_site":"@PressenzaIPA","twitter_misc":{"Scritto da":"Agencia Boliviana de Informaci\u00f3n - ABI","Tempo di lettura stimato":"2 minuti"},"schema":{"@context":"https:\/\/schema.org","@graph":[{"@type":"Article","@id":"https:\/\/www.pressenza.com\/it\/2015\/01\/garcia-linera-il-socialismo-e-il-potenziamento-del-sistema-comunitario-espansione\/#article","isPartOf":{"@id":"https:\/\/www.pressenza.com\/it\/2015\/01\/garcia-linera-il-socialismo-e-il-potenziamento-del-sistema-comunitario-espansione\/"},"author":{"name":"Agencia Boliviana de Informaci\u00f3n - ABI","@id":"https:\/\/www.pressenza.com\/it\/#\/schema\/person\/3fe2a62cf8f5fea54fc87abcec98dcb4"},"headline":"Garcia Linera: il socialismo \u00e8 il potenziamento del sistema comunitario in espansione","datePublished":"2015-01-25T14:46:02+00:00","dateModified":"2015-01-25T14:46:28+00:00","mainEntityOfPage":{"@id":"https:\/\/www.pressenza.com\/it\/2015\/01\/garcia-linera-il-socialismo-e-il-potenziamento-del-sistema-comunitario-espansione\/"},"wordCount":432,"publisher":{"@id":"https:\/\/www.pressenza.com\/it\/#organization"},"image":{"@id":"https:\/\/www.pressenza.com\/it\/2015\/01\/garcia-linera-il-socialismo-e-il-potenziamento-del-sistema-comunitario-espansione\/#primaryimage"},"thumbnailUrl":"https:\/\/www.pressenza.com\/wp-content\/uploads\/2015\/01\/Evo-juramento.jpg","keywords":["Bolivia","Evo Morales","Garc\u00eda Linera"],"articleSection":["Politica","Sud America"],"inLanguage":"it-IT"},{"@type":"WebPage","@id":"https:\/\/www.pressenza.com\/it\/2015\/01\/garcia-linera-il-socialismo-e-il-potenziamento-del-sistema-comunitario-espansione\/","url":"https:\/\/www.pressenza.com\/it\/2015\/01\/garcia-linera-il-socialismo-e-il-potenziamento-del-sistema-comunitario-espansione\/","name":"Garcia Linera: il socialismo \u00e8 il potenziamento del sistema comunitario in espansione","isPartOf":{"@id":"https:\/\/www.pressenza.com\/it\/#website"},"primaryImageOfPage":{"@id":"https:\/\/www.pressenza.com\/it\/2015\/01\/garcia-linera-il-socialismo-e-il-potenziamento-del-sistema-comunitario-espansione\/#primaryimage"},"image":{"@id":"https:\/\/www.pressenza.com\/it\/2015\/01\/garcia-linera-il-socialismo-e-il-potenziamento-del-sistema-comunitario-espansione\/#primaryimage"},"thumbnailUrl":"https:\/\/www.pressenza.com\/wp-content\/uploads\/2015\/01\/Evo-juramento.jpg","datePublished":"2015-01-25T14:46:02+00:00","dateModified":"2015-01-25T14:46:28+00:00","description":"Il vicepresidente boliviano Alvaro Garcia Linera ha dichiarato gioved\u00ec scorso che il socialismo \u00e8 il potenziamento del sistema comunitario in espansione,","breadcrumb":{"@id":"https:\/\/www.pressenza.com\/it\/2015\/01\/garcia-linera-il-socialismo-e-il-potenziamento-del-sistema-comunitario-espansione\/#breadcrumb"},"inLanguage":"it-IT","potentialAction":[{"@type":"ReadAction","target":["https:\/\/www.pressenza.com\/it\/2015\/01\/garcia-linera-il-socialismo-e-il-potenziamento-del-sistema-comunitario-espansione\/"]}]},{"@type":"ImageObject","inLanguage":"it-IT","@id":"https:\/\/www.pressenza.com\/it\/2015\/01\/garcia-linera-il-socialismo-e-il-potenziamento-del-sistema-comunitario-espansione\/#primaryimage","url":"https:\/\/www.pressenza.com\/wp-content\/uploads\/2015\/01\/Evo-juramento.jpg","contentUrl":"https:\/\/www.pressenza.com\/wp-content\/uploads\/2015\/01\/Evo-juramento.jpg","width":980,"height":653},{"@type":"BreadcrumbList","@id":"https:\/\/www.pressenza.com\/it\/2015\/01\/garcia-linera-il-socialismo-e-il-potenziamento-del-sistema-comunitario-espansione\/#breadcrumb","itemListElement":[{"@type":"ListItem","position":1,"name":"Accueil","item":"https:\/\/www.pressenza.com\/it\/"},{"@type":"ListItem","position":2,"name":"Garcia Linera: il socialismo \u00e8 il potenziamento del sistema comunitario in espansione"}]},{"@type":"WebSite","@id":"https:\/\/www.pressenza.com\/it\/#website","url":"https:\/\/www.pressenza.com\/it\/","name":"Pressenza","description":"Agenzia di Stampa Internazionale","publisher":{"@id":"https:\/\/www.pressenza.com\/it\/#organization"},"potentialAction":[{"@type":"SearchAction","target":{"@type":"EntryPoint","urlTemplate":"https:\/\/www.pressenza.com\/it\/?s={search_term_string}"},"query-input":{"@type":"PropertyValueSpecification","valueRequired":true,"valueName":"search_term_string"}}],"inLanguage":"it-IT"},{"@type":"Organization","@id":"https:\/\/www.pressenza.com\/it\/#organization","name":"Pressenza","url":"https:\/\/www.pressenza.com\/it\/","logo":{"@type":"ImageObject","inLanguage":"it-IT","@id":"https:\/\/www.pressenza.com\/it\/#\/schema\/logo\/image\/","url":"https:\/\/www.pressenza.com\/wp-content\/uploads\/2022\/10\/pressenza_logo_200x200.jpg","contentUrl":"https:\/\/www.pressenza.com\/wp-content\/uploads\/2022\/10\/pressenza_logo_200x200.jpg","width":200,"height":200,"caption":"Pressenza"},"image":{"@id":"https:\/\/www.pressenza.com\/it\/#\/schema\/logo\/image\/"},"sameAs":["https:\/\/www.facebook.com\/PressenzaItalia","https:\/\/x.com\/PressenzaIPA"]},{"@type":"Person","@id":"https:\/\/www.pressenza.com\/it\/#\/schema\/person\/3fe2a62cf8f5fea54fc87abcec98dcb4","name":"Agencia Boliviana de Informaci\u00f3n - ABI","description":"www.abi.bo","sameAs":["https:\/\/x.com\/mincombolivia"],"url":"https:\/\/www.pressenza.com\/it\/author\/agencia-boliviana-de-informacion-abi\/"}]}},"place":"","original_article_url":"","_links":{"self":[{"href":"https:\/\/www.pressenza.com\/it\/wp-json\/wp\/v2\/posts\/158155","targetHints":{"allow":["GET"]}}],"collection":[{"href":"https:\/\/www.pressenza.com\/it\/wp-json\/wp\/v2\/posts"}],"about":[{"href":"https:\/\/www.pressenza.com\/it\/wp-json\/wp\/v2\/types\/post"}],"author":[{"embeddable":true,"href":"https:\/\/www.pressenza.com\/it\/wp-json\/wp\/v2\/users\/127"}],"replies":[{"embeddable":true,"href":"https:\/\/www.pressenza.com\/it\/wp-json\/wp\/v2\/comments?post=158155"}],"version-history":[{"count":0,"href":"https:\/\/www.pressenza.com\/it\/wp-json\/wp\/v2\/posts\/158155\/revisions"}],"wp:featuredmedia":[{"embeddable":true,"href":"https:\/\/www.pressenza.com\/it\/wp-json\/wp\/v2\/media\/158159"}],"wp:attachment":[{"href":"https:\/\/www.pressenza.com\/it\/wp-json\/wp\/v2\/media?parent=158155"}],"wp:term":[{"taxonomy":"category","embeddable":true,"href":"https:\/\/www.pressenza.com\/it\/wp-json\/wp\/v2\/categories?post=158155"},{"taxonomy":"post_tag","embeddable":true,"href":"https:\/\/www.pressenza.com\/it\/wp-json\/wp\/v2\/tags?post=158155"}],"curies":[{"name":"wp","href":"https:\/\/api.w.org\/{rel}","templated":true}]}}