{"id":1580123,"date":"2022-05-08T18:25:40","date_gmt":"2022-05-08T17:25:40","guid":{"rendered":"https:\/\/www.pressenza.com\/?p=1580123"},"modified":"2022-05-08T18:32:01","modified_gmt":"2022-05-08T17:32:01","slug":"argentina-i-lavoratori-di-yerba-mate-chiedono-un-lavoro-dignitoso-con-salario-adeguato","status":"publish","type":"post","link":"https:\/\/www.pressenza.com\/it\/2022\/05\/argentina-i-lavoratori-di-yerba-mate-chiedono-un-lavoro-dignitoso-con-salario-adeguato\/","title":{"rendered":"Argentina: i lavoratori di yerba mate chiedono un lavoro dignitoso con salario adeguato"},"content":{"rendered":"<blockquote><p><em><strong>Nel giorno della Festa internazionale dei lavoratori, Sonia Lemos (segretaria generale del Sindacato dei tareferos) racconta la vita, i sentimenti e le lotte dei lavoratori della raccolta di yerba mate (il famoso infuso amato dagli argentini, N.d.R). Si organizzano per rivendicare i loro diritti, migliorare il ruolo delle donne e rifiutare la burocrazia dei sindacati, dei padroni e dei governi complici. La dignit\u00e0 \u00e8 sinonimo del lavoro di raccolta.<\/strong><\/em><\/p><\/blockquote>\n<p>Mi chiamo Sonia Lemos e sono la segretaria generale del <strong>Sindacato dei <em>Tareferos<\/em> di Montecarlo<\/strong>, nella provincia di Misiones. Ho 41 anni e sono nata nel quartiere Cuatro Bocas di Montecarlo. Non ho avuto una bella infanzia. In quel periodo non arrivavano i dottori e non c\u2019erano ospedali, quindi sono nata in casa. Siamo in dieci fratelli, quattro femmine e sei maschi. Allora portavamo le cose della scuola in un sacchetto della pasta e camminavamo scalzi. Mio pap\u00e0 lavorava all\u2019essiccatoio della Cooperativa Agricola Mixta di Montecarlo. Faceva il <em>tarefero<\/em>: raccoglieva foglie di <a href=\"https:\/\/agenciatierraviva.com.ar\/yerba-mate-un-mercado-concentrado-y-la-opcion-del-cooperativismo\/\"><em>yerba mate<\/em><\/a>. La cooperativa qui era il padrone, era a capo delle squadre che andavano alle piantagioni di <em>mate<\/em> e all\u2019essiccatoio. Col passare del tempo, l\u2019attivit\u00e0 cominci\u00f2 a essere esternalizzata ad appaltatori. All\u2019inizio degli anni Novanta, mio pap\u00e0 cominci\u00f2 ad avere attacchi di epilessia e io, a 12 anni, dovevo accompagnarlo alla piantagione. Lasciai la scuola e andai a lavorare con lui perch\u00e9, quando gli venivano gli attacchi, dovevo raggiungere i compagni di lavoro per chiedere aiuto. E cos\u00ec imparai a fare la raccolta di <em>yerba mate<\/em>. I miei genitori bevevano molto e a volte non si riconoscevano. Io ero la figlia maggiore; non avevamo una cucina a gas o a legna n\u00e9 la luce elettrica. Sono cresciuta cos\u00ec.<\/p>\n<p>A 16 anni trovai un fidanzato; ho quattro figli: due femmine e due maschi. Non ho mai smesso di lavorare fino a oggi. Quando ero incinta non facevo la raccolta, ma preparavo cose da vendere, come <em>empanadas<\/em> o scaloppine. Le vendevo nella cooperativa e all\u2019essiccatoio. Non mi sono mai fermata, ho sempre voluto difendermi perch\u00e9 a quel tempo si capiva come stavano le cose: molto maschilismo, la donna in casa e gli uomini che uscivano. Ho sempre pensato che non sarebbe dovuta andare cos\u00ec. In quel periodo, durante una protesta per alcuni sussidi che ci tolsero, conobbi il compagno Rub\u00e9n Ort\u00edz. <strong>Eravamo a una riunione a Montecarlo e cominciai a parlargli, mi chiese cosa stessi facendo. Mi sembr\u00f2 incredibile che un compagno docente si interessasse alla gente umile, lavoratrice, che fa la raccolta nelle piantagioni.<\/strong> Qui in zona nessuno voleva avvicinarsi a noi n\u00e9 chiedere cosa stesse succedendo. Quindi ammiro molto Rub\u00e9n perch\u00e9 diede attenzione e sostegno, e non ha mai abbandonato la lotta.<\/p>\n<p>Ogni giorno mi sveglio alle 4 di mattina, prepariamo il pranzo al sacco e il mio <em>mate<\/em> che porto con me nel camioncino. Nel camion ci sono delle panche su cui ci sediamo e beviamo assieme il <em>mate<\/em>. I compagni di lavoro sono stanchi, si alzano sempre alla stessa ora. Ci spostiamo, perch\u00e9 non lavoriamo solo a Montecarlo, ci sono vari posti dove andiamo a fare la raccolta. Torniamo a casa alle sei o alle sette di sera e siamo stanchi, ci laviamo e mangiamo. A volte mangiamo, a volte invece no. E poi vado a letto perch\u00e9 il lavoro sfinisce. Per\u00f2 \u00e8 un obbligo perch\u00e9 bisogna tirare avanti la famiglia. Ho chiesto scusa ai miei figli perch\u00e9 molte volte non sono stata agli spettacoli scolastici, quelle cose a cui un padre o una madre devono andare. Ci si rimane male. Nella piantagione soffriamo il freddo; quando gela ci bagnamo e questo porta delle conseguenze fisiche. Oggi ho male alle ossa e so che \u00e8 per via del lavoro, ma \u00e8 l\u2019unico che so fare e quindi continuo.<\/p>\n<div id=\"attachment_1574571\" class=\"wp-caption alignnone\"><img loading=\"lazy\" decoding=\"async\" aria-describedby=\"caption-attachment-1574571\" class=\"wp-image-1574578 size-full\" src=\"https:\/\/www.pressenza.com\/wp-content\/uploads\/2022\/04\/tareferos-01-SubCoop-Agencia-Tierra-Viva.jpg\" alt=\"\" width=\"1024\" height=\"685\" srcset=\"https:\/\/www.pressenza.com\/wp-content\/uploads\/2022\/04\/tareferos-01-SubCoop-Agencia-Tierra-Viva.jpg 1024w, https:\/\/www.pressenza.com\/wp-content\/uploads\/2022\/04\/tareferos-01-SubCoop-Agencia-Tierra-Viva-300x201.jpg 300w, https:\/\/www.pressenza.com\/wp-content\/uploads\/2022\/04\/tareferos-01-SubCoop-Agencia-Tierra-Viva-820x549.jpg 820w\" sizes=\"auto, (max-width: 1024px) 100vw, 1024px\" \/><p id=\"caption-attachment-1574571\" class=\"wp-caption-text\">(Foto di Subcoop\/Agencia Tierra Viva)<\/p><\/div>\n<p><strong>Salario basso, malattie del lavoro e schiavit\u00f9<\/strong><\/p>\n<p>Come lavoratori della raccolta sappiamo cos\u2019\u00e8 la sofferenza: <strong>avere freddo, le piogge, alzarsi all\u2019alba e arrivare a casa tardi. Non si sta quasi mai coi figli per via del lavoro.<\/strong> Quando mio figlio ha lasciato gli studi mi \u00e8 dispiaciuto tanto, non volevo che succedesse. Volevo che studiasse per trovare un lavoro migliore del nostro, perch\u00e9 questo lavoro ti fa ammalare. Per\u00f2 anche lui fa il <em>tarefero<\/em> e ha ora una sua famiglia, quindi tutti quanti lavoriamo nella raccolta. <strong>I miei figli hanno smesso di studiare perch\u00e9 ci hanno tolto i sussidi familiari e non guadagnavamo nulla col nostro lavoro.<\/strong> Quindi era difficile farli studiare. Non riuscivo a comprare scarpe per tutti e quattro, ma solo per uno. Dovevamo pagare la luce, l\u2019acqua.<\/p>\n<p>Attualmente ci pagano 610 pesos [5 euro] per cento chili di <em>mate<\/em> raccolto. Su questo fanno le sottrazioni per la pensione e la previdenza sociale, quindi rimangono 450 pesos [3,70 euro] per cento chili. Con la siccit\u00e0 che c\u2019\u00e8 stata, ora al massimo arriviamo a 300 pesos [2,45 euro] perch\u00e9 c\u2019\u00e8 poco <em>mate<\/em> da raccogliere. E qui paghiamo 500 pesos [4,10 euro] al chilo per comprarlo. <strong>Con un sacco da cento chili non guadagni abbastanza per comprarti un pacchetto di <em>mate<\/em>.<\/strong> <a href=\"https:\/\/agenciatierraviva.com.ar\/precio-de-los-alimentos-cada-dia-es-mas-caro-tomar-mate\/\">C\u2019\u00e8 disaccordo su come aumenta il prezzo del prodotto che viene stabilito da gente che non conosce il <em>mate<\/em> n\u00e9 le condizioni di vita nella nostra zona.<\/a> Non sanno cosa subiamo e non c\u2019\u00e8 una spinta politica verso il cambiamento. I lavoratori non interessano a nessuno perch\u00e9, se cos\u00ec fosse, si farebbe qualcosa.<\/p>\n<p>La malattia pi\u00f9 diffusa tra i lavoratori della raccolta \u00e8 l\u2019ernia del disco perch\u00e9 solleviamo grandi pesi. La seconda, per via delle forbici o delle seghe, \u00e8 il dolore o i tagli alle mani e alle dita. Le mani si tagliano perch\u00e9 si bagnano e si continua a segare. Le curiamo con lo stesso <em>mate<\/em> bollito, raffreddato e passato sulla pelle. Per\u00f2 a volte bisogna andare dal medico perch\u00e9 il dolore \u00e8 tanto forte e diventa insopportabile. <strong>Abbiamo la previdenza sociale per\u00f2 \u00e8 come se non ci fosse: \u00e8 l\u2019<em>Obra Social de los Trabajadores Rurales y Estibadores<\/em> della Repubblica Argentina, che non funziona mai.<\/strong> I compagni e le compagne di lavoro hanno avuto incidenti, hanno preso botte, gli \u00e8 venuta l\u2019ernia del disco e non \u00e8 mai stato riconosciuto nulla finora.<\/p>\n<p><strong>Nelle piantagioni di <em>yerba mate<\/em> c\u2019\u00e8 molta schiavit\u00f9, ma i compagni che vivono questa situazione non vogliono parlarne. Mi sono avvicinata a loro ma non vogliono denunciare le ingiustizie per paura di non essere pi\u00f9 chiamati a lavorare.<\/strong> Oggi la situazione \u00e8 brutta rischiando di perdere questo mezzo di sostentamento e non c\u2019\u00e8 altra via d\u2019uscita. Non vengono fatti controlli e, quando abbiamo chiamato il Ministero del Lavoro, ci hanno detto che sono cinque o sei impiegati e non riescono a occuparsi di tutto. Ci dicono di sporgere denuncia, ma non possiamo fare noi il loro lavoro, perch\u00e9 poi non ci chiamano pi\u00f9 a lavorare. La Cooperativa di Montecarlo, per esempio, ha fatto una lista nera di quelli che denunciano il padrone. Non vengono pi\u00f9 fatti salire sul camion dell\u2019appaltatore. \u00c8 una situazione maledetta. Chiss\u00e0 se il governo se ne rende conto e cambier\u00e0 qualcosa. Siamo nel 2022 e serve un cambiamento. Noi continuiamo a lottare e a fare pressione da qui.<\/p>\n<p>Ci dovrebbe anche essere un controllo sull\u2019accesso ai terreni, ma non c\u2019\u00e8 mai stato. <strong>Oggi la terra \u00e8 un\u2019opportunit\u00e0 per i lavoratori perch\u00e9 la coltiviamo per il consumo privato e la vendita.<\/strong> Io almeno ho un pezzo di terreno dove pianto verdure e <a href=\"https:\/\/agenciatierraviva.com.ar\/mandioca-un-alimento-ancestral-y-cada-dia-mas-vigente\/\">manioca<\/a>. Le consumo e le vendo per tirare avanti, perch\u00e9 <strong>quando la raccolta termina rimaniamo senza lavoro<\/strong>. La raccolta dura sei mesi (di solito da marzo o aprile fino a ottobre) e poi rimaniamo senza niente. Nel nostro caso il proprietario, cio\u00e8 chi pianta il <em>mate<\/em>, non ha ancora voluto cominciarla e quindi inizieremo a lavorare in maggio. Attualmente siamo disoccupati. Periodicamente d\u2019estate quando non c\u2019\u00e8 raccolta vengono usati dei pesticidi nelle piantagioni.<\/p>\n<div id=\"attachment_1574561\" class=\"wp-caption alignnone\"><img loading=\"lazy\" decoding=\"async\" aria-describedby=\"caption-attachment-1574561\" class=\"wp-image-1574568 size-full\" src=\"https:\/\/www.pressenza.com\/wp-content\/uploads\/2022\/04\/tareferos-04-SubCoop-Agencia-Tierra-Viva.jpg\" alt=\"\" width=\"1024\" height=\"685\" srcset=\"https:\/\/www.pressenza.com\/wp-content\/uploads\/2022\/04\/tareferos-04-SubCoop-Agencia-Tierra-Viva.jpg 1024w, https:\/\/www.pressenza.com\/wp-content\/uploads\/2022\/04\/tareferos-04-SubCoop-Agencia-Tierra-Viva-300x201.jpg 300w, https:\/\/www.pressenza.com\/wp-content\/uploads\/2022\/04\/tareferos-04-SubCoop-Agencia-Tierra-Viva-820x549.jpg 820w\" sizes=\"auto, (max-width: 1024px) 100vw, 1024px\" \/><p id=\"caption-attachment-1574561\" class=\"wp-caption-text\">(Foto di Subcoop\/Agencia Tierra Viva)<\/p><\/div>\n<p><strong>Imparare a lottare per i diritti<\/strong><\/p>\n<p><a href=\"https:\/\/misionesonline.net\/2009\/11\/02\/misiones-tiene-un-nuevo-sindicato-de-tareferos\/\">Nel 2009 abbiamo formato il Sindacato dei <em>tareferos<\/em> di Montecarlo<\/a>, che mi ha aiutato tantissimo: ho imparato a leggere e so cosa c\u2019\u00e8 nella mia busta paga, quali sono le percentuali e cose cos\u00ec. <strong>Abbiamo imparato i nostri diritti e non stiamo pi\u00f9 in silenzio.<\/strong> Adesso alziamo la voce. Prima non potevi protestare perch\u00e9 c\u2019erano soprattutto uomini, e il padrone diceva cose che non capivamo, quindi stavamo zitte. Per\u00f2 adesso parliamo di pi\u00f9 del padrone.<\/p>\n<p>Un anno dopo la formazione del sindacato, nel 2010, abbiamo iniziato a richiedere degli indumenti da lavoro. Prima caricavamo il <em>mate<\/em> a mani nude. Con il sindacato abbiamo ottenuto degli attrezzi per trasportare il raccolto. Prima si portava tutto sulla schiena. In questo senso ci sono stati molti cambiamenti.<\/p>\n<p>Attualmente non ci sono minorenni nei campi, \u00e8 stato proibito. Prima tutti lavoravano. Si cominciava presto, a 13 o 15 anni. Per questo stiamo chiedendo <strong>una scuola serale per finire le elementari e le medie<\/strong>. Ma le scuole devono trovarsi nei villaggi; quelle esistenti invece sono abbastanza lontane. Bisogna andarci in bus, ma non passano per i nostri villaggi.<\/p>\n<p><strong>Vogliamo un lavoro dignitoso, un salario onesto e dei controlli.<\/strong> L\u2019<em>Uni\u00f3n Argentina de Trabajadores Rurales y Estibadores <\/em>(UATRE) ci chiede i contributi e riscuote, ma dove vanno a finire questi soldi? In teoria l\u2019UATRE dovrebbe rappresentarci, ma non \u00e8 mai stato presente. Per questo motivo abbiamo formato un altro sindacato. Ha tante mancanze ma continuiamo a sgobbare e non ci fermeremo qui. Continueremo a lottare per un lavoro e un salario degni a beneficio di tutti. <strong>Grazie al sindacato di Montecarlo ci sono stati molti risultati, anche se non tutti quelli che desideravamo, ma continuiamo a lottare.<\/strong><\/p>\n<p><strong><em>Tareferas<\/em><\/strong><strong>, le donne che lavorano per la raccolta<\/strong><\/p>\n<p>Nelle piantagioni ho scoperto tante cose delle mie compagne di lavoro perch\u00e9 condividevamo il cibo; ci sedevamo a bere il <em>mate<\/em> e scambiavamo confidenze. <strong>Ci raccontavamo i nostri problemi, cosa succedeva a casa, cosa mancava ai nostri figli e a noi stesse. Ho ascoltato molto e c\u2019erano anche donne violentate.<\/strong> Per me \u00e8 stato un grande insegnamento perch\u00e9, tramite tutto quello che ho vissuto e ascoltato dalle compagne, ho imparato a guardare oltre. Ho deciso di continuare col sindacato senza guardare indietro, sostenendo le nostre proteste. Sappiamo che non \u00e8 facile ma gli esempi di queste madri mi danno la forza di continuare. Parlo di madri sole con dieci figli che tirano avanti e le prendo da esempio. In quel periodo non era facile, mentre ora ci sono psicologi, c\u2019\u00e8 sostegno. Prima dovevamo solo lavorare, mentre adesso se una compagna \u00e8 incinta riceve il sussidio universale per i figli.<\/p>\n<p>Noi donne caricavamo pesi come gli uomini, trasportavamo il <em>mate<\/em> sui carretti. Oggi penso \u00abguarda come hanno tenuto duro le compagne\u00bb. <strong>A quel tempo nelle squadre c\u2019erano casi di molestie e si sopportavano perch\u00e9 non sapevamo come gestirle e come protestare.<\/strong> Ma adesso alziamo la voce ed \u00e8 diverso, non permettiamo pi\u00f9 queste cose.<\/p>\n<p>\u00c8 successo di tutto, tante cose brutte. Due volte andammo nelle piantagioni e mi dissero: \u00abguarda, Sonia, che il proprietario qua non vuole donne perch\u00e9 hanno le mestruazioni e fanno seccare le piante\u00bb. E io, perch\u00e9 i compagni continuassero a lavorare, risposi: \u00abVa bene, non lavoro ma pagami lo stesso la giornata\u00bb. <strong>Prima saremmo rimaste in silenzio, ci saremmo sedute senza dire nulla. Adesso no. Conosciamo i nostri diritti e non stiamo pi\u00f9 zitte.<\/strong><\/p>\n<p><em><strong>Di Sonia Lemos, da Montecarlo, provincia di Misiones in Argentina. Agencia Tierra Viva.<\/strong><\/em><\/p>\n<p><em>Traduzione dallo spagnolo di Mariasole Cailotto. Revisione di Thomas Schmid.<\/em><\/p>\n","protected":false},"excerpt":{"rendered":"<p>Nel giorno della Festa internazionale dei lavoratori, Sonia Lemos (segretaria generale del Sindacato dei tareferos) racconta la vita, i sentimenti e le lotte dei lavoratori della raccolta di yerba mate (il famoso infuso amato dagli argentini, N.d.R). Si organizzano per&hellip;<\/p>\n","protected":false},"author":1254,"featured_media":1574588,"comment_status":"closed","ping_status":"closed","sticky":false,"template":"","format":"standard","meta":{"footnotes":""},"categories":[60,54513,55,48],"tags":[1688,4595,54560,101818,3149,101819,101820],"class_list":["post-1580123","post","type-post","status-publish","format-standard","has-post-thumbnail","hentry","category-diritti-umani","category-genere-e-femminismi","category-politica","category-sud-america","tag-argentina-it","tag-diritti-delle-donne","tag-diritti-umani-es-it","tag-misiones-it","tag-schiavitu","tag-tareferos-it","tag-yerba-mate-it"],"yoast_head":"<!-- This site is optimized with the Yoast SEO plugin v27.1.1 - https:\/\/yoast.com\/product\/yoast-seo-wordpress\/ -->\n<title>Argentina: i lavoratori di yerba mate chiedono un lavoro dignitoso con salario adeguato<\/title>\n<meta name=\"description\" content=\"Prima saremmo rimaste in silenzio, ci saremmo sedute senza dire nulla. Adesso no. Conosciamo i nostri diritti e non stiamo pi\u00f9 zitte.\" \/>\n<meta name=\"robots\" content=\"index, follow, max-snippet:-1, max-image-preview:large, max-video-preview:-1\" \/>\n<link rel=\"canonical\" href=\"https:\/\/www.pressenza.com\/it\/2022\/05\/argentina-i-lavoratori-di-yerba-mate-chiedono-un-lavoro-dignitoso-con-salario-adeguato\/\" \/>\n<meta property=\"og:locale\" content=\"it_IT\" \/>\n<meta property=\"og:type\" content=\"article\" \/>\n<meta property=\"og:title\" content=\"Argentina: i lavoratori di yerba mate chiedono un lavoro dignitoso con salario adeguato\" \/>\n<meta property=\"og:description\" content=\"Prima saremmo rimaste in silenzio, ci saremmo sedute senza dire nulla. Adesso no. Conosciamo i nostri diritti e non stiamo pi\u00f9 zitte.\" \/>\n<meta property=\"og:url\" content=\"https:\/\/www.pressenza.com\/it\/2022\/05\/argentina-i-lavoratori-di-yerba-mate-chiedono-un-lavoro-dignitoso-con-salario-adeguato\/\" \/>\n<meta property=\"og:site_name\" content=\"Pressenza\" \/>\n<meta property=\"article:publisher\" content=\"https:\/\/www.facebook.com\/PressenzaItalia\" \/>\n<meta property=\"article:author\" content=\"https:\/\/www.facebook.com\/pressenza\" \/>\n<meta property=\"article:published_time\" content=\"2022-05-08T17:25:40+00:00\" \/>\n<meta property=\"article:modified_time\" content=\"2022-05-08T17:32:01+00:00\" \/>\n<meta property=\"og:image\" content=\"https:\/\/www.pressenza.com\/wp-content\/uploads\/2022\/04\/tareferos-02-Agencia-Tierra-Viva.jpg\" \/>\n\t<meta property=\"og:image:width\" content=\"1024\" \/>\n\t<meta property=\"og:image:height\" content=\"683\" \/>\n\t<meta property=\"og:image:type\" content=\"image\/jpeg\" \/>\n<meta name=\"author\" content=\"Redacci\u00f3n Mar del Plata\" \/>\n<meta name=\"twitter:card\" content=\"summary_large_image\" \/>\n<meta name=\"twitter:creator\" content=\"@Pressenza\" \/>\n<meta name=\"twitter:site\" content=\"@PressenzaIPA\" \/>\n<meta name=\"twitter:label1\" content=\"Scritto da\" \/>\n\t<meta name=\"twitter:data1\" content=\"Redacci\u00f3n Mar del Plata\" \/>\n\t<meta name=\"twitter:label2\" content=\"Tempo di lettura stimato\" \/>\n\t<meta name=\"twitter:data2\" content=\"9 minuti\" \/>\n<script type=\"application\/ld+json\" class=\"yoast-schema-graph\">{\"@context\":\"https:\/\/schema.org\",\"@graph\":[{\"@type\":\"Article\",\"@id\":\"https:\/\/www.pressenza.com\/it\/2022\/05\/argentina-i-lavoratori-di-yerba-mate-chiedono-un-lavoro-dignitoso-con-salario-adeguato\/#article\",\"isPartOf\":{\"@id\":\"https:\/\/www.pressenza.com\/it\/2022\/05\/argentina-i-lavoratori-di-yerba-mate-chiedono-un-lavoro-dignitoso-con-salario-adeguato\/\"},\"author\":{\"name\":\"Redacci\u00f3n Mar del Plata\",\"@id\":\"https:\/\/www.pressenza.com\/it\/#\/schema\/person\/738658b5125ecea661a8a0b96dba8b69\"},\"headline\":\"Argentina: i lavoratori di yerba mate chiedono un lavoro dignitoso con salario adeguato\",\"datePublished\":\"2022-05-08T17:25:40+00:00\",\"dateModified\":\"2022-05-08T17:32:01+00:00\",\"mainEntityOfPage\":{\"@id\":\"https:\/\/www.pressenza.com\/it\/2022\/05\/argentina-i-lavoratori-di-yerba-mate-chiedono-un-lavoro-dignitoso-con-salario-adeguato\/\"},\"wordCount\":1917,\"publisher\":{\"@id\":\"https:\/\/www.pressenza.com\/it\/#organization\"},\"image\":{\"@id\":\"https:\/\/www.pressenza.com\/it\/2022\/05\/argentina-i-lavoratori-di-yerba-mate-chiedono-un-lavoro-dignitoso-con-salario-adeguato\/#primaryimage\"},\"thumbnailUrl\":\"https:\/\/www.pressenza.com\/wp-content\/uploads\/2022\/04\/tareferos-02-Agencia-Tierra-Viva.jpg\",\"keywords\":[\"Argentina\",\"diritti delle donne\",\"diritti umani\",\"Misiones\",\"schiavit\u00f9\",\"tareferos\",\"yerba mate\"],\"articleSection\":[\"Diritti Umani\",\"Genere e femminismi\",\"Politica\",\"Sud America\"],\"inLanguage\":\"it-IT\"},{\"@type\":\"WebPage\",\"@id\":\"https:\/\/www.pressenza.com\/it\/2022\/05\/argentina-i-lavoratori-di-yerba-mate-chiedono-un-lavoro-dignitoso-con-salario-adeguato\/\",\"url\":\"https:\/\/www.pressenza.com\/it\/2022\/05\/argentina-i-lavoratori-di-yerba-mate-chiedono-un-lavoro-dignitoso-con-salario-adeguato\/\",\"name\":\"Argentina: i lavoratori di yerba mate chiedono un lavoro dignitoso con salario adeguato\",\"isPartOf\":{\"@id\":\"https:\/\/www.pressenza.com\/it\/#website\"},\"primaryImageOfPage\":{\"@id\":\"https:\/\/www.pressenza.com\/it\/2022\/05\/argentina-i-lavoratori-di-yerba-mate-chiedono-un-lavoro-dignitoso-con-salario-adeguato\/#primaryimage\"},\"image\":{\"@id\":\"https:\/\/www.pressenza.com\/it\/2022\/05\/argentina-i-lavoratori-di-yerba-mate-chiedono-un-lavoro-dignitoso-con-salario-adeguato\/#primaryimage\"},\"thumbnailUrl\":\"https:\/\/www.pressenza.com\/wp-content\/uploads\/2022\/04\/tareferos-02-Agencia-Tierra-Viva.jpg\",\"datePublished\":\"2022-05-08T17:25:40+00:00\",\"dateModified\":\"2022-05-08T17:32:01+00:00\",\"description\":\"Prima saremmo rimaste in silenzio, ci saremmo sedute senza dire nulla. Adesso no. Conosciamo i nostri diritti e non stiamo pi\u00f9 zitte.\",\"breadcrumb\":{\"@id\":\"https:\/\/www.pressenza.com\/it\/2022\/05\/argentina-i-lavoratori-di-yerba-mate-chiedono-un-lavoro-dignitoso-con-salario-adeguato\/#breadcrumb\"},\"inLanguage\":\"it-IT\",\"potentialAction\":[{\"@type\":\"ReadAction\",\"target\":[\"https:\/\/www.pressenza.com\/it\/2022\/05\/argentina-i-lavoratori-di-yerba-mate-chiedono-un-lavoro-dignitoso-con-salario-adeguato\/\"]}]},{\"@type\":\"ImageObject\",\"inLanguage\":\"it-IT\",\"@id\":\"https:\/\/www.pressenza.com\/it\/2022\/05\/argentina-i-lavoratori-di-yerba-mate-chiedono-un-lavoro-dignitoso-con-salario-adeguato\/#primaryimage\",\"url\":\"https:\/\/www.pressenza.com\/wp-content\/uploads\/2022\/04\/tareferos-02-Agencia-Tierra-Viva.jpg\",\"contentUrl\":\"https:\/\/www.pressenza.com\/wp-content\/uploads\/2022\/04\/tareferos-02-Agencia-Tierra-Viva.jpg\",\"width\":1024,\"height\":683},{\"@type\":\"BreadcrumbList\",\"@id\":\"https:\/\/www.pressenza.com\/it\/2022\/05\/argentina-i-lavoratori-di-yerba-mate-chiedono-un-lavoro-dignitoso-con-salario-adeguato\/#breadcrumb\",\"itemListElement\":[{\"@type\":\"ListItem\",\"position\":1,\"name\":\"Accueil\",\"item\":\"https:\/\/www.pressenza.com\/it\/\"},{\"@type\":\"ListItem\",\"position\":2,\"name\":\"Argentina: i lavoratori di yerba mate chiedono un lavoro dignitoso con salario adeguato\"}]},{\"@type\":\"WebSite\",\"@id\":\"https:\/\/www.pressenza.com\/it\/#website\",\"url\":\"https:\/\/www.pressenza.com\/it\/\",\"name\":\"Pressenza\",\"description\":\"Agenzia di Stampa Internazionale\",\"publisher\":{\"@id\":\"https:\/\/www.pressenza.com\/it\/#organization\"},\"potentialAction\":[{\"@type\":\"SearchAction\",\"target\":{\"@type\":\"EntryPoint\",\"urlTemplate\":\"https:\/\/www.pressenza.com\/it\/?s={search_term_string}\"},\"query-input\":{\"@type\":\"PropertyValueSpecification\",\"valueRequired\":true,\"valueName\":\"search_term_string\"}}],\"inLanguage\":\"it-IT\"},{\"@type\":\"Organization\",\"@id\":\"https:\/\/www.pressenza.com\/it\/#organization\",\"name\":\"Pressenza\",\"url\":\"https:\/\/www.pressenza.com\/it\/\",\"logo\":{\"@type\":\"ImageObject\",\"inLanguage\":\"it-IT\",\"@id\":\"https:\/\/www.pressenza.com\/it\/#\/schema\/logo\/image\/\",\"url\":\"https:\/\/www.pressenza.com\/wp-content\/uploads\/2022\/10\/pressenza_logo_200x200.jpg\",\"contentUrl\":\"https:\/\/www.pressenza.com\/wp-content\/uploads\/2022\/10\/pressenza_logo_200x200.jpg\",\"width\":200,\"height\":200,\"caption\":\"Pressenza\"},\"image\":{\"@id\":\"https:\/\/www.pressenza.com\/it\/#\/schema\/logo\/image\/\"},\"sameAs\":[\"https:\/\/www.facebook.com\/PressenzaItalia\",\"https:\/\/x.com\/PressenzaIPA\"]},{\"@type\":\"Person\",\"@id\":\"https:\/\/www.pressenza.com\/it\/#\/schema\/person\/738658b5125ecea661a8a0b96dba8b69\",\"name\":\"Redacci\u00f3n Mar del Plata\",\"description\":\"News published by the Pressenza bureau in Mar Del Plata, Argentina\",\"sameAs\":[\"https:\/\/www.facebook.com\/pressenza\",\"https:\/\/x.com\/Pressenza\"],\"url\":\"https:\/\/www.pressenza.com\/it\/author\/redaccion-mar-del-plata\/\"}]}<\/script>\n<!-- \/ Yoast SEO plugin. -->","yoast_head_json":{"title":"Argentina: i lavoratori di yerba mate chiedono un lavoro dignitoso con salario adeguato","description":"Prima saremmo rimaste in silenzio, ci saremmo sedute senza dire nulla. Adesso no. Conosciamo i nostri diritti e non stiamo pi\u00f9 zitte.","robots":{"index":"index","follow":"follow","max-snippet":"max-snippet:-1","max-image-preview":"max-image-preview:large","max-video-preview":"max-video-preview:-1"},"canonical":"https:\/\/www.pressenza.com\/it\/2022\/05\/argentina-i-lavoratori-di-yerba-mate-chiedono-un-lavoro-dignitoso-con-salario-adeguato\/","og_locale":"it_IT","og_type":"article","og_title":"Argentina: i lavoratori di yerba mate chiedono un lavoro dignitoso con salario adeguato","og_description":"Prima saremmo rimaste in silenzio, ci saremmo sedute senza dire nulla. Adesso no. Conosciamo i nostri diritti e non stiamo pi\u00f9 zitte.","og_url":"https:\/\/www.pressenza.com\/it\/2022\/05\/argentina-i-lavoratori-di-yerba-mate-chiedono-un-lavoro-dignitoso-con-salario-adeguato\/","og_site_name":"Pressenza","article_publisher":"https:\/\/www.facebook.com\/PressenzaItalia","article_author":"https:\/\/www.facebook.com\/pressenza","article_published_time":"2022-05-08T17:25:40+00:00","article_modified_time":"2022-05-08T17:32:01+00:00","og_image":[{"width":1024,"height":683,"url":"https:\/\/www.pressenza.com\/wp-content\/uploads\/2022\/04\/tareferos-02-Agencia-Tierra-Viva.jpg","type":"image\/jpeg"}],"author":"Redacci\u00f3n Mar del Plata","twitter_card":"summary_large_image","twitter_creator":"@Pressenza","twitter_site":"@PressenzaIPA","twitter_misc":{"Scritto da":"Redacci\u00f3n Mar del Plata","Tempo di lettura stimato":"9 minuti"},"schema":{"@context":"https:\/\/schema.org","@graph":[{"@type":"Article","@id":"https:\/\/www.pressenza.com\/it\/2022\/05\/argentina-i-lavoratori-di-yerba-mate-chiedono-un-lavoro-dignitoso-con-salario-adeguato\/#article","isPartOf":{"@id":"https:\/\/www.pressenza.com\/it\/2022\/05\/argentina-i-lavoratori-di-yerba-mate-chiedono-un-lavoro-dignitoso-con-salario-adeguato\/"},"author":{"name":"Redacci\u00f3n Mar del Plata","@id":"https:\/\/www.pressenza.com\/it\/#\/schema\/person\/738658b5125ecea661a8a0b96dba8b69"},"headline":"Argentina: i lavoratori di yerba mate chiedono un lavoro dignitoso con salario adeguato","datePublished":"2022-05-08T17:25:40+00:00","dateModified":"2022-05-08T17:32:01+00:00","mainEntityOfPage":{"@id":"https:\/\/www.pressenza.com\/it\/2022\/05\/argentina-i-lavoratori-di-yerba-mate-chiedono-un-lavoro-dignitoso-con-salario-adeguato\/"},"wordCount":1917,"publisher":{"@id":"https:\/\/www.pressenza.com\/it\/#organization"},"image":{"@id":"https:\/\/www.pressenza.com\/it\/2022\/05\/argentina-i-lavoratori-di-yerba-mate-chiedono-un-lavoro-dignitoso-con-salario-adeguato\/#primaryimage"},"thumbnailUrl":"https:\/\/www.pressenza.com\/wp-content\/uploads\/2022\/04\/tareferos-02-Agencia-Tierra-Viva.jpg","keywords":["Argentina","diritti delle donne","diritti umani","Misiones","schiavit\u00f9","tareferos","yerba mate"],"articleSection":["Diritti Umani","Genere e femminismi","Politica","Sud America"],"inLanguage":"it-IT"},{"@type":"WebPage","@id":"https:\/\/www.pressenza.com\/it\/2022\/05\/argentina-i-lavoratori-di-yerba-mate-chiedono-un-lavoro-dignitoso-con-salario-adeguato\/","url":"https:\/\/www.pressenza.com\/it\/2022\/05\/argentina-i-lavoratori-di-yerba-mate-chiedono-un-lavoro-dignitoso-con-salario-adeguato\/","name":"Argentina: i lavoratori di yerba mate chiedono un lavoro dignitoso con salario adeguato","isPartOf":{"@id":"https:\/\/www.pressenza.com\/it\/#website"},"primaryImageOfPage":{"@id":"https:\/\/www.pressenza.com\/it\/2022\/05\/argentina-i-lavoratori-di-yerba-mate-chiedono-un-lavoro-dignitoso-con-salario-adeguato\/#primaryimage"},"image":{"@id":"https:\/\/www.pressenza.com\/it\/2022\/05\/argentina-i-lavoratori-di-yerba-mate-chiedono-un-lavoro-dignitoso-con-salario-adeguato\/#primaryimage"},"thumbnailUrl":"https:\/\/www.pressenza.com\/wp-content\/uploads\/2022\/04\/tareferos-02-Agencia-Tierra-Viva.jpg","datePublished":"2022-05-08T17:25:40+00:00","dateModified":"2022-05-08T17:32:01+00:00","description":"Prima saremmo rimaste in silenzio, ci saremmo sedute senza dire nulla. Adesso no. Conosciamo i nostri diritti e non stiamo pi\u00f9 zitte.","breadcrumb":{"@id":"https:\/\/www.pressenza.com\/it\/2022\/05\/argentina-i-lavoratori-di-yerba-mate-chiedono-un-lavoro-dignitoso-con-salario-adeguato\/#breadcrumb"},"inLanguage":"it-IT","potentialAction":[{"@type":"ReadAction","target":["https:\/\/www.pressenza.com\/it\/2022\/05\/argentina-i-lavoratori-di-yerba-mate-chiedono-un-lavoro-dignitoso-con-salario-adeguato\/"]}]},{"@type":"ImageObject","inLanguage":"it-IT","@id":"https:\/\/www.pressenza.com\/it\/2022\/05\/argentina-i-lavoratori-di-yerba-mate-chiedono-un-lavoro-dignitoso-con-salario-adeguato\/#primaryimage","url":"https:\/\/www.pressenza.com\/wp-content\/uploads\/2022\/04\/tareferos-02-Agencia-Tierra-Viva.jpg","contentUrl":"https:\/\/www.pressenza.com\/wp-content\/uploads\/2022\/04\/tareferos-02-Agencia-Tierra-Viva.jpg","width":1024,"height":683},{"@type":"BreadcrumbList","@id":"https:\/\/www.pressenza.com\/it\/2022\/05\/argentina-i-lavoratori-di-yerba-mate-chiedono-un-lavoro-dignitoso-con-salario-adeguato\/#breadcrumb","itemListElement":[{"@type":"ListItem","position":1,"name":"Accueil","item":"https:\/\/www.pressenza.com\/it\/"},{"@type":"ListItem","position":2,"name":"Argentina: i lavoratori di yerba mate chiedono un lavoro dignitoso con salario adeguato"}]},{"@type":"WebSite","@id":"https:\/\/www.pressenza.com\/it\/#website","url":"https:\/\/www.pressenza.com\/it\/","name":"Pressenza","description":"Agenzia di Stampa Internazionale","publisher":{"@id":"https:\/\/www.pressenza.com\/it\/#organization"},"potentialAction":[{"@type":"SearchAction","target":{"@type":"EntryPoint","urlTemplate":"https:\/\/www.pressenza.com\/it\/?s={search_term_string}"},"query-input":{"@type":"PropertyValueSpecification","valueRequired":true,"valueName":"search_term_string"}}],"inLanguage":"it-IT"},{"@type":"Organization","@id":"https:\/\/www.pressenza.com\/it\/#organization","name":"Pressenza","url":"https:\/\/www.pressenza.com\/it\/","logo":{"@type":"ImageObject","inLanguage":"it-IT","@id":"https:\/\/www.pressenza.com\/it\/#\/schema\/logo\/image\/","url":"https:\/\/www.pressenza.com\/wp-content\/uploads\/2022\/10\/pressenza_logo_200x200.jpg","contentUrl":"https:\/\/www.pressenza.com\/wp-content\/uploads\/2022\/10\/pressenza_logo_200x200.jpg","width":200,"height":200,"caption":"Pressenza"},"image":{"@id":"https:\/\/www.pressenza.com\/it\/#\/schema\/logo\/image\/"},"sameAs":["https:\/\/www.facebook.com\/PressenzaItalia","https:\/\/x.com\/PressenzaIPA"]},{"@type":"Person","@id":"https:\/\/www.pressenza.com\/it\/#\/schema\/person\/738658b5125ecea661a8a0b96dba8b69","name":"Redacci\u00f3n Mar del Plata","description":"News published by the Pressenza bureau in Mar Del Plata, Argentina","sameAs":["https:\/\/www.facebook.com\/pressenza","https:\/\/x.com\/Pressenza"],"url":"https:\/\/www.pressenza.com\/it\/author\/redaccion-mar-del-plata\/"}]}},"place":"Argentina - Sonia Lemos","original_article_url":"https:\/\/agenciatierraviva.com.ar\/1-de-mayo-los-tareferos-queremos-un-trabajo-digno-y-bien-pago\/","_links":{"self":[{"href":"https:\/\/www.pressenza.com\/it\/wp-json\/wp\/v2\/posts\/1580123","targetHints":{"allow":["GET"]}}],"collection":[{"href":"https:\/\/www.pressenza.com\/it\/wp-json\/wp\/v2\/posts"}],"about":[{"href":"https:\/\/www.pressenza.com\/it\/wp-json\/wp\/v2\/types\/post"}],"author":[{"embeddable":true,"href":"https:\/\/www.pressenza.com\/it\/wp-json\/wp\/v2\/users\/1254"}],"replies":[{"embeddable":true,"href":"https:\/\/www.pressenza.com\/it\/wp-json\/wp\/v2\/comments?post=1580123"}],"version-history":[{"count":0,"href":"https:\/\/www.pressenza.com\/it\/wp-json\/wp\/v2\/posts\/1580123\/revisions"}],"wp:featuredmedia":[{"embeddable":true,"href":"https:\/\/www.pressenza.com\/it\/wp-json\/wp\/v2\/media\/1574588"}],"wp:attachment":[{"href":"https:\/\/www.pressenza.com\/it\/wp-json\/wp\/v2\/media?parent=1580123"}],"wp:term":[{"taxonomy":"category","embeddable":true,"href":"https:\/\/www.pressenza.com\/it\/wp-json\/wp\/v2\/categories?post=1580123"},{"taxonomy":"post_tag","embeddable":true,"href":"https:\/\/www.pressenza.com\/it\/wp-json\/wp\/v2\/tags?post=1580123"}],"curies":[{"name":"wp","href":"https:\/\/api.w.org\/{rel}","templated":true}]}}