{"id":15791,"date":"2012-09-05T19:10:22","date_gmt":"2012-09-05T19:10:22","guid":{"rendered":"http:\/\/www.pressenza.com\/?p=15791"},"modified":"2013-02-08T21:11:22","modified_gmt":"2013-02-08T21:11:22","slug":"lva-alcoa-carbosulcis-la-soluzione-sta-nella-proprieta-partecipata","status":"publish","type":"post","link":"https:\/\/www.pressenza.com\/it\/2012\/09\/lva-alcoa-carbosulcis-la-soluzione-sta-nella-proprieta-partecipata\/","title":{"rendered":"llva, Alcoa, Carbosulcis: la soluzione sta nella propriet\u00e0 partecipata"},"content":{"rendered":"<p>Le ultime vicende che hanno coinvolto i lavoratori della Alcoa e della Carbosulcis in Sardegna e dell\u2019Ilva di Taranto meriterebbero di essere osservate anche da altri punti di vista oltre che da quelli ormai scontati di chi sta provando a gestire queste situazioni che rischiano di diventare drammatiche per migliaia di famiglie. Situazioni che appaiono impossibili da risolvere.<\/p>\n<p>La storia dell\u2019essere umano \u00e8 sempre stata tempestata da situazioni difficili da cui sembrava impossibile uscire, fino a quando si \u00e8 scoperto che bastava guardare i problemi da un altro punto di vista per trovare la soluzione.<br \/>\nIn fondo chi sono i protagonisti di queste vicende, oltre ai lavoratori direttamente interessati? Le imprese, il governo e le organizzazioni sindacali. Poi, allargando lo sguardo, compaiono altre componenti solo apparentemente in secondo piano, come i partiti politici, l\u2019unione europea con i suoi regolamenti, le banche.<br \/>\nEbbene, nonostante ci siano tutti questi protagonisti, nessuno \u00e8 in grado di proporre soluzioni che non abbiano conseguenze negative per il presente e il futuro dei lavoratori e dell\u2019ambiente. Perch\u00e9?<br \/>\nPerch\u00e9 questa montagna costituita da imprenditori, politici, sindacalisti, economisti e operatori finanziari \u00e8 in grado partorire solo e soltanto topolini?<br \/>\nProbabilmente per una ragione alquanto semplice: perch\u00e9 c\u2019\u00e8 bisogno di altri punti di vista. Ma per avere un altro punto di vista \u00e8 necessario liberarsi dai preconcetti, dai pregiudizi e soprattutto dagli interessi pi\u00f9 o meno privati che restringono il campo visivo.<br \/>\nIn altre parole, di fronte a problemi che appaiono impossibili da risolvere bisogna trascendere, andare oltre se stessi, oltre i propri interessi. Possiamo aspettarci questo tipo di atteggiamento dagli attuali imprenditori, politici, sindacalisti, economisti e operatori finanziari? Non siamo abituati a chiudere il futuro ad alcun essere umano, per cui non vogliamo escludere questa possibilit\u00e0. Ma nel frattempo, migliaia di famiglia rischiano di trovarsi senza reddito e quindi non c\u2019\u00e8 pi\u00f9 molto tempo da perdere.<\/p>\n<p>Mentre stiamo scrivendo i lavoratori della Carbosulcis hanno terminato la loro protesta a quasi 400 metri sottoterra e tre operai dell\u2019Alcoa sono saliti per protesta a 70 metri d&#8217;altezza su uno dei silos dell&#8217;impianto di Portovesme. Queste due forme di protesta sembrano allegoricamente suggerire che se si rimane sul solito e unico piano di confronto la soluzione non si trover\u00e0 e che invece bisogna sperimentare altri livelli.<\/p>\n<p>Altri livelli come quello della propriet\u00e0 partecipata dei lavoratori.<\/p>\n<p>Fino a quando, cio\u00e8, si rimarr\u00e0 all\u2019interno del plurisecolare schema che prevede la propriet\u00e0 dei mezzi di produzione solo nelle mani di chi detiene il capitale, che diventa per forza di cose anche proprietario delle vite dei lavoratori e delle loro famiglie, non solo non troveranno soluzione situazioni critiche come quelle della Alcoa e della Carbosulcis in Sardegna e dell\u2019Ilva di Taranto, ma se ne creeranno altre sempre pi\u00f9 critiche.<\/p>\n<p>In fondo l\u2019Alcoa, per esempio, vuole chiudere gli impianti di Portovesme perch\u00e9 ne deve aprire altri in luoghi in cui la mano d\u2019opera \u00e8 meno costosa e ha meno diritti, non certo perch\u00e9 sta fallendo.<\/p>\n<p>Ecco perch\u00e9 c\u2019\u00e8 bisogno che i lavoratori partecipino alla propriet\u00e0 dell\u2019azienda in cui lavorano. La compartecipazione dei lavoratori alla direzione dell\u2019azienda \u00e8 l\u2019unico modo per far s\u00ec che il profitto derivante dal loro lavoro venga reinvestito il pi\u00f9 possibile in termini di nuova occupazione e di riconversione necessaria a salvaguardare l\u2019ambiente. Solo con la loro partecipazione diretta alla gestione dell\u2019azienda i lavoratori possono garantire che il capitale non prenda la via della speculazione finanziaria, causa principale dell\u2019attuale crisi economica.<\/p>\n<p>Ecco quindi un altro punto di vista. Ecco quindi una concreta possibilit\u00e0 di soluzione della crisi attuale. Ecco una proposta che apparir\u00e0 impossibile da realizzare solo a chi vuole rimanere ancorato ad un sistema di rapporti tra i fattori di produzione che ormai ha fatto il suo tempo e che non ha pi\u00f9 nulla da dare, anzi sta solo creando danni sempre pi\u00f9 gravi.<\/p>\n<p>Purtroppo per i limiti descritti prima nulla possiamo aspettarci da chi vorrebbe governare questa crisi. Troppi sono i lacci soprattutto mentali dettati dalla memoria e dagli interessi del portafogli per sperare in un cambiamento di rotta che non venga direttamente da chi sta subendo le conseguenze di una crisi di cui non \u00e8 responsabile. Gli imprenditori non hanno alcuna intenzione di condividere le loro propriet\u00e0, anche se fossero sull\u2019orlo del fallimento; i maggiori partiti politici sono troppo impegnati a fare in modo da non perdere consenso; il governo \u00e8 troppo impegnato a fare gli interessi di chi detiene il potere economico; i sindacati pi\u00f9 grandi non sono pi\u00f9 in grado di rappresentare i reali bisogni dei lavoratori e non hanno alcun interesse a dar loro maggiore potere decisionale.<\/p>\n<p>Solo i lavoratori possono, se vogliono, dare una svolta agli eventi.<\/p>\n<p>I lavoratori dell\u2019Alcoa possono, se vogliono, impedire che gli impianti vengano chiusi e pretendere che d\u2019ora in poi tutte le decisioni vengano prese con la loro diretta partecipazione, non mediata dai sindacati.<\/p>\n<p>I lavoratori della Carbosulcis possono, se vogliono, decidere di non aspettare pi\u00f9 che gli impegni presi dal governo vengano rispettati, ma decidere direttamente quale sar\u00e0 il futuro della miniera.<\/p>\n<p>I lavoratori dell\u2019Ilva di Taranto possono, se vogliono, fare in modo da fermare subito le emissioni inquinanti e progettare direttamente la riconversione del capitale investito in attivit\u00e0 produttive pi\u00f9 rispettose della salute della popolazione e dell\u2019ambiente.<\/p>\n<p>In sintesi i lavoratori, se vogliono, possono cambiare punto di vista e non attendere pi\u00f9 che siano gli altri a decidere delle loro vite. La lotta che vince veramente non \u00e8 pi\u00f9 solo per mantenere il posto di lavoro, ma per decidere direttamente su quale debba essere il destino del profitto derivante dal proprio lavoro. Se una parte di questo profitto viene usata per pagare le spese e gli stipendi, il resto che fine fa? La crisi attuale ci ha insegnato che il resto va soprattutto verso le speculazioni finanziarie, impedendo, per esempio, la creazione di altro lavoro e il continuo sviluppo di uno stato sociale degno di questo nome.<\/p>\n<p>Non \u00e8 tutto, ma solo questo gi\u00e0 basterebbe per cambiare finalmente punto di vista.<\/p>\n","protected":false},"excerpt":{"rendered":"<p>Le ultime vicende che hanno coinvolto i lavoratori della Alcoa e della Carbosulcis in Sardegna e dell\u2019Ilva di Taranto meriterebbero di essere osservate anche da altri punti di vista oltre che da quelli ormai scontati di chi sta provando a&hellip;<\/p>\n","protected":false},"author":10,"featured_media":15801,"comment_status":"closed","ping_status":"open","sticky":false,"template":"","format":"standard","meta":{"footnotes":""},"categories":[150,62,162,55],"tags":[210,226,178,370],"class_list":["post-15791","post","type-post","status-publish","format-standard","has-post-thumbnail","hentry","category-comunicati-stampa","category-economia","category-opinioni","category-politica","tag-carbone","tag-ilva","tag-inquinamento","tag-italia"],"yoast_head":"<!-- This site is optimized with the Yoast SEO plugin v27.1.1 - https:\/\/yoast.com\/product\/yoast-seo-wordpress\/ -->\n<title>llva, Alcoa, Carbosulcis: la soluzione sta nella propriet\u00e0 partecipata<\/title>\n<meta name=\"description\" content=\"Le ultime vicende che hanno coinvolto i lavoratori della Alcoa e della Carbosulcis in Sardegna e dell\u2019Ilva di Taranto meriterebbero di essere osservate\" \/>\n<meta name=\"robots\" content=\"index, follow, max-snippet:-1, max-image-preview:large, max-video-preview:-1\" \/>\n<link rel=\"canonical\" href=\"https:\/\/www.pressenza.com\/it\/2012\/09\/lva-alcoa-carbosulcis-la-soluzione-sta-nella-proprieta-partecipata\/\" \/>\n<meta property=\"og:locale\" content=\"it_IT\" \/>\n<meta property=\"og:type\" content=\"article\" \/>\n<meta property=\"og:title\" content=\"llva, Alcoa, Carbosulcis: la soluzione sta nella propriet\u00e0 partecipata\" \/>\n<meta property=\"og:description\" content=\"Le ultime vicende che hanno coinvolto i lavoratori della Alcoa e della Carbosulcis in Sardegna e dell\u2019Ilva di Taranto meriterebbero di essere osservate\" \/>\n<meta property=\"og:url\" content=\"https:\/\/www.pressenza.com\/it\/2012\/09\/lva-alcoa-carbosulcis-la-soluzione-sta-nella-proprieta-partecipata\/\" \/>\n<meta property=\"og:site_name\" content=\"Pressenza\" \/>\n<meta property=\"article:publisher\" content=\"https:\/\/www.facebook.com\/PressenzaItalia\" \/>\n<meta property=\"article:published_time\" content=\"2012-09-05T19:10:22+00:00\" \/>\n<meta property=\"article:modified_time\" content=\"2013-02-08T21:11:22+00:00\" \/>\n<meta property=\"og:image\" content=\"https:\/\/www.pressenza.com\/wp-content\/uploads\/2012\/09\/ILVA27Agosto.jpg\" \/>\n\t<meta property=\"og:image:width\" content=\"1280\" \/>\n\t<meta property=\"og:image:height\" content=\"800\" \/>\n\t<meta property=\"og:image:type\" content=\"image\/jpeg\" \/>\n<meta name=\"author\" content=\"Olivier Turquet\" \/>\n<meta name=\"twitter:card\" content=\"summary_large_image\" \/>\n<meta name=\"twitter:creator\" content=\"@PressenzaIPA\" \/>\n<meta name=\"twitter:site\" content=\"@PressenzaIPA\" \/>\n<meta name=\"twitter:label1\" content=\"Scritto da\" \/>\n\t<meta name=\"twitter:data1\" content=\"Olivier Turquet\" \/>\n\t<meta name=\"twitter:label2\" content=\"Tempo di lettura stimato\" \/>\n\t<meta name=\"twitter:data2\" content=\"5 minuti\" \/>\n<script type=\"application\/ld+json\" class=\"yoast-schema-graph\">{\"@context\":\"https:\/\/schema.org\",\"@graph\":[{\"@type\":\"Article\",\"@id\":\"https:\/\/www.pressenza.com\/it\/2012\/09\/lva-alcoa-carbosulcis-la-soluzione-sta-nella-proprieta-partecipata\/#article\",\"isPartOf\":{\"@id\":\"https:\/\/www.pressenza.com\/it\/2012\/09\/lva-alcoa-carbosulcis-la-soluzione-sta-nella-proprieta-partecipata\/\"},\"author\":{\"name\":\"Olivier Turquet\",\"@id\":\"https:\/\/www.pressenza.com\/it\/#\/schema\/person\/636f8feb51f63f34e7378d5fcdd1de53\"},\"headline\":\"llva, Alcoa, Carbosulcis: la soluzione sta nella propriet\u00e0 partecipata\",\"datePublished\":\"2012-09-05T19:10:22+00:00\",\"dateModified\":\"2013-02-08T21:11:22+00:00\",\"mainEntityOfPage\":{\"@id\":\"https:\/\/www.pressenza.com\/it\/2012\/09\/lva-alcoa-carbosulcis-la-soluzione-sta-nella-proprieta-partecipata\/\"},\"wordCount\":1010,\"publisher\":{\"@id\":\"https:\/\/www.pressenza.com\/it\/#organization\"},\"image\":{\"@id\":\"https:\/\/www.pressenza.com\/it\/2012\/09\/lva-alcoa-carbosulcis-la-soluzione-sta-nella-proprieta-partecipata\/#primaryimage\"},\"thumbnailUrl\":\"https:\/\/www.pressenza.com\/wp-content\/uploads\/2012\/09\/ILVA27Agosto.jpg\",\"keywords\":[\"carbone\",\"ILVA\",\"inquinamento\",\"Italia\"],\"articleSection\":[\"Comunicati Stampa\",\"Economia\",\"Opinioni\",\"Politica\"],\"inLanguage\":\"it-IT\"},{\"@type\":\"WebPage\",\"@id\":\"https:\/\/www.pressenza.com\/it\/2012\/09\/lva-alcoa-carbosulcis-la-soluzione-sta-nella-proprieta-partecipata\/\",\"url\":\"https:\/\/www.pressenza.com\/it\/2012\/09\/lva-alcoa-carbosulcis-la-soluzione-sta-nella-proprieta-partecipata\/\",\"name\":\"llva, Alcoa, Carbosulcis: la soluzione sta nella propriet\u00e0 partecipata\",\"isPartOf\":{\"@id\":\"https:\/\/www.pressenza.com\/it\/#website\"},\"primaryImageOfPage\":{\"@id\":\"https:\/\/www.pressenza.com\/it\/2012\/09\/lva-alcoa-carbosulcis-la-soluzione-sta-nella-proprieta-partecipata\/#primaryimage\"},\"image\":{\"@id\":\"https:\/\/www.pressenza.com\/it\/2012\/09\/lva-alcoa-carbosulcis-la-soluzione-sta-nella-proprieta-partecipata\/#primaryimage\"},\"thumbnailUrl\":\"https:\/\/www.pressenza.com\/wp-content\/uploads\/2012\/09\/ILVA27Agosto.jpg\",\"datePublished\":\"2012-09-05T19:10:22+00:00\",\"dateModified\":\"2013-02-08T21:11:22+00:00\",\"description\":\"Le ultime vicende che hanno coinvolto i lavoratori della Alcoa e della Carbosulcis in Sardegna e dell\u2019Ilva di Taranto meriterebbero di essere osservate\",\"breadcrumb\":{\"@id\":\"https:\/\/www.pressenza.com\/it\/2012\/09\/lva-alcoa-carbosulcis-la-soluzione-sta-nella-proprieta-partecipata\/#breadcrumb\"},\"inLanguage\":\"it-IT\",\"potentialAction\":[{\"@type\":\"ReadAction\",\"target\":[\"https:\/\/www.pressenza.com\/it\/2012\/09\/lva-alcoa-carbosulcis-la-soluzione-sta-nella-proprieta-partecipata\/\"]}]},{\"@type\":\"ImageObject\",\"inLanguage\":\"it-IT\",\"@id\":\"https:\/\/www.pressenza.com\/it\/2012\/09\/lva-alcoa-carbosulcis-la-soluzione-sta-nella-proprieta-partecipata\/#primaryimage\",\"url\":\"https:\/\/www.pressenza.com\/wp-content\/uploads\/2012\/09\/ILVA27Agosto.jpg\",\"contentUrl\":\"https:\/\/www.pressenza.com\/wp-content\/uploads\/2012\/09\/ILVA27Agosto.jpg\",\"width\":\"1280\",\"height\":\"800\"},{\"@type\":\"BreadcrumbList\",\"@id\":\"https:\/\/www.pressenza.com\/it\/2012\/09\/lva-alcoa-carbosulcis-la-soluzione-sta-nella-proprieta-partecipata\/#breadcrumb\",\"itemListElement\":[{\"@type\":\"ListItem\",\"position\":1,\"name\":\"Accueil\",\"item\":\"https:\/\/www.pressenza.com\/it\/\"},{\"@type\":\"ListItem\",\"position\":2,\"name\":\"llva, Alcoa, Carbosulcis: la soluzione sta nella propriet\u00e0 partecipata\"}]},{\"@type\":\"WebSite\",\"@id\":\"https:\/\/www.pressenza.com\/it\/#website\",\"url\":\"https:\/\/www.pressenza.com\/it\/\",\"name\":\"Pressenza\",\"description\":\"Agenzia di Stampa Internazionale\",\"publisher\":{\"@id\":\"https:\/\/www.pressenza.com\/it\/#organization\"},\"potentialAction\":[{\"@type\":\"SearchAction\",\"target\":{\"@type\":\"EntryPoint\",\"urlTemplate\":\"https:\/\/www.pressenza.com\/it\/?s={search_term_string}\"},\"query-input\":{\"@type\":\"PropertyValueSpecification\",\"valueRequired\":true,\"valueName\":\"search_term_string\"}}],\"inLanguage\":\"it-IT\"},{\"@type\":\"Organization\",\"@id\":\"https:\/\/www.pressenza.com\/it\/#organization\",\"name\":\"Pressenza\",\"url\":\"https:\/\/www.pressenza.com\/it\/\",\"logo\":{\"@type\":\"ImageObject\",\"inLanguage\":\"it-IT\",\"@id\":\"https:\/\/www.pressenza.com\/it\/#\/schema\/logo\/image\/\",\"url\":\"https:\/\/www.pressenza.com\/wp-content\/uploads\/2022\/10\/pressenza_logo_200x200.jpg\",\"contentUrl\":\"https:\/\/www.pressenza.com\/wp-content\/uploads\/2022\/10\/pressenza_logo_200x200.jpg\",\"width\":200,\"height\":200,\"caption\":\"Pressenza\"},\"image\":{\"@id\":\"https:\/\/www.pressenza.com\/it\/#\/schema\/logo\/image\/\"},\"sameAs\":[\"https:\/\/www.facebook.com\/PressenzaItalia\",\"https:\/\/x.com\/PressenzaIPA\"]},{\"@type\":\"Person\",\"@id\":\"https:\/\/www.pressenza.com\/it\/#\/schema\/person\/636f8feb51f63f34e7378d5fcdd1de53\",\"name\":\"Olivier Turquet\",\"description\":\"Takes care of writing to tell the reality for about 40 years. He has worked with paper publications, radio and electronic He founded the electronic news agency humanist Good News. He was press secretary to various events such as: the International Humanist, Florence Play, the World March for Peace and Nonviolence. Currently coordinates the Italian team of Pressenza. olivierturquet.wordpress.com\",\"sameAs\":[\"http:\/\/olivierturquet.wordpress.com\"],\"url\":\"https:\/\/www.pressenza.com\/it\/author\/olivier-turquet\/\"}]}<\/script>\n<!-- \/ Yoast SEO plugin. -->","yoast_head_json":{"title":"llva, Alcoa, Carbosulcis: la soluzione sta nella propriet\u00e0 partecipata","description":"Le ultime vicende che hanno coinvolto i lavoratori della Alcoa e della Carbosulcis in Sardegna e dell\u2019Ilva di Taranto meriterebbero di essere osservate","robots":{"index":"index","follow":"follow","max-snippet":"max-snippet:-1","max-image-preview":"max-image-preview:large","max-video-preview":"max-video-preview:-1"},"canonical":"https:\/\/www.pressenza.com\/it\/2012\/09\/lva-alcoa-carbosulcis-la-soluzione-sta-nella-proprieta-partecipata\/","og_locale":"it_IT","og_type":"article","og_title":"llva, Alcoa, Carbosulcis: la soluzione sta nella propriet\u00e0 partecipata","og_description":"Le ultime vicende che hanno coinvolto i lavoratori della Alcoa e della Carbosulcis in Sardegna e dell\u2019Ilva di Taranto meriterebbero di essere osservate","og_url":"https:\/\/www.pressenza.com\/it\/2012\/09\/lva-alcoa-carbosulcis-la-soluzione-sta-nella-proprieta-partecipata\/","og_site_name":"Pressenza","article_publisher":"https:\/\/www.facebook.com\/PressenzaItalia","article_published_time":"2012-09-05T19:10:22+00:00","article_modified_time":"2013-02-08T21:11:22+00:00","og_image":[{"width":1280,"height":800,"url":"https:\/\/www.pressenza.com\/wp-content\/uploads\/2012\/09\/ILVA27Agosto.jpg","type":"image\/jpeg"}],"author":"Olivier Turquet","twitter_card":"summary_large_image","twitter_creator":"@PressenzaIPA","twitter_site":"@PressenzaIPA","twitter_misc":{"Scritto da":"Olivier Turquet","Tempo di lettura stimato":"5 minuti"},"schema":{"@context":"https:\/\/schema.org","@graph":[{"@type":"Article","@id":"https:\/\/www.pressenza.com\/it\/2012\/09\/lva-alcoa-carbosulcis-la-soluzione-sta-nella-proprieta-partecipata\/#article","isPartOf":{"@id":"https:\/\/www.pressenza.com\/it\/2012\/09\/lva-alcoa-carbosulcis-la-soluzione-sta-nella-proprieta-partecipata\/"},"author":{"name":"Olivier Turquet","@id":"https:\/\/www.pressenza.com\/it\/#\/schema\/person\/636f8feb51f63f34e7378d5fcdd1de53"},"headline":"llva, Alcoa, Carbosulcis: la soluzione sta nella propriet\u00e0 partecipata","datePublished":"2012-09-05T19:10:22+00:00","dateModified":"2013-02-08T21:11:22+00:00","mainEntityOfPage":{"@id":"https:\/\/www.pressenza.com\/it\/2012\/09\/lva-alcoa-carbosulcis-la-soluzione-sta-nella-proprieta-partecipata\/"},"wordCount":1010,"publisher":{"@id":"https:\/\/www.pressenza.com\/it\/#organization"},"image":{"@id":"https:\/\/www.pressenza.com\/it\/2012\/09\/lva-alcoa-carbosulcis-la-soluzione-sta-nella-proprieta-partecipata\/#primaryimage"},"thumbnailUrl":"https:\/\/www.pressenza.com\/wp-content\/uploads\/2012\/09\/ILVA27Agosto.jpg","keywords":["carbone","ILVA","inquinamento","Italia"],"articleSection":["Comunicati Stampa","Economia","Opinioni","Politica"],"inLanguage":"it-IT"},{"@type":"WebPage","@id":"https:\/\/www.pressenza.com\/it\/2012\/09\/lva-alcoa-carbosulcis-la-soluzione-sta-nella-proprieta-partecipata\/","url":"https:\/\/www.pressenza.com\/it\/2012\/09\/lva-alcoa-carbosulcis-la-soluzione-sta-nella-proprieta-partecipata\/","name":"llva, Alcoa, Carbosulcis: la soluzione sta nella propriet\u00e0 partecipata","isPartOf":{"@id":"https:\/\/www.pressenza.com\/it\/#website"},"primaryImageOfPage":{"@id":"https:\/\/www.pressenza.com\/it\/2012\/09\/lva-alcoa-carbosulcis-la-soluzione-sta-nella-proprieta-partecipata\/#primaryimage"},"image":{"@id":"https:\/\/www.pressenza.com\/it\/2012\/09\/lva-alcoa-carbosulcis-la-soluzione-sta-nella-proprieta-partecipata\/#primaryimage"},"thumbnailUrl":"https:\/\/www.pressenza.com\/wp-content\/uploads\/2012\/09\/ILVA27Agosto.jpg","datePublished":"2012-09-05T19:10:22+00:00","dateModified":"2013-02-08T21:11:22+00:00","description":"Le ultime vicende che hanno coinvolto i lavoratori della Alcoa e della Carbosulcis in Sardegna e dell\u2019Ilva di Taranto meriterebbero di essere osservate","breadcrumb":{"@id":"https:\/\/www.pressenza.com\/it\/2012\/09\/lva-alcoa-carbosulcis-la-soluzione-sta-nella-proprieta-partecipata\/#breadcrumb"},"inLanguage":"it-IT","potentialAction":[{"@type":"ReadAction","target":["https:\/\/www.pressenza.com\/it\/2012\/09\/lva-alcoa-carbosulcis-la-soluzione-sta-nella-proprieta-partecipata\/"]}]},{"@type":"ImageObject","inLanguage":"it-IT","@id":"https:\/\/www.pressenza.com\/it\/2012\/09\/lva-alcoa-carbosulcis-la-soluzione-sta-nella-proprieta-partecipata\/#primaryimage","url":"https:\/\/www.pressenza.com\/wp-content\/uploads\/2012\/09\/ILVA27Agosto.jpg","contentUrl":"https:\/\/www.pressenza.com\/wp-content\/uploads\/2012\/09\/ILVA27Agosto.jpg","width":"1280","height":"800"},{"@type":"BreadcrumbList","@id":"https:\/\/www.pressenza.com\/it\/2012\/09\/lva-alcoa-carbosulcis-la-soluzione-sta-nella-proprieta-partecipata\/#breadcrumb","itemListElement":[{"@type":"ListItem","position":1,"name":"Accueil","item":"https:\/\/www.pressenza.com\/it\/"},{"@type":"ListItem","position":2,"name":"llva, Alcoa, Carbosulcis: la soluzione sta nella propriet\u00e0 partecipata"}]},{"@type":"WebSite","@id":"https:\/\/www.pressenza.com\/it\/#website","url":"https:\/\/www.pressenza.com\/it\/","name":"Pressenza","description":"Agenzia di Stampa Internazionale","publisher":{"@id":"https:\/\/www.pressenza.com\/it\/#organization"},"potentialAction":[{"@type":"SearchAction","target":{"@type":"EntryPoint","urlTemplate":"https:\/\/www.pressenza.com\/it\/?s={search_term_string}"},"query-input":{"@type":"PropertyValueSpecification","valueRequired":true,"valueName":"search_term_string"}}],"inLanguage":"it-IT"},{"@type":"Organization","@id":"https:\/\/www.pressenza.com\/it\/#organization","name":"Pressenza","url":"https:\/\/www.pressenza.com\/it\/","logo":{"@type":"ImageObject","inLanguage":"it-IT","@id":"https:\/\/www.pressenza.com\/it\/#\/schema\/logo\/image\/","url":"https:\/\/www.pressenza.com\/wp-content\/uploads\/2022\/10\/pressenza_logo_200x200.jpg","contentUrl":"https:\/\/www.pressenza.com\/wp-content\/uploads\/2022\/10\/pressenza_logo_200x200.jpg","width":200,"height":200,"caption":"Pressenza"},"image":{"@id":"https:\/\/www.pressenza.com\/it\/#\/schema\/logo\/image\/"},"sameAs":["https:\/\/www.facebook.com\/PressenzaItalia","https:\/\/x.com\/PressenzaIPA"]},{"@type":"Person","@id":"https:\/\/www.pressenza.com\/it\/#\/schema\/person\/636f8feb51f63f34e7378d5fcdd1de53","name":"Olivier Turquet","description":"Takes care of writing to tell the reality for about 40 years. He has worked with paper publications, radio and electronic He founded the electronic news agency humanist Good News. He was press secretary to various events such as: the International Humanist, Florence Play, the World March for Peace and Nonviolence. Currently coordinates the Italian team of Pressenza. olivierturquet.wordpress.com","sameAs":["http:\/\/olivierturquet.wordpress.com"],"url":"https:\/\/www.pressenza.com\/it\/author\/olivier-turquet\/"}]}},"place":"","original_article_url":"","_links":{"self":[{"href":"https:\/\/www.pressenza.com\/it\/wp-json\/wp\/v2\/posts\/15791","targetHints":{"allow":["GET"]}}],"collection":[{"href":"https:\/\/www.pressenza.com\/it\/wp-json\/wp\/v2\/posts"}],"about":[{"href":"https:\/\/www.pressenza.com\/it\/wp-json\/wp\/v2\/types\/post"}],"author":[{"embeddable":true,"href":"https:\/\/www.pressenza.com\/it\/wp-json\/wp\/v2\/users\/10"}],"replies":[{"embeddable":true,"href":"https:\/\/www.pressenza.com\/it\/wp-json\/wp\/v2\/comments?post=15791"}],"version-history":[{"count":0,"href":"https:\/\/www.pressenza.com\/it\/wp-json\/wp\/v2\/posts\/15791\/revisions"}],"wp:featuredmedia":[{"embeddable":true,"href":"https:\/\/www.pressenza.com\/it\/wp-json\/wp\/v2\/media\/15801"}],"wp:attachment":[{"href":"https:\/\/www.pressenza.com\/it\/wp-json\/wp\/v2\/media?parent=15791"}],"wp:term":[{"taxonomy":"category","embeddable":true,"href":"https:\/\/www.pressenza.com\/it\/wp-json\/wp\/v2\/categories?post=15791"},{"taxonomy":"post_tag","embeddable":true,"href":"https:\/\/www.pressenza.com\/it\/wp-json\/wp\/v2\/tags?post=15791"}],"curies":[{"name":"wp","href":"https:\/\/api.w.org\/{rel}","templated":true}]}}