{"id":157763,"date":"2015-01-22T11:45:13","date_gmt":"2015-01-22T11:45:13","guid":{"rendered":"http:\/\/www.pressenza.com\/?p=157763"},"modified":"2016-04-27T23:03:11","modified_gmt":"2016-04-27T22:03:11","slug":"la-soluzione-allauemento-della-violenza-e-la-nonviolenza","status":"publish","type":"post","link":"https:\/\/www.pressenza.com\/it\/2015\/01\/la-soluzione-allauemento-della-violenza-e-la-nonviolenza\/","title":{"rendered":"La soluzione all&#8217;aumento della violenza \u00e8 la nonviolenza"},"content":{"rendered":"<p><em>&#8220;Dal momento che le forze mobilitate dal grande capitale asfissiano le masse, sorgono e si rinforzano posizioni incoerenti\u00a0 con l&#8217;obibettivo di sfruttare questa sofferenza, canalizzandola verso falsi colpevoli&#8221;.<\/em><\/p>\n<p><em> Ma all&#8217;interno di questo contesto oscuro e caotico, il clamore popolare si \u00e8 levato per esprimere la sua brama di pace, di tolleranza e di fraternit\u00e0.<\/em><\/p>\n<p>I tragici avvenimenti accaduti in Francia all&#8217;inizio di questo 2015, sono una maglia in pi\u00f9 nel processo di violenza che si esprime cos\u00ec bene, non solo attraverso il fondamentalismo religioso, ma anche attraverso l&#8217;aumento dei nazionalismi retrogradi e xenofobi, delle politiche irresponsabili, dei cosiddetti fanatici del grande mercato neo liberista e della crescita economica, causando una catena senza fine di catastrofi sociali ed ambientali.<br \/>\nCome molti, per\u00f2, noi non ci facciamo ingannare e vediamogi\u00e0 al lavoro i politici e gli opinionisti. Approfittano di questi avvenimenti per attivare una politica sempre pi\u00f9 repressiva e coercitiva, restringendo le libert\u00e0 individuali ed esasperando il sentimento di paura, di vendetta, di islamofobia al solo scopo di alimentare maggior violenza. Per non dimenticare le implicazioni del capitale finanziario, della mafia dei \u201ccolletti bianchi\u201d,che speculano sui venti di guerra, sull&#8217;inasprimento dei conflitti armati relegando sempre pi\u00f9 stati e governi al ruolo di braccio armato per addomesticare le popolazioni.<br \/>\nMa per coloro che seguono un ideale umanista, non \u00e8 pi\u00f9 il momento di cercare i colpevoli, bens\u00ec di concentrarsi su quell&#8217;impulso che ha radunato, lo scorso 11 gennaio, circa 4 milioni di francesi e\u00a0 tanti cittadini di altre nazionalit\u00e0. Questo impeto si \u00e8 espresso con forza, calma e dignit\u00e0 non solo per sostenere il diritto alla libert\u00e0 d&#8217;espressione e il rifiuto della violenza fisica, ma anche per l&#8217;aspirazione alla pace alla fraternit\u00e0 e per la solidariet\u00e0 per tutti e fra tutti.<br \/>\nIn questo moto interiore riconosciamo una sensibilit\u00e0 umanista, che si esprime gi\u00e0 da qualche anno, grazie a molteplici eventi come: iniziative equosolidali, valide alternative alla violenza economica neo liberista; collettivi di cittadini che cercano di costruire insieme le basi di una democrazia vera, ben lontana dalla democrazia formale, dove la libert\u00e0 d&#8217;espressione equivale alla violenza di una continua provocazione. C&#8217;\u00e8 un bisogno estremo di una spiritualit\u00e0 laica, che si discosta dalle religioni divenute troppo formali per non parlare di quando diventano fondamentaliste.<br \/>\nPur non essendo ingenuo, riconoscendo che in futuro ci saranno ancora altre barbarie qui e altrove (se non stanno gi\u00e0 avvenendo) il Partito umanista si riconosce in tutte queste iniziative fin qui elencate.<br \/>\nPremesso questo, elenchiamo quello che noi vorremmo proporre al mondo.<br \/>\nPrima di tutto la mobilitazione verificatasi contro queste barbarie possa servire ad alimentare questa nobile fiamma, che si \u00e8 divampata in tutta la Francia e in tutto il resto del pianeta.<br \/>\nPer aumentare questo entusiasmo il Partito Umanista invita ognuno a ritrovarsi intorno a questi 6 punti di base, che caratterizzano l&#8217;atteggiamento umanista.<\/p>\n<p>1. L&#8217;essere umano come valore e preoccupazione centrale; di conseguenza, niente sia al di sotto dell&#8217;essere umano e nessun essere umano al di sotto di un altro.<br \/>\n2. Uguaglianza fra tutti gli individui<br \/>\n3. La diversit\u00e0 individuale e culturale come esaltazione e valore intrinseco delle caratteristiche uniche di ogni popolo.<br \/>\n4. Lo sviluppo della conoscenza al di l\u00e0 dei limiti imposti dal pregiudizio.<br \/>\n5. La libert\u00e0 di idee e di culto<br \/>\n6. Il rifiuto della violenza non solo fisica ma anche\u00a0 economica, razziale, sessuale, religiosa, morale, psicologica.<\/p>\n<p>Di fronte alle barbarie perpetrate dai gruppi terroristici e di fronte alla violenza dissimulata dal \u201cterrorismo di stato\u201d il Partito umanista risponde affermando la necessit\u00e0 di trasformare questo moto interiore, scaturito l&#8217;11 gennaio, in una forza morale: quella, appunto, della nonviolenza.<\/p>\n<p>Partito umanista francese<\/p>\n<p><em>Traduzione dal francese di Paola Mola<\/em><\/p>\n","protected":false},"excerpt":{"rendered":"<p>&#8220;Dal momento che le forze mobilitate dal grande capitale asfissiano le masse, sorgono e si rinforzano posizioni incoerenti\u00a0 con l&#8217;obibettivo di sfruttare questa sofferenza, canalizzandola verso falsi colpevoli&#8221;. Ma all&#8217;interno di questo contesto oscuro e caotico, il clamore popolare si&hellip;<\/p>\n","protected":false},"author":1131,"featured_media":157768,"comment_status":"closed","ping_status":"open","sticky":false,"template":"","format":"standard","meta":{"footnotes":""},"categories":[47,38,1262,162,1263,55],"tags":[15250,1432,15267,460,3673,942],"class_list":["post-157763","post","type-post","status-publish","format-standard","has-post-thumbnail","hentry","category-europa","category-internazionale","category-nonviolenza-argomento","category-opinioni","category-pace-disarmo","category-politica","tag-charlie-hebdo-it","tag-francia","tag-jesuischarlie","tag-nonviolenza","tag-parigi","tag-partito-umanista"],"yoast_head":"<!-- This site is optimized with the Yoast SEO plugin v27.1.1 - https:\/\/yoast.com\/product\/yoast-seo-wordpress\/ -->\n<title>La soluzione all&#039;aumento della violenza \u00e8 la nonviolenza<\/title>\n<meta name=\"description\" content=\"&quot;Dal momento che le forze mobilitate dal grande capitale asfissiano le masse, sorgono e si rinforzano posizioni incoerenti\u00a0 con l&#039;obibettivo di sfruttare\" \/>\n<meta name=\"robots\" content=\"index, follow, max-snippet:-1, max-image-preview:large, max-video-preview:-1\" \/>\n<link rel=\"canonical\" href=\"https:\/\/www.pressenza.com\/it\/2015\/01\/la-soluzione-allauemento-della-violenza-e-la-nonviolenza\/\" \/>\n<meta property=\"og:locale\" content=\"it_IT\" \/>\n<meta property=\"og:type\" content=\"article\" \/>\n<meta property=\"og:title\" content=\"La soluzione all&#039;aumento della violenza \u00e8 la nonviolenza\" \/>\n<meta property=\"og:description\" content=\"&quot;Dal momento che le forze mobilitate dal grande capitale asfissiano le masse, sorgono e si rinforzano posizioni incoerenti\u00a0 con l&#039;obibettivo di sfruttare\" \/>\n<meta property=\"og:url\" content=\"https:\/\/www.pressenza.com\/it\/2015\/01\/la-soluzione-allauemento-della-violenza-e-la-nonviolenza\/\" \/>\n<meta property=\"og:site_name\" content=\"Pressenza\" \/>\n<meta property=\"article:publisher\" content=\"https:\/\/www.facebook.com\/PressenzaItalia\" \/>\n<meta property=\"article:published_time\" content=\"2015-01-22T11:45:13+00:00\" \/>\n<meta property=\"article:modified_time\" content=\"2016-04-27T22:03:11+00:00\" \/>\n<meta property=\"og:image\" content=\"https:\/\/www.pressenza.com\/wp-content\/uploads\/2015\/01\/Marche-du-11-janvier-2015-Paris-300x1541.jpg\" \/>\n\t<meta property=\"og:image:width\" content=\"300\" \/>\n\t<meta property=\"og:image:height\" content=\"154\" \/>\n\t<meta property=\"og:image:type\" content=\"image\/jpeg\" \/>\n<meta name=\"author\" content=\"Parti Humaniste France\" \/>\n<meta name=\"twitter:card\" content=\"summary_large_image\" \/>\n<meta name=\"twitter:creator\" content=\"@PressenzaIPA\" \/>\n<meta name=\"twitter:site\" content=\"@PressenzaIPA\" \/>\n<meta name=\"twitter:label1\" content=\"Scritto da\" \/>\n\t<meta name=\"twitter:data1\" content=\"Parti Humaniste France\" \/>\n\t<meta name=\"twitter:label2\" content=\"Tempo di lettura stimato\" \/>\n\t<meta name=\"twitter:data2\" content=\"3 minuti\" \/>\n<script type=\"application\/ld+json\" class=\"yoast-schema-graph\">{\"@context\":\"https:\/\/schema.org\",\"@graph\":[{\"@type\":\"Article\",\"@id\":\"https:\/\/www.pressenza.com\/it\/2015\/01\/la-soluzione-allauemento-della-violenza-e-la-nonviolenza\/#article\",\"isPartOf\":{\"@id\":\"https:\/\/www.pressenza.com\/it\/2015\/01\/la-soluzione-allauemento-della-violenza-e-la-nonviolenza\/\"},\"author\":{\"name\":\"Parti Humaniste France\",\"@id\":\"https:\/\/www.pressenza.com\/it\/#\/schema\/person\/43ae398d7a70c84b65a3b895830bde1b\"},\"headline\":\"La soluzione all&#8217;aumento della violenza \u00e8 la nonviolenza\",\"datePublished\":\"2015-01-22T11:45:13+00:00\",\"dateModified\":\"2016-04-27T22:03:11+00:00\",\"mainEntityOfPage\":{\"@id\":\"https:\/\/www.pressenza.com\/it\/2015\/01\/la-soluzione-allauemento-della-violenza-e-la-nonviolenza\/\"},\"wordCount\":610,\"publisher\":{\"@id\":\"https:\/\/www.pressenza.com\/it\/#organization\"},\"image\":{\"@id\":\"https:\/\/www.pressenza.com\/it\/2015\/01\/la-soluzione-allauemento-della-violenza-e-la-nonviolenza\/#primaryimage\"},\"thumbnailUrl\":\"https:\/\/www.pressenza.com\/wp-content\/uploads\/2015\/01\/Marche-du-11-janvier-2015-Paris-300x1541.jpg\",\"keywords\":[\"Charlie Hebdo\",\"Francia\",\"JeSuisCharlie\",\"nonviolenza\",\"Parigi\",\"Partito Umanista\"],\"articleSection\":[\"Europa\",\"Internazionale\",\"Nonviolenza\",\"Opinioni\",\"Pace e Disarmo\",\"Politica\"],\"inLanguage\":\"it-IT\"},{\"@type\":\"WebPage\",\"@id\":\"https:\/\/www.pressenza.com\/it\/2015\/01\/la-soluzione-allauemento-della-violenza-e-la-nonviolenza\/\",\"url\":\"https:\/\/www.pressenza.com\/it\/2015\/01\/la-soluzione-allauemento-della-violenza-e-la-nonviolenza\/\",\"name\":\"La soluzione all'aumento della violenza \u00e8 la nonviolenza\",\"isPartOf\":{\"@id\":\"https:\/\/www.pressenza.com\/it\/#website\"},\"primaryImageOfPage\":{\"@id\":\"https:\/\/www.pressenza.com\/it\/2015\/01\/la-soluzione-allauemento-della-violenza-e-la-nonviolenza\/#primaryimage\"},\"image\":{\"@id\":\"https:\/\/www.pressenza.com\/it\/2015\/01\/la-soluzione-allauemento-della-violenza-e-la-nonviolenza\/#primaryimage\"},\"thumbnailUrl\":\"https:\/\/www.pressenza.com\/wp-content\/uploads\/2015\/01\/Marche-du-11-janvier-2015-Paris-300x1541.jpg\",\"datePublished\":\"2015-01-22T11:45:13+00:00\",\"dateModified\":\"2016-04-27T22:03:11+00:00\",\"description\":\"\\\"Dal momento che le forze mobilitate dal grande capitale asfissiano le masse, sorgono e si rinforzano posizioni incoerenti\u00a0 con l'obibettivo di sfruttare\",\"breadcrumb\":{\"@id\":\"https:\/\/www.pressenza.com\/it\/2015\/01\/la-soluzione-allauemento-della-violenza-e-la-nonviolenza\/#breadcrumb\"},\"inLanguage\":\"it-IT\",\"potentialAction\":[{\"@type\":\"ReadAction\",\"target\":[\"https:\/\/www.pressenza.com\/it\/2015\/01\/la-soluzione-allauemento-della-violenza-e-la-nonviolenza\/\"]}]},{\"@type\":\"ImageObject\",\"inLanguage\":\"it-IT\",\"@id\":\"https:\/\/www.pressenza.com\/it\/2015\/01\/la-soluzione-allauemento-della-violenza-e-la-nonviolenza\/#primaryimage\",\"url\":\"https:\/\/www.pressenza.com\/wp-content\/uploads\/2015\/01\/Marche-du-11-janvier-2015-Paris-300x1541.jpg\",\"contentUrl\":\"https:\/\/www.pressenza.com\/wp-content\/uploads\/2015\/01\/Marche-du-11-janvier-2015-Paris-300x1541.jpg\",\"width\":300,\"height\":154},{\"@type\":\"BreadcrumbList\",\"@id\":\"https:\/\/www.pressenza.com\/it\/2015\/01\/la-soluzione-allauemento-della-violenza-e-la-nonviolenza\/#breadcrumb\",\"itemListElement\":[{\"@type\":\"ListItem\",\"position\":1,\"name\":\"Accueil\",\"item\":\"https:\/\/www.pressenza.com\/it\/\"},{\"@type\":\"ListItem\",\"position\":2,\"name\":\"La soluzione all&#8217;aumento della violenza \u00e8 la nonviolenza\"}]},{\"@type\":\"WebSite\",\"@id\":\"https:\/\/www.pressenza.com\/it\/#website\",\"url\":\"https:\/\/www.pressenza.com\/it\/\",\"name\":\"Pressenza\",\"description\":\"Agenzia di Stampa Internazionale\",\"publisher\":{\"@id\":\"https:\/\/www.pressenza.com\/it\/#organization\"},\"potentialAction\":[{\"@type\":\"SearchAction\",\"target\":{\"@type\":\"EntryPoint\",\"urlTemplate\":\"https:\/\/www.pressenza.com\/it\/?s={search_term_string}\"},\"query-input\":{\"@type\":\"PropertyValueSpecification\",\"valueRequired\":true,\"valueName\":\"search_term_string\"}}],\"inLanguage\":\"it-IT\"},{\"@type\":\"Organization\",\"@id\":\"https:\/\/www.pressenza.com\/it\/#organization\",\"name\":\"Pressenza\",\"url\":\"https:\/\/www.pressenza.com\/it\/\",\"logo\":{\"@type\":\"ImageObject\",\"inLanguage\":\"it-IT\",\"@id\":\"https:\/\/www.pressenza.com\/it\/#\/schema\/logo\/image\/\",\"url\":\"https:\/\/www.pressenza.com\/wp-content\/uploads\/2022\/10\/pressenza_logo_200x200.jpg\",\"contentUrl\":\"https:\/\/www.pressenza.com\/wp-content\/uploads\/2022\/10\/pressenza_logo_200x200.jpg\",\"width\":200,\"height\":200,\"caption\":\"Pressenza\"},\"image\":{\"@id\":\"https:\/\/www.pressenza.com\/it\/#\/schema\/logo\/image\/\"},\"sameAs\":[\"https:\/\/www.facebook.com\/PressenzaItalia\",\"https:\/\/x.com\/PressenzaIPA\"]},{\"@type\":\"Person\",\"@id\":\"https:\/\/www.pressenza.com\/it\/#\/schema\/person\/43ae398d7a70c84b65a3b895830bde1b\",\"name\":\"Parti Humaniste France\",\"description\":\"Cr\u00e9\u00e9 en 1984 simultan\u00e9ment dans de nombreux de pays, le Parti Humaniste est l'expression politique d'un nouveau courant de pens\u00e9e : le nouvel humanisme ou humanisme universaliste\",\"sameAs\":[\"https:\/\/www.parti-humaniste-france.org\/presentation\/index.html\"],\"url\":\"https:\/\/www.pressenza.com\/it\/author\/parti-humaniste-france\/\"}]}<\/script>\n<!-- \/ Yoast SEO plugin. -->","yoast_head_json":{"title":"La soluzione all'aumento della violenza \u00e8 la nonviolenza","description":"\"Dal momento che le forze mobilitate dal grande capitale asfissiano le masse, sorgono e si rinforzano posizioni incoerenti\u00a0 con l'obibettivo di sfruttare","robots":{"index":"index","follow":"follow","max-snippet":"max-snippet:-1","max-image-preview":"max-image-preview:large","max-video-preview":"max-video-preview:-1"},"canonical":"https:\/\/www.pressenza.com\/it\/2015\/01\/la-soluzione-allauemento-della-violenza-e-la-nonviolenza\/","og_locale":"it_IT","og_type":"article","og_title":"La soluzione all'aumento della violenza \u00e8 la nonviolenza","og_description":"\"Dal momento che le forze mobilitate dal grande capitale asfissiano le masse, sorgono e si rinforzano posizioni incoerenti\u00a0 con l'obibettivo di sfruttare","og_url":"https:\/\/www.pressenza.com\/it\/2015\/01\/la-soluzione-allauemento-della-violenza-e-la-nonviolenza\/","og_site_name":"Pressenza","article_publisher":"https:\/\/www.facebook.com\/PressenzaItalia","article_published_time":"2015-01-22T11:45:13+00:00","article_modified_time":"2016-04-27T22:03:11+00:00","og_image":[{"width":300,"height":154,"url":"https:\/\/www.pressenza.com\/wp-content\/uploads\/2015\/01\/Marche-du-11-janvier-2015-Paris-300x1541.jpg","type":"image\/jpeg"}],"author":"Parti Humaniste France","twitter_card":"summary_large_image","twitter_creator":"@PressenzaIPA","twitter_site":"@PressenzaIPA","twitter_misc":{"Scritto da":"Parti Humaniste France","Tempo di lettura stimato":"3 minuti"},"schema":{"@context":"https:\/\/schema.org","@graph":[{"@type":"Article","@id":"https:\/\/www.pressenza.com\/it\/2015\/01\/la-soluzione-allauemento-della-violenza-e-la-nonviolenza\/#article","isPartOf":{"@id":"https:\/\/www.pressenza.com\/it\/2015\/01\/la-soluzione-allauemento-della-violenza-e-la-nonviolenza\/"},"author":{"name":"Parti Humaniste France","@id":"https:\/\/www.pressenza.com\/it\/#\/schema\/person\/43ae398d7a70c84b65a3b895830bde1b"},"headline":"La soluzione all&#8217;aumento della violenza \u00e8 la nonviolenza","datePublished":"2015-01-22T11:45:13+00:00","dateModified":"2016-04-27T22:03:11+00:00","mainEntityOfPage":{"@id":"https:\/\/www.pressenza.com\/it\/2015\/01\/la-soluzione-allauemento-della-violenza-e-la-nonviolenza\/"},"wordCount":610,"publisher":{"@id":"https:\/\/www.pressenza.com\/it\/#organization"},"image":{"@id":"https:\/\/www.pressenza.com\/it\/2015\/01\/la-soluzione-allauemento-della-violenza-e-la-nonviolenza\/#primaryimage"},"thumbnailUrl":"https:\/\/www.pressenza.com\/wp-content\/uploads\/2015\/01\/Marche-du-11-janvier-2015-Paris-300x1541.jpg","keywords":["Charlie Hebdo","Francia","JeSuisCharlie","nonviolenza","Parigi","Partito Umanista"],"articleSection":["Europa","Internazionale","Nonviolenza","Opinioni","Pace e Disarmo","Politica"],"inLanguage":"it-IT"},{"@type":"WebPage","@id":"https:\/\/www.pressenza.com\/it\/2015\/01\/la-soluzione-allauemento-della-violenza-e-la-nonviolenza\/","url":"https:\/\/www.pressenza.com\/it\/2015\/01\/la-soluzione-allauemento-della-violenza-e-la-nonviolenza\/","name":"La soluzione all'aumento della violenza \u00e8 la nonviolenza","isPartOf":{"@id":"https:\/\/www.pressenza.com\/it\/#website"},"primaryImageOfPage":{"@id":"https:\/\/www.pressenza.com\/it\/2015\/01\/la-soluzione-allauemento-della-violenza-e-la-nonviolenza\/#primaryimage"},"image":{"@id":"https:\/\/www.pressenza.com\/it\/2015\/01\/la-soluzione-allauemento-della-violenza-e-la-nonviolenza\/#primaryimage"},"thumbnailUrl":"https:\/\/www.pressenza.com\/wp-content\/uploads\/2015\/01\/Marche-du-11-janvier-2015-Paris-300x1541.jpg","datePublished":"2015-01-22T11:45:13+00:00","dateModified":"2016-04-27T22:03:11+00:00","description":"\"Dal momento che le forze mobilitate dal grande capitale asfissiano le masse, sorgono e si rinforzano posizioni incoerenti\u00a0 con l'obibettivo di sfruttare","breadcrumb":{"@id":"https:\/\/www.pressenza.com\/it\/2015\/01\/la-soluzione-allauemento-della-violenza-e-la-nonviolenza\/#breadcrumb"},"inLanguage":"it-IT","potentialAction":[{"@type":"ReadAction","target":["https:\/\/www.pressenza.com\/it\/2015\/01\/la-soluzione-allauemento-della-violenza-e-la-nonviolenza\/"]}]},{"@type":"ImageObject","inLanguage":"it-IT","@id":"https:\/\/www.pressenza.com\/it\/2015\/01\/la-soluzione-allauemento-della-violenza-e-la-nonviolenza\/#primaryimage","url":"https:\/\/www.pressenza.com\/wp-content\/uploads\/2015\/01\/Marche-du-11-janvier-2015-Paris-300x1541.jpg","contentUrl":"https:\/\/www.pressenza.com\/wp-content\/uploads\/2015\/01\/Marche-du-11-janvier-2015-Paris-300x1541.jpg","width":300,"height":154},{"@type":"BreadcrumbList","@id":"https:\/\/www.pressenza.com\/it\/2015\/01\/la-soluzione-allauemento-della-violenza-e-la-nonviolenza\/#breadcrumb","itemListElement":[{"@type":"ListItem","position":1,"name":"Accueil","item":"https:\/\/www.pressenza.com\/it\/"},{"@type":"ListItem","position":2,"name":"La soluzione all&#8217;aumento della violenza \u00e8 la nonviolenza"}]},{"@type":"WebSite","@id":"https:\/\/www.pressenza.com\/it\/#website","url":"https:\/\/www.pressenza.com\/it\/","name":"Pressenza","description":"Agenzia di Stampa Internazionale","publisher":{"@id":"https:\/\/www.pressenza.com\/it\/#organization"},"potentialAction":[{"@type":"SearchAction","target":{"@type":"EntryPoint","urlTemplate":"https:\/\/www.pressenza.com\/it\/?s={search_term_string}"},"query-input":{"@type":"PropertyValueSpecification","valueRequired":true,"valueName":"search_term_string"}}],"inLanguage":"it-IT"},{"@type":"Organization","@id":"https:\/\/www.pressenza.com\/it\/#organization","name":"Pressenza","url":"https:\/\/www.pressenza.com\/it\/","logo":{"@type":"ImageObject","inLanguage":"it-IT","@id":"https:\/\/www.pressenza.com\/it\/#\/schema\/logo\/image\/","url":"https:\/\/www.pressenza.com\/wp-content\/uploads\/2022\/10\/pressenza_logo_200x200.jpg","contentUrl":"https:\/\/www.pressenza.com\/wp-content\/uploads\/2022\/10\/pressenza_logo_200x200.jpg","width":200,"height":200,"caption":"Pressenza"},"image":{"@id":"https:\/\/www.pressenza.com\/it\/#\/schema\/logo\/image\/"},"sameAs":["https:\/\/www.facebook.com\/PressenzaItalia","https:\/\/x.com\/PressenzaIPA"]},{"@type":"Person","@id":"https:\/\/www.pressenza.com\/it\/#\/schema\/person\/43ae398d7a70c84b65a3b895830bde1b","name":"Parti Humaniste France","description":"Cr\u00e9\u00e9 en 1984 simultan\u00e9ment dans de nombreux de pays, le Parti Humaniste est l'expression politique d'un nouveau courant de pens\u00e9e : le nouvel humanisme ou humanisme universaliste","sameAs":["https:\/\/www.parti-humaniste-france.org\/presentation\/index.html"],"url":"https:\/\/www.pressenza.com\/it\/author\/parti-humaniste-france\/"}]}},"place":"","original_article_url":"","_links":{"self":[{"href":"https:\/\/www.pressenza.com\/it\/wp-json\/wp\/v2\/posts\/157763","targetHints":{"allow":["GET"]}}],"collection":[{"href":"https:\/\/www.pressenza.com\/it\/wp-json\/wp\/v2\/posts"}],"about":[{"href":"https:\/\/www.pressenza.com\/it\/wp-json\/wp\/v2\/types\/post"}],"author":[{"embeddable":true,"href":"https:\/\/www.pressenza.com\/it\/wp-json\/wp\/v2\/users\/1131"}],"replies":[{"embeddable":true,"href":"https:\/\/www.pressenza.com\/it\/wp-json\/wp\/v2\/comments?post=157763"}],"version-history":[{"count":0,"href":"https:\/\/www.pressenza.com\/it\/wp-json\/wp\/v2\/posts\/157763\/revisions"}],"wp:featuredmedia":[{"embeddable":true,"href":"https:\/\/www.pressenza.com\/it\/wp-json\/wp\/v2\/media\/157768"}],"wp:attachment":[{"href":"https:\/\/www.pressenza.com\/it\/wp-json\/wp\/v2\/media?parent=157763"}],"wp:term":[{"taxonomy":"category","embeddable":true,"href":"https:\/\/www.pressenza.com\/it\/wp-json\/wp\/v2\/categories?post=157763"},{"taxonomy":"post_tag","embeddable":true,"href":"https:\/\/www.pressenza.com\/it\/wp-json\/wp\/v2\/tags?post=157763"}],"curies":[{"name":"wp","href":"https:\/\/api.w.org\/{rel}","templated":true}]}}