{"id":1574982,"date":"2022-05-01T19:46:01","date_gmt":"2022-05-01T18:46:01","guid":{"rendered":"https:\/\/www.pressenza.com\/?p=1574982"},"modified":"2022-05-01T19:46:01","modified_gmt":"2022-05-01T18:46:01","slug":"pierpaolo-nel-giorno-della-festa-del-lavoro-vi-racconto-la-mia-vita-da-rider","status":"publish","type":"post","link":"https:\/\/www.pressenza.com\/it\/2022\/05\/pierpaolo-nel-giorno-della-festa-del-lavoro-vi-racconto-la-mia-vita-da-rider\/","title":{"rendered":"Pierpaolo: \u201cNel giorno della festa del lavoro vi racconto la mia vita da rider\u201d"},"content":{"rendered":"<p>Pierpaolo Ritrovati, rider e sindacalista spezzino, racconta come vive oggi un rider, tra chi sceglie di lavorare con aziende che hanno deciso di aderire a un contratto nazionale e chi invece preferisce non avere vincoli \u2013 e nemmeno tutele \u2013 nel nome di autonomia e flessibilit\u00e0.<\/p>\n<p><img loading=\"lazy\" decoding=\"async\" class=\"aligncenter wp-image-1574983 size-full\" src=\"https:\/\/www.pressenza.com\/wp-content\/uploads\/2022\/05\/pierpaolo-ritrovati.jpeg\" alt=\"\" width=\"1130\" height=\"753\" srcset=\"https:\/\/www.pressenza.com\/wp-content\/uploads\/2022\/05\/pierpaolo-ritrovati.jpeg 1130w, https:\/\/www.pressenza.com\/wp-content\/uploads\/2022\/05\/pierpaolo-ritrovati-300x200.jpeg 300w, https:\/\/www.pressenza.com\/wp-content\/uploads\/2022\/05\/pierpaolo-ritrovati-820x546.jpeg 820w\" sizes=\"auto, (max-width: 1130px) 100vw, 1130px\" \/><\/p>\n<p><u><a href=\"https:\/\/www.italiachecambia.org\/liguria\/la-spezia\"><strong>La Spezia<\/strong><\/a><\/u>\u00a0&#8211; Lavorano sotto pioggia, neve e grandine. Durante il lockdown, insieme ai corrieri, erano tra i pochi a poter uscire. Ma come si svolge il turno di lavoro di un rider e in che modo questa categoria \u00e8 tutelata? Abbiamo parlato della situazione e della quotidianit\u00e0 dei rider con Pierpaolo Ritrovati, il sindacalista e rider di La Spezia che qualche tempo fa ci aveva raccontato dell\u2019imminente apertura di\u00a0<a href=\"https:\/\/www.italiachecambia.org\/2022\/04\/casa-riders-spezia\/\"><strong>Casa Riders<\/strong><\/a>.<\/p>\n<p><strong>Pierpaolo, raccontaci: com\u2019\u00e8 la vita di un rider oggi?<\/strong><\/p>\n<p>Innanzitutto bisogna fare una precisazione, perch\u00e9 al momento ci sono tre tipologie di rider: chi lavora per Just Eat, come noi, assunti con contratto nazionale; rider che lavorano per pizzerie e ristoranti che si appoggiano alla piattaforma, per inserirsi nel mercato e che quindi hanno un contratto differente dal nostro, solitamente legato al commercio; rider che lavorano per piattaforme che non hanno ancora firmato il contratto e quindi lavorano a cottimo.<\/p>\n<p>La differenza sostanziale \u00e8 la categoria in cui si \u00e8 inquadrati e la propriet\u00e0 dei mezzi: chi \u00e8 assunto da un ristorante solitamente ha a disposizione uno \u201cscooter aziendale\u201d, quindi anche i costi di gestione sono a carico del ristoratore. Nel nostro caso invece la responsabilit\u00e0 dei mezzi di trasporto, cos\u00ec come i costi di manutenzione ed eventuali multe, ricadono sul rider.<\/p>\n<p><strong>E quindi anche la benzina, che con i rincari di questo ultimo periodo ha un peso sulla busta paga<\/strong><\/p>\n<p>Infatti. Per il mese di aprile il sindacato ha firmato un accordo per la maggiorazione del 12% sul rimborso chilometrico. Per ovviare definitamente a questo, ci vorrebbe anche qui un parco motorini, un hub come quelli di Roma e Milano: in queste citt\u00e0 Just Eat ha messo a disposizione dei suoi fattorini mezzi elettrici con i cui muoversi lungo le vie della citt\u00e0. Con la propria tessera si accede alla struttura, si sceglie il motorino, si indossa la divisa e si riconsegna tutto a fine turno.<\/p>\n<p><strong>Una svolta green, quindi<\/strong><\/p>\n<p>Sulla mobilit\u00e0 sostenibile assolutamente. Il punto per\u00f2 \u00e8 che facendo un bilancio di tutto ci\u00f2 che consegniamo c\u2019\u00e8 pi\u00f9 packaging che contenuto. Ci sono tantissimi imballaggi: pensiamo al panino, che viene avvolto nella carta la quale viene poi a sua volta inserita dentro un portavivande di cartoncino. Ci sono poi le bibite, con le relative cannucce. Andando a vedere, si producono molti pi\u00f9 rifiuti mangiando a casa che al ristorante.<\/p>\n<p><strong>Tornando ai contratti: a parte Just Eat, che ha aderito al contratto nazionale, come funzionano le altre piattaforme?<\/strong><\/p>\n<p>Le altre funzionano ancora col cottimo e non considerano lavoro subordinato quello che nei fatti \u00e8 subordinato. Per ridurre al massimo i costi, i rider lavorano sostanzialmente come autonomi, ma hanno un numero definito di ore al giorno. Spero davvero che tutto questo finisca presto, perch\u00e9 questa modalit\u00e0 spinge i ragazzi a lavorare sempre di pi\u00f9 e a correre pi\u00f9 veloce per le strade.<\/p>\n<p>Affinch\u00e9 i rider non vengano considerati lavoratori di serie B, una catena di responsabilit\u00e0 ci deve essere.<\/p>\n<p>Lo scorso sabato, per esempio, ho assistito a un incidente: un\u2019auto ha tagliato la strada a un rider. Ho accompagnato il ragazzo in ospedale e aveva paura a farsi firmare il foglio infortunio, perch\u00e9 senza contratto, quando non lavori non ti pagano, resti a casa e basta. E per molti questo \u00e8 un problema.<\/p>\n<p><strong>Perch\u00e9 allora continuano a optare per queste piattaforme che offrono precariet\u00e0 mascherata da flessibilit\u00e0?<\/strong><\/p>\n<p>Molti colleghi della mia citt\u00e0 che lavorano per altre piattaforme studiano all\u2019universit\u00e0 di Pisa e lavorano part-time 30 ore alla settimana, che nei fatti \u00e8 quasi un full time. Oltre a questo la differenza fondamentale \u00e8 che un lavoro non regolamentato ti nega l\u2019accesso a una serie di possibilit\u00e0, come un mutuo. Lo stipendio base, per quel numero di ore, \u00e8 1200 euro. Certo, il lavoro a cottimo \u00e8 economicamente pi\u00f9 vantaggioso, ma sul piano di contributi pensionistici, mutua e ferie non c\u2019\u00e8 nulla di nulla.<\/p>\n<p>Insomma, non \u00e8 detto che il lavoro subordinato non possa prevedere comunque una certa flessibilit\u00e0: si pu\u00f2 studiare tutti insieme \u2013 in concerto con i sindacati \u2013 un modo, magari aumentando la retribuzione oraria. Qualche soluzione ci vuole e non deve essere il cottimo. Certo \u00e8 che questo \u00e8 un bacino di lavoro per moltissime persone che non hanno documenti in regola ed \u00e8 quindi un ancoraggio, ma alla lunga non \u00e8 conveniente, soprattutto per il lavoratore.<\/p>\n<p>D\u2019altronde, in caso di infortunio, chi sta a casa un mese resta senza stipendio. Le tutele crescenti riducono i soldi in busta paga, ma sono tutti passi in avanti per non considerarlo un \u201clavoretto\u201d. Affinch\u00e9 i rider non vengano considerati lavoratori di serie B, una catena di responsabilit\u00e0 ci deve essere, mentre sulla tutela si \u00e8 investito ben poco. Il mio auspicio \u00e8 che anche le altre piattaforme aderiscano al contratto nazionale.<\/p>\n<p><strong>Come si svolgono i vostri turni di lavoro?<\/strong><\/p>\n<p>Non ci sono badge da passare, ma un tornello virtuale all\u2019aperto \u2013 solitamente una piazza \u2013 presso cui presentarsi un quarto d\u2019ora prima dell\u2019inizio turno. Il mio, per esempio, \u00e8 18:30-21:30. Si accede allo starting point, dove si effettua un controllo del veicolo \u2013 luci clacson, ruote, pneumatici \u2013, compilando un google form. Quando il timer segnala l\u2019inizio del turno, si clicca sul pulsante Play e semplicemente si aspettano pizze, sushi, pinse e hamburger da consegnare. Se non arrivano ordini si resta allo starting point e si chiacchiera con i colleghi. E se piove ci si bagna.<\/p>\n<p>La quotidianit\u00e0 \u00e8 un po\u2019 diversa per chi lavora per le altre piattaforme, che non hanno la certezza di una retribuzione. Si pu\u00f2 lavorare ininterrottamente dalle 11 alle 23 e verso la bella stagione si prosegue fino a mezzanotte, l\u2019una. Loro restano online e si posizionano pi\u00f9 vicino possibile all\u2019ingresso dei ristoranti dove c\u2019\u00e8 pi\u00f9 affluenza.<\/p>\n<p>Nella loro app sono evidenziate le zone pi\u00f9 \u201ccalde\u201d. E vederli tutti l\u00ec vicini uno all\u2019altro in attesa del sacchetto da consegnare d\u00e0 l\u2019idea di come si combatta per un pezzo di pane. Il punto \u00e8 che \u00e8 l\u2019algoritmo che comanda: pi\u00f9 consegne fai pi\u00f9 te ne vengono assegnate. Se ne fai poche, te ne arrivano meno. Se resti online 12 ore sei in posizione alta in classifica. Ma questo sistema un po\u2019 di frenesia te la mette, ne va della qualit\u00e0 della vita.<\/p>\n<p>&nbsp;<\/p>\n","protected":false},"excerpt":{"rendered":"<p>Pierpaolo Ritrovati, rider e sindacalista spezzino, racconta come vive oggi un rider, tra chi sceglie di lavorare con aziende che hanno deciso di aderire a un contratto nazionale e chi invece preferisce non avere vincoli \u2013 e nemmeno tutele \u2013&hellip;<\/p>\n","protected":false},"author":1156,"featured_media":1574994,"comment_status":"closed","ping_status":"closed","sticky":false,"template":"","format":"standard","meta":{"footnotes":""},"categories":[60,47,157],"tags":[86813,101614,6701,101613,77501],"class_list":["post-1574982","post","type-post","status-publish","format-standard","has-post-thumbnail","hentry","category-diritti-umani","category-europa","category-interviste","tag-contratto","tag-cottimo","tag-la-spezia","tag-pierpaolo-ritrovati","tag-riders"],"yoast_head":"<!-- This site is optimized with the Yoast SEO plugin v27.1.1 - https:\/\/yoast.com\/product\/yoast-seo-wordpress\/ -->\n<title>Pierpaolo: \u201cNel giorno della festa del lavoro vi racconto la mia vita da rider\u201d<\/title>\n<meta name=\"description\" content=\"Pierpaolo Ritrovati, rider e sindacalista spezzino, racconta come vive oggi un rider, tra chi sceglie di lavorare con aziende che hanno deciso di aderire\" \/>\n<meta name=\"robots\" content=\"index, follow, max-snippet:-1, max-image-preview:large, max-video-preview:-1\" \/>\n<link rel=\"canonical\" href=\"https:\/\/www.pressenza.com\/it\/2022\/05\/pierpaolo-nel-giorno-della-festa-del-lavoro-vi-racconto-la-mia-vita-da-rider\/\" \/>\n<meta property=\"og:locale\" content=\"it_IT\" \/>\n<meta property=\"og:type\" content=\"article\" \/>\n<meta property=\"og:title\" content=\"Pierpaolo: \u201cNel giorno della festa del lavoro vi racconto la mia vita da rider\u201d\" \/>\n<meta property=\"og:description\" content=\"Pierpaolo Ritrovati, rider e sindacalista spezzino, racconta come vive oggi un rider, tra chi sceglie di lavorare con aziende che hanno deciso di aderire\" \/>\n<meta property=\"og:url\" content=\"https:\/\/www.pressenza.com\/it\/2022\/05\/pierpaolo-nel-giorno-della-festa-del-lavoro-vi-racconto-la-mia-vita-da-rider\/\" \/>\n<meta property=\"og:site_name\" content=\"Pressenza\" \/>\n<meta property=\"article:publisher\" content=\"https:\/\/www.facebook.com\/PressenzaItalia\" \/>\n<meta property=\"article:published_time\" content=\"2022-05-01T18:46:01+00:00\" \/>\n<meta property=\"og:image\" content=\"https:\/\/www.pressenza.com\/wp-content\/uploads\/2022\/05\/cartoni-pizza.jpg\" \/>\n\t<meta property=\"og:image:width\" content=\"1130\" \/>\n\t<meta property=\"og:image:height\" content=\"608\" \/>\n\t<meta property=\"og:image:type\" content=\"image\/jpeg\" \/>\n<meta name=\"author\" content=\"Italia che Cambia\" \/>\n<meta name=\"twitter:card\" content=\"summary_large_image\" \/>\n<meta name=\"twitter:creator\" content=\"@PressenzaIPA\" \/>\n<meta name=\"twitter:site\" content=\"@PressenzaIPA\" \/>\n<meta name=\"twitter:label1\" content=\"Scritto da\" \/>\n\t<meta name=\"twitter:data1\" content=\"Italia che Cambia\" \/>\n\t<meta name=\"twitter:label2\" content=\"Tempo di lettura stimato\" \/>\n\t<meta name=\"twitter:data2\" content=\"6 minuti\" \/>\n<script type=\"application\/ld+json\" class=\"yoast-schema-graph\">{\"@context\":\"https:\/\/schema.org\",\"@graph\":[{\"@type\":\"Article\",\"@id\":\"https:\/\/www.pressenza.com\/it\/2022\/05\/pierpaolo-nel-giorno-della-festa-del-lavoro-vi-racconto-la-mia-vita-da-rider\/#article\",\"isPartOf\":{\"@id\":\"https:\/\/www.pressenza.com\/it\/2022\/05\/pierpaolo-nel-giorno-della-festa-del-lavoro-vi-racconto-la-mia-vita-da-rider\/\"},\"author\":{\"name\":\"Italia che Cambia\",\"@id\":\"https:\/\/www.pressenza.com\/it\/#\/schema\/person\/26ae515434c753a9e88393ca1aba3b44\"},\"headline\":\"Pierpaolo: \u201cNel giorno della festa del lavoro vi racconto la mia vita da rider\u201d\",\"datePublished\":\"2022-05-01T18:46:01+00:00\",\"mainEntityOfPage\":{\"@id\":\"https:\/\/www.pressenza.com\/it\/2022\/05\/pierpaolo-nel-giorno-della-festa-del-lavoro-vi-racconto-la-mia-vita-da-rider\/\"},\"wordCount\":1079,\"publisher\":{\"@id\":\"https:\/\/www.pressenza.com\/it\/#organization\"},\"image\":{\"@id\":\"https:\/\/www.pressenza.com\/it\/2022\/05\/pierpaolo-nel-giorno-della-festa-del-lavoro-vi-racconto-la-mia-vita-da-rider\/#primaryimage\"},\"thumbnailUrl\":\"https:\/\/www.pressenza.com\/wp-content\/uploads\/2022\/05\/cartoni-pizza.jpg\",\"keywords\":[\"contratto\",\"cottimo\",\"La Spezia\",\"Pierpaolo Ritrovati\",\"riders\"],\"articleSection\":[\"Diritti Umani\",\"Europa\",\"Interviste\"],\"inLanguage\":\"it-IT\"},{\"@type\":\"WebPage\",\"@id\":\"https:\/\/www.pressenza.com\/it\/2022\/05\/pierpaolo-nel-giorno-della-festa-del-lavoro-vi-racconto-la-mia-vita-da-rider\/\",\"url\":\"https:\/\/www.pressenza.com\/it\/2022\/05\/pierpaolo-nel-giorno-della-festa-del-lavoro-vi-racconto-la-mia-vita-da-rider\/\",\"name\":\"Pierpaolo: \u201cNel giorno della festa del lavoro vi racconto la mia vita da rider\u201d\",\"isPartOf\":{\"@id\":\"https:\/\/www.pressenza.com\/it\/#website\"},\"primaryImageOfPage\":{\"@id\":\"https:\/\/www.pressenza.com\/it\/2022\/05\/pierpaolo-nel-giorno-della-festa-del-lavoro-vi-racconto-la-mia-vita-da-rider\/#primaryimage\"},\"image\":{\"@id\":\"https:\/\/www.pressenza.com\/it\/2022\/05\/pierpaolo-nel-giorno-della-festa-del-lavoro-vi-racconto-la-mia-vita-da-rider\/#primaryimage\"},\"thumbnailUrl\":\"https:\/\/www.pressenza.com\/wp-content\/uploads\/2022\/05\/cartoni-pizza.jpg\",\"datePublished\":\"2022-05-01T18:46:01+00:00\",\"description\":\"Pierpaolo Ritrovati, rider e sindacalista spezzino, racconta come vive oggi un rider, tra chi sceglie di lavorare con aziende che hanno deciso di aderire\",\"breadcrumb\":{\"@id\":\"https:\/\/www.pressenza.com\/it\/2022\/05\/pierpaolo-nel-giorno-della-festa-del-lavoro-vi-racconto-la-mia-vita-da-rider\/#breadcrumb\"},\"inLanguage\":\"it-IT\",\"potentialAction\":[{\"@type\":\"ReadAction\",\"target\":[\"https:\/\/www.pressenza.com\/it\/2022\/05\/pierpaolo-nel-giorno-della-festa-del-lavoro-vi-racconto-la-mia-vita-da-rider\/\"]}]},{\"@type\":\"ImageObject\",\"inLanguage\":\"it-IT\",\"@id\":\"https:\/\/www.pressenza.com\/it\/2022\/05\/pierpaolo-nel-giorno-della-festa-del-lavoro-vi-racconto-la-mia-vita-da-rider\/#primaryimage\",\"url\":\"https:\/\/www.pressenza.com\/wp-content\/uploads\/2022\/05\/cartoni-pizza.jpg\",\"contentUrl\":\"https:\/\/www.pressenza.com\/wp-content\/uploads\/2022\/05\/cartoni-pizza.jpg\",\"width\":1130,\"height\":608},{\"@type\":\"BreadcrumbList\",\"@id\":\"https:\/\/www.pressenza.com\/it\/2022\/05\/pierpaolo-nel-giorno-della-festa-del-lavoro-vi-racconto-la-mia-vita-da-rider\/#breadcrumb\",\"itemListElement\":[{\"@type\":\"ListItem\",\"position\":1,\"name\":\"Accueil\",\"item\":\"https:\/\/www.pressenza.com\/it\/\"},{\"@type\":\"ListItem\",\"position\":2,\"name\":\"Pierpaolo: \u201cNel giorno della festa del lavoro vi racconto la mia vita da rider\u201d\"}]},{\"@type\":\"WebSite\",\"@id\":\"https:\/\/www.pressenza.com\/it\/#website\",\"url\":\"https:\/\/www.pressenza.com\/it\/\",\"name\":\"Pressenza\",\"description\":\"Agenzia di Stampa Internazionale\",\"publisher\":{\"@id\":\"https:\/\/www.pressenza.com\/it\/#organization\"},\"potentialAction\":[{\"@type\":\"SearchAction\",\"target\":{\"@type\":\"EntryPoint\",\"urlTemplate\":\"https:\/\/www.pressenza.com\/it\/?s={search_term_string}\"},\"query-input\":{\"@type\":\"PropertyValueSpecification\",\"valueRequired\":true,\"valueName\":\"search_term_string\"}}],\"inLanguage\":\"it-IT\"},{\"@type\":\"Organization\",\"@id\":\"https:\/\/www.pressenza.com\/it\/#organization\",\"name\":\"Pressenza\",\"url\":\"https:\/\/www.pressenza.com\/it\/\",\"logo\":{\"@type\":\"ImageObject\",\"inLanguage\":\"it-IT\",\"@id\":\"https:\/\/www.pressenza.com\/it\/#\/schema\/logo\/image\/\",\"url\":\"https:\/\/www.pressenza.com\/wp-content\/uploads\/2022\/10\/pressenza_logo_200x200.jpg\",\"contentUrl\":\"https:\/\/www.pressenza.com\/wp-content\/uploads\/2022\/10\/pressenza_logo_200x200.jpg\",\"width\":200,\"height\":200,\"caption\":\"Pressenza\"},\"image\":{\"@id\":\"https:\/\/www.pressenza.com\/it\/#\/schema\/logo\/image\/\"},\"sameAs\":[\"https:\/\/www.facebook.com\/PressenzaItalia\",\"https:\/\/x.com\/PressenzaIPA\"]},{\"@type\":\"Person\",\"@id\":\"https:\/\/www.pressenza.com\/it\/#\/schema\/person\/26ae515434c753a9e88393ca1aba3b44\",\"name\":\"Italia che Cambia\",\"description\":\"Italia che Cambia \u00e8 una testata giornalistica. Vogliamo creare strumenti che mettano insieme tutti gli attori silenziosi di quell\u2019Italia che esiste ma che attualmente \u00e8 invisibile dall\u2019esterno, perch\u00e9 ignorata dai mass media. Vogliamo raccontare e rappresentare quei milioni di cittadini fino ad oggi esclusi dai circuiti informativi, offrendogli allo stesso tempo una serie di servizi fondamentali alla valorizzazione e alla messa in rete delle loro azioni.\",\"url\":\"https:\/\/www.pressenza.com\/it\/author\/italia-che-cambia\/\"}]}<\/script>\n<!-- \/ Yoast SEO plugin. -->","yoast_head_json":{"title":"Pierpaolo: \u201cNel giorno della festa del lavoro vi racconto la mia vita da rider\u201d","description":"Pierpaolo Ritrovati, rider e sindacalista spezzino, racconta come vive oggi un rider, tra chi sceglie di lavorare con aziende che hanno deciso di aderire","robots":{"index":"index","follow":"follow","max-snippet":"max-snippet:-1","max-image-preview":"max-image-preview:large","max-video-preview":"max-video-preview:-1"},"canonical":"https:\/\/www.pressenza.com\/it\/2022\/05\/pierpaolo-nel-giorno-della-festa-del-lavoro-vi-racconto-la-mia-vita-da-rider\/","og_locale":"it_IT","og_type":"article","og_title":"Pierpaolo: \u201cNel giorno della festa del lavoro vi racconto la mia vita da rider\u201d","og_description":"Pierpaolo Ritrovati, rider e sindacalista spezzino, racconta come vive oggi un rider, tra chi sceglie di lavorare con aziende che hanno deciso di aderire","og_url":"https:\/\/www.pressenza.com\/it\/2022\/05\/pierpaolo-nel-giorno-della-festa-del-lavoro-vi-racconto-la-mia-vita-da-rider\/","og_site_name":"Pressenza","article_publisher":"https:\/\/www.facebook.com\/PressenzaItalia","article_published_time":"2022-05-01T18:46:01+00:00","og_image":[{"width":1130,"height":608,"url":"https:\/\/www.pressenza.com\/wp-content\/uploads\/2022\/05\/cartoni-pizza.jpg","type":"image\/jpeg"}],"author":"Italia che Cambia","twitter_card":"summary_large_image","twitter_creator":"@PressenzaIPA","twitter_site":"@PressenzaIPA","twitter_misc":{"Scritto da":"Italia che Cambia","Tempo di lettura stimato":"6 minuti"},"schema":{"@context":"https:\/\/schema.org","@graph":[{"@type":"Article","@id":"https:\/\/www.pressenza.com\/it\/2022\/05\/pierpaolo-nel-giorno-della-festa-del-lavoro-vi-racconto-la-mia-vita-da-rider\/#article","isPartOf":{"@id":"https:\/\/www.pressenza.com\/it\/2022\/05\/pierpaolo-nel-giorno-della-festa-del-lavoro-vi-racconto-la-mia-vita-da-rider\/"},"author":{"name":"Italia che Cambia","@id":"https:\/\/www.pressenza.com\/it\/#\/schema\/person\/26ae515434c753a9e88393ca1aba3b44"},"headline":"Pierpaolo: \u201cNel giorno della festa del lavoro vi racconto la mia vita da rider\u201d","datePublished":"2022-05-01T18:46:01+00:00","mainEntityOfPage":{"@id":"https:\/\/www.pressenza.com\/it\/2022\/05\/pierpaolo-nel-giorno-della-festa-del-lavoro-vi-racconto-la-mia-vita-da-rider\/"},"wordCount":1079,"publisher":{"@id":"https:\/\/www.pressenza.com\/it\/#organization"},"image":{"@id":"https:\/\/www.pressenza.com\/it\/2022\/05\/pierpaolo-nel-giorno-della-festa-del-lavoro-vi-racconto-la-mia-vita-da-rider\/#primaryimage"},"thumbnailUrl":"https:\/\/www.pressenza.com\/wp-content\/uploads\/2022\/05\/cartoni-pizza.jpg","keywords":["contratto","cottimo","La Spezia","Pierpaolo Ritrovati","riders"],"articleSection":["Diritti Umani","Europa","Interviste"],"inLanguage":"it-IT"},{"@type":"WebPage","@id":"https:\/\/www.pressenza.com\/it\/2022\/05\/pierpaolo-nel-giorno-della-festa-del-lavoro-vi-racconto-la-mia-vita-da-rider\/","url":"https:\/\/www.pressenza.com\/it\/2022\/05\/pierpaolo-nel-giorno-della-festa-del-lavoro-vi-racconto-la-mia-vita-da-rider\/","name":"Pierpaolo: \u201cNel giorno della festa del lavoro vi racconto la mia vita da rider\u201d","isPartOf":{"@id":"https:\/\/www.pressenza.com\/it\/#website"},"primaryImageOfPage":{"@id":"https:\/\/www.pressenza.com\/it\/2022\/05\/pierpaolo-nel-giorno-della-festa-del-lavoro-vi-racconto-la-mia-vita-da-rider\/#primaryimage"},"image":{"@id":"https:\/\/www.pressenza.com\/it\/2022\/05\/pierpaolo-nel-giorno-della-festa-del-lavoro-vi-racconto-la-mia-vita-da-rider\/#primaryimage"},"thumbnailUrl":"https:\/\/www.pressenza.com\/wp-content\/uploads\/2022\/05\/cartoni-pizza.jpg","datePublished":"2022-05-01T18:46:01+00:00","description":"Pierpaolo Ritrovati, rider e sindacalista spezzino, racconta come vive oggi un rider, tra chi sceglie di lavorare con aziende che hanno deciso di aderire","breadcrumb":{"@id":"https:\/\/www.pressenza.com\/it\/2022\/05\/pierpaolo-nel-giorno-della-festa-del-lavoro-vi-racconto-la-mia-vita-da-rider\/#breadcrumb"},"inLanguage":"it-IT","potentialAction":[{"@type":"ReadAction","target":["https:\/\/www.pressenza.com\/it\/2022\/05\/pierpaolo-nel-giorno-della-festa-del-lavoro-vi-racconto-la-mia-vita-da-rider\/"]}]},{"@type":"ImageObject","inLanguage":"it-IT","@id":"https:\/\/www.pressenza.com\/it\/2022\/05\/pierpaolo-nel-giorno-della-festa-del-lavoro-vi-racconto-la-mia-vita-da-rider\/#primaryimage","url":"https:\/\/www.pressenza.com\/wp-content\/uploads\/2022\/05\/cartoni-pizza.jpg","contentUrl":"https:\/\/www.pressenza.com\/wp-content\/uploads\/2022\/05\/cartoni-pizza.jpg","width":1130,"height":608},{"@type":"BreadcrumbList","@id":"https:\/\/www.pressenza.com\/it\/2022\/05\/pierpaolo-nel-giorno-della-festa-del-lavoro-vi-racconto-la-mia-vita-da-rider\/#breadcrumb","itemListElement":[{"@type":"ListItem","position":1,"name":"Accueil","item":"https:\/\/www.pressenza.com\/it\/"},{"@type":"ListItem","position":2,"name":"Pierpaolo: \u201cNel giorno della festa del lavoro vi racconto la mia vita da rider\u201d"}]},{"@type":"WebSite","@id":"https:\/\/www.pressenza.com\/it\/#website","url":"https:\/\/www.pressenza.com\/it\/","name":"Pressenza","description":"Agenzia di Stampa Internazionale","publisher":{"@id":"https:\/\/www.pressenza.com\/it\/#organization"},"potentialAction":[{"@type":"SearchAction","target":{"@type":"EntryPoint","urlTemplate":"https:\/\/www.pressenza.com\/it\/?s={search_term_string}"},"query-input":{"@type":"PropertyValueSpecification","valueRequired":true,"valueName":"search_term_string"}}],"inLanguage":"it-IT"},{"@type":"Organization","@id":"https:\/\/www.pressenza.com\/it\/#organization","name":"Pressenza","url":"https:\/\/www.pressenza.com\/it\/","logo":{"@type":"ImageObject","inLanguage":"it-IT","@id":"https:\/\/www.pressenza.com\/it\/#\/schema\/logo\/image\/","url":"https:\/\/www.pressenza.com\/wp-content\/uploads\/2022\/10\/pressenza_logo_200x200.jpg","contentUrl":"https:\/\/www.pressenza.com\/wp-content\/uploads\/2022\/10\/pressenza_logo_200x200.jpg","width":200,"height":200,"caption":"Pressenza"},"image":{"@id":"https:\/\/www.pressenza.com\/it\/#\/schema\/logo\/image\/"},"sameAs":["https:\/\/www.facebook.com\/PressenzaItalia","https:\/\/x.com\/PressenzaIPA"]},{"@type":"Person","@id":"https:\/\/www.pressenza.com\/it\/#\/schema\/person\/26ae515434c753a9e88393ca1aba3b44","name":"Italia che Cambia","description":"Italia che Cambia \u00e8 una testata giornalistica. Vogliamo creare strumenti che mettano insieme tutti gli attori silenziosi di quell\u2019Italia che esiste ma che attualmente \u00e8 invisibile dall\u2019esterno, perch\u00e9 ignorata dai mass media. Vogliamo raccontare e rappresentare quei milioni di cittadini fino ad oggi esclusi dai circuiti informativi, offrendogli allo stesso tempo una serie di servizi fondamentali alla valorizzazione e alla messa in rete delle loro azioni.","url":"https:\/\/www.pressenza.com\/it\/author\/italia-che-cambia\/"}]}},"place":"Valentina D\u2019Amora","original_article_url":"https:\/\/www.italiachecambia.org\/2022\/04\/rider-laspezia\/","_links":{"self":[{"href":"https:\/\/www.pressenza.com\/it\/wp-json\/wp\/v2\/posts\/1574982","targetHints":{"allow":["GET"]}}],"collection":[{"href":"https:\/\/www.pressenza.com\/it\/wp-json\/wp\/v2\/posts"}],"about":[{"href":"https:\/\/www.pressenza.com\/it\/wp-json\/wp\/v2\/types\/post"}],"author":[{"embeddable":true,"href":"https:\/\/www.pressenza.com\/it\/wp-json\/wp\/v2\/users\/1156"}],"replies":[{"embeddable":true,"href":"https:\/\/www.pressenza.com\/it\/wp-json\/wp\/v2\/comments?post=1574982"}],"version-history":[{"count":0,"href":"https:\/\/www.pressenza.com\/it\/wp-json\/wp\/v2\/posts\/1574982\/revisions"}],"wp:featuredmedia":[{"embeddable":true,"href":"https:\/\/www.pressenza.com\/it\/wp-json\/wp\/v2\/media\/1574994"}],"wp:attachment":[{"href":"https:\/\/www.pressenza.com\/it\/wp-json\/wp\/v2\/media?parent=1574982"}],"wp:term":[{"taxonomy":"category","embeddable":true,"href":"https:\/\/www.pressenza.com\/it\/wp-json\/wp\/v2\/categories?post=1574982"},{"taxonomy":"post_tag","embeddable":true,"href":"https:\/\/www.pressenza.com\/it\/wp-json\/wp\/v2\/tags?post=1574982"}],"curies":[{"name":"wp","href":"https:\/\/api.w.org\/{rel}","templated":true}]}}