{"id":1574969,"date":"2022-05-01T18:53:13","date_gmt":"2022-05-01T17:53:13","guid":{"rendered":"https:\/\/www.pressenza.com\/?p=1574969"},"modified":"2022-05-01T19:01:35","modified_gmt":"2022-05-01T18:01:35","slug":"contrastiamo-la-cooptazione-facciamo-eleggere-cambiamo-la-politica","status":"publish","type":"post","link":"https:\/\/www.pressenza.com\/it\/2022\/05\/contrastiamo-la-cooptazione-facciamo-eleggere-cambiamo-la-politica\/","title":{"rendered":"Contrastiamo la cooptazione, facciamo eleggere, cambiamo la politica"},"content":{"rendered":"<p>Sono in molti a sostenere che una delle cause maggiori della crisi della politica e dei partiti sia da individuare nella <a href=\"https:\/\/www.treccani.it\/vocabolario\/cooptazione\/\">cooptazione<\/a>. \u00c8 pur vero che un po&#8217; dappertutto nel mondo i dirigenti politici non vengono scelti per concorso o, magari, con le primarie (che servono a scegliere i candidati alle cariche monocratiche) e sono comunque evidenti ai pi\u00f9 anche i gravi limiti del ricorso al metodo della cosiddetta \u201cdemocrazia diretta\u201d per scegliere i nostri rappresentanti. Ma forse il problema, come qualcuno da tempo va avanzando, non \u00e8 tanto nella cooptazione tout court quanto nel tipo di cooptazione che si pratica in Italia. Una cooptazione tutta fondata sull\u2019assoluta fedelt\u00e0 e scevra da ogni riferimento al merito. In altri termini, si preferisce cooptare quelli meno preparati che, quindi, debbono la loro posizione di insider esclusivamente alla fedelt\u00e0 al leader cooptante. Una cooptazione che si muove esclusivamente nella logica dell\u2019\u201dinglobar trattando\u201d. Ottenendo in questo modo assoluta ubbidienza, ma anche totale incapacit\u00e0 e poco aderenza al bene comune.<\/p>\n<p>Da anni il dibattito sulla crisi della nostra democrazia si crogiola stancamente tra analisi e proposte e si cimenta in modo inconcludente su cosa fare e su quale riforma introdurre. Ma nonostante i tanti simposi che si sprecano e le ricorrenti analisi e critiche al sistema che un po&#8217; tutti avanzano, non si riesce a fare alcun passo avanti sulla strada della riforma della politica. Si resta impigliati da decenni in una grave crisi politico-istituzionale e non riuscendo a mettere in agenda e a implementare l\u2019ineludibile riforma dei partiti e la conseguente riforma della selezione dei dirigenti politici. \u00a0\u00c8 forse il caso di prendere atto che per rompere questo circolo vizioso non ci si pu\u00f2 affidare esclusivamente alla buona volont\u00e0 di chi ha tutto l\u2019interesse a continuare a cooptare e a perpetrare lo status quo, ma anche che non \u00e8 possibile continuare a restare con le mani in mano.<\/p>\n<p>Qualcosa va fatto e qualcosa per fortuna qualcuno sta gi\u00e0 facendo. In questa direzione va per esempio <strong>la campagna \u201cFacciamo Eleggere\u201d di Forum Disuguaglianze e Diversit\u00e0 e Ti Candido per sostenere candidati impegnati per la giustizia sociale e ambientale alle prossime elezioni amministrative del 12 giugno 2022<\/strong><strong>, <\/strong>con eventuale turno di ballottaggio per l\u2019elezione diretta dei sindaci <strong>domenica 26 giugno 2022<\/strong><strong> (<a href=\"https:\/\/dait.interno.gov.it\/documenti\/elenco_enti_amministrative_2022.pdf\">qui<\/a> l\u2019elenco completo dei comuni interessati al voto).<\/strong><\/p>\n<p>Dopo il successo dell\u2019edizione 2021, <strong>Forum Disuguaglianze e Diversit\u00e0 <\/strong>e <strong>Ti Candido<\/strong> lanciano una nuova edizione della campagna \u201c<strong>Facciamo Eleggere<\/strong>\u201d, per contribuire a portare nel governo delle\u00a0<strong>istituzioni locali<\/strong>, quelle pi\u00f9 prossime ai cittadini, persone capaci, motivate e impegnate per la\u00a0<strong>giustizia sociale e ambientale<\/strong>. \u00c8 questo un modo <em>per cercare di superare i processi indigeribili di cooptazione che ammorbano la politica o anche solo per cercare di indicare una strada percorribile per farlo concretamente. <\/em>Dal 27 aprile scorso \u00e8 aperta la\u00a0<strong><a href=\"https:\/\/www.ticandido.it\/candidati-la-tua-strada-comincia-da-qui\/\">call pubblica\u00a0<\/a><\/strong>per candidate e candidati che potranno raccontare, <strong><u>entro il 10 maggio<\/u><\/strong>, la propria storia e i motivi che spingono a candidarsi nel proprio Comune.<\/p>\n<p>Centrale sar\u00e0 anche quest\u2019anno\u00a0<strong>il metodo di selezione<\/strong>\u00a0delle persone che verranno sostenute: per le battaglie concrete, per l\u2019adesione alle proposte che segnano l\u2019alleanza tra <strong>Forum DD<\/strong> e <strong>Ti candido<\/strong> \u00a0 e per la loro autonomia di pensiero.<\/p>\n<p><strong>Forum DD<\/strong> e <strong>Ti candido<\/strong> daranno il loro benvenuto ai candidati che si battono per forme di integrazione del reddito, autoimprenditorialit\u00e0 (purch\u00e9 essa non divenga sfruttamento e autosfruttamento), miglioramento e creazione di servizi ai cittadini (asili, presidi sanitari, trasporto pubblico, istruzione, casa, sostegno agli anziani e alle categorie pi\u00f9 in difficolt\u00e0), a chi vuole ribaltare l\u2019approccio maschile alla politica, a coloro che affiancano in prima linea, con azioni di solidariet\u00e0 e sostegno, i lavoratori di una comunit\u00e0 locale, a chi lotta contro la criminalit\u00e0 organizzata e la corruzione, ai candidati che vogliono investimenti pubblici per creare sviluppo e innovazione, per contrastare la crescita della rendita speculativa, a coloro che vogliono \u00a0comunit\u00e0 \u2013 urbane e non \u2013 come luoghi dell\u2019economia circolare, dei \u201crifiuti zero\u201d, del trasporto ecologico e della mobilit\u00e0 dolce, dell\u2019abbattimento dei consumi di energia e della produzione di gas, dell\u2019abbattimento del rischio per le persone di fronte alle calamit\u00e0 e agli eventi naturali. Saranno i benvenuti coloro che intendono battersi per i diritti collettivi e individuali, senza alcuna forma di discriminazione e che intendano proporre progetti che aiutano le comunit\u00e0 a crescere e allargare gli spazi di democrazia, oppure che intendano lavorare su progetti locali nati per garantire diritti a chi decide di emigrare o a chi chiede protezione internazionale e su progetti di volontariato, cura del territorio, forme di auto-aiuto e di impegno, rigenerazione di spazi pubblici, organizzazione di comunit\u00e0 -urbane e non- come luoghi dell\u2019economia circolare.<\/p>\n<p>L\u2019impegno dei soggetti promotori proseguir\u00e0 con la fase di\u00a0<strong>selezione delle candidature<\/strong>, con le attivit\u00e0 di\u00a0<strong>supporto e formazione\u00a0<\/strong>dei candidati eletti nel corso del proprio mandato e con la<strong>\u00a0costituzione di una comunit\u00e0 anche con gli eletti e le elette degli anni passati\u00a0<\/strong>che avr\u00e0 un primo appuntamento pubblico al Festival della partecipazione alla fine di giugno.<\/p>\n<p>In tre anni l\u2019iniziativa ha supportato 28 attiviste e attivisti nelle loro campagne elettorali, contribuendo dal 2019 ad eleggere una consigliera regionale, sindaci e consigliere e consiglieri comunali in tutto il paese. Tutto questo pu\u00f2 sembrare soltanto un piccolo passo per cambiare la politica, ma- come si sa- ogni lungo cammino inizia con un primo piccolo passo.<\/p>\n<p><a href=\"https:\/\/www.forumdisuguaglianzediversita.org\/facciamo-eleggere-la-campagna-per-le-amministrative-di-forumdd-e-ti-candido-edizione-2022\/\">https:\/\/www.forumdisuguaglianzediversita.org\/facciamo-eleggere-la-campagna-per-le-amministrative-di-forumdd-e-ti-candido-edizione-2022\/<\/a>.<\/p>\n","protected":false},"excerpt":{"rendered":"<p>Sono in molti a sostenere che una delle cause maggiori della crisi della politica e dei partiti sia da individuare nella cooptazione. \u00c8 pur vero che un po&#8217; dappertutto nel mondo i dirigenti politici non vengono scelti per concorso o,&hellip;<\/p>\n","protected":false},"author":2106,"featured_media":1574970,"comment_status":"closed","ping_status":"closed","sticky":false,"template":"","format":"standard","meta":{"footnotes":""},"categories":[11388,47,55],"tags":[101609,101610,101611,98281,101612],"class_list":["post-1574969","post","type-post","status-publish","format-standard","has-post-thumbnail","hentry","category-contenuti-originali","category-europa","category-politica","tag-campagna-facciamo-eleggere","tag-elezioni-amministrative-2022","tag-forum-disuguaglianze-e-diversita","tag-giustizia-sociale-e-ambientale","tag-ti-candido"],"yoast_head":"<!-- This site is optimized with the Yoast SEO plugin v27.1.1 - https:\/\/yoast.com\/product\/yoast-seo-wordpress\/ -->\n<title>Contrastiamo la cooptazione, facciamo eleggere, cambiamo la politica<\/title>\n<meta name=\"description\" content=\"Sono in molti a sostenere che una delle cause maggiori della crisi della politica e dei partiti sia da individuare nella cooptazione. \u00c8 pur vero che un\" \/>\n<meta name=\"robots\" content=\"index, follow, max-snippet:-1, max-image-preview:large, max-video-preview:-1\" \/>\n<link rel=\"canonical\" href=\"https:\/\/www.pressenza.com\/it\/2022\/05\/contrastiamo-la-cooptazione-facciamo-eleggere-cambiamo-la-politica\/\" \/>\n<meta property=\"og:locale\" content=\"it_IT\" \/>\n<meta property=\"og:type\" content=\"article\" \/>\n<meta property=\"og:title\" content=\"Contrastiamo la cooptazione, facciamo eleggere, cambiamo la politica\" \/>\n<meta property=\"og:description\" content=\"Sono in molti a sostenere che una delle cause maggiori della crisi della politica e dei partiti sia da individuare nella cooptazione. \u00c8 pur vero che un\" \/>\n<meta property=\"og:url\" content=\"https:\/\/www.pressenza.com\/it\/2022\/05\/contrastiamo-la-cooptazione-facciamo-eleggere-cambiamo-la-politica\/\" \/>\n<meta property=\"og:site_name\" content=\"Pressenza\" \/>\n<meta property=\"article:publisher\" content=\"https:\/\/www.facebook.com\/PressenzaItalia\" \/>\n<meta property=\"article:published_time\" content=\"2022-05-01T17:53:13+00:00\" \/>\n<meta property=\"article:modified_time\" content=\"2022-05-01T18:01:35+00:00\" \/>\n<meta property=\"og:image\" content=\"https:\/\/www.pressenza.com\/wp-content\/uploads\/2022\/05\/campagna-Facciamo-eleggere.jpg\" \/>\n\t<meta property=\"og:image:width\" content=\"1730\" \/>\n\t<meta property=\"og:image:height\" content=\"908\" \/>\n\t<meta property=\"og:image:type\" content=\"image\/jpeg\" \/>\n<meta name=\"author\" content=\"Giovanni Caprio\" \/>\n<meta name=\"twitter:card\" content=\"summary_large_image\" \/>\n<meta name=\"twitter:creator\" content=\"@PressenzaIPA\" \/>\n<meta name=\"twitter:site\" content=\"@PressenzaIPA\" \/>\n<meta name=\"twitter:label1\" content=\"Scritto da\" \/>\n\t<meta name=\"twitter:data1\" content=\"Giovanni Caprio\" \/>\n\t<meta name=\"twitter:label2\" content=\"Tempo di lettura stimato\" \/>\n\t<meta name=\"twitter:data2\" content=\"5 minuti\" \/>\n<script type=\"application\/ld+json\" class=\"yoast-schema-graph\">{\"@context\":\"https:\/\/schema.org\",\"@graph\":[{\"@type\":\"Article\",\"@id\":\"https:\/\/www.pressenza.com\/it\/2022\/05\/contrastiamo-la-cooptazione-facciamo-eleggere-cambiamo-la-politica\/#article\",\"isPartOf\":{\"@id\":\"https:\/\/www.pressenza.com\/it\/2022\/05\/contrastiamo-la-cooptazione-facciamo-eleggere-cambiamo-la-politica\/\"},\"author\":{\"name\":\"Giovanni Caprio\",\"@id\":\"https:\/\/www.pressenza.com\/it\/#\/schema\/person\/841c36a613f4f6e80f5fbc9c1f8c32c8\"},\"headline\":\"Contrastiamo la cooptazione, facciamo eleggere, cambiamo la politica\",\"datePublished\":\"2022-05-01T17:53:13+00:00\",\"dateModified\":\"2022-05-01T18:01:35+00:00\",\"mainEntityOfPage\":{\"@id\":\"https:\/\/www.pressenza.com\/it\/2022\/05\/contrastiamo-la-cooptazione-facciamo-eleggere-cambiamo-la-politica\/\"},\"wordCount\":895,\"publisher\":{\"@id\":\"https:\/\/www.pressenza.com\/it\/#organization\"},\"image\":{\"@id\":\"https:\/\/www.pressenza.com\/it\/2022\/05\/contrastiamo-la-cooptazione-facciamo-eleggere-cambiamo-la-politica\/#primaryimage\"},\"thumbnailUrl\":\"https:\/\/www.pressenza.com\/wp-content\/uploads\/2022\/05\/campagna-Facciamo-eleggere.jpg\",\"keywords\":[\"campagna \u201cFacciamo Eleggere\u201d\",\"elezioni amministrative 2022\",\"Forum Disuguaglianze e Diversit\u00e0\",\"giustizia sociale e ambientale\",\"Ti Candido\"],\"articleSection\":[\"contenuti originali\",\"Europa\",\"Politica\"],\"inLanguage\":\"it-IT\"},{\"@type\":\"WebPage\",\"@id\":\"https:\/\/www.pressenza.com\/it\/2022\/05\/contrastiamo-la-cooptazione-facciamo-eleggere-cambiamo-la-politica\/\",\"url\":\"https:\/\/www.pressenza.com\/it\/2022\/05\/contrastiamo-la-cooptazione-facciamo-eleggere-cambiamo-la-politica\/\",\"name\":\"Contrastiamo la cooptazione, facciamo eleggere, cambiamo la politica\",\"isPartOf\":{\"@id\":\"https:\/\/www.pressenza.com\/it\/#website\"},\"primaryImageOfPage\":{\"@id\":\"https:\/\/www.pressenza.com\/it\/2022\/05\/contrastiamo-la-cooptazione-facciamo-eleggere-cambiamo-la-politica\/#primaryimage\"},\"image\":{\"@id\":\"https:\/\/www.pressenza.com\/it\/2022\/05\/contrastiamo-la-cooptazione-facciamo-eleggere-cambiamo-la-politica\/#primaryimage\"},\"thumbnailUrl\":\"https:\/\/www.pressenza.com\/wp-content\/uploads\/2022\/05\/campagna-Facciamo-eleggere.jpg\",\"datePublished\":\"2022-05-01T17:53:13+00:00\",\"dateModified\":\"2022-05-01T18:01:35+00:00\",\"description\":\"Sono in molti a sostenere che una delle cause maggiori della crisi della politica e dei partiti sia da individuare nella cooptazione. \u00c8 pur vero che un\",\"breadcrumb\":{\"@id\":\"https:\/\/www.pressenza.com\/it\/2022\/05\/contrastiamo-la-cooptazione-facciamo-eleggere-cambiamo-la-politica\/#breadcrumb\"},\"inLanguage\":\"it-IT\",\"potentialAction\":[{\"@type\":\"ReadAction\",\"target\":[\"https:\/\/www.pressenza.com\/it\/2022\/05\/contrastiamo-la-cooptazione-facciamo-eleggere-cambiamo-la-politica\/\"]}]},{\"@type\":\"ImageObject\",\"inLanguage\":\"it-IT\",\"@id\":\"https:\/\/www.pressenza.com\/it\/2022\/05\/contrastiamo-la-cooptazione-facciamo-eleggere-cambiamo-la-politica\/#primaryimage\",\"url\":\"https:\/\/www.pressenza.com\/wp-content\/uploads\/2022\/05\/campagna-Facciamo-eleggere.jpg\",\"contentUrl\":\"https:\/\/www.pressenza.com\/wp-content\/uploads\/2022\/05\/campagna-Facciamo-eleggere.jpg\",\"width\":1730,\"height\":908},{\"@type\":\"BreadcrumbList\",\"@id\":\"https:\/\/www.pressenza.com\/it\/2022\/05\/contrastiamo-la-cooptazione-facciamo-eleggere-cambiamo-la-politica\/#breadcrumb\",\"itemListElement\":[{\"@type\":\"ListItem\",\"position\":1,\"name\":\"Accueil\",\"item\":\"https:\/\/www.pressenza.com\/it\/\"},{\"@type\":\"ListItem\",\"position\":2,\"name\":\"Contrastiamo la cooptazione, facciamo eleggere, cambiamo la politica\"}]},{\"@type\":\"WebSite\",\"@id\":\"https:\/\/www.pressenza.com\/it\/#website\",\"url\":\"https:\/\/www.pressenza.com\/it\/\",\"name\":\"Pressenza\",\"description\":\"Agenzia di Stampa Internazionale\",\"publisher\":{\"@id\":\"https:\/\/www.pressenza.com\/it\/#organization\"},\"potentialAction\":[{\"@type\":\"SearchAction\",\"target\":{\"@type\":\"EntryPoint\",\"urlTemplate\":\"https:\/\/www.pressenza.com\/it\/?s={search_term_string}\"},\"query-input\":{\"@type\":\"PropertyValueSpecification\",\"valueRequired\":true,\"valueName\":\"search_term_string\"}}],\"inLanguage\":\"it-IT\"},{\"@type\":\"Organization\",\"@id\":\"https:\/\/www.pressenza.com\/it\/#organization\",\"name\":\"Pressenza\",\"url\":\"https:\/\/www.pressenza.com\/it\/\",\"logo\":{\"@type\":\"ImageObject\",\"inLanguage\":\"it-IT\",\"@id\":\"https:\/\/www.pressenza.com\/it\/#\/schema\/logo\/image\/\",\"url\":\"https:\/\/www.pressenza.com\/wp-content\/uploads\/2022\/10\/pressenza_logo_200x200.jpg\",\"contentUrl\":\"https:\/\/www.pressenza.com\/wp-content\/uploads\/2022\/10\/pressenza_logo_200x200.jpg\",\"width\":200,\"height\":200,\"caption\":\"Pressenza\"},\"image\":{\"@id\":\"https:\/\/www.pressenza.com\/it\/#\/schema\/logo\/image\/\"},\"sameAs\":[\"https:\/\/www.facebook.com\/PressenzaItalia\",\"https:\/\/x.com\/PressenzaIPA\"]},{\"@type\":\"Person\",\"@id\":\"https:\/\/www.pressenza.com\/it\/#\/schema\/person\/841c36a613f4f6e80f5fbc9c1f8c32c8\",\"name\":\"Giovanni Caprio\",\"description\":\"Pubblicista, gi\u00e0 dirigente di istituzioni pubbliche e di fondazioni private. Si occupa di beni comuni, partecipazione e governo del territorio.\",\"url\":\"https:\/\/www.pressenza.com\/it\/author\/giovanni-caprio\/\"}]}<\/script>\n<!-- \/ Yoast SEO plugin. -->","yoast_head_json":{"title":"Contrastiamo la cooptazione, facciamo eleggere, cambiamo la politica","description":"Sono in molti a sostenere che una delle cause maggiori della crisi della politica e dei partiti sia da individuare nella cooptazione. \u00c8 pur vero che un","robots":{"index":"index","follow":"follow","max-snippet":"max-snippet:-1","max-image-preview":"max-image-preview:large","max-video-preview":"max-video-preview:-1"},"canonical":"https:\/\/www.pressenza.com\/it\/2022\/05\/contrastiamo-la-cooptazione-facciamo-eleggere-cambiamo-la-politica\/","og_locale":"it_IT","og_type":"article","og_title":"Contrastiamo la cooptazione, facciamo eleggere, cambiamo la politica","og_description":"Sono in molti a sostenere che una delle cause maggiori della crisi della politica e dei partiti sia da individuare nella cooptazione. \u00c8 pur vero che un","og_url":"https:\/\/www.pressenza.com\/it\/2022\/05\/contrastiamo-la-cooptazione-facciamo-eleggere-cambiamo-la-politica\/","og_site_name":"Pressenza","article_publisher":"https:\/\/www.facebook.com\/PressenzaItalia","article_published_time":"2022-05-01T17:53:13+00:00","article_modified_time":"2022-05-01T18:01:35+00:00","og_image":[{"width":1730,"height":908,"url":"https:\/\/www.pressenza.com\/wp-content\/uploads\/2022\/05\/campagna-Facciamo-eleggere.jpg","type":"image\/jpeg"}],"author":"Giovanni Caprio","twitter_card":"summary_large_image","twitter_creator":"@PressenzaIPA","twitter_site":"@PressenzaIPA","twitter_misc":{"Scritto da":"Giovanni Caprio","Tempo di lettura stimato":"5 minuti"},"schema":{"@context":"https:\/\/schema.org","@graph":[{"@type":"Article","@id":"https:\/\/www.pressenza.com\/it\/2022\/05\/contrastiamo-la-cooptazione-facciamo-eleggere-cambiamo-la-politica\/#article","isPartOf":{"@id":"https:\/\/www.pressenza.com\/it\/2022\/05\/contrastiamo-la-cooptazione-facciamo-eleggere-cambiamo-la-politica\/"},"author":{"name":"Giovanni Caprio","@id":"https:\/\/www.pressenza.com\/it\/#\/schema\/person\/841c36a613f4f6e80f5fbc9c1f8c32c8"},"headline":"Contrastiamo la cooptazione, facciamo eleggere, cambiamo la politica","datePublished":"2022-05-01T17:53:13+00:00","dateModified":"2022-05-01T18:01:35+00:00","mainEntityOfPage":{"@id":"https:\/\/www.pressenza.com\/it\/2022\/05\/contrastiamo-la-cooptazione-facciamo-eleggere-cambiamo-la-politica\/"},"wordCount":895,"publisher":{"@id":"https:\/\/www.pressenza.com\/it\/#organization"},"image":{"@id":"https:\/\/www.pressenza.com\/it\/2022\/05\/contrastiamo-la-cooptazione-facciamo-eleggere-cambiamo-la-politica\/#primaryimage"},"thumbnailUrl":"https:\/\/www.pressenza.com\/wp-content\/uploads\/2022\/05\/campagna-Facciamo-eleggere.jpg","keywords":["campagna \u201cFacciamo Eleggere\u201d","elezioni amministrative 2022","Forum Disuguaglianze e Diversit\u00e0","giustizia sociale e ambientale","Ti Candido"],"articleSection":["contenuti originali","Europa","Politica"],"inLanguage":"it-IT"},{"@type":"WebPage","@id":"https:\/\/www.pressenza.com\/it\/2022\/05\/contrastiamo-la-cooptazione-facciamo-eleggere-cambiamo-la-politica\/","url":"https:\/\/www.pressenza.com\/it\/2022\/05\/contrastiamo-la-cooptazione-facciamo-eleggere-cambiamo-la-politica\/","name":"Contrastiamo la cooptazione, facciamo eleggere, cambiamo la politica","isPartOf":{"@id":"https:\/\/www.pressenza.com\/it\/#website"},"primaryImageOfPage":{"@id":"https:\/\/www.pressenza.com\/it\/2022\/05\/contrastiamo-la-cooptazione-facciamo-eleggere-cambiamo-la-politica\/#primaryimage"},"image":{"@id":"https:\/\/www.pressenza.com\/it\/2022\/05\/contrastiamo-la-cooptazione-facciamo-eleggere-cambiamo-la-politica\/#primaryimage"},"thumbnailUrl":"https:\/\/www.pressenza.com\/wp-content\/uploads\/2022\/05\/campagna-Facciamo-eleggere.jpg","datePublished":"2022-05-01T17:53:13+00:00","dateModified":"2022-05-01T18:01:35+00:00","description":"Sono in molti a sostenere che una delle cause maggiori della crisi della politica e dei partiti sia da individuare nella cooptazione. \u00c8 pur vero che un","breadcrumb":{"@id":"https:\/\/www.pressenza.com\/it\/2022\/05\/contrastiamo-la-cooptazione-facciamo-eleggere-cambiamo-la-politica\/#breadcrumb"},"inLanguage":"it-IT","potentialAction":[{"@type":"ReadAction","target":["https:\/\/www.pressenza.com\/it\/2022\/05\/contrastiamo-la-cooptazione-facciamo-eleggere-cambiamo-la-politica\/"]}]},{"@type":"ImageObject","inLanguage":"it-IT","@id":"https:\/\/www.pressenza.com\/it\/2022\/05\/contrastiamo-la-cooptazione-facciamo-eleggere-cambiamo-la-politica\/#primaryimage","url":"https:\/\/www.pressenza.com\/wp-content\/uploads\/2022\/05\/campagna-Facciamo-eleggere.jpg","contentUrl":"https:\/\/www.pressenza.com\/wp-content\/uploads\/2022\/05\/campagna-Facciamo-eleggere.jpg","width":1730,"height":908},{"@type":"BreadcrumbList","@id":"https:\/\/www.pressenza.com\/it\/2022\/05\/contrastiamo-la-cooptazione-facciamo-eleggere-cambiamo-la-politica\/#breadcrumb","itemListElement":[{"@type":"ListItem","position":1,"name":"Accueil","item":"https:\/\/www.pressenza.com\/it\/"},{"@type":"ListItem","position":2,"name":"Contrastiamo la cooptazione, facciamo eleggere, cambiamo la politica"}]},{"@type":"WebSite","@id":"https:\/\/www.pressenza.com\/it\/#website","url":"https:\/\/www.pressenza.com\/it\/","name":"Pressenza","description":"Agenzia di Stampa Internazionale","publisher":{"@id":"https:\/\/www.pressenza.com\/it\/#organization"},"potentialAction":[{"@type":"SearchAction","target":{"@type":"EntryPoint","urlTemplate":"https:\/\/www.pressenza.com\/it\/?s={search_term_string}"},"query-input":{"@type":"PropertyValueSpecification","valueRequired":true,"valueName":"search_term_string"}}],"inLanguage":"it-IT"},{"@type":"Organization","@id":"https:\/\/www.pressenza.com\/it\/#organization","name":"Pressenza","url":"https:\/\/www.pressenza.com\/it\/","logo":{"@type":"ImageObject","inLanguage":"it-IT","@id":"https:\/\/www.pressenza.com\/it\/#\/schema\/logo\/image\/","url":"https:\/\/www.pressenza.com\/wp-content\/uploads\/2022\/10\/pressenza_logo_200x200.jpg","contentUrl":"https:\/\/www.pressenza.com\/wp-content\/uploads\/2022\/10\/pressenza_logo_200x200.jpg","width":200,"height":200,"caption":"Pressenza"},"image":{"@id":"https:\/\/www.pressenza.com\/it\/#\/schema\/logo\/image\/"},"sameAs":["https:\/\/www.facebook.com\/PressenzaItalia","https:\/\/x.com\/PressenzaIPA"]},{"@type":"Person","@id":"https:\/\/www.pressenza.com\/it\/#\/schema\/person\/841c36a613f4f6e80f5fbc9c1f8c32c8","name":"Giovanni Caprio","description":"Pubblicista, gi\u00e0 dirigente di istituzioni pubbliche e di fondazioni private. Si occupa di beni comuni, partecipazione e governo del territorio.","url":"https:\/\/www.pressenza.com\/it\/author\/giovanni-caprio\/"}]}},"place":"","original_article_url":"","_links":{"self":[{"href":"https:\/\/www.pressenza.com\/it\/wp-json\/wp\/v2\/posts\/1574969","targetHints":{"allow":["GET"]}}],"collection":[{"href":"https:\/\/www.pressenza.com\/it\/wp-json\/wp\/v2\/posts"}],"about":[{"href":"https:\/\/www.pressenza.com\/it\/wp-json\/wp\/v2\/types\/post"}],"author":[{"embeddable":true,"href":"https:\/\/www.pressenza.com\/it\/wp-json\/wp\/v2\/users\/2106"}],"replies":[{"embeddable":true,"href":"https:\/\/www.pressenza.com\/it\/wp-json\/wp\/v2\/comments?post=1574969"}],"version-history":[{"count":0,"href":"https:\/\/www.pressenza.com\/it\/wp-json\/wp\/v2\/posts\/1574969\/revisions"}],"wp:featuredmedia":[{"embeddable":true,"href":"https:\/\/www.pressenza.com\/it\/wp-json\/wp\/v2\/media\/1574970"}],"wp:attachment":[{"href":"https:\/\/www.pressenza.com\/it\/wp-json\/wp\/v2\/media?parent=1574969"}],"wp:term":[{"taxonomy":"category","embeddable":true,"href":"https:\/\/www.pressenza.com\/it\/wp-json\/wp\/v2\/categories?post=1574969"},{"taxonomy":"post_tag","embeddable":true,"href":"https:\/\/www.pressenza.com\/it\/wp-json\/wp\/v2\/tags?post=1574969"}],"curies":[{"name":"wp","href":"https:\/\/api.w.org\/{rel}","templated":true}]}}