{"id":1574771,"date":"2022-04-30T18:15:08","date_gmt":"2022-04-30T17:15:08","guid":{"rendered":"https:\/\/www.pressenza.com\/?p=1574771"},"modified":"2022-04-30T18:17:21","modified_gmt":"2022-04-30T17:17:21","slug":"progetto-mean-volontari-nonviolenti-in-ucraina","status":"publish","type":"post","link":"https:\/\/www.pressenza.com\/it\/2022\/04\/progetto-mean-volontari-nonviolenti-in-ucraina\/","title":{"rendered":"Progetto Mean: volontari nonviolenti in Ucraina"},"content":{"rendered":"<p>Circa 35 associazioni, tra cui Azione Cattolica italiana, Associazione Amici Casa della Carit\u00e0, Associazione Antigone, Rete dei piccoli comuni del Welcome e Centro Giorgio La Pira, lanciano un progetto concreto di pacificazione, difesa nonviolenta nei luoghi di conflitto e aiuti umanitari in Ucraina con il nome di <strong>Movimento Europeo di Azione Nonviolenta (Mean)<\/strong><strong>.<\/strong> L\u2019obiettivo \u00e8 di arrivare a 5.000 partecipanti.<\/p>\n<p>Gli organizzatori descrivono l\u2019iniziativa con queste parole:<\/p>\n<p>\u201c<em>Mentre<\/em><em>\u00a0<\/em><em>nelle prime fasi della guerra la popolazione ucraina ha potuto opporre resistenza sia con le armi del suo esercito che con numerose manifestazioni di nonviolenza, con le quali le popolazioni armate unicamente di una bandiera nazionale hanno costretto i carri armati ad arretrare, ultimamente l\u2019assassinio e torture in massa dei civili costringono migliaia di persone a rimanere\u00a0\u00a0nascoste nei rifugi, nelle chiese, nei teatri, terrorizzate e in assenza di cibo, acqua e medicinali.\u00a0<\/em><\/p>\n<p><strong><em>Stiamo organizzando l\u2019entrata in massa di pullman di volontari disarmati diretti in Ucraina al solo fine di compiere operazioni di evacuazione, in particolare dei pi\u00f9 fragili, con il sostegno della stessa popolazione ucraina e della societ\u00e0 civile, sia europea che russa.<\/em><\/strong><\/p>\n<p><em>Lo scopo della nostra azione nonviolenta sar\u00e0 concentrato unicamente nel tentare di mettere in salvo, in territorio europeo,\u00a0le migliaia di persone che in Ucraina oggi vorrebbero allontanarsi dal conflitto ma non ne hanno i mezzi e le occasioni.<\/em><\/p>\n<p><em>In particolare, vogliamo metterci a disposizione della\u00a0liberazione e tutela dei sofferenti psichici che oggi sono intrappolati nelle decine di ospedali psichiatrici ucraini.<\/em><\/p>\n<p><em>Il nostro impegno per la salute mentale servir\u00e0 anche a sottolineare che l\u2019unica vera pazzia del mondo \u00e8 la guerra. <\/em><em>Pur comprendendo la resistenza armata degli ucraini e non volendo sminuire con questa azione il lavoro diplomatico che gli Stati Europei stanno mettendo in atto in questi giorni cos\u00ec difficili ed angoscianti, intendiamo affermare la possibilit\u00e0 che si debba\u00a0<strong>aggiungere una terza via di intervento\u00a0<\/strong>nel conflitto in corso, quella via che pu\u00f2 arrivare dalla societ\u00e0 civile, che \u00e8 pronta a\u00a0<strong>marciare in massa ed in modo nonviolento<\/strong>\u00a0a favore della nazione aggredita\u201d<\/em>.<\/p>\n<p><a href=\"https:\/\/perunnuovowelfare.it\/movimento-europeo-di-azione-nonviolenta\/?fbclid=IwAR2O43Sok-NkusfsOoJrsfU8EjTvPwgzsBMHlpMy2DcQsrQLjvnb70xlpX4\">Per maggiori informazioni e iscrizioni.<\/a><\/p>\n<p>&nbsp;<\/p>\n","protected":false},"excerpt":{"rendered":"<p>Circa 35 associazioni, tra cui Azione Cattolica italiana, Associazione Amici Casa della Carit\u00e0, Associazione Antigone, Rete dei piccoli comuni del Welcome e Centro Giorgio La Pira, lanciano un progetto concreto di pacificazione, difesa nonviolenta nei luoghi di conflitto e aiuti&hellip;<\/p>\n","protected":false},"author":594,"featured_media":1529665,"comment_status":"closed","ping_status":"closed","sticky":false,"template":"","format":"standard","meta":{"footnotes":""},"categories":[11388,47,1262,1263],"tags":[365,101600,9330,8514,1685],"class_list":["post-1574771","post","type-post","status-publish","format-standard","has-post-thumbnail","hentry","category-contenuti-originali","category-europa","category-nonviolenza-argomento","category-pace-disarmo","tag-guerra","tag-movimento-europeo-di-azione-nonviolenta-mean","tag-societa-civile","tag-ucraina","tag-volontari"],"yoast_head":"<!-- This site is optimized with the Yoast SEO plugin v27.1.1 - https:\/\/yoast.com\/product\/yoast-seo-wordpress\/ -->\n<title>Progetto Mean: volontari nonviolenti in Ucraina<\/title>\n<meta name=\"description\" content=\"Circa 35 associazioni, tra cui Azione Cattolica italiana, Associazione Amici Casa della Carit\u00e0, Associazione Antigone, Rete dei piccoli comuni del Welcome\" \/>\n<meta name=\"robots\" content=\"index, follow, max-snippet:-1, max-image-preview:large, max-video-preview:-1\" \/>\n<link rel=\"canonical\" href=\"https:\/\/www.pressenza.com\/it\/2022\/04\/progetto-mean-volontari-nonviolenti-in-ucraina\/\" \/>\n<meta property=\"og:locale\" content=\"it_IT\" \/>\n<meta property=\"og:type\" content=\"article\" \/>\n<meta property=\"og:title\" content=\"Progetto Mean: volontari nonviolenti in Ucraina\" \/>\n<meta property=\"og:description\" content=\"Circa 35 associazioni, tra cui Azione Cattolica italiana, Associazione Amici Casa della Carit\u00e0, Associazione Antigone, Rete dei piccoli comuni del Welcome\" \/>\n<meta property=\"og:url\" content=\"https:\/\/www.pressenza.com\/it\/2022\/04\/progetto-mean-volontari-nonviolenti-in-ucraina\/\" \/>\n<meta property=\"og:site_name\" content=\"Pressenza\" \/>\n<meta property=\"article:publisher\" content=\"https:\/\/www.facebook.com\/PressenzaItalia\" \/>\n<meta property=\"article:author\" content=\"https:\/\/www.facebook.com\/PressenzaItalia\" \/>\n<meta property=\"article:published_time\" content=\"2022-04-30T17:15:08+00:00\" \/>\n<meta property=\"article:modified_time\" content=\"2022-04-30T17:17:21+00:00\" \/>\n<meta property=\"og:image\" content=\"https:\/\/www.pressenza.com\/wp-content\/uploads\/2022\/02\/Milano-contro-la-guerra-5.jpg\" \/>\n\t<meta property=\"og:image:width\" content=\"820\" \/>\n\t<meta property=\"og:image:height\" content=\"540\" \/>\n\t<meta property=\"og:image:type\" content=\"image\/jpeg\" \/>\n<meta name=\"author\" content=\"Redazione Italia\" \/>\n<meta name=\"twitter:card\" content=\"summary_large_image\" \/>\n<meta name=\"twitter:creator\" content=\"@pressenza_it\" \/>\n<meta name=\"twitter:site\" content=\"@PressenzaIPA\" \/>\n<meta name=\"twitter:label1\" content=\"Scritto da\" \/>\n\t<meta name=\"twitter:data1\" content=\"Redazione Italia\" \/>\n\t<meta name=\"twitter:label2\" content=\"Tempo di lettura stimato\" \/>\n\t<meta name=\"twitter:data2\" content=\"2 minuti\" \/>\n<script type=\"application\/ld+json\" class=\"yoast-schema-graph\">{\"@context\":\"https:\/\/schema.org\",\"@graph\":[{\"@type\":\"Article\",\"@id\":\"https:\/\/www.pressenza.com\/it\/2022\/04\/progetto-mean-volontari-nonviolenti-in-ucraina\/#article\",\"isPartOf\":{\"@id\":\"https:\/\/www.pressenza.com\/it\/2022\/04\/progetto-mean-volontari-nonviolenti-in-ucraina\/\"},\"author\":{\"name\":\"Redazione Italia\",\"@id\":\"https:\/\/www.pressenza.com\/it\/#\/schema\/person\/d983e81827ae24f2c7b1a2123d197f8d\"},\"headline\":\"Progetto Mean: volontari nonviolenti in Ucraina\",\"datePublished\":\"2022-04-30T17:15:08+00:00\",\"dateModified\":\"2022-04-30T17:17:21+00:00\",\"mainEntityOfPage\":{\"@id\":\"https:\/\/www.pressenza.com\/it\/2022\/04\/progetto-mean-volontari-nonviolenti-in-ucraina\/\"},\"wordCount\":349,\"publisher\":{\"@id\":\"https:\/\/www.pressenza.com\/it\/#organization\"},\"image\":{\"@id\":\"https:\/\/www.pressenza.com\/it\/2022\/04\/progetto-mean-volontari-nonviolenti-in-ucraina\/#primaryimage\"},\"thumbnailUrl\":\"https:\/\/www.pressenza.com\/wp-content\/uploads\/2022\/02\/Milano-contro-la-guerra-5.jpg\",\"keywords\":[\"guerra\",\"Movimento Europeo di Azione Nonviolenta (Mean)\",\"Societ\u00e0 Civile\",\"Ucraina\",\"volontari\"],\"articleSection\":[\"contenuti originali\",\"Europa\",\"Nonviolenza\",\"Pace e Disarmo\"],\"inLanguage\":\"it-IT\"},{\"@type\":\"WebPage\",\"@id\":\"https:\/\/www.pressenza.com\/it\/2022\/04\/progetto-mean-volontari-nonviolenti-in-ucraina\/\",\"url\":\"https:\/\/www.pressenza.com\/it\/2022\/04\/progetto-mean-volontari-nonviolenti-in-ucraina\/\",\"name\":\"Progetto Mean: volontari nonviolenti in Ucraina\",\"isPartOf\":{\"@id\":\"https:\/\/www.pressenza.com\/it\/#website\"},\"primaryImageOfPage\":{\"@id\":\"https:\/\/www.pressenza.com\/it\/2022\/04\/progetto-mean-volontari-nonviolenti-in-ucraina\/#primaryimage\"},\"image\":{\"@id\":\"https:\/\/www.pressenza.com\/it\/2022\/04\/progetto-mean-volontari-nonviolenti-in-ucraina\/#primaryimage\"},\"thumbnailUrl\":\"https:\/\/www.pressenza.com\/wp-content\/uploads\/2022\/02\/Milano-contro-la-guerra-5.jpg\",\"datePublished\":\"2022-04-30T17:15:08+00:00\",\"dateModified\":\"2022-04-30T17:17:21+00:00\",\"description\":\"Circa 35 associazioni, tra cui Azione Cattolica italiana, Associazione Amici Casa della Carit\u00e0, Associazione Antigone, Rete dei piccoli comuni del Welcome\",\"breadcrumb\":{\"@id\":\"https:\/\/www.pressenza.com\/it\/2022\/04\/progetto-mean-volontari-nonviolenti-in-ucraina\/#breadcrumb\"},\"inLanguage\":\"it-IT\",\"potentialAction\":[{\"@type\":\"ReadAction\",\"target\":[\"https:\/\/www.pressenza.com\/it\/2022\/04\/progetto-mean-volontari-nonviolenti-in-ucraina\/\"]}]},{\"@type\":\"ImageObject\",\"inLanguage\":\"it-IT\",\"@id\":\"https:\/\/www.pressenza.com\/it\/2022\/04\/progetto-mean-volontari-nonviolenti-in-ucraina\/#primaryimage\",\"url\":\"https:\/\/www.pressenza.com\/wp-content\/uploads\/2022\/02\/Milano-contro-la-guerra-5.jpg\",\"contentUrl\":\"https:\/\/www.pressenza.com\/wp-content\/uploads\/2022\/02\/Milano-contro-la-guerra-5.jpg\",\"width\":820,\"height\":540},{\"@type\":\"BreadcrumbList\",\"@id\":\"https:\/\/www.pressenza.com\/it\/2022\/04\/progetto-mean-volontari-nonviolenti-in-ucraina\/#breadcrumb\",\"itemListElement\":[{\"@type\":\"ListItem\",\"position\":1,\"name\":\"Accueil\",\"item\":\"https:\/\/www.pressenza.com\/it\/\"},{\"@type\":\"ListItem\",\"position\":2,\"name\":\"Progetto Mean: volontari nonviolenti in Ucraina\"}]},{\"@type\":\"WebSite\",\"@id\":\"https:\/\/www.pressenza.com\/it\/#website\",\"url\":\"https:\/\/www.pressenza.com\/it\/\",\"name\":\"Pressenza\",\"description\":\"Agenzia di Stampa Internazionale\",\"publisher\":{\"@id\":\"https:\/\/www.pressenza.com\/it\/#organization\"},\"potentialAction\":[{\"@type\":\"SearchAction\",\"target\":{\"@type\":\"EntryPoint\",\"urlTemplate\":\"https:\/\/www.pressenza.com\/it\/?s={search_term_string}\"},\"query-input\":{\"@type\":\"PropertyValueSpecification\",\"valueRequired\":true,\"valueName\":\"search_term_string\"}}],\"inLanguage\":\"it-IT\"},{\"@type\":\"Organization\",\"@id\":\"https:\/\/www.pressenza.com\/it\/#organization\",\"name\":\"Pressenza\",\"url\":\"https:\/\/www.pressenza.com\/it\/\",\"logo\":{\"@type\":\"ImageObject\",\"inLanguage\":\"it-IT\",\"@id\":\"https:\/\/www.pressenza.com\/it\/#\/schema\/logo\/image\/\",\"url\":\"https:\/\/www.pressenza.com\/wp-content\/uploads\/2022\/10\/pressenza_logo_200x200.jpg\",\"contentUrl\":\"https:\/\/www.pressenza.com\/wp-content\/uploads\/2022\/10\/pressenza_logo_200x200.jpg\",\"width\":200,\"height\":200,\"caption\":\"Pressenza\"},\"image\":{\"@id\":\"https:\/\/www.pressenza.com\/it\/#\/schema\/logo\/image\/\"},\"sameAs\":[\"https:\/\/www.facebook.com\/PressenzaItalia\",\"https:\/\/x.com\/PressenzaIPA\"]},{\"@type\":\"Person\",\"@id\":\"https:\/\/www.pressenza.com\/it\/#\/schema\/person\/d983e81827ae24f2c7b1a2123d197f8d\",\"name\":\"Redazione Italia\",\"description\":\"News from the Pressenza Bureau in Italy\",\"sameAs\":[\"https:\/\/www.pressenza.com\/it\/author\/redazione-italia\/\",\"https:\/\/www.facebook.com\/PressenzaItalia\",\"https:\/\/www.instagram.com\/pressenza_italia\/\",\"https:\/\/x.com\/pressenza_it\",\"https:\/\/www.youtube.com\/channel\/UCSalEIWjE1RSxkwjfftFuqg\"],\"url\":\"https:\/\/www.pressenza.com\/it\/author\/redazione-italia\/\"}]}<\/script>\n<!-- \/ Yoast SEO plugin. -->","yoast_head_json":{"title":"Progetto Mean: volontari nonviolenti in Ucraina","description":"Circa 35 associazioni, tra cui Azione Cattolica italiana, Associazione Amici Casa della Carit\u00e0, Associazione Antigone, Rete dei piccoli comuni del Welcome","robots":{"index":"index","follow":"follow","max-snippet":"max-snippet:-1","max-image-preview":"max-image-preview:large","max-video-preview":"max-video-preview:-1"},"canonical":"https:\/\/www.pressenza.com\/it\/2022\/04\/progetto-mean-volontari-nonviolenti-in-ucraina\/","og_locale":"it_IT","og_type":"article","og_title":"Progetto Mean: volontari nonviolenti in Ucraina","og_description":"Circa 35 associazioni, tra cui Azione Cattolica italiana, Associazione Amici Casa della Carit\u00e0, Associazione Antigone, Rete dei piccoli comuni del Welcome","og_url":"https:\/\/www.pressenza.com\/it\/2022\/04\/progetto-mean-volontari-nonviolenti-in-ucraina\/","og_site_name":"Pressenza","article_publisher":"https:\/\/www.facebook.com\/PressenzaItalia","article_author":"https:\/\/www.facebook.com\/PressenzaItalia","article_published_time":"2022-04-30T17:15:08+00:00","article_modified_time":"2022-04-30T17:17:21+00:00","og_image":[{"width":820,"height":540,"url":"https:\/\/www.pressenza.com\/wp-content\/uploads\/2022\/02\/Milano-contro-la-guerra-5.jpg","type":"image\/jpeg"}],"author":"Redazione Italia","twitter_card":"summary_large_image","twitter_creator":"@pressenza_it","twitter_site":"@PressenzaIPA","twitter_misc":{"Scritto da":"Redazione Italia","Tempo di lettura stimato":"2 minuti"},"schema":{"@context":"https:\/\/schema.org","@graph":[{"@type":"Article","@id":"https:\/\/www.pressenza.com\/it\/2022\/04\/progetto-mean-volontari-nonviolenti-in-ucraina\/#article","isPartOf":{"@id":"https:\/\/www.pressenza.com\/it\/2022\/04\/progetto-mean-volontari-nonviolenti-in-ucraina\/"},"author":{"name":"Redazione Italia","@id":"https:\/\/www.pressenza.com\/it\/#\/schema\/person\/d983e81827ae24f2c7b1a2123d197f8d"},"headline":"Progetto Mean: volontari nonviolenti in Ucraina","datePublished":"2022-04-30T17:15:08+00:00","dateModified":"2022-04-30T17:17:21+00:00","mainEntityOfPage":{"@id":"https:\/\/www.pressenza.com\/it\/2022\/04\/progetto-mean-volontari-nonviolenti-in-ucraina\/"},"wordCount":349,"publisher":{"@id":"https:\/\/www.pressenza.com\/it\/#organization"},"image":{"@id":"https:\/\/www.pressenza.com\/it\/2022\/04\/progetto-mean-volontari-nonviolenti-in-ucraina\/#primaryimage"},"thumbnailUrl":"https:\/\/www.pressenza.com\/wp-content\/uploads\/2022\/02\/Milano-contro-la-guerra-5.jpg","keywords":["guerra","Movimento Europeo di Azione Nonviolenta (Mean)","Societ\u00e0 Civile","Ucraina","volontari"],"articleSection":["contenuti originali","Europa","Nonviolenza","Pace e Disarmo"],"inLanguage":"it-IT"},{"@type":"WebPage","@id":"https:\/\/www.pressenza.com\/it\/2022\/04\/progetto-mean-volontari-nonviolenti-in-ucraina\/","url":"https:\/\/www.pressenza.com\/it\/2022\/04\/progetto-mean-volontari-nonviolenti-in-ucraina\/","name":"Progetto Mean: volontari nonviolenti in Ucraina","isPartOf":{"@id":"https:\/\/www.pressenza.com\/it\/#website"},"primaryImageOfPage":{"@id":"https:\/\/www.pressenza.com\/it\/2022\/04\/progetto-mean-volontari-nonviolenti-in-ucraina\/#primaryimage"},"image":{"@id":"https:\/\/www.pressenza.com\/it\/2022\/04\/progetto-mean-volontari-nonviolenti-in-ucraina\/#primaryimage"},"thumbnailUrl":"https:\/\/www.pressenza.com\/wp-content\/uploads\/2022\/02\/Milano-contro-la-guerra-5.jpg","datePublished":"2022-04-30T17:15:08+00:00","dateModified":"2022-04-30T17:17:21+00:00","description":"Circa 35 associazioni, tra cui Azione Cattolica italiana, Associazione Amici Casa della Carit\u00e0, Associazione Antigone, Rete dei piccoli comuni del Welcome","breadcrumb":{"@id":"https:\/\/www.pressenza.com\/it\/2022\/04\/progetto-mean-volontari-nonviolenti-in-ucraina\/#breadcrumb"},"inLanguage":"it-IT","potentialAction":[{"@type":"ReadAction","target":["https:\/\/www.pressenza.com\/it\/2022\/04\/progetto-mean-volontari-nonviolenti-in-ucraina\/"]}]},{"@type":"ImageObject","inLanguage":"it-IT","@id":"https:\/\/www.pressenza.com\/it\/2022\/04\/progetto-mean-volontari-nonviolenti-in-ucraina\/#primaryimage","url":"https:\/\/www.pressenza.com\/wp-content\/uploads\/2022\/02\/Milano-contro-la-guerra-5.jpg","contentUrl":"https:\/\/www.pressenza.com\/wp-content\/uploads\/2022\/02\/Milano-contro-la-guerra-5.jpg","width":820,"height":540},{"@type":"BreadcrumbList","@id":"https:\/\/www.pressenza.com\/it\/2022\/04\/progetto-mean-volontari-nonviolenti-in-ucraina\/#breadcrumb","itemListElement":[{"@type":"ListItem","position":1,"name":"Accueil","item":"https:\/\/www.pressenza.com\/it\/"},{"@type":"ListItem","position":2,"name":"Progetto Mean: volontari nonviolenti in Ucraina"}]},{"@type":"WebSite","@id":"https:\/\/www.pressenza.com\/it\/#website","url":"https:\/\/www.pressenza.com\/it\/","name":"Pressenza","description":"Agenzia di Stampa Internazionale","publisher":{"@id":"https:\/\/www.pressenza.com\/it\/#organization"},"potentialAction":[{"@type":"SearchAction","target":{"@type":"EntryPoint","urlTemplate":"https:\/\/www.pressenza.com\/it\/?s={search_term_string}"},"query-input":{"@type":"PropertyValueSpecification","valueRequired":true,"valueName":"search_term_string"}}],"inLanguage":"it-IT"},{"@type":"Organization","@id":"https:\/\/www.pressenza.com\/it\/#organization","name":"Pressenza","url":"https:\/\/www.pressenza.com\/it\/","logo":{"@type":"ImageObject","inLanguage":"it-IT","@id":"https:\/\/www.pressenza.com\/it\/#\/schema\/logo\/image\/","url":"https:\/\/www.pressenza.com\/wp-content\/uploads\/2022\/10\/pressenza_logo_200x200.jpg","contentUrl":"https:\/\/www.pressenza.com\/wp-content\/uploads\/2022\/10\/pressenza_logo_200x200.jpg","width":200,"height":200,"caption":"Pressenza"},"image":{"@id":"https:\/\/www.pressenza.com\/it\/#\/schema\/logo\/image\/"},"sameAs":["https:\/\/www.facebook.com\/PressenzaItalia","https:\/\/x.com\/PressenzaIPA"]},{"@type":"Person","@id":"https:\/\/www.pressenza.com\/it\/#\/schema\/person\/d983e81827ae24f2c7b1a2123d197f8d","name":"Redazione Italia","description":"News from the Pressenza Bureau in Italy","sameAs":["https:\/\/www.pressenza.com\/it\/author\/redazione-italia\/","https:\/\/www.facebook.com\/PressenzaItalia","https:\/\/www.instagram.com\/pressenza_italia\/","https:\/\/x.com\/pressenza_it","https:\/\/www.youtube.com\/channel\/UCSalEIWjE1RSxkwjfftFuqg"],"url":"https:\/\/www.pressenza.com\/it\/author\/redazione-italia\/"}]}},"place":"","original_article_url":"","_links":{"self":[{"href":"https:\/\/www.pressenza.com\/it\/wp-json\/wp\/v2\/posts\/1574771","targetHints":{"allow":["GET"]}}],"collection":[{"href":"https:\/\/www.pressenza.com\/it\/wp-json\/wp\/v2\/posts"}],"about":[{"href":"https:\/\/www.pressenza.com\/it\/wp-json\/wp\/v2\/types\/post"}],"author":[{"embeddable":true,"href":"https:\/\/www.pressenza.com\/it\/wp-json\/wp\/v2\/users\/594"}],"replies":[{"embeddable":true,"href":"https:\/\/www.pressenza.com\/it\/wp-json\/wp\/v2\/comments?post=1574771"}],"version-history":[{"count":0,"href":"https:\/\/www.pressenza.com\/it\/wp-json\/wp\/v2\/posts\/1574771\/revisions"}],"wp:featuredmedia":[{"embeddable":true,"href":"https:\/\/www.pressenza.com\/it\/wp-json\/wp\/v2\/media\/1529665"}],"wp:attachment":[{"href":"https:\/\/www.pressenza.com\/it\/wp-json\/wp\/v2\/media?parent=1574771"}],"wp:term":[{"taxonomy":"category","embeddable":true,"href":"https:\/\/www.pressenza.com\/it\/wp-json\/wp\/v2\/categories?post=1574771"},{"taxonomy":"post_tag","embeddable":true,"href":"https:\/\/www.pressenza.com\/it\/wp-json\/wp\/v2\/tags?post=1574771"}],"curies":[{"name":"wp","href":"https:\/\/api.w.org\/{rel}","templated":true}]}}