{"id":1574728,"date":"2022-04-30T17:07:22","date_gmt":"2022-04-30T16:07:22","guid":{"rendered":"https:\/\/www.pressenza.com\/?p=1574728"},"modified":"2022-04-30T17:10:06","modified_gmt":"2022-04-30T16:10:06","slug":"luino-dal-2-al-7-maggio-settimana-dellimpronta-carbonica","status":"publish","type":"post","link":"https:\/\/www.pressenza.com\/it\/2022\/04\/luino-dal-2-al-7-maggio-settimana-dellimpronta-carbonica\/","title":{"rendered":"Luino, dal 2 al 7 maggio settimana dell\u2019impronta carbonica"},"content":{"rendered":"<p>Nel gennaio 2021 molte associazioni della <a href=\"https:\/\/m.facebook.com\/comunitaoperosa\/\">Comunit\u00e0 Operosa Alto Verbano<\/a> hanno collaborato con il Comune di Luino per la partecipazione al bando \u201cFermenti in comune\u201d, emesso dall\u2019ANCI (Associazione Nazionale Comuni Italiani), con il progetto \u201cGiovani del Verbano per il clima\u201d. Subito dopo, grazie ai giovani della Comunit\u00e0 Operosa, \u00e8 nato il Tavolo di lavoro per il Clima di Luino. Ebbene il progetto \u201cGiovani del Verbano per il Clima\u201d ha vinto il bando dell\u2019ANCI e i ragazzi del Liceo Sereni e dell&#8217;I.S.I.S. &#8220;Citt\u00e0 di Luino&#8221; hanno iniziato a lavorare sulle questioni climatiche in stretto contatto con il Tavolo per il Clima di Luino.<\/p>\n<p>Il grande lavoro solto dagli studenti verr\u00e0 illustrato nella &#8220;Settimana dell&#8217;impronta carbonica&#8221; che si terr\u00e0 a Luino dal 2 al 7 maggio 2022. Una settimana densa di eventi per passare &#8220;dalla consapevolezza all&#8217;azione&#8221; sul tema del clima.<\/p>\n<p>Nella mattina di luned\u00ec, mercoled\u00ec e venerd\u00ec i ragazzi del Liceo spiegheranno ai bambini delle scuole dell\u2019infanzia e delle primarie di Luino i cambiamenti climatici e le buone pratiche che possiamo mettere in campo per mitigarne gli effetti. Nel pomeriggio sempre i ragazzi del Liceo presenteranno le proposte che il <a href=\"https:\/\/luinoperilclima.com\/\">Tavolo per il Clima di Luino<\/a> ha preparato per ridurre le emissioni di CO2 nel nostro territorio, grazie al notevole lavoro dei quattro Laboratori del Tavolo: Energia, Mobilit\u00e0, Cibo&amp;Ambiente e Comunicazione; queste proposte verranno poi presentate ai Comuni che hanno firmato la dichiarazione di emergenza climatica.<\/p>\n<p>Sempre nel pomeriggio di luned\u00ec, marted\u00ec e venerd\u00ec i ragazzi dell\u2019I.S.I.S. \u201cCitt\u00e0 di Luino \u2013 Carlo Volont\u00e8\u201d presenteranno il calcolatore dell\u2019impronta carbonica che \u00e8 ora disponibile on line a questo <a href=\"http:\/\/fermentiincomune.altervista.org\/index.php\">link<\/a>. Grazie al calcolatore ciascuno di noi pu\u00f2 facilmente misurare la propria impronta carbonica e paragonarla con due valori di riferimento, ovvero l\u2019impronta carbonica media in Italia che vale 7,8 tonnellate di CO2eq e l\u2019impronta carbonica a cui dobbiamo arrivare nel 2030, pari a 2,5 tonnellate di CO2eq, per ridurre le emissioni nette di CO2 del 55% come indicato dall\u2019Unione Europea. Provate quindi a cliccare sul link e rispondere alle domande: in pochi minuti avrete il valore della vostra impronta carbonica e quanto pesano i vostri consumi su questo valore.<\/p>\n<p>Durante la settimana sono state organizzate due serate su importanti temi ambientali. La prima si terr\u00e0 <strong>marted\u00ec 3 maggio<\/strong> e tratter\u00e0 la crisi energetica e la risposta delle Comunit\u00e0 Energetiche Rinnovabili che introducono una vera rivoluzione nella gestione dell\u2019energia a livello locale.<\/p>\n<p>La seconda serata si svolger\u00e0 <strong>gioved\u00ec 5 maggio<\/strong> e tratter\u00e0 la tematica delle eccedenze alimentari e come pu\u00f2 essere ulteriormente applicata la legge Gadda nel nostro territorio.<\/p>\n<p>Infine la mattina di <strong>sabato 7 maggio<\/strong> un aperitivo con l\u2019Associazione \u201cCi sar\u00e0 un bel clima\u201d chiuder\u00e0 la settimana con un intervento di Giovanni Ludovico Montagnani.<img loading=\"lazy\" decoding=\"async\" class=\"aligncenter wp-image-1574740 size-full\" src=\"https:\/\/www.pressenza.com\/wp-content\/uploads\/2022\/04\/Social-Impronta-carbonica.jpg\" alt=\"\" width=\"1200\" height=\"1260\" srcset=\"https:\/\/www.pressenza.com\/wp-content\/uploads\/2022\/04\/Social-Impronta-carbonica.jpg 1200w, https:\/\/www.pressenza.com\/wp-content\/uploads\/2022\/04\/Social-Impronta-carbonica-286x300.jpg 286w, https:\/\/www.pressenza.com\/wp-content\/uploads\/2022\/04\/Social-Impronta-carbonica-820x861.jpg 820w\" sizes=\"auto, (max-width: 1200px) 100vw, 1200px\" \/><\/p>\n<p><strong>Invitiamo tutta la popolazione a partecipare a questi eventi organizzati dai ragazzi e a calcolare, con il loro supporto, l\u2019impronta carbonica di ciascuno di noi. Vi aspettiamo!<\/strong><\/p>\n<p>&nbsp;<\/p>\n","protected":false},"excerpt":{"rendered":"<p>Nel gennaio 2021 molte associazioni della Comunit\u00e0 Operosa Alto Verbano hanno collaborato con il Comune di Luino per la partecipazione al bando \u201cFermenti in comune\u201d, emesso dall\u2019ANCI (Associazione Nazionale Comuni Italiani), con il progetto \u201cGiovani del Verbano per il clima\u201d.&hellip;<\/p>\n","protected":false},"author":2012,"featured_media":1574730,"comment_status":"closed","ping_status":"closed","sticky":false,"template":"","format":"standard","meta":{"footnotes":""},"categories":[11388,59,47,46975],"tags":[7908,54600,4339,101599,4205],"class_list":["post-1574728","post","type-post","status-publish","format-standard","has-post-thumbnail","hentry","category-contenuti-originali","category-ambiente-ecologia","category-europa","category-giovani","tag-clima","tag-comunita-operosa-alto-verbano","tag-eventi","tag-impronta-carbonica","tag-studenti"],"yoast_head":"<!-- This site is optimized with the Yoast SEO plugin v27.1.1 - https:\/\/yoast.com\/product\/yoast-seo-wordpress\/ -->\n<title>Luino, dal 2 al 7 maggio settimana dell\u2019impronta carbonica<\/title>\n<meta name=\"description\" content=\"Nel gennaio 2021 molte associazioni della Comunit\u00e0 Operosa Alto Verbano hanno collaborato con il Comune di Luino per la partecipazione al bando \u201cFermenti\" \/>\n<meta name=\"robots\" content=\"index, follow, max-snippet:-1, max-image-preview:large, max-video-preview:-1\" \/>\n<link rel=\"canonical\" href=\"https:\/\/www.pressenza.com\/it\/2022\/04\/luino-dal-2-al-7-maggio-settimana-dellimpronta-carbonica\/\" \/>\n<meta property=\"og:locale\" content=\"it_IT\" \/>\n<meta property=\"og:type\" content=\"article\" \/>\n<meta property=\"og:title\" content=\"Luino, dal 2 al 7 maggio settimana dell\u2019impronta carbonica\" \/>\n<meta property=\"og:description\" content=\"Nel gennaio 2021 molte associazioni della Comunit\u00e0 Operosa Alto Verbano hanno collaborato con il Comune di Luino per la partecipazione al bando \u201cFermenti\" \/>\n<meta property=\"og:url\" content=\"https:\/\/www.pressenza.com\/it\/2022\/04\/luino-dal-2-al-7-maggio-settimana-dellimpronta-carbonica\/\" \/>\n<meta property=\"og:site_name\" content=\"Pressenza\" \/>\n<meta property=\"article:publisher\" content=\"https:\/\/www.facebook.com\/PressenzaItalia\" \/>\n<meta property=\"article:published_time\" content=\"2022-04-30T16:07:22+00:00\" \/>\n<meta property=\"article:modified_time\" content=\"2022-04-30T16:10:06+00:00\" \/>\n<meta property=\"og:image\" content=\"https:\/\/www.pressenza.com\/wp-content\/uploads\/2022\/04\/comunita-operosa-Luino.jpg\" \/>\n\t<meta property=\"og:image:width\" content=\"886\" \/>\n\t<meta property=\"og:image:height\" content=\"366\" \/>\n\t<meta property=\"og:image:type\" content=\"image\/jpeg\" \/>\n<meta name=\"author\" content=\"Gianfranco Malagola\" \/>\n<meta name=\"twitter:card\" content=\"summary_large_image\" \/>\n<meta name=\"twitter:creator\" content=\"@PressenzaIPA\" \/>\n<meta name=\"twitter:site\" content=\"@PressenzaIPA\" \/>\n<meta name=\"twitter:label1\" content=\"Scritto da\" \/>\n\t<meta name=\"twitter:data1\" content=\"Gianfranco Malagola\" \/>\n\t<meta name=\"twitter:label2\" content=\"Tempo di lettura stimato\" \/>\n\t<meta name=\"twitter:data2\" content=\"3 minuti\" \/>\n<script type=\"application\/ld+json\" class=\"yoast-schema-graph\">{\"@context\":\"https:\/\/schema.org\",\"@graph\":[{\"@type\":\"Article\",\"@id\":\"https:\/\/www.pressenza.com\/it\/2022\/04\/luino-dal-2-al-7-maggio-settimana-dellimpronta-carbonica\/#article\",\"isPartOf\":{\"@id\":\"https:\/\/www.pressenza.com\/it\/2022\/04\/luino-dal-2-al-7-maggio-settimana-dellimpronta-carbonica\/\"},\"author\":{\"name\":\"Gianfranco Malagola\",\"@id\":\"https:\/\/www.pressenza.com\/it\/#\/schema\/person\/91cf921b927eac650323c8b4984273df\"},\"headline\":\"Luino, dal 2 al 7 maggio settimana dell\u2019impronta carbonica\",\"datePublished\":\"2022-04-30T16:07:22+00:00\",\"dateModified\":\"2022-04-30T16:10:06+00:00\",\"mainEntityOfPage\":{\"@id\":\"https:\/\/www.pressenza.com\/it\/2022\/04\/luino-dal-2-al-7-maggio-settimana-dellimpronta-carbonica\/\"},\"wordCount\":496,\"publisher\":{\"@id\":\"https:\/\/www.pressenza.com\/it\/#organization\"},\"image\":{\"@id\":\"https:\/\/www.pressenza.com\/it\/2022\/04\/luino-dal-2-al-7-maggio-settimana-dellimpronta-carbonica\/#primaryimage\"},\"thumbnailUrl\":\"https:\/\/www.pressenza.com\/wp-content\/uploads\/2022\/04\/comunita-operosa-Luino.jpg\",\"keywords\":[\"clima\",\"Comunit\u00e0 Operosa Alto Verbano\",\"eventi\",\"impronta carbonica\",\"studenti\"],\"articleSection\":[\"contenuti originali\",\"Ecologia ed Ambiente\",\"Europa\",\"Giovani\"],\"inLanguage\":\"it-IT\"},{\"@type\":\"WebPage\",\"@id\":\"https:\/\/www.pressenza.com\/it\/2022\/04\/luino-dal-2-al-7-maggio-settimana-dellimpronta-carbonica\/\",\"url\":\"https:\/\/www.pressenza.com\/it\/2022\/04\/luino-dal-2-al-7-maggio-settimana-dellimpronta-carbonica\/\",\"name\":\"Luino, dal 2 al 7 maggio settimana dell\u2019impronta carbonica\",\"isPartOf\":{\"@id\":\"https:\/\/www.pressenza.com\/it\/#website\"},\"primaryImageOfPage\":{\"@id\":\"https:\/\/www.pressenza.com\/it\/2022\/04\/luino-dal-2-al-7-maggio-settimana-dellimpronta-carbonica\/#primaryimage\"},\"image\":{\"@id\":\"https:\/\/www.pressenza.com\/it\/2022\/04\/luino-dal-2-al-7-maggio-settimana-dellimpronta-carbonica\/#primaryimage\"},\"thumbnailUrl\":\"https:\/\/www.pressenza.com\/wp-content\/uploads\/2022\/04\/comunita-operosa-Luino.jpg\",\"datePublished\":\"2022-04-30T16:07:22+00:00\",\"dateModified\":\"2022-04-30T16:10:06+00:00\",\"description\":\"Nel gennaio 2021 molte associazioni della Comunit\u00e0 Operosa Alto Verbano hanno collaborato con il Comune di Luino per la partecipazione al bando \u201cFermenti\",\"breadcrumb\":{\"@id\":\"https:\/\/www.pressenza.com\/it\/2022\/04\/luino-dal-2-al-7-maggio-settimana-dellimpronta-carbonica\/#breadcrumb\"},\"inLanguage\":\"it-IT\",\"potentialAction\":[{\"@type\":\"ReadAction\",\"target\":[\"https:\/\/www.pressenza.com\/it\/2022\/04\/luino-dal-2-al-7-maggio-settimana-dellimpronta-carbonica\/\"]}]},{\"@type\":\"ImageObject\",\"inLanguage\":\"it-IT\",\"@id\":\"https:\/\/www.pressenza.com\/it\/2022\/04\/luino-dal-2-al-7-maggio-settimana-dellimpronta-carbonica\/#primaryimage\",\"url\":\"https:\/\/www.pressenza.com\/wp-content\/uploads\/2022\/04\/comunita-operosa-Luino.jpg\",\"contentUrl\":\"https:\/\/www.pressenza.com\/wp-content\/uploads\/2022\/04\/comunita-operosa-Luino.jpg\",\"width\":886,\"height\":366},{\"@type\":\"BreadcrumbList\",\"@id\":\"https:\/\/www.pressenza.com\/it\/2022\/04\/luino-dal-2-al-7-maggio-settimana-dellimpronta-carbonica\/#breadcrumb\",\"itemListElement\":[{\"@type\":\"ListItem\",\"position\":1,\"name\":\"Accueil\",\"item\":\"https:\/\/www.pressenza.com\/it\/\"},{\"@type\":\"ListItem\",\"position\":2,\"name\":\"Luino, dal 2 al 7 maggio settimana dell\u2019impronta carbonica\"}]},{\"@type\":\"WebSite\",\"@id\":\"https:\/\/www.pressenza.com\/it\/#website\",\"url\":\"https:\/\/www.pressenza.com\/it\/\",\"name\":\"Pressenza\",\"description\":\"Agenzia di Stampa Internazionale\",\"publisher\":{\"@id\":\"https:\/\/www.pressenza.com\/it\/#organization\"},\"potentialAction\":[{\"@type\":\"SearchAction\",\"target\":{\"@type\":\"EntryPoint\",\"urlTemplate\":\"https:\/\/www.pressenza.com\/it\/?s={search_term_string}\"},\"query-input\":{\"@type\":\"PropertyValueSpecification\",\"valueRequired\":true,\"valueName\":\"search_term_string\"}}],\"inLanguage\":\"it-IT\"},{\"@type\":\"Organization\",\"@id\":\"https:\/\/www.pressenza.com\/it\/#organization\",\"name\":\"Pressenza\",\"url\":\"https:\/\/www.pressenza.com\/it\/\",\"logo\":{\"@type\":\"ImageObject\",\"inLanguage\":\"it-IT\",\"@id\":\"https:\/\/www.pressenza.com\/it\/#\/schema\/logo\/image\/\",\"url\":\"https:\/\/www.pressenza.com\/wp-content\/uploads\/2022\/10\/pressenza_logo_200x200.jpg\",\"contentUrl\":\"https:\/\/www.pressenza.com\/wp-content\/uploads\/2022\/10\/pressenza_logo_200x200.jpg\",\"width\":200,\"height\":200,\"caption\":\"Pressenza\"},\"image\":{\"@id\":\"https:\/\/www.pressenza.com\/it\/#\/schema\/logo\/image\/\"},\"sameAs\":[\"https:\/\/www.facebook.com\/PressenzaItalia\",\"https:\/\/x.com\/PressenzaIPA\"]},{\"@type\":\"Person\",\"@id\":\"https:\/\/www.pressenza.com\/it\/#\/schema\/person\/91cf921b927eac650323c8b4984273df\",\"name\":\"Gianfranco Malagola\",\"description\":\"Gianfranco Malagola, nato nel 1955, si \u00e8 laureato in Ingegneria Elettrotecnica presso l\u2019Universit\u00e0 di Pavia. Ha ricoperto l\u2019incarico di Direttore Tecnico presso numerose industrie nel settore delle macchine utensili e della strumentazione industriale ove ha pubblicato due libri sulla metrologia dimensionale e numerose pubblicazioni scientifiche. E\u2019 socio fondatore dell\u2019Associazione GIM di Germignaga con la quale dal 1980 si occupa di cooperazione allo sviluppo nel settore delle energie rinnovabili; ha progettato e realizzato numerosi impianti eolici e fotovoltaici in Africa (Uganda, Repubblica Centro Africana, Camerun, Madagascar, Etiopia, Capo Verde); ha tenuto conferenze sui temi dell\u2019energia ed un\u2019intensa attivit\u00e0 didattica presso le scuole del territorio sulla sostenibilit\u00e0 del cibo e sul consumo critico. Ha sviluppato dal 2012 il progetto TERREdiLAGO per uno sviluppo sostenibile nel territorio dell\u2019Alto Verbano, promuovendo la cultura dei prodotti locali e del consumo critico. Dal 2019 ha collaborato alla costituzione della Comunit\u00e0 Operosa Alto Verbano per affrontare con una visione sistemica le sfide del futuro.\",\"url\":\"https:\/\/www.pressenza.com\/it\/author\/gianfranco-malagola\/\"}]}<\/script>\n<!-- \/ Yoast SEO plugin. -->","yoast_head_json":{"title":"Luino, dal 2 al 7 maggio settimana dell\u2019impronta carbonica","description":"Nel gennaio 2021 molte associazioni della Comunit\u00e0 Operosa Alto Verbano hanno collaborato con il Comune di Luino per la partecipazione al bando \u201cFermenti","robots":{"index":"index","follow":"follow","max-snippet":"max-snippet:-1","max-image-preview":"max-image-preview:large","max-video-preview":"max-video-preview:-1"},"canonical":"https:\/\/www.pressenza.com\/it\/2022\/04\/luino-dal-2-al-7-maggio-settimana-dellimpronta-carbonica\/","og_locale":"it_IT","og_type":"article","og_title":"Luino, dal 2 al 7 maggio settimana dell\u2019impronta carbonica","og_description":"Nel gennaio 2021 molte associazioni della Comunit\u00e0 Operosa Alto Verbano hanno collaborato con il Comune di Luino per la partecipazione al bando \u201cFermenti","og_url":"https:\/\/www.pressenza.com\/it\/2022\/04\/luino-dal-2-al-7-maggio-settimana-dellimpronta-carbonica\/","og_site_name":"Pressenza","article_publisher":"https:\/\/www.facebook.com\/PressenzaItalia","article_published_time":"2022-04-30T16:07:22+00:00","article_modified_time":"2022-04-30T16:10:06+00:00","og_image":[{"width":886,"height":366,"url":"https:\/\/www.pressenza.com\/wp-content\/uploads\/2022\/04\/comunita-operosa-Luino.jpg","type":"image\/jpeg"}],"author":"Gianfranco Malagola","twitter_card":"summary_large_image","twitter_creator":"@PressenzaIPA","twitter_site":"@PressenzaIPA","twitter_misc":{"Scritto da":"Gianfranco Malagola","Tempo di lettura stimato":"3 minuti"},"schema":{"@context":"https:\/\/schema.org","@graph":[{"@type":"Article","@id":"https:\/\/www.pressenza.com\/it\/2022\/04\/luino-dal-2-al-7-maggio-settimana-dellimpronta-carbonica\/#article","isPartOf":{"@id":"https:\/\/www.pressenza.com\/it\/2022\/04\/luino-dal-2-al-7-maggio-settimana-dellimpronta-carbonica\/"},"author":{"name":"Gianfranco Malagola","@id":"https:\/\/www.pressenza.com\/it\/#\/schema\/person\/91cf921b927eac650323c8b4984273df"},"headline":"Luino, dal 2 al 7 maggio settimana dell\u2019impronta carbonica","datePublished":"2022-04-30T16:07:22+00:00","dateModified":"2022-04-30T16:10:06+00:00","mainEntityOfPage":{"@id":"https:\/\/www.pressenza.com\/it\/2022\/04\/luino-dal-2-al-7-maggio-settimana-dellimpronta-carbonica\/"},"wordCount":496,"publisher":{"@id":"https:\/\/www.pressenza.com\/it\/#organization"},"image":{"@id":"https:\/\/www.pressenza.com\/it\/2022\/04\/luino-dal-2-al-7-maggio-settimana-dellimpronta-carbonica\/#primaryimage"},"thumbnailUrl":"https:\/\/www.pressenza.com\/wp-content\/uploads\/2022\/04\/comunita-operosa-Luino.jpg","keywords":["clima","Comunit\u00e0 Operosa Alto Verbano","eventi","impronta carbonica","studenti"],"articleSection":["contenuti originali","Ecologia ed Ambiente","Europa","Giovani"],"inLanguage":"it-IT"},{"@type":"WebPage","@id":"https:\/\/www.pressenza.com\/it\/2022\/04\/luino-dal-2-al-7-maggio-settimana-dellimpronta-carbonica\/","url":"https:\/\/www.pressenza.com\/it\/2022\/04\/luino-dal-2-al-7-maggio-settimana-dellimpronta-carbonica\/","name":"Luino, dal 2 al 7 maggio settimana dell\u2019impronta carbonica","isPartOf":{"@id":"https:\/\/www.pressenza.com\/it\/#website"},"primaryImageOfPage":{"@id":"https:\/\/www.pressenza.com\/it\/2022\/04\/luino-dal-2-al-7-maggio-settimana-dellimpronta-carbonica\/#primaryimage"},"image":{"@id":"https:\/\/www.pressenza.com\/it\/2022\/04\/luino-dal-2-al-7-maggio-settimana-dellimpronta-carbonica\/#primaryimage"},"thumbnailUrl":"https:\/\/www.pressenza.com\/wp-content\/uploads\/2022\/04\/comunita-operosa-Luino.jpg","datePublished":"2022-04-30T16:07:22+00:00","dateModified":"2022-04-30T16:10:06+00:00","description":"Nel gennaio 2021 molte associazioni della Comunit\u00e0 Operosa Alto Verbano hanno collaborato con il Comune di Luino per la partecipazione al bando \u201cFermenti","breadcrumb":{"@id":"https:\/\/www.pressenza.com\/it\/2022\/04\/luino-dal-2-al-7-maggio-settimana-dellimpronta-carbonica\/#breadcrumb"},"inLanguage":"it-IT","potentialAction":[{"@type":"ReadAction","target":["https:\/\/www.pressenza.com\/it\/2022\/04\/luino-dal-2-al-7-maggio-settimana-dellimpronta-carbonica\/"]}]},{"@type":"ImageObject","inLanguage":"it-IT","@id":"https:\/\/www.pressenza.com\/it\/2022\/04\/luino-dal-2-al-7-maggio-settimana-dellimpronta-carbonica\/#primaryimage","url":"https:\/\/www.pressenza.com\/wp-content\/uploads\/2022\/04\/comunita-operosa-Luino.jpg","contentUrl":"https:\/\/www.pressenza.com\/wp-content\/uploads\/2022\/04\/comunita-operosa-Luino.jpg","width":886,"height":366},{"@type":"BreadcrumbList","@id":"https:\/\/www.pressenza.com\/it\/2022\/04\/luino-dal-2-al-7-maggio-settimana-dellimpronta-carbonica\/#breadcrumb","itemListElement":[{"@type":"ListItem","position":1,"name":"Accueil","item":"https:\/\/www.pressenza.com\/it\/"},{"@type":"ListItem","position":2,"name":"Luino, dal 2 al 7 maggio settimana dell\u2019impronta carbonica"}]},{"@type":"WebSite","@id":"https:\/\/www.pressenza.com\/it\/#website","url":"https:\/\/www.pressenza.com\/it\/","name":"Pressenza","description":"Agenzia di Stampa Internazionale","publisher":{"@id":"https:\/\/www.pressenza.com\/it\/#organization"},"potentialAction":[{"@type":"SearchAction","target":{"@type":"EntryPoint","urlTemplate":"https:\/\/www.pressenza.com\/it\/?s={search_term_string}"},"query-input":{"@type":"PropertyValueSpecification","valueRequired":true,"valueName":"search_term_string"}}],"inLanguage":"it-IT"},{"@type":"Organization","@id":"https:\/\/www.pressenza.com\/it\/#organization","name":"Pressenza","url":"https:\/\/www.pressenza.com\/it\/","logo":{"@type":"ImageObject","inLanguage":"it-IT","@id":"https:\/\/www.pressenza.com\/it\/#\/schema\/logo\/image\/","url":"https:\/\/www.pressenza.com\/wp-content\/uploads\/2022\/10\/pressenza_logo_200x200.jpg","contentUrl":"https:\/\/www.pressenza.com\/wp-content\/uploads\/2022\/10\/pressenza_logo_200x200.jpg","width":200,"height":200,"caption":"Pressenza"},"image":{"@id":"https:\/\/www.pressenza.com\/it\/#\/schema\/logo\/image\/"},"sameAs":["https:\/\/www.facebook.com\/PressenzaItalia","https:\/\/x.com\/PressenzaIPA"]},{"@type":"Person","@id":"https:\/\/www.pressenza.com\/it\/#\/schema\/person\/91cf921b927eac650323c8b4984273df","name":"Gianfranco Malagola","description":"Gianfranco Malagola, nato nel 1955, si \u00e8 laureato in Ingegneria Elettrotecnica presso l\u2019Universit\u00e0 di Pavia. Ha ricoperto l\u2019incarico di Direttore Tecnico presso numerose industrie nel settore delle macchine utensili e della strumentazione industriale ove ha pubblicato due libri sulla metrologia dimensionale e numerose pubblicazioni scientifiche. E\u2019 socio fondatore dell\u2019Associazione GIM di Germignaga con la quale dal 1980 si occupa di cooperazione allo sviluppo nel settore delle energie rinnovabili; ha progettato e realizzato numerosi impianti eolici e fotovoltaici in Africa (Uganda, Repubblica Centro Africana, Camerun, Madagascar, Etiopia, Capo Verde); ha tenuto conferenze sui temi dell\u2019energia ed un\u2019intensa attivit\u00e0 didattica presso le scuole del territorio sulla sostenibilit\u00e0 del cibo e sul consumo critico. Ha sviluppato dal 2012 il progetto TERREdiLAGO per uno sviluppo sostenibile nel territorio dell\u2019Alto Verbano, promuovendo la cultura dei prodotti locali e del consumo critico. Dal 2019 ha collaborato alla costituzione della Comunit\u00e0 Operosa Alto Verbano per affrontare con una visione sistemica le sfide del futuro.","url":"https:\/\/www.pressenza.com\/it\/author\/gianfranco-malagola\/"}]}},"place":"","original_article_url":"","_links":{"self":[{"href":"https:\/\/www.pressenza.com\/it\/wp-json\/wp\/v2\/posts\/1574728","targetHints":{"allow":["GET"]}}],"collection":[{"href":"https:\/\/www.pressenza.com\/it\/wp-json\/wp\/v2\/posts"}],"about":[{"href":"https:\/\/www.pressenza.com\/it\/wp-json\/wp\/v2\/types\/post"}],"author":[{"embeddable":true,"href":"https:\/\/www.pressenza.com\/it\/wp-json\/wp\/v2\/users\/2012"}],"replies":[{"embeddable":true,"href":"https:\/\/www.pressenza.com\/it\/wp-json\/wp\/v2\/comments?post=1574728"}],"version-history":[{"count":0,"href":"https:\/\/www.pressenza.com\/it\/wp-json\/wp\/v2\/posts\/1574728\/revisions"}],"wp:featuredmedia":[{"embeddable":true,"href":"https:\/\/www.pressenza.com\/it\/wp-json\/wp\/v2\/media\/1574730"}],"wp:attachment":[{"href":"https:\/\/www.pressenza.com\/it\/wp-json\/wp\/v2\/media?parent=1574728"}],"wp:term":[{"taxonomy":"category","embeddable":true,"href":"https:\/\/www.pressenza.com\/it\/wp-json\/wp\/v2\/categories?post=1574728"},{"taxonomy":"post_tag","embeddable":true,"href":"https:\/\/www.pressenza.com\/it\/wp-json\/wp\/v2\/tags?post=1574728"}],"curies":[{"name":"wp","href":"https:\/\/api.w.org\/{rel}","templated":true}]}}