{"id":1573389,"date":"2022-04-28T16:15:14","date_gmt":"2022-04-28T15:15:14","guid":{"rendered":"https:\/\/www.pressenza.com\/?p=1573389"},"modified":"2022-04-28T16:18:11","modified_gmt":"2022-04-28T15:18:11","slug":"un-mondo-oltre-le-guerre","status":"publish","type":"post","link":"https:\/\/www.pressenza.com\/it\/2022\/04\/un-mondo-oltre-le-guerre\/","title":{"rendered":"Un mondo oltre le guerre"},"content":{"rendered":"<p>Stiamo vivendo un periodo storico di pace oppure di guerre infinite? \u00c8 una domanda che in molti dovremmo rivolgerci. Cosa dire poi di questi ultimi giorni, ma anche anni, dove tra pandemia, dichiarata, e guerra, non dichiarata, si sta creando con una voluta o meno intenzionalit\u00e0 un\u2019ulteriore divisione di pensiero?<\/p>\n<p>Siamo consapevoli che nell\u2019anno 2022 si stanno combattendo guerre infinite, che spesso neanche conosciamo o ricordiamo? Se si va ad analizzarle variano da motivi religiosi, politici, territoriali in ogni parte del mondo che sia l\u2019Europa, l\u2019Asia, l\u2019Africa, l\u2019America (intesa come continente e non solo come U.S.A.) e in nessun modo si cerca di sedarle.<\/p>\n<p>I dati sui conflitti in corso vengono aggiornati attraverso l\u2019organizzazione statunitense <a href=\"https:\/\/acleddata.com\/#\/dashboard\">Armed Conflict Location &amp; Event Data Project<\/a> (ACLED) e <a href=\"https:\/\/ucdp.uu.se\/\">l\u2019Upsala Conflict Data Program<\/a> (UPDC) e dai dati riportati ci si pu\u00f2 rendere conto della centinai da conflitti in corso.<\/p>\n<p>L\u2019attuale crisi in Ucraina pone l\u2019attenzione su questo territorio da circa due mesi. Bene, allora si prenda conoscenza che una delle pi\u00f9 infinite ostilit\u00e0 \u00e8 tra Israele e Palestina nel contendersi uno stesso lembo di terra. Quanti migliaia di morti ha provocato questo conflitto che si protrae da decenni?<\/p>\n<p>Da quanto tempo si protrae il conflitto tra Corea del Nord e Corea del Sud? Sono in pace tra loro?<\/p>\n<p>Della guerra nello Yemen cosa sappiamo delle circa 400.000 morti che sono state causate, dato secondo l\u2019ONU?<\/p>\n<p>Cosa \u00e8 accaduto e cosa sappiamo del conflitto in Nagorno-Karabakh? Si \u00e8 firmato un accordo, tuttavia i combattimenti non sono mai terminati.<\/p>\n<p>Cosa scrivere ancora dei conflitti in Afghanistan, Pakistan, Iraq, Siria, Myanmar, Burkina Faso, Mali, Niger, Sudan, Nigeria e quale altra lunga lista per dispute di ogni genere?<\/p>\n<p>L\u2019umanit\u00e0 vuole la pace, come in questi ultimi giorni si sta gridando per le strade d\u2019Italia e del mondo? Fermiamoci e ri\/flettiamo.<\/p>\n<p>Con questo preambolo ecco che Word Beyond War dal 2014 si batte negli Stati Uniti per l\u2019abolizione dell\u2019istituzione, se cos\u00ec possiamo chiamarla, ma pare che lo sia, della guerra stessa. Il loro \u00e8 un percorso nonviolento globale contro ogni possibile guerra, per una pace giusta e sostenibile.<\/p>\n<p>Sul loro sito scrivono: \u201cSe la guerra deve mai essere abolita, allora deve essere tolta dal tavolo come opzione praticabile. Cos\u00ec come non esiste una schiavit\u00f9 &#8220;buona&#8221; o necessaria, non esiste una guerra &#8220;buona&#8221; o necessaria. Entrambe le istituzioni sono abominevoli e inaccettabili, indipendentemente dalle circostanze.\u201d<\/p>\n<p>Dall\u20198 al 10 luglio Word Beyond War propone una conferenza virtuale sull\u2019utopistica (ma quanto?) visione di come pu\u00f2 essere organizzato un mondo oltre la guerra. Si confronteranno persone che in tutto il mondo sfidano le cause oppressive del militarismo, del capitalismo corrotto e della catastrofe climatica ponendo le basi per la creazione di un sistema basato su una pace globale giusta e sostenibile.<\/p>\n<p>Saranno tre giorni di panel online, workshop e sessioni di discussione. Verranno esplorati temi di &#8220;resistenza&#8221; e &#8220;rigenerazione&#8221; come:<\/p>\n<ul>\n<li>gli attivisti italiani a Vicenza che hanno frenato l&#8217;espansione di una base militare e convertito parte del sito in un parco della pace<\/li>\n<li>le organizzazioni che hanno smilitarizzato la polizia nelle loro citt\u00e0 e stanno esplorando modelli alternativi di polizia centrati sulla comunit\u00e0;<\/li>\n<li>i giornalisti che sfidano i pregiudizi dei media tradizionali e promuovono una nuova narrativa attraverso il giornalismo di pace;<\/li>\n<li>gli educatori nel Regno Unito che stanno smilitarizzando l&#8217;istruzione e promuovendo curricula di educazione alla pace;<\/li>\n<li>le citt\u00e0 e universit\u00e0 in tutto il Nordamerica che stanno disinvestendo dalle armi e dai combustibili fossili e promuovendo una strategia di reinvestimento che dia priorit\u00e0 ai bisogni della comunit\u00e0<\/li>\n<\/ul>\n<p>e molto altro ancora.<\/p>\n<p>Le sessioni della conferenza mostreranno ci\u00f2 che \u00e8 possibile esplorando diversi modelli alternativi e ci\u00f2 che \u00e8 necessario per la giusta transizione verso un futuro verde e pacifico, comprese le banche pubbliche, le citt\u00e0 solidali e il mantenimento della pace disarmato e nonviolento.<\/p>\n<p>La stessa organizzazione promuove il progetto \u201c<a href=\"http:\/\/thebluescarf.org\/\">Border free Blue Scarves<\/a>\u201d fondato da attivisti con base in Afghanistan. Una sciarpa celeste che \u201crappresenta il desiderio collettivo, come famiglia umana, di vivere senza guerre, condividere le nostre risorse e prenderci cura della nostra terra sotto lo stesso cielo azzurro\u201d.<\/p>\n<p>Seguendo l&#8217;esempio di questi afghani, World Beyond War incoraggia tutti a indossare sciarpe celesti come simboli di pace e sostegno per porre fine a tutte le guerre<\/p>\n<p>Clicca qui per <a href=\"https:\/\/worldbeyondwar.org\/it\/blue\/?link_id=0&amp;can_id=5ed022744bb6bcf8f8346a26524420f8&amp;source=email-we-helped-these-8-people-escape-afghanistan-2&amp;email_referrer=email_1520400&amp;email_subject=we-helped-these-8-people-escape-afghanistan\">ottenere la sciarpa celeste<\/a> a sostegno della pace e della nonviolenza.<\/p>\n","protected":false},"excerpt":{"rendered":"<p>Stiamo vivendo un periodo storico di pace oppure di guerre infinite? \u00c8 una domanda che in molti dovremmo rivolgerci. Cosa dire poi di questi ultimi giorni, ma anche anni, dove tra pandemia, dichiarata, e guerra, non dichiarata, si sta creando&hellip;<\/p>\n","protected":false},"author":1995,"featured_media":1573390,"comment_status":"closed","ping_status":"closed","sticky":false,"template":"","format":"standard","meta":{"footnotes":""},"categories":[11388,38,1263],"tags":[101517,57025,294,3296,101518],"class_list":["post-1573389","post","type-post","status-publish","format-standard","has-post-thumbnail","hentry","category-contenuti-originali","category-internazionale","category-pace-disarmo","tag-conferenza-virtuale","tag-guerre-it","tag-pace","tag-utopia","tag-world-beyond-war-it"],"yoast_head":"<!-- This site is optimized with the Yoast SEO plugin v27.1.1 - https:\/\/yoast.com\/product\/yoast-seo-wordpress\/ -->\n<title>Un mondo oltre le guerre<\/title>\n<meta name=\"description\" content=\"Stiamo vivendo un periodo storico di pace oppure di guerre infinite? \u00c8 una domanda che in molti dovremmo rivolgerci. Cosa dire poi di questi ultimi\" \/>\n<meta name=\"robots\" content=\"index, follow, max-snippet:-1, max-image-preview:large, max-video-preview:-1\" \/>\n<link rel=\"canonical\" href=\"https:\/\/www.pressenza.com\/it\/2022\/04\/un-mondo-oltre-le-guerre\/\" \/>\n<meta property=\"og:locale\" content=\"it_IT\" \/>\n<meta property=\"og:type\" content=\"article\" \/>\n<meta property=\"og:title\" content=\"Un mondo oltre le guerre\" \/>\n<meta property=\"og:description\" content=\"Stiamo vivendo un periodo storico di pace oppure di guerre infinite? \u00c8 una domanda che in molti dovremmo rivolgerci. Cosa dire poi di questi ultimi\" \/>\n<meta property=\"og:url\" content=\"https:\/\/www.pressenza.com\/it\/2022\/04\/un-mondo-oltre-le-guerre\/\" \/>\n<meta property=\"og:site_name\" content=\"Pressenza\" \/>\n<meta property=\"article:publisher\" content=\"https:\/\/www.facebook.com\/PressenzaItalia\" \/>\n<meta property=\"article:published_time\" content=\"2022-04-28T15:15:14+00:00\" \/>\n<meta property=\"article:modified_time\" content=\"2022-04-28T15:18:11+00:00\" \/>\n<meta property=\"og:image\" content=\"https:\/\/www.pressenza.com\/wp-content\/uploads\/2022\/04\/world-peace.jpg\" \/>\n\t<meta property=\"og:image:width\" content=\"1640\" \/>\n\t<meta property=\"og:image:height\" content=\"924\" \/>\n\t<meta property=\"og:image:type\" content=\"image\/jpeg\" \/>\n<meta name=\"author\" content=\"Renato G. Napoli\" \/>\n<meta name=\"twitter:card\" content=\"summary_large_image\" \/>\n<meta name=\"twitter:creator\" content=\"@PressenzaIPA\" \/>\n<meta name=\"twitter:site\" content=\"@PressenzaIPA\" \/>\n<meta name=\"twitter:label1\" content=\"Scritto da\" \/>\n\t<meta name=\"twitter:data1\" content=\"Renato G. Napoli\" \/>\n\t<meta name=\"twitter:label2\" content=\"Tempo di lettura stimato\" \/>\n\t<meta name=\"twitter:data2\" content=\"4 minuti\" \/>\n<script type=\"application\/ld+json\" class=\"yoast-schema-graph\">{\"@context\":\"https:\/\/schema.org\",\"@graph\":[{\"@type\":\"Article\",\"@id\":\"https:\/\/www.pressenza.com\/it\/2022\/04\/un-mondo-oltre-le-guerre\/#article\",\"isPartOf\":{\"@id\":\"https:\/\/www.pressenza.com\/it\/2022\/04\/un-mondo-oltre-le-guerre\/\"},\"author\":{\"name\":\"Renato G. Napoli\",\"@id\":\"https:\/\/www.pressenza.com\/it\/#\/schema\/person\/cc264c69525b48e10085d183c1d4fea7\"},\"headline\":\"Un mondo oltre le guerre\",\"datePublished\":\"2022-04-28T15:15:14+00:00\",\"dateModified\":\"2022-04-28T15:18:11+00:00\",\"mainEntityOfPage\":{\"@id\":\"https:\/\/www.pressenza.com\/it\/2022\/04\/un-mondo-oltre-le-guerre\/\"},\"wordCount\":735,\"publisher\":{\"@id\":\"https:\/\/www.pressenza.com\/it\/#organization\"},\"image\":{\"@id\":\"https:\/\/www.pressenza.com\/it\/2022\/04\/un-mondo-oltre-le-guerre\/#primaryimage\"},\"thumbnailUrl\":\"https:\/\/www.pressenza.com\/wp-content\/uploads\/2022\/04\/world-peace.jpg\",\"keywords\":[\"conferenza virtuale\",\"guerre\",\"Pace\",\"utopia\",\"world beyond war\"],\"articleSection\":[\"contenuti originali\",\"Internazionale\",\"Pace e Disarmo\"],\"inLanguage\":\"it-IT\"},{\"@type\":\"WebPage\",\"@id\":\"https:\/\/www.pressenza.com\/it\/2022\/04\/un-mondo-oltre-le-guerre\/\",\"url\":\"https:\/\/www.pressenza.com\/it\/2022\/04\/un-mondo-oltre-le-guerre\/\",\"name\":\"Un mondo oltre le guerre\",\"isPartOf\":{\"@id\":\"https:\/\/www.pressenza.com\/it\/#website\"},\"primaryImageOfPage\":{\"@id\":\"https:\/\/www.pressenza.com\/it\/2022\/04\/un-mondo-oltre-le-guerre\/#primaryimage\"},\"image\":{\"@id\":\"https:\/\/www.pressenza.com\/it\/2022\/04\/un-mondo-oltre-le-guerre\/#primaryimage\"},\"thumbnailUrl\":\"https:\/\/www.pressenza.com\/wp-content\/uploads\/2022\/04\/world-peace.jpg\",\"datePublished\":\"2022-04-28T15:15:14+00:00\",\"dateModified\":\"2022-04-28T15:18:11+00:00\",\"description\":\"Stiamo vivendo un periodo storico di pace oppure di guerre infinite? \u00c8 una domanda che in molti dovremmo rivolgerci. Cosa dire poi di questi ultimi\",\"breadcrumb\":{\"@id\":\"https:\/\/www.pressenza.com\/it\/2022\/04\/un-mondo-oltre-le-guerre\/#breadcrumb\"},\"inLanguage\":\"it-IT\",\"potentialAction\":[{\"@type\":\"ReadAction\",\"target\":[\"https:\/\/www.pressenza.com\/it\/2022\/04\/un-mondo-oltre-le-guerre\/\"]}]},{\"@type\":\"ImageObject\",\"inLanguage\":\"it-IT\",\"@id\":\"https:\/\/www.pressenza.com\/it\/2022\/04\/un-mondo-oltre-le-guerre\/#primaryimage\",\"url\":\"https:\/\/www.pressenza.com\/wp-content\/uploads\/2022\/04\/world-peace.jpg\",\"contentUrl\":\"https:\/\/www.pressenza.com\/wp-content\/uploads\/2022\/04\/world-peace.jpg\",\"width\":1640,\"height\":924},{\"@type\":\"BreadcrumbList\",\"@id\":\"https:\/\/www.pressenza.com\/it\/2022\/04\/un-mondo-oltre-le-guerre\/#breadcrumb\",\"itemListElement\":[{\"@type\":\"ListItem\",\"position\":1,\"name\":\"Accueil\",\"item\":\"https:\/\/www.pressenza.com\/it\/\"},{\"@type\":\"ListItem\",\"position\":2,\"name\":\"Un mondo oltre le guerre\"}]},{\"@type\":\"WebSite\",\"@id\":\"https:\/\/www.pressenza.com\/it\/#website\",\"url\":\"https:\/\/www.pressenza.com\/it\/\",\"name\":\"Pressenza\",\"description\":\"Agenzia di Stampa Internazionale\",\"publisher\":{\"@id\":\"https:\/\/www.pressenza.com\/it\/#organization\"},\"potentialAction\":[{\"@type\":\"SearchAction\",\"target\":{\"@type\":\"EntryPoint\",\"urlTemplate\":\"https:\/\/www.pressenza.com\/it\/?s={search_term_string}\"},\"query-input\":{\"@type\":\"PropertyValueSpecification\",\"valueRequired\":true,\"valueName\":\"search_term_string\"}}],\"inLanguage\":\"it-IT\"},{\"@type\":\"Organization\",\"@id\":\"https:\/\/www.pressenza.com\/it\/#organization\",\"name\":\"Pressenza\",\"url\":\"https:\/\/www.pressenza.com\/it\/\",\"logo\":{\"@type\":\"ImageObject\",\"inLanguage\":\"it-IT\",\"@id\":\"https:\/\/www.pressenza.com\/it\/#\/schema\/logo\/image\/\",\"url\":\"https:\/\/www.pressenza.com\/wp-content\/uploads\/2022\/10\/pressenza_logo_200x200.jpg\",\"contentUrl\":\"https:\/\/www.pressenza.com\/wp-content\/uploads\/2022\/10\/pressenza_logo_200x200.jpg\",\"width\":200,\"height\":200,\"caption\":\"Pressenza\"},\"image\":{\"@id\":\"https:\/\/www.pressenza.com\/it\/#\/schema\/logo\/image\/\"},\"sameAs\":[\"https:\/\/www.facebook.com\/PressenzaItalia\",\"https:\/\/x.com\/PressenzaIPA\"]},{\"@type\":\"Person\",\"@id\":\"https:\/\/www.pressenza.com\/it\/#\/schema\/person\/cc264c69525b48e10085d183c1d4fea7\",\"name\":\"Renato G. Napoli\",\"description\":\"Chi sono. Difficile dirlo perch\u00e9 vorrei saperlo anche io. Direi un osservatore di quanto accade e della \u201cstupidit\u00e0\u201d umana. Ex \u201clavoratore\u201d della P.A., nella comunicazione e P.R.. Difensore della terra e del suo ambiente naturale sconvolto dalla fagocit\u00e0 umana. Socio fondatore di Mountain Wilderness Italia. Ho collaborato, a vari livelli, con le principali associazioni ambientali nazionali. Sostenitore di Extinction Rebellion, Fridays for Future, Protettore della Terra (i am a signed up Earth Protector). Ho camminato molto soprattutto nella vita civile e in montagna. Un motto \u201cuomo! sii meno stupido, non sei qui per fare ci\u00f2 che fai\u201d.\",\"url\":\"https:\/\/www.pressenza.com\/it\/author\/renato-giuseppe-napoli\/\"}]}<\/script>\n<!-- \/ Yoast SEO plugin. -->","yoast_head_json":{"title":"Un mondo oltre le guerre","description":"Stiamo vivendo un periodo storico di pace oppure di guerre infinite? \u00c8 una domanda che in molti dovremmo rivolgerci. Cosa dire poi di questi ultimi","robots":{"index":"index","follow":"follow","max-snippet":"max-snippet:-1","max-image-preview":"max-image-preview:large","max-video-preview":"max-video-preview:-1"},"canonical":"https:\/\/www.pressenza.com\/it\/2022\/04\/un-mondo-oltre-le-guerre\/","og_locale":"it_IT","og_type":"article","og_title":"Un mondo oltre le guerre","og_description":"Stiamo vivendo un periodo storico di pace oppure di guerre infinite? \u00c8 una domanda che in molti dovremmo rivolgerci. Cosa dire poi di questi ultimi","og_url":"https:\/\/www.pressenza.com\/it\/2022\/04\/un-mondo-oltre-le-guerre\/","og_site_name":"Pressenza","article_publisher":"https:\/\/www.facebook.com\/PressenzaItalia","article_published_time":"2022-04-28T15:15:14+00:00","article_modified_time":"2022-04-28T15:18:11+00:00","og_image":[{"width":1640,"height":924,"url":"https:\/\/www.pressenza.com\/wp-content\/uploads\/2022\/04\/world-peace.jpg","type":"image\/jpeg"}],"author":"Renato G. Napoli","twitter_card":"summary_large_image","twitter_creator":"@PressenzaIPA","twitter_site":"@PressenzaIPA","twitter_misc":{"Scritto da":"Renato G. Napoli","Tempo di lettura stimato":"4 minuti"},"schema":{"@context":"https:\/\/schema.org","@graph":[{"@type":"Article","@id":"https:\/\/www.pressenza.com\/it\/2022\/04\/un-mondo-oltre-le-guerre\/#article","isPartOf":{"@id":"https:\/\/www.pressenza.com\/it\/2022\/04\/un-mondo-oltre-le-guerre\/"},"author":{"name":"Renato G. Napoli","@id":"https:\/\/www.pressenza.com\/it\/#\/schema\/person\/cc264c69525b48e10085d183c1d4fea7"},"headline":"Un mondo oltre le guerre","datePublished":"2022-04-28T15:15:14+00:00","dateModified":"2022-04-28T15:18:11+00:00","mainEntityOfPage":{"@id":"https:\/\/www.pressenza.com\/it\/2022\/04\/un-mondo-oltre-le-guerre\/"},"wordCount":735,"publisher":{"@id":"https:\/\/www.pressenza.com\/it\/#organization"},"image":{"@id":"https:\/\/www.pressenza.com\/it\/2022\/04\/un-mondo-oltre-le-guerre\/#primaryimage"},"thumbnailUrl":"https:\/\/www.pressenza.com\/wp-content\/uploads\/2022\/04\/world-peace.jpg","keywords":["conferenza virtuale","guerre","Pace","utopia","world beyond war"],"articleSection":["contenuti originali","Internazionale","Pace e Disarmo"],"inLanguage":"it-IT"},{"@type":"WebPage","@id":"https:\/\/www.pressenza.com\/it\/2022\/04\/un-mondo-oltre-le-guerre\/","url":"https:\/\/www.pressenza.com\/it\/2022\/04\/un-mondo-oltre-le-guerre\/","name":"Un mondo oltre le guerre","isPartOf":{"@id":"https:\/\/www.pressenza.com\/it\/#website"},"primaryImageOfPage":{"@id":"https:\/\/www.pressenza.com\/it\/2022\/04\/un-mondo-oltre-le-guerre\/#primaryimage"},"image":{"@id":"https:\/\/www.pressenza.com\/it\/2022\/04\/un-mondo-oltre-le-guerre\/#primaryimage"},"thumbnailUrl":"https:\/\/www.pressenza.com\/wp-content\/uploads\/2022\/04\/world-peace.jpg","datePublished":"2022-04-28T15:15:14+00:00","dateModified":"2022-04-28T15:18:11+00:00","description":"Stiamo vivendo un periodo storico di pace oppure di guerre infinite? \u00c8 una domanda che in molti dovremmo rivolgerci. Cosa dire poi di questi ultimi","breadcrumb":{"@id":"https:\/\/www.pressenza.com\/it\/2022\/04\/un-mondo-oltre-le-guerre\/#breadcrumb"},"inLanguage":"it-IT","potentialAction":[{"@type":"ReadAction","target":["https:\/\/www.pressenza.com\/it\/2022\/04\/un-mondo-oltre-le-guerre\/"]}]},{"@type":"ImageObject","inLanguage":"it-IT","@id":"https:\/\/www.pressenza.com\/it\/2022\/04\/un-mondo-oltre-le-guerre\/#primaryimage","url":"https:\/\/www.pressenza.com\/wp-content\/uploads\/2022\/04\/world-peace.jpg","contentUrl":"https:\/\/www.pressenza.com\/wp-content\/uploads\/2022\/04\/world-peace.jpg","width":1640,"height":924},{"@type":"BreadcrumbList","@id":"https:\/\/www.pressenza.com\/it\/2022\/04\/un-mondo-oltre-le-guerre\/#breadcrumb","itemListElement":[{"@type":"ListItem","position":1,"name":"Accueil","item":"https:\/\/www.pressenza.com\/it\/"},{"@type":"ListItem","position":2,"name":"Un mondo oltre le guerre"}]},{"@type":"WebSite","@id":"https:\/\/www.pressenza.com\/it\/#website","url":"https:\/\/www.pressenza.com\/it\/","name":"Pressenza","description":"Agenzia di Stampa Internazionale","publisher":{"@id":"https:\/\/www.pressenza.com\/it\/#organization"},"potentialAction":[{"@type":"SearchAction","target":{"@type":"EntryPoint","urlTemplate":"https:\/\/www.pressenza.com\/it\/?s={search_term_string}"},"query-input":{"@type":"PropertyValueSpecification","valueRequired":true,"valueName":"search_term_string"}}],"inLanguage":"it-IT"},{"@type":"Organization","@id":"https:\/\/www.pressenza.com\/it\/#organization","name":"Pressenza","url":"https:\/\/www.pressenza.com\/it\/","logo":{"@type":"ImageObject","inLanguage":"it-IT","@id":"https:\/\/www.pressenza.com\/it\/#\/schema\/logo\/image\/","url":"https:\/\/www.pressenza.com\/wp-content\/uploads\/2022\/10\/pressenza_logo_200x200.jpg","contentUrl":"https:\/\/www.pressenza.com\/wp-content\/uploads\/2022\/10\/pressenza_logo_200x200.jpg","width":200,"height":200,"caption":"Pressenza"},"image":{"@id":"https:\/\/www.pressenza.com\/it\/#\/schema\/logo\/image\/"},"sameAs":["https:\/\/www.facebook.com\/PressenzaItalia","https:\/\/x.com\/PressenzaIPA"]},{"@type":"Person","@id":"https:\/\/www.pressenza.com\/it\/#\/schema\/person\/cc264c69525b48e10085d183c1d4fea7","name":"Renato G. Napoli","description":"Chi sono. Difficile dirlo perch\u00e9 vorrei saperlo anche io. Direi un osservatore di quanto accade e della \u201cstupidit\u00e0\u201d umana. Ex \u201clavoratore\u201d della P.A., nella comunicazione e P.R.. Difensore della terra e del suo ambiente naturale sconvolto dalla fagocit\u00e0 umana. Socio fondatore di Mountain Wilderness Italia. Ho collaborato, a vari livelli, con le principali associazioni ambientali nazionali. Sostenitore di Extinction Rebellion, Fridays for Future, Protettore della Terra (i am a signed up Earth Protector). Ho camminato molto soprattutto nella vita civile e in montagna. Un motto \u201cuomo! sii meno stupido, non sei qui per fare ci\u00f2 che fai\u201d.","url":"https:\/\/www.pressenza.com\/it\/author\/renato-giuseppe-napoli\/"}]}},"place":"","original_article_url":"","_links":{"self":[{"href":"https:\/\/www.pressenza.com\/it\/wp-json\/wp\/v2\/posts\/1573389","targetHints":{"allow":["GET"]}}],"collection":[{"href":"https:\/\/www.pressenza.com\/it\/wp-json\/wp\/v2\/posts"}],"about":[{"href":"https:\/\/www.pressenza.com\/it\/wp-json\/wp\/v2\/types\/post"}],"author":[{"embeddable":true,"href":"https:\/\/www.pressenza.com\/it\/wp-json\/wp\/v2\/users\/1995"}],"replies":[{"embeddable":true,"href":"https:\/\/www.pressenza.com\/it\/wp-json\/wp\/v2\/comments?post=1573389"}],"version-history":[{"count":0,"href":"https:\/\/www.pressenza.com\/it\/wp-json\/wp\/v2\/posts\/1573389\/revisions"}],"wp:featuredmedia":[{"embeddable":true,"href":"https:\/\/www.pressenza.com\/it\/wp-json\/wp\/v2\/media\/1573390"}],"wp:attachment":[{"href":"https:\/\/www.pressenza.com\/it\/wp-json\/wp\/v2\/media?parent=1573389"}],"wp:term":[{"taxonomy":"category","embeddable":true,"href":"https:\/\/www.pressenza.com\/it\/wp-json\/wp\/v2\/categories?post=1573389"},{"taxonomy":"post_tag","embeddable":true,"href":"https:\/\/www.pressenza.com\/it\/wp-json\/wp\/v2\/tags?post=1573389"}],"curies":[{"name":"wp","href":"https:\/\/api.w.org\/{rel}","templated":true}]}}