{"id":157309,"date":"2015-01-19T14:10:42","date_gmt":"2015-01-19T14:10:42","guid":{"rendered":"http:\/\/www.pressenza.com\/?p=157309"},"modified":"2015-01-19T14:15:50","modified_gmt":"2015-01-19T14:15:50","slug":"land-grabbing-il-neocolonialismo","status":"publish","type":"post","link":"https:\/\/www.pressenza.com\/it\/2015\/01\/land-grabbing-il-neocolonialismo\/","title":{"rendered":"Land grabbing. Il neocolonialismo"},"content":{"rendered":"<p>&nbsp;<\/p>\n<p>&nbsp;<\/p>\n<p>Nel saggio \u201cLand grabbing\u201d (<a href=\"http:\/\/www.minimumfax.com\">www.minimumfax.com<\/a>, 2011, 244 pagine), il giornalista Stefano Liberti ha raccontato i retroscena della svendita dei terreni nei paesi pi\u00f9 poveri.<\/p>\n<p>&nbsp;<\/p>\n<p>Liberti riesce a chiarire un fenomeno molto trascurato con uno dei primi reportage sul business internazionale delle terre da coltivare, che \u00e8 quasi sempre dominato dai paesi arabi pi\u00f9 ricchi, dalla Corea del Sud, dalla Cina e dall\u2019India. E siccome pi\u00f9 del 60 per cento della terra non coltivata \u00e8 in Africa, il giornalista ha deciso di visitare l\u2019Etiopia e la Tanzania (in molti villaggi esistono ancora dei sistemi di propriet\u00e0 collettiva gestiti dal capo villaggio o da un consiglio di uomini anziani).<\/p>\n<p>Il problema fondamentale risiede nel fatto che a livello internazionale si considerano disponibili \u201cle terre che hanno meno di 25 persone per chilometro quadrato. Queste terre spesso sono utilizzate da piccoli agricoltori o da allevatori itineranti, che in molti casi non hanno titoli di propriet\u00e0 sulla terra da cui dipendono per la propria sopravvivenza e quindi non hanno strumenti legali per ricorrere contro eventuali espropriazioni\u201d (Olivier De Schutter, consulente, <a href=\"http:\/\/www.srfood.org\/en\">www.srfood.org\/en<\/a>).<\/p>\n<p>Inoltre alcune multinazionali dell\u2019agribusiness hanno investito nella produzione di biocarburanti, producendo gravi effetti collaterali come l\u2019aumento del prezzo di molti cibi. Anche le speculazioni finanziarie sulle materie prime causano un forte aumento del prezzo dei cereali e quindi di prodotti vitali come le farine e la carne.<\/p>\n<p>Il futuro potrebbe riservarci nuove forme di neocolonialismo diretto e molto aggressivo, oppure potrebbero evolvere nuove forme di distribuzione programmata. Ad esempio un distributore locale potrebbe commercializzare senza sprechi le \u201cmaterie prime alimentari prodotto altrove grazie ad accordi mirati con grandi societ\u00e0 dell\u2019agribusiness\u201d (Fawaz Al Alamy, consulente, p. 85).<\/p>\n<p>Oggi in molti casi si allontanano in malo modo le popolazioni indigene. I boscimani in Africa e molte trib\u00f9 amazzoniche sono tra le popolazioni pi\u00f9 perseguitate (<a href=\"http:\/\/www.survivalinternational.org\">www.survivalinternational.org<\/a>, <a href=\"http:\/\/www.survival.it\">www.survival.it<\/a>). Forse i migliori missionari possono contribuire alla difesa di alcuni territori tribali, comunque consiglio il film <em>La punta della lancia<\/em>, poich\u00e9 \u00e8 tratto da una storia vera e molto emozionante avvenuta nel 1965 in Ecuador (\u00e8 uscito nel 2005, \u00e8 reperibile su YouTube).<\/p>\n<p>&nbsp;<\/p>\n<p>Stefano Liberti \u00e8 nato nel 1974 e pubblica reportage di politica internazionale su vari quotidiani e periodici italiani e stranieri. Ha vinto alcuni premi giornalistici e il prestigioso premio di scrittura Indro Montanelli con il libro <em>A Sud di Lampedusa<\/em>. Ha diretto il documentario <em>L\u2019inferno dei bimbi stregoni<\/em> (Premio L\u2019Anello debole nel 2010). Nel 2012 ha co-diretto il film <em>Mare chiuso<\/em> con Andrea Segre. Nel 2013 ha co-diretto il film <em>Container 158<\/em> con Enrico Parenti. Uno dei reportage pi\u00f9 recenti lo trovate qui: <a href=\"http:\/\/webdoc.rfi.fr\/dark_side_tomato\">http:\/\/webdoc.rfi.fr\/dark_side_tomato<\/a>.<\/p>\n<p>&nbsp;<\/p>\n","protected":false},"excerpt":{"rendered":"<p>&nbsp; &nbsp; Nel saggio \u201cLand grabbing\u201d (www.minimumfax.com, 2011, 244 pagine), il giornalista Stefano Liberti ha raccontato i retroscena della svendita dei terreni nei paesi pi\u00f9 poveri. &nbsp; Liberti riesce a chiarire un fenomeno molto trascurato con uno dei primi reportage&hellip;<\/p>\n","protected":false},"author":1125,"featured_media":157310,"comment_status":"closed","ping_status":"open","sticky":false,"template":"","format":"standard","meta":{"footnotes":""},"categories":[56],"tags":[445,1311,1552],"class_list":["post-157309","post","type-post","status-publish","format-standard","has-post-thumbnail","hentry","category-cultura","tag-land-grabbing","tag-libro","tag-recensione"],"yoast_head":"<!-- This site is optimized with the Yoast SEO plugin v27.1.1 - https:\/\/yoast.com\/product\/yoast-seo-wordpress\/ -->\n<title>Land grabbing. Il neocolonialismo<\/title>\n<meta name=\"description\" content=\"&nbsp; &nbsp; Nel saggio \u201cLand grabbing\u201d (www.minimumfax.com, 2011, 244 pagine), il giornalista Stefano Liberti ha raccontato i retroscena della svendita\" \/>\n<meta name=\"robots\" content=\"index, follow, max-snippet:-1, max-image-preview:large, max-video-preview:-1\" \/>\n<link rel=\"canonical\" href=\"https:\/\/www.pressenza.com\/it\/2015\/01\/land-grabbing-il-neocolonialismo\/\" \/>\n<meta property=\"og:locale\" content=\"it_IT\" \/>\n<meta property=\"og:type\" content=\"article\" \/>\n<meta property=\"og:title\" content=\"Land grabbing. Il neocolonialismo\" \/>\n<meta property=\"og:description\" content=\"&nbsp; &nbsp; Nel saggio \u201cLand grabbing\u201d (www.minimumfax.com, 2011, 244 pagine), il giornalista Stefano Liberti ha raccontato i retroscena della svendita\" \/>\n<meta property=\"og:url\" content=\"https:\/\/www.pressenza.com\/it\/2015\/01\/land-grabbing-il-neocolonialismo\/\" \/>\n<meta property=\"og:site_name\" content=\"Pressenza\" \/>\n<meta property=\"article:publisher\" content=\"https:\/\/www.facebook.com\/PressenzaItalia\" \/>\n<meta property=\"article:published_time\" content=\"2015-01-19T14:10:42+00:00\" \/>\n<meta property=\"article:modified_time\" content=\"2015-01-19T14:15:50+00:00\" \/>\n<meta property=\"og:image\" content=\"https:\/\/www.pressenza.com\/wp-content\/uploads\/2015\/01\/copertina-liberti_tn_150_173.png\" \/>\n\t<meta property=\"og:image:width\" content=\"150\" \/>\n\t<meta property=\"og:image:height\" content=\"173\" \/>\n\t<meta property=\"og:image:type\" content=\"image\/png\" \/>\n<meta name=\"author\" content=\"Damiano Mazzotti\" \/>\n<meta name=\"twitter:card\" content=\"summary_large_image\" \/>\n<meta name=\"twitter:creator\" content=\"@PressenzaIPA\" \/>\n<meta name=\"twitter:site\" content=\"@PressenzaIPA\" \/>\n<meta name=\"twitter:label1\" content=\"Scritto da\" \/>\n\t<meta name=\"twitter:data1\" content=\"Damiano Mazzotti\" \/>\n\t<meta name=\"twitter:label2\" content=\"Tempo di lettura stimato\" \/>\n\t<meta name=\"twitter:data2\" content=\"2 minuti\" \/>\n<script type=\"application\/ld+json\" class=\"yoast-schema-graph\">{\"@context\":\"https:\/\/schema.org\",\"@graph\":[{\"@type\":\"Article\",\"@id\":\"https:\/\/www.pressenza.com\/it\/2015\/01\/land-grabbing-il-neocolonialismo\/#article\",\"isPartOf\":{\"@id\":\"https:\/\/www.pressenza.com\/it\/2015\/01\/land-grabbing-il-neocolonialismo\/\"},\"author\":{\"name\":\"Damiano Mazzotti\",\"@id\":\"https:\/\/www.pressenza.com\/it\/#\/schema\/person\/6aa377b00342e5cfe1e241413a17e4a5\"},\"headline\":\"Land grabbing. Il neocolonialismo\",\"datePublished\":\"2015-01-19T14:10:42+00:00\",\"dateModified\":\"2015-01-19T14:15:50+00:00\",\"mainEntityOfPage\":{\"@id\":\"https:\/\/www.pressenza.com\/it\/2015\/01\/land-grabbing-il-neocolonialismo\/\"},\"wordCount\":441,\"publisher\":{\"@id\":\"https:\/\/www.pressenza.com\/it\/#organization\"},\"image\":{\"@id\":\"https:\/\/www.pressenza.com\/it\/2015\/01\/land-grabbing-il-neocolonialismo\/#primaryimage\"},\"thumbnailUrl\":\"https:\/\/www.pressenza.com\/wp-content\/uploads\/2015\/01\/copertina-liberti_tn_150_173.png\",\"keywords\":[\"land grabbing\",\"libro\",\"recensione\"],\"articleSection\":[\"Cultura e Media\"],\"inLanguage\":\"it-IT\"},{\"@type\":\"WebPage\",\"@id\":\"https:\/\/www.pressenza.com\/it\/2015\/01\/land-grabbing-il-neocolonialismo\/\",\"url\":\"https:\/\/www.pressenza.com\/it\/2015\/01\/land-grabbing-il-neocolonialismo\/\",\"name\":\"Land grabbing. Il neocolonialismo\",\"isPartOf\":{\"@id\":\"https:\/\/www.pressenza.com\/it\/#website\"},\"primaryImageOfPage\":{\"@id\":\"https:\/\/www.pressenza.com\/it\/2015\/01\/land-grabbing-il-neocolonialismo\/#primaryimage\"},\"image\":{\"@id\":\"https:\/\/www.pressenza.com\/it\/2015\/01\/land-grabbing-il-neocolonialismo\/#primaryimage\"},\"thumbnailUrl\":\"https:\/\/www.pressenza.com\/wp-content\/uploads\/2015\/01\/copertina-liberti_tn_150_173.png\",\"datePublished\":\"2015-01-19T14:10:42+00:00\",\"dateModified\":\"2015-01-19T14:15:50+00:00\",\"description\":\"&nbsp; &nbsp; Nel saggio \u201cLand grabbing\u201d (www.minimumfax.com, 2011, 244 pagine), il giornalista Stefano Liberti ha raccontato i retroscena della svendita\",\"breadcrumb\":{\"@id\":\"https:\/\/www.pressenza.com\/it\/2015\/01\/land-grabbing-il-neocolonialismo\/#breadcrumb\"},\"inLanguage\":\"it-IT\",\"potentialAction\":[{\"@type\":\"ReadAction\",\"target\":[\"https:\/\/www.pressenza.com\/it\/2015\/01\/land-grabbing-il-neocolonialismo\/\"]}]},{\"@type\":\"ImageObject\",\"inLanguage\":\"it-IT\",\"@id\":\"https:\/\/www.pressenza.com\/it\/2015\/01\/land-grabbing-il-neocolonialismo\/#primaryimage\",\"url\":\"https:\/\/www.pressenza.com\/wp-content\/uploads\/2015\/01\/copertina-liberti_tn_150_173.png\",\"contentUrl\":\"https:\/\/www.pressenza.com\/wp-content\/uploads\/2015\/01\/copertina-liberti_tn_150_173.png\",\"width\":150,\"height\":173},{\"@type\":\"BreadcrumbList\",\"@id\":\"https:\/\/www.pressenza.com\/it\/2015\/01\/land-grabbing-il-neocolonialismo\/#breadcrumb\",\"itemListElement\":[{\"@type\":\"ListItem\",\"position\":1,\"name\":\"Accueil\",\"item\":\"https:\/\/www.pressenza.com\/it\/\"},{\"@type\":\"ListItem\",\"position\":2,\"name\":\"Land grabbing. Il neocolonialismo\"}]},{\"@type\":\"WebSite\",\"@id\":\"https:\/\/www.pressenza.com\/it\/#website\",\"url\":\"https:\/\/www.pressenza.com\/it\/\",\"name\":\"Pressenza\",\"description\":\"Agenzia di Stampa Internazionale\",\"publisher\":{\"@id\":\"https:\/\/www.pressenza.com\/it\/#organization\"},\"potentialAction\":[{\"@type\":\"SearchAction\",\"target\":{\"@type\":\"EntryPoint\",\"urlTemplate\":\"https:\/\/www.pressenza.com\/it\/?s={search_term_string}\"},\"query-input\":{\"@type\":\"PropertyValueSpecification\",\"valueRequired\":true,\"valueName\":\"search_term_string\"}}],\"inLanguage\":\"it-IT\"},{\"@type\":\"Organization\",\"@id\":\"https:\/\/www.pressenza.com\/it\/#organization\",\"name\":\"Pressenza\",\"url\":\"https:\/\/www.pressenza.com\/it\/\",\"logo\":{\"@type\":\"ImageObject\",\"inLanguage\":\"it-IT\",\"@id\":\"https:\/\/www.pressenza.com\/it\/#\/schema\/logo\/image\/\",\"url\":\"https:\/\/www.pressenza.com\/wp-content\/uploads\/2022\/10\/pressenza_logo_200x200.jpg\",\"contentUrl\":\"https:\/\/www.pressenza.com\/wp-content\/uploads\/2022\/10\/pressenza_logo_200x200.jpg\",\"width\":200,\"height\":200,\"caption\":\"Pressenza\"},\"image\":{\"@id\":\"https:\/\/www.pressenza.com\/it\/#\/schema\/logo\/image\/\"},\"sameAs\":[\"https:\/\/www.facebook.com\/PressenzaItalia\",\"https:\/\/x.com\/PressenzaIPA\"]},{\"@type\":\"Person\",\"@id\":\"https:\/\/www.pressenza.com\/it\/#\/schema\/person\/6aa377b00342e5cfe1e241413a17e4a5\",\"name\":\"Damiano Mazzotti\",\"description\":\"Nato a Faenza (Ravenna) nel 1970, si \u00e8 laureato in Psicologia Clinica e di Comunit\u00e0 a Padova nel 1995 con una tesi sull\u2019invidia. Nel 2008 ha pubblicato il diario romanzato \u201cUomini e amori gioie e dolori\\\", nel 2009 \u201cLibero pensiero e liberi pensatori\u201d, il primo saggio di un citizen journalist italiano. Ha collaborato con ItaloEuropeo e Newropeans Magazine. Collabora con Agoravox.it e Solosapere.it. Ha ideato il Premio Europeo di Scienze Umane che intende premiare i migliori scrittori nel vasto campo della saggistica (lavori in corso, sono graditi i partner accademici e gli sponsor istituzionali).\",\"url\":\"https:\/\/www.pressenza.com\/it\/author\/damiano-mazzotti\/\"}]}<\/script>\n<!-- \/ Yoast SEO plugin. -->","yoast_head_json":{"title":"Land grabbing. Il neocolonialismo","description":"&nbsp; &nbsp; Nel saggio \u201cLand grabbing\u201d (www.minimumfax.com, 2011, 244 pagine), il giornalista Stefano Liberti ha raccontato i retroscena della svendita","robots":{"index":"index","follow":"follow","max-snippet":"max-snippet:-1","max-image-preview":"max-image-preview:large","max-video-preview":"max-video-preview:-1"},"canonical":"https:\/\/www.pressenza.com\/it\/2015\/01\/land-grabbing-il-neocolonialismo\/","og_locale":"it_IT","og_type":"article","og_title":"Land grabbing. Il neocolonialismo","og_description":"&nbsp; &nbsp; Nel saggio \u201cLand grabbing\u201d (www.minimumfax.com, 2011, 244 pagine), il giornalista Stefano Liberti ha raccontato i retroscena della svendita","og_url":"https:\/\/www.pressenza.com\/it\/2015\/01\/land-grabbing-il-neocolonialismo\/","og_site_name":"Pressenza","article_publisher":"https:\/\/www.facebook.com\/PressenzaItalia","article_published_time":"2015-01-19T14:10:42+00:00","article_modified_time":"2015-01-19T14:15:50+00:00","og_image":[{"width":150,"height":173,"url":"https:\/\/www.pressenza.com\/wp-content\/uploads\/2015\/01\/copertina-liberti_tn_150_173.png","type":"image\/png"}],"author":"Damiano Mazzotti","twitter_card":"summary_large_image","twitter_creator":"@PressenzaIPA","twitter_site":"@PressenzaIPA","twitter_misc":{"Scritto da":"Damiano Mazzotti","Tempo di lettura stimato":"2 minuti"},"schema":{"@context":"https:\/\/schema.org","@graph":[{"@type":"Article","@id":"https:\/\/www.pressenza.com\/it\/2015\/01\/land-grabbing-il-neocolonialismo\/#article","isPartOf":{"@id":"https:\/\/www.pressenza.com\/it\/2015\/01\/land-grabbing-il-neocolonialismo\/"},"author":{"name":"Damiano Mazzotti","@id":"https:\/\/www.pressenza.com\/it\/#\/schema\/person\/6aa377b00342e5cfe1e241413a17e4a5"},"headline":"Land grabbing. Il neocolonialismo","datePublished":"2015-01-19T14:10:42+00:00","dateModified":"2015-01-19T14:15:50+00:00","mainEntityOfPage":{"@id":"https:\/\/www.pressenza.com\/it\/2015\/01\/land-grabbing-il-neocolonialismo\/"},"wordCount":441,"publisher":{"@id":"https:\/\/www.pressenza.com\/it\/#organization"},"image":{"@id":"https:\/\/www.pressenza.com\/it\/2015\/01\/land-grabbing-il-neocolonialismo\/#primaryimage"},"thumbnailUrl":"https:\/\/www.pressenza.com\/wp-content\/uploads\/2015\/01\/copertina-liberti_tn_150_173.png","keywords":["land grabbing","libro","recensione"],"articleSection":["Cultura e Media"],"inLanguage":"it-IT"},{"@type":"WebPage","@id":"https:\/\/www.pressenza.com\/it\/2015\/01\/land-grabbing-il-neocolonialismo\/","url":"https:\/\/www.pressenza.com\/it\/2015\/01\/land-grabbing-il-neocolonialismo\/","name":"Land grabbing. Il neocolonialismo","isPartOf":{"@id":"https:\/\/www.pressenza.com\/it\/#website"},"primaryImageOfPage":{"@id":"https:\/\/www.pressenza.com\/it\/2015\/01\/land-grabbing-il-neocolonialismo\/#primaryimage"},"image":{"@id":"https:\/\/www.pressenza.com\/it\/2015\/01\/land-grabbing-il-neocolonialismo\/#primaryimage"},"thumbnailUrl":"https:\/\/www.pressenza.com\/wp-content\/uploads\/2015\/01\/copertina-liberti_tn_150_173.png","datePublished":"2015-01-19T14:10:42+00:00","dateModified":"2015-01-19T14:15:50+00:00","description":"&nbsp; &nbsp; Nel saggio \u201cLand grabbing\u201d (www.minimumfax.com, 2011, 244 pagine), il giornalista Stefano Liberti ha raccontato i retroscena della svendita","breadcrumb":{"@id":"https:\/\/www.pressenza.com\/it\/2015\/01\/land-grabbing-il-neocolonialismo\/#breadcrumb"},"inLanguage":"it-IT","potentialAction":[{"@type":"ReadAction","target":["https:\/\/www.pressenza.com\/it\/2015\/01\/land-grabbing-il-neocolonialismo\/"]}]},{"@type":"ImageObject","inLanguage":"it-IT","@id":"https:\/\/www.pressenza.com\/it\/2015\/01\/land-grabbing-il-neocolonialismo\/#primaryimage","url":"https:\/\/www.pressenza.com\/wp-content\/uploads\/2015\/01\/copertina-liberti_tn_150_173.png","contentUrl":"https:\/\/www.pressenza.com\/wp-content\/uploads\/2015\/01\/copertina-liberti_tn_150_173.png","width":150,"height":173},{"@type":"BreadcrumbList","@id":"https:\/\/www.pressenza.com\/it\/2015\/01\/land-grabbing-il-neocolonialismo\/#breadcrumb","itemListElement":[{"@type":"ListItem","position":1,"name":"Accueil","item":"https:\/\/www.pressenza.com\/it\/"},{"@type":"ListItem","position":2,"name":"Land grabbing. Il neocolonialismo"}]},{"@type":"WebSite","@id":"https:\/\/www.pressenza.com\/it\/#website","url":"https:\/\/www.pressenza.com\/it\/","name":"Pressenza","description":"Agenzia di Stampa Internazionale","publisher":{"@id":"https:\/\/www.pressenza.com\/it\/#organization"},"potentialAction":[{"@type":"SearchAction","target":{"@type":"EntryPoint","urlTemplate":"https:\/\/www.pressenza.com\/it\/?s={search_term_string}"},"query-input":{"@type":"PropertyValueSpecification","valueRequired":true,"valueName":"search_term_string"}}],"inLanguage":"it-IT"},{"@type":"Organization","@id":"https:\/\/www.pressenza.com\/it\/#organization","name":"Pressenza","url":"https:\/\/www.pressenza.com\/it\/","logo":{"@type":"ImageObject","inLanguage":"it-IT","@id":"https:\/\/www.pressenza.com\/it\/#\/schema\/logo\/image\/","url":"https:\/\/www.pressenza.com\/wp-content\/uploads\/2022\/10\/pressenza_logo_200x200.jpg","contentUrl":"https:\/\/www.pressenza.com\/wp-content\/uploads\/2022\/10\/pressenza_logo_200x200.jpg","width":200,"height":200,"caption":"Pressenza"},"image":{"@id":"https:\/\/www.pressenza.com\/it\/#\/schema\/logo\/image\/"},"sameAs":["https:\/\/www.facebook.com\/PressenzaItalia","https:\/\/x.com\/PressenzaIPA"]},{"@type":"Person","@id":"https:\/\/www.pressenza.com\/it\/#\/schema\/person\/6aa377b00342e5cfe1e241413a17e4a5","name":"Damiano Mazzotti","description":"Nato a Faenza (Ravenna) nel 1970, si \u00e8 laureato in Psicologia Clinica e di Comunit\u00e0 a Padova nel 1995 con una tesi sull\u2019invidia. Nel 2008 ha pubblicato il diario romanzato \u201cUomini e amori gioie e dolori\", nel 2009 \u201cLibero pensiero e liberi pensatori\u201d, il primo saggio di un citizen journalist italiano. Ha collaborato con ItaloEuropeo e Newropeans Magazine. Collabora con Agoravox.it e Solosapere.it. Ha ideato il Premio Europeo di Scienze Umane che intende premiare i migliori scrittori nel vasto campo della saggistica (lavori in corso, sono graditi i partner accademici e gli sponsor istituzionali).","url":"https:\/\/www.pressenza.com\/it\/author\/damiano-mazzotti\/"}]}},"place":"","original_article_url":"","_links":{"self":[{"href":"https:\/\/www.pressenza.com\/it\/wp-json\/wp\/v2\/posts\/157309","targetHints":{"allow":["GET"]}}],"collection":[{"href":"https:\/\/www.pressenza.com\/it\/wp-json\/wp\/v2\/posts"}],"about":[{"href":"https:\/\/www.pressenza.com\/it\/wp-json\/wp\/v2\/types\/post"}],"author":[{"embeddable":true,"href":"https:\/\/www.pressenza.com\/it\/wp-json\/wp\/v2\/users\/1125"}],"replies":[{"embeddable":true,"href":"https:\/\/www.pressenza.com\/it\/wp-json\/wp\/v2\/comments?post=157309"}],"version-history":[{"count":0,"href":"https:\/\/www.pressenza.com\/it\/wp-json\/wp\/v2\/posts\/157309\/revisions"}],"wp:featuredmedia":[{"embeddable":true,"href":"https:\/\/www.pressenza.com\/it\/wp-json\/wp\/v2\/media\/157310"}],"wp:attachment":[{"href":"https:\/\/www.pressenza.com\/it\/wp-json\/wp\/v2\/media?parent=157309"}],"wp:term":[{"taxonomy":"category","embeddable":true,"href":"https:\/\/www.pressenza.com\/it\/wp-json\/wp\/v2\/categories?post=157309"},{"taxonomy":"post_tag","embeddable":true,"href":"https:\/\/www.pressenza.com\/it\/wp-json\/wp\/v2\/tags?post=157309"}],"curies":[{"name":"wp","href":"https:\/\/api.w.org\/{rel}","templated":true}]}}