{"id":1571010,"date":"2022-04-25T14:59:41","date_gmt":"2022-04-25T13:59:41","guid":{"rendered":"https:\/\/www.pressenza.com\/?p=1571010"},"modified":"2022-04-25T14:59:41","modified_gmt":"2022-04-25T13:59:41","slug":"egitto-un-gruppo-di-detenuti-politici-in-attesa-di-giudizio-e-stato-liberato","status":"publish","type":"post","link":"https:\/\/www.pressenza.com\/it\/2022\/04\/egitto-un-gruppo-di-detenuti-politici-in-attesa-di-giudizio-e-stato-liberato\/","title":{"rendered":"Egitto. Un gruppo di detenuti politici in attesa di giudizio \u00e8 stato liberato"},"content":{"rendered":"<p>Egitto<\/p>\n<p>Un gruppo di detenuti politici in attesa di giudizio \u00e8 stato liberato, in una delle azioni pi\u00f9 numerose di rilascio di attivisti.<\/p>\n<p>41 giovani, noti per la loro partecipazione ai moti del 2011, hanno usufruito di una revisione delle loro cause e pur rimanendo le accuse in corso, sono stati liberati.<br \/>\nSecondo alcuni parlamentari, sono attesi, nei prossimi giorni, altri provvedimenti.<br \/>\nAlcuni giorni fa il presidente Al-Sissi, parlando in un incontro riservato con alcuni giornalisti-megafoni del regime, ha annunciato una misteriosa fase politica, che ha definito \u201cfase due per una nuova repubblica, che apra ad un dialogo nazionale\u201d.<br \/>\nUna campagna mediatica senza precedenti ha invaso tutte le prime pagine dei quotidiani, i telegiornali e i programmi di intrattenimento.<br \/>\nAlcuni osservatori egiziani residenti all\u2019estero imputano le nuove aperture alle difficolt\u00e0 economiche, che la popolazione sta vivendo ed a clima esplosivo nella societ\u00e0 per l\u2019aumento della povert\u00e0, anche tra chi ha un lavoro.<br \/>\n\u201cL\u2019opposizione sociale \u00e8 estesa e ha raggiunto gi strati popolari e non \u00e8 pi\u00f9 soltanto un\u2019azione di intellettuali o gruppi politici\u201d, ha scritto sui social Yussuf Jalal, scrittore egiziano residente a Londra.  <\/p>\n","protected":false},"excerpt":{"rendered":"<p>Egitto Un gruppo di detenuti politici in attesa di giudizio \u00e8 stato liberato, in una delle azioni pi\u00f9 numerose di rilascio di attivisti. 41 giovani, noti per la loro partecipazione ai moti del 2011, hanno usufruito di una revisione delle&hellip;<\/p>\n","protected":false},"author":2080,"featured_media":1167913,"comment_status":"closed","ping_status":"closed","sticky":false,"template":"","format":"standard","meta":{"footnotes":""},"categories":[150,60,52,1263],"tags":[6381,2827],"class_list":["post-1571010","post","type-post","status-publish","format-standard","has-post-thumbnail","hentry","category-comunicati-stampa","category-diritti-umani","category-medio-oriente","category-pace-disarmo","tag-al-sisi","tag-egitto"],"yoast_head":"<!-- This site is optimized with the Yoast SEO plugin v27.1.1 - https:\/\/yoast.com\/product\/yoast-seo-wordpress\/ -->\n<title>Egitto. Un gruppo di detenuti politici in attesa di giudizio \u00e8 stato liberato<\/title>\n<meta name=\"description\" content=\"Egitto Un gruppo di detenuti politici in attesa di giudizio \u00e8 stato liberato, in una delle azioni pi\u00f9 numerose di rilascio di attivisti. 41 giovani, noti\" \/>\n<meta name=\"robots\" content=\"index, follow, max-snippet:-1, max-image-preview:large, max-video-preview:-1\" \/>\n<link rel=\"canonical\" href=\"https:\/\/www.pressenza.com\/it\/2022\/04\/egitto-un-gruppo-di-detenuti-politici-in-attesa-di-giudizio-e-stato-liberato\/\" \/>\n<meta property=\"og:locale\" content=\"it_IT\" \/>\n<meta property=\"og:type\" content=\"article\" \/>\n<meta property=\"og:title\" content=\"Egitto. Un gruppo di detenuti politici in attesa di giudizio \u00e8 stato liberato\" \/>\n<meta property=\"og:description\" content=\"Egitto Un gruppo di detenuti politici in attesa di giudizio \u00e8 stato liberato, in una delle azioni pi\u00f9 numerose di rilascio di attivisti. 41 giovani, noti\" \/>\n<meta property=\"og:url\" content=\"https:\/\/www.pressenza.com\/it\/2022\/04\/egitto-un-gruppo-di-detenuti-politici-in-attesa-di-giudizio-e-stato-liberato\/\" \/>\n<meta property=\"og:site_name\" content=\"Pressenza\" \/>\n<meta property=\"article:publisher\" content=\"https:\/\/www.facebook.com\/PressenzaItalia\" \/>\n<meta property=\"article:published_time\" content=\"2022-04-25T13:59:41+00:00\" \/>\n<meta property=\"og:image\" content=\"https:\/\/www.pressenza.com\/wp-content\/uploads\/2020\/07\/800px-His_Excellency_Mr._Abdel_Fattah_El_Sisi_President_of_Egypt_23342934001.jpg\" \/>\n\t<meta property=\"og:image:width\" content=\"800\" \/>\n\t<meta property=\"og:image:height\" content=\"533\" \/>\n\t<meta property=\"og:image:type\" content=\"image\/jpeg\" \/>\n<meta name=\"author\" content=\"ANBAMED\" \/>\n<meta name=\"twitter:card\" content=\"summary_large_image\" \/>\n<meta name=\"twitter:creator\" content=\"@PressenzaIPA\" \/>\n<meta name=\"twitter:site\" content=\"@PressenzaIPA\" \/>\n<meta name=\"twitter:label1\" content=\"Scritto da\" \/>\n\t<meta name=\"twitter:data1\" content=\"ANBAMED\" \/>\n\t<meta name=\"twitter:label2\" content=\"Tempo di lettura stimato\" \/>\n\t<meta name=\"twitter:data2\" content=\"1 minuto\" \/>\n<script type=\"application\/ld+json\" class=\"yoast-schema-graph\">{\"@context\":\"https:\/\/schema.org\",\"@graph\":[{\"@type\":\"Article\",\"@id\":\"https:\/\/www.pressenza.com\/it\/2022\/04\/egitto-un-gruppo-di-detenuti-politici-in-attesa-di-giudizio-e-stato-liberato\/#article\",\"isPartOf\":{\"@id\":\"https:\/\/www.pressenza.com\/it\/2022\/04\/egitto-un-gruppo-di-detenuti-politici-in-attesa-di-giudizio-e-stato-liberato\/\"},\"author\":{\"name\":\"ANBAMED\",\"@id\":\"https:\/\/www.pressenza.com\/it\/#\/schema\/person\/9f05db79ca2872d8e94cb459a93831e4\"},\"headline\":\"Egitto. Un gruppo di detenuti politici in attesa di giudizio \u00e8 stato liberato\",\"datePublished\":\"2022-04-25T13:59:41+00:00\",\"mainEntityOfPage\":{\"@id\":\"https:\/\/www.pressenza.com\/it\/2022\/04\/egitto-un-gruppo-di-detenuti-politici-in-attesa-di-giudizio-e-stato-liberato\/\"},\"wordCount\":195,\"publisher\":{\"@id\":\"https:\/\/www.pressenza.com\/it\/#organization\"},\"image\":{\"@id\":\"https:\/\/www.pressenza.com\/it\/2022\/04\/egitto-un-gruppo-di-detenuti-politici-in-attesa-di-giudizio-e-stato-liberato\/#primaryimage\"},\"thumbnailUrl\":\"https:\/\/www.pressenza.com\/wp-content\/uploads\/2020\/07\/800px-His_Excellency_Mr._Abdel_Fattah_El_Sisi_President_of_Egypt_23342934001.jpg\",\"keywords\":[\"Al-Sisi\",\"Egitto\"],\"articleSection\":[\"Comunicati Stampa\",\"Diritti Umani\",\"Medio Oriente\",\"Pace e Disarmo\"],\"inLanguage\":\"it-IT\"},{\"@type\":\"WebPage\",\"@id\":\"https:\/\/www.pressenza.com\/it\/2022\/04\/egitto-un-gruppo-di-detenuti-politici-in-attesa-di-giudizio-e-stato-liberato\/\",\"url\":\"https:\/\/www.pressenza.com\/it\/2022\/04\/egitto-un-gruppo-di-detenuti-politici-in-attesa-di-giudizio-e-stato-liberato\/\",\"name\":\"Egitto. Un gruppo di detenuti politici in attesa di giudizio \u00e8 stato liberato\",\"isPartOf\":{\"@id\":\"https:\/\/www.pressenza.com\/it\/#website\"},\"primaryImageOfPage\":{\"@id\":\"https:\/\/www.pressenza.com\/it\/2022\/04\/egitto-un-gruppo-di-detenuti-politici-in-attesa-di-giudizio-e-stato-liberato\/#primaryimage\"},\"image\":{\"@id\":\"https:\/\/www.pressenza.com\/it\/2022\/04\/egitto-un-gruppo-di-detenuti-politici-in-attesa-di-giudizio-e-stato-liberato\/#primaryimage\"},\"thumbnailUrl\":\"https:\/\/www.pressenza.com\/wp-content\/uploads\/2020\/07\/800px-His_Excellency_Mr._Abdel_Fattah_El_Sisi_President_of_Egypt_23342934001.jpg\",\"datePublished\":\"2022-04-25T13:59:41+00:00\",\"description\":\"Egitto Un gruppo di detenuti politici in attesa di giudizio \u00e8 stato liberato, in una delle azioni pi\u00f9 numerose di rilascio di attivisti. 41 giovani, noti\",\"breadcrumb\":{\"@id\":\"https:\/\/www.pressenza.com\/it\/2022\/04\/egitto-un-gruppo-di-detenuti-politici-in-attesa-di-giudizio-e-stato-liberato\/#breadcrumb\"},\"inLanguage\":\"it-IT\",\"potentialAction\":[{\"@type\":\"ReadAction\",\"target\":[\"https:\/\/www.pressenza.com\/it\/2022\/04\/egitto-un-gruppo-di-detenuti-politici-in-attesa-di-giudizio-e-stato-liberato\/\"]}]},{\"@type\":\"ImageObject\",\"inLanguage\":\"it-IT\",\"@id\":\"https:\/\/www.pressenza.com\/it\/2022\/04\/egitto-un-gruppo-di-detenuti-politici-in-attesa-di-giudizio-e-stato-liberato\/#primaryimage\",\"url\":\"https:\/\/www.pressenza.com\/wp-content\/uploads\/2020\/07\/800px-His_Excellency_Mr._Abdel_Fattah_El_Sisi_President_of_Egypt_23342934001.jpg\",\"contentUrl\":\"https:\/\/www.pressenza.com\/wp-content\/uploads\/2020\/07\/800px-His_Excellency_Mr._Abdel_Fattah_El_Sisi_President_of_Egypt_23342934001.jpg\",\"width\":800,\"height\":533},{\"@type\":\"BreadcrumbList\",\"@id\":\"https:\/\/www.pressenza.com\/it\/2022\/04\/egitto-un-gruppo-di-detenuti-politici-in-attesa-di-giudizio-e-stato-liberato\/#breadcrumb\",\"itemListElement\":[{\"@type\":\"ListItem\",\"position\":1,\"name\":\"Accueil\",\"item\":\"https:\/\/www.pressenza.com\/it\/\"},{\"@type\":\"ListItem\",\"position\":2,\"name\":\"Egitto. Un gruppo di detenuti politici in attesa di giudizio \u00e8 stato liberato\"}]},{\"@type\":\"WebSite\",\"@id\":\"https:\/\/www.pressenza.com\/it\/#website\",\"url\":\"https:\/\/www.pressenza.com\/it\/\",\"name\":\"Pressenza\",\"description\":\"Agenzia di Stampa Internazionale\",\"publisher\":{\"@id\":\"https:\/\/www.pressenza.com\/it\/#organization\"},\"potentialAction\":[{\"@type\":\"SearchAction\",\"target\":{\"@type\":\"EntryPoint\",\"urlTemplate\":\"https:\/\/www.pressenza.com\/it\/?s={search_term_string}\"},\"query-input\":{\"@type\":\"PropertyValueSpecification\",\"valueRequired\":true,\"valueName\":\"search_term_string\"}}],\"inLanguage\":\"it-IT\"},{\"@type\":\"Organization\",\"@id\":\"https:\/\/www.pressenza.com\/it\/#organization\",\"name\":\"Pressenza\",\"url\":\"https:\/\/www.pressenza.com\/it\/\",\"logo\":{\"@type\":\"ImageObject\",\"inLanguage\":\"it-IT\",\"@id\":\"https:\/\/www.pressenza.com\/it\/#\/schema\/logo\/image\/\",\"url\":\"https:\/\/www.pressenza.com\/wp-content\/uploads\/2022\/10\/pressenza_logo_200x200.jpg\",\"contentUrl\":\"https:\/\/www.pressenza.com\/wp-content\/uploads\/2022\/10\/pressenza_logo_200x200.jpg\",\"width\":200,\"height\":200,\"caption\":\"Pressenza\"},\"image\":{\"@id\":\"https:\/\/www.pressenza.com\/it\/#\/schema\/logo\/image\/\"},\"sameAs\":[\"https:\/\/www.facebook.com\/PressenzaItalia\",\"https:\/\/x.com\/PressenzaIPA\"]},{\"@type\":\"Person\",\"@id\":\"https:\/\/www.pressenza.com\/it\/#\/schema\/person\/9f05db79ca2872d8e94cb459a93831e4\",\"name\":\"ANBAMED\",\"description\":\"Notizie dal Sud Est del Mediterraneo\",\"sameAs\":[\"https:\/\/www.anbamed.it\/\"],\"url\":\"https:\/\/www.pressenza.com\/it\/author\/anbamed\/\"}]}<\/script>\n<!-- \/ Yoast SEO plugin. -->","yoast_head_json":{"title":"Egitto. Un gruppo di detenuti politici in attesa di giudizio \u00e8 stato liberato","description":"Egitto Un gruppo di detenuti politici in attesa di giudizio \u00e8 stato liberato, in una delle azioni pi\u00f9 numerose di rilascio di attivisti. 41 giovani, noti","robots":{"index":"index","follow":"follow","max-snippet":"max-snippet:-1","max-image-preview":"max-image-preview:large","max-video-preview":"max-video-preview:-1"},"canonical":"https:\/\/www.pressenza.com\/it\/2022\/04\/egitto-un-gruppo-di-detenuti-politici-in-attesa-di-giudizio-e-stato-liberato\/","og_locale":"it_IT","og_type":"article","og_title":"Egitto. Un gruppo di detenuti politici in attesa di giudizio \u00e8 stato liberato","og_description":"Egitto Un gruppo di detenuti politici in attesa di giudizio \u00e8 stato liberato, in una delle azioni pi\u00f9 numerose di rilascio di attivisti. 41 giovani, noti","og_url":"https:\/\/www.pressenza.com\/it\/2022\/04\/egitto-un-gruppo-di-detenuti-politici-in-attesa-di-giudizio-e-stato-liberato\/","og_site_name":"Pressenza","article_publisher":"https:\/\/www.facebook.com\/PressenzaItalia","article_published_time":"2022-04-25T13:59:41+00:00","og_image":[{"width":800,"height":533,"url":"https:\/\/www.pressenza.com\/wp-content\/uploads\/2020\/07\/800px-His_Excellency_Mr._Abdel_Fattah_El_Sisi_President_of_Egypt_23342934001.jpg","type":"image\/jpeg"}],"author":"ANBAMED","twitter_card":"summary_large_image","twitter_creator":"@PressenzaIPA","twitter_site":"@PressenzaIPA","twitter_misc":{"Scritto da":"ANBAMED","Tempo di lettura stimato":"1 minuto"},"schema":{"@context":"https:\/\/schema.org","@graph":[{"@type":"Article","@id":"https:\/\/www.pressenza.com\/it\/2022\/04\/egitto-un-gruppo-di-detenuti-politici-in-attesa-di-giudizio-e-stato-liberato\/#article","isPartOf":{"@id":"https:\/\/www.pressenza.com\/it\/2022\/04\/egitto-un-gruppo-di-detenuti-politici-in-attesa-di-giudizio-e-stato-liberato\/"},"author":{"name":"ANBAMED","@id":"https:\/\/www.pressenza.com\/it\/#\/schema\/person\/9f05db79ca2872d8e94cb459a93831e4"},"headline":"Egitto. Un gruppo di detenuti politici in attesa di giudizio \u00e8 stato liberato","datePublished":"2022-04-25T13:59:41+00:00","mainEntityOfPage":{"@id":"https:\/\/www.pressenza.com\/it\/2022\/04\/egitto-un-gruppo-di-detenuti-politici-in-attesa-di-giudizio-e-stato-liberato\/"},"wordCount":195,"publisher":{"@id":"https:\/\/www.pressenza.com\/it\/#organization"},"image":{"@id":"https:\/\/www.pressenza.com\/it\/2022\/04\/egitto-un-gruppo-di-detenuti-politici-in-attesa-di-giudizio-e-stato-liberato\/#primaryimage"},"thumbnailUrl":"https:\/\/www.pressenza.com\/wp-content\/uploads\/2020\/07\/800px-His_Excellency_Mr._Abdel_Fattah_El_Sisi_President_of_Egypt_23342934001.jpg","keywords":["Al-Sisi","Egitto"],"articleSection":["Comunicati Stampa","Diritti Umani","Medio Oriente","Pace e Disarmo"],"inLanguage":"it-IT"},{"@type":"WebPage","@id":"https:\/\/www.pressenza.com\/it\/2022\/04\/egitto-un-gruppo-di-detenuti-politici-in-attesa-di-giudizio-e-stato-liberato\/","url":"https:\/\/www.pressenza.com\/it\/2022\/04\/egitto-un-gruppo-di-detenuti-politici-in-attesa-di-giudizio-e-stato-liberato\/","name":"Egitto. Un gruppo di detenuti politici in attesa di giudizio \u00e8 stato liberato","isPartOf":{"@id":"https:\/\/www.pressenza.com\/it\/#website"},"primaryImageOfPage":{"@id":"https:\/\/www.pressenza.com\/it\/2022\/04\/egitto-un-gruppo-di-detenuti-politici-in-attesa-di-giudizio-e-stato-liberato\/#primaryimage"},"image":{"@id":"https:\/\/www.pressenza.com\/it\/2022\/04\/egitto-un-gruppo-di-detenuti-politici-in-attesa-di-giudizio-e-stato-liberato\/#primaryimage"},"thumbnailUrl":"https:\/\/www.pressenza.com\/wp-content\/uploads\/2020\/07\/800px-His_Excellency_Mr._Abdel_Fattah_El_Sisi_President_of_Egypt_23342934001.jpg","datePublished":"2022-04-25T13:59:41+00:00","description":"Egitto Un gruppo di detenuti politici in attesa di giudizio \u00e8 stato liberato, in una delle azioni pi\u00f9 numerose di rilascio di attivisti. 41 giovani, noti","breadcrumb":{"@id":"https:\/\/www.pressenza.com\/it\/2022\/04\/egitto-un-gruppo-di-detenuti-politici-in-attesa-di-giudizio-e-stato-liberato\/#breadcrumb"},"inLanguage":"it-IT","potentialAction":[{"@type":"ReadAction","target":["https:\/\/www.pressenza.com\/it\/2022\/04\/egitto-un-gruppo-di-detenuti-politici-in-attesa-di-giudizio-e-stato-liberato\/"]}]},{"@type":"ImageObject","inLanguage":"it-IT","@id":"https:\/\/www.pressenza.com\/it\/2022\/04\/egitto-un-gruppo-di-detenuti-politici-in-attesa-di-giudizio-e-stato-liberato\/#primaryimage","url":"https:\/\/www.pressenza.com\/wp-content\/uploads\/2020\/07\/800px-His_Excellency_Mr._Abdel_Fattah_El_Sisi_President_of_Egypt_23342934001.jpg","contentUrl":"https:\/\/www.pressenza.com\/wp-content\/uploads\/2020\/07\/800px-His_Excellency_Mr._Abdel_Fattah_El_Sisi_President_of_Egypt_23342934001.jpg","width":800,"height":533},{"@type":"BreadcrumbList","@id":"https:\/\/www.pressenza.com\/it\/2022\/04\/egitto-un-gruppo-di-detenuti-politici-in-attesa-di-giudizio-e-stato-liberato\/#breadcrumb","itemListElement":[{"@type":"ListItem","position":1,"name":"Accueil","item":"https:\/\/www.pressenza.com\/it\/"},{"@type":"ListItem","position":2,"name":"Egitto. Un gruppo di detenuti politici in attesa di giudizio \u00e8 stato liberato"}]},{"@type":"WebSite","@id":"https:\/\/www.pressenza.com\/it\/#website","url":"https:\/\/www.pressenza.com\/it\/","name":"Pressenza","description":"Agenzia di Stampa Internazionale","publisher":{"@id":"https:\/\/www.pressenza.com\/it\/#organization"},"potentialAction":[{"@type":"SearchAction","target":{"@type":"EntryPoint","urlTemplate":"https:\/\/www.pressenza.com\/it\/?s={search_term_string}"},"query-input":{"@type":"PropertyValueSpecification","valueRequired":true,"valueName":"search_term_string"}}],"inLanguage":"it-IT"},{"@type":"Organization","@id":"https:\/\/www.pressenza.com\/it\/#organization","name":"Pressenza","url":"https:\/\/www.pressenza.com\/it\/","logo":{"@type":"ImageObject","inLanguage":"it-IT","@id":"https:\/\/www.pressenza.com\/it\/#\/schema\/logo\/image\/","url":"https:\/\/www.pressenza.com\/wp-content\/uploads\/2022\/10\/pressenza_logo_200x200.jpg","contentUrl":"https:\/\/www.pressenza.com\/wp-content\/uploads\/2022\/10\/pressenza_logo_200x200.jpg","width":200,"height":200,"caption":"Pressenza"},"image":{"@id":"https:\/\/www.pressenza.com\/it\/#\/schema\/logo\/image\/"},"sameAs":["https:\/\/www.facebook.com\/PressenzaItalia","https:\/\/x.com\/PressenzaIPA"]},{"@type":"Person","@id":"https:\/\/www.pressenza.com\/it\/#\/schema\/person\/9f05db79ca2872d8e94cb459a93831e4","name":"ANBAMED","description":"Notizie dal Sud Est del Mediterraneo","sameAs":["https:\/\/www.anbamed.it\/"],"url":"https:\/\/www.pressenza.com\/it\/author\/anbamed\/"}]}},"place":"","original_article_url":"","_links":{"self":[{"href":"https:\/\/www.pressenza.com\/it\/wp-json\/wp\/v2\/posts\/1571010","targetHints":{"allow":["GET"]}}],"collection":[{"href":"https:\/\/www.pressenza.com\/it\/wp-json\/wp\/v2\/posts"}],"about":[{"href":"https:\/\/www.pressenza.com\/it\/wp-json\/wp\/v2\/types\/post"}],"author":[{"embeddable":true,"href":"https:\/\/www.pressenza.com\/it\/wp-json\/wp\/v2\/users\/2080"}],"replies":[{"embeddable":true,"href":"https:\/\/www.pressenza.com\/it\/wp-json\/wp\/v2\/comments?post=1571010"}],"version-history":[{"count":0,"href":"https:\/\/www.pressenza.com\/it\/wp-json\/wp\/v2\/posts\/1571010\/revisions"}],"wp:featuredmedia":[{"embeddable":true,"href":"https:\/\/www.pressenza.com\/it\/wp-json\/wp\/v2\/media\/1167913"}],"wp:attachment":[{"href":"https:\/\/www.pressenza.com\/it\/wp-json\/wp\/v2\/media?parent=1571010"}],"wp:term":[{"taxonomy":"category","embeddable":true,"href":"https:\/\/www.pressenza.com\/it\/wp-json\/wp\/v2\/categories?post=1571010"},{"taxonomy":"post_tag","embeddable":true,"href":"https:\/\/www.pressenza.com\/it\/wp-json\/wp\/v2\/tags?post=1571010"}],"curies":[{"name":"wp","href":"https:\/\/api.w.org\/{rel}","templated":true}]}}