{"id":1569415,"date":"2022-04-23T10:45:42","date_gmt":"2022-04-23T09:45:42","guid":{"rendered":"https:\/\/www.pressenza.com\/?p=1569415"},"modified":"2022-04-23T14:33:16","modified_gmt":"2022-04-23T13:33:16","slug":"25-aprile-2022-liberazione-e-disarmo-resistenza-e-nonviolenza","status":"publish","type":"post","link":"https:\/\/www.pressenza.com\/it\/2022\/04\/25-aprile-2022-liberazione-e-disarmo-resistenza-e-nonviolenza\/","title":{"rendered":"25 aprile 2022: Liberazione e disarmo, Resistenza e Nonviolenza"},"content":{"rendered":"<p>Abbiamo conosciuto e ascoltato chi ha fatto la Resistenza, partigiani, sfollati, deportati che ne sono usciti feriti nel corpo e nell\u2019anima per tutto il resto della loro esistenza, ma comunque vivi. Abbiamo poi conosciuto e ascoltato in anni recenti altre vittime di guerre e dittature, dall\u2019America Latina al Medio Oriente, e nessuno di loro per quelle strade vuole pi\u00f9 tornare;\u00a0<strong>per tutti loro la guerra \u00e8 un tab\u00f9, il peggiore degli incubi, una follia da \u201cripudiare\u201d, fuori dalla ragione umana<\/strong>. Per questo\u00a0<strong>chi parla ancora di armi e guerra senza aver compreso la lezione che viene da quelle storie \u00e8 un irresponsabile<\/strong> che segue altri interessi disumani o non \u00e8 preparato per rappresentare o prendere decisioni per altri\u2026 In tutti i casi \u00e8 da fermare.<\/p>\n<p>Solo a nominare la data, il 25 aprile, viene un\u2019emozione forte, memoria dell\u2019orrore e gioia della rinascita.\u00a0<strong>\u00c8 la luce che squarcia le tenebre. \u00c8 il parto della democrazia, il pensiero della libert\u00e0, della gioia di respirare la libert\u00e0, mettere alle spalle l\u2019oppressione, il fascismo, la dittatura, l\u2019odio, il razzismo, la discriminazione, la persecuzione.<\/strong><\/p>\n<p>Il 25 aprile \u00e8 la metafora delle lotte di liberazione di tutta l\u2019umanit\u00e0.\u00a0<strong>\u00c8 il mai pi\u00f9 guerre, il mai pi\u00f9 Auschwitz. Non vedere pi\u00f9 carneficina.<\/strong>\u00a0Non vedere pi\u00f9 l\u2019uomo ridotto a un numero da sterminare. L\u2019insegnamento che dobbiamo saper cogliere da chi \u00e8 passato per le guerre di liberazione,\u00a0<strong>da chi ha lottato con le armi o senza le armi per la libert\u00e0 e la dignit\u00e0, \u00e8 di non cadere pi\u00f9 nella trappola mortale, disumana della guerra<\/strong>.<\/p>\n<p>S\u00ec, perch\u00e9 la Resistenza non \u00e8 stata solo lotta partigiana in montagna con le armi.\u00a0<strong>La Resistenza \u00e8 stata un fenomeno diffuso, \u00e8 stata anche resistenza civile,<\/strong>\u00a0resistenza delle donne disarmate che mantenevano le famiglie dei partigiani, resistenza delle staffette partigiane, resistenza civile degli intellettuali, resistenza di chi nascondeva gli ebrei, resistenza di chi aiutava i disertori della Repubblica di Sal\u00f2, resistenza dei sacerdoti cattolici che sostenevano gli antifascisti perseguitati, resistenza dei partigiani nonviolenti che non hanno mai voluto togliere la sicura al fucile ma partecipavano agli atti di sabotaggio, resistenza anche di chi si \u00e8 opposto agli atti di vendetta verso i fascisti. La resistenza \u00e8 stata quella di Arrigo Boldrini e Nuto Revelli, ma anche di Aldo Capitini e Riccardo Tenerini, scelte diverse nell\u2019uso o nel rifiuto delle armi, ma\u00a0<strong>identiche nella finalit\u00e0 e nel successivo impegno politico per liberare il mondo dal flagello della guerra.<\/strong><br \/>\n<strong>Dire no alla guerra, no al riarmo, rifiutare la logica del pi\u00f9 forte e del pi\u00f9 potente, respingere l\u2019idea che la violenza assassina si sconfigge con altra violenza pi\u00f9 assassina<\/strong>, non significa rinunciare alla lotta per la libert\u00e0, ma al contrario, \u00e8\u00a0<strong>prendere il testimone di chi \u00e8 passato per le tragedie della storia ed ha deposto le armi<\/strong>, affidandoci la Carta Costituzionale dove possiamo trovare le risposte per mantenere e rafforzare la pace e la convivenza.<\/p>\n<p>Il 25 aprile ci deve dare il coraggio di proseguire sulla strada dei costituenti, cercando\u00a0<strong>senza indugio e con tutte le nostre risorse la strada della nonviolenza e dalla Pace<\/strong>.\u00a0Per questo il 25 aprile saremo a fianco dell\u2019Anpi nel dire che\u00a0<strong>la Liberazione oggi si chiama Disarmo, la Resistenza oggi si chiama Nonviolenza<\/strong>.<\/p>\n","protected":false},"excerpt":{"rendered":"<p>Abbiamo conosciuto e ascoltato chi ha fatto la Resistenza, partigiani, sfollati, deportati che ne sono usciti feriti nel corpo e nell\u2019anima per tutto il resto della loro esistenza, ma comunque vivi. Abbiamo poi conosciuto e ascoltato in anni recenti altre&hellip;<\/p>\n","protected":false},"author":1931,"featured_media":1569417,"comment_status":"closed","ping_status":"closed","sticky":false,"template":"","format":"standard","meta":{"footnotes":""},"categories":[150,1262,1263],"tags":[4668,231,460,294,4000],"class_list":["post-1569415","post","type-post","status-publish","format-standard","has-post-thumbnail","hentry","category-comunicati-stampa","category-nonviolenza-argomento","category-pace-disarmo","tag-25-aprile","tag-disarmo","tag-nonviolenza","tag-pace","tag-resistenza"],"yoast_head":"<!-- This site is optimized with the Yoast SEO plugin v27.1.1 - https:\/\/yoast.com\/product\/yoast-seo-wordpress\/ -->\n<title>25 aprile 2022: Liberazione e disarmo, Resistenza e Nonviolenza<\/title>\n<meta name=\"description\" content=\"Abbiamo conosciuto e ascoltato chi ha fatto la Resistenza, partigiani, sfollati, deportati che ne sono usciti feriti nel corpo e nell\u2019anima per tutto il\" \/>\n<meta name=\"robots\" content=\"index, follow, max-snippet:-1, max-image-preview:large, max-video-preview:-1\" \/>\n<link rel=\"canonical\" href=\"https:\/\/www.pressenza.com\/it\/2022\/04\/25-aprile-2022-liberazione-e-disarmo-resistenza-e-nonviolenza\/\" \/>\n<meta property=\"og:locale\" content=\"it_IT\" \/>\n<meta property=\"og:type\" content=\"article\" \/>\n<meta property=\"og:title\" content=\"25 aprile 2022: Liberazione e disarmo, Resistenza e Nonviolenza\" \/>\n<meta property=\"og:description\" content=\"Abbiamo conosciuto e ascoltato chi ha fatto la Resistenza, partigiani, sfollati, deportati che ne sono usciti feriti nel corpo e nell\u2019anima per tutto il\" \/>\n<meta property=\"og:url\" content=\"https:\/\/www.pressenza.com\/it\/2022\/04\/25-aprile-2022-liberazione-e-disarmo-resistenza-e-nonviolenza\/\" \/>\n<meta property=\"og:site_name\" content=\"Pressenza\" \/>\n<meta property=\"article:publisher\" content=\"https:\/\/www.facebook.com\/PressenzaItalia\" \/>\n<meta property=\"article:published_time\" content=\"2022-04-23T09:45:42+00:00\" \/>\n<meta property=\"article:modified_time\" content=\"2022-04-23T13:33:16+00:00\" \/>\n<meta property=\"og:image\" content=\"https:\/\/www.pressenza.com\/wp-content\/uploads\/2022\/04\/Biani-25Aprile-resistenza-nonviolenza.jpg\" \/>\n\t<meta property=\"og:image:width\" content=\"1283\" \/>\n\t<meta property=\"og:image:height\" content=\"1447\" \/>\n\t<meta property=\"og:image:type\" content=\"image\/jpeg\" \/>\n<meta name=\"author\" content=\"Rete Italiana Pace e Disarmo\" \/>\n<meta name=\"twitter:card\" content=\"summary_large_image\" \/>\n<meta name=\"twitter:creator\" content=\"@PressenzaIPA\" \/>\n<meta name=\"twitter:site\" content=\"@PressenzaIPA\" \/>\n<meta name=\"twitter:label1\" content=\"Scritto da\" \/>\n\t<meta name=\"twitter:data1\" content=\"Rete Italiana Pace e Disarmo\" \/>\n\t<meta name=\"twitter:label2\" content=\"Tempo di lettura stimato\" \/>\n\t<meta name=\"twitter:data2\" content=\"3 minuti\" \/>\n<script type=\"application\/ld+json\" class=\"yoast-schema-graph\">{\"@context\":\"https:\/\/schema.org\",\"@graph\":[{\"@type\":\"Article\",\"@id\":\"https:\/\/www.pressenza.com\/it\/2022\/04\/25-aprile-2022-liberazione-e-disarmo-resistenza-e-nonviolenza\/#article\",\"isPartOf\":{\"@id\":\"https:\/\/www.pressenza.com\/it\/2022\/04\/25-aprile-2022-liberazione-e-disarmo-resistenza-e-nonviolenza\/\"},\"author\":{\"name\":\"Rete Italiana Pace e Disarmo\",\"@id\":\"https:\/\/www.pressenza.com\/it\/#\/schema\/person\/c697939f2f841af28d9c0be1521c28d1\"},\"headline\":\"25 aprile 2022: Liberazione e disarmo, Resistenza e Nonviolenza\",\"datePublished\":\"2022-04-23T09:45:42+00:00\",\"dateModified\":\"2022-04-23T13:33:16+00:00\",\"mainEntityOfPage\":{\"@id\":\"https:\/\/www.pressenza.com\/it\/2022\/04\/25-aprile-2022-liberazione-e-disarmo-resistenza-e-nonviolenza\/\"},\"wordCount\":534,\"publisher\":{\"@id\":\"https:\/\/www.pressenza.com\/it\/#organization\"},\"image\":{\"@id\":\"https:\/\/www.pressenza.com\/it\/2022\/04\/25-aprile-2022-liberazione-e-disarmo-resistenza-e-nonviolenza\/#primaryimage\"},\"thumbnailUrl\":\"https:\/\/www.pressenza.com\/wp-content\/uploads\/2022\/04\/Biani-25Aprile-resistenza-nonviolenza.jpg\",\"keywords\":[\"25 aprile\",\"disarmo\",\"nonviolenza\",\"Pace\",\"Resistenza\"],\"articleSection\":[\"Comunicati Stampa\",\"Nonviolenza\",\"Pace e Disarmo\"],\"inLanguage\":\"it-IT\"},{\"@type\":\"WebPage\",\"@id\":\"https:\/\/www.pressenza.com\/it\/2022\/04\/25-aprile-2022-liberazione-e-disarmo-resistenza-e-nonviolenza\/\",\"url\":\"https:\/\/www.pressenza.com\/it\/2022\/04\/25-aprile-2022-liberazione-e-disarmo-resistenza-e-nonviolenza\/\",\"name\":\"25 aprile 2022: Liberazione e disarmo, Resistenza e Nonviolenza\",\"isPartOf\":{\"@id\":\"https:\/\/www.pressenza.com\/it\/#website\"},\"primaryImageOfPage\":{\"@id\":\"https:\/\/www.pressenza.com\/it\/2022\/04\/25-aprile-2022-liberazione-e-disarmo-resistenza-e-nonviolenza\/#primaryimage\"},\"image\":{\"@id\":\"https:\/\/www.pressenza.com\/it\/2022\/04\/25-aprile-2022-liberazione-e-disarmo-resistenza-e-nonviolenza\/#primaryimage\"},\"thumbnailUrl\":\"https:\/\/www.pressenza.com\/wp-content\/uploads\/2022\/04\/Biani-25Aprile-resistenza-nonviolenza.jpg\",\"datePublished\":\"2022-04-23T09:45:42+00:00\",\"dateModified\":\"2022-04-23T13:33:16+00:00\",\"description\":\"Abbiamo conosciuto e ascoltato chi ha fatto la Resistenza, partigiani, sfollati, deportati che ne sono usciti feriti nel corpo e nell\u2019anima per tutto il\",\"breadcrumb\":{\"@id\":\"https:\/\/www.pressenza.com\/it\/2022\/04\/25-aprile-2022-liberazione-e-disarmo-resistenza-e-nonviolenza\/#breadcrumb\"},\"inLanguage\":\"it-IT\",\"potentialAction\":[{\"@type\":\"ReadAction\",\"target\":[\"https:\/\/www.pressenza.com\/it\/2022\/04\/25-aprile-2022-liberazione-e-disarmo-resistenza-e-nonviolenza\/\"]}]},{\"@type\":\"ImageObject\",\"inLanguage\":\"it-IT\",\"@id\":\"https:\/\/www.pressenza.com\/it\/2022\/04\/25-aprile-2022-liberazione-e-disarmo-resistenza-e-nonviolenza\/#primaryimage\",\"url\":\"https:\/\/www.pressenza.com\/wp-content\/uploads\/2022\/04\/Biani-25Aprile-resistenza-nonviolenza.jpg\",\"contentUrl\":\"https:\/\/www.pressenza.com\/wp-content\/uploads\/2022\/04\/Biani-25Aprile-resistenza-nonviolenza.jpg\",\"width\":1283,\"height\":1447},{\"@type\":\"BreadcrumbList\",\"@id\":\"https:\/\/www.pressenza.com\/it\/2022\/04\/25-aprile-2022-liberazione-e-disarmo-resistenza-e-nonviolenza\/#breadcrumb\",\"itemListElement\":[{\"@type\":\"ListItem\",\"position\":1,\"name\":\"Accueil\",\"item\":\"https:\/\/www.pressenza.com\/it\/\"},{\"@type\":\"ListItem\",\"position\":2,\"name\":\"25 aprile 2022: Liberazione e disarmo, Resistenza e Nonviolenza\"}]},{\"@type\":\"WebSite\",\"@id\":\"https:\/\/www.pressenza.com\/it\/#website\",\"url\":\"https:\/\/www.pressenza.com\/it\/\",\"name\":\"Pressenza\",\"description\":\"Agenzia di Stampa Internazionale\",\"publisher\":{\"@id\":\"https:\/\/www.pressenza.com\/it\/#organization\"},\"potentialAction\":[{\"@type\":\"SearchAction\",\"target\":{\"@type\":\"EntryPoint\",\"urlTemplate\":\"https:\/\/www.pressenza.com\/it\/?s={search_term_string}\"},\"query-input\":{\"@type\":\"PropertyValueSpecification\",\"valueRequired\":true,\"valueName\":\"search_term_string\"}}],\"inLanguage\":\"it-IT\"},{\"@type\":\"Organization\",\"@id\":\"https:\/\/www.pressenza.com\/it\/#organization\",\"name\":\"Pressenza\",\"url\":\"https:\/\/www.pressenza.com\/it\/\",\"logo\":{\"@type\":\"ImageObject\",\"inLanguage\":\"it-IT\",\"@id\":\"https:\/\/www.pressenza.com\/it\/#\/schema\/logo\/image\/\",\"url\":\"https:\/\/www.pressenza.com\/wp-content\/uploads\/2022\/10\/pressenza_logo_200x200.jpg\",\"contentUrl\":\"https:\/\/www.pressenza.com\/wp-content\/uploads\/2022\/10\/pressenza_logo_200x200.jpg\",\"width\":200,\"height\":200,\"caption\":\"Pressenza\"},\"image\":{\"@id\":\"https:\/\/www.pressenza.com\/it\/#\/schema\/logo\/image\/\"},\"sameAs\":[\"https:\/\/www.facebook.com\/PressenzaItalia\",\"https:\/\/x.com\/PressenzaIPA\"]},{\"@type\":\"Person\",\"@id\":\"https:\/\/www.pressenza.com\/it\/#\/schema\/person\/c697939f2f841af28d9c0be1521c28d1\",\"name\":\"Rete Italiana Pace e Disarmo\",\"description\":\"La Rete Italiana Pace e Disarmo nasce il 21 settembre 2020 dalla unificazione di due organismi storici del movimento pacifista e disarmista italiano: la Rete della Pace (fondata nel 2014) e la Rete Italiana Disarmo (fondata nel 2004). Entrambe le reti hanno potuto contare fin dalla loro fondazione sul sostegno di decine di associazioni, organizzazioni, sindacati, movimenti della societ\u00e0 civile italiana. Lo scopo \u00e8 quello di creare insieme la pace a partire dall\u2019unione delle nostre forze, degli obiettivi comuni, per rafforzare e far crescere il lavoro collettivo per la pace ed il disarmo.\",\"url\":\"https:\/\/www.pressenza.com\/it\/author\/rete-italiana-pace-e-disarmo\/\"}]}<\/script>\n<!-- \/ Yoast SEO plugin. -->","yoast_head_json":{"title":"25 aprile 2022: Liberazione e disarmo, Resistenza e Nonviolenza","description":"Abbiamo conosciuto e ascoltato chi ha fatto la Resistenza, partigiani, sfollati, deportati che ne sono usciti feriti nel corpo e nell\u2019anima per tutto il","robots":{"index":"index","follow":"follow","max-snippet":"max-snippet:-1","max-image-preview":"max-image-preview:large","max-video-preview":"max-video-preview:-1"},"canonical":"https:\/\/www.pressenza.com\/it\/2022\/04\/25-aprile-2022-liberazione-e-disarmo-resistenza-e-nonviolenza\/","og_locale":"it_IT","og_type":"article","og_title":"25 aprile 2022: Liberazione e disarmo, Resistenza e Nonviolenza","og_description":"Abbiamo conosciuto e ascoltato chi ha fatto la Resistenza, partigiani, sfollati, deportati che ne sono usciti feriti nel corpo e nell\u2019anima per tutto il","og_url":"https:\/\/www.pressenza.com\/it\/2022\/04\/25-aprile-2022-liberazione-e-disarmo-resistenza-e-nonviolenza\/","og_site_name":"Pressenza","article_publisher":"https:\/\/www.facebook.com\/PressenzaItalia","article_published_time":"2022-04-23T09:45:42+00:00","article_modified_time":"2022-04-23T13:33:16+00:00","og_image":[{"width":1283,"height":1447,"url":"https:\/\/www.pressenza.com\/wp-content\/uploads\/2022\/04\/Biani-25Aprile-resistenza-nonviolenza.jpg","type":"image\/jpeg"}],"author":"Rete Italiana Pace e Disarmo","twitter_card":"summary_large_image","twitter_creator":"@PressenzaIPA","twitter_site":"@PressenzaIPA","twitter_misc":{"Scritto da":"Rete Italiana Pace e Disarmo","Tempo di lettura stimato":"3 minuti"},"schema":{"@context":"https:\/\/schema.org","@graph":[{"@type":"Article","@id":"https:\/\/www.pressenza.com\/it\/2022\/04\/25-aprile-2022-liberazione-e-disarmo-resistenza-e-nonviolenza\/#article","isPartOf":{"@id":"https:\/\/www.pressenza.com\/it\/2022\/04\/25-aprile-2022-liberazione-e-disarmo-resistenza-e-nonviolenza\/"},"author":{"name":"Rete Italiana Pace e Disarmo","@id":"https:\/\/www.pressenza.com\/it\/#\/schema\/person\/c697939f2f841af28d9c0be1521c28d1"},"headline":"25 aprile 2022: Liberazione e disarmo, Resistenza e Nonviolenza","datePublished":"2022-04-23T09:45:42+00:00","dateModified":"2022-04-23T13:33:16+00:00","mainEntityOfPage":{"@id":"https:\/\/www.pressenza.com\/it\/2022\/04\/25-aprile-2022-liberazione-e-disarmo-resistenza-e-nonviolenza\/"},"wordCount":534,"publisher":{"@id":"https:\/\/www.pressenza.com\/it\/#organization"},"image":{"@id":"https:\/\/www.pressenza.com\/it\/2022\/04\/25-aprile-2022-liberazione-e-disarmo-resistenza-e-nonviolenza\/#primaryimage"},"thumbnailUrl":"https:\/\/www.pressenza.com\/wp-content\/uploads\/2022\/04\/Biani-25Aprile-resistenza-nonviolenza.jpg","keywords":["25 aprile","disarmo","nonviolenza","Pace","Resistenza"],"articleSection":["Comunicati Stampa","Nonviolenza","Pace e Disarmo"],"inLanguage":"it-IT"},{"@type":"WebPage","@id":"https:\/\/www.pressenza.com\/it\/2022\/04\/25-aprile-2022-liberazione-e-disarmo-resistenza-e-nonviolenza\/","url":"https:\/\/www.pressenza.com\/it\/2022\/04\/25-aprile-2022-liberazione-e-disarmo-resistenza-e-nonviolenza\/","name":"25 aprile 2022: Liberazione e disarmo, Resistenza e Nonviolenza","isPartOf":{"@id":"https:\/\/www.pressenza.com\/it\/#website"},"primaryImageOfPage":{"@id":"https:\/\/www.pressenza.com\/it\/2022\/04\/25-aprile-2022-liberazione-e-disarmo-resistenza-e-nonviolenza\/#primaryimage"},"image":{"@id":"https:\/\/www.pressenza.com\/it\/2022\/04\/25-aprile-2022-liberazione-e-disarmo-resistenza-e-nonviolenza\/#primaryimage"},"thumbnailUrl":"https:\/\/www.pressenza.com\/wp-content\/uploads\/2022\/04\/Biani-25Aprile-resistenza-nonviolenza.jpg","datePublished":"2022-04-23T09:45:42+00:00","dateModified":"2022-04-23T13:33:16+00:00","description":"Abbiamo conosciuto e ascoltato chi ha fatto la Resistenza, partigiani, sfollati, deportati che ne sono usciti feriti nel corpo e nell\u2019anima per tutto il","breadcrumb":{"@id":"https:\/\/www.pressenza.com\/it\/2022\/04\/25-aprile-2022-liberazione-e-disarmo-resistenza-e-nonviolenza\/#breadcrumb"},"inLanguage":"it-IT","potentialAction":[{"@type":"ReadAction","target":["https:\/\/www.pressenza.com\/it\/2022\/04\/25-aprile-2022-liberazione-e-disarmo-resistenza-e-nonviolenza\/"]}]},{"@type":"ImageObject","inLanguage":"it-IT","@id":"https:\/\/www.pressenza.com\/it\/2022\/04\/25-aprile-2022-liberazione-e-disarmo-resistenza-e-nonviolenza\/#primaryimage","url":"https:\/\/www.pressenza.com\/wp-content\/uploads\/2022\/04\/Biani-25Aprile-resistenza-nonviolenza.jpg","contentUrl":"https:\/\/www.pressenza.com\/wp-content\/uploads\/2022\/04\/Biani-25Aprile-resistenza-nonviolenza.jpg","width":1283,"height":1447},{"@type":"BreadcrumbList","@id":"https:\/\/www.pressenza.com\/it\/2022\/04\/25-aprile-2022-liberazione-e-disarmo-resistenza-e-nonviolenza\/#breadcrumb","itemListElement":[{"@type":"ListItem","position":1,"name":"Accueil","item":"https:\/\/www.pressenza.com\/it\/"},{"@type":"ListItem","position":2,"name":"25 aprile 2022: Liberazione e disarmo, Resistenza e Nonviolenza"}]},{"@type":"WebSite","@id":"https:\/\/www.pressenza.com\/it\/#website","url":"https:\/\/www.pressenza.com\/it\/","name":"Pressenza","description":"Agenzia di Stampa Internazionale","publisher":{"@id":"https:\/\/www.pressenza.com\/it\/#organization"},"potentialAction":[{"@type":"SearchAction","target":{"@type":"EntryPoint","urlTemplate":"https:\/\/www.pressenza.com\/it\/?s={search_term_string}"},"query-input":{"@type":"PropertyValueSpecification","valueRequired":true,"valueName":"search_term_string"}}],"inLanguage":"it-IT"},{"@type":"Organization","@id":"https:\/\/www.pressenza.com\/it\/#organization","name":"Pressenza","url":"https:\/\/www.pressenza.com\/it\/","logo":{"@type":"ImageObject","inLanguage":"it-IT","@id":"https:\/\/www.pressenza.com\/it\/#\/schema\/logo\/image\/","url":"https:\/\/www.pressenza.com\/wp-content\/uploads\/2022\/10\/pressenza_logo_200x200.jpg","contentUrl":"https:\/\/www.pressenza.com\/wp-content\/uploads\/2022\/10\/pressenza_logo_200x200.jpg","width":200,"height":200,"caption":"Pressenza"},"image":{"@id":"https:\/\/www.pressenza.com\/it\/#\/schema\/logo\/image\/"},"sameAs":["https:\/\/www.facebook.com\/PressenzaItalia","https:\/\/x.com\/PressenzaIPA"]},{"@type":"Person","@id":"https:\/\/www.pressenza.com\/it\/#\/schema\/person\/c697939f2f841af28d9c0be1521c28d1","name":"Rete Italiana Pace e Disarmo","description":"La Rete Italiana Pace e Disarmo nasce il 21 settembre 2020 dalla unificazione di due organismi storici del movimento pacifista e disarmista italiano: la Rete della Pace (fondata nel 2014) e la Rete Italiana Disarmo (fondata nel 2004). Entrambe le reti hanno potuto contare fin dalla loro fondazione sul sostegno di decine di associazioni, organizzazioni, sindacati, movimenti della societ\u00e0 civile italiana. Lo scopo \u00e8 quello di creare insieme la pace a partire dall\u2019unione delle nostre forze, degli obiettivi comuni, per rafforzare e far crescere il lavoro collettivo per la pace ed il disarmo.","url":"https:\/\/www.pressenza.com\/it\/author\/rete-italiana-pace-e-disarmo\/"}]}},"place":"","original_article_url":"","_links":{"self":[{"href":"https:\/\/www.pressenza.com\/it\/wp-json\/wp\/v2\/posts\/1569415","targetHints":{"allow":["GET"]}}],"collection":[{"href":"https:\/\/www.pressenza.com\/it\/wp-json\/wp\/v2\/posts"}],"about":[{"href":"https:\/\/www.pressenza.com\/it\/wp-json\/wp\/v2\/types\/post"}],"author":[{"embeddable":true,"href":"https:\/\/www.pressenza.com\/it\/wp-json\/wp\/v2\/users\/1931"}],"replies":[{"embeddable":true,"href":"https:\/\/www.pressenza.com\/it\/wp-json\/wp\/v2\/comments?post=1569415"}],"version-history":[{"count":0,"href":"https:\/\/www.pressenza.com\/it\/wp-json\/wp\/v2\/posts\/1569415\/revisions"}],"wp:featuredmedia":[{"embeddable":true,"href":"https:\/\/www.pressenza.com\/it\/wp-json\/wp\/v2\/media\/1569417"}],"wp:attachment":[{"href":"https:\/\/www.pressenza.com\/it\/wp-json\/wp\/v2\/media?parent=1569415"}],"wp:term":[{"taxonomy":"category","embeddable":true,"href":"https:\/\/www.pressenza.com\/it\/wp-json\/wp\/v2\/categories?post=1569415"},{"taxonomy":"post_tag","embeddable":true,"href":"https:\/\/www.pressenza.com\/it\/wp-json\/wp\/v2\/tags?post=1569415"}],"curies":[{"name":"wp","href":"https:\/\/api.w.org\/{rel}","templated":true}]}}