{"id":1569333,"date":"2022-04-23T09:26:38","date_gmt":"2022-04-23T08:26:38","guid":{"rendered":"https:\/\/www.pressenza.com\/?p=1569333"},"modified":"2022-04-23T09:26:38","modified_gmt":"2022-04-23T08:26:38","slug":"il-giardino-di-torricola-un-giardino-urbano-nel-cuore-di-roma-per-un-attivismo-rivoluzionario","status":"publish","type":"post","link":"https:\/\/www.pressenza.com\/it\/2022\/04\/il-giardino-di-torricola-un-giardino-urbano-nel-cuore-di-roma-per-un-attivismo-rivoluzionario\/","title":{"rendered":"Il Giardino di Torricola: un giardino urbano nel cuore di Roma per un attivismo rivoluzionario"},"content":{"rendered":"<p><em>Uno spazio di cura della terra e delle relazioni nel cuore della maggiore metropoli italiana, per dimostrare che i semi della sostenibilit\u00e0 possono germogliare ovunque e rigenerare ci\u00f2 che prima era senza vita. Vi portiamo a visitare il Giardino di Torricola, uno spazio verde che ospita persone, attivit\u00e0 e buone pratiche.<\/em><\/p>\n<p><u><a href=\"https:\/\/www.italiachecambia.org\/territori\/lazio\/roma\/\"><strong>Roma<\/strong><\/a><\/u>,\u00a0<u><a href=\"https:\/\/www.italiachecambia.org\/territori\/lazio\/\"><strong>Lazio<\/strong><\/a><\/u>\u00a0&#8211; Impegnarsi nei giardini urbani pu\u00f2 avere conseguenze rivoluzionarie. Sull\u2019Appia Antica, nel cuore di Roma c\u2019\u00e8 un esempio di come si possa recuperare spazi dismessi e luoghi naturali per farli diventare un\u2019alternativa di socialit\u00e0, arte e cultura:\u00a0<a href=\"https:\/\/www.italiachecambia.org\/mappa\/il-giardino-di-torricola\/\"><strong>il Giardino di Torricola<\/strong><\/a>, un luogo centrale del ritorno dell\u2019 attivismo e della rigenerazione urbana. Ci siamo fatti raccontare da Fausto D\u2019Angelo, presidente dell\u2019associazione che gestisce questo spazio, le peculiarit\u00e0 che caratterizzano il Giardino e le attivit\u00e0 che lo animano.<\/p>\n<p><strong>Cos\u2019\u00e8 il Giardino di Torricola?<\/strong><\/p>\n<p>Il Giardino di Torricola \u00e8 uno spazio condiviso ricavato dalla rivalutazione di un terreno agricolo rimasto in disuso per anni all\u2019interno del Parco dell\u2019 Appia Antica a Roma. La superfice complessiva \u00e8 di un ettaro, all\u2019interno del quale coesistono un uliveto, una vigna, un frutteto, un orto sociale, un pollaio, un forno in terra cruda, dei compost toilet e una struttura rimovibile per lo svolgimento di didattica e laboratori.<\/p>\n<p><strong>Come nasce questo progetto?<\/strong><\/p>\n<p>Nasce dalla voglia di provare a confrontarsi con la terra da parte di un piccolo gruppo di amici e dall\u2019idea di uno di noi di condividere uno spazio creando un\u2019associazione che se ne potesse prendere cura, svolgendo in gruppo il tanto lavoro da fare.<\/p>\n<p><strong>Quali sono le attivit\u00e0 che portate avanti?<\/strong><\/p>\n<p>La prima attivit\u00e0 che viene portata avanti \u00e8 la gestione a carattere agricolo dello spazio. Questa avviene sperimentando in prima persona, talvolta con la necessit\u00e0 di sbagliare, per poter acquisire in maniera graduale una sempre maggior consapevolezza e capacit\u00e0. Questo processo, ancora in divenire, rappresenta per noi il percorso di crescita di cui eravamo in cerca e il terreno di incontro con tutte le persone che ci hanno voluto aiutare, seguendoci o guidandoci a seconda dei casi.<\/p>\n<p>L\u2019associazione si propone come luogo di convivialit\u00e0, organizzando serate culturali e musicali; contenitore di progetti terzi, ospitando gli eventi di altre realt\u00e0 virtuose del territorio; luogo di apprendimento, attraverso l\u2019 organizzazione di corsi e laboratori di vario genere, attivit\u00e0 legate al benessere della persona e ospitando settimanalmente il progetto di scuola dell\u2019infanzia\u00a0<a href=\"https:\/\/www.operanazionalemontessori.it\/scuole-montessori\/scuole-montessori-in-italia\/32-lazio\/92-servizio-di-assistenza-domiciliare-all-infanzia-la-casa-operosa\"><strong>La Margherita \u2013 casa dei bambini Montessori<\/strong><\/a>.<\/p>\n<p><img loading=\"lazy\" decoding=\"async\" class=\"aligncenter wp-image-1569337 size-full\" src=\"https:\/\/www.pressenza.com\/wp-content\/uploads\/2022\/04\/giardino-di-torricola-bambini.jpg\" alt=\"\" width=\"1130\" height=\"753\" srcset=\"https:\/\/www.pressenza.com\/wp-content\/uploads\/2022\/04\/giardino-di-torricola-bambini.jpg 1130w, https:\/\/www.pressenza.com\/wp-content\/uploads\/2022\/04\/giardino-di-torricola-bambini-300x200.jpg 300w, https:\/\/www.pressenza.com\/wp-content\/uploads\/2022\/04\/giardino-di-torricola-bambini-820x546.jpg 820w\" sizes=\"auto, (max-width: 1130px) 100vw, 1130px\" \/><\/p>\n<p><strong>Quali sono le vostre finalit\u00e0?<\/strong><\/p>\n<p>Sentiamo che le nostre finalit\u00e0, per il momento, sono state perseguite e il nostro obbiettivo \u00e8 quello di proseguire sulla strada intrapresa, riuscendo a strutturarci maggiormente sia dal punto di vista amministrativo che da quello economico, per poter garantire ai membri pi\u00f9 attivi dell\u2019 associazione la possibilit\u00e0 di dedicarsi a tempo pieno al progetto.<\/p>\n<p><strong>Qual \u00e8 l\u2019impatto sul territorio del Giardino di Torricola?<\/strong><\/p>\n<p>La frequentazione del giardino \u00e8 assolutamente trasversale e abbraccia ogni fascia di et\u00e0 ed estrazione sociale. Questo \u00e8 per noi uno dei pi\u00f9 grandi successi ottenuti. L\u2019impatto principale, che sentiamo di aver generato intorno a noi \u00e8 quello di incentivare lo spirito di iniziativa. Inoltre stiamo dimostrando che nel terzo millennio l\u2019approccio a un fazzoletto di terra pu\u00f2 essere molto pi\u00f9 articolato rispetto a come facevano i nostri nonni, che pensavano solo a impiegarlo per coltivare.<\/p>\n<p>Oggi siamo in grado di mescolare loro saperi ai quelli sociali e manageriali sviluppati dalle recenti generazioni. Spazi come il nostro possono accentuare legami comunitari fra i cittadini e indurre a sperimentare nuovi stili di vita pi\u00f9 sostenibili. In particolare, l\u2019impegno nei giardini urbani pu\u00f2 attivare processi di azione coordinata fra le persone.<\/p>\n<p><strong>Qual \u00e8 il valore di un giardino urbano, oggi?<\/strong><\/p>\n<p>Il giardino urbano si collega a pratiche che hanno una presa indubbia sulla cultura contemporanea e, pur non mancando di eccessi ingenui, possono essere occasione per creare spazi di riflessione pi\u00f9 approfonditi. I giardini urbani ospitano un impegno diffuso, collegato alla difesa dei luoghi e al recupero di spazi dismessi che possono tornare a essere cornice alternativa di socialit\u00e0, arte e cultura.<\/p>\n<p><em>Il Giardino di Torricola \u00e8 uno spazio condiviso ricavato dalla rivalutazione di un terreno agricolo rimasto in disuso per anni.<\/em><\/p>\n<p><strong>Come si pu\u00f2 essere coinvolti concretamente alle vostre iniziative sia come attivisti che come partecipanti?<\/strong><\/p>\n<p>Il primo passo solitamente \u00e8 venirci a trovare! Si trovano tutti i riferimenti sulle pagine social del giardino o sul\u00a0<a href=\"http:\/\/www.ilgiardinoditorricola.com\/\"><strong>sito<\/strong><\/a>. Ci si pu\u00f2 associare direttamente per l\u2019 anno in corso e prenotarsi ad una delle attivit\u00e0 che proponiamo. Per diventare soci chiediamo di compilare il form disponibile a\u00a0<a href=\"https:\/\/docs.google.com\/forms\/d\/e\/1FAIpQLSdIm8-8WpRyJlfsroTob8Tse0SOccZlWIpdWHZqdgX0IQkG6w\/viewform\"><strong>questo link<\/strong><\/a>; dopo averlo fatto \u00e8 possibile richiedere di essere tenuti al corrente delle principali attivit\u00e0 in programma direttamente tramite WhatsApp.<\/p>\n<p>Per condividere idee e proposte di collaborazione si pu\u00f2 mandare una mail all\u2019 indirizzo il\u00a0<a href=\"mailto:giardinoditorricola@gmail.com\"><strong>giardinoditorricola@gmail.com<\/strong><\/a>. Se volete sporcarvi le mani e aiutare durante le attivit\u00e0 quotidiane di un luogo che \u00e8 molto pi\u00f9 che un semplice spazio verde, il Giardino di Torricola \u00e8 aperto dal Gioved\u00ec alla Domenica. (orario 10.00 \u2013 18.00). Basta voler mettersi in gioco e iniziare a giocare per un futuro urbano pi\u00f9 green e pi\u00f9 sostenibile!<\/p>\n","protected":false},"excerpt":{"rendered":"<p>Uno spazio di cura della terra e delle relazioni nel cuore della maggiore metropoli italiana, per dimostrare che i semi della sostenibilit\u00e0 possono germogliare ovunque e rigenerare ci\u00f2 che prima era senza vita. Vi portiamo a visitare il Giardino di&hellip;<\/p>\n","protected":false},"author":1156,"featured_media":1569347,"comment_status":"closed","ping_status":"closed","sticky":false,"template":"","format":"standard","meta":{"footnotes":""},"categories":[59,47],"tags":[7755,101348,101346,10543,69547,3873,101347],"class_list":["post-1569333","post","type-post","status-publish","format-standard","has-post-thumbnail","hentry","category-ambiente-ecologia","category-europa","tag-attivisti","tag-corsi","tag-giardino-di-torricola","tag-laboratori","tag-progetti","tag-roma","tag-spazio-condiviso"],"yoast_head":"<!-- This site is optimized with the Yoast SEO plugin v27.1.1 - https:\/\/yoast.com\/product\/yoast-seo-wordpress\/ -->\n<title>Il Giardino di Torricola: un giardino urbano nel cuore di Roma per un attivismo rivoluzionario<\/title>\n<meta name=\"description\" content=\"Uno spazio di cura della terra e delle relazioni nel cuore della maggiore metropoli italiana, per dimostrare che i semi della sostenibilit\u00e0 possono\" \/>\n<meta name=\"robots\" content=\"index, follow, max-snippet:-1, max-image-preview:large, max-video-preview:-1\" \/>\n<link rel=\"canonical\" href=\"https:\/\/www.pressenza.com\/it\/2022\/04\/il-giardino-di-torricola-un-giardino-urbano-nel-cuore-di-roma-per-un-attivismo-rivoluzionario\/\" \/>\n<meta property=\"og:locale\" content=\"it_IT\" \/>\n<meta property=\"og:type\" content=\"article\" \/>\n<meta property=\"og:title\" content=\"Il Giardino di Torricola: un giardino urbano nel cuore di Roma per un attivismo rivoluzionario\" \/>\n<meta property=\"og:description\" content=\"Uno spazio di cura della terra e delle relazioni nel cuore della maggiore metropoli italiana, per dimostrare che i semi della sostenibilit\u00e0 possono\" \/>\n<meta property=\"og:url\" content=\"https:\/\/www.pressenza.com\/it\/2022\/04\/il-giardino-di-torricola-un-giardino-urbano-nel-cuore-di-roma-per-un-attivismo-rivoluzionario\/\" \/>\n<meta property=\"og:site_name\" content=\"Pressenza\" \/>\n<meta property=\"article:publisher\" content=\"https:\/\/www.facebook.com\/PressenzaItalia\" \/>\n<meta property=\"article:published_time\" content=\"2022-04-23T08:26:38+00:00\" \/>\n<meta property=\"og:image\" content=\"https:\/\/www.pressenza.com\/wp-content\/uploads\/2022\/04\/giardino-di-torricola-2.jpg\" \/>\n\t<meta property=\"og:image:width\" content=\"1130\" \/>\n\t<meta property=\"og:image:height\" content=\"752\" \/>\n\t<meta property=\"og:image:type\" content=\"image\/jpeg\" \/>\n<meta name=\"author\" content=\"Italia che Cambia\" \/>\n<meta name=\"twitter:card\" content=\"summary_large_image\" \/>\n<meta name=\"twitter:creator\" content=\"@PressenzaIPA\" \/>\n<meta name=\"twitter:site\" content=\"@PressenzaIPA\" \/>\n<meta name=\"twitter:label1\" content=\"Scritto da\" \/>\n\t<meta name=\"twitter:data1\" content=\"Italia che Cambia\" \/>\n\t<meta name=\"twitter:label2\" content=\"Tempo di lettura stimato\" \/>\n\t<meta name=\"twitter:data2\" content=\"5 minuti\" \/>\n<script type=\"application\/ld+json\" class=\"yoast-schema-graph\">{\"@context\":\"https:\/\/schema.org\",\"@graph\":[{\"@type\":\"Article\",\"@id\":\"https:\/\/www.pressenza.com\/it\/2022\/04\/il-giardino-di-torricola-un-giardino-urbano-nel-cuore-di-roma-per-un-attivismo-rivoluzionario\/#article\",\"isPartOf\":{\"@id\":\"https:\/\/www.pressenza.com\/it\/2022\/04\/il-giardino-di-torricola-un-giardino-urbano-nel-cuore-di-roma-per-un-attivismo-rivoluzionario\/\"},\"author\":{\"name\":\"Italia che Cambia\",\"@id\":\"https:\/\/www.pressenza.com\/it\/#\/schema\/person\/26ae515434c753a9e88393ca1aba3b44\"},\"headline\":\"Il Giardino di Torricola: un giardino urbano nel cuore di Roma per un attivismo rivoluzionario\",\"datePublished\":\"2022-04-23T08:26:38+00:00\",\"mainEntityOfPage\":{\"@id\":\"https:\/\/www.pressenza.com\/it\/2022\/04\/il-giardino-di-torricola-un-giardino-urbano-nel-cuore-di-roma-per-un-attivismo-rivoluzionario\/\"},\"wordCount\":852,\"publisher\":{\"@id\":\"https:\/\/www.pressenza.com\/it\/#organization\"},\"image\":{\"@id\":\"https:\/\/www.pressenza.com\/it\/2022\/04\/il-giardino-di-torricola-un-giardino-urbano-nel-cuore-di-roma-per-un-attivismo-rivoluzionario\/#primaryimage\"},\"thumbnailUrl\":\"https:\/\/www.pressenza.com\/wp-content\/uploads\/2022\/04\/giardino-di-torricola-2.jpg\",\"keywords\":[\"attivisti\",\"corsi\",\"Giardino di Torricola\",\"laboratori\",\"progetti\",\"Roma\",\"spazio condiviso\"],\"articleSection\":[\"Ecologia ed Ambiente\",\"Europa\"],\"inLanguage\":\"it-IT\"},{\"@type\":\"WebPage\",\"@id\":\"https:\/\/www.pressenza.com\/it\/2022\/04\/il-giardino-di-torricola-un-giardino-urbano-nel-cuore-di-roma-per-un-attivismo-rivoluzionario\/\",\"url\":\"https:\/\/www.pressenza.com\/it\/2022\/04\/il-giardino-di-torricola-un-giardino-urbano-nel-cuore-di-roma-per-un-attivismo-rivoluzionario\/\",\"name\":\"Il Giardino di Torricola: un giardino urbano nel cuore di Roma per un attivismo rivoluzionario\",\"isPartOf\":{\"@id\":\"https:\/\/www.pressenza.com\/it\/#website\"},\"primaryImageOfPage\":{\"@id\":\"https:\/\/www.pressenza.com\/it\/2022\/04\/il-giardino-di-torricola-un-giardino-urbano-nel-cuore-di-roma-per-un-attivismo-rivoluzionario\/#primaryimage\"},\"image\":{\"@id\":\"https:\/\/www.pressenza.com\/it\/2022\/04\/il-giardino-di-torricola-un-giardino-urbano-nel-cuore-di-roma-per-un-attivismo-rivoluzionario\/#primaryimage\"},\"thumbnailUrl\":\"https:\/\/www.pressenza.com\/wp-content\/uploads\/2022\/04\/giardino-di-torricola-2.jpg\",\"datePublished\":\"2022-04-23T08:26:38+00:00\",\"description\":\"Uno spazio di cura della terra e delle relazioni nel cuore della maggiore metropoli italiana, per dimostrare che i semi della sostenibilit\u00e0 possono\",\"breadcrumb\":{\"@id\":\"https:\/\/www.pressenza.com\/it\/2022\/04\/il-giardino-di-torricola-un-giardino-urbano-nel-cuore-di-roma-per-un-attivismo-rivoluzionario\/#breadcrumb\"},\"inLanguage\":\"it-IT\",\"potentialAction\":[{\"@type\":\"ReadAction\",\"target\":[\"https:\/\/www.pressenza.com\/it\/2022\/04\/il-giardino-di-torricola-un-giardino-urbano-nel-cuore-di-roma-per-un-attivismo-rivoluzionario\/\"]}]},{\"@type\":\"ImageObject\",\"inLanguage\":\"it-IT\",\"@id\":\"https:\/\/www.pressenza.com\/it\/2022\/04\/il-giardino-di-torricola-un-giardino-urbano-nel-cuore-di-roma-per-un-attivismo-rivoluzionario\/#primaryimage\",\"url\":\"https:\/\/www.pressenza.com\/wp-content\/uploads\/2022\/04\/giardino-di-torricola-2.jpg\",\"contentUrl\":\"https:\/\/www.pressenza.com\/wp-content\/uploads\/2022\/04\/giardino-di-torricola-2.jpg\",\"width\":1130,\"height\":752},{\"@type\":\"BreadcrumbList\",\"@id\":\"https:\/\/www.pressenza.com\/it\/2022\/04\/il-giardino-di-torricola-un-giardino-urbano-nel-cuore-di-roma-per-un-attivismo-rivoluzionario\/#breadcrumb\",\"itemListElement\":[{\"@type\":\"ListItem\",\"position\":1,\"name\":\"Accueil\",\"item\":\"https:\/\/www.pressenza.com\/it\/\"},{\"@type\":\"ListItem\",\"position\":2,\"name\":\"Il Giardino di Torricola: un giardino urbano nel cuore di Roma per un attivismo rivoluzionario\"}]},{\"@type\":\"WebSite\",\"@id\":\"https:\/\/www.pressenza.com\/it\/#website\",\"url\":\"https:\/\/www.pressenza.com\/it\/\",\"name\":\"Pressenza\",\"description\":\"Agenzia di Stampa Internazionale\",\"publisher\":{\"@id\":\"https:\/\/www.pressenza.com\/it\/#organization\"},\"potentialAction\":[{\"@type\":\"SearchAction\",\"target\":{\"@type\":\"EntryPoint\",\"urlTemplate\":\"https:\/\/www.pressenza.com\/it\/?s={search_term_string}\"},\"query-input\":{\"@type\":\"PropertyValueSpecification\",\"valueRequired\":true,\"valueName\":\"search_term_string\"}}],\"inLanguage\":\"it-IT\"},{\"@type\":\"Organization\",\"@id\":\"https:\/\/www.pressenza.com\/it\/#organization\",\"name\":\"Pressenza\",\"url\":\"https:\/\/www.pressenza.com\/it\/\",\"logo\":{\"@type\":\"ImageObject\",\"inLanguage\":\"it-IT\",\"@id\":\"https:\/\/www.pressenza.com\/it\/#\/schema\/logo\/image\/\",\"url\":\"https:\/\/www.pressenza.com\/wp-content\/uploads\/2022\/10\/pressenza_logo_200x200.jpg\",\"contentUrl\":\"https:\/\/www.pressenza.com\/wp-content\/uploads\/2022\/10\/pressenza_logo_200x200.jpg\",\"width\":200,\"height\":200,\"caption\":\"Pressenza\"},\"image\":{\"@id\":\"https:\/\/www.pressenza.com\/it\/#\/schema\/logo\/image\/\"},\"sameAs\":[\"https:\/\/www.facebook.com\/PressenzaItalia\",\"https:\/\/x.com\/PressenzaIPA\"]},{\"@type\":\"Person\",\"@id\":\"https:\/\/www.pressenza.com\/it\/#\/schema\/person\/26ae515434c753a9e88393ca1aba3b44\",\"name\":\"Italia che Cambia\",\"description\":\"Italia che Cambia \u00e8 una testata giornalistica. Vogliamo creare strumenti che mettano insieme tutti gli attori silenziosi di quell\u2019Italia che esiste ma che attualmente \u00e8 invisibile dall\u2019esterno, perch\u00e9 ignorata dai mass media. Vogliamo raccontare e rappresentare quei milioni di cittadini fino ad oggi esclusi dai circuiti informativi, offrendogli allo stesso tempo una serie di servizi fondamentali alla valorizzazione e alla messa in rete delle loro azioni.\",\"url\":\"https:\/\/www.pressenza.com\/it\/author\/italia-che-cambia\/\"}]}<\/script>\n<!-- \/ Yoast SEO plugin. -->","yoast_head_json":{"title":"Il Giardino di Torricola: un giardino urbano nel cuore di Roma per un attivismo rivoluzionario","description":"Uno spazio di cura della terra e delle relazioni nel cuore della maggiore metropoli italiana, per dimostrare che i semi della sostenibilit\u00e0 possono","robots":{"index":"index","follow":"follow","max-snippet":"max-snippet:-1","max-image-preview":"max-image-preview:large","max-video-preview":"max-video-preview:-1"},"canonical":"https:\/\/www.pressenza.com\/it\/2022\/04\/il-giardino-di-torricola-un-giardino-urbano-nel-cuore-di-roma-per-un-attivismo-rivoluzionario\/","og_locale":"it_IT","og_type":"article","og_title":"Il Giardino di Torricola: un giardino urbano nel cuore di Roma per un attivismo rivoluzionario","og_description":"Uno spazio di cura della terra e delle relazioni nel cuore della maggiore metropoli italiana, per dimostrare che i semi della sostenibilit\u00e0 possono","og_url":"https:\/\/www.pressenza.com\/it\/2022\/04\/il-giardino-di-torricola-un-giardino-urbano-nel-cuore-di-roma-per-un-attivismo-rivoluzionario\/","og_site_name":"Pressenza","article_publisher":"https:\/\/www.facebook.com\/PressenzaItalia","article_published_time":"2022-04-23T08:26:38+00:00","og_image":[{"width":1130,"height":752,"url":"https:\/\/www.pressenza.com\/wp-content\/uploads\/2022\/04\/giardino-di-torricola-2.jpg","type":"image\/jpeg"}],"author":"Italia che Cambia","twitter_card":"summary_large_image","twitter_creator":"@PressenzaIPA","twitter_site":"@PressenzaIPA","twitter_misc":{"Scritto da":"Italia che Cambia","Tempo di lettura stimato":"5 minuti"},"schema":{"@context":"https:\/\/schema.org","@graph":[{"@type":"Article","@id":"https:\/\/www.pressenza.com\/it\/2022\/04\/il-giardino-di-torricola-un-giardino-urbano-nel-cuore-di-roma-per-un-attivismo-rivoluzionario\/#article","isPartOf":{"@id":"https:\/\/www.pressenza.com\/it\/2022\/04\/il-giardino-di-torricola-un-giardino-urbano-nel-cuore-di-roma-per-un-attivismo-rivoluzionario\/"},"author":{"name":"Italia che Cambia","@id":"https:\/\/www.pressenza.com\/it\/#\/schema\/person\/26ae515434c753a9e88393ca1aba3b44"},"headline":"Il Giardino di Torricola: un giardino urbano nel cuore di Roma per un attivismo rivoluzionario","datePublished":"2022-04-23T08:26:38+00:00","mainEntityOfPage":{"@id":"https:\/\/www.pressenza.com\/it\/2022\/04\/il-giardino-di-torricola-un-giardino-urbano-nel-cuore-di-roma-per-un-attivismo-rivoluzionario\/"},"wordCount":852,"publisher":{"@id":"https:\/\/www.pressenza.com\/it\/#organization"},"image":{"@id":"https:\/\/www.pressenza.com\/it\/2022\/04\/il-giardino-di-torricola-un-giardino-urbano-nel-cuore-di-roma-per-un-attivismo-rivoluzionario\/#primaryimage"},"thumbnailUrl":"https:\/\/www.pressenza.com\/wp-content\/uploads\/2022\/04\/giardino-di-torricola-2.jpg","keywords":["attivisti","corsi","Giardino di Torricola","laboratori","progetti","Roma","spazio condiviso"],"articleSection":["Ecologia ed Ambiente","Europa"],"inLanguage":"it-IT"},{"@type":"WebPage","@id":"https:\/\/www.pressenza.com\/it\/2022\/04\/il-giardino-di-torricola-un-giardino-urbano-nel-cuore-di-roma-per-un-attivismo-rivoluzionario\/","url":"https:\/\/www.pressenza.com\/it\/2022\/04\/il-giardino-di-torricola-un-giardino-urbano-nel-cuore-di-roma-per-un-attivismo-rivoluzionario\/","name":"Il Giardino di Torricola: un giardino urbano nel cuore di Roma per un attivismo rivoluzionario","isPartOf":{"@id":"https:\/\/www.pressenza.com\/it\/#website"},"primaryImageOfPage":{"@id":"https:\/\/www.pressenza.com\/it\/2022\/04\/il-giardino-di-torricola-un-giardino-urbano-nel-cuore-di-roma-per-un-attivismo-rivoluzionario\/#primaryimage"},"image":{"@id":"https:\/\/www.pressenza.com\/it\/2022\/04\/il-giardino-di-torricola-un-giardino-urbano-nel-cuore-di-roma-per-un-attivismo-rivoluzionario\/#primaryimage"},"thumbnailUrl":"https:\/\/www.pressenza.com\/wp-content\/uploads\/2022\/04\/giardino-di-torricola-2.jpg","datePublished":"2022-04-23T08:26:38+00:00","description":"Uno spazio di cura della terra e delle relazioni nel cuore della maggiore metropoli italiana, per dimostrare che i semi della sostenibilit\u00e0 possono","breadcrumb":{"@id":"https:\/\/www.pressenza.com\/it\/2022\/04\/il-giardino-di-torricola-un-giardino-urbano-nel-cuore-di-roma-per-un-attivismo-rivoluzionario\/#breadcrumb"},"inLanguage":"it-IT","potentialAction":[{"@type":"ReadAction","target":["https:\/\/www.pressenza.com\/it\/2022\/04\/il-giardino-di-torricola-un-giardino-urbano-nel-cuore-di-roma-per-un-attivismo-rivoluzionario\/"]}]},{"@type":"ImageObject","inLanguage":"it-IT","@id":"https:\/\/www.pressenza.com\/it\/2022\/04\/il-giardino-di-torricola-un-giardino-urbano-nel-cuore-di-roma-per-un-attivismo-rivoluzionario\/#primaryimage","url":"https:\/\/www.pressenza.com\/wp-content\/uploads\/2022\/04\/giardino-di-torricola-2.jpg","contentUrl":"https:\/\/www.pressenza.com\/wp-content\/uploads\/2022\/04\/giardino-di-torricola-2.jpg","width":1130,"height":752},{"@type":"BreadcrumbList","@id":"https:\/\/www.pressenza.com\/it\/2022\/04\/il-giardino-di-torricola-un-giardino-urbano-nel-cuore-di-roma-per-un-attivismo-rivoluzionario\/#breadcrumb","itemListElement":[{"@type":"ListItem","position":1,"name":"Accueil","item":"https:\/\/www.pressenza.com\/it\/"},{"@type":"ListItem","position":2,"name":"Il Giardino di Torricola: un giardino urbano nel cuore di Roma per un attivismo rivoluzionario"}]},{"@type":"WebSite","@id":"https:\/\/www.pressenza.com\/it\/#website","url":"https:\/\/www.pressenza.com\/it\/","name":"Pressenza","description":"Agenzia di Stampa Internazionale","publisher":{"@id":"https:\/\/www.pressenza.com\/it\/#organization"},"potentialAction":[{"@type":"SearchAction","target":{"@type":"EntryPoint","urlTemplate":"https:\/\/www.pressenza.com\/it\/?s={search_term_string}"},"query-input":{"@type":"PropertyValueSpecification","valueRequired":true,"valueName":"search_term_string"}}],"inLanguage":"it-IT"},{"@type":"Organization","@id":"https:\/\/www.pressenza.com\/it\/#organization","name":"Pressenza","url":"https:\/\/www.pressenza.com\/it\/","logo":{"@type":"ImageObject","inLanguage":"it-IT","@id":"https:\/\/www.pressenza.com\/it\/#\/schema\/logo\/image\/","url":"https:\/\/www.pressenza.com\/wp-content\/uploads\/2022\/10\/pressenza_logo_200x200.jpg","contentUrl":"https:\/\/www.pressenza.com\/wp-content\/uploads\/2022\/10\/pressenza_logo_200x200.jpg","width":200,"height":200,"caption":"Pressenza"},"image":{"@id":"https:\/\/www.pressenza.com\/it\/#\/schema\/logo\/image\/"},"sameAs":["https:\/\/www.facebook.com\/PressenzaItalia","https:\/\/x.com\/PressenzaIPA"]},{"@type":"Person","@id":"https:\/\/www.pressenza.com\/it\/#\/schema\/person\/26ae515434c753a9e88393ca1aba3b44","name":"Italia che Cambia","description":"Italia che Cambia \u00e8 una testata giornalistica. Vogliamo creare strumenti che mettano insieme tutti gli attori silenziosi di quell\u2019Italia che esiste ma che attualmente \u00e8 invisibile dall\u2019esterno, perch\u00e9 ignorata dai mass media. Vogliamo raccontare e rappresentare quei milioni di cittadini fino ad oggi esclusi dai circuiti informativi, offrendogli allo stesso tempo una serie di servizi fondamentali alla valorizzazione e alla messa in rete delle loro azioni.","url":"https:\/\/www.pressenza.com\/it\/author\/italia-che-cambia\/"}]}},"place":"Brunella Bonetti","original_article_url":"https:\/\/www.italiachecambia.org\/2022\/04\/giardino-di-torricola-roma\/","_links":{"self":[{"href":"https:\/\/www.pressenza.com\/it\/wp-json\/wp\/v2\/posts\/1569333","targetHints":{"allow":["GET"]}}],"collection":[{"href":"https:\/\/www.pressenza.com\/it\/wp-json\/wp\/v2\/posts"}],"about":[{"href":"https:\/\/www.pressenza.com\/it\/wp-json\/wp\/v2\/types\/post"}],"author":[{"embeddable":true,"href":"https:\/\/www.pressenza.com\/it\/wp-json\/wp\/v2\/users\/1156"}],"replies":[{"embeddable":true,"href":"https:\/\/www.pressenza.com\/it\/wp-json\/wp\/v2\/comments?post=1569333"}],"version-history":[{"count":0,"href":"https:\/\/www.pressenza.com\/it\/wp-json\/wp\/v2\/posts\/1569333\/revisions"}],"wp:featuredmedia":[{"embeddable":true,"href":"https:\/\/www.pressenza.com\/it\/wp-json\/wp\/v2\/media\/1569347"}],"wp:attachment":[{"href":"https:\/\/www.pressenza.com\/it\/wp-json\/wp\/v2\/media?parent=1569333"}],"wp:term":[{"taxonomy":"category","embeddable":true,"href":"https:\/\/www.pressenza.com\/it\/wp-json\/wp\/v2\/categories?post=1569333"},{"taxonomy":"post_tag","embeddable":true,"href":"https:\/\/www.pressenza.com\/it\/wp-json\/wp\/v2\/tags?post=1569333"}],"curies":[{"name":"wp","href":"https:\/\/api.w.org\/{rel}","templated":true}]}}