{"id":1568757,"date":"2022-04-22T10:42:11","date_gmt":"2022-04-22T09:42:11","guid":{"rendered":"https:\/\/www.pressenza.com\/?p=1568757"},"modified":"2022-04-22T20:52:24","modified_gmt":"2022-04-22T19:52:24","slug":"il-processo-ad-andrea-costa-e-un-fatto-politico","status":"publish","type":"post","link":"https:\/\/www.pressenza.com\/it\/2022\/04\/il-processo-ad-andrea-costa-e-un-fatto-politico\/","title":{"rendered":"Il processo ad Andrea Costa \u00e8 un fatto politico"},"content":{"rendered":"<p><strong><em>L\u2019accusa di favoreggiamento dell\u2019immigrazione clandestina ad Andrea Costa, Presidente di Baobab Experience, ha basi infondate. Fa parte del piano politico di criminalizzazione della solidariet\u00e0 che ha colpito associazioni di volontariato e ONG dedicate all\u2019aiuto e al salvataggio dei migranti. <\/em><\/strong><\/p>\n<p>Il processo ad Andrea Costa \u00e8 un fatto politico. Lo ha detto ieri Alice Basiglini, portavoce di Baobab Experience, alla conferenza stampa ospitata a Roma dall\u2019Associazione Stampa Estera, a due settimane dalla prossima udienza che potrebbe chiudersi con una condanna in primo grado nei confronti del presidente dell\u2019associazione. L\u2019accusa \u00e8 di favoreggiamento dell\u2019immigrazione clandestina. Nel 2016 Andrea Costa avrebbe donato, insieme ad alcuni volontari, pochi euro per comprare biglietti del pullman per Genova a 9 migranti originari del Sudan e del Ciad, diretti al campo della Croce Rossa di Ventimiglia. Un gesto di solidariet\u00e0 e di aiuto a delle persone che Baobab non era in grado di ospitare nel presidio umanitario di via Cupa a Roma, da poco forzatamente sgomberato.<\/p>\n<p><img loading=\"lazy\" decoding=\"async\" class=\"aligncenter wp-image-1568808 size-full\" src=\"https:\/\/www.pressenza.com\/wp-content\/uploads\/2022\/04\/conferenza-stampa-Boabab.jpg\" alt=\"\" width=\"640\" height=\"425\" srcset=\"https:\/\/www.pressenza.com\/wp-content\/uploads\/2022\/04\/conferenza-stampa-Boabab.jpg 640w, https:\/\/www.pressenza.com\/wp-content\/uploads\/2022\/04\/conferenza-stampa-Boabab-300x199.jpg 300w\" sizes=\"auto, (max-width: 640px) 100vw, 640px\" \/><\/p>\n<p>I nove giovani migranti erano stati opportunamente identificati e godevano del pieno diritto di muoversi sul territorio italiano &#8211; sia Genova che Ventimiglia sono sul territorio nazionale. Le accuse infondate rientrerebbero nell\u2019ondata di criminalizzazione della solidariet\u00e0 iniziata nel 2015, che ha rappresentato un vero e proprio attacco politico contro i migranti e tutto il settore di volontariato che sopperisce alle carenze dell\u2019accoglienza in Italia.<\/p>\n<p><strong>La solidariet\u00e0 \u00e8 diventata un crimine<\/strong><\/p>\n<p>Il 3 maggio verr\u00e0 pronunciata dal giudice la sentenza in primo grado. Per la sua azione umanitaria, Andrea Costa rischia dai 6 ai 18 anni di carcere. A prescindere dall\u2019esito positivo o meno del processo, comunque una grossa parte di Baobab Experience, cos\u00ec come di molte associazioni di volontari che aiutano i migranti, \u00e8 gravemente danneggiata.<\/p>\n<p>La criminalizzazione della solidariet\u00e0, iniziata con la caccia alle streghe contro le ONG che salvano i migranti in Mar Mediterraneo, \u00e8 la macchina del fango che ha travolto in diversi modi organizzazioni, associazioni e anche singoli cittadini volontari che si adoperano ad aiutare persone che scappano da guerre, da povert\u00e0 e da condizioni di vita inconciliabili con l\u2018esistenza.<\/p>\n<p>Un fatto politico mirato a colpire le migrazioni e i migranti, dunque, ha dichiarato Alice Basiglini, cos\u00ec come \u00e8 un fatto politico aprire le frontiere a profughi e rifugiati di una data nazionalit\u00e0 e chiuderle ad altri, come vediamo in questi giorni con i cittadini ucraini, mentre i profughi afghani vivono ammassati nei campi lungo la rotta balcanica.<\/p>\n<p>La portavoce di Baobab ha continuato a spiegare: \u201cAltro fatto politico \u00e8 aver abdicato completamente al soccorso nel Mar Mediterraneo mentre migliaia di persone continuano a perdere la vita ed \u00e8 un fatto politico l\u2019aver definito le ONG del soccorso in mare \u00a0\u2018taxi del mare\u2019. \u00c8 una guerra di logoramento basata su questa assurda equiparazione tra trafficanti di esseri umani e chi invece lotta contro la tratta e il traffico di esseri umani con un impegno quotidiano sul campo. Tutti i volontari e le volontarie di Baobab Experience sono con Andrea Costa. Senza alcuna retorica, se Andrea \u00e8 colpevole lo siamo tutte e tutti\u201d.<\/p>\n<p><strong>Favoreggiamento all\u2019immigrazione clandestina: un processo alle intenzioni<\/strong><\/p>\n<p>Alice Basiglini ha inoltre messo in luce gli equivoci della configurazione del reato di favoreggiamento dell\u2019immigrazione clandestina nella giurisprudenza italiana: \u201cIl reato di favoreggiamento dell\u2019immigrazione clandestina, cos\u00ec come \u00e8 disciplinato dal nostro ordinamento in maniera opaca, in maniera equivoca, \u00e8 un fatto politico, al quale nessun governo di nessun colore ha finora posto rimedio. Cos\u00ec\u00a0 numerosi attivisti si trovano continuamente infangati e criminalizzati, mentre nessun trafficante ad oggi \u00e8 stato consegnato alla giustizia. Il reato di favoreggiamento dell\u2019immigrazione clandestina \u00e8 un reato di pericolo. Perch\u00e9 si configuri \u00e8 sufficiente che vengano poste in essere delle azioni come agevolare il valico di una frontiera; non \u00e8 nemmeno necessario che questa frontiera venga o meno superata. \u00c8 di fatto un processo alle intenzioni\u201d.<\/p>\n<p><strong>Baobab \u00e8 il nemico numero uno dei trafficanti<\/strong><\/p>\n<p>\u201cQuando, nel 2015, abbiamo cominciato ad aiutare donne, uomini, ragazzi e ragazze in Via Cupa, nessuno pensava che ci saremmo ritrovati qui\u201d. Cos\u00ec ha esordito Andrea Costa quando ha preso la parola. Il Presidente di Baobab Experience ha evidenziato come l\u2019associazione negli anni ha allacciato collaborazioni e legami con piccole e grandi organizzazioni italiane e internazionali, con le quali ha condiviso e condivide progetti e missioni. Allo stesso tempo ha lavorato congiuntamente con le Forze dell\u2019Ordine. Cos\u00ec come tutte le organizzazioni umanitarie europee che si occupano di migranti, Baobab \u00e8 il nemico numero uno dei trafficanti.<\/p>\n<p>Altro aspetto su cui Costa ha posto l\u2019accento \u00e8 l\u2019attivit\u00e0 a titolo di volontariato di tutti coloro che operano in Baobab. Un dettaglio importante che ha fatto crollare i tentativi di accusa di associazione a delinquere. Cos\u00ec come i risultati dei controlli bancari hanno dimostrato che l\u2019organizzazione \u00e8 addirittura andata in perdita.<\/p>\n<p>\u201cAbbiamo fatto tutto sempre alla luce del sole e non \u00e8 solo una frase metaforica \u2013 ha detto il Presidente di Baobab &#8211; perch\u00e9 siamo in strada dal 2015. Non abbiamo mai dovuto nascondere nulla di quello che facciamo\u201d.<\/p>\n<p><strong>Andrea Costa: \u201cAiutiamo senza fare domande\u201d<\/strong><\/p>\n<p>Andrea Costa ha poi spiegato: \u201cNoi non chiediamo quando siamo in strada da che paese vieni o se la tua \u00e8 pi\u00f9 guerra o meno guerra. N\u00e9 misuriamo il colore della pelle\u201d.<\/p>\n<p>Il presidente di Baobab \u00e8 da poco tornato dalla Moldavia, al confine con l\u2019Ucraina, dove ha portato aiuto. \u201cSiamo orgogliosi di averlo fatto con mamme e bambini &#8211; ha raccontato &#8211; ai quali non abbiamo chiesto n\u00e9 come si ponessero rispetto al tema della guerra, n\u00e9 da quale zona provenissero. Abbiamo attraversato cinque frontiere di cui due extracomunitarie, con il sorriso, la compiacenza, l\u2019applauso delle autorit\u00e0, delle istituzioni, delle guardie di frontiera. Eravamo molto felici che si fosse arrivati a questo. Il tutto strideva molto con il fatto che a Roma invece ci troviamo a dover affrontare un processo con un\u2019accusa di favoreggiamento all\u2019immigrazione clandestina. Io ancora non ho capito quale sia il reato\u201d.<\/p>\n<p>L\u2019intero settore di organizzazioni e volontari che aiutano i migranti sta sostenendo Andrea Costa. \u201cAbbiamo ricevuto moltissima solidariet\u00e0 \u2013 ha detto &#8211; e questo ci ha fatto molto piacere, ma ne avremmo fatto volentieri a meno. La solidariet\u00e0 va portata alle persone, che arrivino o dall\u2019Ucraina o dal Corno d\u2019Africa o dall\u2019Afghanistan, come le migliaia di persone che proviamo ad aiutare e vengono bloccate, respinte violentemente dall\u2019Europa al confine tra Bosnia e Croazia. Loro hanno bisogno di solidariet\u00e0\u201d.<\/p>\n<p>&nbsp;<\/p>\n","protected":false},"excerpt":{"rendered":"<p>L\u2019accusa di favoreggiamento dell\u2019immigrazione clandestina ad Andrea Costa, Presidente di Baobab Experience, ha basi infondate. Fa parte del piano politico di criminalizzazione della solidariet\u00e0 che ha colpito associazioni di volontariato e ONG dedicate all\u2019aiuto e al salvataggio dei migranti. Il&hellip;<\/p>\n","protected":false},"author":594,"featured_media":1568758,"comment_status":"closed","ping_status":"closed","sticky":false,"template":"","format":"standard","meta":{"footnotes":""},"categories":[11388,47,54572],"tags":[101260,33132,45354,83504,3783,39873],"class_list":["post-1568757","post","type-post","status-publish","format-standard","has-post-thumbnail","hentry","category-contenuti-originali","category-europa","category-migranti","tag-andrea-costa","tag-baobab-experience","tag-criminalizzazione-della-solidarieta","tag-favoreggiamento-dellimmigrazione-clandestina","tag-processo","tag-trafficanti"],"yoast_head":"<!-- This site is optimized with the Yoast SEO plugin v27.1.1 - https:\/\/yoast.com\/product\/yoast-seo-wordpress\/ -->\n<title>Il processo ad Andrea Costa \u00e8 un fatto politico<\/title>\n<meta name=\"description\" content=\"L\u2019accusa di favoreggiamento dell\u2019immigrazione clandestina ad Andrea Costa, Presidente di Baobab Experience, ha basi infondate. Fa parte del piano politico\" \/>\n<meta name=\"robots\" content=\"index, follow, max-snippet:-1, max-image-preview:large, max-video-preview:-1\" \/>\n<link rel=\"canonical\" href=\"https:\/\/www.pressenza.com\/it\/2022\/04\/il-processo-ad-andrea-costa-e-un-fatto-politico\/\" \/>\n<meta property=\"og:locale\" content=\"it_IT\" \/>\n<meta property=\"og:type\" content=\"article\" \/>\n<meta property=\"og:title\" content=\"Il processo ad Andrea Costa \u00e8 un fatto politico\" \/>\n<meta property=\"og:description\" content=\"L\u2019accusa di favoreggiamento dell\u2019immigrazione clandestina ad Andrea Costa, Presidente di Baobab Experience, ha basi infondate. Fa parte del piano politico\" \/>\n<meta property=\"og:url\" content=\"https:\/\/www.pressenza.com\/it\/2022\/04\/il-processo-ad-andrea-costa-e-un-fatto-politico\/\" \/>\n<meta property=\"og:site_name\" content=\"Pressenza\" \/>\n<meta property=\"article:publisher\" content=\"https:\/\/www.facebook.com\/PressenzaItalia\" \/>\n<meta property=\"article:author\" content=\"https:\/\/www.facebook.com\/PressenzaItalia\" \/>\n<meta property=\"article:published_time\" content=\"2022-04-22T09:42:11+00:00\" \/>\n<meta property=\"article:modified_time\" content=\"2022-04-22T19:52:24+00:00\" \/>\n<meta property=\"og:image\" content=\"https:\/\/www.pressenza.com\/wp-content\/uploads\/2022\/04\/sono-tutti-profughi-veri-Baobab-experience.jpg\" \/>\n\t<meta property=\"og:image:width\" content=\"1600\" \/>\n\t<meta property=\"og:image:height\" content=\"900\" \/>\n\t<meta property=\"og:image:type\" content=\"image\/jpeg\" \/>\n<meta name=\"author\" content=\"Redazione Italia\" \/>\n<meta name=\"twitter:card\" content=\"summary_large_image\" \/>\n<meta name=\"twitter:creator\" content=\"@pressenza_it\" \/>\n<meta name=\"twitter:site\" content=\"@PressenzaIPA\" \/>\n<meta name=\"twitter:label1\" content=\"Scritto da\" \/>\n\t<meta name=\"twitter:data1\" content=\"Redazione Italia\" \/>\n\t<meta name=\"twitter:label2\" content=\"Tempo di lettura stimato\" \/>\n\t<meta name=\"twitter:data2\" content=\"6 minuti\" \/>\n<script type=\"application\/ld+json\" class=\"yoast-schema-graph\">{\"@context\":\"https:\/\/schema.org\",\"@graph\":[{\"@type\":\"Article\",\"@id\":\"https:\/\/www.pressenza.com\/it\/2022\/04\/il-processo-ad-andrea-costa-e-un-fatto-politico\/#article\",\"isPartOf\":{\"@id\":\"https:\/\/www.pressenza.com\/it\/2022\/04\/il-processo-ad-andrea-costa-e-un-fatto-politico\/\"},\"author\":{\"name\":\"Redazione Italia\",\"@id\":\"https:\/\/www.pressenza.com\/it\/#\/schema\/person\/d983e81827ae24f2c7b1a2123d197f8d\"},\"headline\":\"Il processo ad Andrea Costa \u00e8 un fatto politico\",\"datePublished\":\"2022-04-22T09:42:11+00:00\",\"dateModified\":\"2022-04-22T19:52:24+00:00\",\"mainEntityOfPage\":{\"@id\":\"https:\/\/www.pressenza.com\/it\/2022\/04\/il-processo-ad-andrea-costa-e-un-fatto-politico\/\"},\"wordCount\":1063,\"publisher\":{\"@id\":\"https:\/\/www.pressenza.com\/it\/#organization\"},\"image\":{\"@id\":\"https:\/\/www.pressenza.com\/it\/2022\/04\/il-processo-ad-andrea-costa-e-un-fatto-politico\/#primaryimage\"},\"thumbnailUrl\":\"https:\/\/www.pressenza.com\/wp-content\/uploads\/2022\/04\/sono-tutti-profughi-veri-Baobab-experience.jpg\",\"keywords\":[\"Andrea Costa\",\"Baobab Experience\",\"criminalizzazione della solidariet\u00e0\",\"favoreggiamento dell\u2019immigrazione clandestina\",\"processo\",\"trafficanti\"],\"articleSection\":[\"contenuti originali\",\"Europa\",\"Migranti\"],\"inLanguage\":\"it-IT\"},{\"@type\":\"WebPage\",\"@id\":\"https:\/\/www.pressenza.com\/it\/2022\/04\/il-processo-ad-andrea-costa-e-un-fatto-politico\/\",\"url\":\"https:\/\/www.pressenza.com\/it\/2022\/04\/il-processo-ad-andrea-costa-e-un-fatto-politico\/\",\"name\":\"Il processo ad Andrea Costa \u00e8 un fatto politico\",\"isPartOf\":{\"@id\":\"https:\/\/www.pressenza.com\/it\/#website\"},\"primaryImageOfPage\":{\"@id\":\"https:\/\/www.pressenza.com\/it\/2022\/04\/il-processo-ad-andrea-costa-e-un-fatto-politico\/#primaryimage\"},\"image\":{\"@id\":\"https:\/\/www.pressenza.com\/it\/2022\/04\/il-processo-ad-andrea-costa-e-un-fatto-politico\/#primaryimage\"},\"thumbnailUrl\":\"https:\/\/www.pressenza.com\/wp-content\/uploads\/2022\/04\/sono-tutti-profughi-veri-Baobab-experience.jpg\",\"datePublished\":\"2022-04-22T09:42:11+00:00\",\"dateModified\":\"2022-04-22T19:52:24+00:00\",\"description\":\"L\u2019accusa di favoreggiamento dell\u2019immigrazione clandestina ad Andrea Costa, Presidente di Baobab Experience, ha basi infondate. Fa parte del piano politico\",\"breadcrumb\":{\"@id\":\"https:\/\/www.pressenza.com\/it\/2022\/04\/il-processo-ad-andrea-costa-e-un-fatto-politico\/#breadcrumb\"},\"inLanguage\":\"it-IT\",\"potentialAction\":[{\"@type\":\"ReadAction\",\"target\":[\"https:\/\/www.pressenza.com\/it\/2022\/04\/il-processo-ad-andrea-costa-e-un-fatto-politico\/\"]}]},{\"@type\":\"ImageObject\",\"inLanguage\":\"it-IT\",\"@id\":\"https:\/\/www.pressenza.com\/it\/2022\/04\/il-processo-ad-andrea-costa-e-un-fatto-politico\/#primaryimage\",\"url\":\"https:\/\/www.pressenza.com\/wp-content\/uploads\/2022\/04\/sono-tutti-profughi-veri-Baobab-experience.jpg\",\"contentUrl\":\"https:\/\/www.pressenza.com\/wp-content\/uploads\/2022\/04\/sono-tutti-profughi-veri-Baobab-experience.jpg\",\"width\":1600,\"height\":900},{\"@type\":\"BreadcrumbList\",\"@id\":\"https:\/\/www.pressenza.com\/it\/2022\/04\/il-processo-ad-andrea-costa-e-un-fatto-politico\/#breadcrumb\",\"itemListElement\":[{\"@type\":\"ListItem\",\"position\":1,\"name\":\"Accueil\",\"item\":\"https:\/\/www.pressenza.com\/it\/\"},{\"@type\":\"ListItem\",\"position\":2,\"name\":\"Il processo ad Andrea Costa \u00e8 un fatto politico\"}]},{\"@type\":\"WebSite\",\"@id\":\"https:\/\/www.pressenza.com\/it\/#website\",\"url\":\"https:\/\/www.pressenza.com\/it\/\",\"name\":\"Pressenza\",\"description\":\"Agenzia di Stampa Internazionale\",\"publisher\":{\"@id\":\"https:\/\/www.pressenza.com\/it\/#organization\"},\"potentialAction\":[{\"@type\":\"SearchAction\",\"target\":{\"@type\":\"EntryPoint\",\"urlTemplate\":\"https:\/\/www.pressenza.com\/it\/?s={search_term_string}\"},\"query-input\":{\"@type\":\"PropertyValueSpecification\",\"valueRequired\":true,\"valueName\":\"search_term_string\"}}],\"inLanguage\":\"it-IT\"},{\"@type\":\"Organization\",\"@id\":\"https:\/\/www.pressenza.com\/it\/#organization\",\"name\":\"Pressenza\",\"url\":\"https:\/\/www.pressenza.com\/it\/\",\"logo\":{\"@type\":\"ImageObject\",\"inLanguage\":\"it-IT\",\"@id\":\"https:\/\/www.pressenza.com\/it\/#\/schema\/logo\/image\/\",\"url\":\"https:\/\/www.pressenza.com\/wp-content\/uploads\/2022\/10\/pressenza_logo_200x200.jpg\",\"contentUrl\":\"https:\/\/www.pressenza.com\/wp-content\/uploads\/2022\/10\/pressenza_logo_200x200.jpg\",\"width\":200,\"height\":200,\"caption\":\"Pressenza\"},\"image\":{\"@id\":\"https:\/\/www.pressenza.com\/it\/#\/schema\/logo\/image\/\"},\"sameAs\":[\"https:\/\/www.facebook.com\/PressenzaItalia\",\"https:\/\/x.com\/PressenzaIPA\"]},{\"@type\":\"Person\",\"@id\":\"https:\/\/www.pressenza.com\/it\/#\/schema\/person\/d983e81827ae24f2c7b1a2123d197f8d\",\"name\":\"Redazione Italia\",\"description\":\"News from the Pressenza Bureau in Italy\",\"sameAs\":[\"https:\/\/www.pressenza.com\/it\/author\/redazione-italia\/\",\"https:\/\/www.facebook.com\/PressenzaItalia\",\"https:\/\/www.instagram.com\/pressenza_italia\/\",\"https:\/\/x.com\/pressenza_it\",\"https:\/\/www.youtube.com\/channel\/UCSalEIWjE1RSxkwjfftFuqg\"],\"url\":\"https:\/\/www.pressenza.com\/it\/author\/redazione-italia\/\"}]}<\/script>\n<!-- \/ Yoast SEO plugin. -->","yoast_head_json":{"title":"Il processo ad Andrea Costa \u00e8 un fatto politico","description":"L\u2019accusa di favoreggiamento dell\u2019immigrazione clandestina ad Andrea Costa, Presidente di Baobab Experience, ha basi infondate. Fa parte del piano politico","robots":{"index":"index","follow":"follow","max-snippet":"max-snippet:-1","max-image-preview":"max-image-preview:large","max-video-preview":"max-video-preview:-1"},"canonical":"https:\/\/www.pressenza.com\/it\/2022\/04\/il-processo-ad-andrea-costa-e-un-fatto-politico\/","og_locale":"it_IT","og_type":"article","og_title":"Il processo ad Andrea Costa \u00e8 un fatto politico","og_description":"L\u2019accusa di favoreggiamento dell\u2019immigrazione clandestina ad Andrea Costa, Presidente di Baobab Experience, ha basi infondate. Fa parte del piano politico","og_url":"https:\/\/www.pressenza.com\/it\/2022\/04\/il-processo-ad-andrea-costa-e-un-fatto-politico\/","og_site_name":"Pressenza","article_publisher":"https:\/\/www.facebook.com\/PressenzaItalia","article_author":"https:\/\/www.facebook.com\/PressenzaItalia","article_published_time":"2022-04-22T09:42:11+00:00","article_modified_time":"2022-04-22T19:52:24+00:00","og_image":[{"width":1600,"height":900,"url":"https:\/\/www.pressenza.com\/wp-content\/uploads\/2022\/04\/sono-tutti-profughi-veri-Baobab-experience.jpg","type":"image\/jpeg"}],"author":"Redazione Italia","twitter_card":"summary_large_image","twitter_creator":"@pressenza_it","twitter_site":"@PressenzaIPA","twitter_misc":{"Scritto da":"Redazione Italia","Tempo di lettura stimato":"6 minuti"},"schema":{"@context":"https:\/\/schema.org","@graph":[{"@type":"Article","@id":"https:\/\/www.pressenza.com\/it\/2022\/04\/il-processo-ad-andrea-costa-e-un-fatto-politico\/#article","isPartOf":{"@id":"https:\/\/www.pressenza.com\/it\/2022\/04\/il-processo-ad-andrea-costa-e-un-fatto-politico\/"},"author":{"name":"Redazione Italia","@id":"https:\/\/www.pressenza.com\/it\/#\/schema\/person\/d983e81827ae24f2c7b1a2123d197f8d"},"headline":"Il processo ad Andrea Costa \u00e8 un fatto politico","datePublished":"2022-04-22T09:42:11+00:00","dateModified":"2022-04-22T19:52:24+00:00","mainEntityOfPage":{"@id":"https:\/\/www.pressenza.com\/it\/2022\/04\/il-processo-ad-andrea-costa-e-un-fatto-politico\/"},"wordCount":1063,"publisher":{"@id":"https:\/\/www.pressenza.com\/it\/#organization"},"image":{"@id":"https:\/\/www.pressenza.com\/it\/2022\/04\/il-processo-ad-andrea-costa-e-un-fatto-politico\/#primaryimage"},"thumbnailUrl":"https:\/\/www.pressenza.com\/wp-content\/uploads\/2022\/04\/sono-tutti-profughi-veri-Baobab-experience.jpg","keywords":["Andrea Costa","Baobab Experience","criminalizzazione della solidariet\u00e0","favoreggiamento dell\u2019immigrazione clandestina","processo","trafficanti"],"articleSection":["contenuti originali","Europa","Migranti"],"inLanguage":"it-IT"},{"@type":"WebPage","@id":"https:\/\/www.pressenza.com\/it\/2022\/04\/il-processo-ad-andrea-costa-e-un-fatto-politico\/","url":"https:\/\/www.pressenza.com\/it\/2022\/04\/il-processo-ad-andrea-costa-e-un-fatto-politico\/","name":"Il processo ad Andrea Costa \u00e8 un fatto politico","isPartOf":{"@id":"https:\/\/www.pressenza.com\/it\/#website"},"primaryImageOfPage":{"@id":"https:\/\/www.pressenza.com\/it\/2022\/04\/il-processo-ad-andrea-costa-e-un-fatto-politico\/#primaryimage"},"image":{"@id":"https:\/\/www.pressenza.com\/it\/2022\/04\/il-processo-ad-andrea-costa-e-un-fatto-politico\/#primaryimage"},"thumbnailUrl":"https:\/\/www.pressenza.com\/wp-content\/uploads\/2022\/04\/sono-tutti-profughi-veri-Baobab-experience.jpg","datePublished":"2022-04-22T09:42:11+00:00","dateModified":"2022-04-22T19:52:24+00:00","description":"L\u2019accusa di favoreggiamento dell\u2019immigrazione clandestina ad Andrea Costa, Presidente di Baobab Experience, ha basi infondate. Fa parte del piano politico","breadcrumb":{"@id":"https:\/\/www.pressenza.com\/it\/2022\/04\/il-processo-ad-andrea-costa-e-un-fatto-politico\/#breadcrumb"},"inLanguage":"it-IT","potentialAction":[{"@type":"ReadAction","target":["https:\/\/www.pressenza.com\/it\/2022\/04\/il-processo-ad-andrea-costa-e-un-fatto-politico\/"]}]},{"@type":"ImageObject","inLanguage":"it-IT","@id":"https:\/\/www.pressenza.com\/it\/2022\/04\/il-processo-ad-andrea-costa-e-un-fatto-politico\/#primaryimage","url":"https:\/\/www.pressenza.com\/wp-content\/uploads\/2022\/04\/sono-tutti-profughi-veri-Baobab-experience.jpg","contentUrl":"https:\/\/www.pressenza.com\/wp-content\/uploads\/2022\/04\/sono-tutti-profughi-veri-Baobab-experience.jpg","width":1600,"height":900},{"@type":"BreadcrumbList","@id":"https:\/\/www.pressenza.com\/it\/2022\/04\/il-processo-ad-andrea-costa-e-un-fatto-politico\/#breadcrumb","itemListElement":[{"@type":"ListItem","position":1,"name":"Accueil","item":"https:\/\/www.pressenza.com\/it\/"},{"@type":"ListItem","position":2,"name":"Il processo ad Andrea Costa \u00e8 un fatto politico"}]},{"@type":"WebSite","@id":"https:\/\/www.pressenza.com\/it\/#website","url":"https:\/\/www.pressenza.com\/it\/","name":"Pressenza","description":"Agenzia di Stampa Internazionale","publisher":{"@id":"https:\/\/www.pressenza.com\/it\/#organization"},"potentialAction":[{"@type":"SearchAction","target":{"@type":"EntryPoint","urlTemplate":"https:\/\/www.pressenza.com\/it\/?s={search_term_string}"},"query-input":{"@type":"PropertyValueSpecification","valueRequired":true,"valueName":"search_term_string"}}],"inLanguage":"it-IT"},{"@type":"Organization","@id":"https:\/\/www.pressenza.com\/it\/#organization","name":"Pressenza","url":"https:\/\/www.pressenza.com\/it\/","logo":{"@type":"ImageObject","inLanguage":"it-IT","@id":"https:\/\/www.pressenza.com\/it\/#\/schema\/logo\/image\/","url":"https:\/\/www.pressenza.com\/wp-content\/uploads\/2022\/10\/pressenza_logo_200x200.jpg","contentUrl":"https:\/\/www.pressenza.com\/wp-content\/uploads\/2022\/10\/pressenza_logo_200x200.jpg","width":200,"height":200,"caption":"Pressenza"},"image":{"@id":"https:\/\/www.pressenza.com\/it\/#\/schema\/logo\/image\/"},"sameAs":["https:\/\/www.facebook.com\/PressenzaItalia","https:\/\/x.com\/PressenzaIPA"]},{"@type":"Person","@id":"https:\/\/www.pressenza.com\/it\/#\/schema\/person\/d983e81827ae24f2c7b1a2123d197f8d","name":"Redazione Italia","description":"News from the Pressenza Bureau in Italy","sameAs":["https:\/\/www.pressenza.com\/it\/author\/redazione-italia\/","https:\/\/www.facebook.com\/PressenzaItalia","https:\/\/www.instagram.com\/pressenza_italia\/","https:\/\/x.com\/pressenza_it","https:\/\/www.youtube.com\/channel\/UCSalEIWjE1RSxkwjfftFuqg"],"url":"https:\/\/www.pressenza.com\/it\/author\/redazione-italia\/"}]}},"place":"Cecilia Capanna","original_article_url":"","_links":{"self":[{"href":"https:\/\/www.pressenza.com\/it\/wp-json\/wp\/v2\/posts\/1568757","targetHints":{"allow":["GET"]}}],"collection":[{"href":"https:\/\/www.pressenza.com\/it\/wp-json\/wp\/v2\/posts"}],"about":[{"href":"https:\/\/www.pressenza.com\/it\/wp-json\/wp\/v2\/types\/post"}],"author":[{"embeddable":true,"href":"https:\/\/www.pressenza.com\/it\/wp-json\/wp\/v2\/users\/594"}],"replies":[{"embeddable":true,"href":"https:\/\/www.pressenza.com\/it\/wp-json\/wp\/v2\/comments?post=1568757"}],"version-history":[{"count":0,"href":"https:\/\/www.pressenza.com\/it\/wp-json\/wp\/v2\/posts\/1568757\/revisions"}],"wp:featuredmedia":[{"embeddable":true,"href":"https:\/\/www.pressenza.com\/it\/wp-json\/wp\/v2\/media\/1568758"}],"wp:attachment":[{"href":"https:\/\/www.pressenza.com\/it\/wp-json\/wp\/v2\/media?parent=1568757"}],"wp:term":[{"taxonomy":"category","embeddable":true,"href":"https:\/\/www.pressenza.com\/it\/wp-json\/wp\/v2\/categories?post=1568757"},{"taxonomy":"post_tag","embeddable":true,"href":"https:\/\/www.pressenza.com\/it\/wp-json\/wp\/v2\/tags?post=1568757"}],"curies":[{"name":"wp","href":"https:\/\/api.w.org\/{rel}","templated":true}]}}