{"id":156682,"date":"2015-01-14T16:31:53","date_gmt":"2015-01-14T16:31:53","guid":{"rendered":"http:\/\/www.pressenza.com\/?p=156682"},"modified":"2015-03-07T17:17:28","modified_gmt":"2015-03-07T17:17:28","slug":"il-processo-farsa-alle-buone-intenzioni-contro-ira-mauritania","status":"publish","type":"post","link":"https:\/\/www.pressenza.com\/it\/2015\/01\/il-processo-farsa-alle-buone-intenzioni-contro-ira-mauritania\/","title":{"rendered":"Il processo farsa alle buone intenzioni contro IRA Mauritania"},"content":{"rendered":"<p style=\"text-align: justify;\">Quello che verr\u00e0 espresso domani nella localit\u00e0 di Rosso a sud della Mauritania, presso il Palazzo di Giustizia Centrale dello stesso luogo, sar\u00e0 il classico processo alle intenzioni, proprio nel senso standard dell&#8217;espressione.<\/p>\n<p style=\"text-align: justify;\">C&#8217;\u00e8 un paese, la Mauritania, ai pi\u00f9 sconosciuto, a cinque ore di aereo dall&#8217;Italia, dove ancora oggi si nasce schiavi per il colore della propria pelle. C&#8217;\u00e8 l\u00ec un uomo nero, figlio di una schiava affrancata, che in pochi anni e senza mezzi se non quello della parola, rischiando tutto, gira il paese prima e il mondo dopo con l&#8217;obiettivo di informare il &#8220;mondo libero&#8221; che il fenomeno della schiavit\u00f9 non \u00e8 mai finito. Insieme a lui, c&#8217;\u00e8 un folto gruppo di persone, molti sono giovani che decidono che la causa di Biram Dah Abeid va appoggiata nonostante i rischi.<\/p>\n<p style=\"text-align: justify;\">Cominciano allora a lottare in modo del tutto pacifico nel paese africano che legittima da sempre lo sfruttamento degli esseri umani di razza inferiore, i neri Haratin (per la maggioranza ma non solo loro). Lo fanno senza alcun mezzo e ostacolati dal Regime nazionale che ha tutto l&#8217;interesse a che il fenomeno della schiavit\u00f9 per nascita rimanga nascosto con il totale consenso dei potenti del paese, detentori di ogni diritto sulla massa discriminata e vessata in ogni modo. Il mondo non deve sapere e a queste persone va impedito di parlare (altro che libert\u00e0 di espressione).<\/p>\n<p style=\"text-align: justify;\">Nel 2008 questi volenterosi attivisti delle libert\u00e0 fondamentali creano il Movimento IRA Mauritanie che velocemente cresce sul terreno e riesce in maniera del tutto naturale a oltrepassare i limiti nazionali fino oltre oceano dove cittadini mauritani e non solo, appoggiano convinti la lotta universale per la libert\u00e0 in Mauritania. Vari gli arresti e le torture che i militanti dell&#8217;IRA hanno subito in questi anni di coraggioso attivismo, varie le vessazioni e vari i tentativi di sabotaggio mai veramente riusciti al Governo dittatoriale del Generale Mohamed Abdel Aziz, oggi Presidente della Repubblica Islamica di Mauritania.<\/p>\n<p style=\"text-align: justify;\">L&#8217;ultimo atto di una &#8220;tragico-commedia&#8221; senza frontiere, si svolger\u00e0 domani a Rosso, quando il nostro amico Presidente dell&#8217;IRA Biram Abeid e il gruppo di punta del Movimento verr\u00e0 giudicato alla sbarra dei poteri forti e corrotti per la propria azione di denuncia.<\/p>\n<p style=\"text-align: justify;\">Alla meglio rischiano anni di galera per arresti arbitrari, per un processo politico che vede il potere costituito deciso a impedire a questi cittadini di buona volont\u00e0 di dire come stanno le cose da sempre nel paese sub-sahariano oggi al primo posto nelle classifiche mondiali per pratica effettiva della schiavit\u00f9.<\/p>\n<p style=\"text-align: justify;\">Domani i neri di Mauritania e di TUTTE le etnie discriminate, coloro che ormai hanno capito come stanno le cose in Mauritania, affolleranno le strade di Rosso. Lo faranno in maniera pacifica. Arriveranno da ogni angolo del paese a testimonianza del risveglio delle coscienze oramai vigili grazie ai detenuti di opinione e coscienza alla sbarra per la verit\u00e0.<\/p>\n<p style=\"text-align: justify;\">Noi seguiremo il corso degli eventi domani e sempre e continueremo a denunciare le ingiustizie nel paese della moderna schiavit\u00f9. Lo faremo per raggiungere il traguardo della LIBERTA&#8217;.<\/p>\n<p style=\"text-align: justify;\">LVLC (<em>La vraie lutte continue<\/em>)!<\/p>\n<p style=\"text-align: justify;\"><strong>Ivana Dama<\/strong><\/p>\n<p style=\"text-align: justify;\">Vice Presidente IRA Mauritania &#8211; Sezione Italia<\/p>\n","protected":false},"excerpt":{"rendered":"<p>Quello che verr\u00e0 espresso domani nella localit\u00e0 di Rosso a sud della Mauritania, presso il Palazzo di Giustizia Centrale dello stesso luogo, sar\u00e0 il classico processo alle intenzioni, proprio nel senso standard dell&#8217;espressione. C&#8217;\u00e8 un paese, la Mauritania, ai pi\u00f9&hellip;<\/p>\n","protected":false},"author":1173,"featured_media":156693,"comment_status":"closed","ping_status":"open","sticky":false,"template":"","format":"standard","meta":{"footnotes":""},"categories":[45,150,60,38],"tags":[11973,4828,15073,14932,3148,3783,3149,1634],"class_list":["post-156682","post","type-post","status-publish","format-standard","has-post-thumbnail","hentry","category-africa-it","category-comunicati-stampa","category-diritti-umani","category-internazionale","tag-alto-commissariato-per-i-diritti-umani","tag-biram-dah-abeid","tag-harratin","tag-ira-mauritania","tag-mauritania","tag-processo","tag-schiavitu","tag-solidarieta"],"yoast_head":"<!-- This site is optimized with the Yoast SEO plugin v27.1.1 - https:\/\/yoast.com\/product\/yoast-seo-wordpress\/ -->\n<title>Il processo farsa alle buone intenzioni contro IRA Mauritania<\/title>\n<meta name=\"description\" content=\"Quello che verr\u00e0 espresso domani nella localit\u00e0 di Rosso, sud della Mauritania, presso il Palazzo di Giustizia, sar\u00e0 il classico processo alle intenzioni\" \/>\n<meta name=\"robots\" content=\"index, follow, max-snippet:-1, max-image-preview:large, max-video-preview:-1\" \/>\n<link rel=\"canonical\" href=\"https:\/\/www.pressenza.com\/it\/2015\/01\/il-processo-farsa-alle-buone-intenzioni-contro-ira-mauritania\/\" \/>\n<meta property=\"og:locale\" content=\"it_IT\" \/>\n<meta property=\"og:type\" content=\"article\" \/>\n<meta property=\"og:title\" content=\"Il processo farsa alle buone intenzioni contro IRA Mauritania\" \/>\n<meta property=\"og:description\" content=\"Quello che verr\u00e0 espresso domani nella localit\u00e0 di Rosso, sud della Mauritania, presso il Palazzo di Giustizia, sar\u00e0 il classico processo alle intenzioni\" \/>\n<meta property=\"og:url\" content=\"https:\/\/www.pressenza.com\/it\/2015\/01\/il-processo-farsa-alle-buone-intenzioni-contro-ira-mauritania\/\" \/>\n<meta property=\"og:site_name\" content=\"Pressenza\" \/>\n<meta property=\"article:publisher\" content=\"https:\/\/www.facebook.com\/PressenzaItalia\" \/>\n<meta property=\"article:published_time\" content=\"2015-01-14T16:31:53+00:00\" \/>\n<meta property=\"article:modified_time\" content=\"2015-03-07T17:17:28+00:00\" \/>\n<meta property=\"og:image\" content=\"https:\/\/www.pressenza.com\/wp-content\/uploads\/2015\/01\/ira-mauritania.jpg\" \/>\n\t<meta property=\"og:image:width\" content=\"750\" \/>\n\t<meta property=\"og:image:height\" content=\"415\" \/>\n\t<meta property=\"og:image:type\" content=\"image\/jpeg\" \/>\n<meta name=\"author\" content=\"IRA Mauritania - Sezione Italia\" \/>\n<meta name=\"twitter:card\" content=\"summary_large_image\" \/>\n<meta name=\"twitter:creator\" content=\"@PressenzaIPA\" \/>\n<meta name=\"twitter:site\" content=\"@PressenzaIPA\" \/>\n<meta name=\"twitter:label1\" content=\"Scritto da\" \/>\n\t<meta name=\"twitter:data1\" content=\"IRA Mauritania - Sezione Italia\" \/>\n\t<meta name=\"twitter:label2\" content=\"Tempo di lettura stimato\" \/>\n\t<meta name=\"twitter:data2\" content=\"3 minuti\" \/>\n<script type=\"application\/ld+json\" class=\"yoast-schema-graph\">{\"@context\":\"https:\/\/schema.org\",\"@graph\":[{\"@type\":\"Article\",\"@id\":\"https:\/\/www.pressenza.com\/it\/2015\/01\/il-processo-farsa-alle-buone-intenzioni-contro-ira-mauritania\/#article\",\"isPartOf\":{\"@id\":\"https:\/\/www.pressenza.com\/it\/2015\/01\/il-processo-farsa-alle-buone-intenzioni-contro-ira-mauritania\/\"},\"author\":{\"name\":\"IRA Mauritania - Sezione Italia\",\"@id\":\"https:\/\/www.pressenza.com\/it\/#\/schema\/person\/26f9befe3a2a6aea0828d0e6493a1cf9\"},\"headline\":\"Il processo farsa alle buone intenzioni contro IRA Mauritania\",\"datePublished\":\"2015-01-14T16:31:53+00:00\",\"dateModified\":\"2015-03-07T17:17:28+00:00\",\"mainEntityOfPage\":{\"@id\":\"https:\/\/www.pressenza.com\/it\/2015\/01\/il-processo-farsa-alle-buone-intenzioni-contro-ira-mauritania\/\"},\"wordCount\":529,\"publisher\":{\"@id\":\"https:\/\/www.pressenza.com\/it\/#organization\"},\"image\":{\"@id\":\"https:\/\/www.pressenza.com\/it\/2015\/01\/il-processo-farsa-alle-buone-intenzioni-contro-ira-mauritania\/#primaryimage\"},\"thumbnailUrl\":\"https:\/\/www.pressenza.com\/wp-content\/uploads\/2015\/01\/ira-mauritania.jpg\",\"keywords\":[\"Alto commissariato per i Diritti Umani\",\"Biram Dah Abeid\",\"harratin\",\"IRA Mauritania\",\"Mauritania\",\"processo\",\"schiavit\u00f9\",\"solidariet\u00e0\"],\"articleSection\":[\"Africa\",\"Comunicati Stampa\",\"Diritti Umani\",\"Internazionale\"],\"inLanguage\":\"it-IT\"},{\"@type\":\"WebPage\",\"@id\":\"https:\/\/www.pressenza.com\/it\/2015\/01\/il-processo-farsa-alle-buone-intenzioni-contro-ira-mauritania\/\",\"url\":\"https:\/\/www.pressenza.com\/it\/2015\/01\/il-processo-farsa-alle-buone-intenzioni-contro-ira-mauritania\/\",\"name\":\"Il processo farsa alle buone intenzioni contro IRA Mauritania\",\"isPartOf\":{\"@id\":\"https:\/\/www.pressenza.com\/it\/#website\"},\"primaryImageOfPage\":{\"@id\":\"https:\/\/www.pressenza.com\/it\/2015\/01\/il-processo-farsa-alle-buone-intenzioni-contro-ira-mauritania\/#primaryimage\"},\"image\":{\"@id\":\"https:\/\/www.pressenza.com\/it\/2015\/01\/il-processo-farsa-alle-buone-intenzioni-contro-ira-mauritania\/#primaryimage\"},\"thumbnailUrl\":\"https:\/\/www.pressenza.com\/wp-content\/uploads\/2015\/01\/ira-mauritania.jpg\",\"datePublished\":\"2015-01-14T16:31:53+00:00\",\"dateModified\":\"2015-03-07T17:17:28+00:00\",\"description\":\"Quello che verr\u00e0 espresso domani nella localit\u00e0 di Rosso, sud della Mauritania, presso il Palazzo di Giustizia, sar\u00e0 il classico processo alle intenzioni\",\"breadcrumb\":{\"@id\":\"https:\/\/www.pressenza.com\/it\/2015\/01\/il-processo-farsa-alle-buone-intenzioni-contro-ira-mauritania\/#breadcrumb\"},\"inLanguage\":\"it-IT\",\"potentialAction\":[{\"@type\":\"ReadAction\",\"target\":[\"https:\/\/www.pressenza.com\/it\/2015\/01\/il-processo-farsa-alle-buone-intenzioni-contro-ira-mauritania\/\"]}]},{\"@type\":\"ImageObject\",\"inLanguage\":\"it-IT\",\"@id\":\"https:\/\/www.pressenza.com\/it\/2015\/01\/il-processo-farsa-alle-buone-intenzioni-contro-ira-mauritania\/#primaryimage\",\"url\":\"https:\/\/www.pressenza.com\/wp-content\/uploads\/2015\/01\/ira-mauritania.jpg\",\"contentUrl\":\"https:\/\/www.pressenza.com\/wp-content\/uploads\/2015\/01\/ira-mauritania.jpg\",\"width\":750,\"height\":415},{\"@type\":\"BreadcrumbList\",\"@id\":\"https:\/\/www.pressenza.com\/it\/2015\/01\/il-processo-farsa-alle-buone-intenzioni-contro-ira-mauritania\/#breadcrumb\",\"itemListElement\":[{\"@type\":\"ListItem\",\"position\":1,\"name\":\"Accueil\",\"item\":\"https:\/\/www.pressenza.com\/it\/\"},{\"@type\":\"ListItem\",\"position\":2,\"name\":\"Il processo farsa alle buone intenzioni contro IRA Mauritania\"}]},{\"@type\":\"WebSite\",\"@id\":\"https:\/\/www.pressenza.com\/it\/#website\",\"url\":\"https:\/\/www.pressenza.com\/it\/\",\"name\":\"Pressenza\",\"description\":\"Agenzia di Stampa Internazionale\",\"publisher\":{\"@id\":\"https:\/\/www.pressenza.com\/it\/#organization\"},\"potentialAction\":[{\"@type\":\"SearchAction\",\"target\":{\"@type\":\"EntryPoint\",\"urlTemplate\":\"https:\/\/www.pressenza.com\/it\/?s={search_term_string}\"},\"query-input\":{\"@type\":\"PropertyValueSpecification\",\"valueRequired\":true,\"valueName\":\"search_term_string\"}}],\"inLanguage\":\"it-IT\"},{\"@type\":\"Organization\",\"@id\":\"https:\/\/www.pressenza.com\/it\/#organization\",\"name\":\"Pressenza\",\"url\":\"https:\/\/www.pressenza.com\/it\/\",\"logo\":{\"@type\":\"ImageObject\",\"inLanguage\":\"it-IT\",\"@id\":\"https:\/\/www.pressenza.com\/it\/#\/schema\/logo\/image\/\",\"url\":\"https:\/\/www.pressenza.com\/wp-content\/uploads\/2022\/10\/pressenza_logo_200x200.jpg\",\"contentUrl\":\"https:\/\/www.pressenza.com\/wp-content\/uploads\/2022\/10\/pressenza_logo_200x200.jpg\",\"width\":200,\"height\":200,\"caption\":\"Pressenza\"},\"image\":{\"@id\":\"https:\/\/www.pressenza.com\/it\/#\/schema\/logo\/image\/\"},\"sameAs\":[\"https:\/\/www.facebook.com\/PressenzaItalia\",\"https:\/\/x.com\/PressenzaIPA\"]},{\"@type\":\"Person\",\"@id\":\"https:\/\/www.pressenza.com\/it\/#\/schema\/person\/26f9befe3a2a6aea0828d0e6493a1cf9\",\"name\":\"IRA Mauritania - Sezione Italia\",\"description\":\"L'associazione nasce nel novembre 2011 a sostegno del Movimento IRA Mauritania, l\u2019Iniziativa per la Rinascita del Movimento Abolizionista contro la Schiavit\u00f9, presieduto da Biram Dah Ould Abeid, nell'ottica della nonviolenza e del fare comune. La libert\u00e0 non \u00e8 ancora un diritto in molti paesi del mondo. Abbiamo deciso di fare la nostra parte e sostenere la Lotta Pacifica per le libert\u00e0 fondamentali in Mauritania, paese della fascia sub-sahariana particolarmente al buio, dimenticato. Ci siamo costituiti in Associazione Onlus a Napoli, citt\u00e0 di Pace dove organizziamo attivit\u00e0 a sostegno del Movimento abolizionista delle moderne forme di schiavit\u00f9 nel paese africano.\",\"url\":\"https:\/\/www.pressenza.com\/it\/author\/ira-mauritania\/\"}]}<\/script>\n<!-- \/ Yoast SEO plugin. -->","yoast_head_json":{"title":"Il processo farsa alle buone intenzioni contro IRA Mauritania","description":"Quello che verr\u00e0 espresso domani nella localit\u00e0 di Rosso, sud della Mauritania, presso il Palazzo di Giustizia, sar\u00e0 il classico processo alle intenzioni","robots":{"index":"index","follow":"follow","max-snippet":"max-snippet:-1","max-image-preview":"max-image-preview:large","max-video-preview":"max-video-preview:-1"},"canonical":"https:\/\/www.pressenza.com\/it\/2015\/01\/il-processo-farsa-alle-buone-intenzioni-contro-ira-mauritania\/","og_locale":"it_IT","og_type":"article","og_title":"Il processo farsa alle buone intenzioni contro IRA Mauritania","og_description":"Quello che verr\u00e0 espresso domani nella localit\u00e0 di Rosso, sud della Mauritania, presso il Palazzo di Giustizia, sar\u00e0 il classico processo alle intenzioni","og_url":"https:\/\/www.pressenza.com\/it\/2015\/01\/il-processo-farsa-alle-buone-intenzioni-contro-ira-mauritania\/","og_site_name":"Pressenza","article_publisher":"https:\/\/www.facebook.com\/PressenzaItalia","article_published_time":"2015-01-14T16:31:53+00:00","article_modified_time":"2015-03-07T17:17:28+00:00","og_image":[{"width":750,"height":415,"url":"https:\/\/www.pressenza.com\/wp-content\/uploads\/2015\/01\/ira-mauritania.jpg","type":"image\/jpeg"}],"author":"IRA Mauritania - Sezione Italia","twitter_card":"summary_large_image","twitter_creator":"@PressenzaIPA","twitter_site":"@PressenzaIPA","twitter_misc":{"Scritto da":"IRA Mauritania - Sezione Italia","Tempo di lettura stimato":"3 minuti"},"schema":{"@context":"https:\/\/schema.org","@graph":[{"@type":"Article","@id":"https:\/\/www.pressenza.com\/it\/2015\/01\/il-processo-farsa-alle-buone-intenzioni-contro-ira-mauritania\/#article","isPartOf":{"@id":"https:\/\/www.pressenza.com\/it\/2015\/01\/il-processo-farsa-alle-buone-intenzioni-contro-ira-mauritania\/"},"author":{"name":"IRA Mauritania - Sezione Italia","@id":"https:\/\/www.pressenza.com\/it\/#\/schema\/person\/26f9befe3a2a6aea0828d0e6493a1cf9"},"headline":"Il processo farsa alle buone intenzioni contro IRA Mauritania","datePublished":"2015-01-14T16:31:53+00:00","dateModified":"2015-03-07T17:17:28+00:00","mainEntityOfPage":{"@id":"https:\/\/www.pressenza.com\/it\/2015\/01\/il-processo-farsa-alle-buone-intenzioni-contro-ira-mauritania\/"},"wordCount":529,"publisher":{"@id":"https:\/\/www.pressenza.com\/it\/#organization"},"image":{"@id":"https:\/\/www.pressenza.com\/it\/2015\/01\/il-processo-farsa-alle-buone-intenzioni-contro-ira-mauritania\/#primaryimage"},"thumbnailUrl":"https:\/\/www.pressenza.com\/wp-content\/uploads\/2015\/01\/ira-mauritania.jpg","keywords":["Alto commissariato per i Diritti Umani","Biram Dah Abeid","harratin","IRA Mauritania","Mauritania","processo","schiavit\u00f9","solidariet\u00e0"],"articleSection":["Africa","Comunicati Stampa","Diritti Umani","Internazionale"],"inLanguage":"it-IT"},{"@type":"WebPage","@id":"https:\/\/www.pressenza.com\/it\/2015\/01\/il-processo-farsa-alle-buone-intenzioni-contro-ira-mauritania\/","url":"https:\/\/www.pressenza.com\/it\/2015\/01\/il-processo-farsa-alle-buone-intenzioni-contro-ira-mauritania\/","name":"Il processo farsa alle buone intenzioni contro IRA Mauritania","isPartOf":{"@id":"https:\/\/www.pressenza.com\/it\/#website"},"primaryImageOfPage":{"@id":"https:\/\/www.pressenza.com\/it\/2015\/01\/il-processo-farsa-alle-buone-intenzioni-contro-ira-mauritania\/#primaryimage"},"image":{"@id":"https:\/\/www.pressenza.com\/it\/2015\/01\/il-processo-farsa-alle-buone-intenzioni-contro-ira-mauritania\/#primaryimage"},"thumbnailUrl":"https:\/\/www.pressenza.com\/wp-content\/uploads\/2015\/01\/ira-mauritania.jpg","datePublished":"2015-01-14T16:31:53+00:00","dateModified":"2015-03-07T17:17:28+00:00","description":"Quello che verr\u00e0 espresso domani nella localit\u00e0 di Rosso, sud della Mauritania, presso il Palazzo di Giustizia, sar\u00e0 il classico processo alle intenzioni","breadcrumb":{"@id":"https:\/\/www.pressenza.com\/it\/2015\/01\/il-processo-farsa-alle-buone-intenzioni-contro-ira-mauritania\/#breadcrumb"},"inLanguage":"it-IT","potentialAction":[{"@type":"ReadAction","target":["https:\/\/www.pressenza.com\/it\/2015\/01\/il-processo-farsa-alle-buone-intenzioni-contro-ira-mauritania\/"]}]},{"@type":"ImageObject","inLanguage":"it-IT","@id":"https:\/\/www.pressenza.com\/it\/2015\/01\/il-processo-farsa-alle-buone-intenzioni-contro-ira-mauritania\/#primaryimage","url":"https:\/\/www.pressenza.com\/wp-content\/uploads\/2015\/01\/ira-mauritania.jpg","contentUrl":"https:\/\/www.pressenza.com\/wp-content\/uploads\/2015\/01\/ira-mauritania.jpg","width":750,"height":415},{"@type":"BreadcrumbList","@id":"https:\/\/www.pressenza.com\/it\/2015\/01\/il-processo-farsa-alle-buone-intenzioni-contro-ira-mauritania\/#breadcrumb","itemListElement":[{"@type":"ListItem","position":1,"name":"Accueil","item":"https:\/\/www.pressenza.com\/it\/"},{"@type":"ListItem","position":2,"name":"Il processo farsa alle buone intenzioni contro IRA Mauritania"}]},{"@type":"WebSite","@id":"https:\/\/www.pressenza.com\/it\/#website","url":"https:\/\/www.pressenza.com\/it\/","name":"Pressenza","description":"Agenzia di Stampa Internazionale","publisher":{"@id":"https:\/\/www.pressenza.com\/it\/#organization"},"potentialAction":[{"@type":"SearchAction","target":{"@type":"EntryPoint","urlTemplate":"https:\/\/www.pressenza.com\/it\/?s={search_term_string}"},"query-input":{"@type":"PropertyValueSpecification","valueRequired":true,"valueName":"search_term_string"}}],"inLanguage":"it-IT"},{"@type":"Organization","@id":"https:\/\/www.pressenza.com\/it\/#organization","name":"Pressenza","url":"https:\/\/www.pressenza.com\/it\/","logo":{"@type":"ImageObject","inLanguage":"it-IT","@id":"https:\/\/www.pressenza.com\/it\/#\/schema\/logo\/image\/","url":"https:\/\/www.pressenza.com\/wp-content\/uploads\/2022\/10\/pressenza_logo_200x200.jpg","contentUrl":"https:\/\/www.pressenza.com\/wp-content\/uploads\/2022\/10\/pressenza_logo_200x200.jpg","width":200,"height":200,"caption":"Pressenza"},"image":{"@id":"https:\/\/www.pressenza.com\/it\/#\/schema\/logo\/image\/"},"sameAs":["https:\/\/www.facebook.com\/PressenzaItalia","https:\/\/x.com\/PressenzaIPA"]},{"@type":"Person","@id":"https:\/\/www.pressenza.com\/it\/#\/schema\/person\/26f9befe3a2a6aea0828d0e6493a1cf9","name":"IRA Mauritania - Sezione Italia","description":"L'associazione nasce nel novembre 2011 a sostegno del Movimento IRA Mauritania, l\u2019Iniziativa per la Rinascita del Movimento Abolizionista contro la Schiavit\u00f9, presieduto da Biram Dah Ould Abeid, nell'ottica della nonviolenza e del fare comune. La libert\u00e0 non \u00e8 ancora un diritto in molti paesi del mondo. Abbiamo deciso di fare la nostra parte e sostenere la Lotta Pacifica per le libert\u00e0 fondamentali in Mauritania, paese della fascia sub-sahariana particolarmente al buio, dimenticato. Ci siamo costituiti in Associazione Onlus a Napoli, citt\u00e0 di Pace dove organizziamo attivit\u00e0 a sostegno del Movimento abolizionista delle moderne forme di schiavit\u00f9 nel paese africano.","url":"https:\/\/www.pressenza.com\/it\/author\/ira-mauritania\/"}]}},"place":"","original_article_url":"","_links":{"self":[{"href":"https:\/\/www.pressenza.com\/it\/wp-json\/wp\/v2\/posts\/156682","targetHints":{"allow":["GET"]}}],"collection":[{"href":"https:\/\/www.pressenza.com\/it\/wp-json\/wp\/v2\/posts"}],"about":[{"href":"https:\/\/www.pressenza.com\/it\/wp-json\/wp\/v2\/types\/post"}],"author":[{"embeddable":true,"href":"https:\/\/www.pressenza.com\/it\/wp-json\/wp\/v2\/users\/1173"}],"replies":[{"embeddable":true,"href":"https:\/\/www.pressenza.com\/it\/wp-json\/wp\/v2\/comments?post=156682"}],"version-history":[{"count":0,"href":"https:\/\/www.pressenza.com\/it\/wp-json\/wp\/v2\/posts\/156682\/revisions"}],"wp:featuredmedia":[{"embeddable":true,"href":"https:\/\/www.pressenza.com\/it\/wp-json\/wp\/v2\/media\/156693"}],"wp:attachment":[{"href":"https:\/\/www.pressenza.com\/it\/wp-json\/wp\/v2\/media?parent=156682"}],"wp:term":[{"taxonomy":"category","embeddable":true,"href":"https:\/\/www.pressenza.com\/it\/wp-json\/wp\/v2\/categories?post=156682"},{"taxonomy":"post_tag","embeddable":true,"href":"https:\/\/www.pressenza.com\/it\/wp-json\/wp\/v2\/tags?post=156682"}],"curies":[{"name":"wp","href":"https:\/\/api.w.org\/{rel}","templated":true}]}}