{"id":1566774,"date":"2022-04-19T09:33:07","date_gmt":"2022-04-19T08:33:07","guid":{"rendered":"https:\/\/www.pressenza.com\/?p=1566774"},"modified":"2022-04-19T14:23:18","modified_gmt":"2022-04-19T13:23:18","slug":"laltro-volto-della-guerra-testimonianza-di-un-italiano-dallucraina-dimenticata","status":"publish","type":"post","link":"https:\/\/www.pressenza.com\/it\/2022\/04\/laltro-volto-della-guerra-testimonianza-di-un-italiano-dallucraina-dimenticata\/","title":{"rendered":"L&#8217;altro volto della guerra: testimonianza di un italiano dall&#8217;Ucraina dimenticata"},"content":{"rendered":"<p align=\"justify\"><i>Abbiamo ricevuto come Europa per la Pace questa lettera da un italiano che vive in Ucraina e volentieri la pubblichiamo. E&#8217; ricca di dettagli e informazioni sulla vita quotidiana nelle zone non colpite direttamente dalla guerra ed emergono realt\u00e0 sconcertanti. L&#8217;autore ha chiesto di rimanere anonimo perch\u00e9 teme per la sua vita.<\/i><\/p>\n<p align=\"justify\">L\u2019operazione speciale russa in terra Ucraina ha un sapore diverso in questa zona produttiva nel centro del paese. I contadini delle vastissime aree produttive centrali dell\u2019Ucraina, cos\u00ec come i lavoratori delle imponenti nuove costruzioni nei sobborghi della citt\u00e0 di Vinnytsia, vedono la guerra da lontano, quasi non li toccasse, sui siti internet o in TV sull\u2019unico canale governativo ammesso dal governo Zelensky.<\/p>\n<p align=\"justify\">Dall\u2019inizio dell\u2019invasione russa sul territorio ucraino, il 24 Febbraio scorso, coloro che vivono e lavorano a ovest dell\u2019importante fiume Dnipro, sono stati solo sfiorati dalle armi della guerra in corso. Dai missili sovietici sono stati colpiti esclusivamente basi militari, siti per l\u2019energia, raffinerie, aeroporti usati dai militari, e caserme dedicate a soldati non solo ucraini. Non si sono viste le distruzioni tragiche di Kharkiv, Luhansk e Mariupol. Quasi fosse un altro paese.<\/p>\n<p align=\"justify\">Sar\u00e0 anche per questo motivo che moltissime famiglie si sono riversate in questa zona, venendo dal sud, dall\u2019est e da Kiev. Alcune hanno preso in affitto qualunque abitazione disponibile in questa vasta area, fosse anche una casa semi distrutta in un paesino sperduto sulla mappa dei campi di grano ucraini. Non tutti coloro che sfuggono dalla guerra vanno oltre confine, in Europa. Sono centinaia di migliaia quelli che hanno scelto la parte centrale del paese quale rifugio sicuro.<\/p>\n<p align=\"justify\">Non sapevano per\u00f2 queste famiglie che, mentre i loro connazionali fuggiti in Europa avrebbero trovato aiuti e sostegno morale sincero, la loro sorte era di poco o nessun interesse n\u00e9 agli amici europei, ma anche meno al proprio governo di Kiev.<\/p>\n<p align=\"justify\">Di fatto, le famiglie nelle zone rurali a ovest del fiume Dnipro sono state dimenticate da tutti.<\/p>\n<p align=\"justify\">Ne fanno spesa e soffrono soprattutto anziani, giovani e malati.<\/p>\n<p align=\"justify\">Mentre gas, acqua, elettricit\u00e0 (ed internet) non mancano se non sporadicamente, tutto il resto \u00e8 quasi impossibile da trovare. Nelle grandi citt\u00e0 i generi alimentari scarseggiano, pur non mancando. Ma nelle piccole citt\u00e0, nei paesini e nelle frazioni contadine di questa vasta area manca praticamente tutto. Non fosse per la presenza di contadini e della loro produzione (limitata) di alcuni beni alimentari, alcune zone dell\u2019Ucraina centrale sarebbero rimaste senza cibo. Molti negozi hanno chiuso gi\u00e0 un mese fa. Altri restano aperti solo per mezza giornata o per dare sostegno morale agli anziani che vengono quotidianamente a chiedere aiuto.<\/p>\n<p align=\"justify\">Aiuti dal governo, zero.<\/p>\n<p align=\"justify\">A tutto ci\u00f2 si aggiunge l\u2019assenza di carburanti ad uso civile. In alcune zone manca completamente, impedendo cos\u00ec l\u2019uso dei trattori, e danni immensi ai piccoli contadini e produttori di grano. In piccole citt\u00e0 quali Teplik, Haisyn, Shepetivka e altre, il carburante viene razionato e alle pompe di benzina la fila di auto in attesa inizia al cantar del gallo, e anche prima. Quasi tutte le pompe di benzina di questa area chiudono alle 12 per mancanza di prodotto, ed alcune, specialmente quelle in piccoli paesini, aprono tre volte a settimana. I mezzi pubblici sono limitati a pochi bus al giorno. In piccoli paesini che erano collegati prima della guerra, ora sono del tutto isolati. Molte strade sono impercorribili per l\u2019assenza totale di manutenzione.<\/p>\n<p align=\"justify\">Aiuti dal governo, zero.<\/p>\n<p align=\"justify\">La sanit\u00e0 \u00e8 allo stremo. Le farmacie, pur aperte, non hanno molto da offrire. Molte hanno scaffali vuoti, specialmente per prodotti dedicati alla maternit\u00e0 o per gli anziani. Gli ospedali sono allo stremo, e molti hanno chiuso interi reparti per mancanza di medicine e personale competente (senza carburante molti non possono prendere i mezzi di trasporto a lavoro). Le future mamme non sanno dove andare a partorire, poich\u00e9 molti ospedali hanno delegato tutto ad un unico edificio in Vinnytsia. In caso di emergenze, non ci sono speranze per chi si trova lontano dalla citt\u00e0 principale in zona. Alle madri partorienti il consiglio \u00e8 di prepararsi ad un parto in casa fai da te.<\/p>\n<p align=\"justify\">Aiuti dal governo, zero.<\/p>\n<p align=\"justify\">Non stupisce quindi che in questa zona molto vasta e rurale, la maggioranza dei cittadini \u00e8 fortemente contraria alle scelte politiche del governo ucraino. Quasi la totalit\u00e0 delle persone che parlano a porte chiuse ed in privato di quanto sta accadendo incolpa le scelte del presidente Zelensky ed il suo governo filoamericano per non aver evitato la guerra e negoziato con Putin prima della escalation militare. Potrei affermare che tutti sanno o comprendono che questo conflitto \u00e8 in atto per colpa di scelte politiche fatte oltre oceano e dalla NATO.<\/p>\n<p align=\"justify\">Soprattutto fra famiglie che sono fuggite dall\u2019est del paese, e che hanno perso tutto, esiste un astio fortissimo nei confronti di Zelensky e della NATO. Talvolta, ma sempre pi\u00f9 spesso, sembra quasi siano filorusse, pur non essendo tali.<\/p>\n<p align=\"justify\">Per la mancanza di carburanti e per problemi di materie prime, per tante famiglie non c\u2019\u00e8 lavoro. Molti uffici sono chiusi. Impossibile trovare notai e avvocati. Le fabbriche hanno chiuso. Se, quindi, per i contadini il problema del cibo viene risolto con gli animali a disposizione, per le famiglie delle piccole citt\u00e0 e villaggi rurali la fame \u00e8 alle porte. Si avvicina la fine dei generi alimentari ogni settimana che passa.<\/p>\n<p align=\"justify\">Aiuti dal governo, zero.<\/p>\n<p align=\"justify\">I ragazzi in et\u00e0 scolastica sono a casa da fine Febbraio. Le scuole sono chiuse. Sono le famiglie a prendersi il carico dei figli che restano tutto il giorno in casa. Se \u00e8 vero che esistono corsi online organizzati da molte scuole, \u00e8 altres\u00ec vero che la maggioranza delle famiglie non ha un collegamento internet adatto. \u00c8 noto che classi di 20 studenti a scuola vengono ora organizzate su piattaforme internet dove per\u00f2 si collegano in appena 5. Gli altri assenti per vari motivi, fra cui l\u2019impossibilit\u00e0 tecnica al collegamento, dovranno vedersela con il futuro.<\/p>\n<p align=\"justify\">La presenza dei giovani a casa obbliga alcune famiglie a dedicare loro il tempo che potrebbero dedicare al lavoro saltuario.<\/p>\n<p align=\"justify\">Aiuti dal governo, zero.<\/p>\n<p align=\"justify\">Quando i militari hanno chiesto di precettare tutti gli uomini di et\u00e0 superiore ai 18 anni, la maggioranza delle famiglie, soprattutto rurali, si \u00e8 ribellata. A met\u00e0 marzo i militari sono entrati in forze nelle case per il precetto. Ci sono state anche lotte e qualche ferito. Si \u00e8 saputo anche di alcuni morti. Molti uomini non intendevano andare a lottare per una guerra che veniva loro imposta su basi errate.<\/p>\n<p align=\"justify\">In alcuni paesini, gli uomini e ragazzi giovani, avvisati dell\u2019arrivo dei militari che precettavano, sono fuggiti nei boschi per qualche giorno. I contadini si sono rifiutati lasciare le loro terre ed hanno risolto proponendo una specie di guardia locale notturna, respingendo cos\u00ec le richieste di precettazione.<\/p>\n<p align=\"justify\">Altri paesini non sono stati cos\u00ec fortunati. Alcuni paesini a nord hanno subito la visita di paramilitari che non hanno sentito scuse e con la forza hanno portato via i figli maggiorenni, non senza molestie e violenza inaccettabile.<\/p>\n<p align=\"justify\">Siccome poi questo paese stupendo \u00e8 vittima di una corruzione endemica quasi indistruttibile (per\u00f2 \u00e8 pronta ad entrare nella UE), spesso le famiglie hanno trovato chi, sotto ricompensa in denaro, ha tralasciato l\u2019obbligo di precettazione militare in ufficio.<\/p>\n<p align=\"justify\">In molti maledicono per la morte del figlio o marito ad est o a nord, il governo ucraino. Quando in TV appare il presidente, parole che qui non si possono trascrivere vengono a lui indirizzate. C\u2019\u00e8 da essere anche pragmatici: la morte del marito o figlio per una famiglia vuol dire la fine di un introito finanziario in famiglia.<\/p>\n<p align=\"justify\">Aiuti dal governo, zero.<\/p>\n<p align=\"justify\">Vi sono poi racconti che destano ilarit\u00e0. Come, per esempio, quello degli uomini precettati nei pressi di Haisyn, alcuni anche volontari, e trasportati di notte nelle caserme locali. Dopo una buona dormita in caserma, la met\u00e0 \u00e8 stata spedita a casa perch\u00e9 mancavano fucili e armi a sufficienza. L\u2019altra met\u00e0 \u00e8 rimasta per istruzioni e allenamento. Di quest\u2019ultima, pochissimi hanno resistito al test, mentre la maggioranza \u00e8 rientrata in serata a casa perch\u00e9 \u201cinutile allo scopo militare\u201d. Si dice che avessero bevuto la vodka locale pi\u00f9 del dovuto.<\/p>\n<p align=\"justify\">Ma ci sono racconti strazianti per quanto concerne gli anziani. C\u2019\u00e8 un numero sempre crescente di anziani deceduti in casa perch\u00e9 privi di assistenza sociale e medica in questo periodo. Sono spenti i numeri di assistenza e soccorso in questa zona. Risulta quasi impossibile chiamare una autoambulanza in zone fuori citt\u00e0 (sempre per la mancanza di carburanti e personale). Vi sono casi crescenti di anziani affamati che stanziano davanti alle proprie abitazioni chiedendo aiuto o cibo.<\/p>\n<p align=\"justify\">Aiuti dal governo, zero.<\/p>\n<p align=\"justify\">Quindi, anche se la guerra in corso sembra un lontano avvenimento visto sui media, la popolazione ucraina ad ovest del fiume Dnipro ne soffre le conseguenze e molte famiglie sono in sofferenza, in fame e povert\u00e0. Molti paesini, molti contadini, tante famiglie, sono allo stremo.<\/p>\n<p align=\"justify\">E mentre uno si aspetterebbe che i miliardi di dollari americani o i miliardi di euro stanziati dalla UE, servissero anche alle famiglie che di fatto vivono ancora in Ucraina, la realt\u00e0 \u00e8 che di questi soldi, queste famiglie, questi lavoratori, questi contadini, queste farmacie, queste scuole, questi ospedali, ne hanno visto i numeri in televisione.<\/p>\n<p align=\"justify\">Aiuti dal governo, zero.<\/p>\n<p align=\"justify\">La beffa in tutto ci\u00f2 \u00e8 che il governo ed i militari, chiedono incessantemente aiuti finanziari a tutti ed in tutti i modi, anche violenti. Sulle bollette del gas ed elettricit\u00e0. Quando si paga il gestore internet online. Quando si fa un prelievo bancomat. Quando ci si collega ad internet. E, purtroppo, passando di casa in casa di messi della caserma locale, che spesso poi segnalano all\u2019ufficio locale chi ha donato fondi per i militari e chi non lo ha fatto. Il resto \u00e8 noto.<\/p>\n<p align=\"justify\">Il governo di Kiev non ha aiutato affatto gli abitanti rimasti in Ucraina. Non ha alzato un dito in loro aiuto, nonostante le presunte dotazioni economiche dei paesi alleati.<\/p>\n<p align=\"justify\">Quanto sopra, se non altro, dimostra quanta ipocrisia vi sia non solo in Europa, ma anche in questo paese martoriato e mal governato, non in nome di una pace e di una politica estera atta alla pace, ma in nome di forze politiche, economiche e militari estere (per nominarne due, gli Stati Uniti d\u2019America e la NATO).<\/p>\n<p align=\"justify\">Questa cronaca \u00e8 stata fatta da chi si trova in questi luoghi, vivendo di persona avvenimenti e fatti, e verificando quanto raccontato a mezzo collegamenti personali e conoscenze in uffici menzionati.<\/p>\n<p style=\"text-align: right;\" align=\"justify\"><strong>A.S.<\/strong><\/p>\n","protected":false},"excerpt":{"rendered":"<p>Abbiamo ricevuto come Europa per la Pace questa lettera da un italiano che vive in Ucraina e volentieri la pubblichiamo. E&#8217; ricca di dettagli e informazioni sulla vita quotidiana nelle zone non colpite direttamente dalla guerra ed emergono realt\u00e0 sconcertanti.&hellip;<\/p>\n","protected":false},"author":2102,"featured_media":1566776,"comment_status":"closed","ping_status":"closed","sticky":false,"template":"","format":"standard","meta":{"footnotes":""},"categories":[11388,47,1263],"tags":[101255,365,8514,100199],"class_list":["post-1566774","post","type-post","status-publish","format-standard","has-post-thumbnail","hentry","category-contenuti-originali","category-europa","category-pace-disarmo","tag-dnipro","tag-guerra","tag-ucraina","tag-zelensky-it"],"yoast_head":"<!-- This site is optimized with the Yoast SEO plugin v27.1.1 - https:\/\/yoast.com\/product\/yoast-seo-wordpress\/ -->\n<title>L&#039;altro volto della guerra: testimonianza di un italiano dall&#039;Ucraina dimenticata<\/title>\n<meta name=\"description\" content=\"Abbiamo ricevuto come Europa per la Pace questa lettera da un italiano che vive in Ucraina e volentieri la pubblichiamo. E&#039; ricca di dettagli e\" \/>\n<meta name=\"robots\" content=\"index, follow, max-snippet:-1, max-image-preview:large, max-video-preview:-1\" \/>\n<link rel=\"canonical\" href=\"https:\/\/www.pressenza.com\/it\/2022\/04\/laltro-volto-della-guerra-testimonianza-di-un-italiano-dallucraina-dimenticata\/\" \/>\n<meta property=\"og:locale\" content=\"it_IT\" \/>\n<meta property=\"og:type\" content=\"article\" \/>\n<meta property=\"og:title\" content=\"L&#039;altro volto della guerra: testimonianza di un italiano dall&#039;Ucraina dimenticata\" \/>\n<meta property=\"og:description\" content=\"Abbiamo ricevuto come Europa per la Pace questa lettera da un italiano che vive in Ucraina e volentieri la pubblichiamo. E&#039; ricca di dettagli e\" \/>\n<meta property=\"og:url\" content=\"https:\/\/www.pressenza.com\/it\/2022\/04\/laltro-volto-della-guerra-testimonianza-di-un-italiano-dallucraina-dimenticata\/\" \/>\n<meta property=\"og:site_name\" content=\"Pressenza\" \/>\n<meta property=\"article:publisher\" content=\"https:\/\/www.facebook.com\/PressenzaItalia\" \/>\n<meta property=\"article:published_time\" content=\"2022-04-19T08:33:07+00:00\" \/>\n<meta property=\"article:modified_time\" content=\"2022-04-19T13:23:18+00:00\" \/>\n<meta property=\"og:image\" content=\"https:\/\/www.pressenza.com\/wp-content\/uploads\/2022\/04\/Italiano-in-Ucraina.jpg\" \/>\n\t<meta property=\"og:image:width\" content=\"1920\" \/>\n\t<meta property=\"og:image:height\" content=\"1120\" \/>\n\t<meta property=\"og:image:type\" content=\"image\/jpeg\" \/>\n<meta name=\"author\" content=\"Europe for Peace\" \/>\n<meta name=\"twitter:card\" content=\"summary_large_image\" \/>\n<meta name=\"twitter:creator\" content=\"@PressenzaIPA\" \/>\n<meta name=\"twitter:site\" content=\"@PressenzaIPA\" \/>\n<meta name=\"twitter:label1\" content=\"Scritto da\" \/>\n\t<meta name=\"twitter:data1\" content=\"Europe for Peace\" \/>\n\t<meta name=\"twitter:label2\" content=\"Tempo di lettura stimato\" \/>\n\t<meta name=\"twitter:data2\" content=\"10 minuti\" \/>\n<script type=\"application\/ld+json\" class=\"yoast-schema-graph\">{\"@context\":\"https:\/\/schema.org\",\"@graph\":[{\"@type\":\"Article\",\"@id\":\"https:\/\/www.pressenza.com\/it\/2022\/04\/laltro-volto-della-guerra-testimonianza-di-un-italiano-dallucraina-dimenticata\/#article\",\"isPartOf\":{\"@id\":\"https:\/\/www.pressenza.com\/it\/2022\/04\/laltro-volto-della-guerra-testimonianza-di-un-italiano-dallucraina-dimenticata\/\"},\"author\":{\"name\":\"Europe for Peace\",\"@id\":\"https:\/\/www.pressenza.com\/it\/#\/schema\/person\/69b9bf000cb278ca2d4ea401137ed0ce\"},\"headline\":\"L&#8217;altro volto della guerra: testimonianza di un italiano dall&#8217;Ucraina dimenticata\",\"datePublished\":\"2022-04-19T08:33:07+00:00\",\"dateModified\":\"2022-04-19T13:23:18+00:00\",\"mainEntityOfPage\":{\"@id\":\"https:\/\/www.pressenza.com\/it\/2022\/04\/laltro-volto-della-guerra-testimonianza-di-un-italiano-dallucraina-dimenticata\/\"},\"wordCount\":1742,\"publisher\":{\"@id\":\"https:\/\/www.pressenza.com\/it\/#organization\"},\"image\":{\"@id\":\"https:\/\/www.pressenza.com\/it\/2022\/04\/laltro-volto-della-guerra-testimonianza-di-un-italiano-dallucraina-dimenticata\/#primaryimage\"},\"thumbnailUrl\":\"https:\/\/www.pressenza.com\/wp-content\/uploads\/2022\/04\/Italiano-in-Ucraina.jpg\",\"keywords\":[\"Dnipro\",\"guerra\",\"Ucraina\",\"Zelensky\"],\"articleSection\":[\"contenuti originali\",\"Europa\",\"Pace e Disarmo\"],\"inLanguage\":\"it-IT\"},{\"@type\":\"WebPage\",\"@id\":\"https:\/\/www.pressenza.com\/it\/2022\/04\/laltro-volto-della-guerra-testimonianza-di-un-italiano-dallucraina-dimenticata\/\",\"url\":\"https:\/\/www.pressenza.com\/it\/2022\/04\/laltro-volto-della-guerra-testimonianza-di-un-italiano-dallucraina-dimenticata\/\",\"name\":\"L'altro volto della guerra: testimonianza di un italiano dall'Ucraina dimenticata\",\"isPartOf\":{\"@id\":\"https:\/\/www.pressenza.com\/it\/#website\"},\"primaryImageOfPage\":{\"@id\":\"https:\/\/www.pressenza.com\/it\/2022\/04\/laltro-volto-della-guerra-testimonianza-di-un-italiano-dallucraina-dimenticata\/#primaryimage\"},\"image\":{\"@id\":\"https:\/\/www.pressenza.com\/it\/2022\/04\/laltro-volto-della-guerra-testimonianza-di-un-italiano-dallucraina-dimenticata\/#primaryimage\"},\"thumbnailUrl\":\"https:\/\/www.pressenza.com\/wp-content\/uploads\/2022\/04\/Italiano-in-Ucraina.jpg\",\"datePublished\":\"2022-04-19T08:33:07+00:00\",\"dateModified\":\"2022-04-19T13:23:18+00:00\",\"description\":\"Abbiamo ricevuto come Europa per la Pace questa lettera da un italiano che vive in Ucraina e volentieri la pubblichiamo. E' ricca di dettagli e\",\"breadcrumb\":{\"@id\":\"https:\/\/www.pressenza.com\/it\/2022\/04\/laltro-volto-della-guerra-testimonianza-di-un-italiano-dallucraina-dimenticata\/#breadcrumb\"},\"inLanguage\":\"it-IT\",\"potentialAction\":[{\"@type\":\"ReadAction\",\"target\":[\"https:\/\/www.pressenza.com\/it\/2022\/04\/laltro-volto-della-guerra-testimonianza-di-un-italiano-dallucraina-dimenticata\/\"]}]},{\"@type\":\"ImageObject\",\"inLanguage\":\"it-IT\",\"@id\":\"https:\/\/www.pressenza.com\/it\/2022\/04\/laltro-volto-della-guerra-testimonianza-di-un-italiano-dallucraina-dimenticata\/#primaryimage\",\"url\":\"https:\/\/www.pressenza.com\/wp-content\/uploads\/2022\/04\/Italiano-in-Ucraina.jpg\",\"contentUrl\":\"https:\/\/www.pressenza.com\/wp-content\/uploads\/2022\/04\/Italiano-in-Ucraina.jpg\",\"width\":1920,\"height\":1120},{\"@type\":\"BreadcrumbList\",\"@id\":\"https:\/\/www.pressenza.com\/it\/2022\/04\/laltro-volto-della-guerra-testimonianza-di-un-italiano-dallucraina-dimenticata\/#breadcrumb\",\"itemListElement\":[{\"@type\":\"ListItem\",\"position\":1,\"name\":\"Accueil\",\"item\":\"https:\/\/www.pressenza.com\/it\/\"},{\"@type\":\"ListItem\",\"position\":2,\"name\":\"L&#8217;altro volto della guerra: testimonianza di un italiano dall&#8217;Ucraina dimenticata\"}]},{\"@type\":\"WebSite\",\"@id\":\"https:\/\/www.pressenza.com\/it\/#website\",\"url\":\"https:\/\/www.pressenza.com\/it\/\",\"name\":\"Pressenza\",\"description\":\"Agenzia di Stampa Internazionale\",\"publisher\":{\"@id\":\"https:\/\/www.pressenza.com\/it\/#organization\"},\"potentialAction\":[{\"@type\":\"SearchAction\",\"target\":{\"@type\":\"EntryPoint\",\"urlTemplate\":\"https:\/\/www.pressenza.com\/it\/?s={search_term_string}\"},\"query-input\":{\"@type\":\"PropertyValueSpecification\",\"valueRequired\":true,\"valueName\":\"search_term_string\"}}],\"inLanguage\":\"it-IT\"},{\"@type\":\"Organization\",\"@id\":\"https:\/\/www.pressenza.com\/it\/#organization\",\"name\":\"Pressenza\",\"url\":\"https:\/\/www.pressenza.com\/it\/\",\"logo\":{\"@type\":\"ImageObject\",\"inLanguage\":\"it-IT\",\"@id\":\"https:\/\/www.pressenza.com\/it\/#\/schema\/logo\/image\/\",\"url\":\"https:\/\/www.pressenza.com\/wp-content\/uploads\/2022\/10\/pressenza_logo_200x200.jpg\",\"contentUrl\":\"https:\/\/www.pressenza.com\/wp-content\/uploads\/2022\/10\/pressenza_logo_200x200.jpg\",\"width\":200,\"height\":200,\"caption\":\"Pressenza\"},\"image\":{\"@id\":\"https:\/\/www.pressenza.com\/it\/#\/schema\/logo\/image\/\"},\"sameAs\":[\"https:\/\/www.facebook.com\/PressenzaItalia\",\"https:\/\/x.com\/PressenzaIPA\"]},{\"@type\":\"Person\",\"@id\":\"https:\/\/www.pressenza.com\/it\/#\/schema\/person\/69b9bf000cb278ca2d4ea401137ed0ce\",\"name\":\"Europe for Peace\",\"description\":\"The idea of carrying out this campaign arose in Lisbon, in the European Humanist Forum of November 2006 in the working group of Peace and Nonviolence. Different organizations participated and different opinions converged very clearly on one issue: violence in the world, the return of the nuclear arms race, the danger of a nuclear catastrophe and the need to urgently change the course of events. The words of Gandhi, M. L. King and Silo resounded in our minds on the importance of having faith in life and on the great force that nonviolence is. We were inspired by these examples. The declaration was officially presented in Prague on February 22, 2007 during a conference organized by Humanist movement. The declaration is the fruit of the labor of several people and organizations and tries to synthesize common opinions and concentrate on the issue of nuclear weapons. This campaign is open to all, and everyone can give their contribution to develop it. www.europeforpeace.eu\",\"url\":\"https:\/\/www.pressenza.com\/it\/author\/europa-per-la-pace\/\"}]}<\/script>\n<!-- \/ Yoast SEO plugin. -->","yoast_head_json":{"title":"L'altro volto della guerra: testimonianza di un italiano dall'Ucraina dimenticata","description":"Abbiamo ricevuto come Europa per la Pace questa lettera da un italiano che vive in Ucraina e volentieri la pubblichiamo. E' ricca di dettagli e","robots":{"index":"index","follow":"follow","max-snippet":"max-snippet:-1","max-image-preview":"max-image-preview:large","max-video-preview":"max-video-preview:-1"},"canonical":"https:\/\/www.pressenza.com\/it\/2022\/04\/laltro-volto-della-guerra-testimonianza-di-un-italiano-dallucraina-dimenticata\/","og_locale":"it_IT","og_type":"article","og_title":"L'altro volto della guerra: testimonianza di un italiano dall'Ucraina dimenticata","og_description":"Abbiamo ricevuto come Europa per la Pace questa lettera da un italiano che vive in Ucraina e volentieri la pubblichiamo. E' ricca di dettagli e","og_url":"https:\/\/www.pressenza.com\/it\/2022\/04\/laltro-volto-della-guerra-testimonianza-di-un-italiano-dallucraina-dimenticata\/","og_site_name":"Pressenza","article_publisher":"https:\/\/www.facebook.com\/PressenzaItalia","article_published_time":"2022-04-19T08:33:07+00:00","article_modified_time":"2022-04-19T13:23:18+00:00","og_image":[{"width":1920,"height":1120,"url":"https:\/\/www.pressenza.com\/wp-content\/uploads\/2022\/04\/Italiano-in-Ucraina.jpg","type":"image\/jpeg"}],"author":"Europe for Peace","twitter_card":"summary_large_image","twitter_creator":"@PressenzaIPA","twitter_site":"@PressenzaIPA","twitter_misc":{"Scritto da":"Europe for Peace","Tempo di lettura stimato":"10 minuti"},"schema":{"@context":"https:\/\/schema.org","@graph":[{"@type":"Article","@id":"https:\/\/www.pressenza.com\/it\/2022\/04\/laltro-volto-della-guerra-testimonianza-di-un-italiano-dallucraina-dimenticata\/#article","isPartOf":{"@id":"https:\/\/www.pressenza.com\/it\/2022\/04\/laltro-volto-della-guerra-testimonianza-di-un-italiano-dallucraina-dimenticata\/"},"author":{"name":"Europe for Peace","@id":"https:\/\/www.pressenza.com\/it\/#\/schema\/person\/69b9bf000cb278ca2d4ea401137ed0ce"},"headline":"L&#8217;altro volto della guerra: testimonianza di un italiano dall&#8217;Ucraina dimenticata","datePublished":"2022-04-19T08:33:07+00:00","dateModified":"2022-04-19T13:23:18+00:00","mainEntityOfPage":{"@id":"https:\/\/www.pressenza.com\/it\/2022\/04\/laltro-volto-della-guerra-testimonianza-di-un-italiano-dallucraina-dimenticata\/"},"wordCount":1742,"publisher":{"@id":"https:\/\/www.pressenza.com\/it\/#organization"},"image":{"@id":"https:\/\/www.pressenza.com\/it\/2022\/04\/laltro-volto-della-guerra-testimonianza-di-un-italiano-dallucraina-dimenticata\/#primaryimage"},"thumbnailUrl":"https:\/\/www.pressenza.com\/wp-content\/uploads\/2022\/04\/Italiano-in-Ucraina.jpg","keywords":["Dnipro","guerra","Ucraina","Zelensky"],"articleSection":["contenuti originali","Europa","Pace e Disarmo"],"inLanguage":"it-IT"},{"@type":"WebPage","@id":"https:\/\/www.pressenza.com\/it\/2022\/04\/laltro-volto-della-guerra-testimonianza-di-un-italiano-dallucraina-dimenticata\/","url":"https:\/\/www.pressenza.com\/it\/2022\/04\/laltro-volto-della-guerra-testimonianza-di-un-italiano-dallucraina-dimenticata\/","name":"L'altro volto della guerra: testimonianza di un italiano dall'Ucraina dimenticata","isPartOf":{"@id":"https:\/\/www.pressenza.com\/it\/#website"},"primaryImageOfPage":{"@id":"https:\/\/www.pressenza.com\/it\/2022\/04\/laltro-volto-della-guerra-testimonianza-di-un-italiano-dallucraina-dimenticata\/#primaryimage"},"image":{"@id":"https:\/\/www.pressenza.com\/it\/2022\/04\/laltro-volto-della-guerra-testimonianza-di-un-italiano-dallucraina-dimenticata\/#primaryimage"},"thumbnailUrl":"https:\/\/www.pressenza.com\/wp-content\/uploads\/2022\/04\/Italiano-in-Ucraina.jpg","datePublished":"2022-04-19T08:33:07+00:00","dateModified":"2022-04-19T13:23:18+00:00","description":"Abbiamo ricevuto come Europa per la Pace questa lettera da un italiano che vive in Ucraina e volentieri la pubblichiamo. E' ricca di dettagli e","breadcrumb":{"@id":"https:\/\/www.pressenza.com\/it\/2022\/04\/laltro-volto-della-guerra-testimonianza-di-un-italiano-dallucraina-dimenticata\/#breadcrumb"},"inLanguage":"it-IT","potentialAction":[{"@type":"ReadAction","target":["https:\/\/www.pressenza.com\/it\/2022\/04\/laltro-volto-della-guerra-testimonianza-di-un-italiano-dallucraina-dimenticata\/"]}]},{"@type":"ImageObject","inLanguage":"it-IT","@id":"https:\/\/www.pressenza.com\/it\/2022\/04\/laltro-volto-della-guerra-testimonianza-di-un-italiano-dallucraina-dimenticata\/#primaryimage","url":"https:\/\/www.pressenza.com\/wp-content\/uploads\/2022\/04\/Italiano-in-Ucraina.jpg","contentUrl":"https:\/\/www.pressenza.com\/wp-content\/uploads\/2022\/04\/Italiano-in-Ucraina.jpg","width":1920,"height":1120},{"@type":"BreadcrumbList","@id":"https:\/\/www.pressenza.com\/it\/2022\/04\/laltro-volto-della-guerra-testimonianza-di-un-italiano-dallucraina-dimenticata\/#breadcrumb","itemListElement":[{"@type":"ListItem","position":1,"name":"Accueil","item":"https:\/\/www.pressenza.com\/it\/"},{"@type":"ListItem","position":2,"name":"L&#8217;altro volto della guerra: testimonianza di un italiano dall&#8217;Ucraina dimenticata"}]},{"@type":"WebSite","@id":"https:\/\/www.pressenza.com\/it\/#website","url":"https:\/\/www.pressenza.com\/it\/","name":"Pressenza","description":"Agenzia di Stampa Internazionale","publisher":{"@id":"https:\/\/www.pressenza.com\/it\/#organization"},"potentialAction":[{"@type":"SearchAction","target":{"@type":"EntryPoint","urlTemplate":"https:\/\/www.pressenza.com\/it\/?s={search_term_string}"},"query-input":{"@type":"PropertyValueSpecification","valueRequired":true,"valueName":"search_term_string"}}],"inLanguage":"it-IT"},{"@type":"Organization","@id":"https:\/\/www.pressenza.com\/it\/#organization","name":"Pressenza","url":"https:\/\/www.pressenza.com\/it\/","logo":{"@type":"ImageObject","inLanguage":"it-IT","@id":"https:\/\/www.pressenza.com\/it\/#\/schema\/logo\/image\/","url":"https:\/\/www.pressenza.com\/wp-content\/uploads\/2022\/10\/pressenza_logo_200x200.jpg","contentUrl":"https:\/\/www.pressenza.com\/wp-content\/uploads\/2022\/10\/pressenza_logo_200x200.jpg","width":200,"height":200,"caption":"Pressenza"},"image":{"@id":"https:\/\/www.pressenza.com\/it\/#\/schema\/logo\/image\/"},"sameAs":["https:\/\/www.facebook.com\/PressenzaItalia","https:\/\/x.com\/PressenzaIPA"]},{"@type":"Person","@id":"https:\/\/www.pressenza.com\/it\/#\/schema\/person\/69b9bf000cb278ca2d4ea401137ed0ce","name":"Europe for Peace","description":"The idea of carrying out this campaign arose in Lisbon, in the European Humanist Forum of November 2006 in the working group of Peace and Nonviolence. Different organizations participated and different opinions converged very clearly on one issue: violence in the world, the return of the nuclear arms race, the danger of a nuclear catastrophe and the need to urgently change the course of events. The words of Gandhi, M. L. King and Silo resounded in our minds on the importance of having faith in life and on the great force that nonviolence is. We were inspired by these examples. The declaration was officially presented in Prague on February 22, 2007 during a conference organized by Humanist movement. The declaration is the fruit of the labor of several people and organizations and tries to synthesize common opinions and concentrate on the issue of nuclear weapons. This campaign is open to all, and everyone can give their contribution to develop it. www.europeforpeace.eu","url":"https:\/\/www.pressenza.com\/it\/author\/europa-per-la-pace\/"}]}},"place":"","original_article_url":"","_links":{"self":[{"href":"https:\/\/www.pressenza.com\/it\/wp-json\/wp\/v2\/posts\/1566774","targetHints":{"allow":["GET"]}}],"collection":[{"href":"https:\/\/www.pressenza.com\/it\/wp-json\/wp\/v2\/posts"}],"about":[{"href":"https:\/\/www.pressenza.com\/it\/wp-json\/wp\/v2\/types\/post"}],"author":[{"embeddable":true,"href":"https:\/\/www.pressenza.com\/it\/wp-json\/wp\/v2\/users\/2102"}],"replies":[{"embeddable":true,"href":"https:\/\/www.pressenza.com\/it\/wp-json\/wp\/v2\/comments?post=1566774"}],"version-history":[{"count":0,"href":"https:\/\/www.pressenza.com\/it\/wp-json\/wp\/v2\/posts\/1566774\/revisions"}],"wp:featuredmedia":[{"embeddable":true,"href":"https:\/\/www.pressenza.com\/it\/wp-json\/wp\/v2\/media\/1566776"}],"wp:attachment":[{"href":"https:\/\/www.pressenza.com\/it\/wp-json\/wp\/v2\/media?parent=1566774"}],"wp:term":[{"taxonomy":"category","embeddable":true,"href":"https:\/\/www.pressenza.com\/it\/wp-json\/wp\/v2\/categories?post=1566774"},{"taxonomy":"post_tag","embeddable":true,"href":"https:\/\/www.pressenza.com\/it\/wp-json\/wp\/v2\/tags?post=1566774"}],"curies":[{"name":"wp","href":"https:\/\/api.w.org\/{rel}","templated":true}]}}