{"id":155594,"date":"2015-01-07T22:00:21","date_gmt":"2015-01-07T22:00:21","guid":{"rendered":"http:\/\/www.pressenza.com\/?p=155594"},"modified":"2015-01-07T22:00:21","modified_gmt":"2015-01-07T22:00:21","slug":"charlie-hebdo-artisti-da-tutto-il-mondo-rispondono","status":"publish","type":"post","link":"https:\/\/www.pressenza.com\/it\/2015\/01\/charlie-hebdo-artisti-da-tutto-il-mondo-rispondono\/","title":{"rendered":"Charlie Hebdo: artisti da tutto il mondo rispondono"},"content":{"rendered":"<p>Artisti e vignettisti di tutto il mondo piangono le vittime della sparatoria al settimanale satirico francese Charlie Hebdo a Parigi che ha causato 12 morti e rispondono prendendo in mano le loro armi: penne, matite e colori.<\/p>\n<blockquote class=\"twitter-tweet\" lang=\"it\"><p><a href=\"https:\/\/twitter.com\/hashtag\/CharlieHebdo?src=hash\">#CharlieHebdo<\/a> <a href=\"http:\/\/t.co\/jIBbrIShe8\">pic.twitter.com\/jIBbrIShe8<\/a><\/p>\n<p>\u2014 Francisco J. Olea (@oleismos) <a href=\"https:\/\/twitter.com\/oleismos\/status\/552829704785633280\">7 Gennaio 2015<\/a><\/p><\/blockquote>\n<blockquote><p><script src=\"\/\/platform.twitter.com\/widgets.js\" async=\"\" charset=\"utf-8\"><\/script>Prendiamo le armi, compagni!\n<\/p><\/blockquote>\n<blockquote class=\"twitter-tweet\" lang=\"it\"><p>\nA terrible day for all cartoonists. <a href=\"https:\/\/twitter.com\/hashtag\/JeSuisCharlie?src=hash\">#JeSuisCharlie<\/a> <a href=\"http:\/\/t.co\/Ksbl89WLsE\">pic.twitter.com\/Ksbl89WLsE<\/a><\/p>\n<p>\u2014 Magnus Shaw (@TheMagnusShaw) <a href=\"https:\/\/twitter.com\/TheMagnusShaw\/status\/552870218545238018\">7 Gennaio 2015<\/a>\n<\/p><\/blockquote>\n<p><script src=\"\/\/platform.twitter.com\/widgets.js\" async=\"\" charset=\"utf-8\"><\/script><\/p>\n<blockquote><p>Un giorno terribile per tutti i vignettisti.<\/p><\/blockquote>\n<blockquote class=\"twitter-tweet\" lang=\"it\"><p>Can&#8217;t sleep tonight, thoughts with my French cartooning colleagues, their families and loved ones <a href=\"https:\/\/twitter.com\/hashtag\/CharlieHebdo?src=hash\">#CharlieHebdo<\/a> <a href=\"http:\/\/t.co\/LqIMRCHPgK\">pic.twitter.com\/LqIMRCHPgK<\/a><\/p>\n<p>\u2014 David Pope (@davpope) <a href=\"https:\/\/twitter.com\/davpope\/status\/552844593046097920\">7 Gennaio 2015<\/a><\/p><\/blockquote>\n<blockquote><p><script src=\"\/\/platform.twitter.com\/widgets.js\" async=\"\" charset=\"utf-8\"><\/script>Non riesco a dormire stanotte, i miei pensieri vanno ai miei colleghi vignettisti francesi, le loro famiglie e i loro cari.\n<\/p><\/blockquote>\n<blockquote class=\"twitter-tweet\" lang=\"it\"><p>\nUna matita signori assassini spietatamente vi ridicolizzer\u00e0 (anche davanti ad Allah) <a href=\"https:\/\/twitter.com\/hashtag\/jesuischarly?src=hash\">#jesuischarly<\/a> <a href=\"https:\/\/twitter.com\/hashtag\/CharlieHebdo?src=hash\">#CharlieHebdo<\/a> <a href=\"http:\/\/t.co\/u3e1tS1R5Y\">pic.twitter.com\/u3e1tS1R5Y<\/a><\/p>\n<p>\u2014 Resilient Reporter (@RosaBiancaBooks) <a href=\"https:\/\/twitter.com\/RosaBiancaBooks\/status\/552924582496436224\">7 Gennaio 2015<\/a>\n<\/p><\/blockquote>\n<p><script src=\"\/\/platform.twitter.com\/widgets.js\" async=\"\" charset=\"utf-8\"><\/script><\/p>\n<blockquote><p>L&#8217;amore \u00e8 pi\u00f9 forte dell&#8217;odio.<\/p><\/blockquote>\n<blockquote class=\"twitter-tweet\" lang=\"it\"><p>I am devastated by what just happened in France. <a href=\"https:\/\/twitter.com\/hashtag\/CharlieHebdo?src=hash\">#CharlieHebdo<\/a> <a href=\"http:\/\/t.co\/IxEbScqYFh\">pic.twitter.com\/IxEbScqYFh<\/a><\/p>\n<p>\u2014 jean jullien (@jean_jullien) <a href=\"https:\/\/twitter.com\/jean_jullien\/status\/552829637215408128\">7 Gennaio 2015<\/a><\/p><\/blockquote>\n<blockquote><p><script src=\"\/\/platform.twitter.com\/widgets.js\" async=\"\" charset=\"utf-8\"><\/script>Sono distrutto da quello che \u00e8 appena successo in Francia.\n<\/p><\/blockquote>\n<blockquote class=\"twitter-tweet\" lang=\"it\"><p>\nAtentado a Charlie Hebdo. <a href=\"http:\/\/t.co\/TBlz9pBuI7\">http:\/\/t.co\/TBlz9pBuI7<\/a> <a href=\"http:\/\/t.co\/3UrweOEYK0\">pic.twitter.com\/3UrweOEYK0<\/a><\/p>\n<p>\u2014 Bernardo Erlich (@berlich) <a href=\"https:\/\/twitter.com\/berlich\/status\/552809548629934080\">7 Gennaio 2015<\/a>\n<\/p><\/blockquote>\n<p><script src=\"\/\/platform.twitter.com\/widgets.js\" async=\"\" charset=\"utf-8\"><\/script><\/p>\n<blockquote><p>Il mondo \u00e8 diventato talmente serio che fare umorismo \u00e8 diventata una professione rischiosa.<\/p><\/blockquote>\n<blockquote class=\"twitter-tweet\" lang=\"it\"><p>Please, RT! <a href=\"https:\/\/twitter.com\/hashtag\/CharlieHebdo?src=hash\">#CharlieHebdo<\/a> attack has another victim! Via <a href=\"https:\/\/twitter.com\/MiddleEastMnt\">@MiddleEastMnt<\/a> <a href=\"https:\/\/twitter.com\/hashtag\/ParisShooting?src=hash\">#ParisShooting<\/a> <a href=\"http:\/\/t.co\/PNesB88POL\">pic.twitter.com\/PNesB88POL<\/a><\/p>\n<p>\u2014 Carlos Latuff (@LatuffCartoons) <a href=\"https:\/\/twitter.com\/LatuffCartoons\/status\/552847548776742914\">7 Gennaio 2015<\/a><\/p><\/blockquote>\n<blockquote><p><script src=\"\/\/platform.twitter.com\/widgets.js\" async=\"\" charset=\"utf-8\"><\/script>Le altre vittime dell&#8217;attacco al Charlie Hebdo.\n<\/p><\/blockquote>\n<blockquote class=\"twitter-tweet\" lang=\"it\"><p>\nSolidarit\u00e9 avec <a href=\"https:\/\/twitter.com\/hashtag\/ChalieHebdo?src=hash\">#ChalieHebdo<\/a> <a href=\"http:\/\/t.co\/3DWVu9bwg2\">pic.twitter.com\/3DWVu9bwg2<\/a><\/p>\n<p>\u2014 Tomi Ungerer (@TomiUngerer) <a href=\"https:\/\/twitter.com\/TomiUngerer\/status\/552826951820652544\">7 Gennaio 2015<\/a>\n<\/p><\/blockquote>\n<p><script src=\"\/\/platform.twitter.com\/widgets.js\" async=\"\" charset=\"utf-8\"><\/script><\/p>\n<blockquote><p>Non c&#8217;\u00e8 libert\u00e0 senza libert\u00e0 di stampa.<\/p><\/blockquote>\n<blockquote class=\"twitter-tweet\" lang=\"it\"><p>Ironia e satira: forme raffinate di intelligenza che fanno paura. <a href=\"https:\/\/twitter.com\/hashtag\/CharlieHebdo?src=hash\">#CharlieHebdo<\/a> <a href=\"https:\/\/twitter.com\/hashtag\/JeSuisCharlie?src=hash\">#JeSuisCharlie<\/a> <a href=\"http:\/\/t.co\/GEpyCepqzL\">pic.twitter.com\/GEpyCepqzL<\/a><\/p>\n<p>\u2014 Nunzia Palmieri (@nunziapalmieri1) <a href=\"https:\/\/twitter.com\/nunziapalmieri1\/status\/552910800047067136\">7 Gennaio 2015<\/a><\/p><\/blockquote>\n<p><script src=\"\/\/platform.twitter.com\/widgets.js\" async=\"\" charset=\"utf-8\"><\/script><\/p>\n","protected":false},"excerpt":{"rendered":"<p>Artisti e vignettisti di tutto il mondo piangono le vittime della sparatoria al settimanale satirico francese Charlie Hebdo a Parigi che ha causato 12 morti e rispondono prendendo in mano le loro armi: penne, matite e colori. #CharlieHebdo pic.twitter.com\/jIBbrIShe8 \u2014&hellip;<\/p>\n","protected":false},"author":594,"featured_media":155598,"comment_status":"closed","ping_status":"open","sticky":false,"template":"","format":"standard","meta":{"footnotes":""},"categories":[11388,56,47,1262],"tags":[15250,460,3673],"class_list":["post-155594","post","type-post","status-publish","format-standard","has-post-thumbnail","hentry","category-contenuti-originali","category-cultura","category-europa","category-nonviolenza-argomento","tag-charlie-hebdo-it","tag-nonviolenza","tag-parigi"],"yoast_head":"<!-- This site is optimized with the Yoast SEO plugin v27.1.1 - https:\/\/yoast.com\/product\/yoast-seo-wordpress\/ -->\n<title>Charlie Hebdo: artisti da tutto il mondo rispondono<\/title>\n<meta name=\"description\" content=\"Artisti e vignettisti di tutto il mondo piangono le vittime della sparatoria al settimanale satirico francese Charlie Hebdo.\" \/>\n<meta name=\"robots\" content=\"index, follow, max-snippet:-1, max-image-preview:large, max-video-preview:-1\" \/>\n<link rel=\"canonical\" href=\"https:\/\/www.pressenza.com\/it\/2015\/01\/charlie-hebdo-artisti-da-tutto-il-mondo-rispondono\/\" \/>\n<meta property=\"og:locale\" content=\"it_IT\" \/>\n<meta property=\"og:type\" content=\"article\" \/>\n<meta property=\"og:title\" content=\"Charlie Hebdo: artisti da tutto il mondo rispondono\" \/>\n<meta property=\"og:description\" content=\"Artisti e vignettisti di tutto il mondo piangono le vittime della sparatoria al settimanale satirico francese Charlie Hebdo.\" \/>\n<meta property=\"og:url\" content=\"https:\/\/www.pressenza.com\/it\/2015\/01\/charlie-hebdo-artisti-da-tutto-il-mondo-rispondono\/\" \/>\n<meta property=\"og:site_name\" content=\"Pressenza\" \/>\n<meta property=\"article:publisher\" content=\"https:\/\/www.facebook.com\/PressenzaItalia\" \/>\n<meta property=\"article:author\" content=\"https:\/\/www.facebook.com\/PressenzaItalia\" \/>\n<meta property=\"article:published_time\" content=\"2015-01-07T22:00:21+00:00\" \/>\n<meta property=\"og:image\" content=\"https:\/\/www.pressenza.com\/wp-content\/uploads\/2015\/01\/CharlieBrown1.png\" \/>\n\t<meta property=\"og:image:width\" content=\"1050\" \/>\n\t<meta property=\"og:image:height\" content=\"588\" \/>\n\t<meta property=\"og:image:type\" content=\"image\/png\" \/>\n<meta name=\"author\" content=\"Redazione Italia\" \/>\n<meta name=\"twitter:card\" content=\"summary_large_image\" \/>\n<meta name=\"twitter:creator\" content=\"@pressenza_it\" \/>\n<meta name=\"twitter:site\" content=\"@PressenzaIPA\" \/>\n<meta name=\"twitter:label1\" content=\"Scritto da\" \/>\n\t<meta name=\"twitter:data1\" content=\"Redazione Italia\" \/>\n\t<meta name=\"twitter:label2\" content=\"Tempo di lettura stimato\" \/>\n\t<meta name=\"twitter:data2\" content=\"1 minuto\" \/>\n<script type=\"application\/ld+json\" class=\"yoast-schema-graph\">{\"@context\":\"https:\/\/schema.org\",\"@graph\":[{\"@type\":\"Article\",\"@id\":\"https:\/\/www.pressenza.com\/it\/2015\/01\/charlie-hebdo-artisti-da-tutto-il-mondo-rispondono\/#article\",\"isPartOf\":{\"@id\":\"https:\/\/www.pressenza.com\/it\/2015\/01\/charlie-hebdo-artisti-da-tutto-il-mondo-rispondono\/\"},\"author\":{\"name\":\"Redazione Italia\",\"@id\":\"https:\/\/www.pressenza.com\/it\/#\/schema\/person\/d983e81827ae24f2c7b1a2123d197f8d\"},\"headline\":\"Charlie Hebdo: artisti da tutto il mondo rispondono\",\"datePublished\":\"2015-01-07T22:00:21+00:00\",\"mainEntityOfPage\":{\"@id\":\"https:\/\/www.pressenza.com\/it\/2015\/01\/charlie-hebdo-artisti-da-tutto-il-mondo-rispondono\/\"},\"wordCount\":280,\"publisher\":{\"@id\":\"https:\/\/www.pressenza.com\/it\/#organization\"},\"image\":{\"@id\":\"https:\/\/www.pressenza.com\/it\/2015\/01\/charlie-hebdo-artisti-da-tutto-il-mondo-rispondono\/#primaryimage\"},\"thumbnailUrl\":\"https:\/\/www.pressenza.com\/wp-content\/uploads\/2015\/01\/CharlieBrown1.png\",\"keywords\":[\"Charlie Hebdo\",\"nonviolenza\",\"Parigi\"],\"articleSection\":[\"contenuti originali\",\"Cultura e Media\",\"Europa\",\"Nonviolenza\"],\"inLanguage\":\"it-IT\"},{\"@type\":\"WebPage\",\"@id\":\"https:\/\/www.pressenza.com\/it\/2015\/01\/charlie-hebdo-artisti-da-tutto-il-mondo-rispondono\/\",\"url\":\"https:\/\/www.pressenza.com\/it\/2015\/01\/charlie-hebdo-artisti-da-tutto-il-mondo-rispondono\/\",\"name\":\"Charlie Hebdo: artisti da tutto il mondo rispondono\",\"isPartOf\":{\"@id\":\"https:\/\/www.pressenza.com\/it\/#website\"},\"primaryImageOfPage\":{\"@id\":\"https:\/\/www.pressenza.com\/it\/2015\/01\/charlie-hebdo-artisti-da-tutto-il-mondo-rispondono\/#primaryimage\"},\"image\":{\"@id\":\"https:\/\/www.pressenza.com\/it\/2015\/01\/charlie-hebdo-artisti-da-tutto-il-mondo-rispondono\/#primaryimage\"},\"thumbnailUrl\":\"https:\/\/www.pressenza.com\/wp-content\/uploads\/2015\/01\/CharlieBrown1.png\",\"datePublished\":\"2015-01-07T22:00:21+00:00\",\"description\":\"Artisti e vignettisti di tutto il mondo piangono le vittime della sparatoria al settimanale satirico francese Charlie Hebdo.\",\"breadcrumb\":{\"@id\":\"https:\/\/www.pressenza.com\/it\/2015\/01\/charlie-hebdo-artisti-da-tutto-il-mondo-rispondono\/#breadcrumb\"},\"inLanguage\":\"it-IT\",\"potentialAction\":[{\"@type\":\"ReadAction\",\"target\":[\"https:\/\/www.pressenza.com\/it\/2015\/01\/charlie-hebdo-artisti-da-tutto-il-mondo-rispondono\/\"]}]},{\"@type\":\"ImageObject\",\"inLanguage\":\"it-IT\",\"@id\":\"https:\/\/www.pressenza.com\/it\/2015\/01\/charlie-hebdo-artisti-da-tutto-il-mondo-rispondono\/#primaryimage\",\"url\":\"https:\/\/www.pressenza.com\/wp-content\/uploads\/2015\/01\/CharlieBrown1.png\",\"contentUrl\":\"https:\/\/www.pressenza.com\/wp-content\/uploads\/2015\/01\/CharlieBrown1.png\",\"width\":1050,\"height\":588},{\"@type\":\"BreadcrumbList\",\"@id\":\"https:\/\/www.pressenza.com\/it\/2015\/01\/charlie-hebdo-artisti-da-tutto-il-mondo-rispondono\/#breadcrumb\",\"itemListElement\":[{\"@type\":\"ListItem\",\"position\":1,\"name\":\"Accueil\",\"item\":\"https:\/\/www.pressenza.com\/it\/\"},{\"@type\":\"ListItem\",\"position\":2,\"name\":\"Charlie Hebdo: artisti da tutto il mondo rispondono\"}]},{\"@type\":\"WebSite\",\"@id\":\"https:\/\/www.pressenza.com\/it\/#website\",\"url\":\"https:\/\/www.pressenza.com\/it\/\",\"name\":\"Pressenza\",\"description\":\"Agenzia di Stampa Internazionale\",\"publisher\":{\"@id\":\"https:\/\/www.pressenza.com\/it\/#organization\"},\"potentialAction\":[{\"@type\":\"SearchAction\",\"target\":{\"@type\":\"EntryPoint\",\"urlTemplate\":\"https:\/\/www.pressenza.com\/it\/?s={search_term_string}\"},\"query-input\":{\"@type\":\"PropertyValueSpecification\",\"valueRequired\":true,\"valueName\":\"search_term_string\"}}],\"inLanguage\":\"it-IT\"},{\"@type\":\"Organization\",\"@id\":\"https:\/\/www.pressenza.com\/it\/#organization\",\"name\":\"Pressenza\",\"url\":\"https:\/\/www.pressenza.com\/it\/\",\"logo\":{\"@type\":\"ImageObject\",\"inLanguage\":\"it-IT\",\"@id\":\"https:\/\/www.pressenza.com\/it\/#\/schema\/logo\/image\/\",\"url\":\"https:\/\/www.pressenza.com\/wp-content\/uploads\/2022\/10\/pressenza_logo_200x200.jpg\",\"contentUrl\":\"https:\/\/www.pressenza.com\/wp-content\/uploads\/2022\/10\/pressenza_logo_200x200.jpg\",\"width\":200,\"height\":200,\"caption\":\"Pressenza\"},\"image\":{\"@id\":\"https:\/\/www.pressenza.com\/it\/#\/schema\/logo\/image\/\"},\"sameAs\":[\"https:\/\/www.facebook.com\/PressenzaItalia\",\"https:\/\/x.com\/PressenzaIPA\"]},{\"@type\":\"Person\",\"@id\":\"https:\/\/www.pressenza.com\/it\/#\/schema\/person\/d983e81827ae24f2c7b1a2123d197f8d\",\"name\":\"Redazione Italia\",\"description\":\"News from the Pressenza Bureau in Italy\",\"sameAs\":[\"https:\/\/www.pressenza.com\/it\/author\/redazione-italia\/\",\"https:\/\/www.facebook.com\/PressenzaItalia\",\"https:\/\/www.instagram.com\/pressenza_italia\/\",\"https:\/\/x.com\/pressenza_it\",\"https:\/\/www.youtube.com\/channel\/UCSalEIWjE1RSxkwjfftFuqg\"],\"url\":\"https:\/\/www.pressenza.com\/it\/author\/redazione-italia\/\"}]}<\/script>\n<!-- \/ Yoast SEO plugin. -->","yoast_head_json":{"title":"Charlie Hebdo: artisti da tutto il mondo rispondono","description":"Artisti e vignettisti di tutto il mondo piangono le vittime della sparatoria al settimanale satirico francese Charlie Hebdo.","robots":{"index":"index","follow":"follow","max-snippet":"max-snippet:-1","max-image-preview":"max-image-preview:large","max-video-preview":"max-video-preview:-1"},"canonical":"https:\/\/www.pressenza.com\/it\/2015\/01\/charlie-hebdo-artisti-da-tutto-il-mondo-rispondono\/","og_locale":"it_IT","og_type":"article","og_title":"Charlie Hebdo: artisti da tutto il mondo rispondono","og_description":"Artisti e vignettisti di tutto il mondo piangono le vittime della sparatoria al settimanale satirico francese Charlie Hebdo.","og_url":"https:\/\/www.pressenza.com\/it\/2015\/01\/charlie-hebdo-artisti-da-tutto-il-mondo-rispondono\/","og_site_name":"Pressenza","article_publisher":"https:\/\/www.facebook.com\/PressenzaItalia","article_author":"https:\/\/www.facebook.com\/PressenzaItalia","article_published_time":"2015-01-07T22:00:21+00:00","og_image":[{"width":1050,"height":588,"url":"https:\/\/www.pressenza.com\/wp-content\/uploads\/2015\/01\/CharlieBrown1.png","type":"image\/png"}],"author":"Redazione Italia","twitter_card":"summary_large_image","twitter_creator":"@pressenza_it","twitter_site":"@PressenzaIPA","twitter_misc":{"Scritto da":"Redazione Italia","Tempo di lettura stimato":"1 minuto"},"schema":{"@context":"https:\/\/schema.org","@graph":[{"@type":"Article","@id":"https:\/\/www.pressenza.com\/it\/2015\/01\/charlie-hebdo-artisti-da-tutto-il-mondo-rispondono\/#article","isPartOf":{"@id":"https:\/\/www.pressenza.com\/it\/2015\/01\/charlie-hebdo-artisti-da-tutto-il-mondo-rispondono\/"},"author":{"name":"Redazione Italia","@id":"https:\/\/www.pressenza.com\/it\/#\/schema\/person\/d983e81827ae24f2c7b1a2123d197f8d"},"headline":"Charlie Hebdo: artisti da tutto il mondo rispondono","datePublished":"2015-01-07T22:00:21+00:00","mainEntityOfPage":{"@id":"https:\/\/www.pressenza.com\/it\/2015\/01\/charlie-hebdo-artisti-da-tutto-il-mondo-rispondono\/"},"wordCount":280,"publisher":{"@id":"https:\/\/www.pressenza.com\/it\/#organization"},"image":{"@id":"https:\/\/www.pressenza.com\/it\/2015\/01\/charlie-hebdo-artisti-da-tutto-il-mondo-rispondono\/#primaryimage"},"thumbnailUrl":"https:\/\/www.pressenza.com\/wp-content\/uploads\/2015\/01\/CharlieBrown1.png","keywords":["Charlie Hebdo","nonviolenza","Parigi"],"articleSection":["contenuti originali","Cultura e Media","Europa","Nonviolenza"],"inLanguage":"it-IT"},{"@type":"WebPage","@id":"https:\/\/www.pressenza.com\/it\/2015\/01\/charlie-hebdo-artisti-da-tutto-il-mondo-rispondono\/","url":"https:\/\/www.pressenza.com\/it\/2015\/01\/charlie-hebdo-artisti-da-tutto-il-mondo-rispondono\/","name":"Charlie Hebdo: artisti da tutto il mondo rispondono","isPartOf":{"@id":"https:\/\/www.pressenza.com\/it\/#website"},"primaryImageOfPage":{"@id":"https:\/\/www.pressenza.com\/it\/2015\/01\/charlie-hebdo-artisti-da-tutto-il-mondo-rispondono\/#primaryimage"},"image":{"@id":"https:\/\/www.pressenza.com\/it\/2015\/01\/charlie-hebdo-artisti-da-tutto-il-mondo-rispondono\/#primaryimage"},"thumbnailUrl":"https:\/\/www.pressenza.com\/wp-content\/uploads\/2015\/01\/CharlieBrown1.png","datePublished":"2015-01-07T22:00:21+00:00","description":"Artisti e vignettisti di tutto il mondo piangono le vittime della sparatoria al settimanale satirico francese Charlie Hebdo.","breadcrumb":{"@id":"https:\/\/www.pressenza.com\/it\/2015\/01\/charlie-hebdo-artisti-da-tutto-il-mondo-rispondono\/#breadcrumb"},"inLanguage":"it-IT","potentialAction":[{"@type":"ReadAction","target":["https:\/\/www.pressenza.com\/it\/2015\/01\/charlie-hebdo-artisti-da-tutto-il-mondo-rispondono\/"]}]},{"@type":"ImageObject","inLanguage":"it-IT","@id":"https:\/\/www.pressenza.com\/it\/2015\/01\/charlie-hebdo-artisti-da-tutto-il-mondo-rispondono\/#primaryimage","url":"https:\/\/www.pressenza.com\/wp-content\/uploads\/2015\/01\/CharlieBrown1.png","contentUrl":"https:\/\/www.pressenza.com\/wp-content\/uploads\/2015\/01\/CharlieBrown1.png","width":1050,"height":588},{"@type":"BreadcrumbList","@id":"https:\/\/www.pressenza.com\/it\/2015\/01\/charlie-hebdo-artisti-da-tutto-il-mondo-rispondono\/#breadcrumb","itemListElement":[{"@type":"ListItem","position":1,"name":"Accueil","item":"https:\/\/www.pressenza.com\/it\/"},{"@type":"ListItem","position":2,"name":"Charlie Hebdo: artisti da tutto il mondo rispondono"}]},{"@type":"WebSite","@id":"https:\/\/www.pressenza.com\/it\/#website","url":"https:\/\/www.pressenza.com\/it\/","name":"Pressenza","description":"Agenzia di Stampa Internazionale","publisher":{"@id":"https:\/\/www.pressenza.com\/it\/#organization"},"potentialAction":[{"@type":"SearchAction","target":{"@type":"EntryPoint","urlTemplate":"https:\/\/www.pressenza.com\/it\/?s={search_term_string}"},"query-input":{"@type":"PropertyValueSpecification","valueRequired":true,"valueName":"search_term_string"}}],"inLanguage":"it-IT"},{"@type":"Organization","@id":"https:\/\/www.pressenza.com\/it\/#organization","name":"Pressenza","url":"https:\/\/www.pressenza.com\/it\/","logo":{"@type":"ImageObject","inLanguage":"it-IT","@id":"https:\/\/www.pressenza.com\/it\/#\/schema\/logo\/image\/","url":"https:\/\/www.pressenza.com\/wp-content\/uploads\/2022\/10\/pressenza_logo_200x200.jpg","contentUrl":"https:\/\/www.pressenza.com\/wp-content\/uploads\/2022\/10\/pressenza_logo_200x200.jpg","width":200,"height":200,"caption":"Pressenza"},"image":{"@id":"https:\/\/www.pressenza.com\/it\/#\/schema\/logo\/image\/"},"sameAs":["https:\/\/www.facebook.com\/PressenzaItalia","https:\/\/x.com\/PressenzaIPA"]},{"@type":"Person","@id":"https:\/\/www.pressenza.com\/it\/#\/schema\/person\/d983e81827ae24f2c7b1a2123d197f8d","name":"Redazione Italia","description":"News from the Pressenza Bureau in Italy","sameAs":["https:\/\/www.pressenza.com\/it\/author\/redazione-italia\/","https:\/\/www.facebook.com\/PressenzaItalia","https:\/\/www.instagram.com\/pressenza_italia\/","https:\/\/x.com\/pressenza_it","https:\/\/www.youtube.com\/channel\/UCSalEIWjE1RSxkwjfftFuqg"],"url":"https:\/\/www.pressenza.com\/it\/author\/redazione-italia\/"}]}},"place":"","original_article_url":"","_links":{"self":[{"href":"https:\/\/www.pressenza.com\/it\/wp-json\/wp\/v2\/posts\/155594","targetHints":{"allow":["GET"]}}],"collection":[{"href":"https:\/\/www.pressenza.com\/it\/wp-json\/wp\/v2\/posts"}],"about":[{"href":"https:\/\/www.pressenza.com\/it\/wp-json\/wp\/v2\/types\/post"}],"author":[{"embeddable":true,"href":"https:\/\/www.pressenza.com\/it\/wp-json\/wp\/v2\/users\/594"}],"replies":[{"embeddable":true,"href":"https:\/\/www.pressenza.com\/it\/wp-json\/wp\/v2\/comments?post=155594"}],"version-history":[{"count":0,"href":"https:\/\/www.pressenza.com\/it\/wp-json\/wp\/v2\/posts\/155594\/revisions"}],"wp:featuredmedia":[{"embeddable":true,"href":"https:\/\/www.pressenza.com\/it\/wp-json\/wp\/v2\/media\/155598"}],"wp:attachment":[{"href":"https:\/\/www.pressenza.com\/it\/wp-json\/wp\/v2\/media?parent=155594"}],"wp:term":[{"taxonomy":"category","embeddable":true,"href":"https:\/\/www.pressenza.com\/it\/wp-json\/wp\/v2\/categories?post=155594"},{"taxonomy":"post_tag","embeddable":true,"href":"https:\/\/www.pressenza.com\/it\/wp-json\/wp\/v2\/tags?post=155594"}],"curies":[{"name":"wp","href":"https:\/\/api.w.org\/{rel}","templated":true}]}}