{"id":155578,"date":"2015-01-07T20:12:59","date_gmt":"2015-01-07T20:12:59","guid":{"rendered":"http:\/\/www.pressenza.com\/?p=155578"},"modified":"2015-01-10T13:10:53","modified_gmt":"2015-01-10T13:10:53","slug":"charlie-hebdo-da-parigi-kobane-alle-nostre-periferie-si-combatte-la-terza-guerra-mondiale-pezzetti","status":"publish","type":"post","link":"https:\/\/www.pressenza.com\/it\/2015\/01\/charlie-hebdo-da-parigi-kobane-alle-nostre-periferie-si-combatte-la-terza-guerra-mondiale-pezzetti\/","title":{"rendered":"Charlie Hebdo: da Parigi a Kobane alle nostre periferie \u00abla terza guerra mondiale a pezzetti\u00bb"},"content":{"rendered":"<p style=\"text-align: justify;\">La dinamica con la quale \u00e8 stato condotto l\u2019assalto al settimanale satirico francese Charlie Hebdo, che ha causato 12 morti a Parigi, dimostra che \u00e8 evidentemente opera di forze speciali, perfettamente equipaggiate, addestrate, esperte e veterane, probabilmente provenienti da scenari di guerra dell\u2019Iraq o della Siria, ben lontane da quelle armate di presunti straccioni fanatici che ci piace rappresentare sotto le bandiere nere. Lontano da ogni complottismo, ci\u00f2 dimostra due cose: la prima \u00e8 che, se pure i bersagli possibili sono molti, Charlie Hebdo era tra i pi\u00f9 sensibili, testimoniando il fallimento totale della sicurezza francese e il fatto che l\u2019Europa intera sia\u00a0sotto attacco, tanto\u00a0militarmente come nei suoi valori fondativi (sia pur spesso negletti), a partire dalla libert\u00e0 d\u2019espressione. La seconda \u00e8 che cade a pezzi uno degli argomenti pi\u00f9 volgari ed elettoralistici della destra islamofoba, per la quale milioni di cittadini di religione musulmana sarebbero pronti a trasformarsi in \u201cterroristi fai da te\u201d. Se pure ci\u00f2 \u00e8 possibile in linea teorica, quando viene deciso di \u00abcolpire il cuore dello Stato\u00bb non servono fanatici, ma mani esperte e menti raffinatissime.<\/p>\n<p style=\"text-align: justify;\">Il commando che ha agito nell\u2019XI arrondissement di Parigi, riuscendo a dileguarsi indisturbato, dimostra una volta di pi\u00f9 che i musulmani europei, gi\u00e0 cittadini o di fresca immigrazione, sono le prime vittime di un fronte di guerra che da Kobane a Parigi li vede aggrediti\u00a0dal terrorismo stesso, da stati liberticidi come l\u2019IS o delle campagne d\u2019odio lanciate dalle nostre destre. \u00c8 quello stesso terrorismo, che esiste, rappresentato dal fascismo islamico che lasciamo combattere praticamente sole e disarmate alle partigiane kurde e a pochi altri. Anche Charb, il direttore di Charlie Hebdo, caduto oggi sotto i colpi dei terroristi, lo aveva scritto di recente: \u00abi kurdi difendono tutti noi\u00bb. Non basta pi\u00f9. \u00c8 su quei fronti che si difende Parigi come Roma, Londra come Berlino o Madrid, non per il petrolio o gli interessi delle multinazionali, ma per gli stessi motivi per i quali era giusto difendere la Spagna repubblicana dal fascismo del secolo scorso. Anche allora gli interessi, le doppiezze e le ignavie delle classi dirigenti europee ebbero un ruolo decisivo nell\u2019abbandonare a se stessa la II Repubblica e spianare il cammino alla seconda guerra mondiale. Allora come oggi, con cinismo spietato, si lascia che il nemico, il fascismo islamico come qualunque altro fanatismo religioso \u00e8 il nemico, possa essere usato come spauracchio, e utilit\u00e0 elettorale, massacrando indisturbato i vignettisti di Charlie Hebdo come i cristiani d\u2019Iraq. Sono responsabilit\u00e0 cos\u00ec gravi, quelle delle classi dirigenti occidentali, che pure dragano centinaia di miliardi per il complesso militare industriale, e che corrispondono, anche oggi a Parigi, al contribuire allo scivolare in quella terza guerra mondiale a pezzetti evocata da Jorge Bergoglio.<\/p>\n<p style=\"text-align: justify;\">Non sfugga a nessuno che \u00e8 il sistema democratico a essere sotto attacco in Europa, stretto in una morsa della quale i terroristi di presunta matrice islamista che hanno agito a Parigi sono solo la faccia pi\u00f9 visibile e odiosa della tenaglia. Non sfugga a nessuno la piena funzionalit\u00e0 del nemico islamico a un disegno autoritario che, di fronte all\u2019insostenibilit\u00e0 del modello economico neoliberale \u2013 la crisi del quale dalle periferie del mondo \u00e8 giunta dal 2008 in avanti nei paesi centrali \u2013 pretende di tagliare libert\u00e0 e diritti sulla base di un\u2019emergenzialit\u00e0 e di un\u2019islamofobia che abbiamo gi\u00e0 conosciuto dall\u201911 settembre 2001 in avanti. Il terrorismo, come il disagio causato nelle periferie urbane dalla sommatoria tra crisi e frizione tra nuovi e vecchi proletariati e immigrazione, sono la foglia di fico che le classi dirigenti usano per sviare l\u2019interesse dal sistematico taglio di diritti e di servizi sociali indispensabili per una piena integrazione e per il progresso dei migranti. Ai diritti e all\u2019integrazione non c\u2019\u00e8 alternativa, come non c\u2019\u00e8 cedimento possibile all\u2019odio xenofobo che si alza in queste ore. Se l\u2019integrazione costa ma \u00e8 indispensabile, non c\u2019\u00e8 alternativa a farla pagare a chi pu\u00f2:\u00a0 a quelle classi dirigenti che quella crisi hanno creato, che quei diritti vogliono smantellare e soffiano sul fuoco del nemico esterno per sviare l\u2019obiettivo dalle loro responsabilit\u00e0. Sostengono invece che non ci sia alternativa a ridurre o negare sanit\u00e0, educazione, redditi di cittadinanza, costati quasi due secoli di lotte al movimento operaio e che stanno evaporando in pochi anni, e inducono col martellamento dei media che controllano a demonizzare gli immigrati, in particolare quelli musulmani, additandoli come un nemico esterno.<\/p>\n<p style=\"text-align: justify;\">Ma l\u2019Europa, intesa come civilt\u00e0 e non come entit\u00e0\u00a0economica, ha senso solo fino a quando sar\u00e0 in grado di garantire libert\u00e0 e diritti a tutti quelli che l\u2019hanno scelta come casa, di qualunque religione essi siano. La Francia in particolare, che quest\u2019anno celebra i 110 anni della propria laicit\u00e0, non pu\u00f2 permettersi retrocessioni in merito. Per i democratici, che siano governati dall\u2019imbelle Hollande o dall\u2019ambiguo Renzi, lo scelta \u00e8 solo apparentemente tra l\u2019emiro Al Baghdadi e Marine Le Pen o Matteo Salvini come facce di uno stesso estremismo che induca a continuare a sopportare l\u2019esistente. L\u2019unica vera scelta possibile \u00e8 quella tra il rilancio di integrazione e diritti per tutte e tutti, nel rispetto, nella laicit\u00e0 e nel progresso e la conservazione di un modello economico, quello neoliberale, che quei diritti conculca, contribuendo a creare mostri.<\/p>\n","protected":false},"excerpt":{"rendered":"<p>La dinamica con la quale \u00e8 stato condotto l\u2019assalto al settimanale satirico francese Charlie Hebdo, che ha causato 12 morti a Parigi, dimostra che \u00e8 evidentemente opera di forze speciali, perfettamente equipaggiate, addestrate, esperte e veterane, probabilmente provenienti da scenari&hellip;<\/p>\n","protected":false},"author":750,"featured_media":155580,"comment_status":"closed","ping_status":"open","sticky":false,"template":"","format":"standard","meta":{"footnotes":""},"categories":[56,47,1262,162],"tags":[15250,3673,290],"class_list":["post-155578","post","type-post","status-publish","format-standard","has-post-thumbnail","hentry","category-cultura","category-europa","category-nonviolenza-argomento","category-opinioni","tag-charlie-hebdo-it","tag-parigi","tag-terrorismo"],"yoast_head":"<!-- This site is optimized with the Yoast SEO plugin v27.1.1 - https:\/\/yoast.com\/product\/yoast-seo-wordpress\/ -->\n<title>Charlie Hebdo: da Parigi a Kobane alle nostre periferie \u00abla terza guerra mondiale a pezzetti\u00bb<\/title>\n<meta name=\"description\" content=\"L&#039;opinione di Gennaro Carotenuto sull\u2019assalto al settimanale satirico francese Charlie Hebdo, che ha causato 12 morti a Parigi.\" \/>\n<meta name=\"robots\" content=\"index, follow, max-snippet:-1, max-image-preview:large, max-video-preview:-1\" \/>\n<link rel=\"canonical\" href=\"https:\/\/www.pressenza.com\/it\/2015\/01\/charlie-hebdo-da-parigi-kobane-alle-nostre-periferie-si-combatte-la-terza-guerra-mondiale-pezzetti\/\" \/>\n<meta property=\"og:locale\" content=\"it_IT\" \/>\n<meta property=\"og:type\" content=\"article\" \/>\n<meta property=\"og:title\" content=\"Charlie Hebdo: da Parigi a Kobane alle nostre periferie \u00abla terza guerra mondiale a pezzetti\u00bb\" \/>\n<meta property=\"og:description\" content=\"L&#039;opinione di Gennaro Carotenuto sull\u2019assalto al settimanale satirico francese Charlie Hebdo, che ha causato 12 morti a Parigi.\" \/>\n<meta property=\"og:url\" content=\"https:\/\/www.pressenza.com\/it\/2015\/01\/charlie-hebdo-da-parigi-kobane-alle-nostre-periferie-si-combatte-la-terza-guerra-mondiale-pezzetti\/\" \/>\n<meta property=\"og:site_name\" content=\"Pressenza\" \/>\n<meta property=\"article:publisher\" content=\"https:\/\/www.facebook.com\/PressenzaItalia\" \/>\n<meta property=\"article:published_time\" content=\"2015-01-07T20:12:59+00:00\" \/>\n<meta property=\"article:modified_time\" content=\"2015-01-10T13:10:53+00:00\" \/>\n<meta property=\"og:image\" content=\"https:\/\/www.pressenza.com\/wp-content\/uploads\/2015\/01\/648x415_french-satirical-weekly-charlie-hebdo-s-publisher-known-only-as-charb-presents-to-journalists-on.jpg\" \/>\n\t<meta property=\"og:image:width\" content=\"648\" \/>\n\t<meta property=\"og:image:height\" content=\"415\" \/>\n\t<meta property=\"og:image:type\" content=\"image\/jpeg\" \/>\n<meta name=\"author\" content=\"Gennaro Carotenuto\" \/>\n<meta name=\"twitter:card\" content=\"summary_large_image\" \/>\n<meta name=\"twitter:creator\" content=\"@PressenzaIPA\" \/>\n<meta name=\"twitter:site\" content=\"@PressenzaIPA\" \/>\n<meta name=\"twitter:label1\" content=\"Scritto da\" \/>\n\t<meta name=\"twitter:data1\" content=\"Gennaro Carotenuto\" \/>\n\t<meta name=\"twitter:label2\" content=\"Tempo di lettura stimato\" \/>\n\t<meta name=\"twitter:data2\" content=\"4 minuti\" \/>\n<script type=\"application\/ld+json\" class=\"yoast-schema-graph\">{\"@context\":\"https:\/\/schema.org\",\"@graph\":[{\"@type\":\"Article\",\"@id\":\"https:\/\/www.pressenza.com\/it\/2015\/01\/charlie-hebdo-da-parigi-kobane-alle-nostre-periferie-si-combatte-la-terza-guerra-mondiale-pezzetti\/#article\",\"isPartOf\":{\"@id\":\"https:\/\/www.pressenza.com\/it\/2015\/01\/charlie-hebdo-da-parigi-kobane-alle-nostre-periferie-si-combatte-la-terza-guerra-mondiale-pezzetti\/\"},\"author\":{\"name\":\"Gennaro Carotenuto\",\"@id\":\"https:\/\/www.pressenza.com\/it\/#\/schema\/person\/e07454e3afc53beb6f039e59e3289746\"},\"headline\":\"Charlie Hebdo: da Parigi a Kobane alle nostre periferie \u00abla terza guerra mondiale a pezzetti\u00bb\",\"datePublished\":\"2015-01-07T20:12:59+00:00\",\"dateModified\":\"2015-01-10T13:10:53+00:00\",\"mainEntityOfPage\":{\"@id\":\"https:\/\/www.pressenza.com\/it\/2015\/01\/charlie-hebdo-da-parigi-kobane-alle-nostre-periferie-si-combatte-la-terza-guerra-mondiale-pezzetti\/\"},\"wordCount\":885,\"publisher\":{\"@id\":\"https:\/\/www.pressenza.com\/it\/#organization\"},\"image\":{\"@id\":\"https:\/\/www.pressenza.com\/it\/2015\/01\/charlie-hebdo-da-parigi-kobane-alle-nostre-periferie-si-combatte-la-terza-guerra-mondiale-pezzetti\/#primaryimage\"},\"thumbnailUrl\":\"https:\/\/www.pressenza.com\/wp-content\/uploads\/2015\/01\/648x415_french-satirical-weekly-charlie-hebdo-s-publisher-known-only-as-charb-presents-to-journalists-on.jpg\",\"keywords\":[\"Charlie Hebdo\",\"Parigi\",\"terrorismo\"],\"articleSection\":[\"Cultura e Media\",\"Europa\",\"Nonviolenza\",\"Opinioni\"],\"inLanguage\":\"it-IT\"},{\"@type\":\"WebPage\",\"@id\":\"https:\/\/www.pressenza.com\/it\/2015\/01\/charlie-hebdo-da-parigi-kobane-alle-nostre-periferie-si-combatte-la-terza-guerra-mondiale-pezzetti\/\",\"url\":\"https:\/\/www.pressenza.com\/it\/2015\/01\/charlie-hebdo-da-parigi-kobane-alle-nostre-periferie-si-combatte-la-terza-guerra-mondiale-pezzetti\/\",\"name\":\"Charlie Hebdo: da Parigi a Kobane alle nostre periferie \u00abla terza guerra mondiale a pezzetti\u00bb\",\"isPartOf\":{\"@id\":\"https:\/\/www.pressenza.com\/it\/#website\"},\"primaryImageOfPage\":{\"@id\":\"https:\/\/www.pressenza.com\/it\/2015\/01\/charlie-hebdo-da-parigi-kobane-alle-nostre-periferie-si-combatte-la-terza-guerra-mondiale-pezzetti\/#primaryimage\"},\"image\":{\"@id\":\"https:\/\/www.pressenza.com\/it\/2015\/01\/charlie-hebdo-da-parigi-kobane-alle-nostre-periferie-si-combatte-la-terza-guerra-mondiale-pezzetti\/#primaryimage\"},\"thumbnailUrl\":\"https:\/\/www.pressenza.com\/wp-content\/uploads\/2015\/01\/648x415_french-satirical-weekly-charlie-hebdo-s-publisher-known-only-as-charb-presents-to-journalists-on.jpg\",\"datePublished\":\"2015-01-07T20:12:59+00:00\",\"dateModified\":\"2015-01-10T13:10:53+00:00\",\"description\":\"L'opinione di Gennaro Carotenuto sull\u2019assalto al settimanale satirico francese Charlie Hebdo, che ha causato 12 morti a Parigi.\",\"breadcrumb\":{\"@id\":\"https:\/\/www.pressenza.com\/it\/2015\/01\/charlie-hebdo-da-parigi-kobane-alle-nostre-periferie-si-combatte-la-terza-guerra-mondiale-pezzetti\/#breadcrumb\"},\"inLanguage\":\"it-IT\",\"potentialAction\":[{\"@type\":\"ReadAction\",\"target\":[\"https:\/\/www.pressenza.com\/it\/2015\/01\/charlie-hebdo-da-parigi-kobane-alle-nostre-periferie-si-combatte-la-terza-guerra-mondiale-pezzetti\/\"]}]},{\"@type\":\"ImageObject\",\"inLanguage\":\"it-IT\",\"@id\":\"https:\/\/www.pressenza.com\/it\/2015\/01\/charlie-hebdo-da-parigi-kobane-alle-nostre-periferie-si-combatte-la-terza-guerra-mondiale-pezzetti\/#primaryimage\",\"url\":\"https:\/\/www.pressenza.com\/wp-content\/uploads\/2015\/01\/648x415_french-satirical-weekly-charlie-hebdo-s-publisher-known-only-as-charb-presents-to-journalists-on.jpg\",\"contentUrl\":\"https:\/\/www.pressenza.com\/wp-content\/uploads\/2015\/01\/648x415_french-satirical-weekly-charlie-hebdo-s-publisher-known-only-as-charb-presents-to-journalists-on.jpg\",\"width\":648,\"height\":415},{\"@type\":\"BreadcrumbList\",\"@id\":\"https:\/\/www.pressenza.com\/it\/2015\/01\/charlie-hebdo-da-parigi-kobane-alle-nostre-periferie-si-combatte-la-terza-guerra-mondiale-pezzetti\/#breadcrumb\",\"itemListElement\":[{\"@type\":\"ListItem\",\"position\":1,\"name\":\"Accueil\",\"item\":\"https:\/\/www.pressenza.com\/it\/\"},{\"@type\":\"ListItem\",\"position\":2,\"name\":\"Charlie Hebdo: da Parigi a Kobane alle nostre periferie \u00abla terza guerra mondiale a pezzetti\u00bb\"}]},{\"@type\":\"WebSite\",\"@id\":\"https:\/\/www.pressenza.com\/it\/#website\",\"url\":\"https:\/\/www.pressenza.com\/it\/\",\"name\":\"Pressenza\",\"description\":\"Agenzia di Stampa Internazionale\",\"publisher\":{\"@id\":\"https:\/\/www.pressenza.com\/it\/#organization\"},\"potentialAction\":[{\"@type\":\"SearchAction\",\"target\":{\"@type\":\"EntryPoint\",\"urlTemplate\":\"https:\/\/www.pressenza.com\/it\/?s={search_term_string}\"},\"query-input\":{\"@type\":\"PropertyValueSpecification\",\"valueRequired\":true,\"valueName\":\"search_term_string\"}}],\"inLanguage\":\"it-IT\"},{\"@type\":\"Organization\",\"@id\":\"https:\/\/www.pressenza.com\/it\/#organization\",\"name\":\"Pressenza\",\"url\":\"https:\/\/www.pressenza.com\/it\/\",\"logo\":{\"@type\":\"ImageObject\",\"inLanguage\":\"it-IT\",\"@id\":\"https:\/\/www.pressenza.com\/it\/#\/schema\/logo\/image\/\",\"url\":\"https:\/\/www.pressenza.com\/wp-content\/uploads\/2022\/10\/pressenza_logo_200x200.jpg\",\"contentUrl\":\"https:\/\/www.pressenza.com\/wp-content\/uploads\/2022\/10\/pressenza_logo_200x200.jpg\",\"width\":200,\"height\":200,\"caption\":\"Pressenza\"},\"image\":{\"@id\":\"https:\/\/www.pressenza.com\/it\/#\/schema\/logo\/image\/\"},\"sameAs\":[\"https:\/\/www.facebook.com\/PressenzaItalia\",\"https:\/\/x.com\/PressenzaIPA\"]},{\"@type\":\"Person\",\"@id\":\"https:\/\/www.pressenza.com\/it\/#\/schema\/person\/e07454e3afc53beb6f039e59e3289746\",\"name\":\"Gennaro Carotenuto\",\"description\":\"Giornalismo partecipativo. http:\/\/www.gennarocarotenuto.it\",\"url\":\"https:\/\/www.pressenza.com\/it\/author\/gennaro-carotenuto\/\"}]}<\/script>\n<!-- \/ Yoast SEO plugin. -->","yoast_head_json":{"title":"Charlie Hebdo: da Parigi a Kobane alle nostre periferie \u00abla terza guerra mondiale a pezzetti\u00bb","description":"L'opinione di Gennaro Carotenuto sull\u2019assalto al settimanale satirico francese Charlie Hebdo, che ha causato 12 morti a Parigi.","robots":{"index":"index","follow":"follow","max-snippet":"max-snippet:-1","max-image-preview":"max-image-preview:large","max-video-preview":"max-video-preview:-1"},"canonical":"https:\/\/www.pressenza.com\/it\/2015\/01\/charlie-hebdo-da-parigi-kobane-alle-nostre-periferie-si-combatte-la-terza-guerra-mondiale-pezzetti\/","og_locale":"it_IT","og_type":"article","og_title":"Charlie Hebdo: da Parigi a Kobane alle nostre periferie \u00abla terza guerra mondiale a pezzetti\u00bb","og_description":"L'opinione di Gennaro Carotenuto sull\u2019assalto al settimanale satirico francese Charlie Hebdo, che ha causato 12 morti a Parigi.","og_url":"https:\/\/www.pressenza.com\/it\/2015\/01\/charlie-hebdo-da-parigi-kobane-alle-nostre-periferie-si-combatte-la-terza-guerra-mondiale-pezzetti\/","og_site_name":"Pressenza","article_publisher":"https:\/\/www.facebook.com\/PressenzaItalia","article_published_time":"2015-01-07T20:12:59+00:00","article_modified_time":"2015-01-10T13:10:53+00:00","og_image":[{"width":648,"height":415,"url":"https:\/\/www.pressenza.com\/wp-content\/uploads\/2015\/01\/648x415_french-satirical-weekly-charlie-hebdo-s-publisher-known-only-as-charb-presents-to-journalists-on.jpg","type":"image\/jpeg"}],"author":"Gennaro Carotenuto","twitter_card":"summary_large_image","twitter_creator":"@PressenzaIPA","twitter_site":"@PressenzaIPA","twitter_misc":{"Scritto da":"Gennaro Carotenuto","Tempo di lettura stimato":"4 minuti"},"schema":{"@context":"https:\/\/schema.org","@graph":[{"@type":"Article","@id":"https:\/\/www.pressenza.com\/it\/2015\/01\/charlie-hebdo-da-parigi-kobane-alle-nostre-periferie-si-combatte-la-terza-guerra-mondiale-pezzetti\/#article","isPartOf":{"@id":"https:\/\/www.pressenza.com\/it\/2015\/01\/charlie-hebdo-da-parigi-kobane-alle-nostre-periferie-si-combatte-la-terza-guerra-mondiale-pezzetti\/"},"author":{"name":"Gennaro Carotenuto","@id":"https:\/\/www.pressenza.com\/it\/#\/schema\/person\/e07454e3afc53beb6f039e59e3289746"},"headline":"Charlie Hebdo: da Parigi a Kobane alle nostre periferie \u00abla terza guerra mondiale a pezzetti\u00bb","datePublished":"2015-01-07T20:12:59+00:00","dateModified":"2015-01-10T13:10:53+00:00","mainEntityOfPage":{"@id":"https:\/\/www.pressenza.com\/it\/2015\/01\/charlie-hebdo-da-parigi-kobane-alle-nostre-periferie-si-combatte-la-terza-guerra-mondiale-pezzetti\/"},"wordCount":885,"publisher":{"@id":"https:\/\/www.pressenza.com\/it\/#organization"},"image":{"@id":"https:\/\/www.pressenza.com\/it\/2015\/01\/charlie-hebdo-da-parigi-kobane-alle-nostre-periferie-si-combatte-la-terza-guerra-mondiale-pezzetti\/#primaryimage"},"thumbnailUrl":"https:\/\/www.pressenza.com\/wp-content\/uploads\/2015\/01\/648x415_french-satirical-weekly-charlie-hebdo-s-publisher-known-only-as-charb-presents-to-journalists-on.jpg","keywords":["Charlie Hebdo","Parigi","terrorismo"],"articleSection":["Cultura e Media","Europa","Nonviolenza","Opinioni"],"inLanguage":"it-IT"},{"@type":"WebPage","@id":"https:\/\/www.pressenza.com\/it\/2015\/01\/charlie-hebdo-da-parigi-kobane-alle-nostre-periferie-si-combatte-la-terza-guerra-mondiale-pezzetti\/","url":"https:\/\/www.pressenza.com\/it\/2015\/01\/charlie-hebdo-da-parigi-kobane-alle-nostre-periferie-si-combatte-la-terza-guerra-mondiale-pezzetti\/","name":"Charlie Hebdo: da Parigi a Kobane alle nostre periferie \u00abla terza guerra mondiale a pezzetti\u00bb","isPartOf":{"@id":"https:\/\/www.pressenza.com\/it\/#website"},"primaryImageOfPage":{"@id":"https:\/\/www.pressenza.com\/it\/2015\/01\/charlie-hebdo-da-parigi-kobane-alle-nostre-periferie-si-combatte-la-terza-guerra-mondiale-pezzetti\/#primaryimage"},"image":{"@id":"https:\/\/www.pressenza.com\/it\/2015\/01\/charlie-hebdo-da-parigi-kobane-alle-nostre-periferie-si-combatte-la-terza-guerra-mondiale-pezzetti\/#primaryimage"},"thumbnailUrl":"https:\/\/www.pressenza.com\/wp-content\/uploads\/2015\/01\/648x415_french-satirical-weekly-charlie-hebdo-s-publisher-known-only-as-charb-presents-to-journalists-on.jpg","datePublished":"2015-01-07T20:12:59+00:00","dateModified":"2015-01-10T13:10:53+00:00","description":"L'opinione di Gennaro Carotenuto sull\u2019assalto al settimanale satirico francese Charlie Hebdo, che ha causato 12 morti a Parigi.","breadcrumb":{"@id":"https:\/\/www.pressenza.com\/it\/2015\/01\/charlie-hebdo-da-parigi-kobane-alle-nostre-periferie-si-combatte-la-terza-guerra-mondiale-pezzetti\/#breadcrumb"},"inLanguage":"it-IT","potentialAction":[{"@type":"ReadAction","target":["https:\/\/www.pressenza.com\/it\/2015\/01\/charlie-hebdo-da-parigi-kobane-alle-nostre-periferie-si-combatte-la-terza-guerra-mondiale-pezzetti\/"]}]},{"@type":"ImageObject","inLanguage":"it-IT","@id":"https:\/\/www.pressenza.com\/it\/2015\/01\/charlie-hebdo-da-parigi-kobane-alle-nostre-periferie-si-combatte-la-terza-guerra-mondiale-pezzetti\/#primaryimage","url":"https:\/\/www.pressenza.com\/wp-content\/uploads\/2015\/01\/648x415_french-satirical-weekly-charlie-hebdo-s-publisher-known-only-as-charb-presents-to-journalists-on.jpg","contentUrl":"https:\/\/www.pressenza.com\/wp-content\/uploads\/2015\/01\/648x415_french-satirical-weekly-charlie-hebdo-s-publisher-known-only-as-charb-presents-to-journalists-on.jpg","width":648,"height":415},{"@type":"BreadcrumbList","@id":"https:\/\/www.pressenza.com\/it\/2015\/01\/charlie-hebdo-da-parigi-kobane-alle-nostre-periferie-si-combatte-la-terza-guerra-mondiale-pezzetti\/#breadcrumb","itemListElement":[{"@type":"ListItem","position":1,"name":"Accueil","item":"https:\/\/www.pressenza.com\/it\/"},{"@type":"ListItem","position":2,"name":"Charlie Hebdo: da Parigi a Kobane alle nostre periferie \u00abla terza guerra mondiale a pezzetti\u00bb"}]},{"@type":"WebSite","@id":"https:\/\/www.pressenza.com\/it\/#website","url":"https:\/\/www.pressenza.com\/it\/","name":"Pressenza","description":"Agenzia di Stampa Internazionale","publisher":{"@id":"https:\/\/www.pressenza.com\/it\/#organization"},"potentialAction":[{"@type":"SearchAction","target":{"@type":"EntryPoint","urlTemplate":"https:\/\/www.pressenza.com\/it\/?s={search_term_string}"},"query-input":{"@type":"PropertyValueSpecification","valueRequired":true,"valueName":"search_term_string"}}],"inLanguage":"it-IT"},{"@type":"Organization","@id":"https:\/\/www.pressenza.com\/it\/#organization","name":"Pressenza","url":"https:\/\/www.pressenza.com\/it\/","logo":{"@type":"ImageObject","inLanguage":"it-IT","@id":"https:\/\/www.pressenza.com\/it\/#\/schema\/logo\/image\/","url":"https:\/\/www.pressenza.com\/wp-content\/uploads\/2022\/10\/pressenza_logo_200x200.jpg","contentUrl":"https:\/\/www.pressenza.com\/wp-content\/uploads\/2022\/10\/pressenza_logo_200x200.jpg","width":200,"height":200,"caption":"Pressenza"},"image":{"@id":"https:\/\/www.pressenza.com\/it\/#\/schema\/logo\/image\/"},"sameAs":["https:\/\/www.facebook.com\/PressenzaItalia","https:\/\/x.com\/PressenzaIPA"]},{"@type":"Person","@id":"https:\/\/www.pressenza.com\/it\/#\/schema\/person\/e07454e3afc53beb6f039e59e3289746","name":"Gennaro Carotenuto","description":"Giornalismo partecipativo. http:\/\/www.gennarocarotenuto.it","url":"https:\/\/www.pressenza.com\/it\/author\/gennaro-carotenuto\/"}]}},"place":"Francia","original_article_url":"http:\/\/www.gennarocarotenuto.it\/27754-charlie-hebdo-parigi-kobane\/","_links":{"self":[{"href":"https:\/\/www.pressenza.com\/it\/wp-json\/wp\/v2\/posts\/155578","targetHints":{"allow":["GET"]}}],"collection":[{"href":"https:\/\/www.pressenza.com\/it\/wp-json\/wp\/v2\/posts"}],"about":[{"href":"https:\/\/www.pressenza.com\/it\/wp-json\/wp\/v2\/types\/post"}],"author":[{"embeddable":true,"href":"https:\/\/www.pressenza.com\/it\/wp-json\/wp\/v2\/users\/750"}],"replies":[{"embeddable":true,"href":"https:\/\/www.pressenza.com\/it\/wp-json\/wp\/v2\/comments?post=155578"}],"version-history":[{"count":0,"href":"https:\/\/www.pressenza.com\/it\/wp-json\/wp\/v2\/posts\/155578\/revisions"}],"wp:featuredmedia":[{"embeddable":true,"href":"https:\/\/www.pressenza.com\/it\/wp-json\/wp\/v2\/media\/155580"}],"wp:attachment":[{"href":"https:\/\/www.pressenza.com\/it\/wp-json\/wp\/v2\/media?parent=155578"}],"wp:term":[{"taxonomy":"category","embeddable":true,"href":"https:\/\/www.pressenza.com\/it\/wp-json\/wp\/v2\/categories?post=155578"},{"taxonomy":"post_tag","embeddable":true,"href":"https:\/\/www.pressenza.com\/it\/wp-json\/wp\/v2\/tags?post=155578"}],"curies":[{"name":"wp","href":"https:\/\/api.w.org\/{rel}","templated":true}]}}