{"id":1554725,"date":"2022-03-31T11:35:17","date_gmt":"2022-03-31T10:35:17","guid":{"rendered":"https:\/\/www.pressenza.com\/?p=1554725"},"modified":"2022-03-31T11:39:43","modified_gmt":"2022-03-31T10:39:43","slug":"archivio-disarmo-partecipa-alla-carovana-stop-the-war-now","status":"publish","type":"post","link":"https:\/\/www.pressenza.com\/it\/2022\/03\/archivio-disarmo-partecipa-alla-carovana-stop-the-war-now\/","title":{"rendered":"Archivio Disarmo partecipa alla carovana &#8220;Stop the War Now&#8221;"},"content":{"rendered":"<p>\u201cLe devastazioni materiali sub\u00ecte dall&#8217;Ucraina a causa dell&#8217;invasione russa suscitano in noi una profonda emozione \u2013 dichiara Francesca Farruggia segretaria generale di Archivio Disarmo \u2013 N\u00e9 questo n\u00e9 le sofferenze della popolazione civile, per\u00f2, devono impedire la ricerca di vie razionali di uscita dai gravissimi danni e rischi della guerra\u201d. <\/p>\n<p>Dall\u2019Italia \u00e8 presente in Ucraina e nei paesi confinanti un grande movimento spontaneo di solidariet\u00e0 da parte del Terzo settore e di tante persone a titolo individuale. La specificit\u00e0 della carovana \u00e8 il suo significato politico, sintetizzato nello slogan \u201cmettere fine alla guerra subito\u201d. Archivio Disarmo \u00e8 presente per sottolineare gli obiettivi politici del pacifismo: il sostegno popolare all&#8217;iniziativa diplomatica per il cessate il fuoco immediato, per il ritiro delle truppe russe, per un accordo di pace equo e tempestivo. <\/p>\n<p>Quanto agli obiettivi umanitari, essi riguardano l&#8217;assistenza agli sfollati interni (6 milioni) e la tutela del diritto al rientro nei luoghi di origine; il supporto in mezzi di trasporto, viveri, vestiario e medicinali; l&#8217;accoglienza nel nostro Paese dei profughi (3 milioni e 800 mila nella U.E.), anche mediante la messa a disposizione di abitazioni private nell&#8217;ambito del piano predisposto dalle istituzioni dello Stato, dagli enti locali e dal volontariato.<\/p>\n<p>In questa prospettiva ARCHIVIO DISARMO aderisce alla carovana per la pace STOP THE WAR NOW, indetta dall&#8217;associazione Papa Giovanni XXIII e da numerose organizzazioni del Terzo settore.  La carovana partir\u00e0 venerd\u00ec 1 da Gorizia e raggiunger\u00e0 Leopoli, dove incontrer\u00e0 i rappresentanti del movimento per la pace ucraino e gli operatori umanitari delle ONG impegnate nell&#8217;assistenza alla popolazione civile. Per Archivio Disarmo partecipa Francesca Farruggia.<\/p>\n","protected":false},"excerpt":{"rendered":"<p>\u201cLe devastazioni materiali sub\u00ecte dall&#8217;Ucraina a causa dell&#8217;invasione russa suscitano in noi una profonda emozione \u2013 dichiara Francesca Farruggia segretaria generale di Archivio Disarmo \u2013 N\u00e9 questo n\u00e9 le sofferenze della popolazione civile, per\u00f2, devono impedire la ricerca di vie&hellip;<\/p>\n","protected":false},"author":1981,"featured_media":1554726,"comment_status":"closed","ping_status":"closed","sticky":false,"template":"","format":"standard","meta":{"footnotes":""},"categories":[150,1263],"tags":[32998,100631,8514],"class_list":["post-1554725","post","type-post","status-publish","format-standard","has-post-thumbnail","hentry","category-comunicati-stampa","category-pace-disarmo","tag-archivio-disarmo","tag-stop-the-war","tag-ucraina"],"yoast_head":"<!-- This site is optimized with the Yoast SEO plugin v27.1.1 - https:\/\/yoast.com\/product\/yoast-seo-wordpress\/ -->\n<title>Archivio Disarmo partecipa alla carovana &quot;Stop the War Now&quot;<\/title>\n<meta name=\"description\" content=\"\u201cLe devastazioni materiali sub\u00ecte dall&#039;Ucraina a causa dell&#039;invasione russa suscitano in noi una profonda emozione \u2013 dichiara Francesca Farruggia\" \/>\n<meta name=\"robots\" content=\"index, follow, max-snippet:-1, max-image-preview:large, max-video-preview:-1\" \/>\n<link rel=\"canonical\" href=\"https:\/\/www.pressenza.com\/it\/2022\/03\/archivio-disarmo-partecipa-alla-carovana-stop-the-war-now\/\" \/>\n<meta property=\"og:locale\" content=\"it_IT\" \/>\n<meta property=\"og:type\" content=\"article\" \/>\n<meta property=\"og:title\" content=\"Archivio Disarmo partecipa alla carovana &quot;Stop the War Now&quot;\" \/>\n<meta property=\"og:description\" content=\"\u201cLe devastazioni materiali sub\u00ecte dall&#039;Ucraina a causa dell&#039;invasione russa suscitano in noi una profonda emozione \u2013 dichiara Francesca Farruggia\" \/>\n<meta property=\"og:url\" content=\"https:\/\/www.pressenza.com\/it\/2022\/03\/archivio-disarmo-partecipa-alla-carovana-stop-the-war-now\/\" \/>\n<meta property=\"og:site_name\" content=\"Pressenza\" \/>\n<meta property=\"article:publisher\" content=\"https:\/\/www.facebook.com\/PressenzaItalia\" \/>\n<meta property=\"article:published_time\" content=\"2022-03-31T10:35:17+00:00\" \/>\n<meta property=\"article:modified_time\" content=\"2022-03-31T10:39:43+00:00\" \/>\n<meta property=\"og:image\" content=\"https:\/\/www.pressenza.com\/wp-content\/uploads\/2022\/03\/archivio-disarmo.jpg\" \/>\n\t<meta property=\"og:image:width\" content=\"1024\" \/>\n\t<meta property=\"og:image:height\" content=\"768\" \/>\n\t<meta property=\"og:image:type\" content=\"image\/jpeg\" \/>\n<meta name=\"author\" content=\"Archivio Disarmo\" \/>\n<meta name=\"twitter:card\" content=\"summary_large_image\" \/>\n<meta name=\"twitter:creator\" content=\"@PressenzaIPA\" \/>\n<meta name=\"twitter:site\" content=\"@PressenzaIPA\" \/>\n<meta name=\"twitter:label1\" content=\"Scritto da\" \/>\n\t<meta name=\"twitter:data1\" content=\"Archivio Disarmo\" \/>\n\t<meta name=\"twitter:label2\" content=\"Tempo di lettura stimato\" \/>\n\t<meta name=\"twitter:data2\" content=\"1 minuto\" \/>\n<script type=\"application\/ld+json\" class=\"yoast-schema-graph\">{\"@context\":\"https:\/\/schema.org\",\"@graph\":[{\"@type\":\"Article\",\"@id\":\"https:\/\/www.pressenza.com\/it\/2022\/03\/archivio-disarmo-partecipa-alla-carovana-stop-the-war-now\/#article\",\"isPartOf\":{\"@id\":\"https:\/\/www.pressenza.com\/it\/2022\/03\/archivio-disarmo-partecipa-alla-carovana-stop-the-war-now\/\"},\"author\":{\"name\":\"Archivio Disarmo\",\"@id\":\"https:\/\/www.pressenza.com\/it\/#\/schema\/person\/bb270ae2452e820e091cad51d646bb7a\"},\"headline\":\"Archivio Disarmo partecipa alla carovana &#8220;Stop the War Now&#8221;\",\"datePublished\":\"2022-03-31T10:35:17+00:00\",\"dateModified\":\"2022-03-31T10:39:43+00:00\",\"mainEntityOfPage\":{\"@id\":\"https:\/\/www.pressenza.com\/it\/2022\/03\/archivio-disarmo-partecipa-alla-carovana-stop-the-war-now\/\"},\"wordCount\":274,\"publisher\":{\"@id\":\"https:\/\/www.pressenza.com\/it\/#organization\"},\"image\":{\"@id\":\"https:\/\/www.pressenza.com\/it\/2022\/03\/archivio-disarmo-partecipa-alla-carovana-stop-the-war-now\/#primaryimage\"},\"thumbnailUrl\":\"https:\/\/www.pressenza.com\/wp-content\/uploads\/2022\/03\/archivio-disarmo.jpg\",\"keywords\":[\"Archivio Disarmo\",\"Stop the War\",\"Ucraina\"],\"articleSection\":[\"Comunicati Stampa\",\"Pace e Disarmo\"],\"inLanguage\":\"it-IT\"},{\"@type\":\"WebPage\",\"@id\":\"https:\/\/www.pressenza.com\/it\/2022\/03\/archivio-disarmo-partecipa-alla-carovana-stop-the-war-now\/\",\"url\":\"https:\/\/www.pressenza.com\/it\/2022\/03\/archivio-disarmo-partecipa-alla-carovana-stop-the-war-now\/\",\"name\":\"Archivio Disarmo partecipa alla carovana \\\"Stop the War Now\\\"\",\"isPartOf\":{\"@id\":\"https:\/\/www.pressenza.com\/it\/#website\"},\"primaryImageOfPage\":{\"@id\":\"https:\/\/www.pressenza.com\/it\/2022\/03\/archivio-disarmo-partecipa-alla-carovana-stop-the-war-now\/#primaryimage\"},\"image\":{\"@id\":\"https:\/\/www.pressenza.com\/it\/2022\/03\/archivio-disarmo-partecipa-alla-carovana-stop-the-war-now\/#primaryimage\"},\"thumbnailUrl\":\"https:\/\/www.pressenza.com\/wp-content\/uploads\/2022\/03\/archivio-disarmo.jpg\",\"datePublished\":\"2022-03-31T10:35:17+00:00\",\"dateModified\":\"2022-03-31T10:39:43+00:00\",\"description\":\"\u201cLe devastazioni materiali sub\u00ecte dall'Ucraina a causa dell'invasione russa suscitano in noi una profonda emozione \u2013 dichiara Francesca Farruggia\",\"breadcrumb\":{\"@id\":\"https:\/\/www.pressenza.com\/it\/2022\/03\/archivio-disarmo-partecipa-alla-carovana-stop-the-war-now\/#breadcrumb\"},\"inLanguage\":\"it-IT\",\"potentialAction\":[{\"@type\":\"ReadAction\",\"target\":[\"https:\/\/www.pressenza.com\/it\/2022\/03\/archivio-disarmo-partecipa-alla-carovana-stop-the-war-now\/\"]}]},{\"@type\":\"ImageObject\",\"inLanguage\":\"it-IT\",\"@id\":\"https:\/\/www.pressenza.com\/it\/2022\/03\/archivio-disarmo-partecipa-alla-carovana-stop-the-war-now\/#primaryimage\",\"url\":\"https:\/\/www.pressenza.com\/wp-content\/uploads\/2022\/03\/archivio-disarmo.jpg\",\"contentUrl\":\"https:\/\/www.pressenza.com\/wp-content\/uploads\/2022\/03\/archivio-disarmo.jpg\",\"width\":1024,\"height\":768},{\"@type\":\"BreadcrumbList\",\"@id\":\"https:\/\/www.pressenza.com\/it\/2022\/03\/archivio-disarmo-partecipa-alla-carovana-stop-the-war-now\/#breadcrumb\",\"itemListElement\":[{\"@type\":\"ListItem\",\"position\":1,\"name\":\"Accueil\",\"item\":\"https:\/\/www.pressenza.com\/it\/\"},{\"@type\":\"ListItem\",\"position\":2,\"name\":\"Archivio Disarmo partecipa alla carovana &#8220;Stop the War Now&#8221;\"}]},{\"@type\":\"WebSite\",\"@id\":\"https:\/\/www.pressenza.com\/it\/#website\",\"url\":\"https:\/\/www.pressenza.com\/it\/\",\"name\":\"Pressenza\",\"description\":\"Agenzia di Stampa Internazionale\",\"publisher\":{\"@id\":\"https:\/\/www.pressenza.com\/it\/#organization\"},\"potentialAction\":[{\"@type\":\"SearchAction\",\"target\":{\"@type\":\"EntryPoint\",\"urlTemplate\":\"https:\/\/www.pressenza.com\/it\/?s={search_term_string}\"},\"query-input\":{\"@type\":\"PropertyValueSpecification\",\"valueRequired\":true,\"valueName\":\"search_term_string\"}}],\"inLanguage\":\"it-IT\"},{\"@type\":\"Organization\",\"@id\":\"https:\/\/www.pressenza.com\/it\/#organization\",\"name\":\"Pressenza\",\"url\":\"https:\/\/www.pressenza.com\/it\/\",\"logo\":{\"@type\":\"ImageObject\",\"inLanguage\":\"it-IT\",\"@id\":\"https:\/\/www.pressenza.com\/it\/#\/schema\/logo\/image\/\",\"url\":\"https:\/\/www.pressenza.com\/wp-content\/uploads\/2022\/10\/pressenza_logo_200x200.jpg\",\"contentUrl\":\"https:\/\/www.pressenza.com\/wp-content\/uploads\/2022\/10\/pressenza_logo_200x200.jpg\",\"width\":200,\"height\":200,\"caption\":\"Pressenza\"},\"image\":{\"@id\":\"https:\/\/www.pressenza.com\/it\/#\/schema\/logo\/image\/\"},\"sameAs\":[\"https:\/\/www.facebook.com\/PressenzaItalia\",\"https:\/\/x.com\/PressenzaIPA\"]},{\"@type\":\"Person\",\"@id\":\"https:\/\/www.pressenza.com\/it\/#\/schema\/person\/bb270ae2452e820e091cad51d646bb7a\",\"name\":\"Archivio Disarmo\",\"description\":\"Archivio Disarmo (Roma) \u00e8 un Istituto di ricerca fondato nel 1982 che studia i problemi della pace, del controllo degli armamenti, della sicurezza internazionale e della gestione nonviolenta dei conflitti. E\u2019 giuridicamente riconosciuto dal Ministero degli Affari Esteri e dalle Nazioni Unite - Settore pubblica informazione ed Ecosoc. Svolge attivit\u00e0 di ricerca, documentazione e formazione, in particolare per stage universitari. Iscritto al registro delle Associazioni di promozione sociale della Regione Lazio, \u00e8 riconosciuto come Istituto Culturale della Regione Lazio e come Ente di formazione per il personale scolastico dal MIUR. E\u2019 accreditato presso l'Ufficio Nazionale per il Servizio Civile per la prestazione del servizio civile volontario.\",\"sameAs\":[\"https:\/\/www.iriad.it\"],\"url\":\"https:\/\/www.pressenza.com\/it\/author\/iriad\/\"}]}<\/script>\n<!-- \/ Yoast SEO plugin. -->","yoast_head_json":{"title":"Archivio Disarmo partecipa alla carovana \"Stop the War Now\"","description":"\u201cLe devastazioni materiali sub\u00ecte dall'Ucraina a causa dell'invasione russa suscitano in noi una profonda emozione \u2013 dichiara Francesca Farruggia","robots":{"index":"index","follow":"follow","max-snippet":"max-snippet:-1","max-image-preview":"max-image-preview:large","max-video-preview":"max-video-preview:-1"},"canonical":"https:\/\/www.pressenza.com\/it\/2022\/03\/archivio-disarmo-partecipa-alla-carovana-stop-the-war-now\/","og_locale":"it_IT","og_type":"article","og_title":"Archivio Disarmo partecipa alla carovana \"Stop the War Now\"","og_description":"\u201cLe devastazioni materiali sub\u00ecte dall'Ucraina a causa dell'invasione russa suscitano in noi una profonda emozione \u2013 dichiara Francesca Farruggia","og_url":"https:\/\/www.pressenza.com\/it\/2022\/03\/archivio-disarmo-partecipa-alla-carovana-stop-the-war-now\/","og_site_name":"Pressenza","article_publisher":"https:\/\/www.facebook.com\/PressenzaItalia","article_published_time":"2022-03-31T10:35:17+00:00","article_modified_time":"2022-03-31T10:39:43+00:00","og_image":[{"width":1024,"height":768,"url":"https:\/\/www.pressenza.com\/wp-content\/uploads\/2022\/03\/archivio-disarmo.jpg","type":"image\/jpeg"}],"author":"Archivio Disarmo","twitter_card":"summary_large_image","twitter_creator":"@PressenzaIPA","twitter_site":"@PressenzaIPA","twitter_misc":{"Scritto da":"Archivio Disarmo","Tempo di lettura stimato":"1 minuto"},"schema":{"@context":"https:\/\/schema.org","@graph":[{"@type":"Article","@id":"https:\/\/www.pressenza.com\/it\/2022\/03\/archivio-disarmo-partecipa-alla-carovana-stop-the-war-now\/#article","isPartOf":{"@id":"https:\/\/www.pressenza.com\/it\/2022\/03\/archivio-disarmo-partecipa-alla-carovana-stop-the-war-now\/"},"author":{"name":"Archivio Disarmo","@id":"https:\/\/www.pressenza.com\/it\/#\/schema\/person\/bb270ae2452e820e091cad51d646bb7a"},"headline":"Archivio Disarmo partecipa alla carovana &#8220;Stop the War Now&#8221;","datePublished":"2022-03-31T10:35:17+00:00","dateModified":"2022-03-31T10:39:43+00:00","mainEntityOfPage":{"@id":"https:\/\/www.pressenza.com\/it\/2022\/03\/archivio-disarmo-partecipa-alla-carovana-stop-the-war-now\/"},"wordCount":274,"publisher":{"@id":"https:\/\/www.pressenza.com\/it\/#organization"},"image":{"@id":"https:\/\/www.pressenza.com\/it\/2022\/03\/archivio-disarmo-partecipa-alla-carovana-stop-the-war-now\/#primaryimage"},"thumbnailUrl":"https:\/\/www.pressenza.com\/wp-content\/uploads\/2022\/03\/archivio-disarmo.jpg","keywords":["Archivio Disarmo","Stop the War","Ucraina"],"articleSection":["Comunicati Stampa","Pace e Disarmo"],"inLanguage":"it-IT"},{"@type":"WebPage","@id":"https:\/\/www.pressenza.com\/it\/2022\/03\/archivio-disarmo-partecipa-alla-carovana-stop-the-war-now\/","url":"https:\/\/www.pressenza.com\/it\/2022\/03\/archivio-disarmo-partecipa-alla-carovana-stop-the-war-now\/","name":"Archivio Disarmo partecipa alla carovana \"Stop the War Now\"","isPartOf":{"@id":"https:\/\/www.pressenza.com\/it\/#website"},"primaryImageOfPage":{"@id":"https:\/\/www.pressenza.com\/it\/2022\/03\/archivio-disarmo-partecipa-alla-carovana-stop-the-war-now\/#primaryimage"},"image":{"@id":"https:\/\/www.pressenza.com\/it\/2022\/03\/archivio-disarmo-partecipa-alla-carovana-stop-the-war-now\/#primaryimage"},"thumbnailUrl":"https:\/\/www.pressenza.com\/wp-content\/uploads\/2022\/03\/archivio-disarmo.jpg","datePublished":"2022-03-31T10:35:17+00:00","dateModified":"2022-03-31T10:39:43+00:00","description":"\u201cLe devastazioni materiali sub\u00ecte dall'Ucraina a causa dell'invasione russa suscitano in noi una profonda emozione \u2013 dichiara Francesca Farruggia","breadcrumb":{"@id":"https:\/\/www.pressenza.com\/it\/2022\/03\/archivio-disarmo-partecipa-alla-carovana-stop-the-war-now\/#breadcrumb"},"inLanguage":"it-IT","potentialAction":[{"@type":"ReadAction","target":["https:\/\/www.pressenza.com\/it\/2022\/03\/archivio-disarmo-partecipa-alla-carovana-stop-the-war-now\/"]}]},{"@type":"ImageObject","inLanguage":"it-IT","@id":"https:\/\/www.pressenza.com\/it\/2022\/03\/archivio-disarmo-partecipa-alla-carovana-stop-the-war-now\/#primaryimage","url":"https:\/\/www.pressenza.com\/wp-content\/uploads\/2022\/03\/archivio-disarmo.jpg","contentUrl":"https:\/\/www.pressenza.com\/wp-content\/uploads\/2022\/03\/archivio-disarmo.jpg","width":1024,"height":768},{"@type":"BreadcrumbList","@id":"https:\/\/www.pressenza.com\/it\/2022\/03\/archivio-disarmo-partecipa-alla-carovana-stop-the-war-now\/#breadcrumb","itemListElement":[{"@type":"ListItem","position":1,"name":"Accueil","item":"https:\/\/www.pressenza.com\/it\/"},{"@type":"ListItem","position":2,"name":"Archivio Disarmo partecipa alla carovana &#8220;Stop the War Now&#8221;"}]},{"@type":"WebSite","@id":"https:\/\/www.pressenza.com\/it\/#website","url":"https:\/\/www.pressenza.com\/it\/","name":"Pressenza","description":"Agenzia di Stampa Internazionale","publisher":{"@id":"https:\/\/www.pressenza.com\/it\/#organization"},"potentialAction":[{"@type":"SearchAction","target":{"@type":"EntryPoint","urlTemplate":"https:\/\/www.pressenza.com\/it\/?s={search_term_string}"},"query-input":{"@type":"PropertyValueSpecification","valueRequired":true,"valueName":"search_term_string"}}],"inLanguage":"it-IT"},{"@type":"Organization","@id":"https:\/\/www.pressenza.com\/it\/#organization","name":"Pressenza","url":"https:\/\/www.pressenza.com\/it\/","logo":{"@type":"ImageObject","inLanguage":"it-IT","@id":"https:\/\/www.pressenza.com\/it\/#\/schema\/logo\/image\/","url":"https:\/\/www.pressenza.com\/wp-content\/uploads\/2022\/10\/pressenza_logo_200x200.jpg","contentUrl":"https:\/\/www.pressenza.com\/wp-content\/uploads\/2022\/10\/pressenza_logo_200x200.jpg","width":200,"height":200,"caption":"Pressenza"},"image":{"@id":"https:\/\/www.pressenza.com\/it\/#\/schema\/logo\/image\/"},"sameAs":["https:\/\/www.facebook.com\/PressenzaItalia","https:\/\/x.com\/PressenzaIPA"]},{"@type":"Person","@id":"https:\/\/www.pressenza.com\/it\/#\/schema\/person\/bb270ae2452e820e091cad51d646bb7a","name":"Archivio Disarmo","description":"Archivio Disarmo (Roma) \u00e8 un Istituto di ricerca fondato nel 1982 che studia i problemi della pace, del controllo degli armamenti, della sicurezza internazionale e della gestione nonviolenta dei conflitti. E\u2019 giuridicamente riconosciuto dal Ministero degli Affari Esteri e dalle Nazioni Unite - Settore pubblica informazione ed Ecosoc. Svolge attivit\u00e0 di ricerca, documentazione e formazione, in particolare per stage universitari. Iscritto al registro delle Associazioni di promozione sociale della Regione Lazio, \u00e8 riconosciuto come Istituto Culturale della Regione Lazio e come Ente di formazione per il personale scolastico dal MIUR. E\u2019 accreditato presso l'Ufficio Nazionale per il Servizio Civile per la prestazione del servizio civile volontario.","sameAs":["https:\/\/www.iriad.it"],"url":"https:\/\/www.pressenza.com\/it\/author\/iriad\/"}]}},"place":"","original_article_url":"","_links":{"self":[{"href":"https:\/\/www.pressenza.com\/it\/wp-json\/wp\/v2\/posts\/1554725","targetHints":{"allow":["GET"]}}],"collection":[{"href":"https:\/\/www.pressenza.com\/it\/wp-json\/wp\/v2\/posts"}],"about":[{"href":"https:\/\/www.pressenza.com\/it\/wp-json\/wp\/v2\/types\/post"}],"author":[{"embeddable":true,"href":"https:\/\/www.pressenza.com\/it\/wp-json\/wp\/v2\/users\/1981"}],"replies":[{"embeddable":true,"href":"https:\/\/www.pressenza.com\/it\/wp-json\/wp\/v2\/comments?post=1554725"}],"version-history":[{"count":0,"href":"https:\/\/www.pressenza.com\/it\/wp-json\/wp\/v2\/posts\/1554725\/revisions"}],"wp:featuredmedia":[{"embeddable":true,"href":"https:\/\/www.pressenza.com\/it\/wp-json\/wp\/v2\/media\/1554726"}],"wp:attachment":[{"href":"https:\/\/www.pressenza.com\/it\/wp-json\/wp\/v2\/media?parent=1554725"}],"wp:term":[{"taxonomy":"category","embeddable":true,"href":"https:\/\/www.pressenza.com\/it\/wp-json\/wp\/v2\/categories?post=1554725"},{"taxonomy":"post_tag","embeddable":true,"href":"https:\/\/www.pressenza.com\/it\/wp-json\/wp\/v2\/tags?post=1554725"}],"curies":[{"name":"wp","href":"https:\/\/api.w.org\/{rel}","templated":true}]}}