{"id":1554222,"date":"2022-03-30T08:49:31","date_gmt":"2022-03-30T07:49:31","guid":{"rendered":"https:\/\/www.pressenza.com\/?p=1554222"},"modified":"2022-03-30T09:39:07","modified_gmt":"2022-03-30T08:39:07","slug":"fuori-la-guerra-dalla-storia","status":"publish","type":"post","link":"https:\/\/www.pressenza.com\/it\/2022\/03\/fuori-la-guerra-dalla-storia\/","title":{"rendered":"Fuori la guerra dalla storia!"},"content":{"rendered":"<p><span style=\"font-weight: 400;\">Ci sono stati e continuano ad esserci guerre e massacri di esseri umani in tutto il mondo.\u00a0 Continua la distruzione di nazioni intere con la loro ricchezza di arte e cultura. Il sistema di\u00a0 potere fa di tutto per convincerci della giustezza degli interventi armati e sono state coniate\u00a0 nuove espressioni, ridicoli ossimori, come guerra per la democrazia, guerra umanitaria. E\u00a0 adesso il conflitto in Ucraina rischia di travolgere l\u2019intera Europa ma, come tutte le guerre,\u00a0 non giunge inaspettato e non era inevitabile. C\u2019\u00e8 dietro una storia di prove di forza, di un\u00a0 passo dietro l\u2019altro per presidiare territori, secondo la logica del non cedere nulla\u00a0 all\u2019avversario e secondo gli interessi sovranisti del capitale e dell\u2019industria bellica. Ma questo\u00a0 non \u00e8 tema su cui \u00e8 consentito il dibattito perch\u00e9 attiene ai potenti decidere dell\u2019ordine del\u00a0 mondo. <\/span><\/p>\n<p><span style=\"font-weight: 400;\">Di fronte allo scenario di feroce aggressione ci viene imposta un\u2019unica lettura che\u00a0 legittima una risposta ulteriormente aggressiva, senza margini per una valutazione critica\u00a0 delle responsabilit\u00e0 del passato, n\u00e9 delle conseguenze e dei rischi per il futuro. Si alzano i\u00a0 toni perfino nella dialettica interna del nostro paese, riducendo qualsiasi ragionamento allo\u00a0 schieramento a favore o contro Putin.\u00a0<\/span><\/p>\n<p><span style=\"font-weight: 400;\">Pur parlando astrattamente di negoziati, non si percorrono adeguate strategie diplomatiche\u00a0 per una mediazione che ponga fine al macello di donne, bambini, uomini e alla distruzione\u00a0 dell\u2019Ucraina. Al contrario aumentano le spese militari, aumenta pericolosamente\u00a0 l\u2019aggressivit\u00e0 verbale, in una becera personalizzazione dello scontro che nulla ha a che\u00a0 vedere con la cultura della risoluzione dei conflitti che da decenni viene coltivata dal\u00a0 pacifismo e dal femminismo.\u00a0<\/span><\/p>\n<p><span style=\"font-weight: 400;\">Noi donne vogliamo cancellare l\u2019idea stessa di guerra, anacronismo distruttivo che\u00a0 contraddice ogni concezione progressiva e umanitaria. Vogliamo trasformare l\u2019ordine della\u00a0 forza e del dominio, che genera guerra e morte, nell\u2019ordine dell\u2019amore e della cura che\u00a0 genera vita.\u00a0<\/span><\/p>\n<p><i><span style=\"font-weight: 400;\">La nostra passivit\u00e0 ha permesso agli uomini di calpestare i nostri valori e di impadronirsi in\u00a0 nome della patria del frutto delle nostre viscere, mandando al macello i figli come bestie per\u00a0 fare gli interessi dei guerrafondai <\/span><\/i><span style=\"font-weight: 400;\">(Maria Occhipinti, <\/span><i><span style=\"font-weight: 400;\">Una donna libera<\/span><\/i><span style=\"font-weight: 400;\">)\u00a0\u00a0<\/span><\/p>\n<p style=\"text-align: center;\"><strong>NON VE LO PERMETTEREMO PI\u00d9!\u00a0<\/strong><\/p>\n<p>&nbsp;<\/p>\n<p><span style=\"font-weight: 400;\">La storica estraneit\u00e0 delle donne dai luoghi di potere maschile in cui si decidono e si\u00a0 dichiarano le guerre \u00e8 il punto di forza da cui gridiamo:\u00a0\u00a0<\/span><\/p>\n<p style=\"text-align: center;\"><strong>NO ALLA GUERRA! NO ALLE ARMI!\u00a0<\/strong><\/p>\n<p style=\"text-align: center;\"><strong>MAI PIU\u2019 CADUTI\/MARTIRI EROI DI GUERRA!\u00a0<\/strong><\/p>\n<p>&nbsp;<\/p>\n<p><span style=\"font-weight: 400;\">Lo grideremo <\/span><b>OGNI DOMENICA MATTINA DALLE 11,00 ALLE 13,00 PRESSO LA STATUA DELLA LIBERT\u00c0<\/b><span style=\"font-weight: 400;\">, <\/span><span style=\"font-weight: 400;\">monumento dedicato ai caduti della Prima guerra mondiale, fino a quando\u00a0 non cesser\u00e0 la follia delle armi, fino a quando i potenti dell\u2019Occidente non si siederanno con i\u00a0 potenti della Russia per avviare seri negoziati di pace.\u00a0<\/span><\/p>\n<p>&nbsp;<\/p>\n<p><em>UDIPALERMO &#8211; Le Rose Bianche &#8211; Donne CGIL Palermo &#8211; Coordinamento Donne ANPI Associazione Donne Islamiche FATIMA &#8211; Emily &#8211; Donne Caff\u00e8 filosofico Bonetti &#8211; Fidapa\u00a0 sez. Palermo Felicissima &#8211; sez. Mondello &#8211;\u00a0<\/em><em>LAB ZEN 2\u00a0<\/em><em>&#8211; Il femminile \u00e8 politico &#8211; Donne no\u00a0 Muos no war &#8211; CIF<\/em><\/p>\n<p>per adesioni inviare mail a\u00a0<a href=\"mailto:bibliotecadonneudipalermo@gmail.com\">bibliotecadonneudipalermo@gmail.com<\/a><\/p>\n<p>&nbsp;<\/p>\n<p>&nbsp;<\/p>\n<p>&nbsp;<\/p>\n","protected":false},"excerpt":{"rendered":"<p>Ci sono stati e continuano ad esserci guerre e massacri di esseri umani in tutto il mondo.\u00a0 Continua la distruzione di nazioni intere con la loro ricchezza di arte e cultura. Il sistema di\u00a0 potere fa di tutto per convincerci&hellip;<\/p>\n","protected":false},"author":1860,"featured_media":1554223,"comment_status":"closed","ping_status":"closed","sticky":false,"template":"","format":"standard","meta":{"footnotes":""},"categories":[150,47,1262,1263],"tags":[207,16143,2804,8514],"class_list":["post-1554222","post","type-post","status-publish","format-standard","has-post-thumbnail","hentry","category-comunicati-stampa","category-europa","category-nonviolenza-argomento","category-pace-disarmo","tag-nato","tag-no-alla-guerra","tag-russia-it","tag-ucraina"],"yoast_head":"<!-- This site is optimized with the Yoast SEO plugin v27.1.1 - https:\/\/yoast.com\/product\/yoast-seo-wordpress\/ -->\n<title>Fuori la guerra dalla storia!<\/title>\n<meta name=\"description\" content=\"Ci sono stati e continuano ad esserci guerre e massacri di esseri umani in tutto il mondo.\u00a0 Continua la distruzione di nazioni intere con la loro\" \/>\n<meta name=\"robots\" content=\"index, follow, max-snippet:-1, max-image-preview:large, max-video-preview:-1\" \/>\n<link rel=\"canonical\" href=\"https:\/\/www.pressenza.com\/it\/2022\/03\/fuori-la-guerra-dalla-storia\/\" \/>\n<meta property=\"og:locale\" content=\"it_IT\" \/>\n<meta property=\"og:type\" content=\"article\" \/>\n<meta property=\"og:title\" content=\"Fuori la guerra dalla storia!\" \/>\n<meta property=\"og:description\" content=\"Ci sono stati e continuano ad esserci guerre e massacri di esseri umani in tutto il mondo.\u00a0 Continua la distruzione di nazioni intere con la loro\" \/>\n<meta property=\"og:url\" content=\"https:\/\/www.pressenza.com\/it\/2022\/03\/fuori-la-guerra-dalla-storia\/\" \/>\n<meta property=\"og:site_name\" content=\"Pressenza\" \/>\n<meta property=\"article:publisher\" content=\"https:\/\/www.facebook.com\/PressenzaItalia\" \/>\n<meta property=\"article:published_time\" content=\"2022-03-30T07:49:31+00:00\" \/>\n<meta property=\"article:modified_time\" content=\"2022-03-30T08:39:07+00:00\" \/>\n<meta property=\"og:image\" content=\"https:\/\/www.pressenza.com\/wp-content\/uploads\/2022\/03\/disarm.jpg\" \/>\n\t<meta property=\"og:image:width\" content=\"1280\" \/>\n\t<meta property=\"og:image:height\" content=\"440\" \/>\n\t<meta property=\"og:image:type\" content=\"image\/jpeg\" \/>\n<meta name=\"author\" content=\"Redazione Palermo\" \/>\n<meta name=\"twitter:card\" content=\"summary_large_image\" \/>\n<meta name=\"twitter:creator\" content=\"@PressenzaIPA\" \/>\n<meta name=\"twitter:site\" content=\"@PressenzaIPA\" \/>\n<meta name=\"twitter:label1\" content=\"Scritto da\" \/>\n\t<meta name=\"twitter:data1\" content=\"Redazione Palermo\" \/>\n\t<meta name=\"twitter:label2\" content=\"Tempo di lettura stimato\" \/>\n\t<meta name=\"twitter:data2\" content=\"3 minuti\" \/>\n<script type=\"application\/ld+json\" class=\"yoast-schema-graph\">{\"@context\":\"https:\/\/schema.org\",\"@graph\":[{\"@type\":\"Article\",\"@id\":\"https:\/\/www.pressenza.com\/it\/2022\/03\/fuori-la-guerra-dalla-storia\/#article\",\"isPartOf\":{\"@id\":\"https:\/\/www.pressenza.com\/it\/2022\/03\/fuori-la-guerra-dalla-storia\/\"},\"author\":{\"name\":\"Redazione Palermo\",\"@id\":\"https:\/\/www.pressenza.com\/it\/#\/schema\/person\/dd233b73788fa2d4f797777f9b6c1100\"},\"headline\":\"Fuori la guerra dalla storia!\",\"datePublished\":\"2022-03-30T07:49:31+00:00\",\"dateModified\":\"2022-03-30T08:39:07+00:00\",\"mainEntityOfPage\":{\"@id\":\"https:\/\/www.pressenza.com\/it\/2022\/03\/fuori-la-guerra-dalla-storia\/\"},\"wordCount\":510,\"publisher\":{\"@id\":\"https:\/\/www.pressenza.com\/it\/#organization\"},\"image\":{\"@id\":\"https:\/\/www.pressenza.com\/it\/2022\/03\/fuori-la-guerra-dalla-storia\/#primaryimage\"},\"thumbnailUrl\":\"https:\/\/www.pressenza.com\/wp-content\/uploads\/2022\/03\/disarm.jpg\",\"keywords\":[\"NATO\",\"No alla guerra\",\"Russia\",\"Ucraina\"],\"articleSection\":[\"Comunicati Stampa\",\"Europa\",\"Nonviolenza\",\"Pace e Disarmo\"],\"inLanguage\":\"it-IT\"},{\"@type\":\"WebPage\",\"@id\":\"https:\/\/www.pressenza.com\/it\/2022\/03\/fuori-la-guerra-dalla-storia\/\",\"url\":\"https:\/\/www.pressenza.com\/it\/2022\/03\/fuori-la-guerra-dalla-storia\/\",\"name\":\"Fuori la guerra dalla storia!\",\"isPartOf\":{\"@id\":\"https:\/\/www.pressenza.com\/it\/#website\"},\"primaryImageOfPage\":{\"@id\":\"https:\/\/www.pressenza.com\/it\/2022\/03\/fuori-la-guerra-dalla-storia\/#primaryimage\"},\"image\":{\"@id\":\"https:\/\/www.pressenza.com\/it\/2022\/03\/fuori-la-guerra-dalla-storia\/#primaryimage\"},\"thumbnailUrl\":\"https:\/\/www.pressenza.com\/wp-content\/uploads\/2022\/03\/disarm.jpg\",\"datePublished\":\"2022-03-30T07:49:31+00:00\",\"dateModified\":\"2022-03-30T08:39:07+00:00\",\"description\":\"Ci sono stati e continuano ad esserci guerre e massacri di esseri umani in tutto il mondo.\u00a0 Continua la distruzione di nazioni intere con la loro\",\"breadcrumb\":{\"@id\":\"https:\/\/www.pressenza.com\/it\/2022\/03\/fuori-la-guerra-dalla-storia\/#breadcrumb\"},\"inLanguage\":\"it-IT\",\"potentialAction\":[{\"@type\":\"ReadAction\",\"target\":[\"https:\/\/www.pressenza.com\/it\/2022\/03\/fuori-la-guerra-dalla-storia\/\"]}]},{\"@type\":\"ImageObject\",\"inLanguage\":\"it-IT\",\"@id\":\"https:\/\/www.pressenza.com\/it\/2022\/03\/fuori-la-guerra-dalla-storia\/#primaryimage\",\"url\":\"https:\/\/www.pressenza.com\/wp-content\/uploads\/2022\/03\/disarm.jpg\",\"contentUrl\":\"https:\/\/www.pressenza.com\/wp-content\/uploads\/2022\/03\/disarm.jpg\",\"width\":1280,\"height\":440},{\"@type\":\"BreadcrumbList\",\"@id\":\"https:\/\/www.pressenza.com\/it\/2022\/03\/fuori-la-guerra-dalla-storia\/#breadcrumb\",\"itemListElement\":[{\"@type\":\"ListItem\",\"position\":1,\"name\":\"Accueil\",\"item\":\"https:\/\/www.pressenza.com\/it\/\"},{\"@type\":\"ListItem\",\"position\":2,\"name\":\"Fuori la guerra dalla storia!\"}]},{\"@type\":\"WebSite\",\"@id\":\"https:\/\/www.pressenza.com\/it\/#website\",\"url\":\"https:\/\/www.pressenza.com\/it\/\",\"name\":\"Pressenza\",\"description\":\"Agenzia di Stampa Internazionale\",\"publisher\":{\"@id\":\"https:\/\/www.pressenza.com\/it\/#organization\"},\"potentialAction\":[{\"@type\":\"SearchAction\",\"target\":{\"@type\":\"EntryPoint\",\"urlTemplate\":\"https:\/\/www.pressenza.com\/it\/?s={search_term_string}\"},\"query-input\":{\"@type\":\"PropertyValueSpecification\",\"valueRequired\":true,\"valueName\":\"search_term_string\"}}],\"inLanguage\":\"it-IT\"},{\"@type\":\"Organization\",\"@id\":\"https:\/\/www.pressenza.com\/it\/#organization\",\"name\":\"Pressenza\",\"url\":\"https:\/\/www.pressenza.com\/it\/\",\"logo\":{\"@type\":\"ImageObject\",\"inLanguage\":\"it-IT\",\"@id\":\"https:\/\/www.pressenza.com\/it\/#\/schema\/logo\/image\/\",\"url\":\"https:\/\/www.pressenza.com\/wp-content\/uploads\/2022\/10\/pressenza_logo_200x200.jpg\",\"contentUrl\":\"https:\/\/www.pressenza.com\/wp-content\/uploads\/2022\/10\/pressenza_logo_200x200.jpg\",\"width\":200,\"height\":200,\"caption\":\"Pressenza\"},\"image\":{\"@id\":\"https:\/\/www.pressenza.com\/it\/#\/schema\/logo\/image\/\"},\"sameAs\":[\"https:\/\/www.facebook.com\/PressenzaItalia\",\"https:\/\/x.com\/PressenzaIPA\"]},{\"@type\":\"Person\",\"@id\":\"https:\/\/www.pressenza.com\/it\/#\/schema\/person\/dd233b73788fa2d4f797777f9b6c1100\",\"name\":\"Redazione Palermo\",\"description\":\"News from the Pressenza Bureau in Palermo, Italy\",\"url\":\"https:\/\/www.pressenza.com\/it\/author\/redazione-palermo\/\"}]}<\/script>\n<!-- \/ Yoast SEO plugin. -->","yoast_head_json":{"title":"Fuori la guerra dalla storia!","description":"Ci sono stati e continuano ad esserci guerre e massacri di esseri umani in tutto il mondo.\u00a0 Continua la distruzione di nazioni intere con la loro","robots":{"index":"index","follow":"follow","max-snippet":"max-snippet:-1","max-image-preview":"max-image-preview:large","max-video-preview":"max-video-preview:-1"},"canonical":"https:\/\/www.pressenza.com\/it\/2022\/03\/fuori-la-guerra-dalla-storia\/","og_locale":"it_IT","og_type":"article","og_title":"Fuori la guerra dalla storia!","og_description":"Ci sono stati e continuano ad esserci guerre e massacri di esseri umani in tutto il mondo.\u00a0 Continua la distruzione di nazioni intere con la loro","og_url":"https:\/\/www.pressenza.com\/it\/2022\/03\/fuori-la-guerra-dalla-storia\/","og_site_name":"Pressenza","article_publisher":"https:\/\/www.facebook.com\/PressenzaItalia","article_published_time":"2022-03-30T07:49:31+00:00","article_modified_time":"2022-03-30T08:39:07+00:00","og_image":[{"width":1280,"height":440,"url":"https:\/\/www.pressenza.com\/wp-content\/uploads\/2022\/03\/disarm.jpg","type":"image\/jpeg"}],"author":"Redazione Palermo","twitter_card":"summary_large_image","twitter_creator":"@PressenzaIPA","twitter_site":"@PressenzaIPA","twitter_misc":{"Scritto da":"Redazione Palermo","Tempo di lettura stimato":"3 minuti"},"schema":{"@context":"https:\/\/schema.org","@graph":[{"@type":"Article","@id":"https:\/\/www.pressenza.com\/it\/2022\/03\/fuori-la-guerra-dalla-storia\/#article","isPartOf":{"@id":"https:\/\/www.pressenza.com\/it\/2022\/03\/fuori-la-guerra-dalla-storia\/"},"author":{"name":"Redazione Palermo","@id":"https:\/\/www.pressenza.com\/it\/#\/schema\/person\/dd233b73788fa2d4f797777f9b6c1100"},"headline":"Fuori la guerra dalla storia!","datePublished":"2022-03-30T07:49:31+00:00","dateModified":"2022-03-30T08:39:07+00:00","mainEntityOfPage":{"@id":"https:\/\/www.pressenza.com\/it\/2022\/03\/fuori-la-guerra-dalla-storia\/"},"wordCount":510,"publisher":{"@id":"https:\/\/www.pressenza.com\/it\/#organization"},"image":{"@id":"https:\/\/www.pressenza.com\/it\/2022\/03\/fuori-la-guerra-dalla-storia\/#primaryimage"},"thumbnailUrl":"https:\/\/www.pressenza.com\/wp-content\/uploads\/2022\/03\/disarm.jpg","keywords":["NATO","No alla guerra","Russia","Ucraina"],"articleSection":["Comunicati Stampa","Europa","Nonviolenza","Pace e Disarmo"],"inLanguage":"it-IT"},{"@type":"WebPage","@id":"https:\/\/www.pressenza.com\/it\/2022\/03\/fuori-la-guerra-dalla-storia\/","url":"https:\/\/www.pressenza.com\/it\/2022\/03\/fuori-la-guerra-dalla-storia\/","name":"Fuori la guerra dalla storia!","isPartOf":{"@id":"https:\/\/www.pressenza.com\/it\/#website"},"primaryImageOfPage":{"@id":"https:\/\/www.pressenza.com\/it\/2022\/03\/fuori-la-guerra-dalla-storia\/#primaryimage"},"image":{"@id":"https:\/\/www.pressenza.com\/it\/2022\/03\/fuori-la-guerra-dalla-storia\/#primaryimage"},"thumbnailUrl":"https:\/\/www.pressenza.com\/wp-content\/uploads\/2022\/03\/disarm.jpg","datePublished":"2022-03-30T07:49:31+00:00","dateModified":"2022-03-30T08:39:07+00:00","description":"Ci sono stati e continuano ad esserci guerre e massacri di esseri umani in tutto il mondo.\u00a0 Continua la distruzione di nazioni intere con la loro","breadcrumb":{"@id":"https:\/\/www.pressenza.com\/it\/2022\/03\/fuori-la-guerra-dalla-storia\/#breadcrumb"},"inLanguage":"it-IT","potentialAction":[{"@type":"ReadAction","target":["https:\/\/www.pressenza.com\/it\/2022\/03\/fuori-la-guerra-dalla-storia\/"]}]},{"@type":"ImageObject","inLanguage":"it-IT","@id":"https:\/\/www.pressenza.com\/it\/2022\/03\/fuori-la-guerra-dalla-storia\/#primaryimage","url":"https:\/\/www.pressenza.com\/wp-content\/uploads\/2022\/03\/disarm.jpg","contentUrl":"https:\/\/www.pressenza.com\/wp-content\/uploads\/2022\/03\/disarm.jpg","width":1280,"height":440},{"@type":"BreadcrumbList","@id":"https:\/\/www.pressenza.com\/it\/2022\/03\/fuori-la-guerra-dalla-storia\/#breadcrumb","itemListElement":[{"@type":"ListItem","position":1,"name":"Accueil","item":"https:\/\/www.pressenza.com\/it\/"},{"@type":"ListItem","position":2,"name":"Fuori la guerra dalla storia!"}]},{"@type":"WebSite","@id":"https:\/\/www.pressenza.com\/it\/#website","url":"https:\/\/www.pressenza.com\/it\/","name":"Pressenza","description":"Agenzia di Stampa Internazionale","publisher":{"@id":"https:\/\/www.pressenza.com\/it\/#organization"},"potentialAction":[{"@type":"SearchAction","target":{"@type":"EntryPoint","urlTemplate":"https:\/\/www.pressenza.com\/it\/?s={search_term_string}"},"query-input":{"@type":"PropertyValueSpecification","valueRequired":true,"valueName":"search_term_string"}}],"inLanguage":"it-IT"},{"@type":"Organization","@id":"https:\/\/www.pressenza.com\/it\/#organization","name":"Pressenza","url":"https:\/\/www.pressenza.com\/it\/","logo":{"@type":"ImageObject","inLanguage":"it-IT","@id":"https:\/\/www.pressenza.com\/it\/#\/schema\/logo\/image\/","url":"https:\/\/www.pressenza.com\/wp-content\/uploads\/2022\/10\/pressenza_logo_200x200.jpg","contentUrl":"https:\/\/www.pressenza.com\/wp-content\/uploads\/2022\/10\/pressenza_logo_200x200.jpg","width":200,"height":200,"caption":"Pressenza"},"image":{"@id":"https:\/\/www.pressenza.com\/it\/#\/schema\/logo\/image\/"},"sameAs":["https:\/\/www.facebook.com\/PressenzaItalia","https:\/\/x.com\/PressenzaIPA"]},{"@type":"Person","@id":"https:\/\/www.pressenza.com\/it\/#\/schema\/person\/dd233b73788fa2d4f797777f9b6c1100","name":"Redazione Palermo","description":"News from the Pressenza Bureau in Palermo, Italy","url":"https:\/\/www.pressenza.com\/it\/author\/redazione-palermo\/"}]}},"place":"","original_article_url":"","_links":{"self":[{"href":"https:\/\/www.pressenza.com\/it\/wp-json\/wp\/v2\/posts\/1554222","targetHints":{"allow":["GET"]}}],"collection":[{"href":"https:\/\/www.pressenza.com\/it\/wp-json\/wp\/v2\/posts"}],"about":[{"href":"https:\/\/www.pressenza.com\/it\/wp-json\/wp\/v2\/types\/post"}],"author":[{"embeddable":true,"href":"https:\/\/www.pressenza.com\/it\/wp-json\/wp\/v2\/users\/1860"}],"replies":[{"embeddable":true,"href":"https:\/\/www.pressenza.com\/it\/wp-json\/wp\/v2\/comments?post=1554222"}],"version-history":[{"count":0,"href":"https:\/\/www.pressenza.com\/it\/wp-json\/wp\/v2\/posts\/1554222\/revisions"}],"wp:featuredmedia":[{"embeddable":true,"href":"https:\/\/www.pressenza.com\/it\/wp-json\/wp\/v2\/media\/1554223"}],"wp:attachment":[{"href":"https:\/\/www.pressenza.com\/it\/wp-json\/wp\/v2\/media?parent=1554222"}],"wp:term":[{"taxonomy":"category","embeddable":true,"href":"https:\/\/www.pressenza.com\/it\/wp-json\/wp\/v2\/categories?post=1554222"},{"taxonomy":"post_tag","embeddable":true,"href":"https:\/\/www.pressenza.com\/it\/wp-json\/wp\/v2\/tags?post=1554222"}],"curies":[{"name":"wp","href":"https:\/\/api.w.org\/{rel}","templated":true}]}}