{"id":1553204,"date":"2022-03-27T14:37:05","date_gmt":"2022-03-27T13:37:05","guid":{"rendered":"https:\/\/www.pressenza.com\/?p=1553204"},"modified":"2022-03-27T14:47:10","modified_gmt":"2022-03-27T13:47:10","slug":"anpi-unanimita-con-pagliarulo-contro-armi-e-guerra","status":"publish","type":"post","link":"https:\/\/www.pressenza.com\/it\/2022\/03\/anpi-unanimita-con-pagliarulo-contro-armi-e-guerra\/","title":{"rendered":"Anpi, unanimit\u00e0 con Pagliarulo contro armi e guerra"},"content":{"rendered":"<p align=\"LEFT\">Si \u00e8 chiuso la mattina del 27 marzo a Riccione il congresso nazionale dell\u2019Anpi con la relazione del presidente Gianfranco Pagliarulo, la votazione dei nuovi organismi dirigenti e la votazione dei documenti conclusivi.<\/p>\n<p>Pagliarulo ha concluso il dibattito ricordando che il Congresso nazionale dell\u2019Anpi \u00a0ha visto la presenza di moltissimi ospiti che hanno contribuito ad arricchire il dibattito.\u00a0 Il congresso ha dimostrato concretamente come siano falsate le notizie apparse sulla maggioranza dei mass media presentando un congresso diviso. L\u2019Anpi \u00e8 un\u2019associazione che vive di unit\u00e0 e pluralismo. Pagliarulo si \u00e8 chiesto il perch\u00e9 di questa rappresentazione: \u00abPerch\u00e9 fa paura e a chi? L\u2019Anpi ribadisce la ferma condanna dell\u2019invasione dell\u2019Ucraina da parte della Russia, la piena solidariet\u00e0 alle popolazioni colpite dalla guerra, la concreta disponibilit\u00e0 all\u2019accoglienza dei profughi ma, al contempo, ribadisce anche la contrariet\u00e0 all\u2019invio delle armi e all\u2019aumento delle spese militari. Cos\u00ec come non smetter\u00e0 di battersi per la pace\u00bb. \u00a0Su questo, ha aggiunto Pagliarulo, non siamo soli: basta pensare alle parole di Papa Francesco e a come sia stato oscurato dai media.<\/p>\n<p align=\"LEFT\">Per il resto l\u2019Anpi conferma il suo impegno sui temi gi\u00e0 oggetto dei documenti congressuali, degli interventi dei delegati e dalla relazione introduttiva. Per dirla con uno slogan, l\u2019Anpi conferma il suo surplus di impegno civile sui temi della persona, del lavoro, della socialit\u00e0. Ribadisce il suo impegno antifascista,\u00a0 per una memoria attiva e per la piena attuazione della Costituzione.<\/p>\n<p align=\"LEFT\">Concludendo la sua relazione Pagliarulo ricorda le parole di un writer milanese: chi semina nel vento far\u00e0 fiorire il cielo.<\/p>\n<p>Si \u00e8 poi passato alla votazione dei nuovi organismi dirigenti: Comitato Nazionale, Presidente onorario riconfermando Carlo Smuraglia,\u00a0 approvati all\u2019unanimit\u00e0 con 6 astensioni.<\/p>\n<p align=\"LEFT\">Anche i documenti nazionali e la relazione di Gianfranco Pagliarulo sono stati approvati all\u2019unanimit\u00e0 con 20 astensioni. Il canto corale di Bella ciao ha concluso il congresso.<\/p>\n<p align=\"LEFT\">Renato Tettamanti<\/p>\n<h3 align=\"LEFT\"><\/h3>\n","protected":false},"excerpt":{"rendered":"<p>Si \u00e8 chiuso la mattina del 27 marzo a Riccione il congresso nazionale dell\u2019Anpi con la relazione del presidente Gianfranco Pagliarulo, la votazione dei nuovi organismi dirigenti e la votazione dei documenti conclusivi. Pagliarulo ha concluso il dibattito ricordando che&hellip;<\/p>\n","protected":false},"author":1615,"featured_media":1553205,"comment_status":"closed","ping_status":"closed","sticky":false,"template":"","format":"standard","meta":{"footnotes":""},"categories":[47,1263],"tags":[9977,3467,100380,100506,801,99678,8514],"class_list":["post-1553204","post","type-post","status-publish","format-standard","has-post-thumbnail","hentry","category-europa","category-pace-disarmo","tag-anpi","tag-antifascismo","tag-aumento-delle-spese-militari","tag-congresso-nazionale","tag-costituzione","tag-invio-di-armi","tag-ucraina"],"yoast_head":"<!-- This site is optimized with the Yoast SEO plugin v27.1.1 - https:\/\/yoast.com\/product\/yoast-seo-wordpress\/ -->\n<title>Anpi, unanimit\u00e0 con Pagliarulo contro armi e guerra<\/title>\n<meta name=\"description\" content=\"Si \u00e8 chiuso la mattina del 27 marzo a Riccione il congresso nazionale dell\u2019Anpi con la relazione del presidente Gianfranco Pagliarulo, la votazione dei\" \/>\n<meta name=\"robots\" content=\"index, follow, max-snippet:-1, max-image-preview:large, max-video-preview:-1\" \/>\n<link rel=\"canonical\" href=\"https:\/\/www.pressenza.com\/it\/2022\/03\/anpi-unanimita-con-pagliarulo-contro-armi-e-guerra\/\" \/>\n<meta property=\"og:locale\" content=\"it_IT\" \/>\n<meta property=\"og:type\" content=\"article\" \/>\n<meta property=\"og:title\" content=\"Anpi, unanimit\u00e0 con Pagliarulo contro armi e guerra\" \/>\n<meta property=\"og:description\" content=\"Si \u00e8 chiuso la mattina del 27 marzo a Riccione il congresso nazionale dell\u2019Anpi con la relazione del presidente Gianfranco Pagliarulo, la votazione dei\" \/>\n<meta property=\"og:url\" content=\"https:\/\/www.pressenza.com\/it\/2022\/03\/anpi-unanimita-con-pagliarulo-contro-armi-e-guerra\/\" \/>\n<meta property=\"og:site_name\" content=\"Pressenza\" \/>\n<meta property=\"article:publisher\" content=\"https:\/\/www.facebook.com\/PressenzaItalia\" \/>\n<meta property=\"article:published_time\" content=\"2022-03-27T13:37:05+00:00\" \/>\n<meta property=\"article:modified_time\" content=\"2022-03-27T13:47:10+00:00\" \/>\n<meta property=\"og:image\" content=\"https:\/\/www.pressenza.com\/wp-content\/uploads\/2022\/03\/anpi-riccione-1-rit.jpg\" \/>\n\t<meta property=\"og:image:width\" content=\"519\" \/>\n\t<meta property=\"og:image:height\" content=\"414\" \/>\n\t<meta property=\"og:image:type\" content=\"image\/jpeg\" \/>\n<meta name=\"author\" content=\"Ecoinformazioni\" \/>\n<meta name=\"twitter:card\" content=\"summary_large_image\" \/>\n<meta name=\"twitter:creator\" content=\"@PressenzaIPA\" \/>\n<meta name=\"twitter:site\" content=\"@PressenzaIPA\" \/>\n<meta name=\"twitter:label1\" content=\"Scritto da\" \/>\n\t<meta name=\"twitter:data1\" content=\"Ecoinformazioni\" \/>\n\t<meta name=\"twitter:label2\" content=\"Tempo di lettura stimato\" \/>\n\t<meta name=\"twitter:data2\" content=\"2 minuti\" \/>\n<script type=\"application\/ld+json\" class=\"yoast-schema-graph\">{\"@context\":\"https:\/\/schema.org\",\"@graph\":[{\"@type\":\"Article\",\"@id\":\"https:\/\/www.pressenza.com\/it\/2022\/03\/anpi-unanimita-con-pagliarulo-contro-armi-e-guerra\/#article\",\"isPartOf\":{\"@id\":\"https:\/\/www.pressenza.com\/it\/2022\/03\/anpi-unanimita-con-pagliarulo-contro-armi-e-guerra\/\"},\"author\":{\"name\":\"Ecoinformazioni\",\"@id\":\"https:\/\/www.pressenza.com\/it\/#\/schema\/person\/d9e93ec660fae7ae2e72ba7ee1aa9182\"},\"headline\":\"Anpi, unanimit\u00e0 con Pagliarulo contro armi e guerra\",\"datePublished\":\"2022-03-27T13:37:05+00:00\",\"dateModified\":\"2022-03-27T13:47:10+00:00\",\"mainEntityOfPage\":{\"@id\":\"https:\/\/www.pressenza.com\/it\/2022\/03\/anpi-unanimita-con-pagliarulo-contro-armi-e-guerra\/\"},\"wordCount\":320,\"publisher\":{\"@id\":\"https:\/\/www.pressenza.com\/it\/#organization\"},\"image\":{\"@id\":\"https:\/\/www.pressenza.com\/it\/2022\/03\/anpi-unanimita-con-pagliarulo-contro-armi-e-guerra\/#primaryimage\"},\"thumbnailUrl\":\"https:\/\/www.pressenza.com\/wp-content\/uploads\/2022\/03\/anpi-riccione-1-rit.jpg\",\"keywords\":[\"ANPI\",\"antifascismo\",\"aumento delle spese militari\",\"congresso nazionale\",\"Costituzione\",\"invio di armi\",\"Ucraina\"],\"articleSection\":[\"Europa\",\"Pace e Disarmo\"],\"inLanguage\":\"it-IT\"},{\"@type\":\"WebPage\",\"@id\":\"https:\/\/www.pressenza.com\/it\/2022\/03\/anpi-unanimita-con-pagliarulo-contro-armi-e-guerra\/\",\"url\":\"https:\/\/www.pressenza.com\/it\/2022\/03\/anpi-unanimita-con-pagliarulo-contro-armi-e-guerra\/\",\"name\":\"Anpi, unanimit\u00e0 con Pagliarulo contro armi e guerra\",\"isPartOf\":{\"@id\":\"https:\/\/www.pressenza.com\/it\/#website\"},\"primaryImageOfPage\":{\"@id\":\"https:\/\/www.pressenza.com\/it\/2022\/03\/anpi-unanimita-con-pagliarulo-contro-armi-e-guerra\/#primaryimage\"},\"image\":{\"@id\":\"https:\/\/www.pressenza.com\/it\/2022\/03\/anpi-unanimita-con-pagliarulo-contro-armi-e-guerra\/#primaryimage\"},\"thumbnailUrl\":\"https:\/\/www.pressenza.com\/wp-content\/uploads\/2022\/03\/anpi-riccione-1-rit.jpg\",\"datePublished\":\"2022-03-27T13:37:05+00:00\",\"dateModified\":\"2022-03-27T13:47:10+00:00\",\"description\":\"Si \u00e8 chiuso la mattina del 27 marzo a Riccione il congresso nazionale dell\u2019Anpi con la relazione del presidente Gianfranco Pagliarulo, la votazione dei\",\"breadcrumb\":{\"@id\":\"https:\/\/www.pressenza.com\/it\/2022\/03\/anpi-unanimita-con-pagliarulo-contro-armi-e-guerra\/#breadcrumb\"},\"inLanguage\":\"it-IT\",\"potentialAction\":[{\"@type\":\"ReadAction\",\"target\":[\"https:\/\/www.pressenza.com\/it\/2022\/03\/anpi-unanimita-con-pagliarulo-contro-armi-e-guerra\/\"]}]},{\"@type\":\"ImageObject\",\"inLanguage\":\"it-IT\",\"@id\":\"https:\/\/www.pressenza.com\/it\/2022\/03\/anpi-unanimita-con-pagliarulo-contro-armi-e-guerra\/#primaryimage\",\"url\":\"https:\/\/www.pressenza.com\/wp-content\/uploads\/2022\/03\/anpi-riccione-1-rit.jpg\",\"contentUrl\":\"https:\/\/www.pressenza.com\/wp-content\/uploads\/2022\/03\/anpi-riccione-1-rit.jpg\",\"width\":519,\"height\":414},{\"@type\":\"BreadcrumbList\",\"@id\":\"https:\/\/www.pressenza.com\/it\/2022\/03\/anpi-unanimita-con-pagliarulo-contro-armi-e-guerra\/#breadcrumb\",\"itemListElement\":[{\"@type\":\"ListItem\",\"position\":1,\"name\":\"Accueil\",\"item\":\"https:\/\/www.pressenza.com\/it\/\"},{\"@type\":\"ListItem\",\"position\":2,\"name\":\"Anpi, unanimit\u00e0 con Pagliarulo contro armi e guerra\"}]},{\"@type\":\"WebSite\",\"@id\":\"https:\/\/www.pressenza.com\/it\/#website\",\"url\":\"https:\/\/www.pressenza.com\/it\/\",\"name\":\"Pressenza\",\"description\":\"Agenzia di Stampa Internazionale\",\"publisher\":{\"@id\":\"https:\/\/www.pressenza.com\/it\/#organization\"},\"potentialAction\":[{\"@type\":\"SearchAction\",\"target\":{\"@type\":\"EntryPoint\",\"urlTemplate\":\"https:\/\/www.pressenza.com\/it\/?s={search_term_string}\"},\"query-input\":{\"@type\":\"PropertyValueSpecification\",\"valueRequired\":true,\"valueName\":\"search_term_string\"}}],\"inLanguage\":\"it-IT\"},{\"@type\":\"Organization\",\"@id\":\"https:\/\/www.pressenza.com\/it\/#organization\",\"name\":\"Pressenza\",\"url\":\"https:\/\/www.pressenza.com\/it\/\",\"logo\":{\"@type\":\"ImageObject\",\"inLanguage\":\"it-IT\",\"@id\":\"https:\/\/www.pressenza.com\/it\/#\/schema\/logo\/image\/\",\"url\":\"https:\/\/www.pressenza.com\/wp-content\/uploads\/2022\/10\/pressenza_logo_200x200.jpg\",\"contentUrl\":\"https:\/\/www.pressenza.com\/wp-content\/uploads\/2022\/10\/pressenza_logo_200x200.jpg\",\"width\":200,\"height\":200,\"caption\":\"Pressenza\"},\"image\":{\"@id\":\"https:\/\/www.pressenza.com\/it\/#\/schema\/logo\/image\/\"},\"sameAs\":[\"https:\/\/www.facebook.com\/PressenzaItalia\",\"https:\/\/x.com\/PressenzaIPA\"]},{\"@type\":\"Person\",\"@id\":\"https:\/\/www.pressenza.com\/it\/#\/schema\/person\/d9e93ec660fae7ae2e72ba7ee1aa9182\",\"name\":\"Ecoinformazioni\",\"description\":\"Ecoinformazioni \u00e8 una testata giornalistica frutto della collaborazione con associazioni, movimenti e istituzioni della provincia di Como. Un\u2019esperienza di \u201cgiornalismo partecipato\u201d, senza padrini e senza padroni, che in questi anni ha prodotto comunicazione indipendente su societ\u00e0, ambiente, politica, cultura, lavoro del territorio comasco e ha formato decine di ragazze e ragazzi al mestiere dell\u2019informazione.\",\"sameAs\":[\"https:\/\/ecoinformazioni.com\/\"],\"url\":\"https:\/\/www.pressenza.com\/it\/author\/ecoinformazioni\/\"}]}<\/script>\n<!-- \/ Yoast SEO plugin. -->","yoast_head_json":{"title":"Anpi, unanimit\u00e0 con Pagliarulo contro armi e guerra","description":"Si \u00e8 chiuso la mattina del 27 marzo a Riccione il congresso nazionale dell\u2019Anpi con la relazione del presidente Gianfranco Pagliarulo, la votazione dei","robots":{"index":"index","follow":"follow","max-snippet":"max-snippet:-1","max-image-preview":"max-image-preview:large","max-video-preview":"max-video-preview:-1"},"canonical":"https:\/\/www.pressenza.com\/it\/2022\/03\/anpi-unanimita-con-pagliarulo-contro-armi-e-guerra\/","og_locale":"it_IT","og_type":"article","og_title":"Anpi, unanimit\u00e0 con Pagliarulo contro armi e guerra","og_description":"Si \u00e8 chiuso la mattina del 27 marzo a Riccione il congresso nazionale dell\u2019Anpi con la relazione del presidente Gianfranco Pagliarulo, la votazione dei","og_url":"https:\/\/www.pressenza.com\/it\/2022\/03\/anpi-unanimita-con-pagliarulo-contro-armi-e-guerra\/","og_site_name":"Pressenza","article_publisher":"https:\/\/www.facebook.com\/PressenzaItalia","article_published_time":"2022-03-27T13:37:05+00:00","article_modified_time":"2022-03-27T13:47:10+00:00","og_image":[{"width":519,"height":414,"url":"https:\/\/www.pressenza.com\/wp-content\/uploads\/2022\/03\/anpi-riccione-1-rit.jpg","type":"image\/jpeg"}],"author":"Ecoinformazioni","twitter_card":"summary_large_image","twitter_creator":"@PressenzaIPA","twitter_site":"@PressenzaIPA","twitter_misc":{"Scritto da":"Ecoinformazioni","Tempo di lettura stimato":"2 minuti"},"schema":{"@context":"https:\/\/schema.org","@graph":[{"@type":"Article","@id":"https:\/\/www.pressenza.com\/it\/2022\/03\/anpi-unanimita-con-pagliarulo-contro-armi-e-guerra\/#article","isPartOf":{"@id":"https:\/\/www.pressenza.com\/it\/2022\/03\/anpi-unanimita-con-pagliarulo-contro-armi-e-guerra\/"},"author":{"name":"Ecoinformazioni","@id":"https:\/\/www.pressenza.com\/it\/#\/schema\/person\/d9e93ec660fae7ae2e72ba7ee1aa9182"},"headline":"Anpi, unanimit\u00e0 con Pagliarulo contro armi e guerra","datePublished":"2022-03-27T13:37:05+00:00","dateModified":"2022-03-27T13:47:10+00:00","mainEntityOfPage":{"@id":"https:\/\/www.pressenza.com\/it\/2022\/03\/anpi-unanimita-con-pagliarulo-contro-armi-e-guerra\/"},"wordCount":320,"publisher":{"@id":"https:\/\/www.pressenza.com\/it\/#organization"},"image":{"@id":"https:\/\/www.pressenza.com\/it\/2022\/03\/anpi-unanimita-con-pagliarulo-contro-armi-e-guerra\/#primaryimage"},"thumbnailUrl":"https:\/\/www.pressenza.com\/wp-content\/uploads\/2022\/03\/anpi-riccione-1-rit.jpg","keywords":["ANPI","antifascismo","aumento delle spese militari","congresso nazionale","Costituzione","invio di armi","Ucraina"],"articleSection":["Europa","Pace e Disarmo"],"inLanguage":"it-IT"},{"@type":"WebPage","@id":"https:\/\/www.pressenza.com\/it\/2022\/03\/anpi-unanimita-con-pagliarulo-contro-armi-e-guerra\/","url":"https:\/\/www.pressenza.com\/it\/2022\/03\/anpi-unanimita-con-pagliarulo-contro-armi-e-guerra\/","name":"Anpi, unanimit\u00e0 con Pagliarulo contro armi e guerra","isPartOf":{"@id":"https:\/\/www.pressenza.com\/it\/#website"},"primaryImageOfPage":{"@id":"https:\/\/www.pressenza.com\/it\/2022\/03\/anpi-unanimita-con-pagliarulo-contro-armi-e-guerra\/#primaryimage"},"image":{"@id":"https:\/\/www.pressenza.com\/it\/2022\/03\/anpi-unanimita-con-pagliarulo-contro-armi-e-guerra\/#primaryimage"},"thumbnailUrl":"https:\/\/www.pressenza.com\/wp-content\/uploads\/2022\/03\/anpi-riccione-1-rit.jpg","datePublished":"2022-03-27T13:37:05+00:00","dateModified":"2022-03-27T13:47:10+00:00","description":"Si \u00e8 chiuso la mattina del 27 marzo a Riccione il congresso nazionale dell\u2019Anpi con la relazione del presidente Gianfranco Pagliarulo, la votazione dei","breadcrumb":{"@id":"https:\/\/www.pressenza.com\/it\/2022\/03\/anpi-unanimita-con-pagliarulo-contro-armi-e-guerra\/#breadcrumb"},"inLanguage":"it-IT","potentialAction":[{"@type":"ReadAction","target":["https:\/\/www.pressenza.com\/it\/2022\/03\/anpi-unanimita-con-pagliarulo-contro-armi-e-guerra\/"]}]},{"@type":"ImageObject","inLanguage":"it-IT","@id":"https:\/\/www.pressenza.com\/it\/2022\/03\/anpi-unanimita-con-pagliarulo-contro-armi-e-guerra\/#primaryimage","url":"https:\/\/www.pressenza.com\/wp-content\/uploads\/2022\/03\/anpi-riccione-1-rit.jpg","contentUrl":"https:\/\/www.pressenza.com\/wp-content\/uploads\/2022\/03\/anpi-riccione-1-rit.jpg","width":519,"height":414},{"@type":"BreadcrumbList","@id":"https:\/\/www.pressenza.com\/it\/2022\/03\/anpi-unanimita-con-pagliarulo-contro-armi-e-guerra\/#breadcrumb","itemListElement":[{"@type":"ListItem","position":1,"name":"Accueil","item":"https:\/\/www.pressenza.com\/it\/"},{"@type":"ListItem","position":2,"name":"Anpi, unanimit\u00e0 con Pagliarulo contro armi e guerra"}]},{"@type":"WebSite","@id":"https:\/\/www.pressenza.com\/it\/#website","url":"https:\/\/www.pressenza.com\/it\/","name":"Pressenza","description":"Agenzia di Stampa Internazionale","publisher":{"@id":"https:\/\/www.pressenza.com\/it\/#organization"},"potentialAction":[{"@type":"SearchAction","target":{"@type":"EntryPoint","urlTemplate":"https:\/\/www.pressenza.com\/it\/?s={search_term_string}"},"query-input":{"@type":"PropertyValueSpecification","valueRequired":true,"valueName":"search_term_string"}}],"inLanguage":"it-IT"},{"@type":"Organization","@id":"https:\/\/www.pressenza.com\/it\/#organization","name":"Pressenza","url":"https:\/\/www.pressenza.com\/it\/","logo":{"@type":"ImageObject","inLanguage":"it-IT","@id":"https:\/\/www.pressenza.com\/it\/#\/schema\/logo\/image\/","url":"https:\/\/www.pressenza.com\/wp-content\/uploads\/2022\/10\/pressenza_logo_200x200.jpg","contentUrl":"https:\/\/www.pressenza.com\/wp-content\/uploads\/2022\/10\/pressenza_logo_200x200.jpg","width":200,"height":200,"caption":"Pressenza"},"image":{"@id":"https:\/\/www.pressenza.com\/it\/#\/schema\/logo\/image\/"},"sameAs":["https:\/\/www.facebook.com\/PressenzaItalia","https:\/\/x.com\/PressenzaIPA"]},{"@type":"Person","@id":"https:\/\/www.pressenza.com\/it\/#\/schema\/person\/d9e93ec660fae7ae2e72ba7ee1aa9182","name":"Ecoinformazioni","description":"Ecoinformazioni \u00e8 una testata giornalistica frutto della collaborazione con associazioni, movimenti e istituzioni della provincia di Como. Un\u2019esperienza di \u201cgiornalismo partecipato\u201d, senza padrini e senza padroni, che in questi anni ha prodotto comunicazione indipendente su societ\u00e0, ambiente, politica, cultura, lavoro del territorio comasco e ha formato decine di ragazze e ragazzi al mestiere dell\u2019informazione.","sameAs":["https:\/\/ecoinformazioni.com\/"],"url":"https:\/\/www.pressenza.com\/it\/author\/ecoinformazioni\/"}]}},"place":"","original_article_url":"https:\/\/ecoinformazioni.com\/2022\/03\/27\/unanimita-con-pagliarulo-contro-armi-e-guerra\/","_links":{"self":[{"href":"https:\/\/www.pressenza.com\/it\/wp-json\/wp\/v2\/posts\/1553204","targetHints":{"allow":["GET"]}}],"collection":[{"href":"https:\/\/www.pressenza.com\/it\/wp-json\/wp\/v2\/posts"}],"about":[{"href":"https:\/\/www.pressenza.com\/it\/wp-json\/wp\/v2\/types\/post"}],"author":[{"embeddable":true,"href":"https:\/\/www.pressenza.com\/it\/wp-json\/wp\/v2\/users\/1615"}],"replies":[{"embeddable":true,"href":"https:\/\/www.pressenza.com\/it\/wp-json\/wp\/v2\/comments?post=1553204"}],"version-history":[{"count":0,"href":"https:\/\/www.pressenza.com\/it\/wp-json\/wp\/v2\/posts\/1553204\/revisions"}],"wp:featuredmedia":[{"embeddable":true,"href":"https:\/\/www.pressenza.com\/it\/wp-json\/wp\/v2\/media\/1553205"}],"wp:attachment":[{"href":"https:\/\/www.pressenza.com\/it\/wp-json\/wp\/v2\/media?parent=1553204"}],"wp:term":[{"taxonomy":"category","embeddable":true,"href":"https:\/\/www.pressenza.com\/it\/wp-json\/wp\/v2\/categories?post=1553204"},{"taxonomy":"post_tag","embeddable":true,"href":"https:\/\/www.pressenza.com\/it\/wp-json\/wp\/v2\/tags?post=1553204"}],"curies":[{"name":"wp","href":"https:\/\/api.w.org\/{rel}","templated":true}]}}