{"id":155280,"date":"2015-01-03T17:58:34","date_gmt":"2015-01-03T17:58:34","guid":{"rendered":"http:\/\/www.pressenza.com\/?p=155280"},"modified":"2015-01-10T12:51:05","modified_gmt":"2015-01-10T12:51:05","slug":"ebola-quelli-che-restano","status":"publish","type":"post","link":"https:\/\/www.pressenza.com\/it\/2015\/01\/ebola-quelli-che-restano\/","title":{"rendered":"Ebola: quelli che restano"},"content":{"rendered":"<p style=\"text-align: justify;\"><em>&#8220;Mio padre, mia nonna, mia sorella, mio fratello e <\/em><em>la mia matrigna <\/em><em>non ci sono pi<\/em><em>\u00fa. Sono tutti morti. Nessuno ci ha aiutato.&#8221;<\/em><\/p>\n<p style=\"text-align: justify;\"><em>&#8220;<\/em><em>Loro, le autorit<\/em><em>\u00e0<\/em><em>, <\/em><em>si impossessarono <\/em><em>delle nostre case e <\/em><em>le brucia<\/em><em>rono.&#8221;<\/em><\/p>\n<p style=\"text-align: justify;\"><em>&#8220;La gente mi indica col dito e dice: questa <\/em><em>\u00e8<\/em> <em>la donna <\/em><em>il cui marito<\/em> <em>\u00e8<\/em><em> morto di Ebola. Tutti i miei amici mi hanno abbandonato. Nessuno <\/em><em>mi parla. &#8220;<\/em><\/p>\n<p style=\"text-align: justify;\"><em>&#8220;Hanno messo mio marito in quel luogo dove <\/em><em>mettono le persone con <\/em><em>Ebola. Ho chiesto <\/em><em>il permesso di <\/em><em>scattargli una foto <\/em><em>da mostrar<\/em><em>e ai <\/em><em>suoi figli. Non <\/em><em>mi hai mai dato il permesso. <\/em><em>Non l<\/em><em>\u2019<\/em><em>ho mai pi<\/em><em>\u00f9<\/em> <em>rivisto. &#8220;<\/em><\/p>\n<p style=\"text-align: justify;\">(Fonti : <a href=\"https:\/\/www.youtube.com\/watch?v=eb8F3shZbHk\">BBCMUNDO<\/a>)<\/p>\n<p style=\"text-align: justify;\">Queste sono alcune delle testimonianze dei parenti delle vittime dell\u2019Ebola. Un&#8217;epidemia che distrugge non solo le relazioni umane, ma anche l&#8217;intero tessuto sociale di alcuni dei paesi pi\u00f9 poveri del mondo. Una malattia che porta con s\u00e9 non solo le vite, ma anche la solidariet\u00e0, il rispetto e la speranza. Una maledizione che lascia non solo morte ma anche incomprensione, discriminazione, solitudine e paura. Un male che uccide molti di pi\u00f9 di quelli che contagia.<\/p>\n<p style=\"text-align: justify;\">Dallo scoppio dell\u2019 epidemia le notizie dei mass media di tutto il mondo dirigono il loro interesse alle statistiche riguardanti il fenomeno, diffondendo le cifre dei morti e dei contagiati. Questo approccio ha generato una paura sempre pi\u00f9 crescente a livello internazionale verso la malattia e verso i migranti, visti come &#8220;portatori del virus&#8221;.<\/p>\n<p style=\"text-align: justify;\">L&#8217;attenzione internazionale \u00e8 indirizzata al numero di persone che muoiono, per\u00f2 cosa succede alle persone che non muoiono? Quali sono le conseguenze per i &#8220;fortunati&#8221; sopravvissuti?<\/p>\n<p style=\"text-align: justify;\"><strong>Sopravvivere <\/strong><strong>all<\/strong><strong>\u2019<\/strong><strong>Ebola<\/strong><\/p>\n<p style=\"text-align: justify;\">Un mare di desolazione si espande in Africa occidentale davanti agli occhi dei sopravvissuti, dove la disperazione per la perdita delle persone care si aggiunge all\u2019angustia per l\u2019abbandono delle tradizioni. I popoli di Guinea, Liberia, Sierra Leone e Nigeria sono spogliati del rispetto e delle loro credenze. Le loro menti sono disorientate e confuse: perch\u00e9 tanti morti? Perch\u00e9 questi uomini bianchi vestiti astronauti ci rubano i nostri cari? Perch\u00e9 ci ha toccato questa maledizione?<\/p>\n<p style=\"text-align: justify;\">Di fronte all\u2019 Ebola, i riti funebri cristiani, musulmani e dell&#8217;animismo vengono sostituiti da &#8220;rituali medici di emergenza&#8221;. Senza permesso, scuse, n\u00e9 spiegazioni. Gli operatori sanitari allontanano i contagiati dalle loro case e famiglie, in esilio in un luogo dove aspettano la morte in completa solitudine. La bara che li attende \u00e8 un sacco di plastica sepolto in una fossa comune, senza canzoni n\u00e9 preghiere.<\/p>\n<p style=\"text-align: justify;\">Coloro che sopravvivono all&#8217;Ebola devono far disinfestare le loro case. Tutto ci\u00f2 che poteva ospitare il virus deve essere distrutto o disinfettato, i vestiti, gli utensili da cucina, le lenzuola vengono bruciati. Le case vengono svuotate.<\/p>\n<p style=\"text-align: justify;\">I sopravvissuti si ritrovano senza beni materiali con cui andare avanti nella loro umile vita. Ogni oggetto distrutto si porta con s\u00e9 il ricordo della persona amata, di cui non rimane nulla, nemmeno i ricordi. Quelli che restano non hanno modo di elaborare il dolore, n\u00e9 una foto o un elemento simbolico con il quale rendere onore alla vita del defunto.<\/p>\n<p style=\"text-align: justify;\">Ci\u00f2 che rimane \u00e8 solo la tragedia e nella memoria, solo un grande vuoto.<\/p>\n<p style=\"text-align: justify;\">L\u2019 Ebola distrugge le relazioni tra gli esseri umani: tra compagni di scuola, tra vicini, tra amici, tra genitori e figli. L\u2019 Ebola vieta qualsiasi contatto, disintegrando una cultura in cui un bacio \u00e8 il modo abituale per salutarsi e simbolo di rispetto e amore.<\/p>\n<p style=\"text-align: justify;\">I contagiati muoiono senza il calore di un abbraccio umano. In Africa occidentale, il timore che la questa malattia si diffonda si verifica con l\u2019assenza di saluti e strette di mano, di solidariet\u00e0 e sostegno tra lo stesso popolo. \u00c9 vietato pronunciare il nome di questa maledizione. Anche la parola pu\u00f2 contagiare. I sopravvissuti sono testimoni di queste morti improvvise e repentine. A lungo termine, invece, saranno gli effetti psicologici e sociali di questa crisi.<\/p>\n<p style=\"text-align: justify;\">Mano a mano che la malattia si propaga, la vita del villaggio si paralizzato e aumenta l&#8217;abbandono dei sopravvissuti. La cicatrice emotiva pi\u00f9 profonda la portano i bambini. Il direttore dell&#8217;organizzazione umanitaria PLAN-Liberia, Koala Oumarou, ha detto: &#8220;Esiste una crescita di orfani, in seguito alla morte dei genitori, che vengono inviati ad altri parenti al di fuori delle zone colpite, e lontano dall&#8217;epidemia. I parenti hanno mostrato resistenza a prendersi cura dei bambini vulnerabili per paura di essere infettati o stigmatizzati nella comunit\u00e0. \u00c8 stato riferito che alcune famiglie adottive, dopo aver ricevuto assistenza alimentare, hanno abbandonato gli orfani, lasciando i bambini soli, badando a loro stessi&#8221;.<\/p>\n<p style=\"text-align: justify;\">La comunit\u00e0 non ha cambiato la sua opinione sull&#8217;Ebola e ancora dubitano della realt\u00e0 della malattia. I medici occidentali esigono da queste comunit\u00e0 la comprensione della versione ufficiale, imponendo come unica spiegazione quella dettata dalla medicina occidentale.<\/p>\n<p style=\"text-align: justify;\">Per la gente, che da tanto tempo convive con questo virus, \u00e8 difficile da capire.<\/p>\n<p style=\"text-align: justify;\">Per il popolo dell&#8217;Africa occidentale l\u2019 Ebola \u00e8 una maledizione o una punizione di Dio; e come non darle ragione se improvvisamente tutte le persone intorno muoiono. Ephraim Dunbar si infett\u00f2 dopo aver assistito sua madre. Lui, a differenza di sua madre, ha vinto la battaglia dopo 15 giorni di ricovero all&#8217;ospedale John F. Kennedy di Monrovia. Ma quando ha lasciato l&#8217;ospedale, ha scoperto che quattro delle sue sorelle, suo fratello, suo padre, suo zio, sua zia e i suoi nipoti erano morti.<\/p>\n<p style=\"text-align: justify;\">Per avvicinarsi alla popolazione colpita \u00e8 indispensabile l&#8217;umanizzazione delle pratiche mediche, sensibilizzare le comunit\u00e0 e dare un supporto psico-sociale ai sopravvissuti.<\/p>\n<p style=\"text-align: justify;\">La medicina tradizionale non \u00e8 ancora in grado di dare risposte precise, manca una parte della spiegazione: qual \u00e8 l&#8217;origine di questo virus?<\/p>\n<p style=\"text-align: justify;\">Questa incognita irrisolta moltiplica la incertezza e la ricerca di spiegazioni in una visione religiosa o magica di questa realt\u00e0 che ha causato tanta morte in Africa.<\/p>\n<p style=\"text-align: justify;\">Fonti<\/p>\n<ul style=\"text-align: justify;\">\n<li><a href=\"%20   http:\/\/www.zeroviolenza.it\/rassegna\/pdfs 31Oct2014\/31Oct2014a9b901e10966c0eb28f23b5a8d09cd4c.pdf\">http:\/\/www.zeroviolenza.it\/rassegna\/pdfs <em>31Oct2014\/31Oct2014a9b901e10966c0eb28f23b5a8d09cd4c.pdf<\/em><em><br \/>\n\u2022<\/em><\/a> <a href=\"https:\/\/www.youtube.com\/watch?v=eb8F3shZbHk\"><em>https:\/\/www.youtube.com\/watch?v=eb8F3shZbHk<\/em><\/a><em><br \/>\n\u2022<\/em><a href=\"%20https:\/\/www.youtube.com\/watch?v=pdfuh9tE0ec\"> <em>https:\/\/www.youtube.com\/watch?v=pdfuh9tE0ec<\/em><em><br \/>\n\u2022<\/em><\/a><a href=\"%20\u2022 http:\/\/plan-espana.org\/que-hacemos-programas-desarrollo\/estado-de-emergencia\/abandono-y-discriminacion-efectos-colaterales-del-ebola-en-ninos-y-ninas\/\"><em> http:\/\/plan-espana.org\/que-hacemos-programas-desarrollo\/estado-de-emergencia\/abandono-y-discriminacion-efectos-colaterales-del-ebola-en-ninos-y-ninas\/<\/em><\/a><em><br \/>\n\u2022<\/em> <a href=\"http:\/\/www.undp.org\/content\/undp\/es\/home\/presscenter\/articles\/2014\/10\/29\/ebola-survivors-given-safety-net-in-sierra-leone.html\"><em>http:\/\/www.undp.org\/content\/undp\/es\/home\/presscenter\/articles\/2014\/10\/29\/ebola-survivors-given-safety-net-in-sierra-leone.html<\/em><\/a><em><br \/>\n\u2022<\/em> <em><a href=\"http:\/\/www.undp.org\/content\/undp\/es\/home\/presscenter\/articles\/2014\/10\/29\/ebola-survivors-given-safety-net-in-sierra-leone.html\">http:\/\/www.undp.org\/content\/undp\/es\/home\/presscenter\/articles\/2014\/10\/29\/ebola-survivors-given-safety-net-in-sierra-leone.html<\/a><\/em><em><br \/>\n\u2022<\/em> <a href=\"http:\/\/telenoticias.com.do\/liberia-ordena-quemar-victimas-del-ebola\/#sthash.ZpuHIP3d.dpuf\"><em>http:\/\/telenoticias.com.do\/liberia-ordena-quemar-victimas-del-ebola\/#sthash.ZpuHIP3d.dpuf<\/em><em><br \/>\n\u2022<\/em><\/a><em><a href=\"http:\/\/plan-espana.org\/que-hacemos-programas-desarrollo\/estado-de-emergencia\/abandono-y-discriminacion-efectos-colaterales-del-ebola-en-ninos-y-ninas\/\"> http:\/\/plan-espana.org\/que-hacemos-programas-desarrollo\/estado-de-emergencia\/abandono-y-discriminacion-efectos-colaterales-del-ebola-en-ninos-y-ninas\/<\/a><\/em><\/li>\n<\/ul>\n<p style=\"text-align: justify;\">Di <strong>Sara Bosco<\/strong><\/p>\n<p style=\"text-align: justify;\">Tradotto dallo spagnolo dall&#8217;autrice stessa<\/p>\n","protected":false},"excerpt":{"rendered":"<p>&#8220;Mio padre, mia nonna, mia sorella, mio fratello e la mia matrigna non ci sono pi\u00fa. Sono tutti morti. Nessuno ci ha aiutato.&#8221; &#8220;Loro, le autorit\u00e0, si impossessarono delle nostre case e le bruciarono.&#8221; &#8220;La gente mi indica col dito&hellip;<\/p>\n","protected":false},"author":1011,"featured_media":144014,"comment_status":"closed","ping_status":"open","sticky":false,"template":"","format":"standard","meta":{"footnotes":""},"categories":[45,11388,162,1259],"tags":[22197,9699,478,8899],"class_list":["post-155280","post","type-post","status-publish","format-standard","has-post-thumbnail","hentry","category-africa-it","category-contenuti-originali","category-opinioni","category-salute-argomento","tag-africa","tag-ebola","tag-liberia","tag-sierra-leone"],"yoast_head":"<!-- This site is optimized with the Yoast SEO plugin v27.1.1 - https:\/\/yoast.com\/product\/yoast-seo-wordpress\/ -->\n<title>Ebola: quelli che restano<\/title>\n<meta name=\"description\" content=\"&quot;Mio padre, mia nonna, mia sorella, mio fratello e la mia matrigna non ci sono pi\u00fa. Sono tutti morti. Nessuno ci ha aiutato.&quot; &quot;Loro, le autorit\u00e0, si\" \/>\n<meta name=\"robots\" content=\"index, follow, max-snippet:-1, max-image-preview:large, max-video-preview:-1\" \/>\n<link rel=\"canonical\" href=\"https:\/\/www.pressenza.com\/it\/2015\/01\/ebola-quelli-che-restano\/\" \/>\n<meta property=\"og:locale\" content=\"it_IT\" \/>\n<meta property=\"og:type\" content=\"article\" \/>\n<meta property=\"og:title\" content=\"Ebola: quelli che restano\" \/>\n<meta property=\"og:description\" content=\"&quot;Mio padre, mia nonna, mia sorella, mio fratello e la mia matrigna non ci sono pi\u00fa. Sono tutti morti. Nessuno ci ha aiutato.&quot; &quot;Loro, le autorit\u00e0, si\" \/>\n<meta property=\"og:url\" content=\"https:\/\/www.pressenza.com\/it\/2015\/01\/ebola-quelli-che-restano\/\" \/>\n<meta property=\"og:site_name\" content=\"Pressenza\" \/>\n<meta property=\"article:publisher\" content=\"https:\/\/www.facebook.com\/PressenzaItalia\" \/>\n<meta property=\"article:published_time\" content=\"2015-01-03T17:58:34+00:00\" \/>\n<meta property=\"article:modified_time\" content=\"2015-01-10T12:51:05+00:00\" \/>\n<meta property=\"og:image\" content=\"https:\/\/www.pressenza.com\/wp-content\/uploads\/2014\/10\/ebola-nurse.jpg\" \/>\n\t<meta property=\"og:image:width\" content=\"629\" \/>\n\t<meta property=\"og:image:height\" content=\"413\" \/>\n\t<meta property=\"og:image:type\" content=\"image\/jpeg\" \/>\n<meta name=\"author\" content=\"Redacci\u00f3n Ecuador\" \/>\n<meta name=\"twitter:card\" content=\"summary_large_image\" \/>\n<meta name=\"twitter:creator\" content=\"@PressenzaIPA\" \/>\n<meta name=\"twitter:site\" content=\"@PressenzaIPA\" \/>\n<meta name=\"twitter:label1\" content=\"Scritto da\" \/>\n\t<meta name=\"twitter:data1\" content=\"Redacci\u00f3n Ecuador\" \/>\n\t<meta name=\"twitter:label2\" content=\"Tempo di lettura stimato\" \/>\n\t<meta name=\"twitter:data2\" content=\"5 minuti\" \/>\n<script type=\"application\/ld+json\" class=\"yoast-schema-graph\">{\"@context\":\"https:\/\/schema.org\",\"@graph\":[{\"@type\":\"Article\",\"@id\":\"https:\/\/www.pressenza.com\/it\/2015\/01\/ebola-quelli-che-restano\/#article\",\"isPartOf\":{\"@id\":\"https:\/\/www.pressenza.com\/it\/2015\/01\/ebola-quelli-che-restano\/\"},\"author\":{\"name\":\"Redacci\u00f3n Ecuador\",\"@id\":\"https:\/\/www.pressenza.com\/it\/#\/schema\/person\/883a735c40665759bcc6fe0c26bcb46f\"},\"headline\":\"Ebola: quelli che restano\",\"datePublished\":\"2015-01-03T17:58:34+00:00\",\"dateModified\":\"2015-01-10T12:51:05+00:00\",\"mainEntityOfPage\":{\"@id\":\"https:\/\/www.pressenza.com\/it\/2015\/01\/ebola-quelli-che-restano\/\"},\"wordCount\":1048,\"publisher\":{\"@id\":\"https:\/\/www.pressenza.com\/it\/#organization\"},\"image\":{\"@id\":\"https:\/\/www.pressenza.com\/it\/2015\/01\/ebola-quelli-che-restano\/#primaryimage\"},\"thumbnailUrl\":\"https:\/\/www.pressenza.com\/wp-content\/uploads\/2014\/10\/ebola-nurse.jpg\",\"keywords\":[\"Africa\",\"Ebola\",\"Liberia\",\"Sierra Leone\"],\"articleSection\":[\"Africa\",\"contenuti originali\",\"Opinioni\",\"Salute\"],\"inLanguage\":\"it-IT\"},{\"@type\":\"WebPage\",\"@id\":\"https:\/\/www.pressenza.com\/it\/2015\/01\/ebola-quelli-che-restano\/\",\"url\":\"https:\/\/www.pressenza.com\/it\/2015\/01\/ebola-quelli-che-restano\/\",\"name\":\"Ebola: quelli che restano\",\"isPartOf\":{\"@id\":\"https:\/\/www.pressenza.com\/it\/#website\"},\"primaryImageOfPage\":{\"@id\":\"https:\/\/www.pressenza.com\/it\/2015\/01\/ebola-quelli-che-restano\/#primaryimage\"},\"image\":{\"@id\":\"https:\/\/www.pressenza.com\/it\/2015\/01\/ebola-quelli-che-restano\/#primaryimage\"},\"thumbnailUrl\":\"https:\/\/www.pressenza.com\/wp-content\/uploads\/2014\/10\/ebola-nurse.jpg\",\"datePublished\":\"2015-01-03T17:58:34+00:00\",\"dateModified\":\"2015-01-10T12:51:05+00:00\",\"description\":\"\\\"Mio padre, mia nonna, mia sorella, mio fratello e la mia matrigna non ci sono pi\u00fa. Sono tutti morti. Nessuno ci ha aiutato.\\\" \\\"Loro, le autorit\u00e0, si\",\"breadcrumb\":{\"@id\":\"https:\/\/www.pressenza.com\/it\/2015\/01\/ebola-quelli-che-restano\/#breadcrumb\"},\"inLanguage\":\"it-IT\",\"potentialAction\":[{\"@type\":\"ReadAction\",\"target\":[\"https:\/\/www.pressenza.com\/it\/2015\/01\/ebola-quelli-che-restano\/\"]}]},{\"@type\":\"ImageObject\",\"inLanguage\":\"it-IT\",\"@id\":\"https:\/\/www.pressenza.com\/it\/2015\/01\/ebola-quelli-che-restano\/#primaryimage\",\"url\":\"https:\/\/www.pressenza.com\/wp-content\/uploads\/2014\/10\/ebola-nurse.jpg\",\"contentUrl\":\"https:\/\/www.pressenza.com\/wp-content\/uploads\/2014\/10\/ebola-nurse.jpg\",\"width\":629,\"height\":413},{\"@type\":\"BreadcrumbList\",\"@id\":\"https:\/\/www.pressenza.com\/it\/2015\/01\/ebola-quelli-che-restano\/#breadcrumb\",\"itemListElement\":[{\"@type\":\"ListItem\",\"position\":1,\"name\":\"Accueil\",\"item\":\"https:\/\/www.pressenza.com\/it\/\"},{\"@type\":\"ListItem\",\"position\":2,\"name\":\"Ebola: quelli che restano\"}]},{\"@type\":\"WebSite\",\"@id\":\"https:\/\/www.pressenza.com\/it\/#website\",\"url\":\"https:\/\/www.pressenza.com\/it\/\",\"name\":\"Pressenza\",\"description\":\"Agenzia di Stampa Internazionale\",\"publisher\":{\"@id\":\"https:\/\/www.pressenza.com\/it\/#organization\"},\"potentialAction\":[{\"@type\":\"SearchAction\",\"target\":{\"@type\":\"EntryPoint\",\"urlTemplate\":\"https:\/\/www.pressenza.com\/it\/?s={search_term_string}\"},\"query-input\":{\"@type\":\"PropertyValueSpecification\",\"valueRequired\":true,\"valueName\":\"search_term_string\"}}],\"inLanguage\":\"it-IT\"},{\"@type\":\"Organization\",\"@id\":\"https:\/\/www.pressenza.com\/it\/#organization\",\"name\":\"Pressenza\",\"url\":\"https:\/\/www.pressenza.com\/it\/\",\"logo\":{\"@type\":\"ImageObject\",\"inLanguage\":\"it-IT\",\"@id\":\"https:\/\/www.pressenza.com\/it\/#\/schema\/logo\/image\/\",\"url\":\"https:\/\/www.pressenza.com\/wp-content\/uploads\/2022\/10\/pressenza_logo_200x200.jpg\",\"contentUrl\":\"https:\/\/www.pressenza.com\/wp-content\/uploads\/2022\/10\/pressenza_logo_200x200.jpg\",\"width\":200,\"height\":200,\"caption\":\"Pressenza\"},\"image\":{\"@id\":\"https:\/\/www.pressenza.com\/it\/#\/schema\/logo\/image\/\"},\"sameAs\":[\"https:\/\/www.facebook.com\/PressenzaItalia\",\"https:\/\/x.com\/PressenzaIPA\"]},{\"@type\":\"Person\",\"@id\":\"https:\/\/www.pressenza.com\/it\/#\/schema\/person\/883a735c40665759bcc6fe0c26bcb46f\",\"name\":\"Redacci\u00f3n Ecuador\",\"description\":\"News published by the Pressenza bureau in Quito, Ecuador\",\"url\":\"https:\/\/www.pressenza.com\/it\/author\/redaccion-ecuador\/\"}]}<\/script>\n<!-- \/ Yoast SEO plugin. -->","yoast_head_json":{"title":"Ebola: quelli che restano","description":"\"Mio padre, mia nonna, mia sorella, mio fratello e la mia matrigna non ci sono pi\u00fa. Sono tutti morti. Nessuno ci ha aiutato.\" \"Loro, le autorit\u00e0, si","robots":{"index":"index","follow":"follow","max-snippet":"max-snippet:-1","max-image-preview":"max-image-preview:large","max-video-preview":"max-video-preview:-1"},"canonical":"https:\/\/www.pressenza.com\/it\/2015\/01\/ebola-quelli-che-restano\/","og_locale":"it_IT","og_type":"article","og_title":"Ebola: quelli che restano","og_description":"\"Mio padre, mia nonna, mia sorella, mio fratello e la mia matrigna non ci sono pi\u00fa. Sono tutti morti. Nessuno ci ha aiutato.\" \"Loro, le autorit\u00e0, si","og_url":"https:\/\/www.pressenza.com\/it\/2015\/01\/ebola-quelli-che-restano\/","og_site_name":"Pressenza","article_publisher":"https:\/\/www.facebook.com\/PressenzaItalia","article_published_time":"2015-01-03T17:58:34+00:00","article_modified_time":"2015-01-10T12:51:05+00:00","og_image":[{"width":629,"height":413,"url":"https:\/\/www.pressenza.com\/wp-content\/uploads\/2014\/10\/ebola-nurse.jpg","type":"image\/jpeg"}],"author":"Redacci\u00f3n Ecuador","twitter_card":"summary_large_image","twitter_creator":"@PressenzaIPA","twitter_site":"@PressenzaIPA","twitter_misc":{"Scritto da":"Redacci\u00f3n Ecuador","Tempo di lettura stimato":"5 minuti"},"schema":{"@context":"https:\/\/schema.org","@graph":[{"@type":"Article","@id":"https:\/\/www.pressenza.com\/it\/2015\/01\/ebola-quelli-che-restano\/#article","isPartOf":{"@id":"https:\/\/www.pressenza.com\/it\/2015\/01\/ebola-quelli-che-restano\/"},"author":{"name":"Redacci\u00f3n Ecuador","@id":"https:\/\/www.pressenza.com\/it\/#\/schema\/person\/883a735c40665759bcc6fe0c26bcb46f"},"headline":"Ebola: quelli che restano","datePublished":"2015-01-03T17:58:34+00:00","dateModified":"2015-01-10T12:51:05+00:00","mainEntityOfPage":{"@id":"https:\/\/www.pressenza.com\/it\/2015\/01\/ebola-quelli-che-restano\/"},"wordCount":1048,"publisher":{"@id":"https:\/\/www.pressenza.com\/it\/#organization"},"image":{"@id":"https:\/\/www.pressenza.com\/it\/2015\/01\/ebola-quelli-che-restano\/#primaryimage"},"thumbnailUrl":"https:\/\/www.pressenza.com\/wp-content\/uploads\/2014\/10\/ebola-nurse.jpg","keywords":["Africa","Ebola","Liberia","Sierra Leone"],"articleSection":["Africa","contenuti originali","Opinioni","Salute"],"inLanguage":"it-IT"},{"@type":"WebPage","@id":"https:\/\/www.pressenza.com\/it\/2015\/01\/ebola-quelli-che-restano\/","url":"https:\/\/www.pressenza.com\/it\/2015\/01\/ebola-quelli-che-restano\/","name":"Ebola: quelli che restano","isPartOf":{"@id":"https:\/\/www.pressenza.com\/it\/#website"},"primaryImageOfPage":{"@id":"https:\/\/www.pressenza.com\/it\/2015\/01\/ebola-quelli-che-restano\/#primaryimage"},"image":{"@id":"https:\/\/www.pressenza.com\/it\/2015\/01\/ebola-quelli-che-restano\/#primaryimage"},"thumbnailUrl":"https:\/\/www.pressenza.com\/wp-content\/uploads\/2014\/10\/ebola-nurse.jpg","datePublished":"2015-01-03T17:58:34+00:00","dateModified":"2015-01-10T12:51:05+00:00","description":"\"Mio padre, mia nonna, mia sorella, mio fratello e la mia matrigna non ci sono pi\u00fa. Sono tutti morti. Nessuno ci ha aiutato.\" \"Loro, le autorit\u00e0, si","breadcrumb":{"@id":"https:\/\/www.pressenza.com\/it\/2015\/01\/ebola-quelli-che-restano\/#breadcrumb"},"inLanguage":"it-IT","potentialAction":[{"@type":"ReadAction","target":["https:\/\/www.pressenza.com\/it\/2015\/01\/ebola-quelli-che-restano\/"]}]},{"@type":"ImageObject","inLanguage":"it-IT","@id":"https:\/\/www.pressenza.com\/it\/2015\/01\/ebola-quelli-che-restano\/#primaryimage","url":"https:\/\/www.pressenza.com\/wp-content\/uploads\/2014\/10\/ebola-nurse.jpg","contentUrl":"https:\/\/www.pressenza.com\/wp-content\/uploads\/2014\/10\/ebola-nurse.jpg","width":629,"height":413},{"@type":"BreadcrumbList","@id":"https:\/\/www.pressenza.com\/it\/2015\/01\/ebola-quelli-che-restano\/#breadcrumb","itemListElement":[{"@type":"ListItem","position":1,"name":"Accueil","item":"https:\/\/www.pressenza.com\/it\/"},{"@type":"ListItem","position":2,"name":"Ebola: quelli che restano"}]},{"@type":"WebSite","@id":"https:\/\/www.pressenza.com\/it\/#website","url":"https:\/\/www.pressenza.com\/it\/","name":"Pressenza","description":"Agenzia di Stampa Internazionale","publisher":{"@id":"https:\/\/www.pressenza.com\/it\/#organization"},"potentialAction":[{"@type":"SearchAction","target":{"@type":"EntryPoint","urlTemplate":"https:\/\/www.pressenza.com\/it\/?s={search_term_string}"},"query-input":{"@type":"PropertyValueSpecification","valueRequired":true,"valueName":"search_term_string"}}],"inLanguage":"it-IT"},{"@type":"Organization","@id":"https:\/\/www.pressenza.com\/it\/#organization","name":"Pressenza","url":"https:\/\/www.pressenza.com\/it\/","logo":{"@type":"ImageObject","inLanguage":"it-IT","@id":"https:\/\/www.pressenza.com\/it\/#\/schema\/logo\/image\/","url":"https:\/\/www.pressenza.com\/wp-content\/uploads\/2022\/10\/pressenza_logo_200x200.jpg","contentUrl":"https:\/\/www.pressenza.com\/wp-content\/uploads\/2022\/10\/pressenza_logo_200x200.jpg","width":200,"height":200,"caption":"Pressenza"},"image":{"@id":"https:\/\/www.pressenza.com\/it\/#\/schema\/logo\/image\/"},"sameAs":["https:\/\/www.facebook.com\/PressenzaItalia","https:\/\/x.com\/PressenzaIPA"]},{"@type":"Person","@id":"https:\/\/www.pressenza.com\/it\/#\/schema\/person\/883a735c40665759bcc6fe0c26bcb46f","name":"Redacci\u00f3n Ecuador","description":"News published by the Pressenza bureau in Quito, Ecuador","url":"https:\/\/www.pressenza.com\/it\/author\/redaccion-ecuador\/"}]}},"place":"","original_article_url":"","_links":{"self":[{"href":"https:\/\/www.pressenza.com\/it\/wp-json\/wp\/v2\/posts\/155280","targetHints":{"allow":["GET"]}}],"collection":[{"href":"https:\/\/www.pressenza.com\/it\/wp-json\/wp\/v2\/posts"}],"about":[{"href":"https:\/\/www.pressenza.com\/it\/wp-json\/wp\/v2\/types\/post"}],"author":[{"embeddable":true,"href":"https:\/\/www.pressenza.com\/it\/wp-json\/wp\/v2\/users\/1011"}],"replies":[{"embeddable":true,"href":"https:\/\/www.pressenza.com\/it\/wp-json\/wp\/v2\/comments?post=155280"}],"version-history":[{"count":0,"href":"https:\/\/www.pressenza.com\/it\/wp-json\/wp\/v2\/posts\/155280\/revisions"}],"wp:featuredmedia":[{"embeddable":true,"href":"https:\/\/www.pressenza.com\/it\/wp-json\/wp\/v2\/media\/144014"}],"wp:attachment":[{"href":"https:\/\/www.pressenza.com\/it\/wp-json\/wp\/v2\/media?parent=155280"}],"wp:term":[{"taxonomy":"category","embeddable":true,"href":"https:\/\/www.pressenza.com\/it\/wp-json\/wp\/v2\/categories?post=155280"},{"taxonomy":"post_tag","embeddable":true,"href":"https:\/\/www.pressenza.com\/it\/wp-json\/wp\/v2\/tags?post=155280"}],"curies":[{"name":"wp","href":"https:\/\/api.w.org\/{rel}","templated":true}]}}