{"id":1552420,"date":"2022-03-26T10:51:28","date_gmt":"2022-03-26T10:51:28","guid":{"rendered":"https:\/\/www.pressenza.com\/?p=1552420"},"modified":"2022-03-26T10:58:12","modified_gmt":"2022-03-26T10:58:12","slug":"ultima-ora-aggiornamenti-manifestazione-degli-operai-gkn-a-firenze","status":"publish","type":"post","link":"https:\/\/www.pressenza.com\/it\/2022\/03\/ultima-ora-aggiornamenti-manifestazione-degli-operai-gkn-a-firenze\/","title":{"rendered":"ULTIMA  ORA &#8211; Aggiornamenti manifestazione degli Operai-Gkn a Firenze"},"content":{"rendered":"<p>Ricordiamo che tutte le precedenti indicazioni logistiche su come raggiungere il concentramento si possono trovare su <a href=\"http:\/\/www.26marzo.org\/?fbclid=IwAR1a3WcLWUyf9E6ItDyI8JX6d3QA1pUcEMsBe9pk1MZrvZ0RLu7sqJwigx4\">www.26marzo.org<\/a> o nel post evidenziato sulla pagina Insorgiamo.<\/p>\n<p>Diamo solo una generale indicazione di &#8220;zone&#8221;, consapevoli che difficilmente sar\u00e0 possibile assemblarsi secondo un ordine prestabilito.<\/p>\n<p>Dietro alla testa del corteo, composta da operai Gkn, vertenze, solidali di Insorgiamo, ci sar\u00e0 lo spezzone ecologista, giovanile studentesco, lo pacifista e gli spezzoni classisti contro la guerra e del sindacalismo e delle reti sociali. Non si tratta di un ordine di priorit\u00e0, ma di scelte prettamente organizzativo-logistiche.<\/p>\n<p>C&#8217;\u00e8 un mondo in cammino, complesso e eterogeneo, tale per cui sarebbe impossibile per noi definire un elenco di tutte le realt\u00e0 che saranno presenti. Invitiamo ognuno a collocarsi in queste macro-zone tematiche in base alla propria sensibilit\u00e0. E in ogni caso ci auguriamo sia un corteo compatto e chiassoso ma anche &#8220;mescolato&#8221;.<\/p>\n<p>Lo spazio di quel corteo non \u00e8 uno spazio da contendere ma da estendere. Ci\u00f2 che conta \u00e8 il processo che aprir\u00e0 il giorno dopo, non il reciproco gioco di posizionamento in quella piazza. Sar\u00e0 impossibile permettere a tutti di intervenire.<\/p>\n<p>Abbiamo ricevuto decine e decine richieste di intervento e contributi di piattaforma. Penseremo a un eventuale momento di &#8220;restituzione&#8221; assembleare di questa ricchezza. Ma questo momento non potr\u00e0 essere la piazza in s\u00e9.<\/p>\n<p>Va data priorit\u00e0 alla dinamica del corteo e alla necessit\u00e0 di arrivare in Santa Croce verso le 17.30.<\/p>\n<p>Oltre ai numerosissimi siti e media militanti, Radio Popolare-Popolare Network e Controradio seguiranno la manifestazione con collegamenti nei Giornali Radio di Sabato 26 marzo, e con una diretta dalle 15,35 alle 16,30.<\/p>\n<p>Ricordiamo che tutti coloro che non potessero essere presenti fisicamente possono contribuire anche solo con la partecipazione all&#8217;autofinanziamento (<a href=\"https:\/\/www.eppela.com\/projects\/7512?fbclid=IwAR2-2E39GpdOpAzRopoPwJ8o_PqlSbSv4VdvcbJPlZO-3MGikBxbrREymCk\">https:\/\/www.eppela.com\/projects\/7512<\/a>).<\/p>\n<p>&nbsp;<\/p>\n<p><a href=\"https:\/\/www.facebook.com\/insorgiamoconilavoratorigkn\/posts\/156334400109202?__cft__%5b0%5d=AZVMsYFvbWCbASh_HpjFrxlncjQAzD4ZGg20myhQGKJDz_77xuXvzA_zN1AlZNSaffjEXUmZ7K-3lxYuhnLkohfdBh5_IDlhiV1OU1n5kVRRwMeZeera-aSW83MzAX0_hSiShTf1IdW5MzNv5LvBOmyZ&amp;__tn__=%2CO%2CP-R\">comunicato <\/a>\u00a0\u00a0\u00a0<strong><a href=\"https:\/\/www.facebook.com\/insorgiamoconilavoratorigkn?__cft__%5b0%5d=AZVMsYFvbWCbASh_HpjFrxlncjQAzD4ZGg20myhQGKJDz_77xuXvzA_zN1AlZNSaffjEXUmZ7K-3lxYuhnLkohfdBh5_IDlhiV1OU1n5kVRRwMeZeera-aSW83MzAX0_hSiShTf1IdW5MzNv5LvBOmyZ&amp;__tn__=-UC%2CP-R\">Insorgiamo con i lavoratori GKN<\/a><\/strong><\/p>\n","protected":false},"excerpt":{"rendered":"<p>Ricordiamo che tutte le precedenti indicazioni logistiche su come raggiungere il concentramento si possono trovare su www.26marzo.org o nel post evidenziato sulla pagina Insorgiamo. Diamo solo una generale indicazione di &#8220;zone&#8221;, consapevoli che difficilmente sar\u00e0 possibile assemblarsi secondo un ordine&hellip;<\/p>\n","protected":false},"author":594,"featured_media":1552421,"comment_status":"closed","ping_status":"closed","sticky":false,"template":"","format":"standard","meta":{"footnotes":""},"categories":[150,56],"tags":[95098,4339,100473,100459,100474],"class_list":["post-1552420","post","type-post","status-publish","format-standard","has-post-thumbnail","hentry","category-comunicati-stampa","category-cultura","tag-collettivo-di-fabbrica-gkn","tag-eventi","tag-insorgiamo-con-i-lavoratori-gkn","tag-sciopero-263-firenze","tag-sindalismo-operaio-e-sociale"],"yoast_head":"<!-- This site is optimized with the Yoast SEO plugin v27.1.1 - https:\/\/yoast.com\/product\/yoast-seo-wordpress\/ -->\n<title>ULTIMA ORA - Aggiornamenti manifestazione degli Operai-Gkn a Firenze<\/title>\n<meta name=\"description\" content=\"Ricordiamo che tutte le precedenti indicazioni logistiche su come raggiungere il concentramento si possono trovare su www.26marzo.org o nel post\" \/>\n<meta name=\"robots\" content=\"index, follow, max-snippet:-1, max-image-preview:large, max-video-preview:-1\" \/>\n<link rel=\"canonical\" href=\"https:\/\/www.pressenza.com\/it\/2022\/03\/ultima-ora-aggiornamenti-manifestazione-degli-operai-gkn-a-firenze\/\" \/>\n<meta property=\"og:locale\" content=\"it_IT\" \/>\n<meta property=\"og:type\" content=\"article\" \/>\n<meta property=\"og:title\" content=\"ULTIMA ORA - Aggiornamenti manifestazione degli Operai-Gkn a Firenze\" \/>\n<meta property=\"og:description\" content=\"Ricordiamo che tutte le precedenti indicazioni logistiche su come raggiungere il concentramento si possono trovare su www.26marzo.org o nel post\" \/>\n<meta property=\"og:url\" content=\"https:\/\/www.pressenza.com\/it\/2022\/03\/ultima-ora-aggiornamenti-manifestazione-degli-operai-gkn-a-firenze\/\" \/>\n<meta property=\"og:site_name\" content=\"Pressenza\" \/>\n<meta property=\"article:publisher\" content=\"https:\/\/www.facebook.com\/PressenzaItalia\" \/>\n<meta property=\"article:author\" content=\"https:\/\/www.facebook.com\/PressenzaItalia\" \/>\n<meta property=\"article:published_time\" content=\"2022-03-26T10:51:28+00:00\" \/>\n<meta property=\"article:modified_time\" content=\"2022-03-26T10:58:12+00:00\" \/>\n<meta property=\"og:image\" content=\"https:\/\/www.pressenza.com\/wp-content\/uploads\/2022\/03\/277251833_156181260124516_3811431070438662479_n_rit.jpg\" \/>\n\t<meta property=\"og:image:width\" content=\"1080\" \/>\n\t<meta property=\"og:image:height\" content=\"931\" \/>\n\t<meta property=\"og:image:type\" content=\"image\/jpeg\" \/>\n<meta name=\"author\" content=\"Redazione Italia\" \/>\n<meta name=\"twitter:card\" content=\"summary_large_image\" \/>\n<meta name=\"twitter:creator\" content=\"@pressenza_it\" \/>\n<meta name=\"twitter:site\" content=\"@PressenzaIPA\" \/>\n<meta name=\"twitter:label1\" content=\"Scritto da\" \/>\n\t<meta name=\"twitter:data1\" content=\"Redazione Italia\" \/>\n\t<meta name=\"twitter:label2\" content=\"Tempo di lettura stimato\" \/>\n\t<meta name=\"twitter:data2\" content=\"2 minuti\" \/>\n<script type=\"application\/ld+json\" class=\"yoast-schema-graph\">{\"@context\":\"https:\/\/schema.org\",\"@graph\":[{\"@type\":\"Article\",\"@id\":\"https:\/\/www.pressenza.com\/it\/2022\/03\/ultima-ora-aggiornamenti-manifestazione-degli-operai-gkn-a-firenze\/#article\",\"isPartOf\":{\"@id\":\"https:\/\/www.pressenza.com\/it\/2022\/03\/ultima-ora-aggiornamenti-manifestazione-degli-operai-gkn-a-firenze\/\"},\"author\":{\"name\":\"Redazione Italia\",\"@id\":\"https:\/\/www.pressenza.com\/it\/#\/schema\/person\/d983e81827ae24f2c7b1a2123d197f8d\"},\"headline\":\"ULTIMA ORA &#8211; Aggiornamenti manifestazione degli Operai-Gkn a Firenze\",\"datePublished\":\"2022-03-26T10:51:28+00:00\",\"dateModified\":\"2022-03-26T10:58:12+00:00\",\"mainEntityOfPage\":{\"@id\":\"https:\/\/www.pressenza.com\/it\/2022\/03\/ultima-ora-aggiornamenti-manifestazione-degli-operai-gkn-a-firenze\/\"},\"wordCount\":303,\"publisher\":{\"@id\":\"https:\/\/www.pressenza.com\/it\/#organization\"},\"image\":{\"@id\":\"https:\/\/www.pressenza.com\/it\/2022\/03\/ultima-ora-aggiornamenti-manifestazione-degli-operai-gkn-a-firenze\/#primaryimage\"},\"thumbnailUrl\":\"https:\/\/www.pressenza.com\/wp-content\/uploads\/2022\/03\/277251833_156181260124516_3811431070438662479_n_rit.jpg\",\"keywords\":[\"Collettivo di fabbrica Gkn\",\"eventi\",\"Insorgiamo con i lavoratori GKN\",\"Sciopero 26\\\\3 Firenze\",\"sindalismo operaio e sociale\"],\"articleSection\":[\"Comunicati Stampa\",\"Cultura e Media\"],\"inLanguage\":\"it-IT\"},{\"@type\":\"WebPage\",\"@id\":\"https:\/\/www.pressenza.com\/it\/2022\/03\/ultima-ora-aggiornamenti-manifestazione-degli-operai-gkn-a-firenze\/\",\"url\":\"https:\/\/www.pressenza.com\/it\/2022\/03\/ultima-ora-aggiornamenti-manifestazione-degli-operai-gkn-a-firenze\/\",\"name\":\"ULTIMA ORA - Aggiornamenti manifestazione degli Operai-Gkn a Firenze\",\"isPartOf\":{\"@id\":\"https:\/\/www.pressenza.com\/it\/#website\"},\"primaryImageOfPage\":{\"@id\":\"https:\/\/www.pressenza.com\/it\/2022\/03\/ultima-ora-aggiornamenti-manifestazione-degli-operai-gkn-a-firenze\/#primaryimage\"},\"image\":{\"@id\":\"https:\/\/www.pressenza.com\/it\/2022\/03\/ultima-ora-aggiornamenti-manifestazione-degli-operai-gkn-a-firenze\/#primaryimage\"},\"thumbnailUrl\":\"https:\/\/www.pressenza.com\/wp-content\/uploads\/2022\/03\/277251833_156181260124516_3811431070438662479_n_rit.jpg\",\"datePublished\":\"2022-03-26T10:51:28+00:00\",\"dateModified\":\"2022-03-26T10:58:12+00:00\",\"description\":\"Ricordiamo che tutte le precedenti indicazioni logistiche su come raggiungere il concentramento si possono trovare su www.26marzo.org o nel post\",\"breadcrumb\":{\"@id\":\"https:\/\/www.pressenza.com\/it\/2022\/03\/ultima-ora-aggiornamenti-manifestazione-degli-operai-gkn-a-firenze\/#breadcrumb\"},\"inLanguage\":\"it-IT\",\"potentialAction\":[{\"@type\":\"ReadAction\",\"target\":[\"https:\/\/www.pressenza.com\/it\/2022\/03\/ultima-ora-aggiornamenti-manifestazione-degli-operai-gkn-a-firenze\/\"]}]},{\"@type\":\"ImageObject\",\"inLanguage\":\"it-IT\",\"@id\":\"https:\/\/www.pressenza.com\/it\/2022\/03\/ultima-ora-aggiornamenti-manifestazione-degli-operai-gkn-a-firenze\/#primaryimage\",\"url\":\"https:\/\/www.pressenza.com\/wp-content\/uploads\/2022\/03\/277251833_156181260124516_3811431070438662479_n_rit.jpg\",\"contentUrl\":\"https:\/\/www.pressenza.com\/wp-content\/uploads\/2022\/03\/277251833_156181260124516_3811431070438662479_n_rit.jpg\",\"width\":1080,\"height\":931},{\"@type\":\"BreadcrumbList\",\"@id\":\"https:\/\/www.pressenza.com\/it\/2022\/03\/ultima-ora-aggiornamenti-manifestazione-degli-operai-gkn-a-firenze\/#breadcrumb\",\"itemListElement\":[{\"@type\":\"ListItem\",\"position\":1,\"name\":\"Accueil\",\"item\":\"https:\/\/www.pressenza.com\/it\/\"},{\"@type\":\"ListItem\",\"position\":2,\"name\":\"ULTIMA ORA &#8211; Aggiornamenti manifestazione degli Operai-Gkn a Firenze\"}]},{\"@type\":\"WebSite\",\"@id\":\"https:\/\/www.pressenza.com\/it\/#website\",\"url\":\"https:\/\/www.pressenza.com\/it\/\",\"name\":\"Pressenza\",\"description\":\"Agenzia di Stampa Internazionale\",\"publisher\":{\"@id\":\"https:\/\/www.pressenza.com\/it\/#organization\"},\"potentialAction\":[{\"@type\":\"SearchAction\",\"target\":{\"@type\":\"EntryPoint\",\"urlTemplate\":\"https:\/\/www.pressenza.com\/it\/?s={search_term_string}\"},\"query-input\":{\"@type\":\"PropertyValueSpecification\",\"valueRequired\":true,\"valueName\":\"search_term_string\"}}],\"inLanguage\":\"it-IT\"},{\"@type\":\"Organization\",\"@id\":\"https:\/\/www.pressenza.com\/it\/#organization\",\"name\":\"Pressenza\",\"url\":\"https:\/\/www.pressenza.com\/it\/\",\"logo\":{\"@type\":\"ImageObject\",\"inLanguage\":\"it-IT\",\"@id\":\"https:\/\/www.pressenza.com\/it\/#\/schema\/logo\/image\/\",\"url\":\"https:\/\/www.pressenza.com\/wp-content\/uploads\/2022\/10\/pressenza_logo_200x200.jpg\",\"contentUrl\":\"https:\/\/www.pressenza.com\/wp-content\/uploads\/2022\/10\/pressenza_logo_200x200.jpg\",\"width\":200,\"height\":200,\"caption\":\"Pressenza\"},\"image\":{\"@id\":\"https:\/\/www.pressenza.com\/it\/#\/schema\/logo\/image\/\"},\"sameAs\":[\"https:\/\/www.facebook.com\/PressenzaItalia\",\"https:\/\/x.com\/PressenzaIPA\"]},{\"@type\":\"Person\",\"@id\":\"https:\/\/www.pressenza.com\/it\/#\/schema\/person\/d983e81827ae24f2c7b1a2123d197f8d\",\"name\":\"Redazione Italia\",\"description\":\"News from the Pressenza Bureau in Italy\",\"sameAs\":[\"https:\/\/www.pressenza.com\/it\/author\/redazione-italia\/\",\"https:\/\/www.facebook.com\/PressenzaItalia\",\"https:\/\/www.instagram.com\/pressenza_italia\/\",\"https:\/\/x.com\/pressenza_it\",\"https:\/\/www.youtube.com\/channel\/UCSalEIWjE1RSxkwjfftFuqg\"],\"url\":\"https:\/\/www.pressenza.com\/it\/author\/redazione-italia\/\"}]}<\/script>\n<!-- \/ Yoast SEO plugin. -->","yoast_head_json":{"title":"ULTIMA ORA - Aggiornamenti manifestazione degli Operai-Gkn a Firenze","description":"Ricordiamo che tutte le precedenti indicazioni logistiche su come raggiungere il concentramento si possono trovare su www.26marzo.org o nel post","robots":{"index":"index","follow":"follow","max-snippet":"max-snippet:-1","max-image-preview":"max-image-preview:large","max-video-preview":"max-video-preview:-1"},"canonical":"https:\/\/www.pressenza.com\/it\/2022\/03\/ultima-ora-aggiornamenti-manifestazione-degli-operai-gkn-a-firenze\/","og_locale":"it_IT","og_type":"article","og_title":"ULTIMA ORA - Aggiornamenti manifestazione degli Operai-Gkn a Firenze","og_description":"Ricordiamo che tutte le precedenti indicazioni logistiche su come raggiungere il concentramento si possono trovare su www.26marzo.org o nel post","og_url":"https:\/\/www.pressenza.com\/it\/2022\/03\/ultima-ora-aggiornamenti-manifestazione-degli-operai-gkn-a-firenze\/","og_site_name":"Pressenza","article_publisher":"https:\/\/www.facebook.com\/PressenzaItalia","article_author":"https:\/\/www.facebook.com\/PressenzaItalia","article_published_time":"2022-03-26T10:51:28+00:00","article_modified_time":"2022-03-26T10:58:12+00:00","og_image":[{"width":1080,"height":931,"url":"https:\/\/www.pressenza.com\/wp-content\/uploads\/2022\/03\/277251833_156181260124516_3811431070438662479_n_rit.jpg","type":"image\/jpeg"}],"author":"Redazione Italia","twitter_card":"summary_large_image","twitter_creator":"@pressenza_it","twitter_site":"@PressenzaIPA","twitter_misc":{"Scritto da":"Redazione Italia","Tempo di lettura stimato":"2 minuti"},"schema":{"@context":"https:\/\/schema.org","@graph":[{"@type":"Article","@id":"https:\/\/www.pressenza.com\/it\/2022\/03\/ultima-ora-aggiornamenti-manifestazione-degli-operai-gkn-a-firenze\/#article","isPartOf":{"@id":"https:\/\/www.pressenza.com\/it\/2022\/03\/ultima-ora-aggiornamenti-manifestazione-degli-operai-gkn-a-firenze\/"},"author":{"name":"Redazione Italia","@id":"https:\/\/www.pressenza.com\/it\/#\/schema\/person\/d983e81827ae24f2c7b1a2123d197f8d"},"headline":"ULTIMA ORA &#8211; Aggiornamenti manifestazione degli Operai-Gkn a Firenze","datePublished":"2022-03-26T10:51:28+00:00","dateModified":"2022-03-26T10:58:12+00:00","mainEntityOfPage":{"@id":"https:\/\/www.pressenza.com\/it\/2022\/03\/ultima-ora-aggiornamenti-manifestazione-degli-operai-gkn-a-firenze\/"},"wordCount":303,"publisher":{"@id":"https:\/\/www.pressenza.com\/it\/#organization"},"image":{"@id":"https:\/\/www.pressenza.com\/it\/2022\/03\/ultima-ora-aggiornamenti-manifestazione-degli-operai-gkn-a-firenze\/#primaryimage"},"thumbnailUrl":"https:\/\/www.pressenza.com\/wp-content\/uploads\/2022\/03\/277251833_156181260124516_3811431070438662479_n_rit.jpg","keywords":["Collettivo di fabbrica Gkn","eventi","Insorgiamo con i lavoratori GKN","Sciopero 26\\3 Firenze","sindalismo operaio e sociale"],"articleSection":["Comunicati Stampa","Cultura e Media"],"inLanguage":"it-IT"},{"@type":"WebPage","@id":"https:\/\/www.pressenza.com\/it\/2022\/03\/ultima-ora-aggiornamenti-manifestazione-degli-operai-gkn-a-firenze\/","url":"https:\/\/www.pressenza.com\/it\/2022\/03\/ultima-ora-aggiornamenti-manifestazione-degli-operai-gkn-a-firenze\/","name":"ULTIMA ORA - Aggiornamenti manifestazione degli Operai-Gkn a Firenze","isPartOf":{"@id":"https:\/\/www.pressenza.com\/it\/#website"},"primaryImageOfPage":{"@id":"https:\/\/www.pressenza.com\/it\/2022\/03\/ultima-ora-aggiornamenti-manifestazione-degli-operai-gkn-a-firenze\/#primaryimage"},"image":{"@id":"https:\/\/www.pressenza.com\/it\/2022\/03\/ultima-ora-aggiornamenti-manifestazione-degli-operai-gkn-a-firenze\/#primaryimage"},"thumbnailUrl":"https:\/\/www.pressenza.com\/wp-content\/uploads\/2022\/03\/277251833_156181260124516_3811431070438662479_n_rit.jpg","datePublished":"2022-03-26T10:51:28+00:00","dateModified":"2022-03-26T10:58:12+00:00","description":"Ricordiamo che tutte le precedenti indicazioni logistiche su come raggiungere il concentramento si possono trovare su www.26marzo.org o nel post","breadcrumb":{"@id":"https:\/\/www.pressenza.com\/it\/2022\/03\/ultima-ora-aggiornamenti-manifestazione-degli-operai-gkn-a-firenze\/#breadcrumb"},"inLanguage":"it-IT","potentialAction":[{"@type":"ReadAction","target":["https:\/\/www.pressenza.com\/it\/2022\/03\/ultima-ora-aggiornamenti-manifestazione-degli-operai-gkn-a-firenze\/"]}]},{"@type":"ImageObject","inLanguage":"it-IT","@id":"https:\/\/www.pressenza.com\/it\/2022\/03\/ultima-ora-aggiornamenti-manifestazione-degli-operai-gkn-a-firenze\/#primaryimage","url":"https:\/\/www.pressenza.com\/wp-content\/uploads\/2022\/03\/277251833_156181260124516_3811431070438662479_n_rit.jpg","contentUrl":"https:\/\/www.pressenza.com\/wp-content\/uploads\/2022\/03\/277251833_156181260124516_3811431070438662479_n_rit.jpg","width":1080,"height":931},{"@type":"BreadcrumbList","@id":"https:\/\/www.pressenza.com\/it\/2022\/03\/ultima-ora-aggiornamenti-manifestazione-degli-operai-gkn-a-firenze\/#breadcrumb","itemListElement":[{"@type":"ListItem","position":1,"name":"Accueil","item":"https:\/\/www.pressenza.com\/it\/"},{"@type":"ListItem","position":2,"name":"ULTIMA ORA &#8211; Aggiornamenti manifestazione degli Operai-Gkn a Firenze"}]},{"@type":"WebSite","@id":"https:\/\/www.pressenza.com\/it\/#website","url":"https:\/\/www.pressenza.com\/it\/","name":"Pressenza","description":"Agenzia di Stampa Internazionale","publisher":{"@id":"https:\/\/www.pressenza.com\/it\/#organization"},"potentialAction":[{"@type":"SearchAction","target":{"@type":"EntryPoint","urlTemplate":"https:\/\/www.pressenza.com\/it\/?s={search_term_string}"},"query-input":{"@type":"PropertyValueSpecification","valueRequired":true,"valueName":"search_term_string"}}],"inLanguage":"it-IT"},{"@type":"Organization","@id":"https:\/\/www.pressenza.com\/it\/#organization","name":"Pressenza","url":"https:\/\/www.pressenza.com\/it\/","logo":{"@type":"ImageObject","inLanguage":"it-IT","@id":"https:\/\/www.pressenza.com\/it\/#\/schema\/logo\/image\/","url":"https:\/\/www.pressenza.com\/wp-content\/uploads\/2022\/10\/pressenza_logo_200x200.jpg","contentUrl":"https:\/\/www.pressenza.com\/wp-content\/uploads\/2022\/10\/pressenza_logo_200x200.jpg","width":200,"height":200,"caption":"Pressenza"},"image":{"@id":"https:\/\/www.pressenza.com\/it\/#\/schema\/logo\/image\/"},"sameAs":["https:\/\/www.facebook.com\/PressenzaItalia","https:\/\/x.com\/PressenzaIPA"]},{"@type":"Person","@id":"https:\/\/www.pressenza.com\/it\/#\/schema\/person\/d983e81827ae24f2c7b1a2123d197f8d","name":"Redazione Italia","description":"News from the Pressenza Bureau in Italy","sameAs":["https:\/\/www.pressenza.com\/it\/author\/redazione-italia\/","https:\/\/www.facebook.com\/PressenzaItalia","https:\/\/www.instagram.com\/pressenza_italia\/","https:\/\/x.com\/pressenza_it","https:\/\/www.youtube.com\/channel\/UCSalEIWjE1RSxkwjfftFuqg"],"url":"https:\/\/www.pressenza.com\/it\/author\/redazione-italia\/"}]}},"place":"","original_article_url":"","_links":{"self":[{"href":"https:\/\/www.pressenza.com\/it\/wp-json\/wp\/v2\/posts\/1552420","targetHints":{"allow":["GET"]}}],"collection":[{"href":"https:\/\/www.pressenza.com\/it\/wp-json\/wp\/v2\/posts"}],"about":[{"href":"https:\/\/www.pressenza.com\/it\/wp-json\/wp\/v2\/types\/post"}],"author":[{"embeddable":true,"href":"https:\/\/www.pressenza.com\/it\/wp-json\/wp\/v2\/users\/594"}],"replies":[{"embeddable":true,"href":"https:\/\/www.pressenza.com\/it\/wp-json\/wp\/v2\/comments?post=1552420"}],"version-history":[{"count":0,"href":"https:\/\/www.pressenza.com\/it\/wp-json\/wp\/v2\/posts\/1552420\/revisions"}],"wp:featuredmedia":[{"embeddable":true,"href":"https:\/\/www.pressenza.com\/it\/wp-json\/wp\/v2\/media\/1552421"}],"wp:attachment":[{"href":"https:\/\/www.pressenza.com\/it\/wp-json\/wp\/v2\/media?parent=1552420"}],"wp:term":[{"taxonomy":"category","embeddable":true,"href":"https:\/\/www.pressenza.com\/it\/wp-json\/wp\/v2\/categories?post=1552420"},{"taxonomy":"post_tag","embeddable":true,"href":"https:\/\/www.pressenza.com\/it\/wp-json\/wp\/v2\/tags?post=1552420"}],"curies":[{"name":"wp","href":"https:\/\/api.w.org\/{rel}","templated":true}]}}