{"id":1551058,"date":"2022-03-24T18:32:45","date_gmt":"2022-03-24T18:32:45","guid":{"rendered":"https:\/\/www.pressenza.com\/?p=1551058"},"modified":"2022-03-24T18:32:45","modified_gmt":"2022-03-24T18:32:45","slug":"guerra-in-ucraina-tra-disinformazione-di-stato-e-geopolitica-rubeo-la-fine-della-storia-si-e-rivelata-una-mera-illusione","status":"publish","type":"post","link":"https:\/\/www.pressenza.com\/it\/2022\/03\/guerra-in-ucraina-tra-disinformazione-di-stato-e-geopolitica-rubeo-la-fine-della-storia-si-e-rivelata-una-mera-illusione\/","title":{"rendered":"Guerra in Ucraina tra disinformazione di Stato e geopolitica. Rubeo: \u201cLa fine della storia si \u00e8 rivelata una mera illusione\u201d"},"content":{"rendered":"<p><span style=\"color: #222222;\"><span style=\"font-family: Times New Roman, serif;\"><span style=\"font-size: medium;\"><i>Il giornalismo embedded sembra essere il paradigma di informazione di guerra veicolata dai media occidentali, ma non solo: l\u2019informazione mainstream \u00e8 fatta di incertezze, profonde lacune e faziosit\u00e0 volta alla categorizzazione moralistica in \u201cbuoni\u201d e \u201ccattivi\u201d. La Guerra in Ucraina porta con se delle importanti dinamiche geopolitiche di ridefinizione imperialista dei blocchi con delle implicazioni che vanno dal ruolo di Israele (esterne) all\u2019attuale situazione di repressione e persecuzione del dissenso e del giornalismo indipendente da parte del governo di destra guidato da Zelensky. Di questo e molto altro ne parliamo con Romana Rubeo, giornalista, traduttrice e redattrice di Palestine Chronicle.<\/i><\/span><\/span><\/span><\/p>\n<p><span style=\"color: #222222;\"><span style=\"font-family: Times New Roman, serif;\"><span style=\"font-size: medium;\"><b>Quale tipo di informazione abbiamo attualmente dall&#8217;Ucraina? Gli inviati del mainstream coprono tutti gli avvenimenti?<\/b><\/span><\/span><\/span><\/p>\n<p><span style=\"color: #222222;\"><span style=\"font-family: Times New Roman, serif;\"><span style=\"font-size: medium;\">Questa \u00e8 sicuramente la guerra pi\u00f9 \u201csocial\u201d vista finora, ma a questa sovraesposizione non corrisponde, purtroppo, una accuratezza delle informazioni. Direi esattamente il contrario. Si assiste a un processo di spettacolarizzazione evidente, con foto e video di provenienza non accertata; notizie date con grande clamore e poi smentite, creazione a tavolino di miti ed eroi che probabilmente non sono neanche mai esistiti. <\/span><\/span><\/span><\/p>\n<p><span style=\"color: #222222;\"><span style=\"font-family: Times New Roman, serif;\"><span style=\"font-size: medium;\">Mentre in Italia il giornalismo mainstream fa molta fatica ad ammettere questo problema tecnico &#8211; ovvero la mancanza di fonti, anche dovuta al fatto che i combattimenti veri stanno accadendo in zone in cui non sono materialmente presenti inviati &#8211; all\u2019estero si pubblicano approfondite inchieste su questa impossibilit\u00e0 di produrre una narrazione autentica.<\/span><\/span><\/span><\/p>\n<p><span style=\"color: #222222;\"><span style=\"font-family: Times New Roman, serif;\"><span style=\"font-size: medium;\">Il New York Times, per esempio, pubblica il 3 marzo un lungo articolo in cui si mette in discussione il \u201cFantasma di Kyev\u201d, questo fantomatico pilota ucraino che avrebbe abbattuto da solo diversi caccia russi. Il video in cui si mostravano le sue prodezze \u00e8 stato condiviso sul canale Telegram ufficiale dei servizi di sicurezza ucraini, seguito da oltre 700.000 utenti, e ha oltre 9 milioni di visualizzazioni su Twitter. L\u2019hashtag #ghostofkyiv ha raggiunto oltre 200 milioni di visualizzazioni. \u201cC\u2019\u00e8 solo un problema\u201d, dicono gli autori dell\u2019articolo: \u201cIl Fantasma di Kyev potrebbe essere un mito\u201d.<\/span><\/span><\/span><\/p>\n<p><span style=\"color: #222222;\"><span style=\"font-family: Times New Roman, serif;\"><span style=\"font-size: medium;\">Infatti, come spiega il NYT, uno dei video diventati virali era preso da un simulatore di combat flight caricato su YouTube, mentre la foto che dimostrerebbe l\u2019esistenza del prode pilota proveniva da un post pubblicato su Twitter nel 2019 dal Ministero della Difesa ucraino.<\/span><\/span><\/span><\/p>\n<p><span style=\"color: #222222;\"><span style=\"font-family: Times New Roman, serif;\"><span style=\"font-size: medium;\">La stampa italiana, da parte sua, non fa smentite ufficiali e non porge le sue scuse ai lettori, come prevede il codice deontologico, neanche in presenza di ricostruzioni fallaci evidenti, come la foto pubblicata in prima pagina su La Stampa che \u00e8 stata al centro di numerose polemiche di recente. Nella foto, un uomo anziano, circondato da cadaveri mutilati, si copre il viso inorridito. Il titolo, a tutta pagina, \u00e8 \u201cLa Carneficina\u201d e tutta la narrazione \u00e8 orientata a denunciare i crimini dei russi. Peccato che la foto sia stata invece scattata a Donetsk e che i cadaveri siano proprio di quegli appartenenti alla minoranza russofona che sono stati dimenticati da anni e che ora vengono addirittura strumentalizzati.<br \/>\nIl problema vero non \u00e8 tanto che vi siano due opposte propagande di guerra, questo accade in ogni conflitto, quanto che chi dovrebbe svolgere il compito di selezionare fonti e informazioni scelga invece di adottare il punto di vista di una sola propaganda e spacciarla come realt\u00e0 assoluta. Oltre a essere deontologicamente scorretto, credo sia anche poco rispettoso nei confronti di tutte le vittime del conflitto.<\/span><\/span><\/span><\/p>\n<p><span style=\"color: #222222;\"><span style=\"font-family: Times New Roman, serif;\"><span style=\"font-size: medium;\"><b>Vi \u00e8 inoltre l&#8217;aggravante che dal 2014, in Ucraina, il giornalismo indipendente viene represso. Come \u00e8 la situazione attuale? <\/b><\/span><\/span><\/span><\/p>\n<p><span style=\"color: #222222;\"><span style=\"font-family: Times New Roman, serif;\"><span style=\"font-size: medium;\">La libert\u00e0 di stampa in Ucraina era gi\u00e0 fortemente limitata prima dell\u2019invasione russa il 24 febbraio scorso. Secondo il Resource Centre on Media Freedom in Europe, l\u2019Ucraina era uno dei posti pi\u00f9 pericolosi per chi intendesse svolgere la professione giornalistica. <\/span><\/span><\/span><\/p>\n<p><span style=\"color: #222222;\"><span style=\"font-family: Times New Roman, serif;\"><span style=\"font-size: medium;\">Il Berkut, le forze speciali ucraine, sono state responsabili di terribili atti di violenza contro i giornalisti negli ultimi otto anni, con pestaggi, rapimenti, arresti e intimidazioni di varia natura. Esistono svariati rapporti che lo denunciano.<\/span><\/span><\/span><\/p>\n<p><span style=\"color: #222222;\"><span style=\"font-family: Times New Roman, serif;\"><span style=\"font-size: medium;\">La situazione non \u00e8 migliorata quando Zelensky \u00e8 salito al potere, nonostante le speranze da parte delle associazioni di settore. Lo scorso gennaio, Sergiy Tomilenko, direttore dell\u2019Unione nazionale dei giornalisti ucraini, denunciava le limitazioni alla libert\u00e0 di stampa dalle pagine del Kyiv Independent. Nell\u2019articolo, si spiegava come una relativa pluralit\u00e0 dei mezzi di informazione non corrispondesse a una effettiva indipendenza &#8211; in quanto gli oligarchi ucraini avevano acquisito tutte le pubblicazioni e i canali televisivi &#8211; e si lamentava la mancanza di riforme promesse da Zelensky e mai attuate. <\/span><\/span><\/span><\/p>\n<p><span style=\"color: #222222;\"><span style=\"font-family: Times New Roman, serif;\"><span style=\"font-size: medium;\">Anzi, nel 2021 c\u2019\u00e8 stata una stretta sui canali considerati filorussi, vicini al leader dell\u2019opposizione Viktor Medvedchuk, che sono stati messi al bando.<\/span><\/span><\/span><\/p>\n<p><span style=\"color: #222222;\"><span style=\"font-family: Times New Roman, serif;\"><span style=\"font-size: medium;\">Attualmente, i giornalisti sono purtroppo esposti alla violenza della guerra senza esclusione di colpi da entrambi gli schieramenti. Penso che ogni giornalista dovrebbe unirsi all\u2019appello di Reporters Without Borders che invoca maggiori misure di protezione nei confronti dei reporter che stanno cercando di coprire il conflitto.<\/span><\/span><\/span><\/p>\n<p><span style=\"color: #222222;\"><span style=\"font-family: Times New Roman, serif;\"><span style=\"font-size: medium;\"><b>Con questa guerra vi \u00e8 un\u2019attuale ridefinizione dei blocchi?<\/b><\/span><\/span><\/span><\/p>\n<p><a name=\"_Hlk98926517\"><\/a> <span style=\"color: #222222;\"><span style=\"font-family: Times New Roman, serif;\"><span style=\"font-size: medium;\">L\u2019impressione \u00e8 che questa non sia una guerra di occupazione in senso classico o di estensione territoriale tout court, quanto una guerra per la ridefinizione dell\u2019egemonia e del controllo. E per inciso, \u00e8 per questo che, realisticamente, il rischio di un coinvolgimento di potenze a livello globale \u00e8 cos\u00ec elevato e andrebbe in ogni modo scongiurato. Di sicuro, si pu\u00f2 dire ultimata la spinta del monopolio statunitense che aveva seguito il crollo dell\u2019Unione Sovietica. Quella della \u201cfine della storia\u201d si \u00e8 rivelata una mera illusione. <\/span><\/span><\/span><\/p>\n<p><span style=\"color: #222222;\"><span style=\"font-family: Times New Roman, serif;\"><span style=\"font-size: medium;\">In questi anni, nuove realt\u00e0 stanno emergendo come possibili superpotenze. In primis, la Cina, che mira anche in queste ore a rafforzare l\u2019immagine della potenza ragionevole, lucida, non predatoria e non impositiva, che ha un ruolo sempre pi\u00f9 forte nel sud del mondo e che ha costruito una rete di alleanze significative. <\/span><\/span><\/span><\/p>\n<p><span style=\"color: #222222;\"><span style=\"font-family: Times New Roman, serif;\"><span style=\"font-size: medium;\">Poi la Russia, che ha giocato un ruolo determinante nel Medio Oriente e che detiene un controllo anche di natura paramilitare in alcune nazioni africane, garantendo \u201csicurezza\u201d, come in Mali o nella Repubblica Centrafricana. Intorno a questi poli &#8211; che seppure non siano ancora uniti in un\u2019alleanza formale sono sicuramente legati da una strategia a lungo termine &#8211; si sono poi raggruppate altre realt\u00e0, in modo pi\u00f9 o meno diretto.<\/span><\/span><\/span><\/p>\n<p><span style=\"color: #222222;\"><span style=\"font-family: Times New Roman, serif;\"><span style=\"font-size: medium;\">Pensiamo, ad esempio, al Venezuela Bolivariano, che oggi gli Stati Uniti corteggiano per il petrolio dopo aver, di fatto, incoraggiato un colpo di Stato e contribuito a ridurre la popolazione alla fame imponendo sanzioni durissime. In quel momento, la Russia gioc\u00f2 un ruolo determinante, con l\u2019invio di truppe e mezzi, nonch\u00e9 con azioni mirate a salvarne, per quanto possibile, l\u2019economia. Oggi, Caracas si schiera apertamente con Mosca ed esprime il suo \u201cpieno sostegno\u201d, mentre Washington cerca di promettere un \u201calleggerimento di quelle sanzioni\u201d con un voltafaccia che ha dell\u2019incredibile. D\u2019altra parte, gli Stati Uniti non possono permettersi di rinunciare alla possibilit\u00e0 del petrolio venezuelano, ora che la situazione appare tesa anche con gli storici alleati dell\u2019Arabia Saudita.<\/span><\/span><\/span><\/p>\n<p><span style=\"color: #222222;\"><span style=\"font-family: Times New Roman, serif;\"><span style=\"font-size: medium;\">In una recente intervista con The Atlantic, il principe saudito Mohammed bin Salman ha aperto persino alla possibilit\u00e0 di una \u2018coesistenza\u2019 con l\u2019Iran, facendo saltare il meccanismo di polarizzazione estrema della regione mediorentale che aveva caratterizzato, ad esempio, l\u2019Amministrazione statunitense di Donald Trump.<\/span><\/span><\/span><\/p>\n<p><span style=\"color: #222222;\"><span style=\"font-family: Times New Roman, serif;\"><span style=\"font-size: medium;\"><b>Come si sta muovendo Israele? Come vedi il suo ruolo di possibile intermediario nelle trattative di pace? Il bluewashing israeliano rimane una strategia rigenerativa per la sua immagine pubblica?<\/b><\/span><\/span><\/span><\/p>\n<p><span style=\"color: #222222;\"><span style=\"font-family: Times New Roman, serif;\"><span style=\"font-size: medium;\">A mio avviso, la questione \u00e8 ancora pi\u00f9 profonda. Per Israele, giocarsi un ruolo da equilibrista in questo mondo in profondo mutamento \u00e8 una questione di sopravvivenza. Non dimentichiamo che l\u2019esistenza dello Stato ebraico viene garantita, da sempre, dalla \u2018comunit\u00e0 internazionale\u2019 cos\u00ec come noi la conosciamo (ovvero gli Stati Uniti e i loro alleati) perch\u00e9 Israele costituisce un avamposto occidentale in Medio Oriente.<\/span><\/span><\/span><\/p>\n<p><span style=\"color: #222222;\"><span style=\"font-family: Times New Roman, serif;\"><span style=\"font-size: medium;\">\u00c8 in questo contesto che si configurano l\u2019atteggiamento di protezione e la possibilit\u00e0 per Tel Aviv di macchiarsi di continue violazioni del diritto umano e internazionale senza conseguenze.<\/span><\/span><\/span><\/p>\n<p><span style=\"color: #222222;\"><span style=\"font-family: Times New Roman, serif;\"><span style=\"font-size: medium;\">Nel quadro della regione mediorentale che sembrava delinearsi fino a qualche mese fa, quello dei cosiddetti \u2018Accordi di Abramo\u2019, Israele andava ad assumere un ruolo fondamentale proprio in considerazione di quella estrema polarizzazione, che vedeva da una parte Teheran e da una parte i suoi avversari. Se quel quadro muta, mutano anche il ruolo strategico di Tel Aviv e la sua capacit\u00e0 di esistere in un quadro mutato.<\/span><\/span><\/span><\/p>\n<p><span style=\"color: #222222;\"><span style=\"font-family: Times New Roman, serif;\"><span style=\"font-size: medium;\">Pertanto, \u00e8 indubbio che la hasbara israeliana sia al lavoro per fornire un\u2019immagine ineccepibile e per nascondere gli ultimi colpi inferti a Israele, come il dettagliato report di Amnesty International che lo definisce uno stato di apartheid, ma \u00e8 sicuramente vero che i timori di Tel Aviv sono ancora pi\u00f9 profondi, in questa fase.<\/span><\/span><\/span><\/p>\n<p><span style=\"color: #222222;\"><span style=\"font-family: Times New Roman, serif;\"><span style=\"font-size: medium;\">Da un punto di vista strategico, adesso Israele tenta di ottenere il massimo in termini di crescita demografica, con l\u2019accoglimento di un numero massiccio di profughi di religione ebraica. Il mito della aliyha, del \u201critorno\u201d simbolico e rituale, ha molto poco a che fare con la religione e il rito e molto a che fare con il progetto coloniale che ha sempre ispirato Israele. Dopo la prima massiccia immigrazione che ha portato alla fondazione violenta dello stato, abbiamo assistito ad altre importanti ondate migratorie, come quella che segu\u00ec il crollo dell\u2019Unione Sovietica, ad esempio. I profughi di religione ebraica, ce lo insegna la storia, andranno a rimpinguare le fila dei coloni illegali che sottraggono terra, risorse e diritti alla popolazione palestinese, in violazione del diritto internazionale.<\/span><\/span><\/span><\/p>\n<p><span style=\"color: #222222;\"><span style=\"font-family: Times New Roman, serif;\"><span style=\"font-size: medium;\"><b>Ultimamente l&#8217;Ucraina viene presa come &#8220;baluardo della democrazia&#8221;. Puo&#8217; definirsi democrazia un Paese che mette al bando 11 partiti politici, la maggior parte aderente alla sinistra radicale \u00e8 progressista?<\/b><\/span><\/span><\/span><\/p>\n<p><span style=\"color: #222222;\"><span style=\"font-family: Times New Roman, serif;\"><span style=\"font-size: medium;\">Diciamo che \u00e8 il concetto stesso di \u201cbaluardo di democrazia\u201d in Occidente che, oltre a essere ampiamente sopravvalutato, viene strumentalizzato per definire, di volta in volta, i Paesi allineati agli interessi della cosiddetta \u201ccomunit\u00e0 internazionale\u201d (vedasi sopra, Stati Uniti e loro alleati).<\/span><\/span><\/span><\/p>\n<p><span style=\"color: #222222;\"><span style=\"font-family: Times New Roman, serif;\"><span style=\"font-size: medium;\">Anche Israele viene definito l\u2019unica democrazia in Medio Oriente, per tornare su quell\u2019argomento, nonostante da decenni imponga una crudele occupazione militare e discrimini attraverso un complesso sistema di normative e leggi la popolazione palestinese in base a ragioni etniche. <\/span><\/span><\/span><\/p>\n<p><span style=\"color: #222222;\"><span style=\"font-family: Times New Roman, serif;\"><span style=\"font-size: medium;\">Volodymyr Zelensky \u00e8 diventato presidente con un\u2019ampia maggioranza, oltre il 70% dei voti, ma non dobbiamo dimenticare che non si \u00e8 votato in Crimea n\u00e9 nel Donbass. Gi\u00e0 prima del conflitto, il ranking dell\u2019Ucraina in termini di principi democratici, attribuito dal Freedom in the World 2021 Report, era di 60 su 100, e questo avveniva quando solo il Partito Comunista era messo al bando ufficialmente.<br \/>\nTutto questo, senza tenere conto dei gruppi paramilitari che operavano nel Paese. Agli inizi di febbraio, un articolo del New York Times denunciava le pressioni che lo stesso governo ucraino riceveva da questi gruppi e battaglioni. Trovo alquanto naif sostenere che, essendo la rappresentanza parlamentare neonazista numericamente irrilevante, quelle forze non avessero una forte influenza sul governo del Paese, in quanto le pressioni erano esercitate a livello extraparlamentare. <\/span><\/span><\/span><\/p>\n<p><span style=\"color: #222222;\"><span style=\"font-family: Times New Roman, serif;\"><span style=\"font-size: medium;\">Una cosa che trovo alquanto pericolosa nel dibattito pubblico italiano \u00e8 la leggerezza con cui, in alcuni ambienti, si giustifichi la messa al bando di tutte le forze di opposizione in nome della legge marziale. Diciamo che, pi\u00f9 in generale, l\u2019esaltazione della narrativa bellica che sta serpeggiando nel nostro Paese rende molto difficile intavolare un ragionamento lucido. Il fatto che il principale partito di \u201ccentro-sinistra\u201d in Italia non si ponga neanche il problema della legittimit\u00e0 di un simile provvedimento e anzi, si affanni a difenderlo, mi sembra sia sufficiente a giustificare questa mia affermazione.<\/span><\/span><\/span><\/p>\n","protected":false},"excerpt":{"rendered":"<p>Il giornalismo embedded sembra essere il paradigma di informazione di guerra veicolata dai media occidentali, ma non solo: l\u2019informazione mainstream \u00e8 fatta di incertezze, profonde lacune e faziosit\u00e0 volta alla categorizzazione moralistica in \u201cbuoni\u201d e \u201ccattivi\u201d. La Guerra in Ucraina&hellip;<\/p>\n","protected":false},"author":1887,"featured_media":1551059,"comment_status":"closed","ping_status":"closed","sticky":false,"template":"","format":"standard","meta":{"footnotes":""},"categories":[11388,60,47,157],"tags":[3115,367,76074,8514],"class_list":["post-1551058","post","type-post","status-publish","format-standard","has-post-thumbnail","hentry","category-contenuti-originali","category-diritti-umani","category-europa","category-interviste","tag-disinformazione","tag-giornalisti","tag-mainstream","tag-ucraina"],"yoast_head":"<!-- This site is optimized with the Yoast SEO plugin v27.1.1 - https:\/\/yoast.com\/product\/yoast-seo-wordpress\/ -->\n<title>Guerra in Ucraina tra disinformazione di Stato e geopolitica. Rubeo: \u201cLa fine della storia si \u00e8 rivelata una mera illusione\u201d<\/title>\n<meta name=\"description\" content=\"Il giornalismo embedded sembra essere il paradigma di informazione di guerra veicolata dai media occidentali, ma non solo: l\u2019informazione mainstream \u00e8\" \/>\n<meta name=\"robots\" content=\"index, follow, max-snippet:-1, max-image-preview:large, max-video-preview:-1\" \/>\n<link rel=\"canonical\" href=\"https:\/\/www.pressenza.com\/it\/2022\/03\/guerra-in-ucraina-tra-disinformazione-di-stato-e-geopolitica-rubeo-la-fine-della-storia-si-e-rivelata-una-mera-illusione\/\" \/>\n<meta property=\"og:locale\" content=\"it_IT\" \/>\n<meta property=\"og:type\" content=\"article\" \/>\n<meta property=\"og:title\" content=\"Guerra in Ucraina tra disinformazione di Stato e geopolitica. Rubeo: \u201cLa fine della storia si \u00e8 rivelata una mera illusione\u201d\" \/>\n<meta property=\"og:description\" content=\"Il giornalismo embedded sembra essere il paradigma di informazione di guerra veicolata dai media occidentali, ma non solo: l\u2019informazione mainstream \u00e8\" \/>\n<meta property=\"og:url\" content=\"https:\/\/www.pressenza.com\/it\/2022\/03\/guerra-in-ucraina-tra-disinformazione-di-stato-e-geopolitica-rubeo-la-fine-della-storia-si-e-rivelata-una-mera-illusione\/\" \/>\n<meta property=\"og:site_name\" content=\"Pressenza\" \/>\n<meta property=\"article:publisher\" content=\"https:\/\/www.facebook.com\/PressenzaItalia\" \/>\n<meta property=\"article:published_time\" content=\"2022-03-24T18:32:45+00:00\" \/>\n<meta property=\"og:image\" content=\"https:\/\/www.pressenza.com\/wp-content\/uploads\/2022\/03\/romana-rubeo-tagliacozzo-ConfineLive.jpeg\" \/>\n\t<meta property=\"og:image:width\" content=\"1024\" \/>\n\t<meta property=\"og:image:height\" content=\"605\" \/>\n\t<meta property=\"og:image:type\" content=\"image\/jpeg\" \/>\n<meta name=\"author\" content=\"Lorenzo Poli\" \/>\n<meta name=\"twitter:card\" content=\"summary_large_image\" \/>\n<meta name=\"twitter:creator\" content=\"@PressenzaIPA\" \/>\n<meta name=\"twitter:site\" content=\"@PressenzaIPA\" \/>\n<meta name=\"twitter:label1\" content=\"Scritto da\" \/>\n\t<meta name=\"twitter:data1\" content=\"Lorenzo Poli\" \/>\n\t<meta name=\"twitter:label2\" content=\"Tempo di lettura stimato\" \/>\n\t<meta name=\"twitter:data2\" content=\"11 minuti\" \/>\n<script type=\"application\/ld+json\" class=\"yoast-schema-graph\">{\"@context\":\"https:\/\/schema.org\",\"@graph\":[{\"@type\":\"Article\",\"@id\":\"https:\/\/www.pressenza.com\/it\/2022\/03\/guerra-in-ucraina-tra-disinformazione-di-stato-e-geopolitica-rubeo-la-fine-della-storia-si-e-rivelata-una-mera-illusione\/#article\",\"isPartOf\":{\"@id\":\"https:\/\/www.pressenza.com\/it\/2022\/03\/guerra-in-ucraina-tra-disinformazione-di-stato-e-geopolitica-rubeo-la-fine-della-storia-si-e-rivelata-una-mera-illusione\/\"},\"author\":{\"name\":\"Lorenzo Poli\",\"@id\":\"https:\/\/www.pressenza.com\/it\/#\/schema\/person\/83cab62d5aaad28d2ef7c9b71a62926b\"},\"headline\":\"Guerra in Ucraina tra disinformazione di Stato e geopolitica. Rubeo: \u201cLa fine della storia si \u00e8 rivelata una mera illusione\u201d\",\"datePublished\":\"2022-03-24T18:32:45+00:00\",\"mainEntityOfPage\":{\"@id\":\"https:\/\/www.pressenza.com\/it\/2022\/03\/guerra-in-ucraina-tra-disinformazione-di-stato-e-geopolitica-rubeo-la-fine-della-storia-si-e-rivelata-una-mera-illusione\/\"},\"wordCount\":1905,\"publisher\":{\"@id\":\"https:\/\/www.pressenza.com\/it\/#organization\"},\"image\":{\"@id\":\"https:\/\/www.pressenza.com\/it\/2022\/03\/guerra-in-ucraina-tra-disinformazione-di-stato-e-geopolitica-rubeo-la-fine-della-storia-si-e-rivelata-una-mera-illusione\/#primaryimage\"},\"thumbnailUrl\":\"https:\/\/www.pressenza.com\/wp-content\/uploads\/2022\/03\/romana-rubeo-tagliacozzo-ConfineLive.jpeg\",\"keywords\":[\"disinformazione\",\"giornalisti\",\"mainstream\",\"Ucraina\"],\"articleSection\":[\"contenuti originali\",\"Diritti Umani\",\"Europa\",\"Interviste\"],\"inLanguage\":\"it-IT\"},{\"@type\":\"WebPage\",\"@id\":\"https:\/\/www.pressenza.com\/it\/2022\/03\/guerra-in-ucraina-tra-disinformazione-di-stato-e-geopolitica-rubeo-la-fine-della-storia-si-e-rivelata-una-mera-illusione\/\",\"url\":\"https:\/\/www.pressenza.com\/it\/2022\/03\/guerra-in-ucraina-tra-disinformazione-di-stato-e-geopolitica-rubeo-la-fine-della-storia-si-e-rivelata-una-mera-illusione\/\",\"name\":\"Guerra in Ucraina tra disinformazione di Stato e geopolitica. Rubeo: \u201cLa fine della storia si \u00e8 rivelata una mera illusione\u201d\",\"isPartOf\":{\"@id\":\"https:\/\/www.pressenza.com\/it\/#website\"},\"primaryImageOfPage\":{\"@id\":\"https:\/\/www.pressenza.com\/it\/2022\/03\/guerra-in-ucraina-tra-disinformazione-di-stato-e-geopolitica-rubeo-la-fine-della-storia-si-e-rivelata-una-mera-illusione\/#primaryimage\"},\"image\":{\"@id\":\"https:\/\/www.pressenza.com\/it\/2022\/03\/guerra-in-ucraina-tra-disinformazione-di-stato-e-geopolitica-rubeo-la-fine-della-storia-si-e-rivelata-una-mera-illusione\/#primaryimage\"},\"thumbnailUrl\":\"https:\/\/www.pressenza.com\/wp-content\/uploads\/2022\/03\/romana-rubeo-tagliacozzo-ConfineLive.jpeg\",\"datePublished\":\"2022-03-24T18:32:45+00:00\",\"description\":\"Il giornalismo embedded sembra essere il paradigma di informazione di guerra veicolata dai media occidentali, ma non solo: l\u2019informazione mainstream \u00e8\",\"breadcrumb\":{\"@id\":\"https:\/\/www.pressenza.com\/it\/2022\/03\/guerra-in-ucraina-tra-disinformazione-di-stato-e-geopolitica-rubeo-la-fine-della-storia-si-e-rivelata-una-mera-illusione\/#breadcrumb\"},\"inLanguage\":\"it-IT\",\"potentialAction\":[{\"@type\":\"ReadAction\",\"target\":[\"https:\/\/www.pressenza.com\/it\/2022\/03\/guerra-in-ucraina-tra-disinformazione-di-stato-e-geopolitica-rubeo-la-fine-della-storia-si-e-rivelata-una-mera-illusione\/\"]}]},{\"@type\":\"ImageObject\",\"inLanguage\":\"it-IT\",\"@id\":\"https:\/\/www.pressenza.com\/it\/2022\/03\/guerra-in-ucraina-tra-disinformazione-di-stato-e-geopolitica-rubeo-la-fine-della-storia-si-e-rivelata-una-mera-illusione\/#primaryimage\",\"url\":\"https:\/\/www.pressenza.com\/wp-content\/uploads\/2022\/03\/romana-rubeo-tagliacozzo-ConfineLive.jpeg\",\"contentUrl\":\"https:\/\/www.pressenza.com\/wp-content\/uploads\/2022\/03\/romana-rubeo-tagliacozzo-ConfineLive.jpeg\",\"width\":1024,\"height\":605},{\"@type\":\"BreadcrumbList\",\"@id\":\"https:\/\/www.pressenza.com\/it\/2022\/03\/guerra-in-ucraina-tra-disinformazione-di-stato-e-geopolitica-rubeo-la-fine-della-storia-si-e-rivelata-una-mera-illusione\/#breadcrumb\",\"itemListElement\":[{\"@type\":\"ListItem\",\"position\":1,\"name\":\"Accueil\",\"item\":\"https:\/\/www.pressenza.com\/it\/\"},{\"@type\":\"ListItem\",\"position\":2,\"name\":\"Guerra in Ucraina tra disinformazione di Stato e geopolitica. Rubeo: \u201cLa fine della storia si \u00e8 rivelata una mera illusione\u201d\"}]},{\"@type\":\"WebSite\",\"@id\":\"https:\/\/www.pressenza.com\/it\/#website\",\"url\":\"https:\/\/www.pressenza.com\/it\/\",\"name\":\"Pressenza\",\"description\":\"Agenzia di Stampa Internazionale\",\"publisher\":{\"@id\":\"https:\/\/www.pressenza.com\/it\/#organization\"},\"potentialAction\":[{\"@type\":\"SearchAction\",\"target\":{\"@type\":\"EntryPoint\",\"urlTemplate\":\"https:\/\/www.pressenza.com\/it\/?s={search_term_string}\"},\"query-input\":{\"@type\":\"PropertyValueSpecification\",\"valueRequired\":true,\"valueName\":\"search_term_string\"}}],\"inLanguage\":\"it-IT\"},{\"@type\":\"Organization\",\"@id\":\"https:\/\/www.pressenza.com\/it\/#organization\",\"name\":\"Pressenza\",\"url\":\"https:\/\/www.pressenza.com\/it\/\",\"logo\":{\"@type\":\"ImageObject\",\"inLanguage\":\"it-IT\",\"@id\":\"https:\/\/www.pressenza.com\/it\/#\/schema\/logo\/image\/\",\"url\":\"https:\/\/www.pressenza.com\/wp-content\/uploads\/2022\/10\/pressenza_logo_200x200.jpg\",\"contentUrl\":\"https:\/\/www.pressenza.com\/wp-content\/uploads\/2022\/10\/pressenza_logo_200x200.jpg\",\"width\":200,\"height\":200,\"caption\":\"Pressenza\"},\"image\":{\"@id\":\"https:\/\/www.pressenza.com\/it\/#\/schema\/logo\/image\/\"},\"sameAs\":[\"https:\/\/www.facebook.com\/PressenzaItalia\",\"https:\/\/x.com\/PressenzaIPA\"]},{\"@type\":\"Person\",\"@id\":\"https:\/\/www.pressenza.com\/it\/#\/schema\/person\/83cab62d5aaad28d2ef7c9b71a62926b\",\"name\":\"Lorenzo Poli\",\"url\":\"https:\/\/www.pressenza.com\/it\/author\/lorenzo-poli\/\"}]}<\/script>\n<!-- \/ Yoast SEO plugin. -->","yoast_head_json":{"title":"Guerra in Ucraina tra disinformazione di Stato e geopolitica. Rubeo: \u201cLa fine della storia si \u00e8 rivelata una mera illusione\u201d","description":"Il giornalismo embedded sembra essere il paradigma di informazione di guerra veicolata dai media occidentali, ma non solo: l\u2019informazione mainstream \u00e8","robots":{"index":"index","follow":"follow","max-snippet":"max-snippet:-1","max-image-preview":"max-image-preview:large","max-video-preview":"max-video-preview:-1"},"canonical":"https:\/\/www.pressenza.com\/it\/2022\/03\/guerra-in-ucraina-tra-disinformazione-di-stato-e-geopolitica-rubeo-la-fine-della-storia-si-e-rivelata-una-mera-illusione\/","og_locale":"it_IT","og_type":"article","og_title":"Guerra in Ucraina tra disinformazione di Stato e geopolitica. Rubeo: \u201cLa fine della storia si \u00e8 rivelata una mera illusione\u201d","og_description":"Il giornalismo embedded sembra essere il paradigma di informazione di guerra veicolata dai media occidentali, ma non solo: l\u2019informazione mainstream \u00e8","og_url":"https:\/\/www.pressenza.com\/it\/2022\/03\/guerra-in-ucraina-tra-disinformazione-di-stato-e-geopolitica-rubeo-la-fine-della-storia-si-e-rivelata-una-mera-illusione\/","og_site_name":"Pressenza","article_publisher":"https:\/\/www.facebook.com\/PressenzaItalia","article_published_time":"2022-03-24T18:32:45+00:00","og_image":[{"width":1024,"height":605,"url":"https:\/\/www.pressenza.com\/wp-content\/uploads\/2022\/03\/romana-rubeo-tagliacozzo-ConfineLive.jpeg","type":"image\/jpeg"}],"author":"Lorenzo Poli","twitter_card":"summary_large_image","twitter_creator":"@PressenzaIPA","twitter_site":"@PressenzaIPA","twitter_misc":{"Scritto da":"Lorenzo Poli","Tempo di lettura stimato":"11 minuti"},"schema":{"@context":"https:\/\/schema.org","@graph":[{"@type":"Article","@id":"https:\/\/www.pressenza.com\/it\/2022\/03\/guerra-in-ucraina-tra-disinformazione-di-stato-e-geopolitica-rubeo-la-fine-della-storia-si-e-rivelata-una-mera-illusione\/#article","isPartOf":{"@id":"https:\/\/www.pressenza.com\/it\/2022\/03\/guerra-in-ucraina-tra-disinformazione-di-stato-e-geopolitica-rubeo-la-fine-della-storia-si-e-rivelata-una-mera-illusione\/"},"author":{"name":"Lorenzo Poli","@id":"https:\/\/www.pressenza.com\/it\/#\/schema\/person\/83cab62d5aaad28d2ef7c9b71a62926b"},"headline":"Guerra in Ucraina tra disinformazione di Stato e geopolitica. Rubeo: \u201cLa fine della storia si \u00e8 rivelata una mera illusione\u201d","datePublished":"2022-03-24T18:32:45+00:00","mainEntityOfPage":{"@id":"https:\/\/www.pressenza.com\/it\/2022\/03\/guerra-in-ucraina-tra-disinformazione-di-stato-e-geopolitica-rubeo-la-fine-della-storia-si-e-rivelata-una-mera-illusione\/"},"wordCount":1905,"publisher":{"@id":"https:\/\/www.pressenza.com\/it\/#organization"},"image":{"@id":"https:\/\/www.pressenza.com\/it\/2022\/03\/guerra-in-ucraina-tra-disinformazione-di-stato-e-geopolitica-rubeo-la-fine-della-storia-si-e-rivelata-una-mera-illusione\/#primaryimage"},"thumbnailUrl":"https:\/\/www.pressenza.com\/wp-content\/uploads\/2022\/03\/romana-rubeo-tagliacozzo-ConfineLive.jpeg","keywords":["disinformazione","giornalisti","mainstream","Ucraina"],"articleSection":["contenuti originali","Diritti Umani","Europa","Interviste"],"inLanguage":"it-IT"},{"@type":"WebPage","@id":"https:\/\/www.pressenza.com\/it\/2022\/03\/guerra-in-ucraina-tra-disinformazione-di-stato-e-geopolitica-rubeo-la-fine-della-storia-si-e-rivelata-una-mera-illusione\/","url":"https:\/\/www.pressenza.com\/it\/2022\/03\/guerra-in-ucraina-tra-disinformazione-di-stato-e-geopolitica-rubeo-la-fine-della-storia-si-e-rivelata-una-mera-illusione\/","name":"Guerra in Ucraina tra disinformazione di Stato e geopolitica. Rubeo: \u201cLa fine della storia si \u00e8 rivelata una mera illusione\u201d","isPartOf":{"@id":"https:\/\/www.pressenza.com\/it\/#website"},"primaryImageOfPage":{"@id":"https:\/\/www.pressenza.com\/it\/2022\/03\/guerra-in-ucraina-tra-disinformazione-di-stato-e-geopolitica-rubeo-la-fine-della-storia-si-e-rivelata-una-mera-illusione\/#primaryimage"},"image":{"@id":"https:\/\/www.pressenza.com\/it\/2022\/03\/guerra-in-ucraina-tra-disinformazione-di-stato-e-geopolitica-rubeo-la-fine-della-storia-si-e-rivelata-una-mera-illusione\/#primaryimage"},"thumbnailUrl":"https:\/\/www.pressenza.com\/wp-content\/uploads\/2022\/03\/romana-rubeo-tagliacozzo-ConfineLive.jpeg","datePublished":"2022-03-24T18:32:45+00:00","description":"Il giornalismo embedded sembra essere il paradigma di informazione di guerra veicolata dai media occidentali, ma non solo: l\u2019informazione mainstream \u00e8","breadcrumb":{"@id":"https:\/\/www.pressenza.com\/it\/2022\/03\/guerra-in-ucraina-tra-disinformazione-di-stato-e-geopolitica-rubeo-la-fine-della-storia-si-e-rivelata-una-mera-illusione\/#breadcrumb"},"inLanguage":"it-IT","potentialAction":[{"@type":"ReadAction","target":["https:\/\/www.pressenza.com\/it\/2022\/03\/guerra-in-ucraina-tra-disinformazione-di-stato-e-geopolitica-rubeo-la-fine-della-storia-si-e-rivelata-una-mera-illusione\/"]}]},{"@type":"ImageObject","inLanguage":"it-IT","@id":"https:\/\/www.pressenza.com\/it\/2022\/03\/guerra-in-ucraina-tra-disinformazione-di-stato-e-geopolitica-rubeo-la-fine-della-storia-si-e-rivelata-una-mera-illusione\/#primaryimage","url":"https:\/\/www.pressenza.com\/wp-content\/uploads\/2022\/03\/romana-rubeo-tagliacozzo-ConfineLive.jpeg","contentUrl":"https:\/\/www.pressenza.com\/wp-content\/uploads\/2022\/03\/romana-rubeo-tagliacozzo-ConfineLive.jpeg","width":1024,"height":605},{"@type":"BreadcrumbList","@id":"https:\/\/www.pressenza.com\/it\/2022\/03\/guerra-in-ucraina-tra-disinformazione-di-stato-e-geopolitica-rubeo-la-fine-della-storia-si-e-rivelata-una-mera-illusione\/#breadcrumb","itemListElement":[{"@type":"ListItem","position":1,"name":"Accueil","item":"https:\/\/www.pressenza.com\/it\/"},{"@type":"ListItem","position":2,"name":"Guerra in Ucraina tra disinformazione di Stato e geopolitica. Rubeo: \u201cLa fine della storia si \u00e8 rivelata una mera illusione\u201d"}]},{"@type":"WebSite","@id":"https:\/\/www.pressenza.com\/it\/#website","url":"https:\/\/www.pressenza.com\/it\/","name":"Pressenza","description":"Agenzia di Stampa Internazionale","publisher":{"@id":"https:\/\/www.pressenza.com\/it\/#organization"},"potentialAction":[{"@type":"SearchAction","target":{"@type":"EntryPoint","urlTemplate":"https:\/\/www.pressenza.com\/it\/?s={search_term_string}"},"query-input":{"@type":"PropertyValueSpecification","valueRequired":true,"valueName":"search_term_string"}}],"inLanguage":"it-IT"},{"@type":"Organization","@id":"https:\/\/www.pressenza.com\/it\/#organization","name":"Pressenza","url":"https:\/\/www.pressenza.com\/it\/","logo":{"@type":"ImageObject","inLanguage":"it-IT","@id":"https:\/\/www.pressenza.com\/it\/#\/schema\/logo\/image\/","url":"https:\/\/www.pressenza.com\/wp-content\/uploads\/2022\/10\/pressenza_logo_200x200.jpg","contentUrl":"https:\/\/www.pressenza.com\/wp-content\/uploads\/2022\/10\/pressenza_logo_200x200.jpg","width":200,"height":200,"caption":"Pressenza"},"image":{"@id":"https:\/\/www.pressenza.com\/it\/#\/schema\/logo\/image\/"},"sameAs":["https:\/\/www.facebook.com\/PressenzaItalia","https:\/\/x.com\/PressenzaIPA"]},{"@type":"Person","@id":"https:\/\/www.pressenza.com\/it\/#\/schema\/person\/83cab62d5aaad28d2ef7c9b71a62926b","name":"Lorenzo Poli","url":"https:\/\/www.pressenza.com\/it\/author\/lorenzo-poli\/"}]}},"place":"","original_article_url":"","_links":{"self":[{"href":"https:\/\/www.pressenza.com\/it\/wp-json\/wp\/v2\/posts\/1551058","targetHints":{"allow":["GET"]}}],"collection":[{"href":"https:\/\/www.pressenza.com\/it\/wp-json\/wp\/v2\/posts"}],"about":[{"href":"https:\/\/www.pressenza.com\/it\/wp-json\/wp\/v2\/types\/post"}],"author":[{"embeddable":true,"href":"https:\/\/www.pressenza.com\/it\/wp-json\/wp\/v2\/users\/1887"}],"replies":[{"embeddable":true,"href":"https:\/\/www.pressenza.com\/it\/wp-json\/wp\/v2\/comments?post=1551058"}],"version-history":[{"count":0,"href":"https:\/\/www.pressenza.com\/it\/wp-json\/wp\/v2\/posts\/1551058\/revisions"}],"wp:featuredmedia":[{"embeddable":true,"href":"https:\/\/www.pressenza.com\/it\/wp-json\/wp\/v2\/media\/1551059"}],"wp:attachment":[{"href":"https:\/\/www.pressenza.com\/it\/wp-json\/wp\/v2\/media?parent=1551058"}],"wp:term":[{"taxonomy":"category","embeddable":true,"href":"https:\/\/www.pressenza.com\/it\/wp-json\/wp\/v2\/categories?post=1551058"},{"taxonomy":"post_tag","embeddable":true,"href":"https:\/\/www.pressenza.com\/it\/wp-json\/wp\/v2\/tags?post=1551058"}],"curies":[{"name":"wp","href":"https:\/\/api.w.org\/{rel}","templated":true}]}}