{"id":154888,"date":"2014-12-31T14:18:06","date_gmt":"2014-12-31T14:18:06","guid":{"rendered":"http:\/\/www.pressenza.com\/?p=154888"},"modified":"2014-12-31T14:18:06","modified_gmt":"2014-12-31T14:18:06","slug":"ne-cara-ne-cie-messina-respinga-il-nuovo-lager-per-richiedenti-asilo","status":"publish","type":"post","link":"https:\/\/www.pressenza.com\/it\/2014\/12\/ne-cara-ne-cie-messina-respinga-il-nuovo-lager-per-richiedenti-asilo\/","title":{"rendered":"N\u00e9 CARA n\u00e9 CIE, Messina respinga il nuovo lager per richiedenti asilo"},"content":{"rendered":"<p style=\"text-align: justify;\">Alla fine il Ministero degli Interni ha deciso: la (ex) caserma Bisconte di Messina, gi\u00e0 utilizzata per stipare in condizioni vergognose oltre 200 richiedenti asilo, sar\u00e0 trasformata in filiale del CARA di Mineo, scandalo europeo dell&#8217;accoglienza negata e dei business di pseudo coop di regime e delle organizzazioni fasciomalavitose.<\/p>\n<p style=\"text-align: justify;\">Un triste epilogo che temevamo e denunciavamo da un anno, le cui responsabilit\u00e0 ricadono innanzitutto su un Governo che nonostante le inchieste su Roma-Mafia Capitale continua sulla strada delle detenzioni dei richiedenti asilo e della guerra ai migranti e alle migrazioni, ma anche, sulla Prefettura di Messina (inventrice e autrice del crimine umanitario del Palanebiolo e del centro Bisconte), dell&#8217;Universit\u00e0 di Messina (proprietaria degli impianti sportivi del Palanebolo trasformati in osceni pantani detentivi di profughi, spesso minori), su tutte quelle forze sociali, politiche, sindacali, associazioni che hanno fatto finta di non vedere e sentire le brutali violazioni commesse a Messina nel settore &#8220;accoglienza&#8221;, e purtroppo, sulla stessa Amministrazione comunale, incapace di assumersi chiare responsabilit\u00e0, di tracciare percorsi alternativi alle modalit\u00e0 imposte dall&#8217;alto dal Governo e, di opporsi ad esse con forza come avrebbe potuto e dovuto.<\/p>\n<div id=\"post-body-8293779184491242090\" style=\"text-align: justify;\">\n<div>Adesso no c&#8217;\u00e8 pi\u00f9 tempo per le parole. Il Governo di Renzi e Alfano stanzier\u00e0 tre milioni di euro per &#8220;ristrutturare&#8221; l&#8217;ex caserma di Bisconte, ripetendo quanto fatto nel 2011 da Berlusconi e Maroni con l&#8217;ex villaggio Usa di Mineo, trasformato nel pi\u00f9 grande ghetto d&#8217;Europa. Il CARA di Messina non avr\u00e0 quelle dimensioni, certo, ma le pratiche, le logiche, gli affari e i padroni saranno gli stessi. Per questo bisogna dire subito e tutti NO!<\/div>\n<div><\/div>\n<div>Le reti antirazziste, l&#8217;associazionismo dei diritti, della giustizia, dell&#8217;accoglienza, le forze politiche e sociali realmente democratiche e, mi auguro, la stessa Amministrazione comunale con Renato Accorinti sindaco, dovranno dar vita a un forte movimento d&#8217;opposizione che contribuisca a imporre nuove serie politiche di accoglienza e integrazione delle sorelle e dei fratelli migranti che invocano libert\u00e0, diritti, giustizia.<\/div>\n<div><\/div>\n<div>No al CARA di Messina! Libert\u00e0 di movimento per tutte le donne e gli uomini del pianeta!<\/div>\n<\/div>\n<p style=\"text-align: justify;\">\n","protected":false},"excerpt":{"rendered":"<p>Alla fine il Ministero degli Interni ha deciso: la (ex) caserma Bisconte di Messina, gi\u00e0 utilizzata per stipare in condizioni vergognose oltre 200 richiedenti asilo, sar\u00e0 trasformata in filiale del CARA di Mineo, scandalo europeo dell&#8217;accoglienza negata e dei business&hellip;<\/p>\n","protected":false},"author":689,"featured_media":154889,"comment_status":"closed","ping_status":"open","sticky":false,"template":"","format":"standard","meta":{"footnotes":""},"categories":[60,47,38],"tags":[9793,13040,4890,1088,2636],"class_list":["post-154888","post","type-post","status-publish","format-standard","has-post-thumbnail","hentry","category-diritti-umani","category-europa","category-internazionale","tag-cara","tag-centri-di-identificazione-ed-espulsione","tag-cie","tag-immigrazione","tag-migranti"],"yoast_head":"<!-- This site is optimized with the Yoast SEO plugin v27.1.1 - https:\/\/yoast.com\/product\/yoast-seo-wordpress\/ -->\n<title>N\u00e9 CARA n\u00e9 CIE, Messina respinga il nuovo lager per richiedenti asilo<\/title>\n<meta name=\"description\" content=\"La caserma Bisconte di Messina, utilizzata per stipare in condizioni vergognose oltre 200 richiedenti asilo, sar\u00e0 trasformata in filiale del CARA di Mineo.\" \/>\n<meta name=\"robots\" content=\"index, follow, max-snippet:-1, max-image-preview:large, max-video-preview:-1\" \/>\n<link rel=\"canonical\" href=\"https:\/\/www.pressenza.com\/it\/2014\/12\/ne-cara-ne-cie-messina-respinga-il-nuovo-lager-per-richiedenti-asilo\/\" \/>\n<meta property=\"og:locale\" content=\"it_IT\" \/>\n<meta property=\"og:type\" content=\"article\" \/>\n<meta property=\"og:title\" content=\"N\u00e9 CARA n\u00e9 CIE, Messina respinga il nuovo lager per richiedenti asilo\" \/>\n<meta property=\"og:description\" content=\"La caserma Bisconte di Messina, utilizzata per stipare in condizioni vergognose oltre 200 richiedenti asilo, sar\u00e0 trasformata in filiale del CARA di Mineo.\" \/>\n<meta property=\"og:url\" content=\"https:\/\/www.pressenza.com\/it\/2014\/12\/ne-cara-ne-cie-messina-respinga-il-nuovo-lager-per-richiedenti-asilo\/\" \/>\n<meta property=\"og:site_name\" content=\"Pressenza\" \/>\n<meta property=\"article:publisher\" content=\"https:\/\/www.facebook.com\/PressenzaItalia\" \/>\n<meta property=\"article:published_time\" content=\"2014-12-31T14:18:06+00:00\" \/>\n<meta property=\"og:image\" content=\"https:\/\/www.pressenza.com\/wp-content\/uploads\/2014\/12\/migranti_cie_ponte_galeria.jpg\" \/>\n\t<meta property=\"og:image:width\" content=\"680\" \/>\n\t<meta property=\"og:image:height\" content=\"452\" \/>\n\t<meta property=\"og:image:type\" content=\"image\/jpeg\" \/>\n<meta name=\"author\" content=\"Antonio Mazzeo\" \/>\n<meta name=\"twitter:card\" content=\"summary_large_image\" \/>\n<meta name=\"twitter:creator\" content=\"@PressenzaIPA\" \/>\n<meta name=\"twitter:site\" content=\"@PressenzaIPA\" \/>\n<meta name=\"twitter:label1\" content=\"Scritto da\" \/>\n\t<meta name=\"twitter:data1\" content=\"Antonio Mazzeo\" \/>\n\t<meta name=\"twitter:label2\" content=\"Tempo di lettura stimato\" \/>\n\t<meta name=\"twitter:data2\" content=\"2 minuti\" \/>\n<script type=\"application\/ld+json\" class=\"yoast-schema-graph\">{\"@context\":\"https:\/\/schema.org\",\"@graph\":[{\"@type\":\"Article\",\"@id\":\"https:\/\/www.pressenza.com\/it\/2014\/12\/ne-cara-ne-cie-messina-respinga-il-nuovo-lager-per-richiedenti-asilo\/#article\",\"isPartOf\":{\"@id\":\"https:\/\/www.pressenza.com\/it\/2014\/12\/ne-cara-ne-cie-messina-respinga-il-nuovo-lager-per-richiedenti-asilo\/\"},\"author\":{\"name\":\"Antonio Mazzeo\",\"@id\":\"https:\/\/www.pressenza.com\/it\/#\/schema\/person\/13ac8d810e50349ceb227357a00fb87a\"},\"headline\":\"N\u00e9 CARA n\u00e9 CIE, Messina respinga il nuovo lager per richiedenti asilo\",\"datePublished\":\"2014-12-31T14:18:06+00:00\",\"mainEntityOfPage\":{\"@id\":\"https:\/\/www.pressenza.com\/it\/2014\/12\/ne-cara-ne-cie-messina-respinga-il-nuovo-lager-per-richiedenti-asilo\/\"},\"wordCount\":354,\"publisher\":{\"@id\":\"https:\/\/www.pressenza.com\/it\/#organization\"},\"image\":{\"@id\":\"https:\/\/www.pressenza.com\/it\/2014\/12\/ne-cara-ne-cie-messina-respinga-il-nuovo-lager-per-richiedenti-asilo\/#primaryimage\"},\"thumbnailUrl\":\"https:\/\/www.pressenza.com\/wp-content\/uploads\/2014\/12\/migranti_cie_ponte_galeria.jpg\",\"keywords\":[\"CARA\",\"centri di identificazione ed espulsione\",\"CIE\",\"immigrazione\",\"migranti\"],\"articleSection\":[\"Diritti Umani\",\"Europa\",\"Internazionale\"],\"inLanguage\":\"it-IT\"},{\"@type\":\"WebPage\",\"@id\":\"https:\/\/www.pressenza.com\/it\/2014\/12\/ne-cara-ne-cie-messina-respinga-il-nuovo-lager-per-richiedenti-asilo\/\",\"url\":\"https:\/\/www.pressenza.com\/it\/2014\/12\/ne-cara-ne-cie-messina-respinga-il-nuovo-lager-per-richiedenti-asilo\/\",\"name\":\"N\u00e9 CARA n\u00e9 CIE, Messina respinga il nuovo lager per richiedenti asilo\",\"isPartOf\":{\"@id\":\"https:\/\/www.pressenza.com\/it\/#website\"},\"primaryImageOfPage\":{\"@id\":\"https:\/\/www.pressenza.com\/it\/2014\/12\/ne-cara-ne-cie-messina-respinga-il-nuovo-lager-per-richiedenti-asilo\/#primaryimage\"},\"image\":{\"@id\":\"https:\/\/www.pressenza.com\/it\/2014\/12\/ne-cara-ne-cie-messina-respinga-il-nuovo-lager-per-richiedenti-asilo\/#primaryimage\"},\"thumbnailUrl\":\"https:\/\/www.pressenza.com\/wp-content\/uploads\/2014\/12\/migranti_cie_ponte_galeria.jpg\",\"datePublished\":\"2014-12-31T14:18:06+00:00\",\"description\":\"La caserma Bisconte di Messina, utilizzata per stipare in condizioni vergognose oltre 200 richiedenti asilo, sar\u00e0 trasformata in filiale del CARA di Mineo.\",\"breadcrumb\":{\"@id\":\"https:\/\/www.pressenza.com\/it\/2014\/12\/ne-cara-ne-cie-messina-respinga-il-nuovo-lager-per-richiedenti-asilo\/#breadcrumb\"},\"inLanguage\":\"it-IT\",\"potentialAction\":[{\"@type\":\"ReadAction\",\"target\":[\"https:\/\/www.pressenza.com\/it\/2014\/12\/ne-cara-ne-cie-messina-respinga-il-nuovo-lager-per-richiedenti-asilo\/\"]}]},{\"@type\":\"ImageObject\",\"inLanguage\":\"it-IT\",\"@id\":\"https:\/\/www.pressenza.com\/it\/2014\/12\/ne-cara-ne-cie-messina-respinga-il-nuovo-lager-per-richiedenti-asilo\/#primaryimage\",\"url\":\"https:\/\/www.pressenza.com\/wp-content\/uploads\/2014\/12\/migranti_cie_ponte_galeria.jpg\",\"contentUrl\":\"https:\/\/www.pressenza.com\/wp-content\/uploads\/2014\/12\/migranti_cie_ponte_galeria.jpg\",\"width\":680,\"height\":452},{\"@type\":\"BreadcrumbList\",\"@id\":\"https:\/\/www.pressenza.com\/it\/2014\/12\/ne-cara-ne-cie-messina-respinga-il-nuovo-lager-per-richiedenti-asilo\/#breadcrumb\",\"itemListElement\":[{\"@type\":\"ListItem\",\"position\":1,\"name\":\"Accueil\",\"item\":\"https:\/\/www.pressenza.com\/it\/\"},{\"@type\":\"ListItem\",\"position\":2,\"name\":\"N\u00e9 CARA n\u00e9 CIE, Messina respinga il nuovo lager per richiedenti asilo\"}]},{\"@type\":\"WebSite\",\"@id\":\"https:\/\/www.pressenza.com\/it\/#website\",\"url\":\"https:\/\/www.pressenza.com\/it\/\",\"name\":\"Pressenza\",\"description\":\"Agenzia di Stampa Internazionale\",\"publisher\":{\"@id\":\"https:\/\/www.pressenza.com\/it\/#organization\"},\"potentialAction\":[{\"@type\":\"SearchAction\",\"target\":{\"@type\":\"EntryPoint\",\"urlTemplate\":\"https:\/\/www.pressenza.com\/it\/?s={search_term_string}\"},\"query-input\":{\"@type\":\"PropertyValueSpecification\",\"valueRequired\":true,\"valueName\":\"search_term_string\"}}],\"inLanguage\":\"it-IT\"},{\"@type\":\"Organization\",\"@id\":\"https:\/\/www.pressenza.com\/it\/#organization\",\"name\":\"Pressenza\",\"url\":\"https:\/\/www.pressenza.com\/it\/\",\"logo\":{\"@type\":\"ImageObject\",\"inLanguage\":\"it-IT\",\"@id\":\"https:\/\/www.pressenza.com\/it\/#\/schema\/logo\/image\/\",\"url\":\"https:\/\/www.pressenza.com\/wp-content\/uploads\/2022\/10\/pressenza_logo_200x200.jpg\",\"contentUrl\":\"https:\/\/www.pressenza.com\/wp-content\/uploads\/2022\/10\/pressenza_logo_200x200.jpg\",\"width\":200,\"height\":200,\"caption\":\"Pressenza\"},\"image\":{\"@id\":\"https:\/\/www.pressenza.com\/it\/#\/schema\/logo\/image\/\"},\"sameAs\":[\"https:\/\/www.facebook.com\/PressenzaItalia\",\"https:\/\/x.com\/PressenzaIPA\"]},{\"@type\":\"Person\",\"@id\":\"https:\/\/www.pressenza.com\/it\/#\/schema\/person\/13ac8d810e50349ceb227357a00fb87a\",\"name\":\"Antonio Mazzeo\",\"description\":\"Ecopacifista e antimilitarista, giornalista e saggista, vincitore nel 2010 del Primo premio \\\"Giorgio Bassani\\\" di Italia Nostra per il giornalismo. http:\/\/antoniomazzeoblog.blogspot.com\/\",\"url\":\"https:\/\/www.pressenza.com\/it\/author\/antonio-mazzeo\/\"}]}<\/script>\n<!-- \/ Yoast SEO plugin. -->","yoast_head_json":{"title":"N\u00e9 CARA n\u00e9 CIE, Messina respinga il nuovo lager per richiedenti asilo","description":"La caserma Bisconte di Messina, utilizzata per stipare in condizioni vergognose oltre 200 richiedenti asilo, sar\u00e0 trasformata in filiale del CARA di Mineo.","robots":{"index":"index","follow":"follow","max-snippet":"max-snippet:-1","max-image-preview":"max-image-preview:large","max-video-preview":"max-video-preview:-1"},"canonical":"https:\/\/www.pressenza.com\/it\/2014\/12\/ne-cara-ne-cie-messina-respinga-il-nuovo-lager-per-richiedenti-asilo\/","og_locale":"it_IT","og_type":"article","og_title":"N\u00e9 CARA n\u00e9 CIE, Messina respinga il nuovo lager per richiedenti asilo","og_description":"La caserma Bisconte di Messina, utilizzata per stipare in condizioni vergognose oltre 200 richiedenti asilo, sar\u00e0 trasformata in filiale del CARA di Mineo.","og_url":"https:\/\/www.pressenza.com\/it\/2014\/12\/ne-cara-ne-cie-messina-respinga-il-nuovo-lager-per-richiedenti-asilo\/","og_site_name":"Pressenza","article_publisher":"https:\/\/www.facebook.com\/PressenzaItalia","article_published_time":"2014-12-31T14:18:06+00:00","og_image":[{"width":680,"height":452,"url":"https:\/\/www.pressenza.com\/wp-content\/uploads\/2014\/12\/migranti_cie_ponte_galeria.jpg","type":"image\/jpeg"}],"author":"Antonio Mazzeo","twitter_card":"summary_large_image","twitter_creator":"@PressenzaIPA","twitter_site":"@PressenzaIPA","twitter_misc":{"Scritto da":"Antonio Mazzeo","Tempo di lettura stimato":"2 minuti"},"schema":{"@context":"https:\/\/schema.org","@graph":[{"@type":"Article","@id":"https:\/\/www.pressenza.com\/it\/2014\/12\/ne-cara-ne-cie-messina-respinga-il-nuovo-lager-per-richiedenti-asilo\/#article","isPartOf":{"@id":"https:\/\/www.pressenza.com\/it\/2014\/12\/ne-cara-ne-cie-messina-respinga-il-nuovo-lager-per-richiedenti-asilo\/"},"author":{"name":"Antonio Mazzeo","@id":"https:\/\/www.pressenza.com\/it\/#\/schema\/person\/13ac8d810e50349ceb227357a00fb87a"},"headline":"N\u00e9 CARA n\u00e9 CIE, Messina respinga il nuovo lager per richiedenti asilo","datePublished":"2014-12-31T14:18:06+00:00","mainEntityOfPage":{"@id":"https:\/\/www.pressenza.com\/it\/2014\/12\/ne-cara-ne-cie-messina-respinga-il-nuovo-lager-per-richiedenti-asilo\/"},"wordCount":354,"publisher":{"@id":"https:\/\/www.pressenza.com\/it\/#organization"},"image":{"@id":"https:\/\/www.pressenza.com\/it\/2014\/12\/ne-cara-ne-cie-messina-respinga-il-nuovo-lager-per-richiedenti-asilo\/#primaryimage"},"thumbnailUrl":"https:\/\/www.pressenza.com\/wp-content\/uploads\/2014\/12\/migranti_cie_ponte_galeria.jpg","keywords":["CARA","centri di identificazione ed espulsione","CIE","immigrazione","migranti"],"articleSection":["Diritti Umani","Europa","Internazionale"],"inLanguage":"it-IT"},{"@type":"WebPage","@id":"https:\/\/www.pressenza.com\/it\/2014\/12\/ne-cara-ne-cie-messina-respinga-il-nuovo-lager-per-richiedenti-asilo\/","url":"https:\/\/www.pressenza.com\/it\/2014\/12\/ne-cara-ne-cie-messina-respinga-il-nuovo-lager-per-richiedenti-asilo\/","name":"N\u00e9 CARA n\u00e9 CIE, Messina respinga il nuovo lager per richiedenti asilo","isPartOf":{"@id":"https:\/\/www.pressenza.com\/it\/#website"},"primaryImageOfPage":{"@id":"https:\/\/www.pressenza.com\/it\/2014\/12\/ne-cara-ne-cie-messina-respinga-il-nuovo-lager-per-richiedenti-asilo\/#primaryimage"},"image":{"@id":"https:\/\/www.pressenza.com\/it\/2014\/12\/ne-cara-ne-cie-messina-respinga-il-nuovo-lager-per-richiedenti-asilo\/#primaryimage"},"thumbnailUrl":"https:\/\/www.pressenza.com\/wp-content\/uploads\/2014\/12\/migranti_cie_ponte_galeria.jpg","datePublished":"2014-12-31T14:18:06+00:00","description":"La caserma Bisconte di Messina, utilizzata per stipare in condizioni vergognose oltre 200 richiedenti asilo, sar\u00e0 trasformata in filiale del CARA di Mineo.","breadcrumb":{"@id":"https:\/\/www.pressenza.com\/it\/2014\/12\/ne-cara-ne-cie-messina-respinga-il-nuovo-lager-per-richiedenti-asilo\/#breadcrumb"},"inLanguage":"it-IT","potentialAction":[{"@type":"ReadAction","target":["https:\/\/www.pressenza.com\/it\/2014\/12\/ne-cara-ne-cie-messina-respinga-il-nuovo-lager-per-richiedenti-asilo\/"]}]},{"@type":"ImageObject","inLanguage":"it-IT","@id":"https:\/\/www.pressenza.com\/it\/2014\/12\/ne-cara-ne-cie-messina-respinga-il-nuovo-lager-per-richiedenti-asilo\/#primaryimage","url":"https:\/\/www.pressenza.com\/wp-content\/uploads\/2014\/12\/migranti_cie_ponte_galeria.jpg","contentUrl":"https:\/\/www.pressenza.com\/wp-content\/uploads\/2014\/12\/migranti_cie_ponte_galeria.jpg","width":680,"height":452},{"@type":"BreadcrumbList","@id":"https:\/\/www.pressenza.com\/it\/2014\/12\/ne-cara-ne-cie-messina-respinga-il-nuovo-lager-per-richiedenti-asilo\/#breadcrumb","itemListElement":[{"@type":"ListItem","position":1,"name":"Accueil","item":"https:\/\/www.pressenza.com\/it\/"},{"@type":"ListItem","position":2,"name":"N\u00e9 CARA n\u00e9 CIE, Messina respinga il nuovo lager per richiedenti asilo"}]},{"@type":"WebSite","@id":"https:\/\/www.pressenza.com\/it\/#website","url":"https:\/\/www.pressenza.com\/it\/","name":"Pressenza","description":"Agenzia di Stampa Internazionale","publisher":{"@id":"https:\/\/www.pressenza.com\/it\/#organization"},"potentialAction":[{"@type":"SearchAction","target":{"@type":"EntryPoint","urlTemplate":"https:\/\/www.pressenza.com\/it\/?s={search_term_string}"},"query-input":{"@type":"PropertyValueSpecification","valueRequired":true,"valueName":"search_term_string"}}],"inLanguage":"it-IT"},{"@type":"Organization","@id":"https:\/\/www.pressenza.com\/it\/#organization","name":"Pressenza","url":"https:\/\/www.pressenza.com\/it\/","logo":{"@type":"ImageObject","inLanguage":"it-IT","@id":"https:\/\/www.pressenza.com\/it\/#\/schema\/logo\/image\/","url":"https:\/\/www.pressenza.com\/wp-content\/uploads\/2022\/10\/pressenza_logo_200x200.jpg","contentUrl":"https:\/\/www.pressenza.com\/wp-content\/uploads\/2022\/10\/pressenza_logo_200x200.jpg","width":200,"height":200,"caption":"Pressenza"},"image":{"@id":"https:\/\/www.pressenza.com\/it\/#\/schema\/logo\/image\/"},"sameAs":["https:\/\/www.facebook.com\/PressenzaItalia","https:\/\/x.com\/PressenzaIPA"]},{"@type":"Person","@id":"https:\/\/www.pressenza.com\/it\/#\/schema\/person\/13ac8d810e50349ceb227357a00fb87a","name":"Antonio Mazzeo","description":"Ecopacifista e antimilitarista, giornalista e saggista, vincitore nel 2010 del Primo premio \"Giorgio Bassani\" di Italia Nostra per il giornalismo. http:\/\/antoniomazzeoblog.blogspot.com\/","url":"https:\/\/www.pressenza.com\/it\/author\/antonio-mazzeo\/"}]}},"place":"Messina","original_article_url":"http:\/\/antoniomazzeoblog.blogspot.it\/2014\/12\/ne-cara-ne-cie-messina-respinga-il.html","_links":{"self":[{"href":"https:\/\/www.pressenza.com\/it\/wp-json\/wp\/v2\/posts\/154888","targetHints":{"allow":["GET"]}}],"collection":[{"href":"https:\/\/www.pressenza.com\/it\/wp-json\/wp\/v2\/posts"}],"about":[{"href":"https:\/\/www.pressenza.com\/it\/wp-json\/wp\/v2\/types\/post"}],"author":[{"embeddable":true,"href":"https:\/\/www.pressenza.com\/it\/wp-json\/wp\/v2\/users\/689"}],"replies":[{"embeddable":true,"href":"https:\/\/www.pressenza.com\/it\/wp-json\/wp\/v2\/comments?post=154888"}],"version-history":[{"count":0,"href":"https:\/\/www.pressenza.com\/it\/wp-json\/wp\/v2\/posts\/154888\/revisions"}],"wp:featuredmedia":[{"embeddable":true,"href":"https:\/\/www.pressenza.com\/it\/wp-json\/wp\/v2\/media\/154889"}],"wp:attachment":[{"href":"https:\/\/www.pressenza.com\/it\/wp-json\/wp\/v2\/media?parent=154888"}],"wp:term":[{"taxonomy":"category","embeddable":true,"href":"https:\/\/www.pressenza.com\/it\/wp-json\/wp\/v2\/categories?post=154888"},{"taxonomy":"post_tag","embeddable":true,"href":"https:\/\/www.pressenza.com\/it\/wp-json\/wp\/v2\/tags?post=154888"}],"curies":[{"name":"wp","href":"https:\/\/api.w.org\/{rel}","templated":true}]}}