{"id":1545184,"date":"2022-03-17T13:20:14","date_gmt":"2022-03-17T13:20:14","guid":{"rendered":"https:\/\/www.pressenza.com\/?p=1545184"},"modified":"2022-03-17T13:28:58","modified_gmt":"2022-03-17T13:28:58","slug":"le-donne-narrate-da-dale-zaccaria-tra-storia-e-vita-vera","status":"publish","type":"post","link":"https:\/\/www.pressenza.com\/it\/2022\/03\/le-donne-narrate-da-dale-zaccaria-tra-storia-e-vita-vera\/","title":{"rendered":"Le donne narrate da Dale Zaccaria tra storia e vita vera"},"content":{"rendered":"<p class=\"western\" align=\"justify\">C\u2019\u00e8 un tratto nella narrazione dell\u2019autrice, i personaggi sono dotati sia di bianco che di nero, non c\u2019\u00e8 un pregiudizio o un giudizio, oscillano spesso fra elementi positivi e negativi, risultano vicini e lontani, comprensibili ma anche insondabili, mai definitivamente circoscrivibili in una percezione semplice. C\u2019\u00e8 una profondit\u00e0 di caratteri, di vita, di emozioni, di sfumature. Ti sembra di coglierne l\u2019essenza ma subito ti sfugge. Salvate forse, in gabbia, in fuga, in lotta, in cerca di una dimensione in cui poter essere realmente se stesse, ma poi ci si chiede se si siano mai conosciute veramente, se non avessero vissuto troppo per poter trovare una propria essenza, in mezzo al cammino. Sembrano uscire dalle viscere della terra, autentiche, senza filtri, donne narrate da Dale Zaccaria che sa portarle fuori dalle pagine, le plasma e le porta sotto il nostro sguardo che spesso fugge dalla realt\u00e0, che qui ci raggiunge e ci costringe a riflettere. Ci troviamo in questo viaggio e ci dobbiamo confrontare con la durezza della vita, le esperienze, le violenze in cui molte troppe volte annega la nostra umanit\u00e0. Storie nella Storia, discriminazioni, stigmatizzazioni, attraverso gli anni recenti o pi\u00f9 lontani. Un flusso narrativo che porta con s\u00e9 tracce di Pasolini e di neorealismo, con una prosa che spesso cede spazio alla poesia, la prima arte per Dale Zaccaria, e lascia che prenda il sopravvento la passionalit\u00e0, la visceralit\u00e0 della grandissima Regina, Franca Rame.<\/p>\n<p class=\"western\" align=\"justify\">\u201cChi lancia la trama del male lancia la violenza e la rovina. Ma sopra ogni violenza sopra ogni rovina una nuova stella nasce senza fare rumore.\u201d<\/p>\n<p class=\"western\" align=\"justify\">C\u2019\u00e8 quindi un filo che attraversa le storie, che sono un monito contro ogni forma di violenza, un inno alla resistenza, uno sguardo di speranza che in fondo qualcosa di luminoso possa nascere. \u00c8 la speranza che dopo tanti conflitti, guerre, sofferenze ci possa essere una cura per questa Umanit\u00e0 ferita e che a tratti smarrisce il buon senso. Sembra che a cicli torni davanti a noi la necessit\u00e0 di quella Resistenza, e se per alcune generazioni lo sguardo \u00e8 un po\u2019 meno certo su ci\u00f2 che accadde, \u00e8 nostro compito raccontare senza sosta. Tenendo sempre a mente queste parole: \u201cI dolori della guerra li porter\u00f2 fino alla fine con me, fino alla mia morte.\u201d<\/p>\n<p class=\"western\" align=\"justify\">Stretto il rapporto delle donne con una Natura che ci ricorda le fragilit\u00e0 e i limiti degli esseri umani.<\/p>\n<p class=\"western\" align=\"justify\">\u201cLa terra mi aveva insegnato quanto forte fosse la vita. Ve\u00addevo le margherite morire e rinascere ogni volta. Tutto si legava al ciclo misterioso dell\u2019universo.<\/p>\n<p class=\"western\" align=\"justify\">Un perfetto equilibrio nel cosmo governava i mondi cono\u00adsciuti e sconosciuti. Anche il caos aveva la sua ragione e la sua bellezza.<\/p>\n<p class=\"western\" align=\"justify\">La terra comportava sudore e fatica. Donava s\u00ec, ma non re\u00adgalava mai nulla. Con s\u00e9 aveva la forza positiva di generare e cibare e quella negativa di distruggere e annientare.\u201d<\/p>\n<p class=\"western\" align=\"justify\">Domare le onde, le asperit\u00e0 del terreno, sempre cercando di cambiare e migliorare qualcosa, che sia pure soltanto un angolo di vita.<\/p>\n<p class=\"western\" align=\"justify\">Dale Zaccaria<\/p>\n<p class=\"western\" align=\"justify\">Sette carte alla regina<\/p>\n<p class=\"western\" align=\"justify\">NeP edizioni<\/p>\n<p style=\"text-align: right;\" align=\"justify\"><strong>Simona Sforza<\/strong><\/p>\n<p class=\"western\" align=\"justify\"><b>Il libro Sette Carte alla Regina sar\u00e0 presentato all\u2019interno del Festival del libro per la pace e la non violenza. Insieme all\u2019autrice saranno presenti le insegnanti Marianna Sturba e Martina Cicolini e il fotografo Massimo Tennenini. Il Festival si terr\u00e0 dal 2 al 5 Giugno a Roma. E\u2019 attivo il crowdfunding a sostegno dell\u2019iniziativa, tutte le informazioni sono presenti sul sito ufficiale. <\/b><strong><a href=\"http:\/\/www.eirenefest.it\/\"><span style=\"color: #343434;\"><span style=\"font-family: Lato, BlinkMacSystemFont, apple-system, Segoe UI, Roboto, Oxygen, Ubuntu, Cantarell, Fira Sans, Droid Sans, Helvetica Neue, Helvetica, Arial, sans-serif;\"><span style=\"font-size: medium;\"><u>http:\/\/www.eirenefest.it<\/u><\/span><\/span><\/span><\/a><\/strong><\/p>\n","protected":false},"excerpt":{"rendered":"<p>C\u2019\u00e8 un tratto nella narrazione dell\u2019autrice, i personaggi sono dotati sia di bianco che di nero, non c\u2019\u00e8 un pregiudizio o un giudizio, oscillano spesso fra elementi positivi e negativi, risultano vicini e lontani, comprensibili ma anche insondabili, mai definitivamente&hellip;<\/p>\n","protected":false},"author":594,"featured_media":1545186,"comment_status":"closed","ping_status":"closed","sticky":false,"template":"","format":"standard","meta":{"footnotes":""},"categories":[56],"tags":[99612,568,1311,1552],"class_list":["post-1545184","post","type-post","status-publish","format-standard","has-post-thumbnail","hentry","category-cultura","tag-dale-zaccaria","tag-donne","tag-libro","tag-recensione"],"yoast_head":"<!-- This site is optimized with the Yoast SEO plugin v27.1.1 - https:\/\/yoast.com\/product\/yoast-seo-wordpress\/ -->\n<title>Le donne narrate da Dale Zaccaria tra storia e vita vera<\/title>\n<meta name=\"description\" content=\"C\u2019\u00e8 un tratto nella narrazione dell\u2019autrice, i personaggi sono dotati sia di bianco che di nero, non c\u2019\u00e8 un pregiudizio o un giudizio, oscillano spesso\" \/>\n<meta name=\"robots\" content=\"index, follow, max-snippet:-1, max-image-preview:large, max-video-preview:-1\" \/>\n<link rel=\"canonical\" href=\"https:\/\/www.pressenza.com\/it\/2022\/03\/le-donne-narrate-da-dale-zaccaria-tra-storia-e-vita-vera\/\" \/>\n<meta property=\"og:locale\" content=\"it_IT\" \/>\n<meta property=\"og:type\" content=\"article\" \/>\n<meta property=\"og:title\" content=\"Le donne narrate da Dale Zaccaria tra storia e vita vera\" \/>\n<meta property=\"og:description\" content=\"C\u2019\u00e8 un tratto nella narrazione dell\u2019autrice, i personaggi sono dotati sia di bianco che di nero, non c\u2019\u00e8 un pregiudizio o un giudizio, oscillano spesso\" \/>\n<meta property=\"og:url\" content=\"https:\/\/www.pressenza.com\/it\/2022\/03\/le-donne-narrate-da-dale-zaccaria-tra-storia-e-vita-vera\/\" \/>\n<meta property=\"og:site_name\" content=\"Pressenza\" \/>\n<meta property=\"article:publisher\" content=\"https:\/\/www.facebook.com\/PressenzaItalia\" \/>\n<meta property=\"article:author\" content=\"https:\/\/www.facebook.com\/PressenzaItalia\" \/>\n<meta property=\"article:published_time\" content=\"2022-03-17T13:20:14+00:00\" \/>\n<meta property=\"article:modified_time\" content=\"2022-03-17T13:28:58+00:00\" \/>\n<meta property=\"og:image\" content=\"https:\/\/www.pressenza.com\/wp-content\/uploads\/2022\/03\/SETTE-CARTE-ALLA-REGINA.jpg\" \/>\n\t<meta property=\"og:image:width\" content=\"1440\" \/>\n\t<meta property=\"og:image:height\" content=\"1920\" \/>\n\t<meta property=\"og:image:type\" content=\"image\/jpeg\" \/>\n<meta name=\"author\" content=\"Redazione Italia\" \/>\n<meta name=\"twitter:card\" content=\"summary_large_image\" \/>\n<meta name=\"twitter:creator\" content=\"@pressenza_it\" \/>\n<meta name=\"twitter:site\" content=\"@PressenzaIPA\" \/>\n<meta name=\"twitter:label1\" content=\"Scritto da\" \/>\n\t<meta name=\"twitter:data1\" content=\"Redazione Italia\" \/>\n\t<meta name=\"twitter:label2\" content=\"Tempo di lettura stimato\" \/>\n\t<meta name=\"twitter:data2\" content=\"4 minuti\" \/>\n<script type=\"application\/ld+json\" class=\"yoast-schema-graph\">{\"@context\":\"https:\/\/schema.org\",\"@graph\":[{\"@type\":\"Article\",\"@id\":\"https:\/\/www.pressenza.com\/it\/2022\/03\/le-donne-narrate-da-dale-zaccaria-tra-storia-e-vita-vera\/#article\",\"isPartOf\":{\"@id\":\"https:\/\/www.pressenza.com\/it\/2022\/03\/le-donne-narrate-da-dale-zaccaria-tra-storia-e-vita-vera\/\"},\"author\":{\"name\":\"Redazione Italia\",\"@id\":\"https:\/\/www.pressenza.com\/it\/#\/schema\/person\/d983e81827ae24f2c7b1a2123d197f8d\"},\"headline\":\"Le donne narrate da Dale Zaccaria tra storia e vita vera\",\"datePublished\":\"2022-03-17T13:20:14+00:00\",\"dateModified\":\"2022-03-17T13:28:58+00:00\",\"mainEntityOfPage\":{\"@id\":\"https:\/\/www.pressenza.com\/it\/2022\/03\/le-donne-narrate-da-dale-zaccaria-tra-storia-e-vita-vera\/\"},\"wordCount\":586,\"publisher\":{\"@id\":\"https:\/\/www.pressenza.com\/it\/#organization\"},\"image\":{\"@id\":\"https:\/\/www.pressenza.com\/it\/2022\/03\/le-donne-narrate-da-dale-zaccaria-tra-storia-e-vita-vera\/#primaryimage\"},\"thumbnailUrl\":\"https:\/\/www.pressenza.com\/wp-content\/uploads\/2022\/03\/SETTE-CARTE-ALLA-REGINA.jpg\",\"keywords\":[\"Dale Zaccaria\",\"donne\",\"libro\",\"recensione\"],\"articleSection\":[\"Cultura e Media\"],\"inLanguage\":\"it-IT\"},{\"@type\":\"WebPage\",\"@id\":\"https:\/\/www.pressenza.com\/it\/2022\/03\/le-donne-narrate-da-dale-zaccaria-tra-storia-e-vita-vera\/\",\"url\":\"https:\/\/www.pressenza.com\/it\/2022\/03\/le-donne-narrate-da-dale-zaccaria-tra-storia-e-vita-vera\/\",\"name\":\"Le donne narrate da Dale Zaccaria tra storia e vita vera\",\"isPartOf\":{\"@id\":\"https:\/\/www.pressenza.com\/it\/#website\"},\"primaryImageOfPage\":{\"@id\":\"https:\/\/www.pressenza.com\/it\/2022\/03\/le-donne-narrate-da-dale-zaccaria-tra-storia-e-vita-vera\/#primaryimage\"},\"image\":{\"@id\":\"https:\/\/www.pressenza.com\/it\/2022\/03\/le-donne-narrate-da-dale-zaccaria-tra-storia-e-vita-vera\/#primaryimage\"},\"thumbnailUrl\":\"https:\/\/www.pressenza.com\/wp-content\/uploads\/2022\/03\/SETTE-CARTE-ALLA-REGINA.jpg\",\"datePublished\":\"2022-03-17T13:20:14+00:00\",\"dateModified\":\"2022-03-17T13:28:58+00:00\",\"description\":\"C\u2019\u00e8 un tratto nella narrazione dell\u2019autrice, i personaggi sono dotati sia di bianco che di nero, non c\u2019\u00e8 un pregiudizio o un giudizio, oscillano spesso\",\"breadcrumb\":{\"@id\":\"https:\/\/www.pressenza.com\/it\/2022\/03\/le-donne-narrate-da-dale-zaccaria-tra-storia-e-vita-vera\/#breadcrumb\"},\"inLanguage\":\"it-IT\",\"potentialAction\":[{\"@type\":\"ReadAction\",\"target\":[\"https:\/\/www.pressenza.com\/it\/2022\/03\/le-donne-narrate-da-dale-zaccaria-tra-storia-e-vita-vera\/\"]}]},{\"@type\":\"ImageObject\",\"inLanguage\":\"it-IT\",\"@id\":\"https:\/\/www.pressenza.com\/it\/2022\/03\/le-donne-narrate-da-dale-zaccaria-tra-storia-e-vita-vera\/#primaryimage\",\"url\":\"https:\/\/www.pressenza.com\/wp-content\/uploads\/2022\/03\/SETTE-CARTE-ALLA-REGINA.jpg\",\"contentUrl\":\"https:\/\/www.pressenza.com\/wp-content\/uploads\/2022\/03\/SETTE-CARTE-ALLA-REGINA.jpg\",\"width\":1440,\"height\":1920},{\"@type\":\"BreadcrumbList\",\"@id\":\"https:\/\/www.pressenza.com\/it\/2022\/03\/le-donne-narrate-da-dale-zaccaria-tra-storia-e-vita-vera\/#breadcrumb\",\"itemListElement\":[{\"@type\":\"ListItem\",\"position\":1,\"name\":\"Accueil\",\"item\":\"https:\/\/www.pressenza.com\/it\/\"},{\"@type\":\"ListItem\",\"position\":2,\"name\":\"Le donne narrate da Dale Zaccaria tra storia e vita vera\"}]},{\"@type\":\"WebSite\",\"@id\":\"https:\/\/www.pressenza.com\/it\/#website\",\"url\":\"https:\/\/www.pressenza.com\/it\/\",\"name\":\"Pressenza\",\"description\":\"Agenzia di Stampa Internazionale\",\"publisher\":{\"@id\":\"https:\/\/www.pressenza.com\/it\/#organization\"},\"potentialAction\":[{\"@type\":\"SearchAction\",\"target\":{\"@type\":\"EntryPoint\",\"urlTemplate\":\"https:\/\/www.pressenza.com\/it\/?s={search_term_string}\"},\"query-input\":{\"@type\":\"PropertyValueSpecification\",\"valueRequired\":true,\"valueName\":\"search_term_string\"}}],\"inLanguage\":\"it-IT\"},{\"@type\":\"Organization\",\"@id\":\"https:\/\/www.pressenza.com\/it\/#organization\",\"name\":\"Pressenza\",\"url\":\"https:\/\/www.pressenza.com\/it\/\",\"logo\":{\"@type\":\"ImageObject\",\"inLanguage\":\"it-IT\",\"@id\":\"https:\/\/www.pressenza.com\/it\/#\/schema\/logo\/image\/\",\"url\":\"https:\/\/www.pressenza.com\/wp-content\/uploads\/2022\/10\/pressenza_logo_200x200.jpg\",\"contentUrl\":\"https:\/\/www.pressenza.com\/wp-content\/uploads\/2022\/10\/pressenza_logo_200x200.jpg\",\"width\":200,\"height\":200,\"caption\":\"Pressenza\"},\"image\":{\"@id\":\"https:\/\/www.pressenza.com\/it\/#\/schema\/logo\/image\/\"},\"sameAs\":[\"https:\/\/www.facebook.com\/PressenzaItalia\",\"https:\/\/x.com\/PressenzaIPA\"]},{\"@type\":\"Person\",\"@id\":\"https:\/\/www.pressenza.com\/it\/#\/schema\/person\/d983e81827ae24f2c7b1a2123d197f8d\",\"name\":\"Redazione Italia\",\"description\":\"News from the Pressenza Bureau in Italy\",\"sameAs\":[\"https:\/\/www.pressenza.com\/it\/author\/redazione-italia\/\",\"https:\/\/www.facebook.com\/PressenzaItalia\",\"https:\/\/www.instagram.com\/pressenza_italia\/\",\"https:\/\/x.com\/pressenza_it\",\"https:\/\/www.youtube.com\/channel\/UCSalEIWjE1RSxkwjfftFuqg\"],\"url\":\"https:\/\/www.pressenza.com\/it\/author\/redazione-italia\/\"}]}<\/script>\n<!-- \/ Yoast SEO plugin. -->","yoast_head_json":{"title":"Le donne narrate da Dale Zaccaria tra storia e vita vera","description":"C\u2019\u00e8 un tratto nella narrazione dell\u2019autrice, i personaggi sono dotati sia di bianco che di nero, non c\u2019\u00e8 un pregiudizio o un giudizio, oscillano spesso","robots":{"index":"index","follow":"follow","max-snippet":"max-snippet:-1","max-image-preview":"max-image-preview:large","max-video-preview":"max-video-preview:-1"},"canonical":"https:\/\/www.pressenza.com\/it\/2022\/03\/le-donne-narrate-da-dale-zaccaria-tra-storia-e-vita-vera\/","og_locale":"it_IT","og_type":"article","og_title":"Le donne narrate da Dale Zaccaria tra storia e vita vera","og_description":"C\u2019\u00e8 un tratto nella narrazione dell\u2019autrice, i personaggi sono dotati sia di bianco che di nero, non c\u2019\u00e8 un pregiudizio o un giudizio, oscillano spesso","og_url":"https:\/\/www.pressenza.com\/it\/2022\/03\/le-donne-narrate-da-dale-zaccaria-tra-storia-e-vita-vera\/","og_site_name":"Pressenza","article_publisher":"https:\/\/www.facebook.com\/PressenzaItalia","article_author":"https:\/\/www.facebook.com\/PressenzaItalia","article_published_time":"2022-03-17T13:20:14+00:00","article_modified_time":"2022-03-17T13:28:58+00:00","og_image":[{"width":1440,"height":1920,"url":"https:\/\/www.pressenza.com\/wp-content\/uploads\/2022\/03\/SETTE-CARTE-ALLA-REGINA.jpg","type":"image\/jpeg"}],"author":"Redazione Italia","twitter_card":"summary_large_image","twitter_creator":"@pressenza_it","twitter_site":"@PressenzaIPA","twitter_misc":{"Scritto da":"Redazione Italia","Tempo di lettura stimato":"4 minuti"},"schema":{"@context":"https:\/\/schema.org","@graph":[{"@type":"Article","@id":"https:\/\/www.pressenza.com\/it\/2022\/03\/le-donne-narrate-da-dale-zaccaria-tra-storia-e-vita-vera\/#article","isPartOf":{"@id":"https:\/\/www.pressenza.com\/it\/2022\/03\/le-donne-narrate-da-dale-zaccaria-tra-storia-e-vita-vera\/"},"author":{"name":"Redazione Italia","@id":"https:\/\/www.pressenza.com\/it\/#\/schema\/person\/d983e81827ae24f2c7b1a2123d197f8d"},"headline":"Le donne narrate da Dale Zaccaria tra storia e vita vera","datePublished":"2022-03-17T13:20:14+00:00","dateModified":"2022-03-17T13:28:58+00:00","mainEntityOfPage":{"@id":"https:\/\/www.pressenza.com\/it\/2022\/03\/le-donne-narrate-da-dale-zaccaria-tra-storia-e-vita-vera\/"},"wordCount":586,"publisher":{"@id":"https:\/\/www.pressenza.com\/it\/#organization"},"image":{"@id":"https:\/\/www.pressenza.com\/it\/2022\/03\/le-donne-narrate-da-dale-zaccaria-tra-storia-e-vita-vera\/#primaryimage"},"thumbnailUrl":"https:\/\/www.pressenza.com\/wp-content\/uploads\/2022\/03\/SETTE-CARTE-ALLA-REGINA.jpg","keywords":["Dale Zaccaria","donne","libro","recensione"],"articleSection":["Cultura e Media"],"inLanguage":"it-IT"},{"@type":"WebPage","@id":"https:\/\/www.pressenza.com\/it\/2022\/03\/le-donne-narrate-da-dale-zaccaria-tra-storia-e-vita-vera\/","url":"https:\/\/www.pressenza.com\/it\/2022\/03\/le-donne-narrate-da-dale-zaccaria-tra-storia-e-vita-vera\/","name":"Le donne narrate da Dale Zaccaria tra storia e vita vera","isPartOf":{"@id":"https:\/\/www.pressenza.com\/it\/#website"},"primaryImageOfPage":{"@id":"https:\/\/www.pressenza.com\/it\/2022\/03\/le-donne-narrate-da-dale-zaccaria-tra-storia-e-vita-vera\/#primaryimage"},"image":{"@id":"https:\/\/www.pressenza.com\/it\/2022\/03\/le-donne-narrate-da-dale-zaccaria-tra-storia-e-vita-vera\/#primaryimage"},"thumbnailUrl":"https:\/\/www.pressenza.com\/wp-content\/uploads\/2022\/03\/SETTE-CARTE-ALLA-REGINA.jpg","datePublished":"2022-03-17T13:20:14+00:00","dateModified":"2022-03-17T13:28:58+00:00","description":"C\u2019\u00e8 un tratto nella narrazione dell\u2019autrice, i personaggi sono dotati sia di bianco che di nero, non c\u2019\u00e8 un pregiudizio o un giudizio, oscillano spesso","breadcrumb":{"@id":"https:\/\/www.pressenza.com\/it\/2022\/03\/le-donne-narrate-da-dale-zaccaria-tra-storia-e-vita-vera\/#breadcrumb"},"inLanguage":"it-IT","potentialAction":[{"@type":"ReadAction","target":["https:\/\/www.pressenza.com\/it\/2022\/03\/le-donne-narrate-da-dale-zaccaria-tra-storia-e-vita-vera\/"]}]},{"@type":"ImageObject","inLanguage":"it-IT","@id":"https:\/\/www.pressenza.com\/it\/2022\/03\/le-donne-narrate-da-dale-zaccaria-tra-storia-e-vita-vera\/#primaryimage","url":"https:\/\/www.pressenza.com\/wp-content\/uploads\/2022\/03\/SETTE-CARTE-ALLA-REGINA.jpg","contentUrl":"https:\/\/www.pressenza.com\/wp-content\/uploads\/2022\/03\/SETTE-CARTE-ALLA-REGINA.jpg","width":1440,"height":1920},{"@type":"BreadcrumbList","@id":"https:\/\/www.pressenza.com\/it\/2022\/03\/le-donne-narrate-da-dale-zaccaria-tra-storia-e-vita-vera\/#breadcrumb","itemListElement":[{"@type":"ListItem","position":1,"name":"Accueil","item":"https:\/\/www.pressenza.com\/it\/"},{"@type":"ListItem","position":2,"name":"Le donne narrate da Dale Zaccaria tra storia e vita vera"}]},{"@type":"WebSite","@id":"https:\/\/www.pressenza.com\/it\/#website","url":"https:\/\/www.pressenza.com\/it\/","name":"Pressenza","description":"Agenzia di Stampa Internazionale","publisher":{"@id":"https:\/\/www.pressenza.com\/it\/#organization"},"potentialAction":[{"@type":"SearchAction","target":{"@type":"EntryPoint","urlTemplate":"https:\/\/www.pressenza.com\/it\/?s={search_term_string}"},"query-input":{"@type":"PropertyValueSpecification","valueRequired":true,"valueName":"search_term_string"}}],"inLanguage":"it-IT"},{"@type":"Organization","@id":"https:\/\/www.pressenza.com\/it\/#organization","name":"Pressenza","url":"https:\/\/www.pressenza.com\/it\/","logo":{"@type":"ImageObject","inLanguage":"it-IT","@id":"https:\/\/www.pressenza.com\/it\/#\/schema\/logo\/image\/","url":"https:\/\/www.pressenza.com\/wp-content\/uploads\/2022\/10\/pressenza_logo_200x200.jpg","contentUrl":"https:\/\/www.pressenza.com\/wp-content\/uploads\/2022\/10\/pressenza_logo_200x200.jpg","width":200,"height":200,"caption":"Pressenza"},"image":{"@id":"https:\/\/www.pressenza.com\/it\/#\/schema\/logo\/image\/"},"sameAs":["https:\/\/www.facebook.com\/PressenzaItalia","https:\/\/x.com\/PressenzaIPA"]},{"@type":"Person","@id":"https:\/\/www.pressenza.com\/it\/#\/schema\/person\/d983e81827ae24f2c7b1a2123d197f8d","name":"Redazione Italia","description":"News from the Pressenza Bureau in Italy","sameAs":["https:\/\/www.pressenza.com\/it\/author\/redazione-italia\/","https:\/\/www.facebook.com\/PressenzaItalia","https:\/\/www.instagram.com\/pressenza_italia\/","https:\/\/x.com\/pressenza_it","https:\/\/www.youtube.com\/channel\/UCSalEIWjE1RSxkwjfftFuqg"],"url":"https:\/\/www.pressenza.com\/it\/author\/redazione-italia\/"}]}},"place":"Simona Sforza","original_article_url":"","_links":{"self":[{"href":"https:\/\/www.pressenza.com\/it\/wp-json\/wp\/v2\/posts\/1545184","targetHints":{"allow":["GET"]}}],"collection":[{"href":"https:\/\/www.pressenza.com\/it\/wp-json\/wp\/v2\/posts"}],"about":[{"href":"https:\/\/www.pressenza.com\/it\/wp-json\/wp\/v2\/types\/post"}],"author":[{"embeddable":true,"href":"https:\/\/www.pressenza.com\/it\/wp-json\/wp\/v2\/users\/594"}],"replies":[{"embeddable":true,"href":"https:\/\/www.pressenza.com\/it\/wp-json\/wp\/v2\/comments?post=1545184"}],"version-history":[{"count":0,"href":"https:\/\/www.pressenza.com\/it\/wp-json\/wp\/v2\/posts\/1545184\/revisions"}],"wp:featuredmedia":[{"embeddable":true,"href":"https:\/\/www.pressenza.com\/it\/wp-json\/wp\/v2\/media\/1545186"}],"wp:attachment":[{"href":"https:\/\/www.pressenza.com\/it\/wp-json\/wp\/v2\/media?parent=1545184"}],"wp:term":[{"taxonomy":"category","embeddable":true,"href":"https:\/\/www.pressenza.com\/it\/wp-json\/wp\/v2\/categories?post=1545184"},{"taxonomy":"post_tag","embeddable":true,"href":"https:\/\/www.pressenza.com\/it\/wp-json\/wp\/v2\/tags?post=1545184"}],"curies":[{"name":"wp","href":"https:\/\/api.w.org\/{rel}","templated":true}]}}