{"id":1544487,"date":"2022-03-16T15:39:49","date_gmt":"2022-03-16T15:39:49","guid":{"rendered":"https:\/\/www.pressenza.com\/?p=1544487"},"modified":"2022-03-16T15:50:27","modified_gmt":"2022-03-16T15:50:27","slug":"25-26-marzo-attac-italia-in-piazza-per-il-clima-contro-la-guerra-e-per-unaltra-societa","status":"publish","type":"post","link":"https:\/\/www.pressenza.com\/it\/2022\/03\/25-26-marzo-attac-italia-in-piazza-per-il-clima-contro-la-guerra-e-per-unaltra-societa\/","title":{"rendered":"25-26 marzo:  Attac Italia in piazza per il clima, contro la guerra e per un\u2019altra societ\u00e0"},"content":{"rendered":"<p class=\"xmprfx_MsoNormal\"><b>La guerra scoppiata<\/b>\u00a0al centro dell\u2019Europa, in seguito all\u2019invasione dell\u2019Ucraina da parte dell\u2019esercito russo e del governo Putin, ha gi\u00e0 prodotto migliaia di morti, devastazione di citt\u00e0 e territori, e milioni di profughi. Sebbene tutti sappiano che non \u00e8 possibile alcuna soluzione militare \u2013 l\u2019Ucraina non ha mezzi militari sufficienti, la Russia non ha risorse per occupare e gestire nel tempo un paese enorme e ostile- continuano a soffiare venti di guerra e un\u2019escalation ancora pi\u00f9 drammatica non \u00e8 da escludere.\u00a0 I governi europei, compreso quello italiano, hanno rinunciato a qualsiasi ruolo politico e diplomatico e, con la decisione di inviare armi all\u2019Ucraina, si sono posti di fatto nella condizione di co-belligeranti.<\/p>\n<p class=\"xmprfx_MsoNormal\"><b>Soprattutto, la guerra viene usata<\/b>\u00a0per bloccare tutte le necessarie trasformazioni sociali che la crisi eco-climatica, sociale e sanitaria avevano reso evidenti: rimosso qualsiasi ragionamento sulla transizione ecologica, si riaprono le centrali a carbone e le trivellazioni per produrre gas nazionale; fermato qualsiasi ragionamento sulla sovranit\u00e0 alimentare, si inventa lo scenario della penuria per favorire politiche favorevoli all\u2019agrobusiness e agli ogm; soprattutto, si scaricano i costi sui cittadini e le cittadine, con bollette energetiche alle stelle e inflazione fuori controllo, mentre la Camera dei Deputati vota l\u2019aumento fino al 2% del Pil delle spese militari.<\/p>\n<p class=\"xmprfx_MsoNormal\"><b>Occorre fermare tutto questo.<\/b><\/p>\n<p><em><b>La guerra non \u00e8 un incidente di percorso, \u00e8 una conseguenza di un modello economico e sociale basato sul patriarcato, sullo sfruttamento delle persone, sulla mercificazione della natura e della vita.<\/b><\/em><\/p>\n<p><strong>\u00c9 tempo\u00a0<\/strong>di disertare la cultura della guerra, che ci vuole arruolare per poterci silenziare, per abituarci a vivere nel pensiero unico del mercato e del dominio, per farci considerare normale che esistano vite degne e vite da scarto.<\/p>\n<p><strong>\u00c9 tempo\u00a0<\/strong>di dire a gran voce che un modello sociale capace solo di generare crisi eco-climatica, diseguaglianza sociale, pandemia e guerra va dichiarato insostenibile e radicalmente trasformato per garantire vita, dignit\u00e0 e futuro agli abitanti del pianeta.<\/p>\n<p class=\"xmprfx_MsoNormal\"><b>Per questo Attac Italia parteciper\u00e0 allo Sciopero Globale per il Clima indetto dai Fridays or Future venerd\u00ec 25 marzo.<\/b><\/p>\n<p class=\"xmprfx_MsoNormal\"><b>Per questo Attac Italia parteciper\u00e0 alla manifestazione nazionale di convergenza dei movimenti promossa da Collettivo Gkn sabato 26 marzo a Firenze.<\/b><\/p>\n<p class=\"xmprfx_MsoNormal\"><b>\u00a0<\/b><strong>\u00c9 tempo di cura e di diritti, non di guerra e di profitti.<\/strong><\/p>\n","protected":false},"excerpt":{"rendered":"<p>La guerra scoppiata\u00a0al centro dell\u2019Europa, in seguito all\u2019invasione dell\u2019Ucraina da parte dell\u2019esercito russo e del governo Putin, ha gi\u00e0 prodotto migliaia di morti, devastazione di citt\u00e0 e territori, e milioni di profughi. Sebbene tutti sappiano che non \u00e8 possibile alcuna&hellip;<\/p>\n","protected":false},"author":1262,"featured_media":1435475,"comment_status":"closed","ping_status":"closed","sticky":false,"template":"","format":"standard","meta":{"footnotes":""},"categories":[150,55],"tags":[79203,53987,54856],"class_list":["post-1544487","post","type-post","status-publish","format-standard","has-post-thumbnail","hentry","category-comunicati-stampa","category-politica","tag-attac-it","tag-fridays-for-future","tag-sciopero-per-il-clima"],"yoast_head":"<!-- This site is optimized with the Yoast SEO plugin v27.1.1 - https:\/\/yoast.com\/product\/yoast-seo-wordpress\/ -->\n<title>25-26 marzo: Attac Italia in piazza per il clima, contro la guerra e per un\u2019altra societ\u00e0<\/title>\n<meta name=\"description\" content=\"La guerra scoppiata\u00a0al centro dell\u2019Europa, in seguito all\u2019invasione dell\u2019Ucraina da parte dell\u2019esercito russo e del governo Putin, ha gi\u00e0 prodotto\" \/>\n<meta name=\"robots\" content=\"index, follow, max-snippet:-1, max-image-preview:large, max-video-preview:-1\" \/>\n<link rel=\"canonical\" href=\"https:\/\/www.pressenza.com\/it\/2022\/03\/25-26-marzo-attac-italia-in-piazza-per-il-clima-contro-la-guerra-e-per-unaltra-societa\/\" \/>\n<meta property=\"og:locale\" content=\"it_IT\" \/>\n<meta property=\"og:type\" content=\"article\" \/>\n<meta property=\"og:title\" content=\"25-26 marzo: Attac Italia in piazza per il clima, contro la guerra e per un\u2019altra societ\u00e0\" \/>\n<meta property=\"og:description\" content=\"La guerra scoppiata\u00a0al centro dell\u2019Europa, in seguito all\u2019invasione dell\u2019Ucraina da parte dell\u2019esercito russo e del governo Putin, ha gi\u00e0 prodotto\" \/>\n<meta property=\"og:url\" content=\"https:\/\/www.pressenza.com\/it\/2022\/03\/25-26-marzo-attac-italia-in-piazza-per-il-clima-contro-la-guerra-e-per-unaltra-societa\/\" \/>\n<meta property=\"og:site_name\" content=\"Pressenza\" \/>\n<meta property=\"article:publisher\" content=\"https:\/\/www.facebook.com\/PressenzaItalia\" \/>\n<meta property=\"article:published_time\" content=\"2022-03-16T15:39:49+00:00\" \/>\n<meta property=\"article:modified_time\" content=\"2022-03-16T15:50:27+00:00\" \/>\n<meta property=\"og:image\" content=\"https:\/\/www.pressenza.com\/wp-content\/uploads\/2021\/09\/Sciopero-Clima-Firenze-Cesare-Dagliana-cover.jpg\" \/>\n\t<meta property=\"og:image:width\" content=\"850\" \/>\n\t<meta property=\"og:image:height\" content=\"566\" \/>\n\t<meta property=\"og:image:type\" content=\"image\/jpeg\" \/>\n<meta name=\"author\" content=\"Attac Italia\" \/>\n<meta name=\"twitter:card\" content=\"summary_large_image\" \/>\n<meta name=\"twitter:creator\" content=\"@PressenzaIPA\" \/>\n<meta name=\"twitter:site\" content=\"@PressenzaIPA\" \/>\n<meta name=\"twitter:label1\" content=\"Scritto da\" \/>\n\t<meta name=\"twitter:data1\" content=\"Attac Italia\" \/>\n\t<meta name=\"twitter:label2\" content=\"Tempo di lettura stimato\" \/>\n\t<meta name=\"twitter:data2\" content=\"2 minuti\" \/>\n<script type=\"application\/ld+json\" class=\"yoast-schema-graph\">{\"@context\":\"https:\/\/schema.org\",\"@graph\":[{\"@type\":\"Article\",\"@id\":\"https:\/\/www.pressenza.com\/it\/2022\/03\/25-26-marzo-attac-italia-in-piazza-per-il-clima-contro-la-guerra-e-per-unaltra-societa\/#article\",\"isPartOf\":{\"@id\":\"https:\/\/www.pressenza.com\/it\/2022\/03\/25-26-marzo-attac-italia-in-piazza-per-il-clima-contro-la-guerra-e-per-unaltra-societa\/\"},\"author\":{\"name\":\"Attac Italia\",\"@id\":\"https:\/\/www.pressenza.com\/it\/#\/schema\/person\/33538436a81a115234f9ceae1ed14047\"},\"headline\":\"25-26 marzo: Attac Italia in piazza per il clima, contro la guerra e per un\u2019altra societ\u00e0\",\"datePublished\":\"2022-03-16T15:39:49+00:00\",\"dateModified\":\"2022-03-16T15:50:27+00:00\",\"mainEntityOfPage\":{\"@id\":\"https:\/\/www.pressenza.com\/it\/2022\/03\/25-26-marzo-attac-italia-in-piazza-per-il-clima-contro-la-guerra-e-per-unaltra-societa\/\"},\"wordCount\":387,\"publisher\":{\"@id\":\"https:\/\/www.pressenza.com\/it\/#organization\"},\"image\":{\"@id\":\"https:\/\/www.pressenza.com\/it\/2022\/03\/25-26-marzo-attac-italia-in-piazza-per-il-clima-contro-la-guerra-e-per-unaltra-societa\/#primaryimage\"},\"thumbnailUrl\":\"https:\/\/www.pressenza.com\/wp-content\/uploads\/2021\/09\/Sciopero-Clima-Firenze-Cesare-Dagliana-cover.jpg\",\"keywords\":[\"Attac\",\"Fridays for Future\",\"sciopero per il clima\"],\"articleSection\":[\"Comunicati Stampa\",\"Politica\"],\"inLanguage\":\"it-IT\"},{\"@type\":\"WebPage\",\"@id\":\"https:\/\/www.pressenza.com\/it\/2022\/03\/25-26-marzo-attac-italia-in-piazza-per-il-clima-contro-la-guerra-e-per-unaltra-societa\/\",\"url\":\"https:\/\/www.pressenza.com\/it\/2022\/03\/25-26-marzo-attac-italia-in-piazza-per-il-clima-contro-la-guerra-e-per-unaltra-societa\/\",\"name\":\"25-26 marzo: Attac Italia in piazza per il clima, contro la guerra e per un\u2019altra societ\u00e0\",\"isPartOf\":{\"@id\":\"https:\/\/www.pressenza.com\/it\/#website\"},\"primaryImageOfPage\":{\"@id\":\"https:\/\/www.pressenza.com\/it\/2022\/03\/25-26-marzo-attac-italia-in-piazza-per-il-clima-contro-la-guerra-e-per-unaltra-societa\/#primaryimage\"},\"image\":{\"@id\":\"https:\/\/www.pressenza.com\/it\/2022\/03\/25-26-marzo-attac-italia-in-piazza-per-il-clima-contro-la-guerra-e-per-unaltra-societa\/#primaryimage\"},\"thumbnailUrl\":\"https:\/\/www.pressenza.com\/wp-content\/uploads\/2021\/09\/Sciopero-Clima-Firenze-Cesare-Dagliana-cover.jpg\",\"datePublished\":\"2022-03-16T15:39:49+00:00\",\"dateModified\":\"2022-03-16T15:50:27+00:00\",\"description\":\"La guerra scoppiata\u00a0al centro dell\u2019Europa, in seguito all\u2019invasione dell\u2019Ucraina da parte dell\u2019esercito russo e del governo Putin, ha gi\u00e0 prodotto\",\"breadcrumb\":{\"@id\":\"https:\/\/www.pressenza.com\/it\/2022\/03\/25-26-marzo-attac-italia-in-piazza-per-il-clima-contro-la-guerra-e-per-unaltra-societa\/#breadcrumb\"},\"inLanguage\":\"it-IT\",\"potentialAction\":[{\"@type\":\"ReadAction\",\"target\":[\"https:\/\/www.pressenza.com\/it\/2022\/03\/25-26-marzo-attac-italia-in-piazza-per-il-clima-contro-la-guerra-e-per-unaltra-societa\/\"]}]},{\"@type\":\"ImageObject\",\"inLanguage\":\"it-IT\",\"@id\":\"https:\/\/www.pressenza.com\/it\/2022\/03\/25-26-marzo-attac-italia-in-piazza-per-il-clima-contro-la-guerra-e-per-unaltra-societa\/#primaryimage\",\"url\":\"https:\/\/www.pressenza.com\/wp-content\/uploads\/2021\/09\/Sciopero-Clima-Firenze-Cesare-Dagliana-cover.jpg\",\"contentUrl\":\"https:\/\/www.pressenza.com\/wp-content\/uploads\/2021\/09\/Sciopero-Clima-Firenze-Cesare-Dagliana-cover.jpg\",\"width\":850,\"height\":566},{\"@type\":\"BreadcrumbList\",\"@id\":\"https:\/\/www.pressenza.com\/it\/2022\/03\/25-26-marzo-attac-italia-in-piazza-per-il-clima-contro-la-guerra-e-per-unaltra-societa\/#breadcrumb\",\"itemListElement\":[{\"@type\":\"ListItem\",\"position\":1,\"name\":\"Accueil\",\"item\":\"https:\/\/www.pressenza.com\/it\/\"},{\"@type\":\"ListItem\",\"position\":2,\"name\":\"25-26 marzo: Attac Italia in piazza per il clima, contro la guerra e per un\u2019altra societ\u00e0\"}]},{\"@type\":\"WebSite\",\"@id\":\"https:\/\/www.pressenza.com\/it\/#website\",\"url\":\"https:\/\/www.pressenza.com\/it\/\",\"name\":\"Pressenza\",\"description\":\"Agenzia di Stampa Internazionale\",\"publisher\":{\"@id\":\"https:\/\/www.pressenza.com\/it\/#organization\"},\"potentialAction\":[{\"@type\":\"SearchAction\",\"target\":{\"@type\":\"EntryPoint\",\"urlTemplate\":\"https:\/\/www.pressenza.com\/it\/?s={search_term_string}\"},\"query-input\":{\"@type\":\"PropertyValueSpecification\",\"valueRequired\":true,\"valueName\":\"search_term_string\"}}],\"inLanguage\":\"it-IT\"},{\"@type\":\"Organization\",\"@id\":\"https:\/\/www.pressenza.com\/it\/#organization\",\"name\":\"Pressenza\",\"url\":\"https:\/\/www.pressenza.com\/it\/\",\"logo\":{\"@type\":\"ImageObject\",\"inLanguage\":\"it-IT\",\"@id\":\"https:\/\/www.pressenza.com\/it\/#\/schema\/logo\/image\/\",\"url\":\"https:\/\/www.pressenza.com\/wp-content\/uploads\/2022\/10\/pressenza_logo_200x200.jpg\",\"contentUrl\":\"https:\/\/www.pressenza.com\/wp-content\/uploads\/2022\/10\/pressenza_logo_200x200.jpg\",\"width\":200,\"height\":200,\"caption\":\"Pressenza\"},\"image\":{\"@id\":\"https:\/\/www.pressenza.com\/it\/#\/schema\/logo\/image\/\"},\"sameAs\":[\"https:\/\/www.facebook.com\/PressenzaItalia\",\"https:\/\/x.com\/PressenzaIPA\"]},{\"@type\":\"Person\",\"@id\":\"https:\/\/www.pressenza.com\/it\/#\/schema\/person\/33538436a81a115234f9ceae1ed14047\",\"name\":\"Attac Italia\",\"url\":\"https:\/\/www.pressenza.com\/it\/author\/attac-italia\/\"}]}<\/script>\n<!-- \/ Yoast SEO plugin. -->","yoast_head_json":{"title":"25-26 marzo: Attac Italia in piazza per il clima, contro la guerra e per un\u2019altra societ\u00e0","description":"La guerra scoppiata\u00a0al centro dell\u2019Europa, in seguito all\u2019invasione dell\u2019Ucraina da parte dell\u2019esercito russo e del governo Putin, ha gi\u00e0 prodotto","robots":{"index":"index","follow":"follow","max-snippet":"max-snippet:-1","max-image-preview":"max-image-preview:large","max-video-preview":"max-video-preview:-1"},"canonical":"https:\/\/www.pressenza.com\/it\/2022\/03\/25-26-marzo-attac-italia-in-piazza-per-il-clima-contro-la-guerra-e-per-unaltra-societa\/","og_locale":"it_IT","og_type":"article","og_title":"25-26 marzo: Attac Italia in piazza per il clima, contro la guerra e per un\u2019altra societ\u00e0","og_description":"La guerra scoppiata\u00a0al centro dell\u2019Europa, in seguito all\u2019invasione dell\u2019Ucraina da parte dell\u2019esercito russo e del governo Putin, ha gi\u00e0 prodotto","og_url":"https:\/\/www.pressenza.com\/it\/2022\/03\/25-26-marzo-attac-italia-in-piazza-per-il-clima-contro-la-guerra-e-per-unaltra-societa\/","og_site_name":"Pressenza","article_publisher":"https:\/\/www.facebook.com\/PressenzaItalia","article_published_time":"2022-03-16T15:39:49+00:00","article_modified_time":"2022-03-16T15:50:27+00:00","og_image":[{"width":850,"height":566,"url":"https:\/\/www.pressenza.com\/wp-content\/uploads\/2021\/09\/Sciopero-Clima-Firenze-Cesare-Dagliana-cover.jpg","type":"image\/jpeg"}],"author":"Attac Italia","twitter_card":"summary_large_image","twitter_creator":"@PressenzaIPA","twitter_site":"@PressenzaIPA","twitter_misc":{"Scritto da":"Attac Italia","Tempo di lettura stimato":"2 minuti"},"schema":{"@context":"https:\/\/schema.org","@graph":[{"@type":"Article","@id":"https:\/\/www.pressenza.com\/it\/2022\/03\/25-26-marzo-attac-italia-in-piazza-per-il-clima-contro-la-guerra-e-per-unaltra-societa\/#article","isPartOf":{"@id":"https:\/\/www.pressenza.com\/it\/2022\/03\/25-26-marzo-attac-italia-in-piazza-per-il-clima-contro-la-guerra-e-per-unaltra-societa\/"},"author":{"name":"Attac Italia","@id":"https:\/\/www.pressenza.com\/it\/#\/schema\/person\/33538436a81a115234f9ceae1ed14047"},"headline":"25-26 marzo: Attac Italia in piazza per il clima, contro la guerra e per un\u2019altra societ\u00e0","datePublished":"2022-03-16T15:39:49+00:00","dateModified":"2022-03-16T15:50:27+00:00","mainEntityOfPage":{"@id":"https:\/\/www.pressenza.com\/it\/2022\/03\/25-26-marzo-attac-italia-in-piazza-per-il-clima-contro-la-guerra-e-per-unaltra-societa\/"},"wordCount":387,"publisher":{"@id":"https:\/\/www.pressenza.com\/it\/#organization"},"image":{"@id":"https:\/\/www.pressenza.com\/it\/2022\/03\/25-26-marzo-attac-italia-in-piazza-per-il-clima-contro-la-guerra-e-per-unaltra-societa\/#primaryimage"},"thumbnailUrl":"https:\/\/www.pressenza.com\/wp-content\/uploads\/2021\/09\/Sciopero-Clima-Firenze-Cesare-Dagliana-cover.jpg","keywords":["Attac","Fridays for Future","sciopero per il clima"],"articleSection":["Comunicati Stampa","Politica"],"inLanguage":"it-IT"},{"@type":"WebPage","@id":"https:\/\/www.pressenza.com\/it\/2022\/03\/25-26-marzo-attac-italia-in-piazza-per-il-clima-contro-la-guerra-e-per-unaltra-societa\/","url":"https:\/\/www.pressenza.com\/it\/2022\/03\/25-26-marzo-attac-italia-in-piazza-per-il-clima-contro-la-guerra-e-per-unaltra-societa\/","name":"25-26 marzo: Attac Italia in piazza per il clima, contro la guerra e per un\u2019altra societ\u00e0","isPartOf":{"@id":"https:\/\/www.pressenza.com\/it\/#website"},"primaryImageOfPage":{"@id":"https:\/\/www.pressenza.com\/it\/2022\/03\/25-26-marzo-attac-italia-in-piazza-per-il-clima-contro-la-guerra-e-per-unaltra-societa\/#primaryimage"},"image":{"@id":"https:\/\/www.pressenza.com\/it\/2022\/03\/25-26-marzo-attac-italia-in-piazza-per-il-clima-contro-la-guerra-e-per-unaltra-societa\/#primaryimage"},"thumbnailUrl":"https:\/\/www.pressenza.com\/wp-content\/uploads\/2021\/09\/Sciopero-Clima-Firenze-Cesare-Dagliana-cover.jpg","datePublished":"2022-03-16T15:39:49+00:00","dateModified":"2022-03-16T15:50:27+00:00","description":"La guerra scoppiata\u00a0al centro dell\u2019Europa, in seguito all\u2019invasione dell\u2019Ucraina da parte dell\u2019esercito russo e del governo Putin, ha gi\u00e0 prodotto","breadcrumb":{"@id":"https:\/\/www.pressenza.com\/it\/2022\/03\/25-26-marzo-attac-italia-in-piazza-per-il-clima-contro-la-guerra-e-per-unaltra-societa\/#breadcrumb"},"inLanguage":"it-IT","potentialAction":[{"@type":"ReadAction","target":["https:\/\/www.pressenza.com\/it\/2022\/03\/25-26-marzo-attac-italia-in-piazza-per-il-clima-contro-la-guerra-e-per-unaltra-societa\/"]}]},{"@type":"ImageObject","inLanguage":"it-IT","@id":"https:\/\/www.pressenza.com\/it\/2022\/03\/25-26-marzo-attac-italia-in-piazza-per-il-clima-contro-la-guerra-e-per-unaltra-societa\/#primaryimage","url":"https:\/\/www.pressenza.com\/wp-content\/uploads\/2021\/09\/Sciopero-Clima-Firenze-Cesare-Dagliana-cover.jpg","contentUrl":"https:\/\/www.pressenza.com\/wp-content\/uploads\/2021\/09\/Sciopero-Clima-Firenze-Cesare-Dagliana-cover.jpg","width":850,"height":566},{"@type":"BreadcrumbList","@id":"https:\/\/www.pressenza.com\/it\/2022\/03\/25-26-marzo-attac-italia-in-piazza-per-il-clima-contro-la-guerra-e-per-unaltra-societa\/#breadcrumb","itemListElement":[{"@type":"ListItem","position":1,"name":"Accueil","item":"https:\/\/www.pressenza.com\/it\/"},{"@type":"ListItem","position":2,"name":"25-26 marzo: Attac Italia in piazza per il clima, contro la guerra e per un\u2019altra societ\u00e0"}]},{"@type":"WebSite","@id":"https:\/\/www.pressenza.com\/it\/#website","url":"https:\/\/www.pressenza.com\/it\/","name":"Pressenza","description":"Agenzia di Stampa Internazionale","publisher":{"@id":"https:\/\/www.pressenza.com\/it\/#organization"},"potentialAction":[{"@type":"SearchAction","target":{"@type":"EntryPoint","urlTemplate":"https:\/\/www.pressenza.com\/it\/?s={search_term_string}"},"query-input":{"@type":"PropertyValueSpecification","valueRequired":true,"valueName":"search_term_string"}}],"inLanguage":"it-IT"},{"@type":"Organization","@id":"https:\/\/www.pressenza.com\/it\/#organization","name":"Pressenza","url":"https:\/\/www.pressenza.com\/it\/","logo":{"@type":"ImageObject","inLanguage":"it-IT","@id":"https:\/\/www.pressenza.com\/it\/#\/schema\/logo\/image\/","url":"https:\/\/www.pressenza.com\/wp-content\/uploads\/2022\/10\/pressenza_logo_200x200.jpg","contentUrl":"https:\/\/www.pressenza.com\/wp-content\/uploads\/2022\/10\/pressenza_logo_200x200.jpg","width":200,"height":200,"caption":"Pressenza"},"image":{"@id":"https:\/\/www.pressenza.com\/it\/#\/schema\/logo\/image\/"},"sameAs":["https:\/\/www.facebook.com\/PressenzaItalia","https:\/\/x.com\/PressenzaIPA"]},{"@type":"Person","@id":"https:\/\/www.pressenza.com\/it\/#\/schema\/person\/33538436a81a115234f9ceae1ed14047","name":"Attac Italia","url":"https:\/\/www.pressenza.com\/it\/author\/attac-italia\/"}]}},"place":"","original_article_url":"","_links":{"self":[{"href":"https:\/\/www.pressenza.com\/it\/wp-json\/wp\/v2\/posts\/1544487","targetHints":{"allow":["GET"]}}],"collection":[{"href":"https:\/\/www.pressenza.com\/it\/wp-json\/wp\/v2\/posts"}],"about":[{"href":"https:\/\/www.pressenza.com\/it\/wp-json\/wp\/v2\/types\/post"}],"author":[{"embeddable":true,"href":"https:\/\/www.pressenza.com\/it\/wp-json\/wp\/v2\/users\/1262"}],"replies":[{"embeddable":true,"href":"https:\/\/www.pressenza.com\/it\/wp-json\/wp\/v2\/comments?post=1544487"}],"version-history":[{"count":0,"href":"https:\/\/www.pressenza.com\/it\/wp-json\/wp\/v2\/posts\/1544487\/revisions"}],"wp:featuredmedia":[{"embeddable":true,"href":"https:\/\/www.pressenza.com\/it\/wp-json\/wp\/v2\/media\/1435475"}],"wp:attachment":[{"href":"https:\/\/www.pressenza.com\/it\/wp-json\/wp\/v2\/media?parent=1544487"}],"wp:term":[{"taxonomy":"category","embeddable":true,"href":"https:\/\/www.pressenza.com\/it\/wp-json\/wp\/v2\/categories?post=1544487"},{"taxonomy":"post_tag","embeddable":true,"href":"https:\/\/www.pressenza.com\/it\/wp-json\/wp\/v2\/tags?post=1544487"}],"curies":[{"name":"wp","href":"https:\/\/api.w.org\/{rel}","templated":true}]}}