{"id":1542176,"date":"2022-03-13T15:34:48","date_gmt":"2022-03-13T15:34:48","guid":{"rendered":"https:\/\/www.pressenza.com\/?p=1542176"},"modified":"2022-03-13T15:37:19","modified_gmt":"2022-03-13T15:37:19","slug":"campagna-europa-per-la-pace-iniziative-contro-la-guerra","status":"publish","type":"post","link":"https:\/\/www.pressenza.com\/it\/2022\/03\/campagna-europa-per-la-pace-iniziative-contro-la-guerra\/","title":{"rendered":"Campagna Europa per la pace, iniziative contro la guerra"},"content":{"rendered":"<p><strong>Europa per la pace<\/strong> \u00e8 una campagna che promuove iniziative contro i venti di guerra che agitano l\u2019Europa. Le persone e le organizzazioni che aderiscono formano coordinamenti per paese e per citt\u00e0 e convergono su attivit\u00e0 comuni.<\/p>\n<p><strong>Proposte di attivit\u00e0 comuni<\/strong><\/p>\n<p><strong>Organizzare e appoggiare iniziative contro la guerra, chiedendo di non gettare benzina sul fuoco con l\u2019invio di armi e mezzi militari e risolvere il conflitto con il dialogo e i negoziati.<\/strong><\/p>\n<p>Iniziative possibili: presidi collettivi; simboli della pace e della nonviolenza; catene umane; sit-in davanti a luoghi simbolo (ambasciata ucraina, statunitense, russa) e alle sedi del proprio governo; eventi culturali e artistici di sensibilizzazione; scrivere frasi e distribuirle ovunque sugli autobus, in metropolitana, per strada.<\/p>\n<p><strong>Una bandiera per la pace<\/strong> su ogni balcone in tutta Europa (con slogan tipo: PACE, Dialogo No Armi). Fare una foto della bandiera e metterla nei social con l\u2019hashtag #Europeforpeace<\/p>\n<p><strong>Campagna sui social:<\/strong> mettere la propria foto con un cartello contro la guerra e pubblicarla in tutti i social con l&#8217;hashtag #EuropeForPeace. In ogni post sui social aggiungere l\u2019hashtag #EuropeForPeace.<\/p>\n<p><strong>Informazione<\/strong><\/p>\n<p>Fare articoli sul conflitto per fornire informazioni diverse da quelle diffuse dalla propaganda mediatica.<\/p>\n<p>Condividere gli articoli interessanti gi\u00e0 esistenti.<\/p>\n<p>Proposta da realizzare: studio sui finanziatori della guerra.<\/p>\n<p><strong>Fare rete<\/strong><\/p>\n<p>Coinvolgere tutte le associazioni possibili chiedendo l\u2019adesione alla nostra campagna per convergere in attivit\u00e0 comuni.<\/p>\n<p><strong>Relazioni<\/strong><\/p>\n<p>Adesioni di personaggi alla nostra campagna (con video, dichiarazioni), interviste, appoggio reciproco a gruppi o reti di giornalisti affini.<\/p>\n<p><strong>Richieste e Meditazioni<\/strong> in piazza e in locali per chiedere la pace nel mondo e la risoluzione di tutti i conflitti.<\/p>\n<p><strong>Comunicati stampa <\/strong><\/p>\n<p>L&#8217;agenzia stampa Pressenza \u00e8 disponibile a pubblicare i nostri articoli ed \u00e8 media partner della campagna.<\/p>\n<p><strong>Petizioni<\/strong> (ancora da scrivere)<\/p>\n<p>Petizione alle Nazioni Unite di Mondo senza guerre e violenza.<br \/>\nPetizione al proprio governo perch\u00e9 aderisca al Trattato per la proibizione delle armi nucleari.<br \/>\nPetizione al Parlamento Europeo con la raccolta di 1 milione di firme contro l\u2019invio di armi e mezzi militari in Ucraina e per il rapido avvio di negoziati.<br \/>\nLettera ad ambasciate e parlamentari dei governi coinvolti.<\/p>\n<p><strong>Attivit\u00e0 gi\u00e0 in programma<\/strong><\/p>\n<p>Contro-Vertice di Madrid sulla Nato 29-30 giugno<\/p>\n<p>Conferenza sull\u2019empatia: mediazione e risoluzione dei conflitti. Festival del libro per la Pace e la Nonviolenza, 2-5 giugno a Roma<\/p>\n<p><strong>Attivit\u00e0 a cui aspiriamo:<\/strong> organizzazione di uno sciopero generale &#8211; azioni di disobbedienza civile (non pago la guerra, parziale boicottaggio di luce e gas, non utilizzo carte di credito&#8230;)<\/p>\n<p><a href=\"https:\/\/www.pressenza.com\/it\/2022\/03\/guerra-o-pace\/\">https:\/\/www.pressenza.com\/it\/2022\/03\/guerra-o-pace\/<\/a><\/p>\n<p>Sito: <a href=\"http:\/\/www.europeforpeace.eu\">www.europeforpeace.eu<\/a><\/p>\n<p>Facebook: <a href=\"https:\/\/www.facebook.com\/EuropaPerLaPace\">https:\/\/www.facebook.com\/EuropaPerLaPace<\/a><\/p>\n<p>Gruppo Facebook: <a href=\"https:\/\/www.facebook.com\/groups\/265764762388530\">https:\/\/www.facebook.com\/groups\/265764762388530<\/a><\/p>\n<p>&nbsp;<\/p>\n<p><sub>\u00a0<\/sub><\/p>\n","protected":false},"excerpt":{"rendered":"<p>Europa per la pace \u00e8 una campagna che promuove iniziative contro i venti di guerra che agitano l\u2019Europa. Le persone e le organizzazioni che aderiscono formano coordinamenti per paese e per citt\u00e0 e convergono su attivit\u00e0 comuni. Proposte di attivit\u00e0&hellip;<\/p>\n","protected":false},"author":2102,"featured_media":1542177,"comment_status":"closed","ping_status":"closed","sticky":false,"template":"","format":"standard","meta":{"footnotes":""},"categories":[150,47,1263],"tags":[100030,4202,76995,99678,8514],"class_list":["post-1542176","post","type-post","status-publish","format-standard","has-post-thumbnail","hentry","category-comunicati-stampa","category-europa","category-pace-disarmo","tag-campagna-europa-per-la-pace","tag-dialogo-it","tag-iniziative","tag-invio-di-armi","tag-ucraina"],"yoast_head":"<!-- This site is optimized with the Yoast SEO plugin v27.1.1 - https:\/\/yoast.com\/product\/yoast-seo-wordpress\/ -->\n<title>Campagna Europa per la pace, iniziative contro la guerra<\/title>\n<meta name=\"description\" content=\"Europa per la pace \u00e8 una campagna che promuove iniziative contro i venti di guerra che agitano l\u2019Europa. Le persone e le organizzazioni che aderiscono\" \/>\n<meta name=\"robots\" content=\"index, follow, max-snippet:-1, max-image-preview:large, max-video-preview:-1\" \/>\n<link rel=\"canonical\" href=\"https:\/\/www.pressenza.com\/it\/2022\/03\/campagna-europa-per-la-pace-iniziative-contro-la-guerra\/\" \/>\n<meta property=\"og:locale\" content=\"it_IT\" \/>\n<meta property=\"og:type\" content=\"article\" \/>\n<meta property=\"og:title\" content=\"Campagna Europa per la pace, iniziative contro la guerra\" \/>\n<meta property=\"og:description\" content=\"Europa per la pace \u00e8 una campagna che promuove iniziative contro i venti di guerra che agitano l\u2019Europa. Le persone e le organizzazioni che aderiscono\" \/>\n<meta property=\"og:url\" content=\"https:\/\/www.pressenza.com\/it\/2022\/03\/campagna-europa-per-la-pace-iniziative-contro-la-guerra\/\" \/>\n<meta property=\"og:site_name\" content=\"Pressenza\" \/>\n<meta property=\"article:publisher\" content=\"https:\/\/www.facebook.com\/PressenzaItalia\" \/>\n<meta property=\"article:published_time\" content=\"2022-03-13T15:34:48+00:00\" \/>\n<meta property=\"article:modified_time\" content=\"2022-03-13T15:37:19+00:00\" \/>\n<meta property=\"og:image\" content=\"https:\/\/www.pressenza.com\/wp-content\/uploads\/2022\/03\/War-is-disaster2.jpg\" \/>\n\t<meta property=\"og:image:width\" content=\"1920\" \/>\n\t<meta property=\"og:image:height\" content=\"1120\" \/>\n\t<meta property=\"og:image:type\" content=\"image\/jpeg\" \/>\n<meta name=\"author\" content=\"Europe for Peace\" \/>\n<meta name=\"twitter:card\" content=\"summary_large_image\" \/>\n<meta name=\"twitter:creator\" content=\"@PressenzaIPA\" \/>\n<meta name=\"twitter:site\" content=\"@PressenzaIPA\" \/>\n<meta name=\"twitter:label1\" content=\"Scritto da\" \/>\n\t<meta name=\"twitter:data1\" content=\"Europe for Peace\" \/>\n\t<meta name=\"twitter:label2\" content=\"Tempo di lettura stimato\" \/>\n\t<meta name=\"twitter:data2\" content=\"3 minuti\" \/>\n<script type=\"application\/ld+json\" class=\"yoast-schema-graph\">{\"@context\":\"https:\/\/schema.org\",\"@graph\":[{\"@type\":\"Article\",\"@id\":\"https:\/\/www.pressenza.com\/it\/2022\/03\/campagna-europa-per-la-pace-iniziative-contro-la-guerra\/#article\",\"isPartOf\":{\"@id\":\"https:\/\/www.pressenza.com\/it\/2022\/03\/campagna-europa-per-la-pace-iniziative-contro-la-guerra\/\"},\"author\":{\"name\":\"Europe for Peace\",\"@id\":\"https:\/\/www.pressenza.com\/it\/#\/schema\/person\/69b9bf000cb278ca2d4ea401137ed0ce\"},\"headline\":\"Campagna Europa per la pace, iniziative contro la guerra\",\"datePublished\":\"2022-03-13T15:34:48+00:00\",\"dateModified\":\"2022-03-13T15:37:19+00:00\",\"mainEntityOfPage\":{\"@id\":\"https:\/\/www.pressenza.com\/it\/2022\/03\/campagna-europa-per-la-pace-iniziative-contro-la-guerra\/\"},\"wordCount\":443,\"publisher\":{\"@id\":\"https:\/\/www.pressenza.com\/it\/#organization\"},\"image\":{\"@id\":\"https:\/\/www.pressenza.com\/it\/2022\/03\/campagna-europa-per-la-pace-iniziative-contro-la-guerra\/#primaryimage\"},\"thumbnailUrl\":\"https:\/\/www.pressenza.com\/wp-content\/uploads\/2022\/03\/War-is-disaster2.jpg\",\"keywords\":[\"Campagna Europa per la pace\",\"dialogo\",\"iniziative\",\"invio di armi\",\"Ucraina\"],\"articleSection\":[\"Comunicati Stampa\",\"Europa\",\"Pace e Disarmo\"],\"inLanguage\":\"it-IT\"},{\"@type\":\"WebPage\",\"@id\":\"https:\/\/www.pressenza.com\/it\/2022\/03\/campagna-europa-per-la-pace-iniziative-contro-la-guerra\/\",\"url\":\"https:\/\/www.pressenza.com\/it\/2022\/03\/campagna-europa-per-la-pace-iniziative-contro-la-guerra\/\",\"name\":\"Campagna Europa per la pace, iniziative contro la guerra\",\"isPartOf\":{\"@id\":\"https:\/\/www.pressenza.com\/it\/#website\"},\"primaryImageOfPage\":{\"@id\":\"https:\/\/www.pressenza.com\/it\/2022\/03\/campagna-europa-per-la-pace-iniziative-contro-la-guerra\/#primaryimage\"},\"image\":{\"@id\":\"https:\/\/www.pressenza.com\/it\/2022\/03\/campagna-europa-per-la-pace-iniziative-contro-la-guerra\/#primaryimage\"},\"thumbnailUrl\":\"https:\/\/www.pressenza.com\/wp-content\/uploads\/2022\/03\/War-is-disaster2.jpg\",\"datePublished\":\"2022-03-13T15:34:48+00:00\",\"dateModified\":\"2022-03-13T15:37:19+00:00\",\"description\":\"Europa per la pace \u00e8 una campagna che promuove iniziative contro i venti di guerra che agitano l\u2019Europa. Le persone e le organizzazioni che aderiscono\",\"breadcrumb\":{\"@id\":\"https:\/\/www.pressenza.com\/it\/2022\/03\/campagna-europa-per-la-pace-iniziative-contro-la-guerra\/#breadcrumb\"},\"inLanguage\":\"it-IT\",\"potentialAction\":[{\"@type\":\"ReadAction\",\"target\":[\"https:\/\/www.pressenza.com\/it\/2022\/03\/campagna-europa-per-la-pace-iniziative-contro-la-guerra\/\"]}]},{\"@type\":\"ImageObject\",\"inLanguage\":\"it-IT\",\"@id\":\"https:\/\/www.pressenza.com\/it\/2022\/03\/campagna-europa-per-la-pace-iniziative-contro-la-guerra\/#primaryimage\",\"url\":\"https:\/\/www.pressenza.com\/wp-content\/uploads\/2022\/03\/War-is-disaster2.jpg\",\"contentUrl\":\"https:\/\/www.pressenza.com\/wp-content\/uploads\/2022\/03\/War-is-disaster2.jpg\",\"width\":1920,\"height\":1120},{\"@type\":\"BreadcrumbList\",\"@id\":\"https:\/\/www.pressenza.com\/it\/2022\/03\/campagna-europa-per-la-pace-iniziative-contro-la-guerra\/#breadcrumb\",\"itemListElement\":[{\"@type\":\"ListItem\",\"position\":1,\"name\":\"Accueil\",\"item\":\"https:\/\/www.pressenza.com\/it\/\"},{\"@type\":\"ListItem\",\"position\":2,\"name\":\"Campagna Europa per la pace, iniziative contro la guerra\"}]},{\"@type\":\"WebSite\",\"@id\":\"https:\/\/www.pressenza.com\/it\/#website\",\"url\":\"https:\/\/www.pressenza.com\/it\/\",\"name\":\"Pressenza\",\"description\":\"Agenzia di Stampa Internazionale\",\"publisher\":{\"@id\":\"https:\/\/www.pressenza.com\/it\/#organization\"},\"potentialAction\":[{\"@type\":\"SearchAction\",\"target\":{\"@type\":\"EntryPoint\",\"urlTemplate\":\"https:\/\/www.pressenza.com\/it\/?s={search_term_string}\"},\"query-input\":{\"@type\":\"PropertyValueSpecification\",\"valueRequired\":true,\"valueName\":\"search_term_string\"}}],\"inLanguage\":\"it-IT\"},{\"@type\":\"Organization\",\"@id\":\"https:\/\/www.pressenza.com\/it\/#organization\",\"name\":\"Pressenza\",\"url\":\"https:\/\/www.pressenza.com\/it\/\",\"logo\":{\"@type\":\"ImageObject\",\"inLanguage\":\"it-IT\",\"@id\":\"https:\/\/www.pressenza.com\/it\/#\/schema\/logo\/image\/\",\"url\":\"https:\/\/www.pressenza.com\/wp-content\/uploads\/2022\/10\/pressenza_logo_200x200.jpg\",\"contentUrl\":\"https:\/\/www.pressenza.com\/wp-content\/uploads\/2022\/10\/pressenza_logo_200x200.jpg\",\"width\":200,\"height\":200,\"caption\":\"Pressenza\"},\"image\":{\"@id\":\"https:\/\/www.pressenza.com\/it\/#\/schema\/logo\/image\/\"},\"sameAs\":[\"https:\/\/www.facebook.com\/PressenzaItalia\",\"https:\/\/x.com\/PressenzaIPA\"]},{\"@type\":\"Person\",\"@id\":\"https:\/\/www.pressenza.com\/it\/#\/schema\/person\/69b9bf000cb278ca2d4ea401137ed0ce\",\"name\":\"Europe for Peace\",\"description\":\"The idea of carrying out this campaign arose in Lisbon, in the European Humanist Forum of November 2006 in the working group of Peace and Nonviolence. Different organizations participated and different opinions converged very clearly on one issue: violence in the world, the return of the nuclear arms race, the danger of a nuclear catastrophe and the need to urgently change the course of events. The words of Gandhi, M. L. King and Silo resounded in our minds on the importance of having faith in life and on the great force that nonviolence is. We were inspired by these examples. The declaration was officially presented in Prague on February 22, 2007 during a conference organized by Humanist movement. The declaration is the fruit of the labor of several people and organizations and tries to synthesize common opinions and concentrate on the issue of nuclear weapons. This campaign is open to all, and everyone can give their contribution to develop it. www.europeforpeace.eu\",\"url\":\"https:\/\/www.pressenza.com\/it\/author\/europa-per-la-pace\/\"}]}<\/script>\n<!-- \/ Yoast SEO plugin. -->","yoast_head_json":{"title":"Campagna Europa per la pace, iniziative contro la guerra","description":"Europa per la pace \u00e8 una campagna che promuove iniziative contro i venti di guerra che agitano l\u2019Europa. Le persone e le organizzazioni che aderiscono","robots":{"index":"index","follow":"follow","max-snippet":"max-snippet:-1","max-image-preview":"max-image-preview:large","max-video-preview":"max-video-preview:-1"},"canonical":"https:\/\/www.pressenza.com\/it\/2022\/03\/campagna-europa-per-la-pace-iniziative-contro-la-guerra\/","og_locale":"it_IT","og_type":"article","og_title":"Campagna Europa per la pace, iniziative contro la guerra","og_description":"Europa per la pace \u00e8 una campagna che promuove iniziative contro i venti di guerra che agitano l\u2019Europa. Le persone e le organizzazioni che aderiscono","og_url":"https:\/\/www.pressenza.com\/it\/2022\/03\/campagna-europa-per-la-pace-iniziative-contro-la-guerra\/","og_site_name":"Pressenza","article_publisher":"https:\/\/www.facebook.com\/PressenzaItalia","article_published_time":"2022-03-13T15:34:48+00:00","article_modified_time":"2022-03-13T15:37:19+00:00","og_image":[{"width":1920,"height":1120,"url":"https:\/\/www.pressenza.com\/wp-content\/uploads\/2022\/03\/War-is-disaster2.jpg","type":"image\/jpeg"}],"author":"Europe for Peace","twitter_card":"summary_large_image","twitter_creator":"@PressenzaIPA","twitter_site":"@PressenzaIPA","twitter_misc":{"Scritto da":"Europe for Peace","Tempo di lettura stimato":"3 minuti"},"schema":{"@context":"https:\/\/schema.org","@graph":[{"@type":"Article","@id":"https:\/\/www.pressenza.com\/it\/2022\/03\/campagna-europa-per-la-pace-iniziative-contro-la-guerra\/#article","isPartOf":{"@id":"https:\/\/www.pressenza.com\/it\/2022\/03\/campagna-europa-per-la-pace-iniziative-contro-la-guerra\/"},"author":{"name":"Europe for Peace","@id":"https:\/\/www.pressenza.com\/it\/#\/schema\/person\/69b9bf000cb278ca2d4ea401137ed0ce"},"headline":"Campagna Europa per la pace, iniziative contro la guerra","datePublished":"2022-03-13T15:34:48+00:00","dateModified":"2022-03-13T15:37:19+00:00","mainEntityOfPage":{"@id":"https:\/\/www.pressenza.com\/it\/2022\/03\/campagna-europa-per-la-pace-iniziative-contro-la-guerra\/"},"wordCount":443,"publisher":{"@id":"https:\/\/www.pressenza.com\/it\/#organization"},"image":{"@id":"https:\/\/www.pressenza.com\/it\/2022\/03\/campagna-europa-per-la-pace-iniziative-contro-la-guerra\/#primaryimage"},"thumbnailUrl":"https:\/\/www.pressenza.com\/wp-content\/uploads\/2022\/03\/War-is-disaster2.jpg","keywords":["Campagna Europa per la pace","dialogo","iniziative","invio di armi","Ucraina"],"articleSection":["Comunicati Stampa","Europa","Pace e Disarmo"],"inLanguage":"it-IT"},{"@type":"WebPage","@id":"https:\/\/www.pressenza.com\/it\/2022\/03\/campagna-europa-per-la-pace-iniziative-contro-la-guerra\/","url":"https:\/\/www.pressenza.com\/it\/2022\/03\/campagna-europa-per-la-pace-iniziative-contro-la-guerra\/","name":"Campagna Europa per la pace, iniziative contro la guerra","isPartOf":{"@id":"https:\/\/www.pressenza.com\/it\/#website"},"primaryImageOfPage":{"@id":"https:\/\/www.pressenza.com\/it\/2022\/03\/campagna-europa-per-la-pace-iniziative-contro-la-guerra\/#primaryimage"},"image":{"@id":"https:\/\/www.pressenza.com\/it\/2022\/03\/campagna-europa-per-la-pace-iniziative-contro-la-guerra\/#primaryimage"},"thumbnailUrl":"https:\/\/www.pressenza.com\/wp-content\/uploads\/2022\/03\/War-is-disaster2.jpg","datePublished":"2022-03-13T15:34:48+00:00","dateModified":"2022-03-13T15:37:19+00:00","description":"Europa per la pace \u00e8 una campagna che promuove iniziative contro i venti di guerra che agitano l\u2019Europa. Le persone e le organizzazioni che aderiscono","breadcrumb":{"@id":"https:\/\/www.pressenza.com\/it\/2022\/03\/campagna-europa-per-la-pace-iniziative-contro-la-guerra\/#breadcrumb"},"inLanguage":"it-IT","potentialAction":[{"@type":"ReadAction","target":["https:\/\/www.pressenza.com\/it\/2022\/03\/campagna-europa-per-la-pace-iniziative-contro-la-guerra\/"]}]},{"@type":"ImageObject","inLanguage":"it-IT","@id":"https:\/\/www.pressenza.com\/it\/2022\/03\/campagna-europa-per-la-pace-iniziative-contro-la-guerra\/#primaryimage","url":"https:\/\/www.pressenza.com\/wp-content\/uploads\/2022\/03\/War-is-disaster2.jpg","contentUrl":"https:\/\/www.pressenza.com\/wp-content\/uploads\/2022\/03\/War-is-disaster2.jpg","width":1920,"height":1120},{"@type":"BreadcrumbList","@id":"https:\/\/www.pressenza.com\/it\/2022\/03\/campagna-europa-per-la-pace-iniziative-contro-la-guerra\/#breadcrumb","itemListElement":[{"@type":"ListItem","position":1,"name":"Accueil","item":"https:\/\/www.pressenza.com\/it\/"},{"@type":"ListItem","position":2,"name":"Campagna Europa per la pace, iniziative contro la guerra"}]},{"@type":"WebSite","@id":"https:\/\/www.pressenza.com\/it\/#website","url":"https:\/\/www.pressenza.com\/it\/","name":"Pressenza","description":"Agenzia di Stampa Internazionale","publisher":{"@id":"https:\/\/www.pressenza.com\/it\/#organization"},"potentialAction":[{"@type":"SearchAction","target":{"@type":"EntryPoint","urlTemplate":"https:\/\/www.pressenza.com\/it\/?s={search_term_string}"},"query-input":{"@type":"PropertyValueSpecification","valueRequired":true,"valueName":"search_term_string"}}],"inLanguage":"it-IT"},{"@type":"Organization","@id":"https:\/\/www.pressenza.com\/it\/#organization","name":"Pressenza","url":"https:\/\/www.pressenza.com\/it\/","logo":{"@type":"ImageObject","inLanguage":"it-IT","@id":"https:\/\/www.pressenza.com\/it\/#\/schema\/logo\/image\/","url":"https:\/\/www.pressenza.com\/wp-content\/uploads\/2022\/10\/pressenza_logo_200x200.jpg","contentUrl":"https:\/\/www.pressenza.com\/wp-content\/uploads\/2022\/10\/pressenza_logo_200x200.jpg","width":200,"height":200,"caption":"Pressenza"},"image":{"@id":"https:\/\/www.pressenza.com\/it\/#\/schema\/logo\/image\/"},"sameAs":["https:\/\/www.facebook.com\/PressenzaItalia","https:\/\/x.com\/PressenzaIPA"]},{"@type":"Person","@id":"https:\/\/www.pressenza.com\/it\/#\/schema\/person\/69b9bf000cb278ca2d4ea401137ed0ce","name":"Europe for Peace","description":"The idea of carrying out this campaign arose in Lisbon, in the European Humanist Forum of November 2006 in the working group of Peace and Nonviolence. Different organizations participated and different opinions converged very clearly on one issue: violence in the world, the return of the nuclear arms race, the danger of a nuclear catastrophe and the need to urgently change the course of events. The words of Gandhi, M. L. King and Silo resounded in our minds on the importance of having faith in life and on the great force that nonviolence is. We were inspired by these examples. The declaration was officially presented in Prague on February 22, 2007 during a conference organized by Humanist movement. The declaration is the fruit of the labor of several people and organizations and tries to synthesize common opinions and concentrate on the issue of nuclear weapons. This campaign is open to all, and everyone can give their contribution to develop it. www.europeforpeace.eu","url":"https:\/\/www.pressenza.com\/it\/author\/europa-per-la-pace\/"}]}},"place":"","original_article_url":"","_links":{"self":[{"href":"https:\/\/www.pressenza.com\/it\/wp-json\/wp\/v2\/posts\/1542176","targetHints":{"allow":["GET"]}}],"collection":[{"href":"https:\/\/www.pressenza.com\/it\/wp-json\/wp\/v2\/posts"}],"about":[{"href":"https:\/\/www.pressenza.com\/it\/wp-json\/wp\/v2\/types\/post"}],"author":[{"embeddable":true,"href":"https:\/\/www.pressenza.com\/it\/wp-json\/wp\/v2\/users\/2102"}],"replies":[{"embeddable":true,"href":"https:\/\/www.pressenza.com\/it\/wp-json\/wp\/v2\/comments?post=1542176"}],"version-history":[{"count":0,"href":"https:\/\/www.pressenza.com\/it\/wp-json\/wp\/v2\/posts\/1542176\/revisions"}],"wp:featuredmedia":[{"embeddable":true,"href":"https:\/\/www.pressenza.com\/it\/wp-json\/wp\/v2\/media\/1542177"}],"wp:attachment":[{"href":"https:\/\/www.pressenza.com\/it\/wp-json\/wp\/v2\/media?parent=1542176"}],"wp:term":[{"taxonomy":"category","embeddable":true,"href":"https:\/\/www.pressenza.com\/it\/wp-json\/wp\/v2\/categories?post=1542176"},{"taxonomy":"post_tag","embeddable":true,"href":"https:\/\/www.pressenza.com\/it\/wp-json\/wp\/v2\/tags?post=1542176"}],"curies":[{"name":"wp","href":"https:\/\/api.w.org\/{rel}","templated":true}]}}