{"id":153798,"date":"2014-12-19T14:14:29","date_gmt":"2014-12-19T14:14:29","guid":{"rendered":"http:\/\/www.pressenza.com\/?p=153798"},"modified":"2014-12-19T14:14:29","modified_gmt":"2014-12-19T14:14:29","slug":"bolzano-la-bandiera-curda","status":"publish","type":"post","link":"https:\/\/www.pressenza.com\/it\/2014\/12\/bolzano-la-bandiera-curda\/","title":{"rendered":"A Bolzano la bandiera curda"},"content":{"rendered":"<p>Sabato 20 dicembre 2014 la bandiera kurda sar\u00e0 simbolicamente srotolata a Bolzano sulla collina del Virgolo alle ore 11, con la comunit\u00e0 kurda locale a ricordare gli eventi del 17 dicembre 1946.<\/p>\n<p>&#8212;&#8212;&#8212;<\/p>\n<p>Il 17 dicembre 1946 cadde formalmente la Repubblica di Mahabad, la prima repubblica kurda in territorio iraniano. La repubblica era stata formata ufficialmente il 22 gennaio 1946, rappresentata dal Partito Democratico Curdo, nato dall&#8217;evoluzione del vecchio Komala e appoggiata sia dalle trib\u00f9 della zona di Mahabad, sia da trib\u00f9 provenienti dal Kurdistan iracheno tra cui i Barzani. Qazi Mohammed, il notabile pi\u00f9 in vista di Mahabad con poteri sia civili sia religiosi, venne eletto presidente della repubblica e Mustafa Barzani ne divenne il braccio armato, con ai suoi ordini pi\u00f9 di tremila uomini della sua trib\u00f9.<\/p>\n<p>Gi\u00e0 nel maggio del 1946 l\u2019Unione sovietica aveva lasciato i territori occupati e l\u2019esercito iraniano aveva iniziato la riconquista dei propri territori. Alla caduta della repubblica fra Teheran e Mahabad si aprirono delle trattative condotte da Mustafa Barzani, ma i colloqui si interruppero alla fine di dicembre a causa dell&#8217;arresto di Qazi Mohammed e altri leader repubblicani. Il 30 marzo 1947 Qazi Mohammed fu impiccato e le autorit\u00e0 iraniane diedero inizio ad esecuzioni di massa mentre Mustafa Barzani aveva intrapreso con i suoi uomini la marcia di trecento chilometri che lo port\u00f2 in Unione sovietica dopo aver passato pi\u00f9 volte le frontiere turco-irano-irachene.<\/p>\n<p>Il 17 dicembre per i Kurdi resta la data simbolica in cui festeggiare idealmente la propria bandiera: la bandiera \u00e8 gi\u00e0 bandiera ufficiale della regione autonoma del Kurdistan in Iraq, ma \u00e8 bandita in Turchia e Iran. Per quanto riguarda la Siria invece sventola nelle tre regioni controllate dai Kurdi.<\/p>\n<p>&nbsp;<\/p>\n","protected":false},"excerpt":{"rendered":"<p>Sabato 20 dicembre 2014 la bandiera kurda sar\u00e0 simbolicamente srotolata a Bolzano sulla collina del Virgolo alle ore 11, con la comunit\u00e0 kurda locale a ricordare gli eventi del 17 dicembre 1946. &#8212;&#8212;&#8212; Il 17 dicembre 1946 cadde formalmente la&hellip;<\/p>\n","protected":false},"author":903,"featured_media":153799,"comment_status":"closed","ping_status":"open","sticky":false,"template":"","format":"standard","meta":{"footnotes":""},"categories":[150,52,55],"tags":[14968,3189,206,1070,5795],"class_list":["post-153798","post","type-post","status-publish","format-standard","has-post-thumbnail","hentry","category-comunicati-stampa","category-medio-oriente","category-politica","tag-bolzano","tag-curdi","tag-iran","tag-iraq","tag-kurdistan"],"yoast_head":"<!-- This site is optimized with the Yoast SEO plugin v27.1.1 - https:\/\/yoast.com\/product\/yoast-seo-wordpress\/ -->\n<title>A Bolzano la bandiera curda<\/title>\n<meta name=\"description\" content=\"Sabato 20 dicembre 2014 la bandiera kurda sar\u00e0 simbolicamente srotolata a Bolzano sulla collina del Virgolo alle ore 11, con la comunit\u00e0 kurda locale a\" \/>\n<meta name=\"robots\" content=\"index, follow, max-snippet:-1, max-image-preview:large, max-video-preview:-1\" \/>\n<link rel=\"canonical\" href=\"https:\/\/www.pressenza.com\/it\/2014\/12\/bolzano-la-bandiera-curda\/\" \/>\n<meta property=\"og:locale\" content=\"it_IT\" \/>\n<meta property=\"og:type\" content=\"article\" \/>\n<meta property=\"og:title\" content=\"A Bolzano la bandiera curda\" \/>\n<meta property=\"og:description\" content=\"Sabato 20 dicembre 2014 la bandiera kurda sar\u00e0 simbolicamente srotolata a Bolzano sulla collina del Virgolo alle ore 11, con la comunit\u00e0 kurda locale a\" \/>\n<meta property=\"og:url\" content=\"https:\/\/www.pressenza.com\/it\/2014\/12\/bolzano-la-bandiera-curda\/\" \/>\n<meta property=\"og:site_name\" content=\"Pressenza\" \/>\n<meta property=\"article:publisher\" content=\"https:\/\/www.facebook.com\/PressenzaItalia\" \/>\n<meta property=\"article:author\" content=\"https:\/\/www.facebook.com\/popoliminacciati\" \/>\n<meta property=\"article:published_time\" content=\"2014-12-19T14:14:29+00:00\" \/>\n<meta property=\"og:image\" content=\"https:\/\/www.pressenza.com\/wp-content\/uploads\/2014\/12\/Flag_of_Kurdistan.svg_.png\" \/>\n\t<meta property=\"og:image:width\" content=\"1280\" \/>\n\t<meta property=\"og:image:height\" content=\"853\" \/>\n\t<meta property=\"og:image:type\" content=\"image\/png\" \/>\n<meta name=\"author\" content=\"Associazione per i Popoli Minacciati\" \/>\n<meta name=\"twitter:card\" content=\"summary_large_image\" \/>\n<meta name=\"twitter:creator\" content=\"@PressenzaIPA\" \/>\n<meta name=\"twitter:site\" content=\"@PressenzaIPA\" \/>\n<meta name=\"twitter:label1\" content=\"Scritto da\" \/>\n\t<meta name=\"twitter:data1\" content=\"Associazione per i Popoli Minacciati\" \/>\n\t<meta name=\"twitter:label2\" content=\"Tempo di lettura stimato\" \/>\n\t<meta name=\"twitter:data2\" content=\"1 minuto\" \/>\n<script type=\"application\/ld+json\" class=\"yoast-schema-graph\">{\"@context\":\"https:\/\/schema.org\",\"@graph\":[{\"@type\":\"Article\",\"@id\":\"https:\/\/www.pressenza.com\/it\/2014\/12\/bolzano-la-bandiera-curda\/#article\",\"isPartOf\":{\"@id\":\"https:\/\/www.pressenza.com\/it\/2014\/12\/bolzano-la-bandiera-curda\/\"},\"author\":{\"name\":\"Associazione per i Popoli Minacciati\",\"@id\":\"https:\/\/www.pressenza.com\/it\/#\/schema\/person\/cdd4529aa9392a0fa5dc5a848b317076\"},\"headline\":\"A Bolzano la bandiera curda\",\"datePublished\":\"2014-12-19T14:14:29+00:00\",\"mainEntityOfPage\":{\"@id\":\"https:\/\/www.pressenza.com\/it\/2014\/12\/bolzano-la-bandiera-curda\/\"},\"wordCount\":277,\"publisher\":{\"@id\":\"https:\/\/www.pressenza.com\/it\/#organization\"},\"image\":{\"@id\":\"https:\/\/www.pressenza.com\/it\/2014\/12\/bolzano-la-bandiera-curda\/#primaryimage\"},\"thumbnailUrl\":\"https:\/\/www.pressenza.com\/wp-content\/uploads\/2014\/12\/Flag_of_Kurdistan.svg_.png\",\"keywords\":[\"Bolzano\",\"curdi\",\"Iran\",\"Iraq\",\"Kurdistan\"],\"articleSection\":[\"Comunicati Stampa\",\"Medio Oriente\",\"Politica\"],\"inLanguage\":\"it-IT\"},{\"@type\":\"WebPage\",\"@id\":\"https:\/\/www.pressenza.com\/it\/2014\/12\/bolzano-la-bandiera-curda\/\",\"url\":\"https:\/\/www.pressenza.com\/it\/2014\/12\/bolzano-la-bandiera-curda\/\",\"name\":\"A Bolzano la bandiera curda\",\"isPartOf\":{\"@id\":\"https:\/\/www.pressenza.com\/it\/#website\"},\"primaryImageOfPage\":{\"@id\":\"https:\/\/www.pressenza.com\/it\/2014\/12\/bolzano-la-bandiera-curda\/#primaryimage\"},\"image\":{\"@id\":\"https:\/\/www.pressenza.com\/it\/2014\/12\/bolzano-la-bandiera-curda\/#primaryimage\"},\"thumbnailUrl\":\"https:\/\/www.pressenza.com\/wp-content\/uploads\/2014\/12\/Flag_of_Kurdistan.svg_.png\",\"datePublished\":\"2014-12-19T14:14:29+00:00\",\"description\":\"Sabato 20 dicembre 2014 la bandiera kurda sar\u00e0 simbolicamente srotolata a Bolzano sulla collina del Virgolo alle ore 11, con la comunit\u00e0 kurda locale a\",\"breadcrumb\":{\"@id\":\"https:\/\/www.pressenza.com\/it\/2014\/12\/bolzano-la-bandiera-curda\/#breadcrumb\"},\"inLanguage\":\"it-IT\",\"potentialAction\":[{\"@type\":\"ReadAction\",\"target\":[\"https:\/\/www.pressenza.com\/it\/2014\/12\/bolzano-la-bandiera-curda\/\"]}]},{\"@type\":\"ImageObject\",\"inLanguage\":\"it-IT\",\"@id\":\"https:\/\/www.pressenza.com\/it\/2014\/12\/bolzano-la-bandiera-curda\/#primaryimage\",\"url\":\"https:\/\/www.pressenza.com\/wp-content\/uploads\/2014\/12\/Flag_of_Kurdistan.svg_.png\",\"contentUrl\":\"https:\/\/www.pressenza.com\/wp-content\/uploads\/2014\/12\/Flag_of_Kurdistan.svg_.png\",\"width\":1280,\"height\":853},{\"@type\":\"BreadcrumbList\",\"@id\":\"https:\/\/www.pressenza.com\/it\/2014\/12\/bolzano-la-bandiera-curda\/#breadcrumb\",\"itemListElement\":[{\"@type\":\"ListItem\",\"position\":1,\"name\":\"Accueil\",\"item\":\"https:\/\/www.pressenza.com\/it\/\"},{\"@type\":\"ListItem\",\"position\":2,\"name\":\"A Bolzano la bandiera curda\"}]},{\"@type\":\"WebSite\",\"@id\":\"https:\/\/www.pressenza.com\/it\/#website\",\"url\":\"https:\/\/www.pressenza.com\/it\/\",\"name\":\"Pressenza\",\"description\":\"Agenzia di Stampa Internazionale\",\"publisher\":{\"@id\":\"https:\/\/www.pressenza.com\/it\/#organization\"},\"potentialAction\":[{\"@type\":\"SearchAction\",\"target\":{\"@type\":\"EntryPoint\",\"urlTemplate\":\"https:\/\/www.pressenza.com\/it\/?s={search_term_string}\"},\"query-input\":{\"@type\":\"PropertyValueSpecification\",\"valueRequired\":true,\"valueName\":\"search_term_string\"}}],\"inLanguage\":\"it-IT\"},{\"@type\":\"Organization\",\"@id\":\"https:\/\/www.pressenza.com\/it\/#organization\",\"name\":\"Pressenza\",\"url\":\"https:\/\/www.pressenza.com\/it\/\",\"logo\":{\"@type\":\"ImageObject\",\"inLanguage\":\"it-IT\",\"@id\":\"https:\/\/www.pressenza.com\/it\/#\/schema\/logo\/image\/\",\"url\":\"https:\/\/www.pressenza.com\/wp-content\/uploads\/2022\/10\/pressenza_logo_200x200.jpg\",\"contentUrl\":\"https:\/\/www.pressenza.com\/wp-content\/uploads\/2022\/10\/pressenza_logo_200x200.jpg\",\"width\":200,\"height\":200,\"caption\":\"Pressenza\"},\"image\":{\"@id\":\"https:\/\/www.pressenza.com\/it\/#\/schema\/logo\/image\/\"},\"sameAs\":[\"https:\/\/www.facebook.com\/PressenzaItalia\",\"https:\/\/x.com\/PressenzaIPA\"]},{\"@type\":\"Person\",\"@id\":\"https:\/\/www.pressenza.com\/it\/#\/schema\/person\/cdd4529aa9392a0fa5dc5a848b317076\",\"name\":\"Associazione per i Popoli Minacciati\",\"description\":\"L'APM d\u00e0 voce alle vittime delle violazioni dei diritti umani. Assieme alle vittime, ci impegniamo per i diritti delle minoranze etniche, linguistiche e religiose minacciate e perseguitate, dei popoli senza Stato e delle comunit\u00e0 dei popoli indigeni. Senza condizionamenti politici o ideologici rendiamo noti crimini contro l'umanit\u00e0 e accusiamo i responsabili di genocidi, di esodi di massa, di repressioni, di persecuzioni e di discriminazioni. Siamo sempre dalla parte delle vittime di arbitr\u00ee e violenze. Con il nostro stato consultivo presso le Nazioni Unite abbiamo il diritto di parola alle Conferenze internazionali. In questo modo consentiamo ai rappresentanti di queste minoranze l'accesso agli organi dell'ONU. La nostra organizzazione lavora al livello internazionale: l'APM si trova in Germania, Italia (Sudtirolo), Francia, Svizzera, Austria, Lussemburgo e Bosnia-Herzegowina. www.gfbv.it\",\"sameAs\":[\"http:\/\/www.gfbv.it\/\",\"https:\/\/www.facebook.com\/popoliminacciati\"],\"url\":\"https:\/\/www.pressenza.com\/it\/author\/associazione-per-i-popoli-minacciati\/\"}]}<\/script>\n<!-- \/ Yoast SEO plugin. -->","yoast_head_json":{"title":"A Bolzano la bandiera curda","description":"Sabato 20 dicembre 2014 la bandiera kurda sar\u00e0 simbolicamente srotolata a Bolzano sulla collina del Virgolo alle ore 11, con la comunit\u00e0 kurda locale a","robots":{"index":"index","follow":"follow","max-snippet":"max-snippet:-1","max-image-preview":"max-image-preview:large","max-video-preview":"max-video-preview:-1"},"canonical":"https:\/\/www.pressenza.com\/it\/2014\/12\/bolzano-la-bandiera-curda\/","og_locale":"it_IT","og_type":"article","og_title":"A Bolzano la bandiera curda","og_description":"Sabato 20 dicembre 2014 la bandiera kurda sar\u00e0 simbolicamente srotolata a Bolzano sulla collina del Virgolo alle ore 11, con la comunit\u00e0 kurda locale a","og_url":"https:\/\/www.pressenza.com\/it\/2014\/12\/bolzano-la-bandiera-curda\/","og_site_name":"Pressenza","article_publisher":"https:\/\/www.facebook.com\/PressenzaItalia","article_author":"https:\/\/www.facebook.com\/popoliminacciati","article_published_time":"2014-12-19T14:14:29+00:00","og_image":[{"width":1280,"height":853,"url":"https:\/\/www.pressenza.com\/wp-content\/uploads\/2014\/12\/Flag_of_Kurdistan.svg_.png","type":"image\/png"}],"author":"Associazione per i Popoli Minacciati","twitter_card":"summary_large_image","twitter_creator":"@PressenzaIPA","twitter_site":"@PressenzaIPA","twitter_misc":{"Scritto da":"Associazione per i Popoli Minacciati","Tempo di lettura stimato":"1 minuto"},"schema":{"@context":"https:\/\/schema.org","@graph":[{"@type":"Article","@id":"https:\/\/www.pressenza.com\/it\/2014\/12\/bolzano-la-bandiera-curda\/#article","isPartOf":{"@id":"https:\/\/www.pressenza.com\/it\/2014\/12\/bolzano-la-bandiera-curda\/"},"author":{"name":"Associazione per i Popoli Minacciati","@id":"https:\/\/www.pressenza.com\/it\/#\/schema\/person\/cdd4529aa9392a0fa5dc5a848b317076"},"headline":"A Bolzano la bandiera curda","datePublished":"2014-12-19T14:14:29+00:00","mainEntityOfPage":{"@id":"https:\/\/www.pressenza.com\/it\/2014\/12\/bolzano-la-bandiera-curda\/"},"wordCount":277,"publisher":{"@id":"https:\/\/www.pressenza.com\/it\/#organization"},"image":{"@id":"https:\/\/www.pressenza.com\/it\/2014\/12\/bolzano-la-bandiera-curda\/#primaryimage"},"thumbnailUrl":"https:\/\/www.pressenza.com\/wp-content\/uploads\/2014\/12\/Flag_of_Kurdistan.svg_.png","keywords":["Bolzano","curdi","Iran","Iraq","Kurdistan"],"articleSection":["Comunicati Stampa","Medio Oriente","Politica"],"inLanguage":"it-IT"},{"@type":"WebPage","@id":"https:\/\/www.pressenza.com\/it\/2014\/12\/bolzano-la-bandiera-curda\/","url":"https:\/\/www.pressenza.com\/it\/2014\/12\/bolzano-la-bandiera-curda\/","name":"A Bolzano la bandiera curda","isPartOf":{"@id":"https:\/\/www.pressenza.com\/it\/#website"},"primaryImageOfPage":{"@id":"https:\/\/www.pressenza.com\/it\/2014\/12\/bolzano-la-bandiera-curda\/#primaryimage"},"image":{"@id":"https:\/\/www.pressenza.com\/it\/2014\/12\/bolzano-la-bandiera-curda\/#primaryimage"},"thumbnailUrl":"https:\/\/www.pressenza.com\/wp-content\/uploads\/2014\/12\/Flag_of_Kurdistan.svg_.png","datePublished":"2014-12-19T14:14:29+00:00","description":"Sabato 20 dicembre 2014 la bandiera kurda sar\u00e0 simbolicamente srotolata a Bolzano sulla collina del Virgolo alle ore 11, con la comunit\u00e0 kurda locale a","breadcrumb":{"@id":"https:\/\/www.pressenza.com\/it\/2014\/12\/bolzano-la-bandiera-curda\/#breadcrumb"},"inLanguage":"it-IT","potentialAction":[{"@type":"ReadAction","target":["https:\/\/www.pressenza.com\/it\/2014\/12\/bolzano-la-bandiera-curda\/"]}]},{"@type":"ImageObject","inLanguage":"it-IT","@id":"https:\/\/www.pressenza.com\/it\/2014\/12\/bolzano-la-bandiera-curda\/#primaryimage","url":"https:\/\/www.pressenza.com\/wp-content\/uploads\/2014\/12\/Flag_of_Kurdistan.svg_.png","contentUrl":"https:\/\/www.pressenza.com\/wp-content\/uploads\/2014\/12\/Flag_of_Kurdistan.svg_.png","width":1280,"height":853},{"@type":"BreadcrumbList","@id":"https:\/\/www.pressenza.com\/it\/2014\/12\/bolzano-la-bandiera-curda\/#breadcrumb","itemListElement":[{"@type":"ListItem","position":1,"name":"Accueil","item":"https:\/\/www.pressenza.com\/it\/"},{"@type":"ListItem","position":2,"name":"A Bolzano la bandiera curda"}]},{"@type":"WebSite","@id":"https:\/\/www.pressenza.com\/it\/#website","url":"https:\/\/www.pressenza.com\/it\/","name":"Pressenza","description":"Agenzia di Stampa Internazionale","publisher":{"@id":"https:\/\/www.pressenza.com\/it\/#organization"},"potentialAction":[{"@type":"SearchAction","target":{"@type":"EntryPoint","urlTemplate":"https:\/\/www.pressenza.com\/it\/?s={search_term_string}"},"query-input":{"@type":"PropertyValueSpecification","valueRequired":true,"valueName":"search_term_string"}}],"inLanguage":"it-IT"},{"@type":"Organization","@id":"https:\/\/www.pressenza.com\/it\/#organization","name":"Pressenza","url":"https:\/\/www.pressenza.com\/it\/","logo":{"@type":"ImageObject","inLanguage":"it-IT","@id":"https:\/\/www.pressenza.com\/it\/#\/schema\/logo\/image\/","url":"https:\/\/www.pressenza.com\/wp-content\/uploads\/2022\/10\/pressenza_logo_200x200.jpg","contentUrl":"https:\/\/www.pressenza.com\/wp-content\/uploads\/2022\/10\/pressenza_logo_200x200.jpg","width":200,"height":200,"caption":"Pressenza"},"image":{"@id":"https:\/\/www.pressenza.com\/it\/#\/schema\/logo\/image\/"},"sameAs":["https:\/\/www.facebook.com\/PressenzaItalia","https:\/\/x.com\/PressenzaIPA"]},{"@type":"Person","@id":"https:\/\/www.pressenza.com\/it\/#\/schema\/person\/cdd4529aa9392a0fa5dc5a848b317076","name":"Associazione per i Popoli Minacciati","description":"L'APM d\u00e0 voce alle vittime delle violazioni dei diritti umani. Assieme alle vittime, ci impegniamo per i diritti delle minoranze etniche, linguistiche e religiose minacciate e perseguitate, dei popoli senza Stato e delle comunit\u00e0 dei popoli indigeni. Senza condizionamenti politici o ideologici rendiamo noti crimini contro l'umanit\u00e0 e accusiamo i responsabili di genocidi, di esodi di massa, di repressioni, di persecuzioni e di discriminazioni. Siamo sempre dalla parte delle vittime di arbitr\u00ee e violenze. Con il nostro stato consultivo presso le Nazioni Unite abbiamo il diritto di parola alle Conferenze internazionali. In questo modo consentiamo ai rappresentanti di queste minoranze l'accesso agli organi dell'ONU. La nostra organizzazione lavora al livello internazionale: l'APM si trova in Germania, Italia (Sudtirolo), Francia, Svizzera, Austria, Lussemburgo e Bosnia-Herzegowina. www.gfbv.it","sameAs":["http:\/\/www.gfbv.it\/","https:\/\/www.facebook.com\/popoliminacciati"],"url":"https:\/\/www.pressenza.com\/it\/author\/associazione-per-i-popoli-minacciati\/"}]}},"place":"","original_article_url":"","_links":{"self":[{"href":"https:\/\/www.pressenza.com\/it\/wp-json\/wp\/v2\/posts\/153798","targetHints":{"allow":["GET"]}}],"collection":[{"href":"https:\/\/www.pressenza.com\/it\/wp-json\/wp\/v2\/posts"}],"about":[{"href":"https:\/\/www.pressenza.com\/it\/wp-json\/wp\/v2\/types\/post"}],"author":[{"embeddable":true,"href":"https:\/\/www.pressenza.com\/it\/wp-json\/wp\/v2\/users\/903"}],"replies":[{"embeddable":true,"href":"https:\/\/www.pressenza.com\/it\/wp-json\/wp\/v2\/comments?post=153798"}],"version-history":[{"count":0,"href":"https:\/\/www.pressenza.com\/it\/wp-json\/wp\/v2\/posts\/153798\/revisions"}],"wp:featuredmedia":[{"embeddable":true,"href":"https:\/\/www.pressenza.com\/it\/wp-json\/wp\/v2\/media\/153799"}],"wp:attachment":[{"href":"https:\/\/www.pressenza.com\/it\/wp-json\/wp\/v2\/media?parent=153798"}],"wp:term":[{"taxonomy":"category","embeddable":true,"href":"https:\/\/www.pressenza.com\/it\/wp-json\/wp\/v2\/categories?post=153798"},{"taxonomy":"post_tag","embeddable":true,"href":"https:\/\/www.pressenza.com\/it\/wp-json\/wp\/v2\/tags?post=153798"}],"curies":[{"name":"wp","href":"https:\/\/api.w.org\/{rel}","templated":true}]}}