{"id":1537327,"date":"2022-03-08T17:15:48","date_gmt":"2022-03-08T17:15:48","guid":{"rendered":"https:\/\/www.pressenza.com\/?p=1537327"},"modified":"2022-03-08T17:18:29","modified_gmt":"2022-03-08T17:18:29","slug":"la-resistenza-nonviolenta-in-russia-e-ucraina-prosegue","status":"publish","type":"post","link":"https:\/\/www.pressenza.com\/it\/2022\/03\/la-resistenza-nonviolenta-in-russia-e-ucraina-prosegue\/","title":{"rendered":"La resistenza nonviolenta in Russia e Ucraina prosegue"},"content":{"rendered":"<p>Elena Popova, riferimento del Movimento per gli Obiettori di Coscienza Russi, \u00e8 stata rilasciata dalla polizia di San Pietroburgo. L\u2019attivista era stata fermata insieme ad altre donne che si opponevano all\u2019arresto dei molti giovani e uomini in protesta contro la guerra. Alcuni di loro sono ancora in carcere e si sta attivando una rete di difesa legale che il Movimento Nonviolento intende supportare insieme alle sue reti internazionali WRI ed EBCO-BEOC. Intanto, la loro resistenza continua con azioni miste, online e in piazza, tra cui la distribuzione di <strong>volantini \u201cIo rifiuto di partecipare alla guerra\u201d <\/strong>(il testo completo tradotto in italiano si pu\u00f2 trovare al link: <a href=\"https:\/\/www.azionenonviolenta.it\/la-resistenza-nonviolenta-in-russia-e-ucraina-prosegue-pubblichiamo-il-testo-dei-volantini-russi-per-la-diserzione-e-lobiezione-di-coscienza\/\">https:\/\/www.azionenonviolenta.it\/la-resistenza-nonviolenta-in-russia-e-ucraina-prosegue-pubblichiamo-il-testo-dei-volantini-russi-per-la-diserzione-e-lobiezione-di-coscienza\/<\/a>)<\/p>\n<p><strong>Yurii Sheliazhenko da Kiev ci chiede di sostenere la resistenza nonviolenta<\/strong><\/p>\n<p>Nel frattempo, dall\u2019Ucraina Yurii Sheliazhenko ci fa sapere che la loro attivit\u00e0 pacifista \u00e8 ogni giorno pi\u00f9 difficile e che innumerevoli rifugiati sono bloccati ogni giorno nella citt\u00e0 ucraina occidentale di Lviv, sperando di ottenere un posto su un treno diretto in Polonia. Tra questi numerosi giovani, pacifisti che non vogliono combattere.<\/p>\n<p>Non tutti gli ucraini si offrono volontari per il servizio militare. Ci sono tanti giovani che non vogliono combattere e perdere la vita in guerra. Sasha e Nikita sono due giovani pacifisti disertori ora bloccati a Leopoli come sfollati interni. Non sono autorizzati a lasciare il paese: a tutti i maschi ucraini di et\u00e0 compresa tra i 18 ei 60 anni \u00e8 vietato farlo. Anche su questo specifico aspetto il Movimento Nonviolento si sta muovendo con i suoi contatti internazionali per il riconoscimento degli obiettori di coscienza e disertori come rifugiati.<\/p>\n<p>Su\u00a0<em>Azione nonviolenta\u00a0<\/em>continueremo ad aggiornarvi alle piazze russe ed ucraine nei prossimi giorni.<\/p>\n<p>&nbsp;<\/p>\n<p>&nbsp;<\/p>\n<p>&nbsp;<\/p>\n<p>&nbsp;<\/p>\n","protected":false},"excerpt":{"rendered":"<p>Elena Popova, riferimento del Movimento per gli Obiettori di Coscienza Russi, \u00e8 stata rilasciata dalla polizia di San Pietroburgo. L\u2019attivista era stata fermata insieme ad altre donne che si opponevano all\u2019arresto dei molti giovani e uomini in protesta contro la&hellip;<\/p>\n","protected":false},"author":1159,"featured_media":1537328,"comment_status":"closed","ping_status":"closed","sticky":false,"template":"","format":"standard","meta":{"footnotes":""},"categories":[47,1262,1263],"tags":[5284,4103,1007,3420,2804,8514],"class_list":["post-1537327","post","type-post","status-publish","format-standard","has-post-thumbnail","hentry","category-europa","category-nonviolenza-argomento","category-pace-disarmo","tag-arresti","tag-obiettori-di-coscienza","tag-pacifisti","tag-rifugiati","tag-russia-it","tag-ucraina"],"yoast_head":"<!-- This site is optimized with the Yoast SEO plugin v27.1.1 - https:\/\/yoast.com\/product\/yoast-seo-wordpress\/ -->\n<title>La resistenza nonviolenta in Russia e Ucraina prosegue<\/title>\n<meta name=\"description\" content=\"Elena Popova, riferimento del Movimento per gli Obiettori di Coscienza Russi, \u00e8 stata rilasciata dalla polizia di San Pietroburgo. L\u2019attivista era stata\" \/>\n<meta name=\"robots\" content=\"index, follow, max-snippet:-1, max-image-preview:large, max-video-preview:-1\" \/>\n<link rel=\"canonical\" href=\"https:\/\/www.pressenza.com\/it\/2022\/03\/la-resistenza-nonviolenta-in-russia-e-ucraina-prosegue\/\" \/>\n<meta property=\"og:locale\" content=\"it_IT\" \/>\n<meta property=\"og:type\" content=\"article\" \/>\n<meta property=\"og:title\" content=\"La resistenza nonviolenta in Russia e Ucraina prosegue\" \/>\n<meta property=\"og:description\" content=\"Elena Popova, riferimento del Movimento per gli Obiettori di Coscienza Russi, \u00e8 stata rilasciata dalla polizia di San Pietroburgo. L\u2019attivista era stata\" \/>\n<meta property=\"og:url\" content=\"https:\/\/www.pressenza.com\/it\/2022\/03\/la-resistenza-nonviolenta-in-russia-e-ucraina-prosegue\/\" \/>\n<meta property=\"og:site_name\" content=\"Pressenza\" \/>\n<meta property=\"article:publisher\" content=\"https:\/\/www.facebook.com\/PressenzaItalia\" \/>\n<meta property=\"article:published_time\" content=\"2022-03-08T17:15:48+00:00\" \/>\n<meta property=\"article:modified_time\" content=\"2022-03-08T17:18:29+00:00\" \/>\n<meta property=\"og:image\" content=\"https:\/\/www.pressenza.com\/wp-content\/uploads\/2022\/03\/Pacifista-russo-trascinato.jpg\" \/>\n\t<meta property=\"og:image:width\" content=\"1165\" \/>\n\t<meta property=\"og:image:height\" content=\"935\" \/>\n\t<meta property=\"og:image:type\" content=\"image\/jpeg\" \/>\n<meta name=\"author\" content=\"Azione Nonviolenta\" \/>\n<meta name=\"twitter:card\" content=\"summary_large_image\" \/>\n<meta name=\"twitter:creator\" content=\"@PressenzaIPA\" \/>\n<meta name=\"twitter:site\" content=\"@PressenzaIPA\" \/>\n<meta name=\"twitter:label1\" content=\"Scritto da\" \/>\n\t<meta name=\"twitter:data1\" content=\"Azione Nonviolenta\" \/>\n\t<meta name=\"twitter:label2\" content=\"Tempo di lettura stimato\" \/>\n\t<meta name=\"twitter:data2\" content=\"2 minuti\" \/>\n<script type=\"application\/ld+json\" class=\"yoast-schema-graph\">{\"@context\":\"https:\/\/schema.org\",\"@graph\":[{\"@type\":\"Article\",\"@id\":\"https:\/\/www.pressenza.com\/it\/2022\/03\/la-resistenza-nonviolenta-in-russia-e-ucraina-prosegue\/#article\",\"isPartOf\":{\"@id\":\"https:\/\/www.pressenza.com\/it\/2022\/03\/la-resistenza-nonviolenta-in-russia-e-ucraina-prosegue\/\"},\"author\":{\"name\":\"Azione Nonviolenta\",\"@id\":\"https:\/\/www.pressenza.com\/it\/#\/schema\/person\/8028f12ab3e28d2bacaad50f0b49a48e\"},\"headline\":\"La resistenza nonviolenta in Russia e Ucraina prosegue\",\"datePublished\":\"2022-03-08T17:15:48+00:00\",\"dateModified\":\"2022-03-08T17:18:29+00:00\",\"mainEntityOfPage\":{\"@id\":\"https:\/\/www.pressenza.com\/it\/2022\/03\/la-resistenza-nonviolenta-in-russia-e-ucraina-prosegue\/\"},\"wordCount\":289,\"publisher\":{\"@id\":\"https:\/\/www.pressenza.com\/it\/#organization\"},\"image\":{\"@id\":\"https:\/\/www.pressenza.com\/it\/2022\/03\/la-resistenza-nonviolenta-in-russia-e-ucraina-prosegue\/#primaryimage\"},\"thumbnailUrl\":\"https:\/\/www.pressenza.com\/wp-content\/uploads\/2022\/03\/Pacifista-russo-trascinato.jpg\",\"keywords\":[\"arresti\",\"obiettori di coscienza\",\"pacifisti\",\"rifugiati\",\"Russia\",\"Ucraina\"],\"articleSection\":[\"Europa\",\"Nonviolenza\",\"Pace e Disarmo\"],\"inLanguage\":\"it-IT\"},{\"@type\":\"WebPage\",\"@id\":\"https:\/\/www.pressenza.com\/it\/2022\/03\/la-resistenza-nonviolenta-in-russia-e-ucraina-prosegue\/\",\"url\":\"https:\/\/www.pressenza.com\/it\/2022\/03\/la-resistenza-nonviolenta-in-russia-e-ucraina-prosegue\/\",\"name\":\"La resistenza nonviolenta in Russia e Ucraina prosegue\",\"isPartOf\":{\"@id\":\"https:\/\/www.pressenza.com\/it\/#website\"},\"primaryImageOfPage\":{\"@id\":\"https:\/\/www.pressenza.com\/it\/2022\/03\/la-resistenza-nonviolenta-in-russia-e-ucraina-prosegue\/#primaryimage\"},\"image\":{\"@id\":\"https:\/\/www.pressenza.com\/it\/2022\/03\/la-resistenza-nonviolenta-in-russia-e-ucraina-prosegue\/#primaryimage\"},\"thumbnailUrl\":\"https:\/\/www.pressenza.com\/wp-content\/uploads\/2022\/03\/Pacifista-russo-trascinato.jpg\",\"datePublished\":\"2022-03-08T17:15:48+00:00\",\"dateModified\":\"2022-03-08T17:18:29+00:00\",\"description\":\"Elena Popova, riferimento del Movimento per gli Obiettori di Coscienza Russi, \u00e8 stata rilasciata dalla polizia di San Pietroburgo. L\u2019attivista era stata\",\"breadcrumb\":{\"@id\":\"https:\/\/www.pressenza.com\/it\/2022\/03\/la-resistenza-nonviolenta-in-russia-e-ucraina-prosegue\/#breadcrumb\"},\"inLanguage\":\"it-IT\",\"potentialAction\":[{\"@type\":\"ReadAction\",\"target\":[\"https:\/\/www.pressenza.com\/it\/2022\/03\/la-resistenza-nonviolenta-in-russia-e-ucraina-prosegue\/\"]}]},{\"@type\":\"ImageObject\",\"inLanguage\":\"it-IT\",\"@id\":\"https:\/\/www.pressenza.com\/it\/2022\/03\/la-resistenza-nonviolenta-in-russia-e-ucraina-prosegue\/#primaryimage\",\"url\":\"https:\/\/www.pressenza.com\/wp-content\/uploads\/2022\/03\/Pacifista-russo-trascinato.jpg\",\"contentUrl\":\"https:\/\/www.pressenza.com\/wp-content\/uploads\/2022\/03\/Pacifista-russo-trascinato.jpg\",\"width\":1165,\"height\":935},{\"@type\":\"BreadcrumbList\",\"@id\":\"https:\/\/www.pressenza.com\/it\/2022\/03\/la-resistenza-nonviolenta-in-russia-e-ucraina-prosegue\/#breadcrumb\",\"itemListElement\":[{\"@type\":\"ListItem\",\"position\":1,\"name\":\"Accueil\",\"item\":\"https:\/\/www.pressenza.com\/it\/\"},{\"@type\":\"ListItem\",\"position\":2,\"name\":\"La resistenza nonviolenta in Russia e Ucraina prosegue\"}]},{\"@type\":\"WebSite\",\"@id\":\"https:\/\/www.pressenza.com\/it\/#website\",\"url\":\"https:\/\/www.pressenza.com\/it\/\",\"name\":\"Pressenza\",\"description\":\"Agenzia di Stampa Internazionale\",\"publisher\":{\"@id\":\"https:\/\/www.pressenza.com\/it\/#organization\"},\"potentialAction\":[{\"@type\":\"SearchAction\",\"target\":{\"@type\":\"EntryPoint\",\"urlTemplate\":\"https:\/\/www.pressenza.com\/it\/?s={search_term_string}\"},\"query-input\":{\"@type\":\"PropertyValueSpecification\",\"valueRequired\":true,\"valueName\":\"search_term_string\"}}],\"inLanguage\":\"it-IT\"},{\"@type\":\"Organization\",\"@id\":\"https:\/\/www.pressenza.com\/it\/#organization\",\"name\":\"Pressenza\",\"url\":\"https:\/\/www.pressenza.com\/it\/\",\"logo\":{\"@type\":\"ImageObject\",\"inLanguage\":\"it-IT\",\"@id\":\"https:\/\/www.pressenza.com\/it\/#\/schema\/logo\/image\/\",\"url\":\"https:\/\/www.pressenza.com\/wp-content\/uploads\/2022\/10\/pressenza_logo_200x200.jpg\",\"contentUrl\":\"https:\/\/www.pressenza.com\/wp-content\/uploads\/2022\/10\/pressenza_logo_200x200.jpg\",\"width\":200,\"height\":200,\"caption\":\"Pressenza\"},\"image\":{\"@id\":\"https:\/\/www.pressenza.com\/it\/#\/schema\/logo\/image\/\"},\"sameAs\":[\"https:\/\/www.facebook.com\/PressenzaItalia\",\"https:\/\/x.com\/PressenzaIPA\"]},{\"@type\":\"Person\",\"@id\":\"https:\/\/www.pressenza.com\/it\/#\/schema\/person\/8028f12ab3e28d2bacaad50f0b49a48e\",\"name\":\"Azione Nonviolenta\",\"url\":\"https:\/\/www.pressenza.com\/it\/author\/azione-nonviolenta\/\"}]}<\/script>\n<!-- \/ Yoast SEO plugin. -->","yoast_head_json":{"title":"La resistenza nonviolenta in Russia e Ucraina prosegue","description":"Elena Popova, riferimento del Movimento per gli Obiettori di Coscienza Russi, \u00e8 stata rilasciata dalla polizia di San Pietroburgo. L\u2019attivista era stata","robots":{"index":"index","follow":"follow","max-snippet":"max-snippet:-1","max-image-preview":"max-image-preview:large","max-video-preview":"max-video-preview:-1"},"canonical":"https:\/\/www.pressenza.com\/it\/2022\/03\/la-resistenza-nonviolenta-in-russia-e-ucraina-prosegue\/","og_locale":"it_IT","og_type":"article","og_title":"La resistenza nonviolenta in Russia e Ucraina prosegue","og_description":"Elena Popova, riferimento del Movimento per gli Obiettori di Coscienza Russi, \u00e8 stata rilasciata dalla polizia di San Pietroburgo. L\u2019attivista era stata","og_url":"https:\/\/www.pressenza.com\/it\/2022\/03\/la-resistenza-nonviolenta-in-russia-e-ucraina-prosegue\/","og_site_name":"Pressenza","article_publisher":"https:\/\/www.facebook.com\/PressenzaItalia","article_published_time":"2022-03-08T17:15:48+00:00","article_modified_time":"2022-03-08T17:18:29+00:00","og_image":[{"width":1165,"height":935,"url":"https:\/\/www.pressenza.com\/wp-content\/uploads\/2022\/03\/Pacifista-russo-trascinato.jpg","type":"image\/jpeg"}],"author":"Azione Nonviolenta","twitter_card":"summary_large_image","twitter_creator":"@PressenzaIPA","twitter_site":"@PressenzaIPA","twitter_misc":{"Scritto da":"Azione Nonviolenta","Tempo di lettura stimato":"2 minuti"},"schema":{"@context":"https:\/\/schema.org","@graph":[{"@type":"Article","@id":"https:\/\/www.pressenza.com\/it\/2022\/03\/la-resistenza-nonviolenta-in-russia-e-ucraina-prosegue\/#article","isPartOf":{"@id":"https:\/\/www.pressenza.com\/it\/2022\/03\/la-resistenza-nonviolenta-in-russia-e-ucraina-prosegue\/"},"author":{"name":"Azione Nonviolenta","@id":"https:\/\/www.pressenza.com\/it\/#\/schema\/person\/8028f12ab3e28d2bacaad50f0b49a48e"},"headline":"La resistenza nonviolenta in Russia e Ucraina prosegue","datePublished":"2022-03-08T17:15:48+00:00","dateModified":"2022-03-08T17:18:29+00:00","mainEntityOfPage":{"@id":"https:\/\/www.pressenza.com\/it\/2022\/03\/la-resistenza-nonviolenta-in-russia-e-ucraina-prosegue\/"},"wordCount":289,"publisher":{"@id":"https:\/\/www.pressenza.com\/it\/#organization"},"image":{"@id":"https:\/\/www.pressenza.com\/it\/2022\/03\/la-resistenza-nonviolenta-in-russia-e-ucraina-prosegue\/#primaryimage"},"thumbnailUrl":"https:\/\/www.pressenza.com\/wp-content\/uploads\/2022\/03\/Pacifista-russo-trascinato.jpg","keywords":["arresti","obiettori di coscienza","pacifisti","rifugiati","Russia","Ucraina"],"articleSection":["Europa","Nonviolenza","Pace e Disarmo"],"inLanguage":"it-IT"},{"@type":"WebPage","@id":"https:\/\/www.pressenza.com\/it\/2022\/03\/la-resistenza-nonviolenta-in-russia-e-ucraina-prosegue\/","url":"https:\/\/www.pressenza.com\/it\/2022\/03\/la-resistenza-nonviolenta-in-russia-e-ucraina-prosegue\/","name":"La resistenza nonviolenta in Russia e Ucraina prosegue","isPartOf":{"@id":"https:\/\/www.pressenza.com\/it\/#website"},"primaryImageOfPage":{"@id":"https:\/\/www.pressenza.com\/it\/2022\/03\/la-resistenza-nonviolenta-in-russia-e-ucraina-prosegue\/#primaryimage"},"image":{"@id":"https:\/\/www.pressenza.com\/it\/2022\/03\/la-resistenza-nonviolenta-in-russia-e-ucraina-prosegue\/#primaryimage"},"thumbnailUrl":"https:\/\/www.pressenza.com\/wp-content\/uploads\/2022\/03\/Pacifista-russo-trascinato.jpg","datePublished":"2022-03-08T17:15:48+00:00","dateModified":"2022-03-08T17:18:29+00:00","description":"Elena Popova, riferimento del Movimento per gli Obiettori di Coscienza Russi, \u00e8 stata rilasciata dalla polizia di San Pietroburgo. L\u2019attivista era stata","breadcrumb":{"@id":"https:\/\/www.pressenza.com\/it\/2022\/03\/la-resistenza-nonviolenta-in-russia-e-ucraina-prosegue\/#breadcrumb"},"inLanguage":"it-IT","potentialAction":[{"@type":"ReadAction","target":["https:\/\/www.pressenza.com\/it\/2022\/03\/la-resistenza-nonviolenta-in-russia-e-ucraina-prosegue\/"]}]},{"@type":"ImageObject","inLanguage":"it-IT","@id":"https:\/\/www.pressenza.com\/it\/2022\/03\/la-resistenza-nonviolenta-in-russia-e-ucraina-prosegue\/#primaryimage","url":"https:\/\/www.pressenza.com\/wp-content\/uploads\/2022\/03\/Pacifista-russo-trascinato.jpg","contentUrl":"https:\/\/www.pressenza.com\/wp-content\/uploads\/2022\/03\/Pacifista-russo-trascinato.jpg","width":1165,"height":935},{"@type":"BreadcrumbList","@id":"https:\/\/www.pressenza.com\/it\/2022\/03\/la-resistenza-nonviolenta-in-russia-e-ucraina-prosegue\/#breadcrumb","itemListElement":[{"@type":"ListItem","position":1,"name":"Accueil","item":"https:\/\/www.pressenza.com\/it\/"},{"@type":"ListItem","position":2,"name":"La resistenza nonviolenta in Russia e Ucraina prosegue"}]},{"@type":"WebSite","@id":"https:\/\/www.pressenza.com\/it\/#website","url":"https:\/\/www.pressenza.com\/it\/","name":"Pressenza","description":"Agenzia di Stampa Internazionale","publisher":{"@id":"https:\/\/www.pressenza.com\/it\/#organization"},"potentialAction":[{"@type":"SearchAction","target":{"@type":"EntryPoint","urlTemplate":"https:\/\/www.pressenza.com\/it\/?s={search_term_string}"},"query-input":{"@type":"PropertyValueSpecification","valueRequired":true,"valueName":"search_term_string"}}],"inLanguage":"it-IT"},{"@type":"Organization","@id":"https:\/\/www.pressenza.com\/it\/#organization","name":"Pressenza","url":"https:\/\/www.pressenza.com\/it\/","logo":{"@type":"ImageObject","inLanguage":"it-IT","@id":"https:\/\/www.pressenza.com\/it\/#\/schema\/logo\/image\/","url":"https:\/\/www.pressenza.com\/wp-content\/uploads\/2022\/10\/pressenza_logo_200x200.jpg","contentUrl":"https:\/\/www.pressenza.com\/wp-content\/uploads\/2022\/10\/pressenza_logo_200x200.jpg","width":200,"height":200,"caption":"Pressenza"},"image":{"@id":"https:\/\/www.pressenza.com\/it\/#\/schema\/logo\/image\/"},"sameAs":["https:\/\/www.facebook.com\/PressenzaItalia","https:\/\/x.com\/PressenzaIPA"]},{"@type":"Person","@id":"https:\/\/www.pressenza.com\/it\/#\/schema\/person\/8028f12ab3e28d2bacaad50f0b49a48e","name":"Azione Nonviolenta","url":"https:\/\/www.pressenza.com\/it\/author\/azione-nonviolenta\/"}]}},"place":"","original_article_url":"","_links":{"self":[{"href":"https:\/\/www.pressenza.com\/it\/wp-json\/wp\/v2\/posts\/1537327","targetHints":{"allow":["GET"]}}],"collection":[{"href":"https:\/\/www.pressenza.com\/it\/wp-json\/wp\/v2\/posts"}],"about":[{"href":"https:\/\/www.pressenza.com\/it\/wp-json\/wp\/v2\/types\/post"}],"author":[{"embeddable":true,"href":"https:\/\/www.pressenza.com\/it\/wp-json\/wp\/v2\/users\/1159"}],"replies":[{"embeddable":true,"href":"https:\/\/www.pressenza.com\/it\/wp-json\/wp\/v2\/comments?post=1537327"}],"version-history":[{"count":0,"href":"https:\/\/www.pressenza.com\/it\/wp-json\/wp\/v2\/posts\/1537327\/revisions"}],"wp:featuredmedia":[{"embeddable":true,"href":"https:\/\/www.pressenza.com\/it\/wp-json\/wp\/v2\/media\/1537328"}],"wp:attachment":[{"href":"https:\/\/www.pressenza.com\/it\/wp-json\/wp\/v2\/media?parent=1537327"}],"wp:term":[{"taxonomy":"category","embeddable":true,"href":"https:\/\/www.pressenza.com\/it\/wp-json\/wp\/v2\/categories?post=1537327"},{"taxonomy":"post_tag","embeddable":true,"href":"https:\/\/www.pressenza.com\/it\/wp-json\/wp\/v2\/tags?post=1537327"}],"curies":[{"name":"wp","href":"https:\/\/api.w.org\/{rel}","templated":true}]}}