{"id":153533,"date":"2014-12-17T17:56:52","date_gmt":"2014-12-17T17:56:52","guid":{"rendered":"http:\/\/www.pressenza.com\/?p=153533"},"modified":"2014-12-17T17:59:08","modified_gmt":"2014-12-17T17:59:08","slug":"peacelink-ammessa-parte-civile-nel-processo-ilva","status":"publish","type":"post","link":"https:\/\/www.pressenza.com\/it\/2014\/12\/peacelink-ammessa-parte-civile-nel-processo-ilva\/","title":{"rendered":"PeaceLink ammessa parte civile nel processo Ilva"},"content":{"rendered":"<p style=\"text-align: justify;\"><span class=\"userContent\" data-ft=\"{&quot;tn&quot;:&quot;K&quot;}\">Oggi (16 dicembre, <em>NdR<\/em>) eravamo presenti nell&#8217;udienza preliminare e abbiamo ascoltato con grande emozione il pronunciamento del GUP: PeaceLink \u00e8 ammessa parte civile nel processo all&#8217;ILVA.<\/span><\/p>\n<p>Oltre all&#8217;associazione nazionale PeaceLink, presente in diverse regioni italiane, \u00e8 stato ammesso anche il nodo tarantino dell&#8217;associazione che in questi anni \u00e8 stato un punto di<span class=\"text_exposed_show\"> riferimento per quelle ecosentinelle che fotografano, filmano e misurano a Taranto l&#8217;inquinamento, senza sosta e senza mai scoraggiarsi.<\/span><\/p>\n<p>Il GUP, dottoressa Wilma Gilli, ha ravvisato in PeaceLink tutti i requisiti formali e sostanziali per la costituzione di parte civile nel processo, sia per il radicamento sia per la continut\u00e0 dell&#8217;operato svolto.<\/p>\n<p>Il riconoscimento come parte civile ci riempie di un&#8217;enorme soddisfazione e ci carica di un&#8217;ulteriore grande responsabilit\u00e0. Dobbiamo e vogliamo dare voce ai cittadini, alle loro speranze e alla loro voglia di legalit\u00e0. Lo faremo da ora in poi anche nell&#8217;aula del tribunale.<\/p>\n<p>Nel processo, con le altre associazioni ammesse, PeaceLink diventer\u00e0 un riferimento per rivendicare verit\u00e0 e giustizia per tutti coloro che in questi anni non hanno avuto verit\u00e0 e giustizia ma solo inquinamento, malattia e morte.<\/p>\n<p>Nel marzo 2008 abbiamo consegnato in Procura le analisi del pecorino contaminato dalla diossina. Da allora abbiamo stretto un&#8217;alleanza fortissima con gli allevatori danneggiati. \u00c8 stata l&#8217;alleanza vincente per procedere con convinta determinazione nella lunga e difficile fase delle indagini di &#8220;Ambiente Svenduto&#8221;.<\/p>\n<p>Abbiamo sempre pensato che il disastro della diossina a Taranto fosse un caso internazionale a cui era stata messa la sordina. Vivevamo un disastro ambientale senza precedenti, ma il nostro grido di dolore subiva il silenziatore della malapolitica. La diossina \u00e8 stata la nostra bandiera maledetta per chiedere giustizia e salute. Ora vogliamo cogliere quel vento di legalit\u00e0 che da tempo aspettavamo, e che sembra finalmente arrivato.<\/p>\n<p>Un grande ringraziamento va al nostro avvocato, Sergio Torsella, per la dedizione e il contributo di competenza dato in questi anni e ora coronato dalla costituzione di parte civile.<\/p>\n<p><em>Alessandro Marescotti &#8211; presidente nazionale di PeaceLink<\/em><br \/>\n<em> Fulvia Gravame &#8211; responsabile nodo PeaceLink di Taranto<\/em><br \/>\n<em> Piero Mottolese &#8211; ecosentinella di PeaceLink<\/em><\/p>\n","protected":false},"excerpt":{"rendered":"<p>Oggi (16 dicembre, NdR) eravamo presenti nell&#8217;udienza preliminare e abbiamo ascoltato con grande emozione il pronunciamento del GUP: PeaceLink \u00e8 ammessa parte civile nel processo all&#8217;ILVA. Oltre all&#8217;associazione nazionale PeaceLink, presente in diverse regioni italiane, \u00e8 stato ammesso anche il&hellip;<\/p>\n","protected":false},"author":245,"featured_media":153534,"comment_status":"closed","ping_status":"open","sticky":false,"template":"","format":"standard","meta":{"footnotes":""},"categories":[150,56,59,47,1259],"tags":[225,13696,226,178,370,359,3783,227],"class_list":["post-153533","post","type-post","status-publish","format-standard","has-post-thumbnail","hentry","category-comunicati-stampa","category-cultura","category-ambiente-ecologia","category-europa","category-salute-argomento","tag-ambiente","tag-ecologia-e-ambiente","tag-ilva","tag-inquinamento","tag-italia","tag-peacelink-2","tag-processo","tag-taranto"],"yoast_head":"<!-- This site is optimized with the Yoast SEO plugin v27.1.1 - https:\/\/yoast.com\/product\/yoast-seo-wordpress\/ -->\n<title>PeaceLink ammessa parte civile nel processo Ilva<\/title>\n<meta name=\"description\" content=\"Il pronunciamento del GUP: \u00e8 ammessa parte civile nel processo all&#039;Ilva di Taranto PeaceLink, punto di riferimento per le &quot;ecosentinelle&quot; dell&#039;inquinamento\" \/>\n<meta name=\"robots\" content=\"index, follow, max-snippet:-1, max-image-preview:large, max-video-preview:-1\" \/>\n<link rel=\"canonical\" href=\"https:\/\/www.pressenza.com\/it\/2014\/12\/peacelink-ammessa-parte-civile-nel-processo-ilva\/\" \/>\n<meta property=\"og:locale\" content=\"it_IT\" \/>\n<meta property=\"og:type\" content=\"article\" \/>\n<meta property=\"og:title\" content=\"PeaceLink ammessa parte civile nel processo Ilva\" \/>\n<meta property=\"og:description\" content=\"Il pronunciamento del GUP: \u00e8 ammessa parte civile nel processo all&#039;Ilva di Taranto PeaceLink, punto di riferimento per le &quot;ecosentinelle&quot; dell&#039;inquinamento\" \/>\n<meta property=\"og:url\" content=\"https:\/\/www.pressenza.com\/it\/2014\/12\/peacelink-ammessa-parte-civile-nel-processo-ilva\/\" \/>\n<meta property=\"og:site_name\" content=\"Pressenza\" \/>\n<meta property=\"article:publisher\" content=\"https:\/\/www.facebook.com\/PressenzaItalia\" \/>\n<meta property=\"article:published_time\" content=\"2014-12-17T17:56:52+00:00\" \/>\n<meta property=\"article:modified_time\" content=\"2014-12-17T17:59:08+00:00\" \/>\n<meta property=\"og:image\" content=\"https:\/\/www.pressenza.com\/wp-content\/uploads\/2014\/12\/processo-ilva-peacelink.jpg\" \/>\n\t<meta property=\"og:image:width\" content=\"1024\" \/>\n\t<meta property=\"og:image:height\" content=\"680\" \/>\n\t<meta property=\"og:image:type\" content=\"image\/jpeg\" \/>\n<meta name=\"author\" content=\"Peacelink Telematica per la Pace\" \/>\n<meta name=\"twitter:card\" content=\"summary_large_image\" \/>\n<meta name=\"twitter:creator\" content=\"@PressenzaIPA\" \/>\n<meta name=\"twitter:site\" content=\"@PressenzaIPA\" \/>\n<meta name=\"twitter:label1\" content=\"Scritto da\" \/>\n\t<meta name=\"twitter:data1\" content=\"Peacelink Telematica per la Pace\" \/>\n\t<meta name=\"twitter:label2\" content=\"Tempo di lettura stimato\" \/>\n\t<meta name=\"twitter:data2\" content=\"2 minuti\" \/>\n<script type=\"application\/ld+json\" class=\"yoast-schema-graph\">{\"@context\":\"https:\/\/schema.org\",\"@graph\":[{\"@type\":\"Article\",\"@id\":\"https:\/\/www.pressenza.com\/it\/2014\/12\/peacelink-ammessa-parte-civile-nel-processo-ilva\/#article\",\"isPartOf\":{\"@id\":\"https:\/\/www.pressenza.com\/it\/2014\/12\/peacelink-ammessa-parte-civile-nel-processo-ilva\/\"},\"author\":{\"name\":\"Peacelink Telematica per la Pace\",\"@id\":\"https:\/\/www.pressenza.com\/it\/#\/schema\/person\/63739deb4f1a044b79a37f44c6fb2759\"},\"headline\":\"PeaceLink ammessa parte civile nel processo Ilva\",\"datePublished\":\"2014-12-17T17:56:52+00:00\",\"dateModified\":\"2014-12-17T17:59:08+00:00\",\"mainEntityOfPage\":{\"@id\":\"https:\/\/www.pressenza.com\/it\/2014\/12\/peacelink-ammessa-parte-civile-nel-processo-ilva\/\"},\"wordCount\":352,\"publisher\":{\"@id\":\"https:\/\/www.pressenza.com\/it\/#organization\"},\"image\":{\"@id\":\"https:\/\/www.pressenza.com\/it\/2014\/12\/peacelink-ammessa-parte-civile-nel-processo-ilva\/#primaryimage\"},\"thumbnailUrl\":\"https:\/\/www.pressenza.com\/wp-content\/uploads\/2014\/12\/processo-ilva-peacelink.jpg\",\"keywords\":[\"ambiente\",\"ecologia e ambiente\",\"ILVA\",\"inquinamento\",\"Italia\",\"PeaceLink\",\"processo\",\"Taranto\"],\"articleSection\":[\"Comunicati Stampa\",\"Cultura e Media\",\"Ecologia ed Ambiente\",\"Europa\",\"Salute\"],\"inLanguage\":\"it-IT\"},{\"@type\":\"WebPage\",\"@id\":\"https:\/\/www.pressenza.com\/it\/2014\/12\/peacelink-ammessa-parte-civile-nel-processo-ilva\/\",\"url\":\"https:\/\/www.pressenza.com\/it\/2014\/12\/peacelink-ammessa-parte-civile-nel-processo-ilva\/\",\"name\":\"PeaceLink ammessa parte civile nel processo Ilva\",\"isPartOf\":{\"@id\":\"https:\/\/www.pressenza.com\/it\/#website\"},\"primaryImageOfPage\":{\"@id\":\"https:\/\/www.pressenza.com\/it\/2014\/12\/peacelink-ammessa-parte-civile-nel-processo-ilva\/#primaryimage\"},\"image\":{\"@id\":\"https:\/\/www.pressenza.com\/it\/2014\/12\/peacelink-ammessa-parte-civile-nel-processo-ilva\/#primaryimage\"},\"thumbnailUrl\":\"https:\/\/www.pressenza.com\/wp-content\/uploads\/2014\/12\/processo-ilva-peacelink.jpg\",\"datePublished\":\"2014-12-17T17:56:52+00:00\",\"dateModified\":\"2014-12-17T17:59:08+00:00\",\"description\":\"Il pronunciamento del GUP: \u00e8 ammessa parte civile nel processo all'Ilva di Taranto PeaceLink, punto di riferimento per le \\\"ecosentinelle\\\" dell'inquinamento\",\"breadcrumb\":{\"@id\":\"https:\/\/www.pressenza.com\/it\/2014\/12\/peacelink-ammessa-parte-civile-nel-processo-ilva\/#breadcrumb\"},\"inLanguage\":\"it-IT\",\"potentialAction\":[{\"@type\":\"ReadAction\",\"target\":[\"https:\/\/www.pressenza.com\/it\/2014\/12\/peacelink-ammessa-parte-civile-nel-processo-ilva\/\"]}]},{\"@type\":\"ImageObject\",\"inLanguage\":\"it-IT\",\"@id\":\"https:\/\/www.pressenza.com\/it\/2014\/12\/peacelink-ammessa-parte-civile-nel-processo-ilva\/#primaryimage\",\"url\":\"https:\/\/www.pressenza.com\/wp-content\/uploads\/2014\/12\/processo-ilva-peacelink.jpg\",\"contentUrl\":\"https:\/\/www.pressenza.com\/wp-content\/uploads\/2014\/12\/processo-ilva-peacelink.jpg\",\"width\":1024,\"height\":680,\"caption\":\"processo ilva peacelink parte civile\"},{\"@type\":\"BreadcrumbList\",\"@id\":\"https:\/\/www.pressenza.com\/it\/2014\/12\/peacelink-ammessa-parte-civile-nel-processo-ilva\/#breadcrumb\",\"itemListElement\":[{\"@type\":\"ListItem\",\"position\":1,\"name\":\"Accueil\",\"item\":\"https:\/\/www.pressenza.com\/it\/\"},{\"@type\":\"ListItem\",\"position\":2,\"name\":\"PeaceLink ammessa parte civile nel processo Ilva\"}]},{\"@type\":\"WebSite\",\"@id\":\"https:\/\/www.pressenza.com\/it\/#website\",\"url\":\"https:\/\/www.pressenza.com\/it\/\",\"name\":\"Pressenza\",\"description\":\"Agenzia di Stampa Internazionale\",\"publisher\":{\"@id\":\"https:\/\/www.pressenza.com\/it\/#organization\"},\"potentialAction\":[{\"@type\":\"SearchAction\",\"target\":{\"@type\":\"EntryPoint\",\"urlTemplate\":\"https:\/\/www.pressenza.com\/it\/?s={search_term_string}\"},\"query-input\":{\"@type\":\"PropertyValueSpecification\",\"valueRequired\":true,\"valueName\":\"search_term_string\"}}],\"inLanguage\":\"it-IT\"},{\"@type\":\"Organization\",\"@id\":\"https:\/\/www.pressenza.com\/it\/#organization\",\"name\":\"Pressenza\",\"url\":\"https:\/\/www.pressenza.com\/it\/\",\"logo\":{\"@type\":\"ImageObject\",\"inLanguage\":\"it-IT\",\"@id\":\"https:\/\/www.pressenza.com\/it\/#\/schema\/logo\/image\/\",\"url\":\"https:\/\/www.pressenza.com\/wp-content\/uploads\/2022\/10\/pressenza_logo_200x200.jpg\",\"contentUrl\":\"https:\/\/www.pressenza.com\/wp-content\/uploads\/2022\/10\/pressenza_logo_200x200.jpg\",\"width\":200,\"height\":200,\"caption\":\"Pressenza\"},\"image\":{\"@id\":\"https:\/\/www.pressenza.com\/it\/#\/schema\/logo\/image\/\"},\"sameAs\":[\"https:\/\/www.facebook.com\/PressenzaItalia\",\"https:\/\/x.com\/PressenzaIPA\"]},{\"@type\":\"Person\",\"@id\":\"https:\/\/www.pressenza.com\/it\/#\/schema\/person\/63739deb4f1a044b79a37f44c6fb2759\",\"name\":\"Peacelink Telematica per la Pace\",\"description\":\"Peacelink un'associazione di volontariato nata su rete telematica; promuove dal 1991 la cultura della solidariet\u00e0 e dei diritti umani, l'educazione alla pace, la cooperazione internazionale, il ripudio del razzismo e della mafia, la difesa dell'ambiente e della legalit\u00e0. http:\/\/www.peacelink.it\",\"url\":\"https:\/\/www.pressenza.com\/it\/author\/peacelink\/\"}]}<\/script>\n<!-- \/ Yoast SEO plugin. -->","yoast_head_json":{"title":"PeaceLink ammessa parte civile nel processo Ilva","description":"Il pronunciamento del GUP: \u00e8 ammessa parte civile nel processo all'Ilva di Taranto PeaceLink, punto di riferimento per le \"ecosentinelle\" dell'inquinamento","robots":{"index":"index","follow":"follow","max-snippet":"max-snippet:-1","max-image-preview":"max-image-preview:large","max-video-preview":"max-video-preview:-1"},"canonical":"https:\/\/www.pressenza.com\/it\/2014\/12\/peacelink-ammessa-parte-civile-nel-processo-ilva\/","og_locale":"it_IT","og_type":"article","og_title":"PeaceLink ammessa parte civile nel processo Ilva","og_description":"Il pronunciamento del GUP: \u00e8 ammessa parte civile nel processo all'Ilva di Taranto PeaceLink, punto di riferimento per le \"ecosentinelle\" dell'inquinamento","og_url":"https:\/\/www.pressenza.com\/it\/2014\/12\/peacelink-ammessa-parte-civile-nel-processo-ilva\/","og_site_name":"Pressenza","article_publisher":"https:\/\/www.facebook.com\/PressenzaItalia","article_published_time":"2014-12-17T17:56:52+00:00","article_modified_time":"2014-12-17T17:59:08+00:00","og_image":[{"width":1024,"height":680,"url":"https:\/\/www.pressenza.com\/wp-content\/uploads\/2014\/12\/processo-ilva-peacelink.jpg","type":"image\/jpeg"}],"author":"Peacelink Telematica per la Pace","twitter_card":"summary_large_image","twitter_creator":"@PressenzaIPA","twitter_site":"@PressenzaIPA","twitter_misc":{"Scritto da":"Peacelink Telematica per la Pace","Tempo di lettura stimato":"2 minuti"},"schema":{"@context":"https:\/\/schema.org","@graph":[{"@type":"Article","@id":"https:\/\/www.pressenza.com\/it\/2014\/12\/peacelink-ammessa-parte-civile-nel-processo-ilva\/#article","isPartOf":{"@id":"https:\/\/www.pressenza.com\/it\/2014\/12\/peacelink-ammessa-parte-civile-nel-processo-ilva\/"},"author":{"name":"Peacelink Telematica per la Pace","@id":"https:\/\/www.pressenza.com\/it\/#\/schema\/person\/63739deb4f1a044b79a37f44c6fb2759"},"headline":"PeaceLink ammessa parte civile nel processo Ilva","datePublished":"2014-12-17T17:56:52+00:00","dateModified":"2014-12-17T17:59:08+00:00","mainEntityOfPage":{"@id":"https:\/\/www.pressenza.com\/it\/2014\/12\/peacelink-ammessa-parte-civile-nel-processo-ilva\/"},"wordCount":352,"publisher":{"@id":"https:\/\/www.pressenza.com\/it\/#organization"},"image":{"@id":"https:\/\/www.pressenza.com\/it\/2014\/12\/peacelink-ammessa-parte-civile-nel-processo-ilva\/#primaryimage"},"thumbnailUrl":"https:\/\/www.pressenza.com\/wp-content\/uploads\/2014\/12\/processo-ilva-peacelink.jpg","keywords":["ambiente","ecologia e ambiente","ILVA","inquinamento","Italia","PeaceLink","processo","Taranto"],"articleSection":["Comunicati Stampa","Cultura e Media","Ecologia ed Ambiente","Europa","Salute"],"inLanguage":"it-IT"},{"@type":"WebPage","@id":"https:\/\/www.pressenza.com\/it\/2014\/12\/peacelink-ammessa-parte-civile-nel-processo-ilva\/","url":"https:\/\/www.pressenza.com\/it\/2014\/12\/peacelink-ammessa-parte-civile-nel-processo-ilva\/","name":"PeaceLink ammessa parte civile nel processo Ilva","isPartOf":{"@id":"https:\/\/www.pressenza.com\/it\/#website"},"primaryImageOfPage":{"@id":"https:\/\/www.pressenza.com\/it\/2014\/12\/peacelink-ammessa-parte-civile-nel-processo-ilva\/#primaryimage"},"image":{"@id":"https:\/\/www.pressenza.com\/it\/2014\/12\/peacelink-ammessa-parte-civile-nel-processo-ilva\/#primaryimage"},"thumbnailUrl":"https:\/\/www.pressenza.com\/wp-content\/uploads\/2014\/12\/processo-ilva-peacelink.jpg","datePublished":"2014-12-17T17:56:52+00:00","dateModified":"2014-12-17T17:59:08+00:00","description":"Il pronunciamento del GUP: \u00e8 ammessa parte civile nel processo all'Ilva di Taranto PeaceLink, punto di riferimento per le \"ecosentinelle\" dell'inquinamento","breadcrumb":{"@id":"https:\/\/www.pressenza.com\/it\/2014\/12\/peacelink-ammessa-parte-civile-nel-processo-ilva\/#breadcrumb"},"inLanguage":"it-IT","potentialAction":[{"@type":"ReadAction","target":["https:\/\/www.pressenza.com\/it\/2014\/12\/peacelink-ammessa-parte-civile-nel-processo-ilva\/"]}]},{"@type":"ImageObject","inLanguage":"it-IT","@id":"https:\/\/www.pressenza.com\/it\/2014\/12\/peacelink-ammessa-parte-civile-nel-processo-ilva\/#primaryimage","url":"https:\/\/www.pressenza.com\/wp-content\/uploads\/2014\/12\/processo-ilva-peacelink.jpg","contentUrl":"https:\/\/www.pressenza.com\/wp-content\/uploads\/2014\/12\/processo-ilva-peacelink.jpg","width":1024,"height":680,"caption":"processo ilva peacelink parte civile"},{"@type":"BreadcrumbList","@id":"https:\/\/www.pressenza.com\/it\/2014\/12\/peacelink-ammessa-parte-civile-nel-processo-ilva\/#breadcrumb","itemListElement":[{"@type":"ListItem","position":1,"name":"Accueil","item":"https:\/\/www.pressenza.com\/it\/"},{"@type":"ListItem","position":2,"name":"PeaceLink ammessa parte civile nel processo Ilva"}]},{"@type":"WebSite","@id":"https:\/\/www.pressenza.com\/it\/#website","url":"https:\/\/www.pressenza.com\/it\/","name":"Pressenza","description":"Agenzia di Stampa Internazionale","publisher":{"@id":"https:\/\/www.pressenza.com\/it\/#organization"},"potentialAction":[{"@type":"SearchAction","target":{"@type":"EntryPoint","urlTemplate":"https:\/\/www.pressenza.com\/it\/?s={search_term_string}"},"query-input":{"@type":"PropertyValueSpecification","valueRequired":true,"valueName":"search_term_string"}}],"inLanguage":"it-IT"},{"@type":"Organization","@id":"https:\/\/www.pressenza.com\/it\/#organization","name":"Pressenza","url":"https:\/\/www.pressenza.com\/it\/","logo":{"@type":"ImageObject","inLanguage":"it-IT","@id":"https:\/\/www.pressenza.com\/it\/#\/schema\/logo\/image\/","url":"https:\/\/www.pressenza.com\/wp-content\/uploads\/2022\/10\/pressenza_logo_200x200.jpg","contentUrl":"https:\/\/www.pressenza.com\/wp-content\/uploads\/2022\/10\/pressenza_logo_200x200.jpg","width":200,"height":200,"caption":"Pressenza"},"image":{"@id":"https:\/\/www.pressenza.com\/it\/#\/schema\/logo\/image\/"},"sameAs":["https:\/\/www.facebook.com\/PressenzaItalia","https:\/\/x.com\/PressenzaIPA"]},{"@type":"Person","@id":"https:\/\/www.pressenza.com\/it\/#\/schema\/person\/63739deb4f1a044b79a37f44c6fb2759","name":"Peacelink Telematica per la Pace","description":"Peacelink un'associazione di volontariato nata su rete telematica; promuove dal 1991 la cultura della solidariet\u00e0 e dei diritti umani, l'educazione alla pace, la cooperazione internazionale, il ripudio del razzismo e della mafia, la difesa dell'ambiente e della legalit\u00e0. http:\/\/www.peacelink.it","url":"https:\/\/www.pressenza.com\/it\/author\/peacelink\/"}]}},"place":"","original_article_url":"http:\/\/www.peacelink.it\/ecologia\/a\/41072.html","_links":{"self":[{"href":"https:\/\/www.pressenza.com\/it\/wp-json\/wp\/v2\/posts\/153533","targetHints":{"allow":["GET"]}}],"collection":[{"href":"https:\/\/www.pressenza.com\/it\/wp-json\/wp\/v2\/posts"}],"about":[{"href":"https:\/\/www.pressenza.com\/it\/wp-json\/wp\/v2\/types\/post"}],"author":[{"embeddable":true,"href":"https:\/\/www.pressenza.com\/it\/wp-json\/wp\/v2\/users\/245"}],"replies":[{"embeddable":true,"href":"https:\/\/www.pressenza.com\/it\/wp-json\/wp\/v2\/comments?post=153533"}],"version-history":[{"count":0,"href":"https:\/\/www.pressenza.com\/it\/wp-json\/wp\/v2\/posts\/153533\/revisions"}],"wp:featuredmedia":[{"embeddable":true,"href":"https:\/\/www.pressenza.com\/it\/wp-json\/wp\/v2\/media\/153534"}],"wp:attachment":[{"href":"https:\/\/www.pressenza.com\/it\/wp-json\/wp\/v2\/media?parent=153533"}],"wp:term":[{"taxonomy":"category","embeddable":true,"href":"https:\/\/www.pressenza.com\/it\/wp-json\/wp\/v2\/categories?post=153533"},{"taxonomy":"post_tag","embeddable":true,"href":"https:\/\/www.pressenza.com\/it\/wp-json\/wp\/v2\/tags?post=153533"}],"curies":[{"name":"wp","href":"https:\/\/api.w.org\/{rel}","templated":true}]}}