{"id":1532294,"date":"2022-03-01T14:25:08","date_gmt":"2022-03-01T14:25:08","guid":{"rendered":"https:\/\/www.pressenza.com\/?p=1532294"},"modified":"2022-03-01T14:25:08","modified_gmt":"2022-03-01T14:25:08","slug":"marcia-della-pace-a-vasto-sabato-5-marzo","status":"publish","type":"post","link":"https:\/\/www.pressenza.com\/it\/2022\/03\/marcia-della-pace-a-vasto-sabato-5-marzo\/","title":{"rendered":"Marcia della Pace a Vasto sabato 5 marzo"},"content":{"rendered":"<p><em>Appuntamento alle ore 18 in piazza Barbacani. <\/em><\/p>\n<p>Guerra nel cuore d\u2019Europa. Settantasei anni dopo la nascita delle Nazioni Unite, dopo sette anni di conflitto bellico, dopo decenni in cui si sono intervallate guerre che hanno seminato solo morti e macerie, lutti e barbarie, il mondo intero appare sull\u2019orlo del baratro pi\u00f9 terribile. Dalla pandemia si passa all\u2019angoscia della guerra.<\/p>\n<p>Al di l\u00e0 di pi\u00f9 o meno raffinate analisi geopolitiche o di parte, di ricostruzioni pi\u00f9 o meno storiche, delle schermaglie, divisioni tra governi, e tutto quanto possiamo vedere quotidianamente, c\u2019\u00e8 una e una sola verit\u00e0 assoluta: <strong>nessuna guerra pu\u00f2 garantire futuro<\/strong>, nessuna guerra pu\u00f2 costruire nulla, tutte le guerre portano solo morte, barbarie, distruzione. La guerra \u00e8 la negazione totale e definitiva dell\u2019umanit\u00e0.<\/p>\n<p>Considerando l\u2019evoluzione dello scenario che si \u00e8 delineato in questi giorni, un <strong>gruppo spontaneo di associazioni del territorio<\/strong> ha deciso di scendere in piazza con una <strong>Marcia della Pace, Sabato 5 Marzo alle ore 18<\/strong>, per testimoniare l\u2019importanza della Pace, per chiedere l\u2019immediato cessate il fuoco e condannando fermamente i bombardamenti in corso, rifiutando che in Europa, come in ogni altra parte del mondo, le problematiche ancorch\u00e9 complesse, si risolvano con l\u2019uso della forza e della violenza.\u00a0Violenza che colpisce sempre i meno responsabili, i pi\u00f9 deboli: i civili inermi. Rende orfani, profughi, crea disastri ambientali, distrugge case e territori.<\/p>\n<p><strong>Si scende in piazza per la PACE e contro la guerra. Al di l\u00e0 di ogni appartenenza particolare e politica, di ogni bandiera di partito.<\/strong><\/p>\n<p><strong>Le associazioni che fino a questo punto hanno aderito all\u2019iniziativa sono: <\/strong><em>Ricoclaun, Associazione Anti mafie Rita Atria, PeaceLink Abruzzo, Arci Vasto, Forum Civico Ecologista, Club per l\u2019Unesco, Italia Nostra Del Vastese, Gruppo Fratino Vasto, Avis Vasto, Amici di Zampa, Anffas, Lory a Colori, Avi Alzheimer Vasto, Emily Abruzzo, Club Alpino Italiano, Comitato Cittadino per il Verde, Un Buco Nel Tetto, Anpi, Admo Vasto, Rispetto per tutti gli animali di Vasto e Movimento Ora Rispetto per tutti gli animali Abruzzo e Molise, Gas Vasto . <\/em><\/p>\n<p>La manifestazione, che ha il patrocinio del Comune, prevede come punto di <strong>partenza Piazza Barbacani<\/strong>, per poi proseguire con una fiaccolata in corteo nelle vie del centro con il seguente <strong>itinerario<\/strong>: Piazza Rossetti, Corso Nuova Italia, per poi tornare indietro fino al luogo di partenza dove si proceder\u00e0 con un <strong>Flash Mob<\/strong> con la lettura di brani sulla Pace.<\/p>\n<p>Si precisa che verr\u00e0 richiesto ai partecipanti di <strong>indossare <\/strong>la <strong>mascherina <\/strong>durante tutta la manifestazione.<\/p>\n<p><strong>Per adesioni di associazioni e singoli cittadini alla manifestazione \u00e8 possibile inviare una mail a <a href=\"mailto:ricoclaun@gmail.com\">ricoclaun@gmail.com<\/a> <\/strong><\/p>\n<p><strong>\u201c<em>Non esiste un modo onorevole di uccidere, n\u00e9 un modo gentile di distruggere. Non c\u2019\u00e8 niente di buono nella guerra, eccetto la sua fine<\/em>\u201d Abraham Lincon<\/strong><\/p>\n","protected":false},"excerpt":{"rendered":"<p>Appuntamento alle ore 18 in piazza Barbacani. Guerra nel cuore d\u2019Europa. Settantasei anni dopo la nascita delle Nazioni Unite, dopo sette anni di conflitto bellico, dopo decenni in cui si sono intervallate guerre che hanno seminato solo morti e macerie,&hellip;<\/p>\n","protected":false},"author":902,"featured_media":1532296,"comment_status":"closed","ping_status":"closed","sticky":false,"template":"","format":"standard","meta":{"footnotes":""},"categories":[1263],"tags":[6714,294,2804,8514],"class_list":["post-1532294","post","type-post","status-publish","format-standard","has-post-thumbnail","hentry","category-pace-disarmo","tag-marcia","tag-pace","tag-russia-it","tag-ucraina"],"yoast_head":"<!-- This site is optimized with the Yoast SEO plugin v27.1.1 - https:\/\/yoast.com\/product\/yoast-seo-wordpress\/ -->\n<title>Marcia della Pace a Vasto sabato 5 marzo<\/title>\n<meta name=\"description\" content=\"Appuntamento alle ore 18 in piazza Barbacani. Guerra nel cuore d\u2019Europa. Settantasei anni dopo la nascita delle Nazioni Unite, dopo sette anni di\" \/>\n<meta name=\"robots\" content=\"index, follow, max-snippet:-1, max-image-preview:large, max-video-preview:-1\" \/>\n<link rel=\"canonical\" href=\"https:\/\/www.pressenza.com\/it\/2022\/03\/marcia-della-pace-a-vasto-sabato-5-marzo\/\" \/>\n<meta property=\"og:locale\" content=\"it_IT\" \/>\n<meta property=\"og:type\" content=\"article\" \/>\n<meta property=\"og:title\" content=\"Marcia della Pace a Vasto sabato 5 marzo\" \/>\n<meta property=\"og:description\" content=\"Appuntamento alle ore 18 in piazza Barbacani. Guerra nel cuore d\u2019Europa. Settantasei anni dopo la nascita delle Nazioni Unite, dopo sette anni di\" \/>\n<meta property=\"og:url\" content=\"https:\/\/www.pressenza.com\/it\/2022\/03\/marcia-della-pace-a-vasto-sabato-5-marzo\/\" \/>\n<meta property=\"og:site_name\" content=\"Pressenza\" \/>\n<meta property=\"article:publisher\" content=\"https:\/\/www.facebook.com\/PressenzaItalia\" \/>\n<meta property=\"article:published_time\" content=\"2022-03-01T14:25:08+00:00\" \/>\n<meta property=\"og:image\" content=\"https:\/\/www.pressenza.com\/wp-content\/uploads\/2022\/03\/marciapacevasto.jpg\" \/>\n\t<meta property=\"og:image:width\" content=\"900\" \/>\n\t<meta property=\"og:image:height\" content=\"763\" \/>\n\t<meta property=\"og:image:type\" content=\"image\/jpeg\" \/>\n<meta name=\"author\" content=\"Alessio Di Florio\" \/>\n<meta name=\"twitter:card\" content=\"summary_large_image\" \/>\n<meta name=\"twitter:creator\" content=\"@PressenzaIPA\" \/>\n<meta name=\"twitter:site\" content=\"@PressenzaIPA\" \/>\n<meta name=\"twitter:label1\" content=\"Scritto da\" \/>\n\t<meta name=\"twitter:data1\" content=\"Alessio Di Florio\" \/>\n\t<meta name=\"twitter:label2\" content=\"Tempo di lettura stimato\" \/>\n\t<meta name=\"twitter:data2\" content=\"2 minuti\" \/>\n<script type=\"application\/ld+json\" class=\"yoast-schema-graph\">{\"@context\":\"https:\/\/schema.org\",\"@graph\":[{\"@type\":\"Article\",\"@id\":\"https:\/\/www.pressenza.com\/it\/2022\/03\/marcia-della-pace-a-vasto-sabato-5-marzo\/#article\",\"isPartOf\":{\"@id\":\"https:\/\/www.pressenza.com\/it\/2022\/03\/marcia-della-pace-a-vasto-sabato-5-marzo\/\"},\"author\":{\"name\":\"Alessio Di Florio\",\"@id\":\"https:\/\/www.pressenza.com\/it\/#\/schema\/person\/727eb83f95962ed83c06040905743f28\"},\"headline\":\"Marcia della Pace a Vasto sabato 5 marzo\",\"datePublished\":\"2022-03-01T14:25:08+00:00\",\"mainEntityOfPage\":{\"@id\":\"https:\/\/www.pressenza.com\/it\/2022\/03\/marcia-della-pace-a-vasto-sabato-5-marzo\/\"},\"wordCount\":460,\"publisher\":{\"@id\":\"https:\/\/www.pressenza.com\/it\/#organization\"},\"image\":{\"@id\":\"https:\/\/www.pressenza.com\/it\/2022\/03\/marcia-della-pace-a-vasto-sabato-5-marzo\/#primaryimage\"},\"thumbnailUrl\":\"https:\/\/www.pressenza.com\/wp-content\/uploads\/2022\/03\/marciapacevasto.jpg\",\"keywords\":[\"marcia\",\"Pace\",\"Russia\",\"Ucraina\"],\"articleSection\":[\"Pace e Disarmo\"],\"inLanguage\":\"it-IT\"},{\"@type\":\"WebPage\",\"@id\":\"https:\/\/www.pressenza.com\/it\/2022\/03\/marcia-della-pace-a-vasto-sabato-5-marzo\/\",\"url\":\"https:\/\/www.pressenza.com\/it\/2022\/03\/marcia-della-pace-a-vasto-sabato-5-marzo\/\",\"name\":\"Marcia della Pace a Vasto sabato 5 marzo\",\"isPartOf\":{\"@id\":\"https:\/\/www.pressenza.com\/it\/#website\"},\"primaryImageOfPage\":{\"@id\":\"https:\/\/www.pressenza.com\/it\/2022\/03\/marcia-della-pace-a-vasto-sabato-5-marzo\/#primaryimage\"},\"image\":{\"@id\":\"https:\/\/www.pressenza.com\/it\/2022\/03\/marcia-della-pace-a-vasto-sabato-5-marzo\/#primaryimage\"},\"thumbnailUrl\":\"https:\/\/www.pressenza.com\/wp-content\/uploads\/2022\/03\/marciapacevasto.jpg\",\"datePublished\":\"2022-03-01T14:25:08+00:00\",\"description\":\"Appuntamento alle ore 18 in piazza Barbacani. Guerra nel cuore d\u2019Europa. Settantasei anni dopo la nascita delle Nazioni Unite, dopo sette anni di\",\"breadcrumb\":{\"@id\":\"https:\/\/www.pressenza.com\/it\/2022\/03\/marcia-della-pace-a-vasto-sabato-5-marzo\/#breadcrumb\"},\"inLanguage\":\"it-IT\",\"potentialAction\":[{\"@type\":\"ReadAction\",\"target\":[\"https:\/\/www.pressenza.com\/it\/2022\/03\/marcia-della-pace-a-vasto-sabato-5-marzo\/\"]}]},{\"@type\":\"ImageObject\",\"inLanguage\":\"it-IT\",\"@id\":\"https:\/\/www.pressenza.com\/it\/2022\/03\/marcia-della-pace-a-vasto-sabato-5-marzo\/#primaryimage\",\"url\":\"https:\/\/www.pressenza.com\/wp-content\/uploads\/2022\/03\/marciapacevasto.jpg\",\"contentUrl\":\"https:\/\/www.pressenza.com\/wp-content\/uploads\/2022\/03\/marciapacevasto.jpg\",\"width\":900,\"height\":763},{\"@type\":\"BreadcrumbList\",\"@id\":\"https:\/\/www.pressenza.com\/it\/2022\/03\/marcia-della-pace-a-vasto-sabato-5-marzo\/#breadcrumb\",\"itemListElement\":[{\"@type\":\"ListItem\",\"position\":1,\"name\":\"Accueil\",\"item\":\"https:\/\/www.pressenza.com\/it\/\"},{\"@type\":\"ListItem\",\"position\":2,\"name\":\"Marcia della Pace a Vasto sabato 5 marzo\"}]},{\"@type\":\"WebSite\",\"@id\":\"https:\/\/www.pressenza.com\/it\/#website\",\"url\":\"https:\/\/www.pressenza.com\/it\/\",\"name\":\"Pressenza\",\"description\":\"Agenzia di Stampa Internazionale\",\"publisher\":{\"@id\":\"https:\/\/www.pressenza.com\/it\/#organization\"},\"potentialAction\":[{\"@type\":\"SearchAction\",\"target\":{\"@type\":\"EntryPoint\",\"urlTemplate\":\"https:\/\/www.pressenza.com\/it\/?s={search_term_string}\"},\"query-input\":{\"@type\":\"PropertyValueSpecification\",\"valueRequired\":true,\"valueName\":\"search_term_string\"}}],\"inLanguage\":\"it-IT\"},{\"@type\":\"Organization\",\"@id\":\"https:\/\/www.pressenza.com\/it\/#organization\",\"name\":\"Pressenza\",\"url\":\"https:\/\/www.pressenza.com\/it\/\",\"logo\":{\"@type\":\"ImageObject\",\"inLanguage\":\"it-IT\",\"@id\":\"https:\/\/www.pressenza.com\/it\/#\/schema\/logo\/image\/\",\"url\":\"https:\/\/www.pressenza.com\/wp-content\/uploads\/2022\/10\/pressenza_logo_200x200.jpg\",\"contentUrl\":\"https:\/\/www.pressenza.com\/wp-content\/uploads\/2022\/10\/pressenza_logo_200x200.jpg\",\"width\":200,\"height\":200,\"caption\":\"Pressenza\"},\"image\":{\"@id\":\"https:\/\/www.pressenza.com\/it\/#\/schema\/logo\/image\/\"},\"sameAs\":[\"https:\/\/www.facebook.com\/PressenzaItalia\",\"https:\/\/x.com\/PressenzaIPA\"]},{\"@type\":\"Person\",\"@id\":\"https:\/\/www.pressenza.com\/it\/#\/schema\/person\/727eb83f95962ed83c06040905743f28\",\"name\":\"Alessio Di Florio\",\"url\":\"https:\/\/www.pressenza.com\/it\/author\/alessio-di-florio\/\"}]}<\/script>\n<!-- \/ Yoast SEO plugin. -->","yoast_head_json":{"title":"Marcia della Pace a Vasto sabato 5 marzo","description":"Appuntamento alle ore 18 in piazza Barbacani. Guerra nel cuore d\u2019Europa. Settantasei anni dopo la nascita delle Nazioni Unite, dopo sette anni di","robots":{"index":"index","follow":"follow","max-snippet":"max-snippet:-1","max-image-preview":"max-image-preview:large","max-video-preview":"max-video-preview:-1"},"canonical":"https:\/\/www.pressenza.com\/it\/2022\/03\/marcia-della-pace-a-vasto-sabato-5-marzo\/","og_locale":"it_IT","og_type":"article","og_title":"Marcia della Pace a Vasto sabato 5 marzo","og_description":"Appuntamento alle ore 18 in piazza Barbacani. Guerra nel cuore d\u2019Europa. Settantasei anni dopo la nascita delle Nazioni Unite, dopo sette anni di","og_url":"https:\/\/www.pressenza.com\/it\/2022\/03\/marcia-della-pace-a-vasto-sabato-5-marzo\/","og_site_name":"Pressenza","article_publisher":"https:\/\/www.facebook.com\/PressenzaItalia","article_published_time":"2022-03-01T14:25:08+00:00","og_image":[{"width":900,"height":763,"url":"https:\/\/www.pressenza.com\/wp-content\/uploads\/2022\/03\/marciapacevasto.jpg","type":"image\/jpeg"}],"author":"Alessio Di Florio","twitter_card":"summary_large_image","twitter_creator":"@PressenzaIPA","twitter_site":"@PressenzaIPA","twitter_misc":{"Scritto da":"Alessio Di Florio","Tempo di lettura stimato":"2 minuti"},"schema":{"@context":"https:\/\/schema.org","@graph":[{"@type":"Article","@id":"https:\/\/www.pressenza.com\/it\/2022\/03\/marcia-della-pace-a-vasto-sabato-5-marzo\/#article","isPartOf":{"@id":"https:\/\/www.pressenza.com\/it\/2022\/03\/marcia-della-pace-a-vasto-sabato-5-marzo\/"},"author":{"name":"Alessio Di Florio","@id":"https:\/\/www.pressenza.com\/it\/#\/schema\/person\/727eb83f95962ed83c06040905743f28"},"headline":"Marcia della Pace a Vasto sabato 5 marzo","datePublished":"2022-03-01T14:25:08+00:00","mainEntityOfPage":{"@id":"https:\/\/www.pressenza.com\/it\/2022\/03\/marcia-della-pace-a-vasto-sabato-5-marzo\/"},"wordCount":460,"publisher":{"@id":"https:\/\/www.pressenza.com\/it\/#organization"},"image":{"@id":"https:\/\/www.pressenza.com\/it\/2022\/03\/marcia-della-pace-a-vasto-sabato-5-marzo\/#primaryimage"},"thumbnailUrl":"https:\/\/www.pressenza.com\/wp-content\/uploads\/2022\/03\/marciapacevasto.jpg","keywords":["marcia","Pace","Russia","Ucraina"],"articleSection":["Pace e Disarmo"],"inLanguage":"it-IT"},{"@type":"WebPage","@id":"https:\/\/www.pressenza.com\/it\/2022\/03\/marcia-della-pace-a-vasto-sabato-5-marzo\/","url":"https:\/\/www.pressenza.com\/it\/2022\/03\/marcia-della-pace-a-vasto-sabato-5-marzo\/","name":"Marcia della Pace a Vasto sabato 5 marzo","isPartOf":{"@id":"https:\/\/www.pressenza.com\/it\/#website"},"primaryImageOfPage":{"@id":"https:\/\/www.pressenza.com\/it\/2022\/03\/marcia-della-pace-a-vasto-sabato-5-marzo\/#primaryimage"},"image":{"@id":"https:\/\/www.pressenza.com\/it\/2022\/03\/marcia-della-pace-a-vasto-sabato-5-marzo\/#primaryimage"},"thumbnailUrl":"https:\/\/www.pressenza.com\/wp-content\/uploads\/2022\/03\/marciapacevasto.jpg","datePublished":"2022-03-01T14:25:08+00:00","description":"Appuntamento alle ore 18 in piazza Barbacani. Guerra nel cuore d\u2019Europa. Settantasei anni dopo la nascita delle Nazioni Unite, dopo sette anni di","breadcrumb":{"@id":"https:\/\/www.pressenza.com\/it\/2022\/03\/marcia-della-pace-a-vasto-sabato-5-marzo\/#breadcrumb"},"inLanguage":"it-IT","potentialAction":[{"@type":"ReadAction","target":["https:\/\/www.pressenza.com\/it\/2022\/03\/marcia-della-pace-a-vasto-sabato-5-marzo\/"]}]},{"@type":"ImageObject","inLanguage":"it-IT","@id":"https:\/\/www.pressenza.com\/it\/2022\/03\/marcia-della-pace-a-vasto-sabato-5-marzo\/#primaryimage","url":"https:\/\/www.pressenza.com\/wp-content\/uploads\/2022\/03\/marciapacevasto.jpg","contentUrl":"https:\/\/www.pressenza.com\/wp-content\/uploads\/2022\/03\/marciapacevasto.jpg","width":900,"height":763},{"@type":"BreadcrumbList","@id":"https:\/\/www.pressenza.com\/it\/2022\/03\/marcia-della-pace-a-vasto-sabato-5-marzo\/#breadcrumb","itemListElement":[{"@type":"ListItem","position":1,"name":"Accueil","item":"https:\/\/www.pressenza.com\/it\/"},{"@type":"ListItem","position":2,"name":"Marcia della Pace a Vasto sabato 5 marzo"}]},{"@type":"WebSite","@id":"https:\/\/www.pressenza.com\/it\/#website","url":"https:\/\/www.pressenza.com\/it\/","name":"Pressenza","description":"Agenzia di Stampa Internazionale","publisher":{"@id":"https:\/\/www.pressenza.com\/it\/#organization"},"potentialAction":[{"@type":"SearchAction","target":{"@type":"EntryPoint","urlTemplate":"https:\/\/www.pressenza.com\/it\/?s={search_term_string}"},"query-input":{"@type":"PropertyValueSpecification","valueRequired":true,"valueName":"search_term_string"}}],"inLanguage":"it-IT"},{"@type":"Organization","@id":"https:\/\/www.pressenza.com\/it\/#organization","name":"Pressenza","url":"https:\/\/www.pressenza.com\/it\/","logo":{"@type":"ImageObject","inLanguage":"it-IT","@id":"https:\/\/www.pressenza.com\/it\/#\/schema\/logo\/image\/","url":"https:\/\/www.pressenza.com\/wp-content\/uploads\/2022\/10\/pressenza_logo_200x200.jpg","contentUrl":"https:\/\/www.pressenza.com\/wp-content\/uploads\/2022\/10\/pressenza_logo_200x200.jpg","width":200,"height":200,"caption":"Pressenza"},"image":{"@id":"https:\/\/www.pressenza.com\/it\/#\/schema\/logo\/image\/"},"sameAs":["https:\/\/www.facebook.com\/PressenzaItalia","https:\/\/x.com\/PressenzaIPA"]},{"@type":"Person","@id":"https:\/\/www.pressenza.com\/it\/#\/schema\/person\/727eb83f95962ed83c06040905743f28","name":"Alessio Di Florio","url":"https:\/\/www.pressenza.com\/it\/author\/alessio-di-florio\/"}]}},"place":"","original_article_url":"","_links":{"self":[{"href":"https:\/\/www.pressenza.com\/it\/wp-json\/wp\/v2\/posts\/1532294","targetHints":{"allow":["GET"]}}],"collection":[{"href":"https:\/\/www.pressenza.com\/it\/wp-json\/wp\/v2\/posts"}],"about":[{"href":"https:\/\/www.pressenza.com\/it\/wp-json\/wp\/v2\/types\/post"}],"author":[{"embeddable":true,"href":"https:\/\/www.pressenza.com\/it\/wp-json\/wp\/v2\/users\/902"}],"replies":[{"embeddable":true,"href":"https:\/\/www.pressenza.com\/it\/wp-json\/wp\/v2\/comments?post=1532294"}],"version-history":[{"count":0,"href":"https:\/\/www.pressenza.com\/it\/wp-json\/wp\/v2\/posts\/1532294\/revisions"}],"wp:featuredmedia":[{"embeddable":true,"href":"https:\/\/www.pressenza.com\/it\/wp-json\/wp\/v2\/media\/1532296"}],"wp:attachment":[{"href":"https:\/\/www.pressenza.com\/it\/wp-json\/wp\/v2\/media?parent=1532294"}],"wp:term":[{"taxonomy":"category","embeddable":true,"href":"https:\/\/www.pressenza.com\/it\/wp-json\/wp\/v2\/categories?post=1532294"},{"taxonomy":"post_tag","embeddable":true,"href":"https:\/\/www.pressenza.com\/it\/wp-json\/wp\/v2\/tags?post=1532294"}],"curies":[{"name":"wp","href":"https:\/\/api.w.org\/{rel}","templated":true}]}}