{"id":1527604,"date":"2022-02-24T20:14:53","date_gmt":"2022-02-24T20:14:53","guid":{"rendered":"https:\/\/www.pressenza.com\/?p=1527604"},"modified":"2022-02-25T09:37:46","modified_gmt":"2022-02-25T09:37:46","slug":"noi-non-ci-arruoliamo","status":"publish","type":"post","link":"https:\/\/www.pressenza.com\/it\/2022\/02\/noi-non-ci-arruoliamo\/","title":{"rendered":"Noi non ci arruoliamo!"},"content":{"rendered":"<div class=\"kvgmc6g5 cxmmr5t8 oygrvhab hcukyx3x c1et5uql ii04i59q\">\n<div dir=\"auto\">\n<p>No alla guerra, no alla NATO, solidariet\u00e0 con le popolazioni civili che subiscono i bombardamenti in Ucraina e nel Donbass!<\/p>\n<p>Noi che non abbiamo mai creduto alla retorica delle \u201cbombe umanitarie\u201d quando a sganciarle erano i Paesi NATO, respingiamo sempre la guerra e la partecipazione alla guerra. La nostra prima richiesta \u00e8 l\u2019immediato cessate il fuoco da tutte le parti. Fermate le armi!<\/p>\n<p>Siamo arrivati a un punto in cui i nodi di trent\u2019anni di sistema di sicurezza in Europa arrivano al pettine. L\u2019espansionismo NATO verso Est \u00e8 l\u2019innesco della miccia. Otto anni di attacchi continui dei militari ucraini e di battaglioni nazisti contro le popolazioni del Donbass, le migliaia di morti, il mancato rispetto degli accordi di Minsk e Minsk II, soprattutto da parte di Kiev, l\u2019operazione di \u201cucrainizzazione\u201d che ha implicato il tentativo di eliminazione o marginalizzazione di ogni elemento russofono, compresa la messa al bando di organizzazioni politiche a Kiev, sono elementi che non possono essere rimossi dal tavolo, pena l\u2019impossibilit\u00e0 di comprendere ci\u00f2 che accade in queste settimane.<\/p>\n<p>Ma la reazione di Mosca \u00e8 assolutamente inaccettabile. Putin non \u00e8 un liberatore quanto un oppressore, esponente di un blocco di potere burocratico e affaristico che ha smantellato l&#8217;Unione Sovietica, attaccando innanzitutto il proprio popolo. Questa guerra implicher\u00e0 conseguenze terribili non solo per gli ucraini ma anche per le classi lavoratrici russe, che si vedranno costrette a finanziare lo sforzo militare e ulteriormente mortificati gli spazi di democrazia interna.<\/p>\n<p>Ora il rischio \u00e8 che il quadro possa degenerare, avviando conseguenze catastrofiche in primis per i popoli europei.<\/p>\n<p>Esprimiamo un no totale all\u2019isteria militarista e guerrafondaia che in queste ore sta dilagando nei mass media e nelle dichiarazioni e di politici e governanti. Noi ripudiamo tutti i nazionalismi che nella storia europea hanno sempre voluto dire guerre e stragi.<\/p>\n<p>Proprio mentre gli spiragli per la pace sembrano restringersi e avvicinarsi allo zero, serve il coraggio della diplomazia.<\/p>\n<\/div>\n<div dir=\"auto\">\n<p>Serve una conferenza internazionale che affronti i problemi di breve e lungo termine: a partire dalla crisi russo-ucraina va ripensato il sistema di sicurezza europeo e internazionale. In Ucraina bisogna riconoscere l\u2019esistenza e l\u2019autonomia di diversi popoli.<\/p>\n<p>Non possiamo limitarci a guardare. Abbiamo un ruolo da giocare: per fermare il governo che ci sta trascinando in guerra serve il massimo della pressione possibile delle nostre popolazioni.<\/p>\n<p>Significa che ognuna e ognuno di noi deve lavorare per ricostruire ampi movimenti antimilitaristi e che impongano la diplomazia come unica possibile soluzione al conflitto.<\/p>\n<p>Scendiamo in piazza, manifestiamo. Contro la guerra chiunque la faccia, contro le sanzioni che sono anch\u2019esse un atto di guerra, contro la NATO che deve essere sciolta, contro il coinvolgimento dell\u2019Italia nella guerra. N\u00e9 un uomo n\u00e9 un soldo per la guerra, tutto per la pace e di solidariet\u00e0 e cooperazione tra i popoli!<\/p>\n<\/div>\n<\/div>\n","protected":false},"excerpt":{"rendered":"<p>No alla guerra, no alla NATO, solidariet\u00e0 con le popolazioni civili che subiscono i bombardamenti in Ucraina e nel Donbass! Noi che non abbiamo mai creduto alla retorica delle \u201cbombe umanitarie\u201d quando a sganciarle erano i Paesi NATO, respingiamo sempre&hellip;<\/p>\n","protected":false},"author":1515,"featured_media":1524102,"comment_status":"closed","ping_status":"closed","sticky":false,"template":"","format":"standard","meta":{"footnotes":""},"categories":[150,47,1263],"tags":[207,294,42365,2804,8514],"class_list":["post-1527604","post","type-post","status-publish","format-standard","has-post-thumbnail","hentry","category-comunicati-stampa","category-europa","category-pace-disarmo","tag-nato","tag-pace","tag-potere-al-popolo","tag-russia-it","tag-ucraina"],"yoast_head":"<!-- This site is optimized with the Yoast SEO plugin v27.1.1 - https:\/\/yoast.com\/product\/yoast-seo-wordpress\/ -->\n<title>Noi non ci arruoliamo!<\/title>\n<meta name=\"description\" content=\"No alla guerra, no alla NATO, solidariet\u00e0 con le popolazioni civili che subiscono i bombardamenti in Ucraina e nel Donbass! Noi che non abbiamo mai\" \/>\n<meta name=\"robots\" content=\"index, follow, max-snippet:-1, max-image-preview:large, max-video-preview:-1\" \/>\n<link rel=\"canonical\" href=\"https:\/\/www.pressenza.com\/it\/2022\/02\/noi-non-ci-arruoliamo\/\" \/>\n<meta property=\"og:locale\" content=\"it_IT\" \/>\n<meta property=\"og:type\" content=\"article\" \/>\n<meta property=\"og:title\" content=\"Noi non ci arruoliamo!\" \/>\n<meta property=\"og:description\" content=\"No alla guerra, no alla NATO, solidariet\u00e0 con le popolazioni civili che subiscono i bombardamenti in Ucraina e nel Donbass! Noi che non abbiamo mai\" \/>\n<meta property=\"og:url\" content=\"https:\/\/www.pressenza.com\/it\/2022\/02\/noi-non-ci-arruoliamo\/\" \/>\n<meta property=\"og:site_name\" content=\"Pressenza\" \/>\n<meta property=\"article:publisher\" content=\"https:\/\/www.facebook.com\/PressenzaItalia\" \/>\n<meta property=\"article:published_time\" content=\"2022-02-24T20:14:53+00:00\" \/>\n<meta property=\"article:modified_time\" content=\"2022-02-25T09:37:46+00:00\" \/>\n<meta property=\"og:image\" content=\"https:\/\/www.pressenza.com\/wp-content\/uploads\/2022\/02\/FMA_7182.jpg\" \/>\n\t<meta property=\"og:image:width\" content=\"1920\" \/>\n\t<meta property=\"og:image:height\" content=\"1280\" \/>\n\t<meta property=\"og:image:type\" content=\"image\/jpeg\" \/>\n<meta name=\"author\" content=\"Potere Al Popolo\" \/>\n<meta name=\"twitter:card\" content=\"summary_large_image\" \/>\n<meta name=\"twitter:creator\" content=\"@PressenzaIPA\" \/>\n<meta name=\"twitter:site\" content=\"@PressenzaIPA\" \/>\n<meta name=\"twitter:label1\" content=\"Scritto da\" \/>\n\t<meta name=\"twitter:data1\" content=\"Potere Al Popolo\" \/>\n\t<meta name=\"twitter:label2\" content=\"Tempo di lettura stimato\" \/>\n\t<meta name=\"twitter:data2\" content=\"2 minuti\" \/>\n<script type=\"application\/ld+json\" class=\"yoast-schema-graph\">{\"@context\":\"https:\/\/schema.org\",\"@graph\":[{\"@type\":\"Article\",\"@id\":\"https:\/\/www.pressenza.com\/it\/2022\/02\/noi-non-ci-arruoliamo\/#article\",\"isPartOf\":{\"@id\":\"https:\/\/www.pressenza.com\/it\/2022\/02\/noi-non-ci-arruoliamo\/\"},\"author\":{\"name\":\"Potere Al Popolo\",\"@id\":\"https:\/\/www.pressenza.com\/it\/#\/schema\/person\/d82b464065b17ccca8a55d1e444cceeb\"},\"headline\":\"Noi non ci arruoliamo!\",\"datePublished\":\"2022-02-24T20:14:53+00:00\",\"dateModified\":\"2022-02-25T09:37:46+00:00\",\"mainEntityOfPage\":{\"@id\":\"https:\/\/www.pressenza.com\/it\/2022\/02\/noi-non-ci-arruoliamo\/\"},\"wordCount\":474,\"publisher\":{\"@id\":\"https:\/\/www.pressenza.com\/it\/#organization\"},\"image\":{\"@id\":\"https:\/\/www.pressenza.com\/it\/2022\/02\/noi-non-ci-arruoliamo\/#primaryimage\"},\"thumbnailUrl\":\"https:\/\/www.pressenza.com\/wp-content\/uploads\/2022\/02\/FMA_7182.jpg\",\"keywords\":[\"NATO\",\"Pace\",\"Potere al popolo\",\"Russia\",\"Ucraina\"],\"articleSection\":[\"Comunicati Stampa\",\"Europa\",\"Pace e Disarmo\"],\"inLanguage\":\"it-IT\"},{\"@type\":\"WebPage\",\"@id\":\"https:\/\/www.pressenza.com\/it\/2022\/02\/noi-non-ci-arruoliamo\/\",\"url\":\"https:\/\/www.pressenza.com\/it\/2022\/02\/noi-non-ci-arruoliamo\/\",\"name\":\"Noi non ci arruoliamo!\",\"isPartOf\":{\"@id\":\"https:\/\/www.pressenza.com\/it\/#website\"},\"primaryImageOfPage\":{\"@id\":\"https:\/\/www.pressenza.com\/it\/2022\/02\/noi-non-ci-arruoliamo\/#primaryimage\"},\"image\":{\"@id\":\"https:\/\/www.pressenza.com\/it\/2022\/02\/noi-non-ci-arruoliamo\/#primaryimage\"},\"thumbnailUrl\":\"https:\/\/www.pressenza.com\/wp-content\/uploads\/2022\/02\/FMA_7182.jpg\",\"datePublished\":\"2022-02-24T20:14:53+00:00\",\"dateModified\":\"2022-02-25T09:37:46+00:00\",\"description\":\"No alla guerra, no alla NATO, solidariet\u00e0 con le popolazioni civili che subiscono i bombardamenti in Ucraina e nel Donbass! Noi che non abbiamo mai\",\"breadcrumb\":{\"@id\":\"https:\/\/www.pressenza.com\/it\/2022\/02\/noi-non-ci-arruoliamo\/#breadcrumb\"},\"inLanguage\":\"it-IT\",\"potentialAction\":[{\"@type\":\"ReadAction\",\"target\":[\"https:\/\/www.pressenza.com\/it\/2022\/02\/noi-non-ci-arruoliamo\/\"]}]},{\"@type\":\"ImageObject\",\"inLanguage\":\"it-IT\",\"@id\":\"https:\/\/www.pressenza.com\/it\/2022\/02\/noi-non-ci-arruoliamo\/#primaryimage\",\"url\":\"https:\/\/www.pressenza.com\/wp-content\/uploads\/2022\/02\/FMA_7182.jpg\",\"contentUrl\":\"https:\/\/www.pressenza.com\/wp-content\/uploads\/2022\/02\/FMA_7182.jpg\",\"width\":1920,\"height\":1280},{\"@type\":\"BreadcrumbList\",\"@id\":\"https:\/\/www.pressenza.com\/it\/2022\/02\/noi-non-ci-arruoliamo\/#breadcrumb\",\"itemListElement\":[{\"@type\":\"ListItem\",\"position\":1,\"name\":\"Accueil\",\"item\":\"https:\/\/www.pressenza.com\/it\/\"},{\"@type\":\"ListItem\",\"position\":2,\"name\":\"Noi non ci arruoliamo!\"}]},{\"@type\":\"WebSite\",\"@id\":\"https:\/\/www.pressenza.com\/it\/#website\",\"url\":\"https:\/\/www.pressenza.com\/it\/\",\"name\":\"Pressenza\",\"description\":\"Agenzia di Stampa Internazionale\",\"publisher\":{\"@id\":\"https:\/\/www.pressenza.com\/it\/#organization\"},\"potentialAction\":[{\"@type\":\"SearchAction\",\"target\":{\"@type\":\"EntryPoint\",\"urlTemplate\":\"https:\/\/www.pressenza.com\/it\/?s={search_term_string}\"},\"query-input\":{\"@type\":\"PropertyValueSpecification\",\"valueRequired\":true,\"valueName\":\"search_term_string\"}}],\"inLanguage\":\"it-IT\"},{\"@type\":\"Organization\",\"@id\":\"https:\/\/www.pressenza.com\/it\/#organization\",\"name\":\"Pressenza\",\"url\":\"https:\/\/www.pressenza.com\/it\/\",\"logo\":{\"@type\":\"ImageObject\",\"inLanguage\":\"it-IT\",\"@id\":\"https:\/\/www.pressenza.com\/it\/#\/schema\/logo\/image\/\",\"url\":\"https:\/\/www.pressenza.com\/wp-content\/uploads\/2022\/10\/pressenza_logo_200x200.jpg\",\"contentUrl\":\"https:\/\/www.pressenza.com\/wp-content\/uploads\/2022\/10\/pressenza_logo_200x200.jpg\",\"width\":200,\"height\":200,\"caption\":\"Pressenza\"},\"image\":{\"@id\":\"https:\/\/www.pressenza.com\/it\/#\/schema\/logo\/image\/\"},\"sameAs\":[\"https:\/\/www.facebook.com\/PressenzaItalia\",\"https:\/\/x.com\/PressenzaIPA\"]},{\"@type\":\"Person\",\"@id\":\"https:\/\/www.pressenza.com\/it\/#\/schema\/person\/d82b464065b17ccca8a55d1e444cceeb\",\"name\":\"Potere Al Popolo\",\"url\":\"https:\/\/www.pressenza.com\/it\/author\/potere-al-popolo\/\"}]}<\/script>\n<!-- \/ Yoast SEO plugin. -->","yoast_head_json":{"title":"Noi non ci arruoliamo!","description":"No alla guerra, no alla NATO, solidariet\u00e0 con le popolazioni civili che subiscono i bombardamenti in Ucraina e nel Donbass! Noi che non abbiamo mai","robots":{"index":"index","follow":"follow","max-snippet":"max-snippet:-1","max-image-preview":"max-image-preview:large","max-video-preview":"max-video-preview:-1"},"canonical":"https:\/\/www.pressenza.com\/it\/2022\/02\/noi-non-ci-arruoliamo\/","og_locale":"it_IT","og_type":"article","og_title":"Noi non ci arruoliamo!","og_description":"No alla guerra, no alla NATO, solidariet\u00e0 con le popolazioni civili che subiscono i bombardamenti in Ucraina e nel Donbass! Noi che non abbiamo mai","og_url":"https:\/\/www.pressenza.com\/it\/2022\/02\/noi-non-ci-arruoliamo\/","og_site_name":"Pressenza","article_publisher":"https:\/\/www.facebook.com\/PressenzaItalia","article_published_time":"2022-02-24T20:14:53+00:00","article_modified_time":"2022-02-25T09:37:46+00:00","og_image":[{"width":1920,"height":1280,"url":"https:\/\/www.pressenza.com\/wp-content\/uploads\/2022\/02\/FMA_7182.jpg","type":"image\/jpeg"}],"author":"Potere Al Popolo","twitter_card":"summary_large_image","twitter_creator":"@PressenzaIPA","twitter_site":"@PressenzaIPA","twitter_misc":{"Scritto da":"Potere Al Popolo","Tempo di lettura stimato":"2 minuti"},"schema":{"@context":"https:\/\/schema.org","@graph":[{"@type":"Article","@id":"https:\/\/www.pressenza.com\/it\/2022\/02\/noi-non-ci-arruoliamo\/#article","isPartOf":{"@id":"https:\/\/www.pressenza.com\/it\/2022\/02\/noi-non-ci-arruoliamo\/"},"author":{"name":"Potere Al Popolo","@id":"https:\/\/www.pressenza.com\/it\/#\/schema\/person\/d82b464065b17ccca8a55d1e444cceeb"},"headline":"Noi non ci arruoliamo!","datePublished":"2022-02-24T20:14:53+00:00","dateModified":"2022-02-25T09:37:46+00:00","mainEntityOfPage":{"@id":"https:\/\/www.pressenza.com\/it\/2022\/02\/noi-non-ci-arruoliamo\/"},"wordCount":474,"publisher":{"@id":"https:\/\/www.pressenza.com\/it\/#organization"},"image":{"@id":"https:\/\/www.pressenza.com\/it\/2022\/02\/noi-non-ci-arruoliamo\/#primaryimage"},"thumbnailUrl":"https:\/\/www.pressenza.com\/wp-content\/uploads\/2022\/02\/FMA_7182.jpg","keywords":["NATO","Pace","Potere al popolo","Russia","Ucraina"],"articleSection":["Comunicati Stampa","Europa","Pace e Disarmo"],"inLanguage":"it-IT"},{"@type":"WebPage","@id":"https:\/\/www.pressenza.com\/it\/2022\/02\/noi-non-ci-arruoliamo\/","url":"https:\/\/www.pressenza.com\/it\/2022\/02\/noi-non-ci-arruoliamo\/","name":"Noi non ci arruoliamo!","isPartOf":{"@id":"https:\/\/www.pressenza.com\/it\/#website"},"primaryImageOfPage":{"@id":"https:\/\/www.pressenza.com\/it\/2022\/02\/noi-non-ci-arruoliamo\/#primaryimage"},"image":{"@id":"https:\/\/www.pressenza.com\/it\/2022\/02\/noi-non-ci-arruoliamo\/#primaryimage"},"thumbnailUrl":"https:\/\/www.pressenza.com\/wp-content\/uploads\/2022\/02\/FMA_7182.jpg","datePublished":"2022-02-24T20:14:53+00:00","dateModified":"2022-02-25T09:37:46+00:00","description":"No alla guerra, no alla NATO, solidariet\u00e0 con le popolazioni civili che subiscono i bombardamenti in Ucraina e nel Donbass! Noi che non abbiamo mai","breadcrumb":{"@id":"https:\/\/www.pressenza.com\/it\/2022\/02\/noi-non-ci-arruoliamo\/#breadcrumb"},"inLanguage":"it-IT","potentialAction":[{"@type":"ReadAction","target":["https:\/\/www.pressenza.com\/it\/2022\/02\/noi-non-ci-arruoliamo\/"]}]},{"@type":"ImageObject","inLanguage":"it-IT","@id":"https:\/\/www.pressenza.com\/it\/2022\/02\/noi-non-ci-arruoliamo\/#primaryimage","url":"https:\/\/www.pressenza.com\/wp-content\/uploads\/2022\/02\/FMA_7182.jpg","contentUrl":"https:\/\/www.pressenza.com\/wp-content\/uploads\/2022\/02\/FMA_7182.jpg","width":1920,"height":1280},{"@type":"BreadcrumbList","@id":"https:\/\/www.pressenza.com\/it\/2022\/02\/noi-non-ci-arruoliamo\/#breadcrumb","itemListElement":[{"@type":"ListItem","position":1,"name":"Accueil","item":"https:\/\/www.pressenza.com\/it\/"},{"@type":"ListItem","position":2,"name":"Noi non ci arruoliamo!"}]},{"@type":"WebSite","@id":"https:\/\/www.pressenza.com\/it\/#website","url":"https:\/\/www.pressenza.com\/it\/","name":"Pressenza","description":"Agenzia di Stampa Internazionale","publisher":{"@id":"https:\/\/www.pressenza.com\/it\/#organization"},"potentialAction":[{"@type":"SearchAction","target":{"@type":"EntryPoint","urlTemplate":"https:\/\/www.pressenza.com\/it\/?s={search_term_string}"},"query-input":{"@type":"PropertyValueSpecification","valueRequired":true,"valueName":"search_term_string"}}],"inLanguage":"it-IT"},{"@type":"Organization","@id":"https:\/\/www.pressenza.com\/it\/#organization","name":"Pressenza","url":"https:\/\/www.pressenza.com\/it\/","logo":{"@type":"ImageObject","inLanguage":"it-IT","@id":"https:\/\/www.pressenza.com\/it\/#\/schema\/logo\/image\/","url":"https:\/\/www.pressenza.com\/wp-content\/uploads\/2022\/10\/pressenza_logo_200x200.jpg","contentUrl":"https:\/\/www.pressenza.com\/wp-content\/uploads\/2022\/10\/pressenza_logo_200x200.jpg","width":200,"height":200,"caption":"Pressenza"},"image":{"@id":"https:\/\/www.pressenza.com\/it\/#\/schema\/logo\/image\/"},"sameAs":["https:\/\/www.facebook.com\/PressenzaItalia","https:\/\/x.com\/PressenzaIPA"]},{"@type":"Person","@id":"https:\/\/www.pressenza.com\/it\/#\/schema\/person\/d82b464065b17ccca8a55d1e444cceeb","name":"Potere Al Popolo","url":"https:\/\/www.pressenza.com\/it\/author\/potere-al-popolo\/"}]}},"place":"","original_article_url":"","_links":{"self":[{"href":"https:\/\/www.pressenza.com\/it\/wp-json\/wp\/v2\/posts\/1527604","targetHints":{"allow":["GET"]}}],"collection":[{"href":"https:\/\/www.pressenza.com\/it\/wp-json\/wp\/v2\/posts"}],"about":[{"href":"https:\/\/www.pressenza.com\/it\/wp-json\/wp\/v2\/types\/post"}],"author":[{"embeddable":true,"href":"https:\/\/www.pressenza.com\/it\/wp-json\/wp\/v2\/users\/1515"}],"replies":[{"embeddable":true,"href":"https:\/\/www.pressenza.com\/it\/wp-json\/wp\/v2\/comments?post=1527604"}],"version-history":[{"count":0,"href":"https:\/\/www.pressenza.com\/it\/wp-json\/wp\/v2\/posts\/1527604\/revisions"}],"wp:featuredmedia":[{"embeddable":true,"href":"https:\/\/www.pressenza.com\/it\/wp-json\/wp\/v2\/media\/1524102"}],"wp:attachment":[{"href":"https:\/\/www.pressenza.com\/it\/wp-json\/wp\/v2\/media?parent=1527604"}],"wp:term":[{"taxonomy":"category","embeddable":true,"href":"https:\/\/www.pressenza.com\/it\/wp-json\/wp\/v2\/categories?post=1527604"},{"taxonomy":"post_tag","embeddable":true,"href":"https:\/\/www.pressenza.com\/it\/wp-json\/wp\/v2\/tags?post=1527604"}],"curies":[{"name":"wp","href":"https:\/\/api.w.org\/{rel}","templated":true}]}}