{"id":1527487,"date":"2022-02-24T17:41:08","date_gmt":"2022-02-24T17:41:08","guid":{"rendered":"https:\/\/www.pressenza.com\/?p=1527487"},"modified":"2022-02-24T17:44:20","modified_gmt":"2022-02-24T17:44:20","slug":"lettera-a-telegram","status":"publish","type":"post","link":"https:\/\/www.pressenza.com\/it\/2022\/02\/lettera-a-telegram\/","title":{"rendered":"Lettera a Telegram"},"content":{"rendered":"<p>Caro Telegram, sappi che l&#8217;anno scorso sono stato un bravo bambino. Non mi ricordo di aver condiviso nessuna <em>fake news<\/em>, e non ho neanche partecipato a nessun gruppo con attivit\u00e0 illecite. Per questo, vorrei chiederti di garantirmi che non mi sospenderai l&#8217;utilizzo di questo strumento cos\u00ec figo nel 2022.<\/p>\n<p>So che Natale \u00e8 gi\u00e0 passato da settimane, ma non \u00e8 mai troppo tardi per fare una semplice richiesta. Molto probabilmente, anche la mia letterina verr\u00e0 ignorata, come lo \u00e8 stata quella del presidente del Tribunale Superiore Elettorale, il ministro Roberto Barroso. Ma io ci voglio provare lo stesso.<\/p>\n<p>Per quelli che non seguono le vicende di Telegram, uno dei sistemi di messaggistica elettronica pi\u00f9 popolari &#8211; e controversi &#8211; del momento, il telegiornale riporta svariate azioni che il TSE sta intraprendendo per garantire che le prossime elezioni in Brasile non siano influenzate dal &#8220;fenomeno&#8221; delle <em>fake news<\/em>. Il Tribunale ha stabilito alcuni protocolli e accordi con varie compagnie tecnologiche, come Meta, responsabile di Facebook, Instagram e Whatsapp &#8211; la concorrente principale di Telegram &#8211; e Twitter.<\/p>\n<p>Tutte le compagnie si sono mostrate interessate ad ascoltare le preoccupazioni brasiliane e disposte a cercare di trovare dei sistemi pi\u00f9 efficienti per frenare la disseminazione di notizie false sulle loro piattaforme durante il periodo elettorale (anche se finora non \u00e8 successo niente di significativo). Tutte, tranne una&#8230;<\/p>\n<p>Telegram, applicazione sviluppata in Russia e attualmente con sede negli Emirati Arabi, ha ignorato tutte le corrispondenze ufficiali del Brasile con richiesta di un incontro per discutere. Non essendoci una rappresentanza ufficiale della compagnia nel nostro territorio, n\u00e9 un ufficio, n\u00e9 una Partita IVA, il Potere Giudiziario si ritrova non solo con gli occhi bendati &#8211; come la Dea della Giustizia &#8211; ma anche con le mani legate. Dal punto di vista legale, non c&#8217;\u00e8 modo di mandare un&#8217;ingiunzione ai rappresentanti della societ\u00e0 perch\u00e9 rispondano all&#8217;appello del Tribunale Superiore Elettorale.<\/p>\n<p>La soluzione che stanno valutando, per molti un po&#8217; estrema, sarebbe di sollecitare le societ\u00e0 di telecomunicazioni brasiliane affinch\u00e9 blocchino l&#8217;accesso alla messaggistica su tutto il territorio nazionale durante il periodo delle elezioni. Avremmo un&#8217;azione preventiva, nel miglior stile <em>Minority Report<\/em>, film del 2002 con Tom Cruise in cui le autorit\u00e0 di un futuro fittizio anticipavano i crimini, arrestando gli autori del reato ancora prima che meditassero la realizzazione dell&#8217;atto illecito.<\/p>\n<p>Ed \u00e8 logico che questo dia fastidio sia agli utenti che fanno un buon uso dello strumento, sia a quelli che non lo fanno. Per questo, intere comunit\u00e0 si sono gi\u00e0 mosse per segnalare i trucchi per aggirare le limitazioni eventualmente imposte. La dritta migliore \u00e8 l&#8217;uso dei VPN (<em>Virtual Private Network<\/em>), che sono, in parole povere, degli intermediari della propria connessione, e possono ingannare i server, oltrepassando i blocchi imposti. \u00c8 come se la propria connessione al servizio non partisse dal Brasile. Ma \u00e8 davvero questo che vogliamo? Superare un veto giudiziario?<\/p>\n<p>Molto si sta speculando su quale sarebbe il motivo reale per cui Telegram ignora le richieste amichevoli di un incontro, visto che non c&#8217;\u00e8 stata nessuna spiegazione ufficiale da parte della societ\u00e0. Qualcuno ha formulato la tesi che si tratti di un fattore culturale, in quanto la Russia non vedrebbe di buon occhio come prassi la condivisione delle informazioni, una specie di &#8220;cattivo sangue&#8221; generato durante la Guerra Fredda. Qualcun altro ipotizza che i governanti russi seguano la linea di mantenere attivo uno strumento che pu\u00f2 destabilizzare i sistemi democratici di vari paesi. Una terza congettura \u00e8 che la compagnia, che non fa pagare i suoi utenti finali, guadagni in qualche altro modo occulto. La verit\u00e0? Forse non lo sapremo mai. Per adesso, sono solo &#8220;teorie della cospirazione&#8221;.<\/p>\n<p>Quello che sappiamo \u00e8 che non di sole <em>fake news<\/em> vive Telegram. Come applicazione, \u00e8 un&#8217;alternativa eccellente a WhatsApp, che ad ogni pie&#8217; sospinto si ritrova in mezzo a qualche scandalo sulla privacy dei suoi utenti. La fonte principale di guadagno di Meta, l&#8217;azienda che sostiene questo programma, \u00e8 vincolata agli annunci pagati da altre societ\u00e0. E questi annunci, perch\u00e9 abbiano successo, devono essere molto ben indirizzati al pubblico di riferimento. Cos\u00ec, molto di quello che fai nell&#8217;ambiente di Meta viene riutilizzato per produrre pubblicit\u00e0.<\/p>\n<p>Dall&#8217;altra parte, Telegram \u00e8 considerato dagli specialisti di tecnologia uno strumento che privilegia la propria privacy. Addirittura, che oltrepassa tutti i limiti che possiamo considerare come &#8220;protezione dell&#8217;intimit\u00e0&#8221;. Ma altres\u00ec, tanta protezione finisce per attrarre tipologie di utenti nocive alla rete.<\/p>\n<p>Ed \u00e8 cos\u00ec che i divulgatori di false notizie approfittano di questa schermatura.<\/p>\n<p>Telegram permette l&#8217;uso di robot (chiamati bots) per inviare, tra le altre possibilit\u00e0 messaggi di massa senza nessuna restrizione. I suoi gruppi possono accogliere fino a 200mila utenti, oltre a rimanere invisibili in qualunque ricerca interna o esterna. Un meccanismo perfetto per disseminare, tra le altre cose, notizie false.<\/p>\n<p>Oltre alle <em>fake news<\/em>, ci sono contenuti illegali, come la pornografia infantile, la vendita di armi pesanti e di droghe illecite. Tutto senza il minimo intervento di Telegram e con la protezione che stimola i criminali ad abbandonare le profondit\u00e0 della <em>deep web<\/em> per accedere a uno strumento sulla superficie di internet, visto che \u00e8 una funzione con un accesso pi\u00f9 comodo, senza le difficolt\u00e0 della rete TOR (<em>The Onion Router<\/em>, rete anonima che utilizza il protocollo Onion per navigare) e ugualmente &#8220;sicuro&#8221;. E le autorit\u00e0 di molti paesi, tra cui il Brasile, non riescono ad agire per frenare tali reati.<\/p>\n<p>Per quanto riguarda le fake news, comunque, uno dei provvedimenti che i nostri tribunali possono mettere in pratica sarebbe fare uso della propria tecnologia per aiutare ad arginarne la divulgazione. Il TSE dovrebbe creare, senza necessit\u00e0 di un intervento da parte dei proprietari di Telegram, un robot (bot) che potrebbe essere consultato dagli utenti del sistema di messaggistica per controllare se una notizia \u00e8 falsa o no. La prima volta che qualcuno sottopone il messaggio al bot, un&#8217;equipe umana di controllo verifica il materiale e lo inserisce in un elenco con restrizione, se \u00e8 il caso. Cos\u00ec, quando un&#8217;altra persona consulta il bot per lo stesso messaggio, il robot risponde gi\u00e0 automaticamente informando se il contenuto \u00e8 una <em>fake news<\/em>.<\/p>\n<p>In questo modo, gli utenti verrebbero orientati a non condividere quel materiale. Invece di impedire, si tratterebbe di educare.<\/p>\n<p>Anche cos\u00ec, Telegram resta un&#8217;applicazione utile, ma che si sta rovinando per la negligenza dei suoi sviluppatori con contenuti illegali. Intanto, \u00e8 necessario che ci sia un equilibrio tra proteggere la privacy dei navigatori e non creare un ambiente proficuo per la criminalit\u00e0.<\/p>\n<p>Se la mia letterina non portasse risultati, magari chieder\u00f2 a Babbo Natale che il prossimo Natale ci regalino un sistema di messaggistica meno tossico.<\/p>\n<p>Raphale Pinheiro<\/p>\n<p><em>Raphale Pinheiro \u00e8 laureato in Marketing Digitale ed esperto di tecnologia con pi\u00f9 di vent&#8217;anni di esperienza. Attualmente, \u00e8 caporedattore del Portale della\u00a0<a href=\"https:\/\/www.academia.org.br\/&amp;amp;quot;%20\/t%20&amp;amp;quot;_blank\">Accademia Brasiliana di Lettere<\/a>, una delle maggiori e pi\u00f9 importanti istituzioni culturali del paese.<\/em><\/p>\n<p>Traduzione dal portoghese di Raffaella Piazza<\/p>\n<p>Revisione di Anna Polo<\/p>\n","protected":false},"excerpt":{"rendered":"<p>Caro Telegram, sappi che l&#8217;anno scorso sono stato un bravo bambino. Non mi ricordo di aver condiviso nessuna fake news, e non ho neanche partecipato a nessun gruppo con attivit\u00e0 illecite. Per questo, vorrei chiederti di garantirmi che non mi&hellip;<\/p>\n","protected":false},"author":1685,"featured_media":1517816,"comment_status":"closed","ping_status":"closed","sticky":false,"template":"","format":"standard","meta":{"footnotes":""},"categories":[11388,55,496,48],"tags":[3993,616,55126,61775],"class_list":["post-1527487","post","type-post","status-publish","format-standard","has-post-thumbnail","hentry","category-contenuti-originali","category-politica","category-scienza-tecnologia","category-sud-america","tag-brasile","tag-elezioni","tag-fake-news-it","tag-telegram"],"yoast_head":"<!-- This site is optimized with the Yoast SEO plugin v27.1.1 - https:\/\/yoast.com\/product\/yoast-seo-wordpress\/ -->\n<title>Lettera a Telegram<\/title>\n<meta name=\"description\" content=\"Caro Telegram, sappi che l&#039;anno scorso sono stato un bravo bambino. Non mi ricordo di aver condiviso nessuna fake news, e non ho neanche partecipato a\" \/>\n<meta name=\"robots\" content=\"index, follow, max-snippet:-1, max-image-preview:large, max-video-preview:-1\" \/>\n<link rel=\"canonical\" href=\"https:\/\/www.pressenza.com\/it\/2022\/02\/lettera-a-telegram\/\" \/>\n<meta property=\"og:locale\" content=\"it_IT\" \/>\n<meta property=\"og:type\" content=\"article\" \/>\n<meta property=\"og:title\" content=\"Lettera a Telegram\" \/>\n<meta property=\"og:description\" content=\"Caro Telegram, sappi che l&#039;anno scorso sono stato un bravo bambino. Non mi ricordo di aver condiviso nessuna fake news, e non ho neanche partecipato a\" \/>\n<meta property=\"og:url\" content=\"https:\/\/www.pressenza.com\/it\/2022\/02\/lettera-a-telegram\/\" \/>\n<meta property=\"og:site_name\" content=\"Pressenza\" \/>\n<meta property=\"article:publisher\" content=\"https:\/\/www.facebook.com\/PressenzaItalia\" \/>\n<meta property=\"article:published_time\" content=\"2022-02-24T17:41:08+00:00\" \/>\n<meta property=\"article:modified_time\" content=\"2022-02-24T17:44:20+00:00\" \/>\n<meta property=\"og:image\" content=\"https:\/\/www.pressenza.com\/wp-content\/uploads\/2022\/02\/dima-solomin-3pwMu6uVsJI-unsplash.jpg\" \/>\n\t<meta property=\"og:image:width\" content=\"1920\" \/>\n\t<meta property=\"og:image:height\" content=\"1280\" \/>\n\t<meta property=\"og:image:type\" content=\"image\/jpeg\" \/>\n<meta name=\"author\" content=\"Reda\u00e7\u00e3o Rio de Janeiro\" \/>\n<meta name=\"twitter:card\" content=\"summary_large_image\" \/>\n<meta name=\"twitter:creator\" content=\"@PressenzaIPA\" \/>\n<meta name=\"twitter:site\" content=\"@PressenzaIPA\" \/>\n<meta name=\"twitter:label1\" content=\"Scritto da\" \/>\n\t<meta name=\"twitter:data1\" content=\"Reda\u00e7\u00e3o Rio de Janeiro\" \/>\n\t<meta name=\"twitter:label2\" content=\"Tempo di lettura stimato\" \/>\n\t<meta name=\"twitter:data2\" content=\"6 minuti\" \/>\n<script type=\"application\/ld+json\" class=\"yoast-schema-graph\">{\"@context\":\"https:\/\/schema.org\",\"@graph\":[{\"@type\":\"Article\",\"@id\":\"https:\/\/www.pressenza.com\/it\/2022\/02\/lettera-a-telegram\/#article\",\"isPartOf\":{\"@id\":\"https:\/\/www.pressenza.com\/it\/2022\/02\/lettera-a-telegram\/\"},\"author\":{\"name\":\"Reda\u00e7\u00e3o Rio de Janeiro\",\"@id\":\"https:\/\/www.pressenza.com\/it\/#\/schema\/person\/6925e927f8ff3a0cdb838320c5d12259\"},\"headline\":\"Lettera a Telegram\",\"datePublished\":\"2022-02-24T17:41:08+00:00\",\"dateModified\":\"2022-02-24T17:44:20+00:00\",\"mainEntityOfPage\":{\"@id\":\"https:\/\/www.pressenza.com\/it\/2022\/02\/lettera-a-telegram\/\"},\"wordCount\":1148,\"publisher\":{\"@id\":\"https:\/\/www.pressenza.com\/it\/#organization\"},\"image\":{\"@id\":\"https:\/\/www.pressenza.com\/it\/2022\/02\/lettera-a-telegram\/#primaryimage\"},\"thumbnailUrl\":\"https:\/\/www.pressenza.com\/wp-content\/uploads\/2022\/02\/dima-solomin-3pwMu6uVsJI-unsplash.jpg\",\"keywords\":[\"Brasile\",\"elezioni\",\"fake news\",\"Telegram\"],\"articleSection\":[\"contenuti originali\",\"Politica\",\"Scienza e Tecnologia\",\"Sud America\"],\"inLanguage\":\"it-IT\"},{\"@type\":\"WebPage\",\"@id\":\"https:\/\/www.pressenza.com\/it\/2022\/02\/lettera-a-telegram\/\",\"url\":\"https:\/\/www.pressenza.com\/it\/2022\/02\/lettera-a-telegram\/\",\"name\":\"Lettera a Telegram\",\"isPartOf\":{\"@id\":\"https:\/\/www.pressenza.com\/it\/#website\"},\"primaryImageOfPage\":{\"@id\":\"https:\/\/www.pressenza.com\/it\/2022\/02\/lettera-a-telegram\/#primaryimage\"},\"image\":{\"@id\":\"https:\/\/www.pressenza.com\/it\/2022\/02\/lettera-a-telegram\/#primaryimage\"},\"thumbnailUrl\":\"https:\/\/www.pressenza.com\/wp-content\/uploads\/2022\/02\/dima-solomin-3pwMu6uVsJI-unsplash.jpg\",\"datePublished\":\"2022-02-24T17:41:08+00:00\",\"dateModified\":\"2022-02-24T17:44:20+00:00\",\"description\":\"Caro Telegram, sappi che l'anno scorso sono stato un bravo bambino. Non mi ricordo di aver condiviso nessuna fake news, e non ho neanche partecipato a\",\"breadcrumb\":{\"@id\":\"https:\/\/www.pressenza.com\/it\/2022\/02\/lettera-a-telegram\/#breadcrumb\"},\"inLanguage\":\"it-IT\",\"potentialAction\":[{\"@type\":\"ReadAction\",\"target\":[\"https:\/\/www.pressenza.com\/it\/2022\/02\/lettera-a-telegram\/\"]}]},{\"@type\":\"ImageObject\",\"inLanguage\":\"it-IT\",\"@id\":\"https:\/\/www.pressenza.com\/it\/2022\/02\/lettera-a-telegram\/#primaryimage\",\"url\":\"https:\/\/www.pressenza.com\/wp-content\/uploads\/2022\/02\/dima-solomin-3pwMu6uVsJI-unsplash.jpg\",\"contentUrl\":\"https:\/\/www.pressenza.com\/wp-content\/uploads\/2022\/02\/dima-solomin-3pwMu6uVsJI-unsplash.jpg\",\"width\":1920,\"height\":1280},{\"@type\":\"BreadcrumbList\",\"@id\":\"https:\/\/www.pressenza.com\/it\/2022\/02\/lettera-a-telegram\/#breadcrumb\",\"itemListElement\":[{\"@type\":\"ListItem\",\"position\":1,\"name\":\"Accueil\",\"item\":\"https:\/\/www.pressenza.com\/it\/\"},{\"@type\":\"ListItem\",\"position\":2,\"name\":\"Lettera a Telegram\"}]},{\"@type\":\"WebSite\",\"@id\":\"https:\/\/www.pressenza.com\/it\/#website\",\"url\":\"https:\/\/www.pressenza.com\/it\/\",\"name\":\"Pressenza\",\"description\":\"Agenzia di Stampa Internazionale\",\"publisher\":{\"@id\":\"https:\/\/www.pressenza.com\/it\/#organization\"},\"potentialAction\":[{\"@type\":\"SearchAction\",\"target\":{\"@type\":\"EntryPoint\",\"urlTemplate\":\"https:\/\/www.pressenza.com\/it\/?s={search_term_string}\"},\"query-input\":{\"@type\":\"PropertyValueSpecification\",\"valueRequired\":true,\"valueName\":\"search_term_string\"}}],\"inLanguage\":\"it-IT\"},{\"@type\":\"Organization\",\"@id\":\"https:\/\/www.pressenza.com\/it\/#organization\",\"name\":\"Pressenza\",\"url\":\"https:\/\/www.pressenza.com\/it\/\",\"logo\":{\"@type\":\"ImageObject\",\"inLanguage\":\"it-IT\",\"@id\":\"https:\/\/www.pressenza.com\/it\/#\/schema\/logo\/image\/\",\"url\":\"https:\/\/www.pressenza.com\/wp-content\/uploads\/2022\/10\/pressenza_logo_200x200.jpg\",\"contentUrl\":\"https:\/\/www.pressenza.com\/wp-content\/uploads\/2022\/10\/pressenza_logo_200x200.jpg\",\"width\":200,\"height\":200,\"caption\":\"Pressenza\"},\"image\":{\"@id\":\"https:\/\/www.pressenza.com\/it\/#\/schema\/logo\/image\/\"},\"sameAs\":[\"https:\/\/www.facebook.com\/PressenzaItalia\",\"https:\/\/x.com\/PressenzaIPA\"]},{\"@type\":\"Person\",\"@id\":\"https:\/\/www.pressenza.com\/it\/#\/schema\/person\/6925e927f8ff3a0cdb838320c5d12259\",\"name\":\"Reda\u00e7\u00e3o Rio de Janeiro\",\"description\":\"News published by the Pressenza bureau in Rio de Janeiro, Brazil\",\"url\":\"https:\/\/www.pressenza.com\/it\/author\/redacao-rio-de-janeiro\/\"}]}<\/script>\n<!-- \/ Yoast SEO plugin. -->","yoast_head_json":{"title":"Lettera a Telegram","description":"Caro Telegram, sappi che l'anno scorso sono stato un bravo bambino. Non mi ricordo di aver condiviso nessuna fake news, e non ho neanche partecipato a","robots":{"index":"index","follow":"follow","max-snippet":"max-snippet:-1","max-image-preview":"max-image-preview:large","max-video-preview":"max-video-preview:-1"},"canonical":"https:\/\/www.pressenza.com\/it\/2022\/02\/lettera-a-telegram\/","og_locale":"it_IT","og_type":"article","og_title":"Lettera a Telegram","og_description":"Caro Telegram, sappi che l'anno scorso sono stato un bravo bambino. Non mi ricordo di aver condiviso nessuna fake news, e non ho neanche partecipato a","og_url":"https:\/\/www.pressenza.com\/it\/2022\/02\/lettera-a-telegram\/","og_site_name":"Pressenza","article_publisher":"https:\/\/www.facebook.com\/PressenzaItalia","article_published_time":"2022-02-24T17:41:08+00:00","article_modified_time":"2022-02-24T17:44:20+00:00","og_image":[{"width":1920,"height":1280,"url":"https:\/\/www.pressenza.com\/wp-content\/uploads\/2022\/02\/dima-solomin-3pwMu6uVsJI-unsplash.jpg","type":"image\/jpeg"}],"author":"Reda\u00e7\u00e3o Rio de Janeiro","twitter_card":"summary_large_image","twitter_creator":"@PressenzaIPA","twitter_site":"@PressenzaIPA","twitter_misc":{"Scritto da":"Reda\u00e7\u00e3o Rio de Janeiro","Tempo di lettura stimato":"6 minuti"},"schema":{"@context":"https:\/\/schema.org","@graph":[{"@type":"Article","@id":"https:\/\/www.pressenza.com\/it\/2022\/02\/lettera-a-telegram\/#article","isPartOf":{"@id":"https:\/\/www.pressenza.com\/it\/2022\/02\/lettera-a-telegram\/"},"author":{"name":"Reda\u00e7\u00e3o Rio de Janeiro","@id":"https:\/\/www.pressenza.com\/it\/#\/schema\/person\/6925e927f8ff3a0cdb838320c5d12259"},"headline":"Lettera a Telegram","datePublished":"2022-02-24T17:41:08+00:00","dateModified":"2022-02-24T17:44:20+00:00","mainEntityOfPage":{"@id":"https:\/\/www.pressenza.com\/it\/2022\/02\/lettera-a-telegram\/"},"wordCount":1148,"publisher":{"@id":"https:\/\/www.pressenza.com\/it\/#organization"},"image":{"@id":"https:\/\/www.pressenza.com\/it\/2022\/02\/lettera-a-telegram\/#primaryimage"},"thumbnailUrl":"https:\/\/www.pressenza.com\/wp-content\/uploads\/2022\/02\/dima-solomin-3pwMu6uVsJI-unsplash.jpg","keywords":["Brasile","elezioni","fake news","Telegram"],"articleSection":["contenuti originali","Politica","Scienza e Tecnologia","Sud America"],"inLanguage":"it-IT"},{"@type":"WebPage","@id":"https:\/\/www.pressenza.com\/it\/2022\/02\/lettera-a-telegram\/","url":"https:\/\/www.pressenza.com\/it\/2022\/02\/lettera-a-telegram\/","name":"Lettera a Telegram","isPartOf":{"@id":"https:\/\/www.pressenza.com\/it\/#website"},"primaryImageOfPage":{"@id":"https:\/\/www.pressenza.com\/it\/2022\/02\/lettera-a-telegram\/#primaryimage"},"image":{"@id":"https:\/\/www.pressenza.com\/it\/2022\/02\/lettera-a-telegram\/#primaryimage"},"thumbnailUrl":"https:\/\/www.pressenza.com\/wp-content\/uploads\/2022\/02\/dima-solomin-3pwMu6uVsJI-unsplash.jpg","datePublished":"2022-02-24T17:41:08+00:00","dateModified":"2022-02-24T17:44:20+00:00","description":"Caro Telegram, sappi che l'anno scorso sono stato un bravo bambino. Non mi ricordo di aver condiviso nessuna fake news, e non ho neanche partecipato a","breadcrumb":{"@id":"https:\/\/www.pressenza.com\/it\/2022\/02\/lettera-a-telegram\/#breadcrumb"},"inLanguage":"it-IT","potentialAction":[{"@type":"ReadAction","target":["https:\/\/www.pressenza.com\/it\/2022\/02\/lettera-a-telegram\/"]}]},{"@type":"ImageObject","inLanguage":"it-IT","@id":"https:\/\/www.pressenza.com\/it\/2022\/02\/lettera-a-telegram\/#primaryimage","url":"https:\/\/www.pressenza.com\/wp-content\/uploads\/2022\/02\/dima-solomin-3pwMu6uVsJI-unsplash.jpg","contentUrl":"https:\/\/www.pressenza.com\/wp-content\/uploads\/2022\/02\/dima-solomin-3pwMu6uVsJI-unsplash.jpg","width":1920,"height":1280},{"@type":"BreadcrumbList","@id":"https:\/\/www.pressenza.com\/it\/2022\/02\/lettera-a-telegram\/#breadcrumb","itemListElement":[{"@type":"ListItem","position":1,"name":"Accueil","item":"https:\/\/www.pressenza.com\/it\/"},{"@type":"ListItem","position":2,"name":"Lettera a Telegram"}]},{"@type":"WebSite","@id":"https:\/\/www.pressenza.com\/it\/#website","url":"https:\/\/www.pressenza.com\/it\/","name":"Pressenza","description":"Agenzia di Stampa Internazionale","publisher":{"@id":"https:\/\/www.pressenza.com\/it\/#organization"},"potentialAction":[{"@type":"SearchAction","target":{"@type":"EntryPoint","urlTemplate":"https:\/\/www.pressenza.com\/it\/?s={search_term_string}"},"query-input":{"@type":"PropertyValueSpecification","valueRequired":true,"valueName":"search_term_string"}}],"inLanguage":"it-IT"},{"@type":"Organization","@id":"https:\/\/www.pressenza.com\/it\/#organization","name":"Pressenza","url":"https:\/\/www.pressenza.com\/it\/","logo":{"@type":"ImageObject","inLanguage":"it-IT","@id":"https:\/\/www.pressenza.com\/it\/#\/schema\/logo\/image\/","url":"https:\/\/www.pressenza.com\/wp-content\/uploads\/2022\/10\/pressenza_logo_200x200.jpg","contentUrl":"https:\/\/www.pressenza.com\/wp-content\/uploads\/2022\/10\/pressenza_logo_200x200.jpg","width":200,"height":200,"caption":"Pressenza"},"image":{"@id":"https:\/\/www.pressenza.com\/it\/#\/schema\/logo\/image\/"},"sameAs":["https:\/\/www.facebook.com\/PressenzaItalia","https:\/\/x.com\/PressenzaIPA"]},{"@type":"Person","@id":"https:\/\/www.pressenza.com\/it\/#\/schema\/person\/6925e927f8ff3a0cdb838320c5d12259","name":"Reda\u00e7\u00e3o Rio de Janeiro","description":"News published by the Pressenza bureau in Rio de Janeiro, Brazil","url":"https:\/\/www.pressenza.com\/it\/author\/redacao-rio-de-janeiro\/"}]}},"place":"","original_article_url":"","_links":{"self":[{"href":"https:\/\/www.pressenza.com\/it\/wp-json\/wp\/v2\/posts\/1527487","targetHints":{"allow":["GET"]}}],"collection":[{"href":"https:\/\/www.pressenza.com\/it\/wp-json\/wp\/v2\/posts"}],"about":[{"href":"https:\/\/www.pressenza.com\/it\/wp-json\/wp\/v2\/types\/post"}],"author":[{"embeddable":true,"href":"https:\/\/www.pressenza.com\/it\/wp-json\/wp\/v2\/users\/1685"}],"replies":[{"embeddable":true,"href":"https:\/\/www.pressenza.com\/it\/wp-json\/wp\/v2\/comments?post=1527487"}],"version-history":[{"count":0,"href":"https:\/\/www.pressenza.com\/it\/wp-json\/wp\/v2\/posts\/1527487\/revisions"}],"wp:featuredmedia":[{"embeddable":true,"href":"https:\/\/www.pressenza.com\/it\/wp-json\/wp\/v2\/media\/1517816"}],"wp:attachment":[{"href":"https:\/\/www.pressenza.com\/it\/wp-json\/wp\/v2\/media?parent=1527487"}],"wp:term":[{"taxonomy":"category","embeddable":true,"href":"https:\/\/www.pressenza.com\/it\/wp-json\/wp\/v2\/categories?post=1527487"},{"taxonomy":"post_tag","embeddable":true,"href":"https:\/\/www.pressenza.com\/it\/wp-json\/wp\/v2\/tags?post=1527487"}],"curies":[{"name":"wp","href":"https:\/\/api.w.org\/{rel}","templated":true}]}}