{"id":152627,"date":"2014-12-11T20:22:44","date_gmt":"2014-12-11T20:22:44","guid":{"rendered":"http:\/\/www.pressenza.com\/?p=152627"},"modified":"2014-12-12T20:14:35","modified_gmt":"2014-12-12T20:14:35","slug":"le-nuove-generazioni-ispirati-costruttori-della-nazione-umana-che-sta-sorgendo","status":"publish","type":"post","link":"https:\/\/www.pressenza.com\/it\/2014\/12\/le-nuove-generazioni-ispirati-costruttori-della-nazione-umana-che-sta-sorgendo\/","title":{"rendered":"Le nuove generazioni: ispirati costruttori della  Nazione Umana che sta sorgendo"},"content":{"rendered":"<p><strong>Intervento di Stefano Colonna alla sessione americana del IV Simposio del Centro Mondiale di Studi Umanisti, Santiago del Cile, 30 ottobre 2014<\/strong><\/p>\n<p>&nbsp;<\/p>\n<p><em>A nome dell\u2019equipe mondiale della Corrente Pedagogica Umanista Universalista COPEHU<\/em><a href=\"#_ftn1\" name=\"_ftnref1\"><em><strong>[1]<\/strong><\/em><\/a><em> ringrazio gli organizzatori per averci invitato a questo ispiratore incontro mondiale. <\/em><\/p>\n<p><em>\u00a0<\/em><\/p>\n<p><em>Da un punto di vista sociale, nell&#8217;educazione osserviamo un incremento concomitante di movimenti e nuove tendenze pedagogiche che cercano e propongono risposte in questo campo dello sviluppo umano. Cercano e propongono risposte dato che le istituzioni educative tradizionali non riescono a rispondere alle vere necessit\u00e0 dell&#8217;essere umano e, oggigiorno, mantengono un&#8217;intollerabile dualit\u00e0: coltivare la diversit\u00e0 e l&#8217;umanit\u00e0, <strong>versus<\/strong> omogeneizzazione culturale e del sapere; l&#8217;educazione come un diritto, <strong>versus<\/strong> l\u2019educazione come affare redditizio al servizio di interessi specifici; la conoscenza come patrimonio dell&#8217;umanit\u00e0, <strong>versus<\/strong> apprendimenti strumentali scollegati tra loro. Questi movimenti sono molto attivi e si propongono educare, formare e &#8211;<strong>in un senso pi\u00f9 elevato cercano di abilitare<\/strong><\/em><a href=\"#_ftn2\" name=\"_ftnref2\"><em><strong>[2]<\/strong><\/em><\/a><em> <strong>le Nuove Generazioni <\/strong>per vivere e costruire un mondo amato e anelato; un mondo nel quale gi\u00e0 \u00e8 evidente l\u2019alba di un nuovo orizzonte umano e spirituale. <\/em><\/p>\n<p><em>La nostra esposizione s\u2019ispira nelle Nuove Generazioni che si stanno formando in questo paesaggio mondializzato e interconnesso che vanno in cammino verso la <strong>Nazione Umana Universale.<\/strong> \u00c8 la prima civilt\u00e0 planetaria della storia umana. \u00c8 verso questo essere umano del presente, gi\u00e0 quasi futuro, che si dirige il nostro lavoro come investigatori e educatori: \u00e8 la speranza dei tempi venturi, \u00e8 un sussurro all\u2019udito, una ricerca interna ispiratrice e rinnovatrice che abilita un cammino nel quale intuiamo la missione verso la crescente umanizzazione.<\/em><\/p>\n<p>Queste poche riflessioni sull&#8217;educazione non avranno l&#8217;affanno della persuasione. Solo vi chiediamo una certa disposizione a comprendere, a ispirarsi e chiss\u00e0 una certa disposizione a sorprendersi, affinch\u00e9 sia la stessa <strong><em>fenomenologia dell&#8217;apprendere <\/em><\/strong>a lasciare lo spazio per una nuova comprensione.<\/p>\n<p>A tal fine v\u2019invitiamo a considerare le riflessioni dell&#8217;ermeneutica moderna che super\u00f2 al predominio positivista e che ha aperto le porte a un&#8217;ermeneutica <em>dell&#8217;investigazione educativa<\/em>; cos\u00ec come v\u2019invitiamo a considerare la concezione <strong><em>dell&#8217;Autopoiesi<\/em><\/strong> sviluppata dal biologo ed epistemologo cileno H. Maturana<a href=\"#_ftn3\" name=\"_ftnref3\">[3]<\/a> che ha dato luogo un nuovo punto di partenza a livello accademico. Allo stesso modo v\u2019invitiamo a mettere attenzione alla concezione di Silo riguardo <em>l\u2019intenzionalit\u00e0<\/em> <em>della coscienza <\/em>come motore di cambiamenti rivoluzionari; e la sua rinfrescante definizione dell&#8217;essere umano quando afferma:<em> &#8220;L\u2019uomo \u00e8 l&#8217;essere storico il cui modo di azione sociale trasforma la propria natura.&#8221;<\/em><a href=\"#_ftn4\" name=\"_ftnref4\"><em><strong>[4]<\/strong><\/em><\/a><\/p>\n<p>In <strong>CoPeHU &#8211; <\/strong>Corrente Pedagogica Umanista Universalista, lavoriamo come un movimento pedagogico per le Nuove Generazioni per costruire un nuovo paradigma educativo e costituiamo le basi della nostra azione nella Corrente di pensiero del <em>Nuovo Umanesimo Universalista <\/em>fondato da Silo e nel suo Messaggio spirituale.<\/p>\n<p>In vista di un nuovo paradigma, ci troviamo di fronte alla necessit\u00e0 di superare le nostre <em>pre-comprensioni, <\/em>orientati verso una nuova visione dell&#8217;essere umano: \u00e8 la possibilit\u00e0 di un intendimento illuminante,<em> la implesion<\/em><a href=\"#_ftn5\" name=\"_ftnref5\"><em><strong>[5]<\/strong><\/em><\/a><em> della comprensione.<\/em> Basato in questo <em>fenomeno della coscienza<\/em>, nel quale si manifesta &#8220;<em>l&#8217;Esperienza&#8221; <\/em>di comprensione profonda e dei registri di significato ad essa relazionati, sorge la nostra proposta educativa e la funzione sociale che di essa concepiamo e proponiamo. Non ci dirigiamo a degli apprendimenti quantitativi bens\u00ec al fenomeno dell&#8217;imparare in s\u00e9; il momento in cui \u201c<em>avverto che imparo&#8221;<\/em>, affinch\u00e9 in questo modo si possa sviluppare gusto e interesse verso <strong>quello stesso registro dall&#8217;imparare.<\/strong> Consideriamo allora importante, una pedagogia che comprendendo da dentro questi processi, aiuti allo sviluppo del <em>pensare coerente, <\/em>favorendo la capacit\u00e0 di <em>relazione coerente dell\u2019informazione<\/em>, innanzi che l&#8217;accumulazione diversificante di dati frammentati.<\/p>\n<p>Quando parliamo di un&#8217;educazione umanizzatrice, non ci riferiamo solo all&#8217;atto di trattare in modo pi\u00f9 umano e affettivo i bambini, che \u2013senza ombra di dubbio-, \u00e8 molto importante. Ci riferiamo piuttosto a una <em>direzione, <\/em>una concezione abilitatrice delle nuove generazioni nell&#8217;esercizio di una visione plurale, non ingenua e attiva della realt\u00e0; di modo che il loro sguardo possa considerare il mondo non come una presunta realt\u00e0 obiettiva in s\u00e9, bens\u00ec come un ente di trasformazione sul quale l\u2019essere umano applica la propria azione, trasformandolo e umanizzandolo<a href=\"#_ftn6\" name=\"_ftnref6\">[6]<\/a>.<\/p>\n<p>Questa visione ci porta a considerare ogni essere umano come portatore di una missione irripetibile e intrasferibile verso l&#8217;umanizzazione del mondo. Uno sguardo nel quale emergono il tempo futuro e il divenire delle Nuove Generazioni verso l&#8217;intenzionalit\u00e0.<\/p>\n<p>Nella concezione della CoPeHU il tempo dell\u2019apprendimento abbraccia tutto il passaggio di un essere umano per questo piano d\u2019esistenza; dalla sua nascita fino alla sua partenza, e chiss\u00e0 verso un piano di evoluzione pi\u00f9 elevato. Consideriamo il fenomeno umano in una dinamica in spirale che procede dalla cosa pi\u00f9 semplice verso la pi\u00f9 complessa, cio\u00e8 dalla configurazione del paesaggio di formazione, allo sviluppo sessuale e le domande esistenziali sulla morte, la trascendenza e il senso della vita; la partecipazione sociale, l&#8217;autoregolazione comportamentale; l&#8217;interesse e la vocazione; la tappa del pensare relazionante e l&#8217;incontro con la coscienza ispirata; il rivelarsi della Missione. Da l\u00ec in poi rimaniamo abilitati per imparare senza limite come forma d\u2019esistenza legata al Senso trascendente della vita.<\/p>\n<p>In questa visione attiva della coscienza e del <em>soggetto d\u2019apprendimento <\/em>\u00e8 chiave: l&#8217;ambito che la societ\u00e0 va disponendo per facilitare l&#8217;apprendimento, la rivelazione e la realizzazione della missione; garantire il libero accesso all&#8217;informazione accumulata dalla civilt\u00e0 umana; l\u2019impegno esplicito con la Non Violenza Attiva; lo sviluppo integrale attraverso l&#8217;armonizzazione dei Centri di risposta (centro vegetativo, motorio, emotivo e intellettuale, cio\u00e8 &#8220;<em>pensare, sentire e agire nella stessa direzione&#8221;)<\/em>; una spiritualit\u00e0 che \u00e8 in sintonia con la sensibilit\u00e0 libertaria delle Nuove Generazioni e si riconosce nel Messaggio di Silo.<\/p>\n<p>Nella COPEHU applichiamo <em>le cinque chiavi dell&#8217;apprendimento intenzionale<\/em><a href=\"#_ftn7\" name=\"_ftnref7\"><em><strong>[7]<\/strong><\/em><\/a> che sono:<em> l&#8217;attenzione, il buon umore, l&#8217;ambiente, l&#8217;affettivit\u00e0 e il dialogo intergenerazionale; <\/em>esse operano come facilitatori affinch\u00e9 <em>\u201cil nuovo&#8221; <\/em>occupi l\u2019adeguato spazio nella persona.<\/p>\n<p>Attualmente stiamo convalidando la proposta in una scuola pubblica del Per\u00f9 e in differenti Parchi di Studio e Riflessione del mondo. In queste esperienze si \u00e8 potuto constatare che secondo l\u2019ambito fisico e mentale che si generi, sar\u00e0 possibile il dispiegamento dell&#8217;intenzionalit\u00e0 e di tutto il meglio di cui \u00e8 dotato l&#8217;essere umano.<\/p>\n<p>In sintesi: l&#8217;ipotesi su cui lavora la COPEHU \u00e8 che il contatto col mondo interno e la meditazione come forma di autoconoscenza, come forma di autoapprendimento e di interiorizzazione, consentir\u00e0 connettere con la missione <strong>trasformatrice di ogni essere umano, <\/strong>di <strong>superare il determinismo <\/strong>e acquisire quindi Senso e libert\u00e0.<\/p>\n<p>Molte grazie.<\/p>\n<p><a href=\"#_ftnref1\" name=\"_ftn1\">[1]<\/a> La COPEHU (Corrente Pedagogica Umanista Universalista) \u00e8 un movimento pedagogico che lavora per la costruzione di un nuovo paradigma educativo basato sulla Corrente di Pensiero del Nuovo Umanesimo Universalista fondato da Silo (Mario Luis Rodr\u00edguez Cobos, 1938-2010). Sorge agli inizi del 2011 con la necessit\u00e0 di dare una risposta superatrice nell&#8217;ambito educativo a fronte della disumanizzazione e della violenza crescente del sistema attuale. Questa proposta educativa che sorge in America latina, attualmente si \u00e8 diffusa in Europa e in differenti regioni del mondo. \u00c8 formata da un\u2019equipe di educatori che agiscono in scuole, centri culturali, istituti, universit\u00e0 e organismi pubblici lavorando per la costruzione di un\u2019Educazione Umanizzatrice. Leggere: <em>Aportes para una teor\u00eda y Pr\u00e1ctica del Aprendizaje Intencional -en un contexto latinoamericano, <\/em>(A. Novotny, M. E. Pirolo, R. De Angelis, H. Novotny, Parques de Estudio y Reflexi\u00f3n \u201cCarcara\u00f1\u00e1\u201d &#8211; Santa F\u00e9 \u2013 Argentina y Parque de Estudio y Reflexi\u00f3n \u201cCaucaia\u201d &#8211; Caucaia &#8211; Brasil http:\/\/goo.gl\/cBNhWi)<\/p>\n<p><a href=\"#_ftnref2\" name=\"_ftn2\">[2]<\/a> <em>\u201cPer questo credo che educare consista principalmente nel rendere le nuove generazioni capaci di una visione non ingenua della realt\u00e0, nel senso che il loro sguardo consideri il mondo non come una presunta realt\u00e0 obiettiva in s\u00e9, ma come un oggetto di trasformazione sul quale l\u2019essere umano applica la propria azione.\u201d.<\/em> (Silo, <em>Umanizzare la Terra<\/em>, ed. Multimage 1989)<\/p>\n<p><a href=\"#_ftnref3\" name=\"_ftn3\">[3]<\/a> Il ricercatore sostiene che gli umani sono esseri in cui biologia e la cultura sono &#8220;autopoietiche&#8221;: &#8220;<em>Gli esseri viventi sono sistemi di dinamiche cicliche, chiuse in se stesse, come le reti di auto-produzione degli elementi molecolari che le costituiscono<\/em>&#8220;. Se gli esseri vivi sono sistemi ciclici chiusi che si auto-producono, allo stesso modo lo \u00e8 il sistema nervoso, che cos\u2019\u00e8 che ci fa capire le cose? Che cosa fa che la gente possa convivere? Secondo la logica maturaniana, la coesistenza data nel \u201clinguaggiare\u201d tra gli esseri umani \u00e8 la chiave per capire come l&#8217;esperienza sia ci\u00f2 che ci dirige in vita a seconda delle circostanze. Per Maturana la chiave \u00e8 l&#8217;azione del linguaggio e dell&#8217;interazione, cio\u00e8, la convivenza che avviene negli esseri umani nel linguaggio. E siccome \u00e8 un&#8217;azione, non un insieme simbolico, il biologo preferisce parlare di linguaggiare. (H. Maturana, <em>Il senso di umanit\u00e0<\/em>. Dolmen, Santiago del Cile, 1996)<\/p>\n<p><a href=\"#_ftnref4\" name=\"_ftn4\">[4]<\/a> Definire l\u2019uomo sulla base della socialit\u00e0 mi risulta insoddisfacente in quanto questo aspetto \u00e8 comune a numerose specie animali; n\u00e9 la sua caratteristica fondamentale pu\u00f2 essere trovata nella capacit\u00e0 lavorativa perch\u00e9 esistono animali che possiedono questa capacit\u00e0 a un livello molto superiore; n\u00e9 a definire l\u2019essenza umana basta il linguaggio, perch\u00e9 sappiamo che in varie specie animali esistono codici e forme di comunicazione. In cambio, nel fatto che ogni nuovo essere umano trova un mondo modificato da altri e viene costituito da un mondo sempre dotato di intenzioni, scopro la capacit\u00e0 pi\u00f9 propriamente umana di accumulare e incorporare la dimensione temporale; scopro cio\u00e8 la dimensione storico-sociale e non semplicemente sociale dell\u2019essere umano. Date queste premesse, tenter\u00f2 una definizione. Questa: <em>\u201cL\u2019uomo \u00e8 un essere storico che trasforma la propria natura attraverso l\u2019attivit\u00e0 sociale.\u201d. <\/em>(Silo,<em> Opere Complete Vol.1,<\/em> Ed. Multimage 2000)<\/p>\n<p><a href=\"#_ftnref5\" name=\"_ftn5\">[5]<\/a> \u201c<em>La coscienza prefigura e ricorda, ma nel momento della implesion lavora al presente. Quando si \u00e8 alla ricerca di un ricordo, l\u2019oggetto evocato, quando appare, \u201csi rende presente\u201d; finch\u00e9 ci\u00f2 non accade, la coscienza non ha completato il suo atto\u201d, <\/em>Struttura della Coscienza<em>, Appunti di Psicologia<\/em> di Silo, Multimage, 2008.<\/p>\n<p><a href=\"#_ftnref6\" name=\"_ftn6\">[6]<\/a> Aguilar M., Bize R. <em>Pedagog\u00eda de la Intencionalidad<\/em>, Homo Sapiens, Rosario, 2011, p.129.<\/p>\n<p>&nbsp;<\/p>\n<p><a href=\"#_ftnref7\" name=\"_ftn7\">[7]<\/a> <em>Ib\u00eddem,<\/em> p.140.<\/p>\n<p>&nbsp;<\/p>\n<p><strong>Stefano Colonna<\/strong><\/p>\n<p>Traduzione dall&#8217;oriignale spagnolo dell&#8217;Autore stesso<\/p>\n","protected":false},"excerpt":{"rendered":"<p>Intervento di Stefano Colonna alla sessione americana del IV Simposio del Centro Mondiale di Studi Umanisti, Santiago del Cile, 30 ottobre 2014 &nbsp; A nome dell\u2019equipe mondiale della Corrente Pedagogica Umanista Universalista COPEHU[1] ringrazio gli organizzatori per averci invitato a&hellip;<\/p>\n","protected":false},"author":1046,"featured_media":152628,"comment_status":"closed","ping_status":"open","sticky":false,"template":"","format":"standard","meta":{"footnotes":""},"categories":[1258,162,48],"tags":[7647,1062,6435,8519,12903,6034],"class_list":["post-152627","post","type-post","status-publish","format-standard","has-post-thumbnail","hentry","category-educazione","category-opinioni","category-sud-america","tag-centro-mondiale-di-studi-umanisti","tag-centro-studi-umanisti","tag-copehu-it","tag-educazione-umanista","tag-iv-simposio-mondiale","tag-santiago-del-cile"],"yoast_head":"<!-- This site is optimized with the Yoast SEO plugin v27.1.1 - https:\/\/yoast.com\/product\/yoast-seo-wordpress\/ -->\n<title>Le nuove generazioni: ispirati costruttori della Nazione Umana che sta sorgendo<\/title>\n<meta name=\"description\" content=\"Intervento di Stefano Colonna alla sessione americana del IV Simposio del Centro Mondiale di Studi Umanisti, Santiago del Cile, 30 ottobre 2014 &nbsp; A\" \/>\n<meta name=\"robots\" content=\"index, follow, max-snippet:-1, max-image-preview:large, max-video-preview:-1\" \/>\n<link rel=\"canonical\" href=\"https:\/\/www.pressenza.com\/it\/2014\/12\/le-nuove-generazioni-ispirati-costruttori-della-nazione-umana-che-sta-sorgendo\/\" \/>\n<meta property=\"og:locale\" content=\"it_IT\" \/>\n<meta property=\"og:type\" content=\"article\" \/>\n<meta property=\"og:title\" content=\"Le nuove generazioni: ispirati costruttori della Nazione Umana che sta sorgendo\" \/>\n<meta property=\"og:description\" content=\"Intervento di Stefano Colonna alla sessione americana del IV Simposio del Centro Mondiale di Studi Umanisti, Santiago del Cile, 30 ottobre 2014 &nbsp; A\" \/>\n<meta property=\"og:url\" content=\"https:\/\/www.pressenza.com\/it\/2014\/12\/le-nuove-generazioni-ispirati-costruttori-della-nazione-umana-che-sta-sorgendo\/\" \/>\n<meta property=\"og:site_name\" content=\"Pressenza\" \/>\n<meta property=\"article:publisher\" content=\"https:\/\/www.facebook.com\/PressenzaItalia\" \/>\n<meta property=\"article:author\" content=\"https:\/\/www.facebook.com\/Copehu\/\" \/>\n<meta property=\"article:published_time\" content=\"2014-12-11T20:22:44+00:00\" \/>\n<meta property=\"article:modified_time\" content=\"2014-12-12T20:14:35+00:00\" \/>\n<meta property=\"og:image\" content=\"https:\/\/www.pressenza.com\/wp-content\/uploads\/2014\/12\/stefanocolonna-IVsimposio.jpg\" \/>\n\t<meta property=\"og:image:width\" content=\"960\" \/>\n\t<meta property=\"og:image:height\" content=\"539\" \/>\n\t<meta property=\"og:image:type\" content=\"image\/jpeg\" \/>\n<meta name=\"author\" content=\"COPEHU\" \/>\n<meta name=\"twitter:card\" content=\"summary_large_image\" \/>\n<meta name=\"twitter:creator\" content=\"@COPEHU1\" \/>\n<meta name=\"twitter:site\" content=\"@PressenzaIPA\" \/>\n<meta name=\"twitter:label1\" content=\"Scritto da\" \/>\n\t<meta name=\"twitter:data1\" content=\"COPEHU\" \/>\n\t<meta name=\"twitter:label2\" content=\"Tempo di lettura stimato\" \/>\n\t<meta name=\"twitter:data2\" content=\"8 minuti\" \/>\n<script type=\"application\/ld+json\" class=\"yoast-schema-graph\">{\"@context\":\"https:\/\/schema.org\",\"@graph\":[{\"@type\":\"Article\",\"@id\":\"https:\/\/www.pressenza.com\/it\/2014\/12\/le-nuove-generazioni-ispirati-costruttori-della-nazione-umana-che-sta-sorgendo\/#article\",\"isPartOf\":{\"@id\":\"https:\/\/www.pressenza.com\/it\/2014\/12\/le-nuove-generazioni-ispirati-costruttori-della-nazione-umana-che-sta-sorgendo\/\"},\"author\":{\"name\":\"COPEHU\",\"@id\":\"https:\/\/www.pressenza.com\/it\/#\/schema\/person\/385bea3cd2facc332ff1bd91c50d777a\"},\"headline\":\"Le nuove generazioni: ispirati costruttori della Nazione Umana che sta sorgendo\",\"datePublished\":\"2014-12-11T20:22:44+00:00\",\"dateModified\":\"2014-12-12T20:14:35+00:00\",\"mainEntityOfPage\":{\"@id\":\"https:\/\/www.pressenza.com\/it\/2014\/12\/le-nuove-generazioni-ispirati-costruttori-della-nazione-umana-che-sta-sorgendo\/\"},\"wordCount\":1684,\"publisher\":{\"@id\":\"https:\/\/www.pressenza.com\/it\/#organization\"},\"image\":{\"@id\":\"https:\/\/www.pressenza.com\/it\/2014\/12\/le-nuove-generazioni-ispirati-costruttori-della-nazione-umana-che-sta-sorgendo\/#primaryimage\"},\"thumbnailUrl\":\"https:\/\/www.pressenza.com\/wp-content\/uploads\/2014\/12\/stefanocolonna-IVsimposio.jpg\",\"keywords\":[\"Centro Mondiale di Studi Umanisti\",\"Centro studi Umanisti\",\"CoPeHU\",\"educazione umanista\",\"IV Simposio Mondiale\",\"Santiago del Cile\"],\"articleSection\":[\"Educazione\",\"Opinioni\",\"Sud America\"],\"inLanguage\":\"it-IT\"},{\"@type\":\"WebPage\",\"@id\":\"https:\/\/www.pressenza.com\/it\/2014\/12\/le-nuove-generazioni-ispirati-costruttori-della-nazione-umana-che-sta-sorgendo\/\",\"url\":\"https:\/\/www.pressenza.com\/it\/2014\/12\/le-nuove-generazioni-ispirati-costruttori-della-nazione-umana-che-sta-sorgendo\/\",\"name\":\"Le nuove generazioni: ispirati costruttori della Nazione Umana che sta sorgendo\",\"isPartOf\":{\"@id\":\"https:\/\/www.pressenza.com\/it\/#website\"},\"primaryImageOfPage\":{\"@id\":\"https:\/\/www.pressenza.com\/it\/2014\/12\/le-nuove-generazioni-ispirati-costruttori-della-nazione-umana-che-sta-sorgendo\/#primaryimage\"},\"image\":{\"@id\":\"https:\/\/www.pressenza.com\/it\/2014\/12\/le-nuove-generazioni-ispirati-costruttori-della-nazione-umana-che-sta-sorgendo\/#primaryimage\"},\"thumbnailUrl\":\"https:\/\/www.pressenza.com\/wp-content\/uploads\/2014\/12\/stefanocolonna-IVsimposio.jpg\",\"datePublished\":\"2014-12-11T20:22:44+00:00\",\"dateModified\":\"2014-12-12T20:14:35+00:00\",\"description\":\"Intervento di Stefano Colonna alla sessione americana del IV Simposio del Centro Mondiale di Studi Umanisti, Santiago del Cile, 30 ottobre 2014 &nbsp; A\",\"breadcrumb\":{\"@id\":\"https:\/\/www.pressenza.com\/it\/2014\/12\/le-nuove-generazioni-ispirati-costruttori-della-nazione-umana-che-sta-sorgendo\/#breadcrumb\"},\"inLanguage\":\"it-IT\",\"potentialAction\":[{\"@type\":\"ReadAction\",\"target\":[\"https:\/\/www.pressenza.com\/it\/2014\/12\/le-nuove-generazioni-ispirati-costruttori-della-nazione-umana-che-sta-sorgendo\/\"]}]},{\"@type\":\"ImageObject\",\"inLanguage\":\"it-IT\",\"@id\":\"https:\/\/www.pressenza.com\/it\/2014\/12\/le-nuove-generazioni-ispirati-costruttori-della-nazione-umana-che-sta-sorgendo\/#primaryimage\",\"url\":\"https:\/\/www.pressenza.com\/wp-content\/uploads\/2014\/12\/stefanocolonna-IVsimposio.jpg\",\"contentUrl\":\"https:\/\/www.pressenza.com\/wp-content\/uploads\/2014\/12\/stefanocolonna-IVsimposio.jpg\",\"width\":960,\"height\":539},{\"@type\":\"BreadcrumbList\",\"@id\":\"https:\/\/www.pressenza.com\/it\/2014\/12\/le-nuove-generazioni-ispirati-costruttori-della-nazione-umana-che-sta-sorgendo\/#breadcrumb\",\"itemListElement\":[{\"@type\":\"ListItem\",\"position\":1,\"name\":\"Accueil\",\"item\":\"https:\/\/www.pressenza.com\/it\/\"},{\"@type\":\"ListItem\",\"position\":2,\"name\":\"Le nuove generazioni: ispirati costruttori della Nazione Umana che sta sorgendo\"}]},{\"@type\":\"WebSite\",\"@id\":\"https:\/\/www.pressenza.com\/it\/#website\",\"url\":\"https:\/\/www.pressenza.com\/it\/\",\"name\":\"Pressenza\",\"description\":\"Agenzia di Stampa Internazionale\",\"publisher\":{\"@id\":\"https:\/\/www.pressenza.com\/it\/#organization\"},\"potentialAction\":[{\"@type\":\"SearchAction\",\"target\":{\"@type\":\"EntryPoint\",\"urlTemplate\":\"https:\/\/www.pressenza.com\/it\/?s={search_term_string}\"},\"query-input\":{\"@type\":\"PropertyValueSpecification\",\"valueRequired\":true,\"valueName\":\"search_term_string\"}}],\"inLanguage\":\"it-IT\"},{\"@type\":\"Organization\",\"@id\":\"https:\/\/www.pressenza.com\/it\/#organization\",\"name\":\"Pressenza\",\"url\":\"https:\/\/www.pressenza.com\/it\/\",\"logo\":{\"@type\":\"ImageObject\",\"inLanguage\":\"it-IT\",\"@id\":\"https:\/\/www.pressenza.com\/it\/#\/schema\/logo\/image\/\",\"url\":\"https:\/\/www.pressenza.com\/wp-content\/uploads\/2022\/10\/pressenza_logo_200x200.jpg\",\"contentUrl\":\"https:\/\/www.pressenza.com\/wp-content\/uploads\/2022\/10\/pressenza_logo_200x200.jpg\",\"width\":200,\"height\":200,\"caption\":\"Pressenza\"},\"image\":{\"@id\":\"https:\/\/www.pressenza.com\/it\/#\/schema\/logo\/image\/\"},\"sameAs\":[\"https:\/\/www.facebook.com\/PressenzaItalia\",\"https:\/\/x.com\/PressenzaIPA\"]},{\"@type\":\"Person\",\"@id\":\"https:\/\/www.pressenza.com\/it\/#\/schema\/person\/385bea3cd2facc332ff1bd91c50d777a\",\"name\":\"COPEHU\",\"description\":\"Corriente Pedagogica Humanista Universalista - Courant Pedagogique Humaniste Universaliste - Corrente Pedagogica Umanista Universalista - Universalist Humanist Pedagogical Current www.copehu.net\",\"sameAs\":[\"https:\/\/www.copehu.org\/\",\"https:\/\/www.facebook.com\/Copehu\/\",\"https:\/\/x.com\/COPEHU1\"],\"url\":\"https:\/\/www.pressenza.com\/it\/author\/copehu\/\"}]}<\/script>\n<!-- \/ Yoast SEO plugin. -->","yoast_head_json":{"title":"Le nuove generazioni: ispirati costruttori della Nazione Umana che sta sorgendo","description":"Intervento di Stefano Colonna alla sessione americana del IV Simposio del Centro Mondiale di Studi Umanisti, Santiago del Cile, 30 ottobre 2014 &nbsp; A","robots":{"index":"index","follow":"follow","max-snippet":"max-snippet:-1","max-image-preview":"max-image-preview:large","max-video-preview":"max-video-preview:-1"},"canonical":"https:\/\/www.pressenza.com\/it\/2014\/12\/le-nuove-generazioni-ispirati-costruttori-della-nazione-umana-che-sta-sorgendo\/","og_locale":"it_IT","og_type":"article","og_title":"Le nuove generazioni: ispirati costruttori della Nazione Umana che sta sorgendo","og_description":"Intervento di Stefano Colonna alla sessione americana del IV Simposio del Centro Mondiale di Studi Umanisti, Santiago del Cile, 30 ottobre 2014 &nbsp; A","og_url":"https:\/\/www.pressenza.com\/it\/2014\/12\/le-nuove-generazioni-ispirati-costruttori-della-nazione-umana-che-sta-sorgendo\/","og_site_name":"Pressenza","article_publisher":"https:\/\/www.facebook.com\/PressenzaItalia","article_author":"https:\/\/www.facebook.com\/Copehu\/","article_published_time":"2014-12-11T20:22:44+00:00","article_modified_time":"2014-12-12T20:14:35+00:00","og_image":[{"width":960,"height":539,"url":"https:\/\/www.pressenza.com\/wp-content\/uploads\/2014\/12\/stefanocolonna-IVsimposio.jpg","type":"image\/jpeg"}],"author":"COPEHU","twitter_card":"summary_large_image","twitter_creator":"@COPEHU1","twitter_site":"@PressenzaIPA","twitter_misc":{"Scritto da":"COPEHU","Tempo di lettura stimato":"8 minuti"},"schema":{"@context":"https:\/\/schema.org","@graph":[{"@type":"Article","@id":"https:\/\/www.pressenza.com\/it\/2014\/12\/le-nuove-generazioni-ispirati-costruttori-della-nazione-umana-che-sta-sorgendo\/#article","isPartOf":{"@id":"https:\/\/www.pressenza.com\/it\/2014\/12\/le-nuove-generazioni-ispirati-costruttori-della-nazione-umana-che-sta-sorgendo\/"},"author":{"name":"COPEHU","@id":"https:\/\/www.pressenza.com\/it\/#\/schema\/person\/385bea3cd2facc332ff1bd91c50d777a"},"headline":"Le nuove generazioni: ispirati costruttori della Nazione Umana che sta sorgendo","datePublished":"2014-12-11T20:22:44+00:00","dateModified":"2014-12-12T20:14:35+00:00","mainEntityOfPage":{"@id":"https:\/\/www.pressenza.com\/it\/2014\/12\/le-nuove-generazioni-ispirati-costruttori-della-nazione-umana-che-sta-sorgendo\/"},"wordCount":1684,"publisher":{"@id":"https:\/\/www.pressenza.com\/it\/#organization"},"image":{"@id":"https:\/\/www.pressenza.com\/it\/2014\/12\/le-nuove-generazioni-ispirati-costruttori-della-nazione-umana-che-sta-sorgendo\/#primaryimage"},"thumbnailUrl":"https:\/\/www.pressenza.com\/wp-content\/uploads\/2014\/12\/stefanocolonna-IVsimposio.jpg","keywords":["Centro Mondiale di Studi Umanisti","Centro studi Umanisti","CoPeHU","educazione umanista","IV Simposio Mondiale","Santiago del Cile"],"articleSection":["Educazione","Opinioni","Sud America"],"inLanguage":"it-IT"},{"@type":"WebPage","@id":"https:\/\/www.pressenza.com\/it\/2014\/12\/le-nuove-generazioni-ispirati-costruttori-della-nazione-umana-che-sta-sorgendo\/","url":"https:\/\/www.pressenza.com\/it\/2014\/12\/le-nuove-generazioni-ispirati-costruttori-della-nazione-umana-che-sta-sorgendo\/","name":"Le nuove generazioni: ispirati costruttori della Nazione Umana che sta sorgendo","isPartOf":{"@id":"https:\/\/www.pressenza.com\/it\/#website"},"primaryImageOfPage":{"@id":"https:\/\/www.pressenza.com\/it\/2014\/12\/le-nuove-generazioni-ispirati-costruttori-della-nazione-umana-che-sta-sorgendo\/#primaryimage"},"image":{"@id":"https:\/\/www.pressenza.com\/it\/2014\/12\/le-nuove-generazioni-ispirati-costruttori-della-nazione-umana-che-sta-sorgendo\/#primaryimage"},"thumbnailUrl":"https:\/\/www.pressenza.com\/wp-content\/uploads\/2014\/12\/stefanocolonna-IVsimposio.jpg","datePublished":"2014-12-11T20:22:44+00:00","dateModified":"2014-12-12T20:14:35+00:00","description":"Intervento di Stefano Colonna alla sessione americana del IV Simposio del Centro Mondiale di Studi Umanisti, Santiago del Cile, 30 ottobre 2014 &nbsp; A","breadcrumb":{"@id":"https:\/\/www.pressenza.com\/it\/2014\/12\/le-nuove-generazioni-ispirati-costruttori-della-nazione-umana-che-sta-sorgendo\/#breadcrumb"},"inLanguage":"it-IT","potentialAction":[{"@type":"ReadAction","target":["https:\/\/www.pressenza.com\/it\/2014\/12\/le-nuove-generazioni-ispirati-costruttori-della-nazione-umana-che-sta-sorgendo\/"]}]},{"@type":"ImageObject","inLanguage":"it-IT","@id":"https:\/\/www.pressenza.com\/it\/2014\/12\/le-nuove-generazioni-ispirati-costruttori-della-nazione-umana-che-sta-sorgendo\/#primaryimage","url":"https:\/\/www.pressenza.com\/wp-content\/uploads\/2014\/12\/stefanocolonna-IVsimposio.jpg","contentUrl":"https:\/\/www.pressenza.com\/wp-content\/uploads\/2014\/12\/stefanocolonna-IVsimposio.jpg","width":960,"height":539},{"@type":"BreadcrumbList","@id":"https:\/\/www.pressenza.com\/it\/2014\/12\/le-nuove-generazioni-ispirati-costruttori-della-nazione-umana-che-sta-sorgendo\/#breadcrumb","itemListElement":[{"@type":"ListItem","position":1,"name":"Accueil","item":"https:\/\/www.pressenza.com\/it\/"},{"@type":"ListItem","position":2,"name":"Le nuove generazioni: ispirati costruttori della Nazione Umana che sta sorgendo"}]},{"@type":"WebSite","@id":"https:\/\/www.pressenza.com\/it\/#website","url":"https:\/\/www.pressenza.com\/it\/","name":"Pressenza","description":"Agenzia di Stampa Internazionale","publisher":{"@id":"https:\/\/www.pressenza.com\/it\/#organization"},"potentialAction":[{"@type":"SearchAction","target":{"@type":"EntryPoint","urlTemplate":"https:\/\/www.pressenza.com\/it\/?s={search_term_string}"},"query-input":{"@type":"PropertyValueSpecification","valueRequired":true,"valueName":"search_term_string"}}],"inLanguage":"it-IT"},{"@type":"Organization","@id":"https:\/\/www.pressenza.com\/it\/#organization","name":"Pressenza","url":"https:\/\/www.pressenza.com\/it\/","logo":{"@type":"ImageObject","inLanguage":"it-IT","@id":"https:\/\/www.pressenza.com\/it\/#\/schema\/logo\/image\/","url":"https:\/\/www.pressenza.com\/wp-content\/uploads\/2022\/10\/pressenza_logo_200x200.jpg","contentUrl":"https:\/\/www.pressenza.com\/wp-content\/uploads\/2022\/10\/pressenza_logo_200x200.jpg","width":200,"height":200,"caption":"Pressenza"},"image":{"@id":"https:\/\/www.pressenza.com\/it\/#\/schema\/logo\/image\/"},"sameAs":["https:\/\/www.facebook.com\/PressenzaItalia","https:\/\/x.com\/PressenzaIPA"]},{"@type":"Person","@id":"https:\/\/www.pressenza.com\/it\/#\/schema\/person\/385bea3cd2facc332ff1bd91c50d777a","name":"COPEHU","description":"Corriente Pedagogica Humanista Universalista - Courant Pedagogique Humaniste Universaliste - Corrente Pedagogica Umanista Universalista - Universalist Humanist Pedagogical Current www.copehu.net","sameAs":["https:\/\/www.copehu.org\/","https:\/\/www.facebook.com\/Copehu\/","https:\/\/x.com\/COPEHU1"],"url":"https:\/\/www.pressenza.com\/it\/author\/copehu\/"}]}},"place":"","original_article_url":"","_links":{"self":[{"href":"https:\/\/www.pressenza.com\/it\/wp-json\/wp\/v2\/posts\/152627","targetHints":{"allow":["GET"]}}],"collection":[{"href":"https:\/\/www.pressenza.com\/it\/wp-json\/wp\/v2\/posts"}],"about":[{"href":"https:\/\/www.pressenza.com\/it\/wp-json\/wp\/v2\/types\/post"}],"author":[{"embeddable":true,"href":"https:\/\/www.pressenza.com\/it\/wp-json\/wp\/v2\/users\/1046"}],"replies":[{"embeddable":true,"href":"https:\/\/www.pressenza.com\/it\/wp-json\/wp\/v2\/comments?post=152627"}],"version-history":[{"count":0,"href":"https:\/\/www.pressenza.com\/it\/wp-json\/wp\/v2\/posts\/152627\/revisions"}],"wp:featuredmedia":[{"embeddable":true,"href":"https:\/\/www.pressenza.com\/it\/wp-json\/wp\/v2\/media\/152628"}],"wp:attachment":[{"href":"https:\/\/www.pressenza.com\/it\/wp-json\/wp\/v2\/media?parent=152627"}],"wp:term":[{"taxonomy":"category","embeddable":true,"href":"https:\/\/www.pressenza.com\/it\/wp-json\/wp\/v2\/categories?post=152627"},{"taxonomy":"post_tag","embeddable":true,"href":"https:\/\/www.pressenza.com\/it\/wp-json\/wp\/v2\/tags?post=152627"}],"curies":[{"name":"wp","href":"https:\/\/api.w.org\/{rel}","templated":true}]}}