{"id":1525590,"date":"2022-02-21T16:46:30","date_gmt":"2022-02-21T16:46:30","guid":{"rendered":"https:\/\/www.pressenza.com\/?p=1525590"},"modified":"2022-02-21T16:46:30","modified_gmt":"2022-02-21T16:46:30","slug":"uno-studio-sulle-patologie-della-politica-e-tre-campagne-per-scuotere-il-palazzo","status":"publish","type":"post","link":"https:\/\/www.pressenza.com\/it\/2022\/02\/uno-studio-sulle-patologie-della-politica-e-tre-campagne-per-scuotere-il-palazzo\/","title":{"rendered":"Uno studio sulle patologie della politica e tre campagne per scuotere il palazzo"},"content":{"rendered":"<p>Marted\u00ec 22 febbraio alle ore 21, il gruppo promotore della Rete per la politicit\u00e0 sociale presenter\u00e0 online l\u2019appello con cui si invitano persone, associazioni, gruppi e liste civiche a costruire in rete un fronte comune per risvegliare il mondo politico e istituzionale affinch\u00e9 si indirizzi verso cambiamenti radicali che rigenerino la democrazia, le forme di partecipazione e l\u2019etica politica.<\/p>\n<p>La Rete prende le mosse dal documento \u201cPoliticit\u00e0 sociale: le nuove frontiere della politica\u201d scritto recentemente da Pino Polistena, studioso delle forme della politica e fondatore del Centro studi \u201cForme e riforme\u201d (www.formeeriforme.it).<\/p>\n<p>I promotori hanno deciso di rivolgersi a tutti, perch\u00e9 il fulcro del cambiamento sta nella attivazione della politicit\u00e0 sociale, intesa come l\u2019insieme di luoghi e strumenti indispensabili alla societ\u00e0 civile per formarsi, confrontarsi, esprimere le proprie istanze e proposte ridando in questo modo senso e concretezza alla sovranit\u00e0 popolare prevista dalla Costituzione.<\/p>\n<p>La Rete sar\u00e0 organizzata in modo orizzontale e le decisioni saranno assunte con il metodo del consenso ovvero \u201csi lavora su ci\u00f2 che unisce e si continua a discutere su ci\u00f2 che divide\u201d.<\/p>\n<p>L\u2019incontro on line prevede due interventi principali.<\/p>\n<p>Sergio Bagnasco, esperto in materia elettorale e costituzionale, illustrer\u00e0 il processo che ha trasformato i partiti da strumenti organizzativi nelle mani dei cittadini per partecipare alle scelte politiche a centri di potere nelle mani di pochi.<\/p>\n<p>Pino Polistena, illustrer\u00e0 le patologie della politica italiana e i motivi per cui quanti vogliono operare pi\u00f9 efficacemente al miglioramento della nostra societ\u00e0, dovrebbero mettere tra i loro punti prioritari la partecipazione alla rete per cambiare le modalit\u00e0 di fare politica.<\/p>\n<p>Grande spazio sar\u00e0 dedicato agli interventi dei partecipanti.<\/p>\n<p>Il gruppo promotore propone inoltre di impegnarsi da subito in tre campagne nazionali.<\/p>\n<p>La prima e pi\u00f9 urgente per sostenere i ricorsi presso la Corte Costituzionale contro il Rosatellum, la legge elettorale che impedisce alla cittadinanza di eleggere liberamente i propri rappresentanti.<\/p>\n<p>La seconda per migliorare gli strumenti di partecipazione a disposizione della cittadinanza come il referendum.<\/p>\n<p>La terza, per diffondere in Italia il concetto di politicit\u00e0 sociale: sar\u00e0 l\u2019occasione per analizzare le disfunzioni della politica dimostrando che \u00e8 possibile uscire da un sentiero obbligato in cui ci costringe una classe politica che sembra soprattutto interessata alla propria autoconservazione, restando indifferente e sorda rispetto ai problemi della nostra societ\u00e0, generando malcontento e disinteresse alla partecipazione, come ormai dimostra il livello di astensione dal voto.<\/p>\n<p>Pino Polistena, uno dei promotori della Rete della Politicit\u00e0 Sociale, pone al centro delle riflessioni le patologie della politica italiana. E afferma: \u201c Le modalit\u00e0 e le regole con cui si fa politica nel nostro Paese sono malate e tutti noi siamo talmente abituati a queste disfunzioni che non siamo pi\u00f9 capaci di immaginare scenari diversi e di renderci conto dei danni enormi che provocano alla societ\u00e0 italiana. Dobbiamo aprire una nuova era per invertire questa deriva\u201d.<\/p>\n<p>Invitiamo a far parte della Rete compilando il modulo su www.reteperlapoliticitasociale.org e partecipando alla serata portando il proprio contributo.<\/p>\n<p>La serata si svolger\u00e0 marted\u00ec 22 febbraio ore 21 al link https:\/\/meet.google.com\/oof-kcyk-bfj<\/p>\n<p>Per informazioni contattare: Rete per la Politicit\u00e0 Sociale info@reteperlapoliticitasociale.org<\/p>\n","protected":false},"excerpt":{"rendered":"<p>Marted\u00ec 22 febbraio alle ore 21, il gruppo promotore della Rete per la politicit\u00e0 sociale presenter\u00e0 online l\u2019appello con cui si invitano persone, associazioni, gruppi e liste civiche a costruire in rete un fronte comune per risvegliare il mondo politico&hellip;<\/p>\n","protected":false},"author":594,"featured_media":1525301,"comment_status":"closed","ping_status":"closed","sticky":false,"template":"","format":"standard","meta":{"footnotes":""},"categories":[150,60,1258,55,57],"tags":[1659,99439,19066],"class_list":["post-1525590","post","type-post","status-publish","format-standard","has-post-thumbnail","hentry","category-comunicati-stampa","category-diritti-umani","category-educazione","category-politica","category-affari-esteri","tag-legge-elettorale","tag-patologie-della-politica","tag-politica-italiana"],"yoast_head":"<!-- This site is optimized with the Yoast SEO plugin v27.1.1 - https:\/\/yoast.com\/product\/yoast-seo-wordpress\/ -->\n<title>Uno studio sulle patologie della politica e tre campagne per scuotere il palazzo<\/title>\n<meta name=\"description\" content=\"Marted\u00ec 22 febbraio alle ore 21, il gruppo promotore della Rete per la politicit\u00e0 sociale presenter\u00e0 online l\u2019appello con cui si invitano persone,\" \/>\n<meta name=\"robots\" content=\"index, follow, max-snippet:-1, max-image-preview:large, max-video-preview:-1\" \/>\n<link rel=\"canonical\" href=\"https:\/\/www.pressenza.com\/it\/2022\/02\/uno-studio-sulle-patologie-della-politica-e-tre-campagne-per-scuotere-il-palazzo\/\" \/>\n<meta property=\"og:locale\" content=\"it_IT\" \/>\n<meta property=\"og:type\" content=\"article\" \/>\n<meta property=\"og:title\" content=\"Uno studio sulle patologie della politica e tre campagne per scuotere il palazzo\" \/>\n<meta property=\"og:description\" content=\"Marted\u00ec 22 febbraio alle ore 21, il gruppo promotore della Rete per la politicit\u00e0 sociale presenter\u00e0 online l\u2019appello con cui si invitano persone,\" \/>\n<meta property=\"og:url\" content=\"https:\/\/www.pressenza.com\/it\/2022\/02\/uno-studio-sulle-patologie-della-politica-e-tre-campagne-per-scuotere-il-palazzo\/\" \/>\n<meta property=\"og:site_name\" content=\"Pressenza\" \/>\n<meta property=\"article:publisher\" content=\"https:\/\/www.facebook.com\/PressenzaItalia\" \/>\n<meta property=\"article:author\" content=\"https:\/\/www.facebook.com\/PressenzaItalia\" \/>\n<meta property=\"article:published_time\" content=\"2022-02-21T16:46:30+00:00\" \/>\n<meta property=\"og:image\" content=\"https:\/\/www.pressenza.com\/wp-content\/uploads\/2022\/02\/20220219_131327-1.jpg\" \/>\n\t<meta property=\"og:image:width\" content=\"1440\" \/>\n\t<meta property=\"og:image:height\" content=\"1920\" \/>\n\t<meta property=\"og:image:type\" content=\"image\/jpeg\" \/>\n<meta name=\"author\" content=\"Redazione Italia\" \/>\n<meta name=\"twitter:card\" content=\"summary_large_image\" \/>\n<meta name=\"twitter:creator\" content=\"@pressenza_it\" \/>\n<meta name=\"twitter:site\" content=\"@PressenzaIPA\" \/>\n<meta name=\"twitter:label1\" content=\"Scritto da\" \/>\n\t<meta name=\"twitter:data1\" content=\"Redazione Italia\" \/>\n\t<meta name=\"twitter:label2\" content=\"Tempo di lettura stimato\" \/>\n\t<meta name=\"twitter:data2\" content=\"3 minuti\" \/>\n<script type=\"application\/ld+json\" class=\"yoast-schema-graph\">{\"@context\":\"https:\/\/schema.org\",\"@graph\":[{\"@type\":\"Article\",\"@id\":\"https:\/\/www.pressenza.com\/it\/2022\/02\/uno-studio-sulle-patologie-della-politica-e-tre-campagne-per-scuotere-il-palazzo\/#article\",\"isPartOf\":{\"@id\":\"https:\/\/www.pressenza.com\/it\/2022\/02\/uno-studio-sulle-patologie-della-politica-e-tre-campagne-per-scuotere-il-palazzo\/\"},\"author\":{\"name\":\"Redazione Italia\",\"@id\":\"https:\/\/www.pressenza.com\/it\/#\/schema\/person\/d983e81827ae24f2c7b1a2123d197f8d\"},\"headline\":\"Uno studio sulle patologie della politica e tre campagne per scuotere il palazzo\",\"datePublished\":\"2022-02-21T16:46:30+00:00\",\"mainEntityOfPage\":{\"@id\":\"https:\/\/www.pressenza.com\/it\/2022\/02\/uno-studio-sulle-patologie-della-politica-e-tre-campagne-per-scuotere-il-palazzo\/\"},\"wordCount\":532,\"publisher\":{\"@id\":\"https:\/\/www.pressenza.com\/it\/#organization\"},\"image\":{\"@id\":\"https:\/\/www.pressenza.com\/it\/2022\/02\/uno-studio-sulle-patologie-della-politica-e-tre-campagne-per-scuotere-il-palazzo\/#primaryimage\"},\"thumbnailUrl\":\"https:\/\/www.pressenza.com\/wp-content\/uploads\/2022\/02\/20220219_131327-1.jpg\",\"keywords\":[\"legge elettorale\",\"patologie della politica\",\"politica italiana\"],\"articleSection\":[\"Comunicati Stampa\",\"Diritti Umani\",\"Educazione\",\"Politica\",\"Questioni internazionali\"],\"inLanguage\":\"it-IT\"},{\"@type\":\"WebPage\",\"@id\":\"https:\/\/www.pressenza.com\/it\/2022\/02\/uno-studio-sulle-patologie-della-politica-e-tre-campagne-per-scuotere-il-palazzo\/\",\"url\":\"https:\/\/www.pressenza.com\/it\/2022\/02\/uno-studio-sulle-patologie-della-politica-e-tre-campagne-per-scuotere-il-palazzo\/\",\"name\":\"Uno studio sulle patologie della politica e tre campagne per scuotere il palazzo\",\"isPartOf\":{\"@id\":\"https:\/\/www.pressenza.com\/it\/#website\"},\"primaryImageOfPage\":{\"@id\":\"https:\/\/www.pressenza.com\/it\/2022\/02\/uno-studio-sulle-patologie-della-politica-e-tre-campagne-per-scuotere-il-palazzo\/#primaryimage\"},\"image\":{\"@id\":\"https:\/\/www.pressenza.com\/it\/2022\/02\/uno-studio-sulle-patologie-della-politica-e-tre-campagne-per-scuotere-il-palazzo\/#primaryimage\"},\"thumbnailUrl\":\"https:\/\/www.pressenza.com\/wp-content\/uploads\/2022\/02\/20220219_131327-1.jpg\",\"datePublished\":\"2022-02-21T16:46:30+00:00\",\"description\":\"Marted\u00ec 22 febbraio alle ore 21, il gruppo promotore della Rete per la politicit\u00e0 sociale presenter\u00e0 online l\u2019appello con cui si invitano persone,\",\"breadcrumb\":{\"@id\":\"https:\/\/www.pressenza.com\/it\/2022\/02\/uno-studio-sulle-patologie-della-politica-e-tre-campagne-per-scuotere-il-palazzo\/#breadcrumb\"},\"inLanguage\":\"it-IT\",\"potentialAction\":[{\"@type\":\"ReadAction\",\"target\":[\"https:\/\/www.pressenza.com\/it\/2022\/02\/uno-studio-sulle-patologie-della-politica-e-tre-campagne-per-scuotere-il-palazzo\/\"]}]},{\"@type\":\"ImageObject\",\"inLanguage\":\"it-IT\",\"@id\":\"https:\/\/www.pressenza.com\/it\/2022\/02\/uno-studio-sulle-patologie-della-politica-e-tre-campagne-per-scuotere-il-palazzo\/#primaryimage\",\"url\":\"https:\/\/www.pressenza.com\/wp-content\/uploads\/2022\/02\/20220219_131327-1.jpg\",\"contentUrl\":\"https:\/\/www.pressenza.com\/wp-content\/uploads\/2022\/02\/20220219_131327-1.jpg\",\"width\":1440,\"height\":1920,\"caption\":\"\u00a9 Heidi Meinzolt\"},{\"@type\":\"BreadcrumbList\",\"@id\":\"https:\/\/www.pressenza.com\/it\/2022\/02\/uno-studio-sulle-patologie-della-politica-e-tre-campagne-per-scuotere-il-palazzo\/#breadcrumb\",\"itemListElement\":[{\"@type\":\"ListItem\",\"position\":1,\"name\":\"Accueil\",\"item\":\"https:\/\/www.pressenza.com\/it\/\"},{\"@type\":\"ListItem\",\"position\":2,\"name\":\"Uno studio sulle patologie della politica e tre campagne per scuotere il palazzo\"}]},{\"@type\":\"WebSite\",\"@id\":\"https:\/\/www.pressenza.com\/it\/#website\",\"url\":\"https:\/\/www.pressenza.com\/it\/\",\"name\":\"Pressenza\",\"description\":\"Agenzia di Stampa Internazionale\",\"publisher\":{\"@id\":\"https:\/\/www.pressenza.com\/it\/#organization\"},\"potentialAction\":[{\"@type\":\"SearchAction\",\"target\":{\"@type\":\"EntryPoint\",\"urlTemplate\":\"https:\/\/www.pressenza.com\/it\/?s={search_term_string}\"},\"query-input\":{\"@type\":\"PropertyValueSpecification\",\"valueRequired\":true,\"valueName\":\"search_term_string\"}}],\"inLanguage\":\"it-IT\"},{\"@type\":\"Organization\",\"@id\":\"https:\/\/www.pressenza.com\/it\/#organization\",\"name\":\"Pressenza\",\"url\":\"https:\/\/www.pressenza.com\/it\/\",\"logo\":{\"@type\":\"ImageObject\",\"inLanguage\":\"it-IT\",\"@id\":\"https:\/\/www.pressenza.com\/it\/#\/schema\/logo\/image\/\",\"url\":\"https:\/\/www.pressenza.com\/wp-content\/uploads\/2022\/10\/pressenza_logo_200x200.jpg\",\"contentUrl\":\"https:\/\/www.pressenza.com\/wp-content\/uploads\/2022\/10\/pressenza_logo_200x200.jpg\",\"width\":200,\"height\":200,\"caption\":\"Pressenza\"},\"image\":{\"@id\":\"https:\/\/www.pressenza.com\/it\/#\/schema\/logo\/image\/\"},\"sameAs\":[\"https:\/\/www.facebook.com\/PressenzaItalia\",\"https:\/\/x.com\/PressenzaIPA\"]},{\"@type\":\"Person\",\"@id\":\"https:\/\/www.pressenza.com\/it\/#\/schema\/person\/d983e81827ae24f2c7b1a2123d197f8d\",\"name\":\"Redazione Italia\",\"description\":\"News from the Pressenza Bureau in Italy\",\"sameAs\":[\"https:\/\/www.pressenza.com\/it\/author\/redazione-italia\/\",\"https:\/\/www.facebook.com\/PressenzaItalia\",\"https:\/\/www.instagram.com\/pressenza_italia\/\",\"https:\/\/x.com\/pressenza_it\",\"https:\/\/www.youtube.com\/channel\/UCSalEIWjE1RSxkwjfftFuqg\"],\"url\":\"https:\/\/www.pressenza.com\/it\/author\/redazione-italia\/\"}]}<\/script>\n<!-- \/ Yoast SEO plugin. -->","yoast_head_json":{"title":"Uno studio sulle patologie della politica e tre campagne per scuotere il palazzo","description":"Marted\u00ec 22 febbraio alle ore 21, il gruppo promotore della Rete per la politicit\u00e0 sociale presenter\u00e0 online l\u2019appello con cui si invitano persone,","robots":{"index":"index","follow":"follow","max-snippet":"max-snippet:-1","max-image-preview":"max-image-preview:large","max-video-preview":"max-video-preview:-1"},"canonical":"https:\/\/www.pressenza.com\/it\/2022\/02\/uno-studio-sulle-patologie-della-politica-e-tre-campagne-per-scuotere-il-palazzo\/","og_locale":"it_IT","og_type":"article","og_title":"Uno studio sulle patologie della politica e tre campagne per scuotere il palazzo","og_description":"Marted\u00ec 22 febbraio alle ore 21, il gruppo promotore della Rete per la politicit\u00e0 sociale presenter\u00e0 online l\u2019appello con cui si invitano persone,","og_url":"https:\/\/www.pressenza.com\/it\/2022\/02\/uno-studio-sulle-patologie-della-politica-e-tre-campagne-per-scuotere-il-palazzo\/","og_site_name":"Pressenza","article_publisher":"https:\/\/www.facebook.com\/PressenzaItalia","article_author":"https:\/\/www.facebook.com\/PressenzaItalia","article_published_time":"2022-02-21T16:46:30+00:00","og_image":[{"width":1440,"height":1920,"url":"https:\/\/www.pressenza.com\/wp-content\/uploads\/2022\/02\/20220219_131327-1.jpg","type":"image\/jpeg"}],"author":"Redazione Italia","twitter_card":"summary_large_image","twitter_creator":"@pressenza_it","twitter_site":"@PressenzaIPA","twitter_misc":{"Scritto da":"Redazione Italia","Tempo di lettura stimato":"3 minuti"},"schema":{"@context":"https:\/\/schema.org","@graph":[{"@type":"Article","@id":"https:\/\/www.pressenza.com\/it\/2022\/02\/uno-studio-sulle-patologie-della-politica-e-tre-campagne-per-scuotere-il-palazzo\/#article","isPartOf":{"@id":"https:\/\/www.pressenza.com\/it\/2022\/02\/uno-studio-sulle-patologie-della-politica-e-tre-campagne-per-scuotere-il-palazzo\/"},"author":{"name":"Redazione Italia","@id":"https:\/\/www.pressenza.com\/it\/#\/schema\/person\/d983e81827ae24f2c7b1a2123d197f8d"},"headline":"Uno studio sulle patologie della politica e tre campagne per scuotere il palazzo","datePublished":"2022-02-21T16:46:30+00:00","mainEntityOfPage":{"@id":"https:\/\/www.pressenza.com\/it\/2022\/02\/uno-studio-sulle-patologie-della-politica-e-tre-campagne-per-scuotere-il-palazzo\/"},"wordCount":532,"publisher":{"@id":"https:\/\/www.pressenza.com\/it\/#organization"},"image":{"@id":"https:\/\/www.pressenza.com\/it\/2022\/02\/uno-studio-sulle-patologie-della-politica-e-tre-campagne-per-scuotere-il-palazzo\/#primaryimage"},"thumbnailUrl":"https:\/\/www.pressenza.com\/wp-content\/uploads\/2022\/02\/20220219_131327-1.jpg","keywords":["legge elettorale","patologie della politica","politica italiana"],"articleSection":["Comunicati Stampa","Diritti Umani","Educazione","Politica","Questioni internazionali"],"inLanguage":"it-IT"},{"@type":"WebPage","@id":"https:\/\/www.pressenza.com\/it\/2022\/02\/uno-studio-sulle-patologie-della-politica-e-tre-campagne-per-scuotere-il-palazzo\/","url":"https:\/\/www.pressenza.com\/it\/2022\/02\/uno-studio-sulle-patologie-della-politica-e-tre-campagne-per-scuotere-il-palazzo\/","name":"Uno studio sulle patologie della politica e tre campagne per scuotere il palazzo","isPartOf":{"@id":"https:\/\/www.pressenza.com\/it\/#website"},"primaryImageOfPage":{"@id":"https:\/\/www.pressenza.com\/it\/2022\/02\/uno-studio-sulle-patologie-della-politica-e-tre-campagne-per-scuotere-il-palazzo\/#primaryimage"},"image":{"@id":"https:\/\/www.pressenza.com\/it\/2022\/02\/uno-studio-sulle-patologie-della-politica-e-tre-campagne-per-scuotere-il-palazzo\/#primaryimage"},"thumbnailUrl":"https:\/\/www.pressenza.com\/wp-content\/uploads\/2022\/02\/20220219_131327-1.jpg","datePublished":"2022-02-21T16:46:30+00:00","description":"Marted\u00ec 22 febbraio alle ore 21, il gruppo promotore della Rete per la politicit\u00e0 sociale presenter\u00e0 online l\u2019appello con cui si invitano persone,","breadcrumb":{"@id":"https:\/\/www.pressenza.com\/it\/2022\/02\/uno-studio-sulle-patologie-della-politica-e-tre-campagne-per-scuotere-il-palazzo\/#breadcrumb"},"inLanguage":"it-IT","potentialAction":[{"@type":"ReadAction","target":["https:\/\/www.pressenza.com\/it\/2022\/02\/uno-studio-sulle-patologie-della-politica-e-tre-campagne-per-scuotere-il-palazzo\/"]}]},{"@type":"ImageObject","inLanguage":"it-IT","@id":"https:\/\/www.pressenza.com\/it\/2022\/02\/uno-studio-sulle-patologie-della-politica-e-tre-campagne-per-scuotere-il-palazzo\/#primaryimage","url":"https:\/\/www.pressenza.com\/wp-content\/uploads\/2022\/02\/20220219_131327-1.jpg","contentUrl":"https:\/\/www.pressenza.com\/wp-content\/uploads\/2022\/02\/20220219_131327-1.jpg","width":1440,"height":1920,"caption":"\u00a9 Heidi Meinzolt"},{"@type":"BreadcrumbList","@id":"https:\/\/www.pressenza.com\/it\/2022\/02\/uno-studio-sulle-patologie-della-politica-e-tre-campagne-per-scuotere-il-palazzo\/#breadcrumb","itemListElement":[{"@type":"ListItem","position":1,"name":"Accueil","item":"https:\/\/www.pressenza.com\/it\/"},{"@type":"ListItem","position":2,"name":"Uno studio sulle patologie della politica e tre campagne per scuotere il palazzo"}]},{"@type":"WebSite","@id":"https:\/\/www.pressenza.com\/it\/#website","url":"https:\/\/www.pressenza.com\/it\/","name":"Pressenza","description":"Agenzia di Stampa Internazionale","publisher":{"@id":"https:\/\/www.pressenza.com\/it\/#organization"},"potentialAction":[{"@type":"SearchAction","target":{"@type":"EntryPoint","urlTemplate":"https:\/\/www.pressenza.com\/it\/?s={search_term_string}"},"query-input":{"@type":"PropertyValueSpecification","valueRequired":true,"valueName":"search_term_string"}}],"inLanguage":"it-IT"},{"@type":"Organization","@id":"https:\/\/www.pressenza.com\/it\/#organization","name":"Pressenza","url":"https:\/\/www.pressenza.com\/it\/","logo":{"@type":"ImageObject","inLanguage":"it-IT","@id":"https:\/\/www.pressenza.com\/it\/#\/schema\/logo\/image\/","url":"https:\/\/www.pressenza.com\/wp-content\/uploads\/2022\/10\/pressenza_logo_200x200.jpg","contentUrl":"https:\/\/www.pressenza.com\/wp-content\/uploads\/2022\/10\/pressenza_logo_200x200.jpg","width":200,"height":200,"caption":"Pressenza"},"image":{"@id":"https:\/\/www.pressenza.com\/it\/#\/schema\/logo\/image\/"},"sameAs":["https:\/\/www.facebook.com\/PressenzaItalia","https:\/\/x.com\/PressenzaIPA"]},{"@type":"Person","@id":"https:\/\/www.pressenza.com\/it\/#\/schema\/person\/d983e81827ae24f2c7b1a2123d197f8d","name":"Redazione Italia","description":"News from the Pressenza Bureau in Italy","sameAs":["https:\/\/www.pressenza.com\/it\/author\/redazione-italia\/","https:\/\/www.facebook.com\/PressenzaItalia","https:\/\/www.instagram.com\/pressenza_italia\/","https:\/\/x.com\/pressenza_it","https:\/\/www.youtube.com\/channel\/UCSalEIWjE1RSxkwjfftFuqg"],"url":"https:\/\/www.pressenza.com\/it\/author\/redazione-italia\/"}]}},"place":"","original_article_url":"","_links":{"self":[{"href":"https:\/\/www.pressenza.com\/it\/wp-json\/wp\/v2\/posts\/1525590","targetHints":{"allow":["GET"]}}],"collection":[{"href":"https:\/\/www.pressenza.com\/it\/wp-json\/wp\/v2\/posts"}],"about":[{"href":"https:\/\/www.pressenza.com\/it\/wp-json\/wp\/v2\/types\/post"}],"author":[{"embeddable":true,"href":"https:\/\/www.pressenza.com\/it\/wp-json\/wp\/v2\/users\/594"}],"replies":[{"embeddable":true,"href":"https:\/\/www.pressenza.com\/it\/wp-json\/wp\/v2\/comments?post=1525590"}],"version-history":[{"count":0,"href":"https:\/\/www.pressenza.com\/it\/wp-json\/wp\/v2\/posts\/1525590\/revisions"}],"wp:featuredmedia":[{"embeddable":true,"href":"https:\/\/www.pressenza.com\/it\/wp-json\/wp\/v2\/media\/1525301"}],"wp:attachment":[{"href":"https:\/\/www.pressenza.com\/it\/wp-json\/wp\/v2\/media?parent=1525590"}],"wp:term":[{"taxonomy":"category","embeddable":true,"href":"https:\/\/www.pressenza.com\/it\/wp-json\/wp\/v2\/categories?post=1525590"},{"taxonomy":"post_tag","embeddable":true,"href":"https:\/\/www.pressenza.com\/it\/wp-json\/wp\/v2\/tags?post=1525590"}],"curies":[{"name":"wp","href":"https:\/\/api.w.org\/{rel}","templated":true}]}}