{"id":152087,"date":"2014-12-07T17:23:35","date_gmt":"2014-12-07T17:23:35","guid":{"rendered":"http:\/\/www.pressenza.com\/?p=152087"},"modified":"2014-12-07T17:33:39","modified_gmt":"2014-12-07T17:33:39","slug":"chi-trova-un-immigrato-trova-un-tesoro","status":"publish","type":"post","link":"https:\/\/www.pressenza.com\/it\/2014\/12\/chi-trova-un-immigrato-trova-un-tesoro\/","title":{"rendered":"Chi trova un immigrato trova un tesoro"},"content":{"rendered":"<p>Il recente scandalo di Roma che ha visto pezzi della destra neofascista ed esponenti di spicco del mondo politico farsi organizzazione criminale di stampo mafioso allo scopo di lucrare sulla pelle dei migranti ripropone non solo un problema di controllo della cosa pubblica ma rimette in discussione tutta la politica di gestione dei servizi pubblici.<\/p>\n<p>I rapporti che Carminati, Buzzi e Co. avevano stabilito con l\u2019amministrazione pubblica, e non solo a Roma, li vedevano coinvolti nella gestione di diversi servizi alla cittadinanza. Si andava dalla manutenzione del verde pubblico alla raccolta dei rifiuti, dai centri di accoglienza alla gestione dei campi rom fino alla pulizia degli ambienti ospedalieri.<br \/>\nOvviamente la cupola romana non si esauriva in quei contesti ma si estendeva in quelle pratiche tipicamente mafiose dell\u2019usura, del traffico di droga e del controllo del bene pubblico e in chiss\u00e0 quali altri loschi traffici.<\/p>\n<p>Il come tutto ci\u00f2 sia stato possibile non \u00e8 da ricercare esclusivamente nella facile permeabilit\u00e0 all\u2019illegalit\u00e0 di certi politici e amministratori o alle capacit\u00e0 estorsive di certi gruppi criminali ma deve ricondursi essenzialmente al modo in cui la politica ha voluto gestire la cosa pubblica.<br \/>\nSempre pi\u00f9 negli ultimi decenni, dalla sanit\u00e0 all\u2019istruzione, dai servizi ai disabili alla gestione dei beni essenziali (acqua pubblica in testa), la politica ha cercato, e quasi sempre ci \u00e8 riuscita, ad introdurre una gestione privatistica. In questi decenni, all\u2019insegna di logiche neoliberiste, si \u00e8 consegnato al privato, la gestione di molte di quelle competenze che costituiscono il mandato per\u00a0un\u2019amministrazione pubblica.<br \/>\nLa politica ha trasformato cos\u00ec l\u2019amministrazione della cosa pubblica in un semplice ente erogatore di capitale.<\/p>\n<p>Ci\u00f2 che l\u2019operazione della magistratura denominata \u201cTerra di mezzo\u201d ha evidenziato \u00e8 che in quei servizi che si rivolgevano ai migranti, cio\u00e8 in quella fascia di residenti pi\u00f9 emarginata, l\u2019insieme umano meno difeso e tutelato, la logica del profitto ha avuto ampi margini di manovra.<\/p>\n<p>Occuparsi dei migranti per la politica \u00e8 significato semplicemente affidare a qualche cooperativa la gestione della problematica. In qualche caso non si \u00e8 occupata nemmeno di verificare il grado di umanit\u00e0 come si \u00e8 visto con i Centri di Permanenza Temporanea, ex-CIE.<\/p>\n<p>Lo scandalo romano del <em>\u201cse fanno pi\u00f9 soldi co\u2019 l\u2019immigrati che co\u2019 er traffico de droga\u201d<\/em> non \u00e8 solo una questione di corruzione, non \u00e8 solo una questione di mafia, non \u00e8 solo una questione di criminalit\u00e0 e di commistione con alcuni esponenti politici ma \u00e8 invece e soprattutto una questione di direzione politica.<br \/>\nIl sistema Carminati \u2013 Buzzi (presumibilmente ancora in atto in altre realt\u00e0 non solo romane), da un lato non permette ad altre cooperative sane, quelle vere, di crescere o semplicemente di esistere. Quel sistema comporta non solo gravi inadempimenti sui servizi a scapito dei settori deboli e un danno ai contribuenti ma si aggiunge un abbattimento del costo del lavoro, la riduzione dell\u2019offerta lavorativa e la precarizzazione dei lavoratori. In ultimo il quasi monopolio a Roma nella gestione dell\u2019accoglienza ai rifugiati e dei campi rom si \u00e8\u00a0 modulato in maniera opportunistica agli interessi di quella parte politica che deve garantire la continuit\u00e0 e l\u2019aumento del profitto.<br \/>\nIn altre parole, la gestione di certi servizi pubblici da parte del privato produce necessariamente una commistione tra politica e interessi privati. Questo \u00e8 vero anche quando non c\u2019\u00e8 l\u2019illecito, quando non c\u2019\u00e8 la corruzione, anche quando chi vince gli appalti non sono personaggi come Buzzi e Carminati.<br \/>\nQuesto \u00e8 ci\u00f2 che deve capire il ministro Poletti\u00a0 quando s\u2019indigna per una campagna mediatica che l\u2019affiancava al malaffare romano. Il non aver preso mazzette lo pu\u00f2 salvare dall\u2019illegalit\u00e0 ma non lo salva dalla responsabilit\u00e0 di controllare i suoi soci quando era a capo della LegaCoop. Quella stessa responsabilit\u00e0 che hanno e che fingono di non avere le varie confederazioni di categoria. Se queste confederazioni occultano questa responsabilit\u00e0 \u00e8 semplicemente perch\u00e9 non possono negare, non possono evitare la commistione tra amministrazione pubblica e mondo degli affari. Essi la ritengono necessaria e vitale per la loro sopravvivenza.<\/p>\n<p>In questo senso l\u2019inchiesta \u201cTerra di mezzo\u201d deve far riflettere non solamente sui controlli nell\u2019affidamento degli appalti ma deve far riflettere sull\u2019eventualit\u00e0 di un cambio di rotta della politica. Oggi si deve ripensare tutta l\u2019idea di esternalizzazione dei servizi di competenza dell\u2019amministrazione pubblica. Si deve avviare un movimento d\u2019opinione che richieda che i servizi alla cittadinanza come la sanit\u00e0, l\u2019istruzione e la qualit\u00e0 della vita siano erogati direttamente dal pubblico e non pi\u00f9 da un privato, anche se questo \u00e8 rappresentato dal pi\u00f9 sano e giusto modo di fare impresa, quello della cooperativa.<\/p>\n<p>&nbsp;<\/p>\n","protected":false},"excerpt":{"rendered":"<p>Il recente scandalo di Roma che ha visto pezzi della destra neofascista ed esponenti di spicco del mondo politico farsi organizzazione criminale di stampo mafioso allo scopo di lucrare sulla pelle dei migranti ripropone non solo un problema di controllo&hellip;<\/p>\n","protected":false},"author":858,"featured_media":152088,"comment_status":"closed","ping_status":"open","sticky":false,"template":"","format":"standard","meta":{"footnotes":""},"categories":[11388,47,1261,162,55],"tags":[14677,14679,10026,14682,4395,786,1088,14681,370,14675,8306,14676,3353,3873,14678,1686,14680],"class_list":["post-152087","post","type-post","status-publish","format-standard","has-post-thumbnail","hentry","category-contenuti-originali","category-europa","category-diversita","category-opinioni","category-politica","tag-buzzi","tag-carminati","tag-comune-di-roma","tag-cooperativa-it","tag-corruzione","tag-economia-it","tag-immigrazione","tag-inchiesta","tag-italia","tag-mafia-capitale","tag-neoliberismo","tag-poletti","tag-politica-it","tag-roma","tag-scandalo","tag-servizio-pubblico","tag-terra-di-mezzo"],"yoast_head":"<!-- This site is optimized with the Yoast SEO plugin v27.1.1 - https:\/\/yoast.com\/product\/yoast-seo-wordpress\/ -->\n<title>Chi trova un immigrato trova un tesoro<\/title>\n<meta name=\"description\" content=\"Il recente scandalo di Roma, fatto di lucro sulla pelle dei migranti, rimette in discussione tutta la politica di gestione dei servizi pubblici\" \/>\n<meta name=\"robots\" content=\"index, follow, max-snippet:-1, max-image-preview:large, max-video-preview:-1\" \/>\n<link rel=\"canonical\" href=\"https:\/\/www.pressenza.com\/it\/2014\/12\/chi-trova-un-immigrato-trova-un-tesoro\/\" \/>\n<meta property=\"og:locale\" content=\"it_IT\" \/>\n<meta property=\"og:type\" content=\"article\" \/>\n<meta property=\"og:title\" content=\"Chi trova un immigrato trova un tesoro\" \/>\n<meta property=\"og:description\" content=\"Il recente scandalo di Roma, fatto di lucro sulla pelle dei migranti, rimette in discussione tutta la politica di gestione dei servizi pubblici\" \/>\n<meta property=\"og:url\" content=\"https:\/\/www.pressenza.com\/it\/2014\/12\/chi-trova-un-immigrato-trova-un-tesoro\/\" \/>\n<meta property=\"og:site_name\" content=\"Pressenza\" \/>\n<meta property=\"article:publisher\" content=\"https:\/\/www.facebook.com\/PressenzaItalia\" \/>\n<meta property=\"article:published_time\" content=\"2014-12-07T17:23:35+00:00\" \/>\n<meta property=\"article:modified_time\" content=\"2014-12-07T17:33:39+00:00\" \/>\n<meta property=\"og:image\" content=\"https:\/\/www.pressenza.com\/wp-content\/uploads\/2014\/12\/migranti-non-lasciateci-soli.jpg\" \/>\n\t<meta property=\"og:image:width\" content=\"750\" \/>\n\t<meta property=\"og:image:height\" content=\"415\" \/>\n\t<meta property=\"og:image:type\" content=\"image\/jpeg\" \/>\n<meta name=\"author\" content=\"Vito Correddu\" \/>\n<meta name=\"twitter:card\" content=\"summary_large_image\" \/>\n<meta name=\"twitter:creator\" content=\"@PressenzaIPA\" \/>\n<meta name=\"twitter:site\" content=\"@PressenzaIPA\" \/>\n<meta name=\"twitter:label1\" content=\"Scritto da\" \/>\n\t<meta name=\"twitter:data1\" content=\"Vito Correddu\" \/>\n\t<meta name=\"twitter:label2\" content=\"Tempo di lettura stimato\" \/>\n\t<meta name=\"twitter:data2\" content=\"4 minuti\" \/>\n<script type=\"application\/ld+json\" class=\"yoast-schema-graph\">{\"@context\":\"https:\/\/schema.org\",\"@graph\":[{\"@type\":\"Article\",\"@id\":\"https:\/\/www.pressenza.com\/it\/2014\/12\/chi-trova-un-immigrato-trova-un-tesoro\/#article\",\"isPartOf\":{\"@id\":\"https:\/\/www.pressenza.com\/it\/2014\/12\/chi-trova-un-immigrato-trova-un-tesoro\/\"},\"author\":{\"name\":\"Vito Correddu\",\"@id\":\"https:\/\/www.pressenza.com\/it\/#\/schema\/person\/6e1777862da0f7519f55e821ac1a39b3\"},\"headline\":\"Chi trova un immigrato trova un tesoro\",\"datePublished\":\"2014-12-07T17:23:35+00:00\",\"dateModified\":\"2014-12-07T17:33:39+00:00\",\"mainEntityOfPage\":{\"@id\":\"https:\/\/www.pressenza.com\/it\/2014\/12\/chi-trova-un-immigrato-trova-un-tesoro\/\"},\"wordCount\":766,\"publisher\":{\"@id\":\"https:\/\/www.pressenza.com\/it\/#organization\"},\"image\":{\"@id\":\"https:\/\/www.pressenza.com\/it\/2014\/12\/chi-trova-un-immigrato-trova-un-tesoro\/#primaryimage\"},\"thumbnailUrl\":\"https:\/\/www.pressenza.com\/wp-content\/uploads\/2014\/12\/migranti-non-lasciateci-soli.jpg\",\"keywords\":[\"Buzzi\",\"Carminati\",\"Comune di Roma\",\"cooperativa\",\"corruzione\",\"economia\",\"immigrazione\",\"inchiesta\",\"Italia\",\"Mafia Capitale\",\"neoliberismo\",\"Poletti\",\"politica\",\"Roma\",\"scandalo\",\"servizio pubblico\",\"Terra di mezzo\"],\"articleSection\":[\"contenuti originali\",\"Europa\",\"Non discriminazione\",\"Opinioni\",\"Politica\"],\"inLanguage\":\"it-IT\"},{\"@type\":\"WebPage\",\"@id\":\"https:\/\/www.pressenza.com\/it\/2014\/12\/chi-trova-un-immigrato-trova-un-tesoro\/\",\"url\":\"https:\/\/www.pressenza.com\/it\/2014\/12\/chi-trova-un-immigrato-trova-un-tesoro\/\",\"name\":\"Chi trova un immigrato trova un tesoro\",\"isPartOf\":{\"@id\":\"https:\/\/www.pressenza.com\/it\/#website\"},\"primaryImageOfPage\":{\"@id\":\"https:\/\/www.pressenza.com\/it\/2014\/12\/chi-trova-un-immigrato-trova-un-tesoro\/#primaryimage\"},\"image\":{\"@id\":\"https:\/\/www.pressenza.com\/it\/2014\/12\/chi-trova-un-immigrato-trova-un-tesoro\/#primaryimage\"},\"thumbnailUrl\":\"https:\/\/www.pressenza.com\/wp-content\/uploads\/2014\/12\/migranti-non-lasciateci-soli.jpg\",\"datePublished\":\"2014-12-07T17:23:35+00:00\",\"dateModified\":\"2014-12-07T17:33:39+00:00\",\"description\":\"Il recente scandalo di Roma, fatto di lucro sulla pelle dei migranti, rimette in discussione tutta la politica di gestione dei servizi pubblici\",\"breadcrumb\":{\"@id\":\"https:\/\/www.pressenza.com\/it\/2014\/12\/chi-trova-un-immigrato-trova-un-tesoro\/#breadcrumb\"},\"inLanguage\":\"it-IT\",\"potentialAction\":[{\"@type\":\"ReadAction\",\"target\":[\"https:\/\/www.pressenza.com\/it\/2014\/12\/chi-trova-un-immigrato-trova-un-tesoro\/\"]}]},{\"@type\":\"ImageObject\",\"inLanguage\":\"it-IT\",\"@id\":\"https:\/\/www.pressenza.com\/it\/2014\/12\/chi-trova-un-immigrato-trova-un-tesoro\/#primaryimage\",\"url\":\"https:\/\/www.pressenza.com\/wp-content\/uploads\/2014\/12\/migranti-non-lasciateci-soli.jpg\",\"contentUrl\":\"https:\/\/www.pressenza.com\/wp-content\/uploads\/2014\/12\/migranti-non-lasciateci-soli.jpg\",\"width\":750,\"height\":415,\"caption\":\"immigrati tesoro roma mafia capitale\"},{\"@type\":\"BreadcrumbList\",\"@id\":\"https:\/\/www.pressenza.com\/it\/2014\/12\/chi-trova-un-immigrato-trova-un-tesoro\/#breadcrumb\",\"itemListElement\":[{\"@type\":\"ListItem\",\"position\":1,\"name\":\"Accueil\",\"item\":\"https:\/\/www.pressenza.com\/it\/\"},{\"@type\":\"ListItem\",\"position\":2,\"name\":\"Chi trova un immigrato trova un tesoro\"}]},{\"@type\":\"WebSite\",\"@id\":\"https:\/\/www.pressenza.com\/it\/#website\",\"url\":\"https:\/\/www.pressenza.com\/it\/\",\"name\":\"Pressenza\",\"description\":\"Agenzia di Stampa Internazionale\",\"publisher\":{\"@id\":\"https:\/\/www.pressenza.com\/it\/#organization\"},\"potentialAction\":[{\"@type\":\"SearchAction\",\"target\":{\"@type\":\"EntryPoint\",\"urlTemplate\":\"https:\/\/www.pressenza.com\/it\/?s={search_term_string}\"},\"query-input\":{\"@type\":\"PropertyValueSpecification\",\"valueRequired\":true,\"valueName\":\"search_term_string\"}}],\"inLanguage\":\"it-IT\"},{\"@type\":\"Organization\",\"@id\":\"https:\/\/www.pressenza.com\/it\/#organization\",\"name\":\"Pressenza\",\"url\":\"https:\/\/www.pressenza.com\/it\/\",\"logo\":{\"@type\":\"ImageObject\",\"inLanguage\":\"it-IT\",\"@id\":\"https:\/\/www.pressenza.com\/it\/#\/schema\/logo\/image\/\",\"url\":\"https:\/\/www.pressenza.com\/wp-content\/uploads\/2022\/10\/pressenza_logo_200x200.jpg\",\"contentUrl\":\"https:\/\/www.pressenza.com\/wp-content\/uploads\/2022\/10\/pressenza_logo_200x200.jpg\",\"width\":200,\"height\":200,\"caption\":\"Pressenza\"},\"image\":{\"@id\":\"https:\/\/www.pressenza.com\/it\/#\/schema\/logo\/image\/\"},\"sameAs\":[\"https:\/\/www.facebook.com\/PressenzaItalia\",\"https:\/\/x.com\/PressenzaIPA\"]},{\"@type\":\"Person\",\"@id\":\"https:\/\/www.pressenza.com\/it\/#\/schema\/person\/6e1777862da0f7519f55e821ac1a39b3\",\"name\":\"Vito Correddu\",\"description\":\"Membro del Centro di Studi Umanisti \\\"Salvatore Puledda\\\"\",\"url\":\"https:\/\/www.pressenza.com\/it\/author\/vito-correddu\/\"}]}<\/script>\n<!-- \/ Yoast SEO plugin. -->","yoast_head_json":{"title":"Chi trova un immigrato trova un tesoro","description":"Il recente scandalo di Roma, fatto di lucro sulla pelle dei migranti, rimette in discussione tutta la politica di gestione dei servizi pubblici","robots":{"index":"index","follow":"follow","max-snippet":"max-snippet:-1","max-image-preview":"max-image-preview:large","max-video-preview":"max-video-preview:-1"},"canonical":"https:\/\/www.pressenza.com\/it\/2014\/12\/chi-trova-un-immigrato-trova-un-tesoro\/","og_locale":"it_IT","og_type":"article","og_title":"Chi trova un immigrato trova un tesoro","og_description":"Il recente scandalo di Roma, fatto di lucro sulla pelle dei migranti, rimette in discussione tutta la politica di gestione dei servizi pubblici","og_url":"https:\/\/www.pressenza.com\/it\/2014\/12\/chi-trova-un-immigrato-trova-un-tesoro\/","og_site_name":"Pressenza","article_publisher":"https:\/\/www.facebook.com\/PressenzaItalia","article_published_time":"2014-12-07T17:23:35+00:00","article_modified_time":"2014-12-07T17:33:39+00:00","og_image":[{"width":750,"height":415,"url":"https:\/\/www.pressenza.com\/wp-content\/uploads\/2014\/12\/migranti-non-lasciateci-soli.jpg","type":"image\/jpeg"}],"author":"Vito Correddu","twitter_card":"summary_large_image","twitter_creator":"@PressenzaIPA","twitter_site":"@PressenzaIPA","twitter_misc":{"Scritto da":"Vito Correddu","Tempo di lettura stimato":"4 minuti"},"schema":{"@context":"https:\/\/schema.org","@graph":[{"@type":"Article","@id":"https:\/\/www.pressenza.com\/it\/2014\/12\/chi-trova-un-immigrato-trova-un-tesoro\/#article","isPartOf":{"@id":"https:\/\/www.pressenza.com\/it\/2014\/12\/chi-trova-un-immigrato-trova-un-tesoro\/"},"author":{"name":"Vito Correddu","@id":"https:\/\/www.pressenza.com\/it\/#\/schema\/person\/6e1777862da0f7519f55e821ac1a39b3"},"headline":"Chi trova un immigrato trova un tesoro","datePublished":"2014-12-07T17:23:35+00:00","dateModified":"2014-12-07T17:33:39+00:00","mainEntityOfPage":{"@id":"https:\/\/www.pressenza.com\/it\/2014\/12\/chi-trova-un-immigrato-trova-un-tesoro\/"},"wordCount":766,"publisher":{"@id":"https:\/\/www.pressenza.com\/it\/#organization"},"image":{"@id":"https:\/\/www.pressenza.com\/it\/2014\/12\/chi-trova-un-immigrato-trova-un-tesoro\/#primaryimage"},"thumbnailUrl":"https:\/\/www.pressenza.com\/wp-content\/uploads\/2014\/12\/migranti-non-lasciateci-soli.jpg","keywords":["Buzzi","Carminati","Comune di Roma","cooperativa","corruzione","economia","immigrazione","inchiesta","Italia","Mafia Capitale","neoliberismo","Poletti","politica","Roma","scandalo","servizio pubblico","Terra di mezzo"],"articleSection":["contenuti originali","Europa","Non discriminazione","Opinioni","Politica"],"inLanguage":"it-IT"},{"@type":"WebPage","@id":"https:\/\/www.pressenza.com\/it\/2014\/12\/chi-trova-un-immigrato-trova-un-tesoro\/","url":"https:\/\/www.pressenza.com\/it\/2014\/12\/chi-trova-un-immigrato-trova-un-tesoro\/","name":"Chi trova un immigrato trova un tesoro","isPartOf":{"@id":"https:\/\/www.pressenza.com\/it\/#website"},"primaryImageOfPage":{"@id":"https:\/\/www.pressenza.com\/it\/2014\/12\/chi-trova-un-immigrato-trova-un-tesoro\/#primaryimage"},"image":{"@id":"https:\/\/www.pressenza.com\/it\/2014\/12\/chi-trova-un-immigrato-trova-un-tesoro\/#primaryimage"},"thumbnailUrl":"https:\/\/www.pressenza.com\/wp-content\/uploads\/2014\/12\/migranti-non-lasciateci-soli.jpg","datePublished":"2014-12-07T17:23:35+00:00","dateModified":"2014-12-07T17:33:39+00:00","description":"Il recente scandalo di Roma, fatto di lucro sulla pelle dei migranti, rimette in discussione tutta la politica di gestione dei servizi pubblici","breadcrumb":{"@id":"https:\/\/www.pressenza.com\/it\/2014\/12\/chi-trova-un-immigrato-trova-un-tesoro\/#breadcrumb"},"inLanguage":"it-IT","potentialAction":[{"@type":"ReadAction","target":["https:\/\/www.pressenza.com\/it\/2014\/12\/chi-trova-un-immigrato-trova-un-tesoro\/"]}]},{"@type":"ImageObject","inLanguage":"it-IT","@id":"https:\/\/www.pressenza.com\/it\/2014\/12\/chi-trova-un-immigrato-trova-un-tesoro\/#primaryimage","url":"https:\/\/www.pressenza.com\/wp-content\/uploads\/2014\/12\/migranti-non-lasciateci-soli.jpg","contentUrl":"https:\/\/www.pressenza.com\/wp-content\/uploads\/2014\/12\/migranti-non-lasciateci-soli.jpg","width":750,"height":415,"caption":"immigrati tesoro roma mafia capitale"},{"@type":"BreadcrumbList","@id":"https:\/\/www.pressenza.com\/it\/2014\/12\/chi-trova-un-immigrato-trova-un-tesoro\/#breadcrumb","itemListElement":[{"@type":"ListItem","position":1,"name":"Accueil","item":"https:\/\/www.pressenza.com\/it\/"},{"@type":"ListItem","position":2,"name":"Chi trova un immigrato trova un tesoro"}]},{"@type":"WebSite","@id":"https:\/\/www.pressenza.com\/it\/#website","url":"https:\/\/www.pressenza.com\/it\/","name":"Pressenza","description":"Agenzia di Stampa Internazionale","publisher":{"@id":"https:\/\/www.pressenza.com\/it\/#organization"},"potentialAction":[{"@type":"SearchAction","target":{"@type":"EntryPoint","urlTemplate":"https:\/\/www.pressenza.com\/it\/?s={search_term_string}"},"query-input":{"@type":"PropertyValueSpecification","valueRequired":true,"valueName":"search_term_string"}}],"inLanguage":"it-IT"},{"@type":"Organization","@id":"https:\/\/www.pressenza.com\/it\/#organization","name":"Pressenza","url":"https:\/\/www.pressenza.com\/it\/","logo":{"@type":"ImageObject","inLanguage":"it-IT","@id":"https:\/\/www.pressenza.com\/it\/#\/schema\/logo\/image\/","url":"https:\/\/www.pressenza.com\/wp-content\/uploads\/2022\/10\/pressenza_logo_200x200.jpg","contentUrl":"https:\/\/www.pressenza.com\/wp-content\/uploads\/2022\/10\/pressenza_logo_200x200.jpg","width":200,"height":200,"caption":"Pressenza"},"image":{"@id":"https:\/\/www.pressenza.com\/it\/#\/schema\/logo\/image\/"},"sameAs":["https:\/\/www.facebook.com\/PressenzaItalia","https:\/\/x.com\/PressenzaIPA"]},{"@type":"Person","@id":"https:\/\/www.pressenza.com\/it\/#\/schema\/person\/6e1777862da0f7519f55e821ac1a39b3","name":"Vito Correddu","description":"Membro del Centro di Studi Umanisti \"Salvatore Puledda\"","url":"https:\/\/www.pressenza.com\/it\/author\/vito-correddu\/"}]}},"place":"","original_article_url":"","_links":{"self":[{"href":"https:\/\/www.pressenza.com\/it\/wp-json\/wp\/v2\/posts\/152087","targetHints":{"allow":["GET"]}}],"collection":[{"href":"https:\/\/www.pressenza.com\/it\/wp-json\/wp\/v2\/posts"}],"about":[{"href":"https:\/\/www.pressenza.com\/it\/wp-json\/wp\/v2\/types\/post"}],"author":[{"embeddable":true,"href":"https:\/\/www.pressenza.com\/it\/wp-json\/wp\/v2\/users\/858"}],"replies":[{"embeddable":true,"href":"https:\/\/www.pressenza.com\/it\/wp-json\/wp\/v2\/comments?post=152087"}],"version-history":[{"count":0,"href":"https:\/\/www.pressenza.com\/it\/wp-json\/wp\/v2\/posts\/152087\/revisions"}],"wp:featuredmedia":[{"embeddable":true,"href":"https:\/\/www.pressenza.com\/it\/wp-json\/wp\/v2\/media\/152088"}],"wp:attachment":[{"href":"https:\/\/www.pressenza.com\/it\/wp-json\/wp\/v2\/media?parent=152087"}],"wp:term":[{"taxonomy":"category","embeddable":true,"href":"https:\/\/www.pressenza.com\/it\/wp-json\/wp\/v2\/categories?post=152087"},{"taxonomy":"post_tag","embeddable":true,"href":"https:\/\/www.pressenza.com\/it\/wp-json\/wp\/v2\/tags?post=152087"}],"curies":[{"name":"wp","href":"https:\/\/api.w.org\/{rel}","templated":true}]}}