{"id":1520808,"date":"2022-02-14T08:24:23","date_gmt":"2022-02-14T08:24:23","guid":{"rendered":"https:\/\/www.pressenza.com\/?p=1520808"},"modified":"2022-02-14T08:24:23","modified_gmt":"2022-02-14T08:24:23","slug":"se-vuoi-la-pace-prepara-la-pace-in-ucraina-e-nel-mondo-intero","status":"publish","type":"post","link":"https:\/\/www.pressenza.com\/it\/2022\/02\/se-vuoi-la-pace-prepara-la-pace-in-ucraina-e-nel-mondo-intero\/","title":{"rendered":"Se vuoi la pace, prepara la pace. In Ucraina e nel mondo intero."},"content":{"rendered":"<p>Scrive il Movimento Pacifista Ucraino: \u201cLe persone del nostro Paese e dell\u2019intero pianeta sono in pericolo mortale a causa dello scontro nucleare tra le civilt\u00e0 dell\u2019Est e dell\u2019Ovest.<br \/>\nDobbiamo fermare l\u2019accumulo di truppe, l\u2019accumulo di armi e equipaggiamento militare in Ucraina e dintorni, il folle lancio di denaro dei contribuenti nella fornace della macchina da guerra invece di risolvere gravi problemi socioeconomici e ambientali.<br \/>\nDobbiamo smettere di assecondare i capricci crudeli dei comandanti militari e degli oligarchi che traggono profitto dallo spargimento di sangue.<br \/>\nChiediamo la riduzione e il disarmo globali, lo scioglimento delle alleanze militari, l\u2019eliminazione degli eserciti e dei confini che dividono le persone\u2026 di sancire la neutralit\u00e0 del nostro Paese con la Costituzione dell\u2019Ucraina; La guerra \u00e8 un crimine contro l\u2019umanit\u00e0. Pertanto, siamo determinati a non sostenere alcun tipo di guerra e a lottare per l\u2019eliminazione di tutte le cause di guerra\u201d.<br \/>\nPax Christi Italia  fa proprio  questo appello del Movimento Pacifista Ucraino.<br \/>\nSono voci che si levano da una terra divisa e contesa. Terra di sofferenza, che rischia di essere luogo di scontro tra potenti dove a pagare, come sempre, sono le persone.<br \/>\nPer questo chiediamo all\u2019Italia di essere fedele alla propria Costituzione che \u2018ripudia la guerra\u2019, e non far prevalere \u2018fedelt\u00e0 ad alleanze atlantiche\u201d come la Nato.<br \/>\nSappiamo bene che sono in gioco enormi interessi.<br \/>\nProprio per questo vogliamo ribadire con ancor pi\u00f9 fermezza il nostro no alla guerra: \u2018alienum est a ratione\u2019 ( Enc.\u2018Pacem in Terris\u2019).<br \/>\nE\u2019 il tempo della politica vera, del buon senso e del rispetto dei valori umani fondamentali.<br \/>\n\u201cLa guerra \u00e8 la negazione di tutti i diritti\u201d (papa Francesco).<br \/>\nAssistiamo invece a contrapposizioni provocatorie, dichiarazioni e iniziative \u2018muscolari\u2019; quasi a cercare \u2018l\u2019incidente\u2019 che potrebbe fare da scintilla per il detonatore del conflitto.<br \/>\nAssistiamo ad una folle corsa al riarmo, che non ha conosciuto tregua neanche in questi anni di pandemia. Anzi le spese militari sono aumentate!  E in questo delirio di spese per armamenti \u00e8 coinvolta direttamente anche l\u2019Italia.<br \/>\n\u00c8 forse dall\u2019epoca della crisi dei missili a Cuba che il rischio di un nuovo conflitto globale non \u00e8 stato cos\u00ec palpabile. \u00c8 un rischio denunciato la settimana scorsa dall\u2019allarmante \u201c100 secondi a mezzanotte\u201d dell\u2019Orologio dell\u2019Apocalisse del Bulletin of Atomic Scientist.<br \/>\nPax Christi Italia unisce la propria voce e il proprio impegno a quello di tante donne e uomini,  associazioni, movimenti, italiani, europei e del mondo intero.<br \/>\nChiediamo al nostro Governo e all\u2019Europa tutta di prendere iniziative urgenti e significative con una posizione di neutralit\u00e0 attiva, per ottenere una de-escalation immediata della tensione e avviare la ricerca di un accordo politico negoziato nel rispetto della sicurezza e dei diritti di tutte le popolazioni coinvolte, chiarendo la propria indisponibilit\u00e0 a sostenere avventure militari.<br \/>\nA tutti i Paesi coinvolti diciamo: fermatevi!<br \/>\nL\u2019ONU abbia la centralit\u00e0 nella gestione della crisi applicando finalmente la propria Carta Costitutiva in tutti i suoi articoli.<br \/>\nAlle comunit\u00e0 dei credenti rinnoviamo l\u2019invito alla preghiera incessante per la pace, come abbiamo gi\u00e0 fatto lo scorso 26 gennaio.<br \/>\nInsieme alla preghiera, vogliamo condividere il cammino comune per essere \u2018artigiani di pace\u2019 denunciando senza mezzi termini la corsa al riarmo. E guardando all\u2019incontro di vescovi e sindaci del Mediterraneo a Firenze il 26-27 febbraio p.v., che vedr\u00e0 anche la presenza di papa Francesco, ricordiamo le sue parole, nel precedente incontro a Bari, il 23 febbraio 2020:  \u201cLa guerra \u00e8 un\u2019autentica follia\u2026 Non c\u2019\u00e8 alcuna alternativa sensata alla pace\u2026 quando nei convegni internazionali, nelle riunioni, tanti Paesi parlano di pace e poi vendono le armi ai Paesi che sono in guerra. Questo si chiama la grande ipocrisia.\u201d.<br \/>\nCome abbiamo ripetuto in tante occasioni:  \u201crifiutiamo la guerra, gridiamo la speranza\u201d.  Pax Christi Italia                                                                                                                      <\/p>\n","protected":false},"excerpt":{"rendered":"<p>Scrive il Movimento Pacifista Ucraino: \u201cLe persone del nostro Paese e dell\u2019intero pianeta sono in pericolo mortale a causa dello scontro nucleare tra le civilt\u00e0 dell\u2019Est e dell\u2019Ovest. Dobbiamo fermare l\u2019accumulo di truppe, l\u2019accumulo di armi e equipaggiamento militare in&hellip;<\/p>\n","protected":false},"author":1491,"featured_media":1520467,"comment_status":"closed","ping_status":"closed","sticky":false,"template":"","format":"standard","meta":{"footnotes":""},"categories":[150,47,1263],"tags":[6658,8514,99257],"class_list":["post-1520808","post","type-post","status-publish","format-standard","has-post-thumbnail","hentry","category-comunicati-stampa","category-europa","category-pace-disarmo","tag-pax-christi","tag-ucraina","tag-usa-urss"],"yoast_head":"<!-- This site is optimized with the Yoast SEO plugin v27.1.1 - https:\/\/yoast.com\/product\/yoast-seo-wordpress\/ -->\n<title>Se vuoi la pace, prepara la pace. In Ucraina e nel mondo intero.<\/title>\n<meta name=\"description\" content=\"Scrive il Movimento Pacifista Ucraino: \u201cLe persone del nostro Paese e dell\u2019intero pianeta sono in pericolo mortale a causa dello scontro nucleare tra le\" \/>\n<meta name=\"robots\" content=\"index, follow, max-snippet:-1, max-image-preview:large, max-video-preview:-1\" \/>\n<link rel=\"canonical\" href=\"https:\/\/www.pressenza.com\/it\/2022\/02\/se-vuoi-la-pace-prepara-la-pace-in-ucraina-e-nel-mondo-intero\/\" \/>\n<meta property=\"og:locale\" content=\"it_IT\" \/>\n<meta property=\"og:type\" content=\"article\" \/>\n<meta property=\"og:title\" content=\"Se vuoi la pace, prepara la pace. In Ucraina e nel mondo intero.\" \/>\n<meta property=\"og:description\" content=\"Scrive il Movimento Pacifista Ucraino: \u201cLe persone del nostro Paese e dell\u2019intero pianeta sono in pericolo mortale a causa dello scontro nucleare tra le\" \/>\n<meta property=\"og:url\" content=\"https:\/\/www.pressenza.com\/it\/2022\/02\/se-vuoi-la-pace-prepara-la-pace-in-ucraina-e-nel-mondo-intero\/\" \/>\n<meta property=\"og:site_name\" content=\"Pressenza\" \/>\n<meta property=\"article:publisher\" content=\"https:\/\/www.facebook.com\/PressenzaItalia\" \/>\n<meta property=\"article:published_time\" content=\"2022-02-14T08:24:23+00:00\" \/>\n<meta property=\"og:image\" content=\"https:\/\/www.pressenza.com\/wp-content\/uploads\/2022\/02\/20220212AgiteUcraina10.jpg\" \/>\n\t<meta property=\"og:image:width\" content=\"1000\" \/>\n\t<meta property=\"og:image:height\" content=\"750\" \/>\n\t<meta property=\"og:image:type\" content=\"image\/jpeg\" \/>\n<meta name=\"author\" content=\"Pax Christi Italia\" \/>\n<meta name=\"twitter:card\" content=\"summary_large_image\" \/>\n<meta name=\"twitter:creator\" content=\"@PressenzaIPA\" \/>\n<meta name=\"twitter:site\" content=\"@PressenzaIPA\" \/>\n<meta name=\"twitter:label1\" content=\"Scritto da\" \/>\n\t<meta name=\"twitter:data1\" content=\"Pax Christi Italia\" \/>\n\t<meta name=\"twitter:label2\" content=\"Tempo di lettura stimato\" \/>\n\t<meta name=\"twitter:data2\" content=\"3 minuti\" \/>\n<script type=\"application\/ld+json\" class=\"yoast-schema-graph\">{\"@context\":\"https:\/\/schema.org\",\"@graph\":[{\"@type\":\"Article\",\"@id\":\"https:\/\/www.pressenza.com\/it\/2022\/02\/se-vuoi-la-pace-prepara-la-pace-in-ucraina-e-nel-mondo-intero\/#article\",\"isPartOf\":{\"@id\":\"https:\/\/www.pressenza.com\/it\/2022\/02\/se-vuoi-la-pace-prepara-la-pace-in-ucraina-e-nel-mondo-intero\/\"},\"author\":{\"name\":\"Pax Christi Italia\",\"@id\":\"https:\/\/www.pressenza.com\/it\/#\/schema\/person\/eda89b3373a8285925ed73c3d193be97\"},\"headline\":\"Se vuoi la pace, prepara la pace. In Ucraina e nel mondo intero.\",\"datePublished\":\"2022-02-14T08:24:23+00:00\",\"mainEntityOfPage\":{\"@id\":\"https:\/\/www.pressenza.com\/it\/2022\/02\/se-vuoi-la-pace-prepara-la-pace-in-ucraina-e-nel-mondo-intero\/\"},\"wordCount\":633,\"publisher\":{\"@id\":\"https:\/\/www.pressenza.com\/it\/#organization\"},\"image\":{\"@id\":\"https:\/\/www.pressenza.com\/it\/2022\/02\/se-vuoi-la-pace-prepara-la-pace-in-ucraina-e-nel-mondo-intero\/#primaryimage\"},\"thumbnailUrl\":\"https:\/\/www.pressenza.com\/wp-content\/uploads\/2022\/02\/20220212AgiteUcraina10.jpg\",\"keywords\":[\"Pax Christi\",\"Ucraina\",\"usa-urss\"],\"articleSection\":[\"Comunicati Stampa\",\"Europa\",\"Pace e Disarmo\"],\"inLanguage\":\"it-IT\"},{\"@type\":\"WebPage\",\"@id\":\"https:\/\/www.pressenza.com\/it\/2022\/02\/se-vuoi-la-pace-prepara-la-pace-in-ucraina-e-nel-mondo-intero\/\",\"url\":\"https:\/\/www.pressenza.com\/it\/2022\/02\/se-vuoi-la-pace-prepara-la-pace-in-ucraina-e-nel-mondo-intero\/\",\"name\":\"Se vuoi la pace, prepara la pace. In Ucraina e nel mondo intero.\",\"isPartOf\":{\"@id\":\"https:\/\/www.pressenza.com\/it\/#website\"},\"primaryImageOfPage\":{\"@id\":\"https:\/\/www.pressenza.com\/it\/2022\/02\/se-vuoi-la-pace-prepara-la-pace-in-ucraina-e-nel-mondo-intero\/#primaryimage\"},\"image\":{\"@id\":\"https:\/\/www.pressenza.com\/it\/2022\/02\/se-vuoi-la-pace-prepara-la-pace-in-ucraina-e-nel-mondo-intero\/#primaryimage\"},\"thumbnailUrl\":\"https:\/\/www.pressenza.com\/wp-content\/uploads\/2022\/02\/20220212AgiteUcraina10.jpg\",\"datePublished\":\"2022-02-14T08:24:23+00:00\",\"description\":\"Scrive il Movimento Pacifista Ucraino: \u201cLe persone del nostro Paese e dell\u2019intero pianeta sono in pericolo mortale a causa dello scontro nucleare tra le\",\"breadcrumb\":{\"@id\":\"https:\/\/www.pressenza.com\/it\/2022\/02\/se-vuoi-la-pace-prepara-la-pace-in-ucraina-e-nel-mondo-intero\/#breadcrumb\"},\"inLanguage\":\"it-IT\",\"potentialAction\":[{\"@type\":\"ReadAction\",\"target\":[\"https:\/\/www.pressenza.com\/it\/2022\/02\/se-vuoi-la-pace-prepara-la-pace-in-ucraina-e-nel-mondo-intero\/\"]}]},{\"@type\":\"ImageObject\",\"inLanguage\":\"it-IT\",\"@id\":\"https:\/\/www.pressenza.com\/it\/2022\/02\/se-vuoi-la-pace-prepara-la-pace-in-ucraina-e-nel-mondo-intero\/#primaryimage\",\"url\":\"https:\/\/www.pressenza.com\/wp-content\/uploads\/2022\/02\/20220212AgiteUcraina10.jpg\",\"contentUrl\":\"https:\/\/www.pressenza.com\/wp-content\/uploads\/2022\/02\/20220212AgiteUcraina10.jpg\",\"width\":1000,\"height\":750},{\"@type\":\"BreadcrumbList\",\"@id\":\"https:\/\/www.pressenza.com\/it\/2022\/02\/se-vuoi-la-pace-prepara-la-pace-in-ucraina-e-nel-mondo-intero\/#breadcrumb\",\"itemListElement\":[{\"@type\":\"ListItem\",\"position\":1,\"name\":\"Accueil\",\"item\":\"https:\/\/www.pressenza.com\/it\/\"},{\"@type\":\"ListItem\",\"position\":2,\"name\":\"Se vuoi la pace, prepara la pace. In Ucraina e nel mondo intero.\"}]},{\"@type\":\"WebSite\",\"@id\":\"https:\/\/www.pressenza.com\/it\/#website\",\"url\":\"https:\/\/www.pressenza.com\/it\/\",\"name\":\"Pressenza\",\"description\":\"Agenzia di Stampa Internazionale\",\"publisher\":{\"@id\":\"https:\/\/www.pressenza.com\/it\/#organization\"},\"potentialAction\":[{\"@type\":\"SearchAction\",\"target\":{\"@type\":\"EntryPoint\",\"urlTemplate\":\"https:\/\/www.pressenza.com\/it\/?s={search_term_string}\"},\"query-input\":{\"@type\":\"PropertyValueSpecification\",\"valueRequired\":true,\"valueName\":\"search_term_string\"}}],\"inLanguage\":\"it-IT\"},{\"@type\":\"Organization\",\"@id\":\"https:\/\/www.pressenza.com\/it\/#organization\",\"name\":\"Pressenza\",\"url\":\"https:\/\/www.pressenza.com\/it\/\",\"logo\":{\"@type\":\"ImageObject\",\"inLanguage\":\"it-IT\",\"@id\":\"https:\/\/www.pressenza.com\/it\/#\/schema\/logo\/image\/\",\"url\":\"https:\/\/www.pressenza.com\/wp-content\/uploads\/2022\/10\/pressenza_logo_200x200.jpg\",\"contentUrl\":\"https:\/\/www.pressenza.com\/wp-content\/uploads\/2022\/10\/pressenza_logo_200x200.jpg\",\"width\":200,\"height\":200,\"caption\":\"Pressenza\"},\"image\":{\"@id\":\"https:\/\/www.pressenza.com\/it\/#\/schema\/logo\/image\/\"},\"sameAs\":[\"https:\/\/www.facebook.com\/PressenzaItalia\",\"https:\/\/x.com\/PressenzaIPA\"]},{\"@type\":\"Person\",\"@id\":\"https:\/\/www.pressenza.com\/it\/#\/schema\/person\/eda89b3373a8285925ed73c3d193be97\",\"name\":\"Pax Christi Italia\",\"description\":\"http:\/\/www.paxchristi.it\",\"sameAs\":[\"http:\/\/www.paxchristi.it\/\"],\"url\":\"https:\/\/www.pressenza.com\/it\/author\/pax-christi-italia\/\"}]}<\/script>\n<!-- \/ Yoast SEO plugin. -->","yoast_head_json":{"title":"Se vuoi la pace, prepara la pace. In Ucraina e nel mondo intero.","description":"Scrive il Movimento Pacifista Ucraino: \u201cLe persone del nostro Paese e dell\u2019intero pianeta sono in pericolo mortale a causa dello scontro nucleare tra le","robots":{"index":"index","follow":"follow","max-snippet":"max-snippet:-1","max-image-preview":"max-image-preview:large","max-video-preview":"max-video-preview:-1"},"canonical":"https:\/\/www.pressenza.com\/it\/2022\/02\/se-vuoi-la-pace-prepara-la-pace-in-ucraina-e-nel-mondo-intero\/","og_locale":"it_IT","og_type":"article","og_title":"Se vuoi la pace, prepara la pace. In Ucraina e nel mondo intero.","og_description":"Scrive il Movimento Pacifista Ucraino: \u201cLe persone del nostro Paese e dell\u2019intero pianeta sono in pericolo mortale a causa dello scontro nucleare tra le","og_url":"https:\/\/www.pressenza.com\/it\/2022\/02\/se-vuoi-la-pace-prepara-la-pace-in-ucraina-e-nel-mondo-intero\/","og_site_name":"Pressenza","article_publisher":"https:\/\/www.facebook.com\/PressenzaItalia","article_published_time":"2022-02-14T08:24:23+00:00","og_image":[{"width":1000,"height":750,"url":"https:\/\/www.pressenza.com\/wp-content\/uploads\/2022\/02\/20220212AgiteUcraina10.jpg","type":"image\/jpeg"}],"author":"Pax Christi Italia","twitter_card":"summary_large_image","twitter_creator":"@PressenzaIPA","twitter_site":"@PressenzaIPA","twitter_misc":{"Scritto da":"Pax Christi Italia","Tempo di lettura stimato":"3 minuti"},"schema":{"@context":"https:\/\/schema.org","@graph":[{"@type":"Article","@id":"https:\/\/www.pressenza.com\/it\/2022\/02\/se-vuoi-la-pace-prepara-la-pace-in-ucraina-e-nel-mondo-intero\/#article","isPartOf":{"@id":"https:\/\/www.pressenza.com\/it\/2022\/02\/se-vuoi-la-pace-prepara-la-pace-in-ucraina-e-nel-mondo-intero\/"},"author":{"name":"Pax Christi Italia","@id":"https:\/\/www.pressenza.com\/it\/#\/schema\/person\/eda89b3373a8285925ed73c3d193be97"},"headline":"Se vuoi la pace, prepara la pace. In Ucraina e nel mondo intero.","datePublished":"2022-02-14T08:24:23+00:00","mainEntityOfPage":{"@id":"https:\/\/www.pressenza.com\/it\/2022\/02\/se-vuoi-la-pace-prepara-la-pace-in-ucraina-e-nel-mondo-intero\/"},"wordCount":633,"publisher":{"@id":"https:\/\/www.pressenza.com\/it\/#organization"},"image":{"@id":"https:\/\/www.pressenza.com\/it\/2022\/02\/se-vuoi-la-pace-prepara-la-pace-in-ucraina-e-nel-mondo-intero\/#primaryimage"},"thumbnailUrl":"https:\/\/www.pressenza.com\/wp-content\/uploads\/2022\/02\/20220212AgiteUcraina10.jpg","keywords":["Pax Christi","Ucraina","usa-urss"],"articleSection":["Comunicati Stampa","Europa","Pace e Disarmo"],"inLanguage":"it-IT"},{"@type":"WebPage","@id":"https:\/\/www.pressenza.com\/it\/2022\/02\/se-vuoi-la-pace-prepara-la-pace-in-ucraina-e-nel-mondo-intero\/","url":"https:\/\/www.pressenza.com\/it\/2022\/02\/se-vuoi-la-pace-prepara-la-pace-in-ucraina-e-nel-mondo-intero\/","name":"Se vuoi la pace, prepara la pace. In Ucraina e nel mondo intero.","isPartOf":{"@id":"https:\/\/www.pressenza.com\/it\/#website"},"primaryImageOfPage":{"@id":"https:\/\/www.pressenza.com\/it\/2022\/02\/se-vuoi-la-pace-prepara-la-pace-in-ucraina-e-nel-mondo-intero\/#primaryimage"},"image":{"@id":"https:\/\/www.pressenza.com\/it\/2022\/02\/se-vuoi-la-pace-prepara-la-pace-in-ucraina-e-nel-mondo-intero\/#primaryimage"},"thumbnailUrl":"https:\/\/www.pressenza.com\/wp-content\/uploads\/2022\/02\/20220212AgiteUcraina10.jpg","datePublished":"2022-02-14T08:24:23+00:00","description":"Scrive il Movimento Pacifista Ucraino: \u201cLe persone del nostro Paese e dell\u2019intero pianeta sono in pericolo mortale a causa dello scontro nucleare tra le","breadcrumb":{"@id":"https:\/\/www.pressenza.com\/it\/2022\/02\/se-vuoi-la-pace-prepara-la-pace-in-ucraina-e-nel-mondo-intero\/#breadcrumb"},"inLanguage":"it-IT","potentialAction":[{"@type":"ReadAction","target":["https:\/\/www.pressenza.com\/it\/2022\/02\/se-vuoi-la-pace-prepara-la-pace-in-ucraina-e-nel-mondo-intero\/"]}]},{"@type":"ImageObject","inLanguage":"it-IT","@id":"https:\/\/www.pressenza.com\/it\/2022\/02\/se-vuoi-la-pace-prepara-la-pace-in-ucraina-e-nel-mondo-intero\/#primaryimage","url":"https:\/\/www.pressenza.com\/wp-content\/uploads\/2022\/02\/20220212AgiteUcraina10.jpg","contentUrl":"https:\/\/www.pressenza.com\/wp-content\/uploads\/2022\/02\/20220212AgiteUcraina10.jpg","width":1000,"height":750},{"@type":"BreadcrumbList","@id":"https:\/\/www.pressenza.com\/it\/2022\/02\/se-vuoi-la-pace-prepara-la-pace-in-ucraina-e-nel-mondo-intero\/#breadcrumb","itemListElement":[{"@type":"ListItem","position":1,"name":"Accueil","item":"https:\/\/www.pressenza.com\/it\/"},{"@type":"ListItem","position":2,"name":"Se vuoi la pace, prepara la pace. In Ucraina e nel mondo intero."}]},{"@type":"WebSite","@id":"https:\/\/www.pressenza.com\/it\/#website","url":"https:\/\/www.pressenza.com\/it\/","name":"Pressenza","description":"Agenzia di Stampa Internazionale","publisher":{"@id":"https:\/\/www.pressenza.com\/it\/#organization"},"potentialAction":[{"@type":"SearchAction","target":{"@type":"EntryPoint","urlTemplate":"https:\/\/www.pressenza.com\/it\/?s={search_term_string}"},"query-input":{"@type":"PropertyValueSpecification","valueRequired":true,"valueName":"search_term_string"}}],"inLanguage":"it-IT"},{"@type":"Organization","@id":"https:\/\/www.pressenza.com\/it\/#organization","name":"Pressenza","url":"https:\/\/www.pressenza.com\/it\/","logo":{"@type":"ImageObject","inLanguage":"it-IT","@id":"https:\/\/www.pressenza.com\/it\/#\/schema\/logo\/image\/","url":"https:\/\/www.pressenza.com\/wp-content\/uploads\/2022\/10\/pressenza_logo_200x200.jpg","contentUrl":"https:\/\/www.pressenza.com\/wp-content\/uploads\/2022\/10\/pressenza_logo_200x200.jpg","width":200,"height":200,"caption":"Pressenza"},"image":{"@id":"https:\/\/www.pressenza.com\/it\/#\/schema\/logo\/image\/"},"sameAs":["https:\/\/www.facebook.com\/PressenzaItalia","https:\/\/x.com\/PressenzaIPA"]},{"@type":"Person","@id":"https:\/\/www.pressenza.com\/it\/#\/schema\/person\/eda89b3373a8285925ed73c3d193be97","name":"Pax Christi Italia","description":"http:\/\/www.paxchristi.it","sameAs":["http:\/\/www.paxchristi.it\/"],"url":"https:\/\/www.pressenza.com\/it\/author\/pax-christi-italia\/"}]}},"place":"","original_article_url":"","_links":{"self":[{"href":"https:\/\/www.pressenza.com\/it\/wp-json\/wp\/v2\/posts\/1520808","targetHints":{"allow":["GET"]}}],"collection":[{"href":"https:\/\/www.pressenza.com\/it\/wp-json\/wp\/v2\/posts"}],"about":[{"href":"https:\/\/www.pressenza.com\/it\/wp-json\/wp\/v2\/types\/post"}],"author":[{"embeddable":true,"href":"https:\/\/www.pressenza.com\/it\/wp-json\/wp\/v2\/users\/1491"}],"replies":[{"embeddable":true,"href":"https:\/\/www.pressenza.com\/it\/wp-json\/wp\/v2\/comments?post=1520808"}],"version-history":[{"count":0,"href":"https:\/\/www.pressenza.com\/it\/wp-json\/wp\/v2\/posts\/1520808\/revisions"}],"wp:featuredmedia":[{"embeddable":true,"href":"https:\/\/www.pressenza.com\/it\/wp-json\/wp\/v2\/media\/1520467"}],"wp:attachment":[{"href":"https:\/\/www.pressenza.com\/it\/wp-json\/wp\/v2\/media?parent=1520808"}],"wp:term":[{"taxonomy":"category","embeddable":true,"href":"https:\/\/www.pressenza.com\/it\/wp-json\/wp\/v2\/categories?post=1520808"},{"taxonomy":"post_tag","embeddable":true,"href":"https:\/\/www.pressenza.com\/it\/wp-json\/wp\/v2\/tags?post=1520808"}],"curies":[{"name":"wp","href":"https:\/\/api.w.org\/{rel}","templated":true}]}}